{"id":9965,"date":"2024-07-11T14:03:13","date_gmt":"2024-07-11T12:03:13","guid":{"rendered":"https:\/\/radiolitoral.com\/?p=9965"},"modified":"2024-07-11T14:03:13","modified_gmt":"2024-07-11T12:03:13","slug":"teulada-moraira-xarxa-mundial-de-ciutats-comunitats-amigables-persones-majors","status":"publish","type":"post","link":"https:\/\/radiolitoral.com\/ca\/2024\/07\/teulada-moraira-xarxa-mundial-de-ciutats-comunitats-amigables-persones-majors\/","title":{"rendered":"Teulada Moraira: nou membre de la Xarxa Mundial de Ciutats i Comunitats Amigables amb les Persones Majors de l&#039;OMS"},"content":{"rendered":"<p>Teulada Moraira ha estat reconeguda com a <strong>nou membre de la Xarxa Mundial de Ciutats i Comunitats Amigables amb les Persones Majors de l&#039;Organitzaci\u00f3 Mundial de la Salut (OMS)<\/strong>, seguint l&#039;exemple de D\u00e9nia. Aquest reconeixement destaca el comprom\u00eds del municipi per millorar la qualitat de vida de les persones majors, promovent un entorn accessible i inclusiu per a tots els residents.<\/p>\n<p>Per aix\u00f2, s&#039;ha elaborat un <strong>pla estrat\u00e8gic destinat a analitzar en profunditat la situaci\u00f3 actual del municipi<\/strong> i dissenyar les accions necess\u00e0ries basant-se en les necessitats de la poblaci\u00f3 major. Aquesta iniciativa cerca incorporar la perspectiva i opini\u00f3 de les persones majors en el disseny i planificaci\u00f3 de pol\u00edtiques p\u00fabliques, adaptant infraestructures i recursos per millorar els seus entorns i fomentar la inclusi\u00f3 i participaci\u00f3 activa.<\/p>\n<p><strong>Ver\u00f3nica Mart\u00ednez<\/strong>, regidora de Tercera Edat, va expressar la seva alegria per aquest assoliment: \u00abEstem molt satisfets amb aquest reconeixement. A Teulada Moraira, donem suport a les nostres persones majors i continuem interessats a promocionar diverses activitats, serveis i iniciatives saludables per al seu gaudi. Agra\u00efm a totes les persones i associacions que participaran en l&#039;elaboraci\u00f3 d&#039;aquest pla, ja que la comunicaci\u00f3 bidireccional \u00e9s essencial per a prendre decisions que reflecteixin fidelment la realitat. De fet, realitzam diverses taules participatives, de les quals sorgeixen idees com el curs de circuit training +55 implementat l&#039;any passat o les classes d&#039;inform\u00e0tica per a majors que comen\u00e7aran a finals d&#039;any.\u00bb<\/p>\n<p>L&#039;alcalde de Teulada Moraira, <strong>Ra\u00fal Llobell<\/strong>, tamb\u00e9 va subrayar la import\u00e0ncia d&#039;aquest reconeixement: \u00abEstem encantats que Teulada Moraira segueixi considerada un municipi amigable amb les persones majors. Aquest assoliment reflecteix l&#039;esfor\u00e7 col\u00b7lectiu per dissenyar i reorganitzar pol\u00edtiques, serveis i estructures a l&#039;entorn f\u00edsic i social, assegurant que les nostres persones majors gaudeixin de bona salut i continu\u00efn participant plenament a la societat. Agra\u00efm a tots els que han contribu\u00eft a fer aix\u00f2 possible i reafirmem el nostre comprom\u00eds de continuar treballant en benefici dels nostres majors.\u00bb<\/p>","protected":false},"excerpt":{"rendered":"<p>Teulada Moraira ha estat reconeguda com a nou membre de la Xarxa Mundial de Ciutats i Comunitats Amigables amb les Persones Majors de l&#8217;Organitzaci\u00f3 Mundial de la Salut (OMS), seguint l&#8217;exemple de D\u00e9nia. Aquest reconeixement destaca el comprom\u00eds del municipi per a millorar la qualitat de vida de les persones majors, promovent un entorn accessible [&#8230;]<\/p>\n<p><a class=\"btn btn-secondary understrap-read-more-link\" href=\"https:\/\/radiolitoral.com\/ca\/2024\/07\/teulada-moraira-xarxa-mundial-de-ciutats-comunitats-amigables-persones-majors\/\">Continua llegint&#8230;<span class=\"screen-reader-text\"> from Teulada Moraira: nou membre de la Xarxa Mundial de Ciutats i Comunitats Amigables amb les Persones Majors de l&#8217;OMS<\/span><\/a><\/p>\n","protected":false},"author":11,"featured_media":9027,"comment_status":"open","ping_status":"closed","sticky":false,"template":"","format":"standard","meta":{"_acf_changed":false,"inline_featured_image":false,"footnotes":""},"categories":[46],"tags":[1692,314,1693,195],"class_list":["post-9965","post","type-post","status-publish","format-standard","has-post-thumbnail","hentry","category-sociedad","tag-ciutat-amiga","tag-marina-alta","tag-mayores","tag-teulada-moraira","cobertura-teulada-moraira"],"acf":[],"yoast_head":"<!-- This site is optimized with the Yoast SEO plugin v27.5 - https:\/\/yoast.com\/product\/yoast-seo-wordpress\/ -->\n<title>Teulada Moraira: nou membre de la Xarxa Mundial de Ciutats i Comunitats Amigables amb les Persones Majors de l&#039;OMS | R\u00e0dio Litoral<\/title>\n<meta name=\"description\" content=\"L&#039;objectiu \u00e9s continuar avan\u00e7ant en la creaci\u00f3 d&#039;un municipi m\u00e9s amigable, inclusiu i accessible\" \/>\n<meta name=\"robots\" content=\"index, follow, max-snippet:-1, max-image-preview:large, max-video-preview:-1\" \/>\n<link rel=\"canonical\" href=\"https:\/\/radiolitoral.com\/ca\/2024\/07\/teulada-moraira-xarxa-mundial-de-ciutats-comunitats-amigables-persones-majors\/\" \/>\n<meta property=\"og:locale\" content=\"ca_ES\" \/>\n<meta property=\"og:type\" content=\"article\" \/>\n<meta property=\"og:title\" content=\"Teulada Moraira: nou membre de la Xarxa Mundial de Ciutats i Comunitats Amigables amb les Persones Majors de l&#039;OMS | R\u00e0dio Litoral\" \/>\n<meta property=\"og:description\" content=\"L&#039;objectiu \u00e9s continuar avan\u00e7ant en la creaci\u00f3 d&#039;un municipi m\u00e9s amigable, inclusiu i accessible\" \/>\n<meta property=\"og:url\" content=\"https:\/\/radiolitoral.com\/ca\/2024\/07\/teulada-moraira-xarxa-mundial-de-ciutats-comunitats-amigables-persones-majors\/\" \/>\n<meta property=\"og:site_name\" content=\"R\u00e0dio Litoral\" \/>\n<meta property=\"article:publisher\" content=\"https:\/\/www.facebook.com\/Laradiolitoral\/\" \/>\n<meta property=\"article:published_time\" content=\"2024-07-11T12:03:13+00:00\" \/>\n<meta property=\"og:image\" content=\"https:\/\/media.radiolitoral.com\/wp-content\/uploads\/2024\/05\/20104718\/Teulada-entorno-rural-2.-Teulada-Moraira-Turismo.jpg\" \/>\n\t<meta property=\"og:image:width\" content=\"1440\" \/>\n\t<meta property=\"og:image:height\" content=\"956\" \/>\n\t<meta property=\"og:image:type\" content=\"image\/jpeg\" \/>\n<meta name=\"author\" content=\"Redacci\u00f3n\" \/>\n<meta name=\"twitter:card\" content=\"summary_large_image\" \/>\n<meta name=\"twitter:label1\" content=\"Escrit per\" \/>\n\t<meta name=\"twitter:data1\" content=\"Redacci\u00f3n\" \/>\n\t<meta name=\"twitter:label2\" content=\"Temps estimat de lectura\" \/>\n\t<meta name=\"twitter:data2\" content=\"2 minuts\" \/>\n<script type=\"application\/ld+json\" class=\"yoast-schema-graph\">{\"@context\":\"https:\\\/\\\/schema.org\",\"@graph\":[{\"@type\":\"NewsArticle\",\"@id\":\"https:\\\/\\\/radiolitoral.com\\\/2024\\\/07\\\/teulada-moraira-xarxa-mundial-de-ciutats-comunitats-amigables-persones-majors\\\/#article\",\"isPartOf\":{\"@id\":\"https:\\\/\\\/radiolitoral.com\\\/2024\\\/07\\\/teulada-moraira-xarxa-mundial-de-ciutats-comunitats-amigables-persones-majors\\\/\"},\"author\":{\"name\":\"Redacci\u00f3n\",\"@id\":\"https:\\\/\\\/radiolitoral.com\\\/#\\\/schema\\\/person\\\/aaadc9e35663a92bd94a05f5816f296d\"},\"headline\":\"Teulada Moraira: nou membre de la Xarxa Mundial de Ciutats i Comunitats Amigables amb les Persones Majors de l&#8217;OMS\",\"datePublished\":\"2024-07-11T12:03:13+00:00\",\"mainEntityOfPage\":{\"@id\":\"https:\\\/\\\/radiolitoral.com\\\/2024\\\/07\\\/teulada-moraira-xarxa-mundial-de-ciutats-comunitats-amigables-persones-majors\\\/\"},\"wordCount\":377,\"commentCount\":0,\"publisher\":{\"@id\":\"https:\\\/\\\/radiolitoral.com\\\/#organization\"},\"image\":{\"@id\":\"https:\\\/\\\/radiolitoral.com\\\/2024\\\/07\\\/teulada-moraira-xarxa-mundial-de-ciutats-comunitats-amigables-persones-majors\\\/#primaryimage\"},\"thumbnailUrl\":\"https:\\\/\\\/media.radiolitoral.com\\\/wp-content\\\/uploads\\\/2024\\\/05\\\/20104718\\\/Teulada-entorno-rural-2.-Teulada-Moraira-Turismo.jpg\",\"keywords\":[\"ciutat amiga\",\"Marina Alta\",\"mayores\",\"Teulada-Moraira\"],\"articleSection\":[\"Sociedad\"],\"inLanguage\":\"ca\",\"potentialAction\":[{\"@type\":\"CommentAction\",\"name\":\"Comment\",\"target\":[\"https:\\\/\\\/radiolitoral.com\\\/2024\\\/07\\\/teulada-moraira-xarxa-mundial-de-ciutats-comunitats-amigables-persones-majors\\\/#respond\"]}]},{\"@type\":[\"WebPage\",\"ItemPage\"],\"@id\":\"https:\\\/\\\/radiolitoral.com\\\/2024\\\/07\\\/teulada-moraira-xarxa-mundial-de-ciutats-comunitats-amigables-persones-majors\\\/\",\"url\":\"https:\\\/\\\/radiolitoral.com\\\/2024\\\/07\\\/teulada-moraira-xarxa-mundial-de-ciutats-comunitats-amigables-persones-majors\\\/\",\"name\":\"Teulada Moraira: nou membre de la Xarxa Mundial de Ciutats i Comunitats Amigables amb les Persones Majors de l'OMS | R\u00e0dio Litoral\",\"isPartOf\":{\"@id\":\"https:\\\/\\\/radiolitoral.com\\\/#website\"},\"primaryImageOfPage\":{\"@id\":\"https:\\\/\\\/radiolitoral.com\\\/2024\\\/07\\\/teulada-moraira-xarxa-mundial-de-ciutats-comunitats-amigables-persones-majors\\\/#primaryimage\"},\"image\":{\"@id\":\"https:\\\/\\\/radiolitoral.com\\\/2024\\\/07\\\/teulada-moraira-xarxa-mundial-de-ciutats-comunitats-amigables-persones-majors\\\/#primaryimage\"},\"thumbnailUrl\":\"https:\\\/\\\/media.radiolitoral.com\\\/wp-content\\\/uploads\\\/2024\\\/05\\\/20104718\\\/Teulada-entorno-rural-2.-Teulada-Moraira-Turismo.jpg\",\"datePublished\":\"2024-07-11T12:03:13+00:00\",\"description\":\"L'objectiu \u00e9s continuar avan\u00e7ant en la creaci\u00f3 d'un municipi m\u00e9s amigable, inclusiu i accessible\",\"breadcrumb\":{\"@id\":\"https:\\\/\\\/radiolitoral.com\\\/2024\\\/07\\\/teulada-moraira-xarxa-mundial-de-ciutats-comunitats-amigables-persones-majors\\\/#breadcrumb\"},\"inLanguage\":\"ca\",\"potentialAction\":[{\"@type\":\"ReadAction\",\"target\":[\"https:\\\/\\\/radiolitoral.com\\\/2024\\\/07\\\/teulada-moraira-xarxa-mundial-de-ciutats-comunitats-amigables-persones-majors\\\/\"]}]},{\"@type\":\"ImageObject\",\"inLanguage\":\"ca\",\"@id\":\"https:\\\/\\\/radiolitoral.com\\\/2024\\\/07\\\/teulada-moraira-xarxa-mundial-de-ciutats-comunitats-amigables-persones-majors\\\/#primaryimage\",\"url\":\"https:\\\/\\\/media.radiolitoral.com\\\/wp-content\\\/uploads\\\/2024\\\/05\\\/20104718\\\/Teulada-entorno-rural-2.-Teulada-Moraira-Turismo.jpg\",\"contentUrl\":\"https:\\\/\\\/media.radiolitoral.com\\\/wp-content\\\/uploads\\\/2024\\\/05\\\/20104718\\\/Teulada-entorno-rural-2.-Teulada-Moraira-Turismo.jpg\",\"width\":1440,\"height\":956},{\"@type\":\"BreadcrumbList\",\"@id\":\"https:\\\/\\\/radiolitoral.com\\\/2024\\\/07\\\/teulada-moraira-xarxa-mundial-de-ciutats-comunitats-amigables-persones-majors\\\/#breadcrumb\",\"itemListElement\":[{\"@type\":\"ListItem\",\"position\":1,\"name\":\"Portada\",\"item\":\"https:\\\/\\\/radiolitoral.com\\\/\"},{\"@type\":\"ListItem\",\"position\":2,\"name\":\"Teulada Moraira: nou membre de la Xarxa Mundial de Ciutats i Comunitats Amigables amb les Persones Majors de l&#8217;OMS\"}]},{\"@type\":\"WebSite\",\"@id\":\"https:\\\/\\\/radiolitoral.com\\\/#website\",\"url\":\"https:\\\/\\\/radiolitoral.com\\\/\",\"name\":\"Radio Litoral\",\"description\":\"La radio local de la Marina Alta\",\"publisher\":{\"@id\":\"https:\\\/\\\/radiolitoral.com\\\/#organization\"},\"alternateName\":\"Litoral FM\",\"potentialAction\":[{\"@type\":\"SearchAction\",\"target\":{\"@type\":\"EntryPoint\",\"urlTemplate\":\"https:\\\/\\\/radiolitoral.com\\\/?s={search_term_string}\"},\"query-input\":{\"@type\":\"PropertyValueSpecification\",\"valueRequired\":true,\"valueName\":\"search_term_string\"}}],\"inLanguage\":\"ca\"},{\"@type\":\"Organization\",\"@id\":\"https:\\\/\\\/radiolitoral.com\\\/#organization\",\"name\":\"Radio Litoral\",\"url\":\"https:\\\/\\\/radiolitoral.com\\\/\",\"logo\":{\"@type\":\"ImageObject\",\"inLanguage\":\"ca\",\"@id\":\"https:\\\/\\\/radiolitoral.com\\\/#\\\/schema\\\/logo\\\/image\\\/\",\"url\":\"https:\\\/\\\/media.radiolitoral.com\\\/wp-content\\\/uploads\\\/2023\\\/02\\\/24143238\\\/CL-V-RadioLitoral696.png\",\"contentUrl\":\"https:\\\/\\\/media.radiolitoral.com\\\/wp-content\\\/uploads\\\/2023\\\/02\\\/24143238\\\/CL-V-RadioLitoral696.png\",\"width\":696,\"height\":696,\"caption\":\"Radio Litoral\"},\"image\":{\"@id\":\"https:\\\/\\\/radiolitoral.com\\\/#\\\/schema\\\/logo\\\/image\\\/\"},\"sameAs\":[\"https:\\\/\\\/www.facebook.com\\\/Laradiolitoral\\\/\"]},{\"@type\":\"Person\",\"@id\":\"https:\\\/\\\/radiolitoral.com\\\/#\\\/schema\\\/person\\\/aaadc9e35663a92bd94a05f5816f296d\",\"name\":\"Redacci\u00f3n\",\"image\":{\"@type\":\"ImageObject\",\"inLanguage\":\"ca\",\"@id\":\"https:\\\/\\\/secure.gravatar.com\\\/avatar\\\/e4e253cf49afb8c76a2aca487577f1ff5c098c82b3cf2b0a85f03f83dcb96c31?s=96&d=mm&r=g\",\"url\":\"https:\\\/\\\/secure.gravatar.com\\\/avatar\\\/e4e253cf49afb8c76a2aca487577f1ff5c098c82b3cf2b0a85f03f83dcb96c31?s=96&d=mm&r=g\",\"contentUrl\":\"https:\\\/\\\/secure.gravatar.com\\\/avatar\\\/e4e253cf49afb8c76a2aca487577f1ff5c098c82b3cf2b0a85f03f83dcb96c31?s=96&d=mm&r=g\",\"caption\":\"Redacci\u00f3n\"},\"url\":\"https:\\\/\\\/radiolitoral.com\\\/ca\\\/author\\\/alba-alborch\\\/\"}]}<\/script>\n<!-- \/ Yoast SEO plugin. -->","yoast_head_json":{"title":"Teulada Moraira: nou membre de la Xarxa Mundial de Ciutats i Comunitats Amigables amb les Persones Majors de l&#039;OMS | R\u00e0dio Litoral","description":"L&#039;objectiu \u00e9s continuar avan\u00e7ant en la creaci\u00f3 d&#039;un municipi m\u00e9s amigable, incl\u00f2s i accessible","robots":{"index":"index","follow":"follow","max-snippet":"max-snippet:-1","max-image-preview":"max-image-preview:large","max-video-preview":"max-video-preview:-1"},"canonical":"https:\/\/radiolitoral.com\/ca\/2024\/07\/teulada-moraira-xarxa-mundial-de-ciutats-comunitats-amigables-persones-majors\/","og_locale":"ca_ES","og_type":"article","og_title":"Teulada Moraira: nou membre de la Xarxa Mundial de Ciutats i Comunitats Amigables amb les Persones Majors de l'OMS | R\u00e0dio Litoral","og_description":"L'objectiu \u00e9s continuar avan\u00e7ant en la creaci\u00f3 d'un municipi m\u00e9s amigable, inclusiu i accessible","og_url":"https:\/\/radiolitoral.com\/ca\/2024\/07\/teulada-moraira-xarxa-mundial-de-ciutats-comunitats-amigables-persones-majors\/","og_site_name":"R\u00e0dio Litoral","article_publisher":"https:\/\/www.facebook.com\/Laradiolitoral\/","article_published_time":"2024-07-11T12:03:13+00:00","og_image":[{"width":1440,"height":956,"url":"https:\/\/media.radiolitoral.com\/wp-content\/uploads\/2024\/05\/20104718\/Teulada-entorno-rural-2.-Teulada-Moraira-Turismo.jpg","type":"image\/jpeg"}],"author":"Redacci\u00f3n","twitter_card":"summary_large_image","twitter_misc":{"Escrit per":"Redacci\u00f3n","Temps estimat de lectura":"2 minuts"},"schema":{"@context":"https:\/\/schema.org","@graph":[{"@type":"NewsArticle","@id":"https:\/\/radiolitoral.com\/2024\/07\/teulada-moraira-xarxa-mundial-de-ciutats-comunitats-amigables-persones-majors\/#article","isPartOf":{"@id":"https:\/\/radiolitoral.com\/2024\/07\/teulada-moraira-xarxa-mundial-de-ciutats-comunitats-amigables-persones-majors\/"},"author":{"name":"Redacci\u00f3n","@id":"https:\/\/radiolitoral.com\/#\/schema\/person\/aaadc9e35663a92bd94a05f5816f296d"},"headline":"Teulada Moraira: nou membre de la Xarxa Mundial de Ciutats i Comunitats Amigables amb les Persones Majors de l&#8217;OMS","datePublished":"2024-07-11T12:03:13+00:00","mainEntityOfPage":{"@id":"https:\/\/radiolitoral.com\/2024\/07\/teulada-moraira-xarxa-mundial-de-ciutats-comunitats-amigables-persones-majors\/"},"wordCount":377,"commentCount":0,"publisher":{"@id":"https:\/\/radiolitoral.com\/#organization"},"image":{"@id":"https:\/\/radiolitoral.com\/2024\/07\/teulada-moraira-xarxa-mundial-de-ciutats-comunitats-amigables-persones-majors\/#primaryimage"},"thumbnailUrl":"https:\/\/media.radiolitoral.com\/wp-content\/uploads\/2024\/05\/20104718\/Teulada-entorno-rural-2.-Teulada-Moraira-Turismo.jpg","keywords":["ciutat amiga","Marina Alta","mayores","Teulada-Moraira"],"articleSection":["Sociedad"],"inLanguage":"ca","potentialAction":[{"@type":"CommentAction","name":"Comment","target":["https:\/\/radiolitoral.com\/2024\/07\/teulada-moraira-xarxa-mundial-de-ciutats-comunitats-amigables-persones-majors\/#respond"]}]},{"@type":["WebPage","ItemPage"],"@id":"https:\/\/radiolitoral.com\/2024\/07\/teulada-moraira-xarxa-mundial-de-ciutats-comunitats-amigables-persones-majors\/","url":"https:\/\/radiolitoral.com\/2024\/07\/teulada-moraira-xarxa-mundial-de-ciutats-comunitats-amigables-persones-majors\/","name":"Teulada Moraira: nou membre de la Xarxa Mundial de Ciutats i Comunitats Amigables amb les Persones Majors de l&#039;OMS | R\u00e0dio Litoral","isPartOf":{"@id":"https:\/\/radiolitoral.com\/#website"},"primaryImageOfPage":{"@id":"https:\/\/radiolitoral.com\/2024\/07\/teulada-moraira-xarxa-mundial-de-ciutats-comunitats-amigables-persones-majors\/#primaryimage"},"image":{"@id":"https:\/\/radiolitoral.com\/2024\/07\/teulada-moraira-xarxa-mundial-de-ciutats-comunitats-amigables-persones-majors\/#primaryimage"},"thumbnailUrl":"https:\/\/media.radiolitoral.com\/wp-content\/uploads\/2024\/05\/20104718\/Teulada-entorno-rural-2.-Teulada-Moraira-Turismo.jpg","datePublished":"2024-07-11T12:03:13+00:00","description":"L&#039;objectiu \u00e9s continuar avan\u00e7ant en la creaci\u00f3 d&#039;un municipi m\u00e9s amigable, incl\u00f2s i accessible","breadcrumb":{"@id":"https:\/\/radiolitoral.com\/2024\/07\/teulada-moraira-xarxa-mundial-de-ciutats-comunitats-amigables-persones-majors\/#breadcrumb"},"inLanguage":"ca","potentialAction":[{"@type":"ReadAction","target":["https:\/\/radiolitoral.com\/2024\/07\/teulada-moraira-xarxa-mundial-de-ciutats-comunitats-amigables-persones-majors\/"]}]},{"@type":"ImageObject","inLanguage":"ca","@id":"https:\/\/radiolitoral.com\/2024\/07\/teulada-moraira-xarxa-mundial-de-ciutats-comunitats-amigables-persones-majors\/#primaryimage","url":"https:\/\/media.radiolitoral.com\/wp-content\/uploads\/2024\/05\/20104718\/Teulada-entorno-rural-2.-Teulada-Moraira-Turismo.jpg","contentUrl":"https:\/\/media.radiolitoral.com\/wp-content\/uploads\/2024\/05\/20104718\/Teulada-entorno-rural-2.-Teulada-Moraira-Turismo.jpg","width":1440,"height":956},{"@type":"BreadcrumbList","@id":"https:\/\/radiolitoral.com\/2024\/07\/teulada-moraira-xarxa-mundial-de-ciutats-comunitats-amigables-persones-majors\/#breadcrumb","itemListElement":[{"@type":"ListItem","position":1,"name":"Portada","item":"https:\/\/radiolitoral.com\/"},{"@type":"ListItem","position":2,"name":"Teulada Moraira: nou membre de la Xarxa Mundial de Ciutats i Comunitats Amigables amb les Persones Majors de l&#8217;OMS"}]},{"@type":"WebSite","@id":"https:\/\/radiolitoral.com\/#website","url":"https:\/\/radiolitoral.com\/","name":"R\u00e0dio Litoral","description":"La r\u00e0dio local de la Marina Alta","publisher":{"@id":"https:\/\/radiolitoral.com\/#organization"},"alternateName":"Litoral FM","potentialAction":[{"@type":"SearchAction","target":{"@type":"EntryPoint","urlTemplate":"https:\/\/radiolitoral.com\/?s={search_term_string}"},"query-input":{"@type":"PropertyValueSpecification","valueRequired":true,"valueName":"search_term_string"}}],"inLanguage":"ca"},{"@type":"Organization","@id":"https:\/\/radiolitoral.com\/#organization","name":"R\u00e0dio Litoral","url":"https:\/\/radiolitoral.com\/","logo":{"@type":"ImageObject","inLanguage":"ca","@id":"https:\/\/radiolitoral.com\/#\/schema\/logo\/image\/","url":"https:\/\/media.radiolitoral.com\/wp-content\/uploads\/2023\/02\/24143238\/CL-V-RadioLitoral696.png","contentUrl":"https:\/\/media.radiolitoral.com\/wp-content\/uploads\/2023\/02\/24143238\/CL-V-RadioLitoral696.png","width":696,"height":696,"caption":"Radio Litoral"},"image":{"@id":"https:\/\/radiolitoral.com\/#\/schema\/logo\/image\/"},"sameAs":["https:\/\/www.facebook.com\/Laradiolitoral\/"]},{"@type":"Person","@id":"https:\/\/radiolitoral.com\/#\/schema\/person\/aaadc9e35663a92bd94a05f5816f296d","name":"Redacci\u00f3","image":{"@type":"ImageObject","inLanguage":"ca","@id":"https:\/\/secure.gravatar.com\/avatar\/e4e253cf49afb8c76a2aca487577f1ff5c098c82b3cf2b0a85f03f83dcb96c31?s=96&d=mm&r=g","url":"https:\/\/secure.gravatar.com\/avatar\/e4e253cf49afb8c76a2aca487577f1ff5c098c82b3cf2b0a85f03f83dcb96c31?s=96&d=mm&r=g","contentUrl":"https:\/\/secure.gravatar.com\/avatar\/e4e253cf49afb8c76a2aca487577f1ff5c098c82b3cf2b0a85f03f83dcb96c31?s=96&d=mm&r=g","caption":"Redacci\u00f3n"},"url":"https:\/\/radiolitoral.com\/ca\/author\/alba-alborch\/"}]}},"_links":{"self":[{"href":"https:\/\/radiolitoral.com\/ca\/wp-json\/wp\/v2\/posts\/9965","targetHints":{"allow":["GET"]}}],"collection":[{"href":"https:\/\/radiolitoral.com\/ca\/wp-json\/wp\/v2\/posts"}],"about":[{"href":"https:\/\/radiolitoral.com\/ca\/wp-json\/wp\/v2\/types\/post"}],"author":[{"embeddable":true,"href":"https:\/\/radiolitoral.com\/ca\/wp-json\/wp\/v2\/users\/11"}],"replies":[{"embeddable":true,"href":"https:\/\/radiolitoral.com\/ca\/wp-json\/wp\/v2\/comments?post=9965"}],"version-history":[{"count":1,"href":"https:\/\/radiolitoral.com\/ca\/wp-json\/wp\/v2\/posts\/9965\/revisions"}],"predecessor-version":[{"id":9966,"href":"https:\/\/radiolitoral.com\/ca\/wp-json\/wp\/v2\/posts\/9965\/revisions\/9966"}],"wp:featuredmedia":[{"embeddable":true,"href":"https:\/\/radiolitoral.com\/ca\/wp-json\/wp\/v2\/media\/9027"}],"wp:attachment":[{"href":"https:\/\/radiolitoral.com\/ca\/wp-json\/wp\/v2\/media?parent=9965"}],"wp:term":[{"taxonomy":"category","embeddable":true,"href":"https:\/\/radiolitoral.com\/ca\/wp-json\/wp\/v2\/categories?post=9965"},{"taxonomy":"post_tag","embeddable":true,"href":"https:\/\/radiolitoral.com\/ca\/wp-json\/wp\/v2\/tags?post=9965"}],"curies":[{"name":"wp","href":"https:\/\/api.w.org\/{rel}","templated":true}]}}