{"id":9928,"date":"2024-07-18T09:47:44","date_gmt":"2024-07-18T07:47:44","guid":{"rendered":"https:\/\/radiolitoral.com\/?p=9928"},"modified":"2024-07-18T09:47:44","modified_gmt":"2024-07-18T07:47:44","slug":"aportacio-economica-a-la-lliga-comunitat-ffcv-una-empenta-per-als-clubs","status":"publish","type":"post","link":"https:\/\/radiolitoral.com\/ca\/2024\/07\/aportacio-economica-a-la-lliga-comunitat-ffcv-una-empenta-per-als-clubs\/","title":{"rendered":"Aportaci\u00f3 econ\u00f2mica a la Lliga Comunitat FFCV: Una empenta per als clubs"},"content":{"rendered":"<p>Cadascun dels 32 equips que prendran part a la <strong>Lliga \u00c0 Punt Comunitat\u00a0<span class=\"hiddenSpellError\">FFCV<\/span><\/strong>\u00a0percebran la quantitat de\u00a0<strong>5.000 \u20ac<\/strong>\u00a0en concepte d&#039;ajuda que li ser\u00e0 abonada a la compte comptable que cada club posseeix a la <strong>Federaci\u00f3 de Futbol de la Comunitat Valenciana<\/strong> el 31 de desembre de 2024, sempre que s&#039;hagin justificat les despeses en qu\u00e8 hagin incorregut amb anterioritat a aquesta data.<\/p>\n<p>Hauran de justificar les despeses de l&#039;import total de l&#039;ajuda mitjan\u00e7ant factures provinents de despeses de despla\u00e7ament, arbitratges, mutualitat, llic\u00e8ncies, contractes d&#039;entrenadors, contractes de t\u00e8cnics i lloguer d&#039;instal\u00b7lacions, amb el corresponent justificant de pagament, a m\u00e9s d&#039;aportar el certificat d&#039;Hisenda i de la Seguretat Social degudament actualitzat.<\/p>\n<figure id=\"attachment_9930\" aria-describedby=\"caption-attachment-9930\" style=\"width: 1646px\" class=\"wp-caption alignnone\"><img loading=\"lazy\" decoding=\"async\" class=\"wp-image-9930 size-full\" src=\"https:\/\/media.radiolitoral.com\/wp-content\/uploads\/2024\/07\/10112130\/Lliga-Comunitat-SUD-1.png\" alt=\"\" width=\"1646\" height=\"513\" srcset=\"https:\/\/media.radiolitoral.com\/wp-content\/uploads\/2024\/07\/10112130\/Lliga-Comunitat-SUD-1.png 1646w, https:\/\/media.radiolitoral.com\/wp-content\/uploads\/2024\/07\/10112130\/Lliga-Comunitat-SUD-1-300x93.png 300w, https:\/\/media.radiolitoral.com\/wp-content\/uploads\/2024\/07\/10112130\/Lliga-Comunitat-SUD-1-1024x319.png 1024w, https:\/\/media.radiolitoral.com\/wp-content\/uploads\/2024\/07\/10112130\/Lliga-Comunitat-SUD-1-768x239.png 768w, https:\/\/media.radiolitoral.com\/wp-content\/uploads\/2024\/07\/10112130\/Lliga-Comunitat-SUD-1-1536x479.png 1536w, https:\/\/media.radiolitoral.com\/wp-content\/uploads\/2024\/07\/10112130\/Lliga-Comunitat-SUD-1-18x6.png 18w, https:\/\/media.radiolitoral.com\/wp-content\/uploads\/2024\/07\/10112130\/Lliga-Comunitat-SUD-1-1000x312.png 1000w, https:\/\/media.radiolitoral.com\/wp-content\/uploads\/2024\/07\/10112130\/Lliga-Comunitat-SUD-1-100x31.png 100w, https:\/\/media.radiolitoral.com\/wp-content\/uploads\/2024\/07\/10112130\/Lliga-Comunitat-SUD-1-200x62.png 200w\" sizes=\"auto, (max-width: 1646px) 100vw, 1646px\" \/><figcaption id=\"caption-attachment-9930\" class=\"wp-caption-text\">Logo Lliga Comunitat Grup Sud | FFCV<\/figcaption><\/figure>\n<p>&nbsp;<\/p>\n<p>Una vegada aportada tota la documentaci\u00f3, per sol\u00b7licitar-ne el cobrament, hauran d&#039;aportar sol\u00b7licitud del club i certificat de titularitat banc\u00e0ria. En cas de no ser justificats els mateixos amb anterioritat a la data indicada, no ser\u00e0 abonada la referida subvenci\u00f3.<\/p>","protected":false},"excerpt":{"rendered":"<p>Cadascun dels 32 equips que prendran part en la Lliga \u00c0 Punt Comunitat\u00a0FFCV\u00a0percebran la quantitat de\u00a05.000\u202f\u20ac\u00a0en concepte d&#8217;ajuda que li ser\u00e0 abonada en el compte comptable que cada club posse\u00efx en la Federaci\u00f3 de Futbol de la Comunitat Valenciana el 31 de desembre de 2024, sempre que s&#8217;hagen justificat els gastos en els quals hagen [&#8230;]<\/p>\n<p><a class=\"btn btn-secondary understrap-read-more-link\" href=\"https:\/\/radiolitoral.com\/ca\/2024\/07\/aportacio-economica-a-la-lliga-comunitat-ffcv-una-empenta-per-als-clubs\/\">Continua llegint&#8230;<span class=\"screen-reader-text\"> from Aportaci\u00f3 econ\u00f2mica a la Lliga Comunitat FFCV: Una empenta per als clubs<\/span><\/a><\/p>\n","protected":false},"author":12,"featured_media":9929,"comment_status":"open","ping_status":"closed","sticky":false,"template":"","format":"standard","meta":{"_acf_changed":false,"inline_featured_image":false,"footnotes":""},"categories":[5],"tags":[6,1224,1682],"class_list":["post-9928","post","type-post","status-publish","format-standard","has-post-thumbnail","hentry","category-deportes","tag-deportes","tag-federacio-de-futbol-de-la-comunitat-valenciana","tag-lliga-a-punt-comunitat-ffcv","cobertura-calp"],"acf":[],"yoast_head":"<!-- This site is optimized with the Yoast SEO plugin v27.5 - https:\/\/yoast.com\/product\/yoast-seo-wordpress\/ -->\n<title>Aportaci\u00f3 econ\u00f2mica a la Lliga Comunitat FFCV: Una empenta per als clubs | R\u00e0dio Litoral<\/title>\n<meta name=\"description\" content=\"Cada un dels 32 equips participants en la Lliga \u00c0 Punt Comunitat FFCV rebr\u00e0 una ajuda de 5.000\u202f\u20ac\" \/>\n<meta name=\"robots\" content=\"index, follow, max-snippet:-1, max-image-preview:large, max-video-preview:-1\" \/>\n<link rel=\"canonical\" href=\"https:\/\/radiolitoral.com\/ca\/2024\/07\/aportacio-economica-a-la-lliga-comunitat-ffcv-una-empenta-per-als-clubs\/\" \/>\n<meta property=\"og:locale\" content=\"ca_ES\" \/>\n<meta property=\"og:type\" content=\"article\" \/>\n<meta property=\"og:title\" content=\"Aportaci\u00f3 econ\u00f2mica a la Lliga Comunitat FFCV: Una empenta per als clubs | R\u00e0dio Litoral\" \/>\n<meta property=\"og:description\" content=\"Cada un dels 32 equips participants en la Lliga \u00c0 Punt Comunitat FFCV rebr\u00e0 una ajuda de 5.000\u202f\u20ac\" \/>\n<meta property=\"og:url\" content=\"https:\/\/radiolitoral.com\/ca\/2024\/07\/aportacio-economica-a-la-lliga-comunitat-ffcv-una-empenta-per-als-clubs\/\" \/>\n<meta property=\"og:site_name\" content=\"R\u00e0dio Litoral\" \/>\n<meta property=\"article:publisher\" content=\"https:\/\/www.facebook.com\/Laradiolitoral\/\" \/>\n<meta property=\"article:published_time\" content=\"2024-07-18T07:47:44+00:00\" \/>\n<meta property=\"og:image\" content=\"https:\/\/media.radiolitoral.com\/wp-content\/uploads\/2024\/07\/10112133\/DSC_0936-scaled.jpg\" \/>\n\t<meta property=\"og:image:width\" content=\"2560\" \/>\n\t<meta property=\"og:image:height\" content=\"1707\" \/>\n\t<meta property=\"og:image:type\" content=\"image\/jpeg\" \/>\n<meta name=\"author\" content=\"Javier Zamora\" \/>\n<meta name=\"twitter:card\" content=\"summary_large_image\" \/>\n<meta name=\"twitter:label1\" content=\"Escrit per\" \/>\n\t<meta name=\"twitter:data1\" content=\"Javier Zamora\" \/>\n\t<meta name=\"twitter:label2\" content=\"Temps estimat de lectura\" \/>\n\t<meta name=\"twitter:data2\" content=\"2 minuts\" \/>\n<script type=\"application\/ld+json\" class=\"yoast-schema-graph\">{\"@context\":\"https:\\\/\\\/schema.org\",\"@graph\":[{\"@type\":\"NewsArticle\",\"@id\":\"https:\\\/\\\/radiolitoral.com\\\/2024\\\/07\\\/aportacio-economica-a-la-lliga-comunitat-ffcv-una-empenta-per-als-clubs\\\/#article\",\"isPartOf\":{\"@id\":\"https:\\\/\\\/radiolitoral.com\\\/2024\\\/07\\\/aportacio-economica-a-la-lliga-comunitat-ffcv-una-empenta-per-als-clubs\\\/\"},\"author\":{\"name\":\"Javier Zamora\",\"@id\":\"https:\\\/\\\/radiolitoral.com\\\/#\\\/schema\\\/person\\\/7b1480b5caeb5acdd4ec6379caf62b22\"},\"headline\":\"Aportaci\u00f3 econ\u00f2mica a la Lliga Comunitat FFCV: Una empenta per als clubs\",\"datePublished\":\"2024-07-18T07:47:44+00:00\",\"mainEntityOfPage\":{\"@id\":\"https:\\\/\\\/radiolitoral.com\\\/2024\\\/07\\\/aportacio-economica-a-la-lliga-comunitat-ffcv-una-empenta-per-als-clubs\\\/\"},\"wordCount\":197,\"commentCount\":0,\"publisher\":{\"@id\":\"https:\\\/\\\/radiolitoral.com\\\/#organization\"},\"image\":{\"@id\":\"https:\\\/\\\/radiolitoral.com\\\/2024\\\/07\\\/aportacio-economica-a-la-lliga-comunitat-ffcv-una-empenta-per-als-clubs\\\/#primaryimage\"},\"thumbnailUrl\":\"https:\\\/\\\/media.radiolitoral.com\\\/wp-content\\\/uploads\\\/2024\\\/07\\\/10112133\\\/DSC_0936-scaled.jpg\",\"keywords\":[\"deportes\",\"Federaci\u00f3 de Futbol de la Comunitat Valenciana\",\"Lliga \u00c0 Punt Comunitat\u00a0FFCV\"],\"articleSection\":[\"Deportes\"],\"inLanguage\":\"ca\",\"potentialAction\":[{\"@type\":\"CommentAction\",\"name\":\"Comment\",\"target\":[\"https:\\\/\\\/radiolitoral.com\\\/2024\\\/07\\\/aportacio-economica-a-la-lliga-comunitat-ffcv-una-empenta-per-als-clubs\\\/#respond\"]}]},{\"@type\":[\"WebPage\",\"ItemPage\"],\"@id\":\"https:\\\/\\\/radiolitoral.com\\\/2024\\\/07\\\/aportacio-economica-a-la-lliga-comunitat-ffcv-una-empenta-per-als-clubs\\\/\",\"url\":\"https:\\\/\\\/radiolitoral.com\\\/2024\\\/07\\\/aportacio-economica-a-la-lliga-comunitat-ffcv-una-empenta-per-als-clubs\\\/\",\"name\":\"Aportaci\u00f3 econ\u00f2mica a la Lliga Comunitat FFCV: Una empenta per als clubs | R\u00e0dio Litoral\",\"isPartOf\":{\"@id\":\"https:\\\/\\\/radiolitoral.com\\\/#website\"},\"primaryImageOfPage\":{\"@id\":\"https:\\\/\\\/radiolitoral.com\\\/2024\\\/07\\\/aportacio-economica-a-la-lliga-comunitat-ffcv-una-empenta-per-als-clubs\\\/#primaryimage\"},\"image\":{\"@id\":\"https:\\\/\\\/radiolitoral.com\\\/2024\\\/07\\\/aportacio-economica-a-la-lliga-comunitat-ffcv-una-empenta-per-als-clubs\\\/#primaryimage\"},\"thumbnailUrl\":\"https:\\\/\\\/media.radiolitoral.com\\\/wp-content\\\/uploads\\\/2024\\\/07\\\/10112133\\\/DSC_0936-scaled.jpg\",\"datePublished\":\"2024-07-18T07:47:44+00:00\",\"description\":\"Cada un dels 32 equips participants en la Lliga \u00c0 Punt Comunitat FFCV rebr\u00e0 una ajuda de 5.000\u202f\u20ac\",\"breadcrumb\":{\"@id\":\"https:\\\/\\\/radiolitoral.com\\\/2024\\\/07\\\/aportacio-economica-a-la-lliga-comunitat-ffcv-una-empenta-per-als-clubs\\\/#breadcrumb\"},\"inLanguage\":\"ca\",\"potentialAction\":[{\"@type\":\"ReadAction\",\"target\":[\"https:\\\/\\\/radiolitoral.com\\\/2024\\\/07\\\/aportacio-economica-a-la-lliga-comunitat-ffcv-una-empenta-per-als-clubs\\\/\"]}]},{\"@type\":\"ImageObject\",\"inLanguage\":\"ca\",\"@id\":\"https:\\\/\\\/radiolitoral.com\\\/2024\\\/07\\\/aportacio-economica-a-la-lliga-comunitat-ffcv-una-empenta-per-als-clubs\\\/#primaryimage\",\"url\":\"https:\\\/\\\/media.radiolitoral.com\\\/wp-content\\\/uploads\\\/2024\\\/07\\\/10112133\\\/DSC_0936-scaled.jpg\",\"contentUrl\":\"https:\\\/\\\/media.radiolitoral.com\\\/wp-content\\\/uploads\\\/2024\\\/07\\\/10112133\\\/DSC_0936-scaled.jpg\",\"width\":2560,\"height\":1707},{\"@type\":\"BreadcrumbList\",\"@id\":\"https:\\\/\\\/radiolitoral.com\\\/2024\\\/07\\\/aportacio-economica-a-la-lliga-comunitat-ffcv-una-empenta-per-als-clubs\\\/#breadcrumb\",\"itemListElement\":[{\"@type\":\"ListItem\",\"position\":1,\"name\":\"Portada\",\"item\":\"https:\\\/\\\/radiolitoral.com\\\/\"},{\"@type\":\"ListItem\",\"position\":2,\"name\":\"Aportaci\u00f3 econ\u00f2mica a la Lliga Comunitat FFCV: Una empenta per als clubs\"}]},{\"@type\":\"WebSite\",\"@id\":\"https:\\\/\\\/radiolitoral.com\\\/#website\",\"url\":\"https:\\\/\\\/radiolitoral.com\\\/\",\"name\":\"Radio Litoral\",\"description\":\"La radio local de la Marina Alta\",\"publisher\":{\"@id\":\"https:\\\/\\\/radiolitoral.com\\\/#organization\"},\"alternateName\":\"Litoral FM\",\"potentialAction\":[{\"@type\":\"SearchAction\",\"target\":{\"@type\":\"EntryPoint\",\"urlTemplate\":\"https:\\\/\\\/radiolitoral.com\\\/?s={search_term_string}\"},\"query-input\":{\"@type\":\"PropertyValueSpecification\",\"valueRequired\":true,\"valueName\":\"search_term_string\"}}],\"inLanguage\":\"ca\"},{\"@type\":\"Organization\",\"@id\":\"https:\\\/\\\/radiolitoral.com\\\/#organization\",\"name\":\"Radio Litoral\",\"url\":\"https:\\\/\\\/radiolitoral.com\\\/\",\"logo\":{\"@type\":\"ImageObject\",\"inLanguage\":\"ca\",\"@id\":\"https:\\\/\\\/radiolitoral.com\\\/#\\\/schema\\\/logo\\\/image\\\/\",\"url\":\"https:\\\/\\\/media.radiolitoral.com\\\/wp-content\\\/uploads\\\/2023\\\/02\\\/24143238\\\/CL-V-RadioLitoral696.png\",\"contentUrl\":\"https:\\\/\\\/media.radiolitoral.com\\\/wp-content\\\/uploads\\\/2023\\\/02\\\/24143238\\\/CL-V-RadioLitoral696.png\",\"width\":696,\"height\":696,\"caption\":\"Radio Litoral\"},\"image\":{\"@id\":\"https:\\\/\\\/radiolitoral.com\\\/#\\\/schema\\\/logo\\\/image\\\/\"},\"sameAs\":[\"https:\\\/\\\/www.facebook.com\\\/Laradiolitoral\\\/\"]},{\"@type\":\"Person\",\"@id\":\"https:\\\/\\\/radiolitoral.com\\\/#\\\/schema\\\/person\\\/7b1480b5caeb5acdd4ec6379caf62b22\",\"name\":\"Javier Zamora\",\"image\":{\"@type\":\"ImageObject\",\"inLanguage\":\"ca\",\"@id\":\"https:\\\/\\\/secure.gravatar.com\\\/avatar\\\/467a11f6918c7d619c4043fc6fa2d3853053107973f05b6e9c04ea6c4e3a7b3f?s=96&d=mm&r=g\",\"url\":\"https:\\\/\\\/secure.gravatar.com\\\/avatar\\\/467a11f6918c7d619c4043fc6fa2d3853053107973f05b6e9c04ea6c4e3a7b3f?s=96&d=mm&r=g\",\"contentUrl\":\"https:\\\/\\\/secure.gravatar.com\\\/avatar\\\/467a11f6918c7d619c4043fc6fa2d3853053107973f05b6e9c04ea6c4e3a7b3f?s=96&d=mm&r=g\",\"caption\":\"Javier Zamora\"},\"url\":\"https:\\\/\\\/radiolitoral.com\\\/ca\\\/author\\\/javier-zamora\\\/\"}]}<\/script>\n<!-- \/ Yoast SEO plugin. -->","yoast_head_json":{"title":"Aportaci\u00f3 econ\u00f2mica a la Lliga Comunitat FFCV: Una empenta per als clubs | R\u00e0dio Litoral","description":"Cadascun dels 32 equips participants a la Lliga \u00c0 Punt Comunitat FFCV rebr\u00e0 una ajuda de 5.000 \u20ac","robots":{"index":"index","follow":"follow","max-snippet":"max-snippet:-1","max-image-preview":"max-image-preview:large","max-video-preview":"max-video-preview:-1"},"canonical":"https:\/\/radiolitoral.com\/ca\/2024\/07\/aportacio-economica-a-la-lliga-comunitat-ffcv-una-empenta-per-als-clubs\/","og_locale":"ca_ES","og_type":"article","og_title":"Aportaci\u00f3 econ\u00f2mica a la Lliga Comunitat FFCV: Una empenta per als clubs | R\u00e0dio Litoral","og_description":"Cada un dels 32 equips participants en la Lliga \u00c0 Punt Comunitat FFCV rebr\u00e0 una ajuda de 5.000\u202f\u20ac","og_url":"https:\/\/radiolitoral.com\/ca\/2024\/07\/aportacio-economica-a-la-lliga-comunitat-ffcv-una-empenta-per-als-clubs\/","og_site_name":"R\u00e0dio Litoral","article_publisher":"https:\/\/www.facebook.com\/Laradiolitoral\/","article_published_time":"2024-07-18T07:47:44+00:00","og_image":[{"width":2560,"height":1707,"url":"https:\/\/media.radiolitoral.com\/wp-content\/uploads\/2024\/07\/10112133\/DSC_0936-scaled.jpg","type":"image\/jpeg"}],"author":"Javier Zamora","twitter_card":"summary_large_image","twitter_misc":{"Escrit per":"Javier Zamora","Temps estimat de lectura":"2 minuts"},"schema":{"@context":"https:\/\/schema.org","@graph":[{"@type":"NewsArticle","@id":"https:\/\/radiolitoral.com\/2024\/07\/aportacio-economica-a-la-lliga-comunitat-ffcv-una-empenta-per-als-clubs\/#article","isPartOf":{"@id":"https:\/\/radiolitoral.com\/2024\/07\/aportacio-economica-a-la-lliga-comunitat-ffcv-una-empenta-per-als-clubs\/"},"author":{"name":"Javier Zamora","@id":"https:\/\/radiolitoral.com\/#\/schema\/person\/7b1480b5caeb5acdd4ec6379caf62b22"},"headline":"Aportaci\u00f3 econ\u00f2mica a la Lliga Comunitat FFCV: Una empenta per als clubs","datePublished":"2024-07-18T07:47:44+00:00","mainEntityOfPage":{"@id":"https:\/\/radiolitoral.com\/2024\/07\/aportacio-economica-a-la-lliga-comunitat-ffcv-una-empenta-per-als-clubs\/"},"wordCount":197,"commentCount":0,"publisher":{"@id":"https:\/\/radiolitoral.com\/#organization"},"image":{"@id":"https:\/\/radiolitoral.com\/2024\/07\/aportacio-economica-a-la-lliga-comunitat-ffcv-una-empenta-per-als-clubs\/#primaryimage"},"thumbnailUrl":"https:\/\/media.radiolitoral.com\/wp-content\/uploads\/2024\/07\/10112133\/DSC_0936-scaled.jpg","keywords":["deportes","Federaci\u00f3 de Futbol de la Comunitat Valenciana","Lliga \u00c0 Punt Comunitat\u00a0FFCV"],"articleSection":["Deportes"],"inLanguage":"ca","potentialAction":[{"@type":"CommentAction","name":"Comment","target":["https:\/\/radiolitoral.com\/2024\/07\/aportacio-economica-a-la-lliga-comunitat-ffcv-una-empenta-per-als-clubs\/#respond"]}]},{"@type":["WebPage","ItemPage"],"@id":"https:\/\/radiolitoral.com\/2024\/07\/aportacio-economica-a-la-lliga-comunitat-ffcv-una-empenta-per-als-clubs\/","url":"https:\/\/radiolitoral.com\/2024\/07\/aportacio-economica-a-la-lliga-comunitat-ffcv-una-empenta-per-als-clubs\/","name":"Aportaci\u00f3 econ\u00f2mica a la Lliga Comunitat FFCV: Una empenta per als clubs | R\u00e0dio Litoral","isPartOf":{"@id":"https:\/\/radiolitoral.com\/#website"},"primaryImageOfPage":{"@id":"https:\/\/radiolitoral.com\/2024\/07\/aportacio-economica-a-la-lliga-comunitat-ffcv-una-empenta-per-als-clubs\/#primaryimage"},"image":{"@id":"https:\/\/radiolitoral.com\/2024\/07\/aportacio-economica-a-la-lliga-comunitat-ffcv-una-empenta-per-als-clubs\/#primaryimage"},"thumbnailUrl":"https:\/\/media.radiolitoral.com\/wp-content\/uploads\/2024\/07\/10112133\/DSC_0936-scaled.jpg","datePublished":"2024-07-18T07:47:44+00:00","description":"Cadascun dels 32 equips participants a la Lliga \u00c0 Punt Comunitat FFCV rebr\u00e0 una ajuda de 5.000 \u20ac","breadcrumb":{"@id":"https:\/\/radiolitoral.com\/2024\/07\/aportacio-economica-a-la-lliga-comunitat-ffcv-una-empenta-per-als-clubs\/#breadcrumb"},"inLanguage":"ca","potentialAction":[{"@type":"ReadAction","target":["https:\/\/radiolitoral.com\/2024\/07\/aportacio-economica-a-la-lliga-comunitat-ffcv-una-empenta-per-als-clubs\/"]}]},{"@type":"ImageObject","inLanguage":"ca","@id":"https:\/\/radiolitoral.com\/2024\/07\/aportacio-economica-a-la-lliga-comunitat-ffcv-una-empenta-per-als-clubs\/#primaryimage","url":"https:\/\/media.radiolitoral.com\/wp-content\/uploads\/2024\/07\/10112133\/DSC_0936-scaled.jpg","contentUrl":"https:\/\/media.radiolitoral.com\/wp-content\/uploads\/2024\/07\/10112133\/DSC_0936-scaled.jpg","width":2560,"height":1707},{"@type":"BreadcrumbList","@id":"https:\/\/radiolitoral.com\/2024\/07\/aportacio-economica-a-la-lliga-comunitat-ffcv-una-empenta-per-als-clubs\/#breadcrumb","itemListElement":[{"@type":"ListItem","position":1,"name":"Portada","item":"https:\/\/radiolitoral.com\/"},{"@type":"ListItem","position":2,"name":"Aportaci\u00f3 econ\u00f2mica a la Lliga Comunitat FFCV: Una empenta per als clubs"}]},{"@type":"WebSite","@id":"https:\/\/radiolitoral.com\/#website","url":"https:\/\/radiolitoral.com\/","name":"R\u00e0dio Litoral","description":"La r\u00e0dio local de la Marina Alta","publisher":{"@id":"https:\/\/radiolitoral.com\/#organization"},"alternateName":"Litoral FM","potentialAction":[{"@type":"SearchAction","target":{"@type":"EntryPoint","urlTemplate":"https:\/\/radiolitoral.com\/?s={search_term_string}"},"query-input":{"@type":"PropertyValueSpecification","valueRequired":true,"valueName":"search_term_string"}}],"inLanguage":"ca"},{"@type":"Organization","@id":"https:\/\/radiolitoral.com\/#organization","name":"R\u00e0dio Litoral","url":"https:\/\/radiolitoral.com\/","logo":{"@type":"ImageObject","inLanguage":"ca","@id":"https:\/\/radiolitoral.com\/#\/schema\/logo\/image\/","url":"https:\/\/media.radiolitoral.com\/wp-content\/uploads\/2023\/02\/24143238\/CL-V-RadioLitoral696.png","contentUrl":"https:\/\/media.radiolitoral.com\/wp-content\/uploads\/2023\/02\/24143238\/CL-V-RadioLitoral696.png","width":696,"height":696,"caption":"Radio Litoral"},"image":{"@id":"https:\/\/radiolitoral.com\/#\/schema\/logo\/image\/"},"sameAs":["https:\/\/www.facebook.com\/Laradiolitoral\/"]},{"@type":"Person","@id":"https:\/\/radiolitoral.com\/#\/schema\/person\/7b1480b5caeb5acdd4ec6379caf62b22","name":"Javier Zamora","image":{"@type":"ImageObject","inLanguage":"ca","@id":"https:\/\/secure.gravatar.com\/avatar\/467a11f6918c7d619c4043fc6fa2d3853053107973f05b6e9c04ea6c4e3a7b3f?s=96&d=mm&r=g","url":"https:\/\/secure.gravatar.com\/avatar\/467a11f6918c7d619c4043fc6fa2d3853053107973f05b6e9c04ea6c4e3a7b3f?s=96&d=mm&r=g","contentUrl":"https:\/\/secure.gravatar.com\/avatar\/467a11f6918c7d619c4043fc6fa2d3853053107973f05b6e9c04ea6c4e3a7b3f?s=96&d=mm&r=g","caption":"Javier Zamora"},"url":"https:\/\/radiolitoral.com\/ca\/author\/javier-zamora\/"}]}},"_links":{"self":[{"href":"https:\/\/radiolitoral.com\/ca\/wp-json\/wp\/v2\/posts\/9928","targetHints":{"allow":["GET"]}}],"collection":[{"href":"https:\/\/radiolitoral.com\/ca\/wp-json\/wp\/v2\/posts"}],"about":[{"href":"https:\/\/radiolitoral.com\/ca\/wp-json\/wp\/v2\/types\/post"}],"author":[{"embeddable":true,"href":"https:\/\/radiolitoral.com\/ca\/wp-json\/wp\/v2\/users\/12"}],"replies":[{"embeddable":true,"href":"https:\/\/radiolitoral.com\/ca\/wp-json\/wp\/v2\/comments?post=9928"}],"version-history":[{"count":2,"href":"https:\/\/radiolitoral.com\/ca\/wp-json\/wp\/v2\/posts\/9928\/revisions"}],"predecessor-version":[{"id":9932,"href":"https:\/\/radiolitoral.com\/ca\/wp-json\/wp\/v2\/posts\/9928\/revisions\/9932"}],"wp:featuredmedia":[{"embeddable":true,"href":"https:\/\/radiolitoral.com\/ca\/wp-json\/wp\/v2\/media\/9929"}],"wp:attachment":[{"href":"https:\/\/radiolitoral.com\/ca\/wp-json\/wp\/v2\/media?parent=9928"}],"wp:term":[{"taxonomy":"category","embeddable":true,"href":"https:\/\/radiolitoral.com\/ca\/wp-json\/wp\/v2\/categories?post=9928"},{"taxonomy":"post_tag","embeddable":true,"href":"https:\/\/radiolitoral.com\/ca\/wp-json\/wp\/v2\/tags?post=9928"}],"curies":[{"name":"wp","href":"https:\/\/api.w.org\/{rel}","templated":true}]}}