{"id":9885,"date":"2024-07-05T19:09:32","date_gmt":"2024-07-05T17:09:32","guid":{"rendered":"https:\/\/radiolitoral.com\/?p=9885"},"modified":"2024-07-05T19:09:32","modified_gmt":"2024-07-05T17:09:32","slug":"benissa-ha-llancat-una-nova-edici-dels-pressupostos-participatius","status":"publish","type":"post","link":"https:\/\/radiolitoral.com\/ca\/2024\/07\/benissa-ha-llancat-una-nova-edicio-dels-pressupostos-participatius\/","title":{"rendered":"Benissa ha llan\u00e7at una nova edici\u00f3 dels Pressupostos Participatius"},"content":{"rendered":"<p><strong>Benissa<\/strong> ha llan\u00e7at una nova edici\u00f3 dels<strong> Pressupostos Participatius<\/strong>, una iniciativa que permetr\u00e0 als ve\u00efns decidir com es destinaran <strong>40.000 euros dinversi\u00f3 p\u00fablica<\/strong>, mitjan\u00e7ant la presentaci\u00f3 i votaci\u00f3 de projectes.<\/p>\n<p>El proper dissabte 6 de juliol s&#039;obrir\u00e0 la fase de presentaci\u00f3 de propostes, on els residents empadronats, les associacions locals i els consells sectorials podran compartir les seves idees per millorar el municipi.<\/p>\n<p>Fins al 29 de juliol, els ciutadans podran enviar les seves propostes tant en l\u00ednia \u2013a trav\u00e9s de la seu electr\u00f2nica i el portal de participaci\u00f3\u2013 com de manera presencial \u2013a l&#039;Oficina d&#039;Atenci\u00f3 a la Ciutadania (OAC) o als punts instal\u00b7lats al carrer els dies 6 i 20 de juliol al Mercat setmanal dels dissabtes, ubicat a l&#039;aparcament de les Escoles Velles\u2013.<\/p>\n<p>Despr\u00e9s de rebre les propostes, els t\u00e8cnics municipals els avaluaran per determinar-ne la viabilitat i adequaci\u00f3 com a inversiones municipals. Les propostes viables es sotmetran a votaci\u00f3 p\u00fablica a partir del 2 de setembre.<\/p>\n<p>La regidora de Participaci\u00f3 Ciutadana, Virginia P\u00e9rez, ha destacat la import\u00e0ncia de reprendre aquesta iniciativa: \u201cEls pressupostos participatius s\u00f3n una excel\u00b7lent oportunitat per escortar les propostes de tots els ve\u00efns. Animeu tots els benissers a participar-hi aportant les vostres idees fins al 29 de juliol\u201d.<\/p>\n<p>L\u00b4alcalde de Benissa, Arturo Poquet, ha ressaltat el comprom\u00eds del govern local amb la participaci\u00f3 ciutadana: \u201cAquesta iniciativa \u00e9s una mostra m\u00e9s del nostre comprom\u00eds amb escortar els ve\u00efns. Estic segur que a trav\u00e9s d&#039;ella descobrirem idees molt valuoses per al nostre poble\u201d.<\/p>","protected":false},"excerpt":{"rendered":"<p>Benissa ha llan\u00e7at una nova edici\u00f3 dels Pressupostos Participatius, una iniciativa que permetr\u00e0 als ve\u00efns decidir com es destinaran 40.000 euros d&#8217;inversi\u00f3 p\u00fablica, mitjan\u00e7ant la presentaci\u00f3 i votaci\u00f3 de projectes. El pr\u00f2xim dissabte 6 de juliol s&#8217;obrir\u00e0 la fase de presentaci\u00f3 de propostes, on els residents empadronats, les associacions locals i els consells sectorials podran [&#8230;]<\/p>\n<p><a class=\"btn btn-secondary understrap-read-more-link\" href=\"https:\/\/radiolitoral.com\/ca\/2024\/07\/benissa-ha-llancat-una-nova-edicio-dels-pressupostos-participatius\/\">Continua llegint&#8230;<span class=\"screen-reader-text\"> from Benissa ha llan\u00e7at una nova edici\u00f3 dels Pressupostos Participatius<\/span><\/a><\/p>\n","protected":false},"author":14,"featured_media":6694,"comment_status":"open","ping_status":"closed","sticky":false,"template":"","format":"standard","meta":{"_acf_changed":false,"inline_featured_image":false,"footnotes":""},"categories":[13],"tags":[126,1671],"class_list":["post-9885","post","type-post","status-publish","format-standard","has-post-thumbnail","hentry","category-politica","tag-benissa","tag-presupuestos-participativos","cobertura-benissa"],"acf":[],"yoast_head":"<!-- This site is optimized with the Yoast SEO plugin v27.5 - https:\/\/yoast.com\/product\/yoast-seo-wordpress\/ -->\n<title>Benissa ha llan\u00e7at una nova edici\u00f3 dels Pressupostos Participatius | R\u00e0dio Litoral<\/title>\n<meta name=\"description\" content=\"L&#039;Ajuntament destina 40.000 euros a projectes comunitaris\" \/>\n<meta name=\"robots\" content=\"index, follow, max-snippet:-1, max-image-preview:large, max-video-preview:-1\" \/>\n<link rel=\"canonical\" href=\"https:\/\/radiolitoral.com\/ca\/2024\/07\/benissa-ha-llancat-una-nova-edici-dels-pressupostos-participatius\/\" \/>\n<meta property=\"og:locale\" content=\"ca_ES\" \/>\n<meta property=\"og:type\" content=\"article\" \/>\n<meta property=\"og:title\" content=\"Benissa ha llan\u00e7at una nova edici\u00f3 dels Pressupostos Participatius | R\u00e0dio Litoral\" \/>\n<meta property=\"og:description\" content=\"L&#039;Ajuntament destina 40.000 euros a projectes comunitaris\" \/>\n<meta property=\"og:url\" content=\"https:\/\/radiolitoral.com\/ca\/2024\/07\/benissa-ha-llancat-una-nova-edici-dels-pressupostos-participatius\/\" \/>\n<meta property=\"og:site_name\" content=\"R\u00e0dio Litoral\" \/>\n<meta property=\"article:publisher\" content=\"https:\/\/www.facebook.com\/Laradiolitoral\/\" \/>\n<meta property=\"article:published_time\" content=\"2024-07-05T17:09:32+00:00\" \/>\n<meta property=\"og:image\" content=\"https:\/\/media.radiolitoral.com\/wp-content\/uploads\/2024\/01\/31181449\/Ajuntament-de-Benissa-4.jpg\" \/>\n\t<meta property=\"og:image:width\" content=\"1600\" \/>\n\t<meta property=\"og:image:height\" content=\"894\" \/>\n\t<meta property=\"og:image:type\" content=\"image\/jpeg\" \/>\n<meta name=\"author\" content=\"Redacci\u00f3n\" \/>\n<meta name=\"twitter:card\" content=\"summary_large_image\" \/>\n<meta name=\"twitter:label1\" content=\"Escrit per\" \/>\n\t<meta name=\"twitter:data1\" content=\"Redacci\u00f3n\" \/>\n\t<meta name=\"twitter:label2\" content=\"Temps estimat de lectura\" \/>\n\t<meta name=\"twitter:data2\" content=\"2 minuts\" \/>\n<script type=\"application\/ld+json\" class=\"yoast-schema-graph\">{\"@context\":\"https:\\\/\\\/schema.org\",\"@graph\":[{\"@type\":\"NewsArticle\",\"@id\":\"https:\\\/\\\/radiolitoral.com\\\/2024\\\/07\\\/benissa-ha-llancat-una-nova-edicio-dels-pressupostos-participatius\\\/#article\",\"isPartOf\":{\"@id\":\"https:\\\/\\\/radiolitoral.com\\\/2024\\\/07\\\/benissa-ha-llancat-una-nova-edicio-dels-pressupostos-participatius\\\/\"},\"author\":{\"name\":\"Redacci\u00f3n\",\"@id\":\"https:\\\/\\\/radiolitoral.com\\\/#\\\/schema\\\/person\\\/96b739642eb3bedb532aac3812d23307\"},\"headline\":\"Benissa ha llan\u00e7at una nova edici\u00f3 dels Pressupostos Participatius\",\"datePublished\":\"2024-07-05T17:09:32+00:00\",\"mainEntityOfPage\":{\"@id\":\"https:\\\/\\\/radiolitoral.com\\\/2024\\\/07\\\/benissa-ha-llancat-una-nova-edicio-dels-pressupostos-participatius\\\/\"},\"wordCount\":286,\"commentCount\":0,\"publisher\":{\"@id\":\"https:\\\/\\\/radiolitoral.com\\\/#organization\"},\"image\":{\"@id\":\"https:\\\/\\\/radiolitoral.com\\\/2024\\\/07\\\/benissa-ha-llancat-una-nova-edicio-dels-pressupostos-participatius\\\/#primaryimage\"},\"thumbnailUrl\":\"https:\\\/\\\/media.radiolitoral.com\\\/wp-content\\\/uploads\\\/2024\\\/01\\\/31181449\\\/Ajuntament-de-Benissa-4.jpg\",\"keywords\":[\"Benissa\",\"presupuestos participativos\"],\"articleSection\":[\"Pol\u00edtica\"],\"inLanguage\":\"ca\",\"potentialAction\":[{\"@type\":\"CommentAction\",\"name\":\"Comment\",\"target\":[\"https:\\\/\\\/radiolitoral.com\\\/2024\\\/07\\\/benissa-ha-llancat-una-nova-edicio-dels-pressupostos-participatius\\\/#respond\"]}]},{\"@type\":[\"WebPage\",\"ItemPage\"],\"@id\":\"https:\\\/\\\/radiolitoral.com\\\/2024\\\/07\\\/benissa-ha-llancat-una-nova-edicio-dels-pressupostos-participatius\\\/\",\"url\":\"https:\\\/\\\/radiolitoral.com\\\/2024\\\/07\\\/benissa-ha-llancat-una-nova-edicio-dels-pressupostos-participatius\\\/\",\"name\":\"Benissa ha llan\u00e7at una nova edici\u00f3 dels Pressupostos Participatius | R\u00e0dio Litoral\",\"isPartOf\":{\"@id\":\"https:\\\/\\\/radiolitoral.com\\\/#website\"},\"primaryImageOfPage\":{\"@id\":\"https:\\\/\\\/radiolitoral.com\\\/2024\\\/07\\\/benissa-ha-llancat-una-nova-edicio-dels-pressupostos-participatius\\\/#primaryimage\"},\"image\":{\"@id\":\"https:\\\/\\\/radiolitoral.com\\\/2024\\\/07\\\/benissa-ha-llancat-una-nova-edicio-dels-pressupostos-participatius\\\/#primaryimage\"},\"thumbnailUrl\":\"https:\\\/\\\/media.radiolitoral.com\\\/wp-content\\\/uploads\\\/2024\\\/01\\\/31181449\\\/Ajuntament-de-Benissa-4.jpg\",\"datePublished\":\"2024-07-05T17:09:32+00:00\",\"description\":\"L'Ajuntament destina 40.000 euros a projectes comunitaris\",\"breadcrumb\":{\"@id\":\"https:\\\/\\\/radiolitoral.com\\\/2024\\\/07\\\/benissa-ha-llancat-una-nova-edicio-dels-pressupostos-participatius\\\/#breadcrumb\"},\"inLanguage\":\"ca\",\"potentialAction\":[{\"@type\":\"ReadAction\",\"target\":[\"https:\\\/\\\/radiolitoral.com\\\/2024\\\/07\\\/benissa-ha-llancat-una-nova-edicio-dels-pressupostos-participatius\\\/\"]}]},{\"@type\":\"ImageObject\",\"inLanguage\":\"ca\",\"@id\":\"https:\\\/\\\/radiolitoral.com\\\/2024\\\/07\\\/benissa-ha-llancat-una-nova-edicio-dels-pressupostos-participatius\\\/#primaryimage\",\"url\":\"https:\\\/\\\/media.radiolitoral.com\\\/wp-content\\\/uploads\\\/2024\\\/01\\\/31181449\\\/Ajuntament-de-Benissa-4.jpg\",\"contentUrl\":\"https:\\\/\\\/media.radiolitoral.com\\\/wp-content\\\/uploads\\\/2024\\\/01\\\/31181449\\\/Ajuntament-de-Benissa-4.jpg\",\"width\":1600,\"height\":894},{\"@type\":\"BreadcrumbList\",\"@id\":\"https:\\\/\\\/radiolitoral.com\\\/2024\\\/07\\\/benissa-ha-llancat-una-nova-edicio-dels-pressupostos-participatius\\\/#breadcrumb\",\"itemListElement\":[{\"@type\":\"ListItem\",\"position\":1,\"name\":\"Portada\",\"item\":\"https:\\\/\\\/radiolitoral.com\\\/\"},{\"@type\":\"ListItem\",\"position\":2,\"name\":\"Benissa ha llan\u00e7at una nova edici\u00f3 dels Pressupostos Participatius\"}]},{\"@type\":\"WebSite\",\"@id\":\"https:\\\/\\\/radiolitoral.com\\\/#website\",\"url\":\"https:\\\/\\\/radiolitoral.com\\\/\",\"name\":\"Radio Litoral\",\"description\":\"La radio local de la Marina Alta\",\"publisher\":{\"@id\":\"https:\\\/\\\/radiolitoral.com\\\/#organization\"},\"alternateName\":\"Litoral FM\",\"potentialAction\":[{\"@type\":\"SearchAction\",\"target\":{\"@type\":\"EntryPoint\",\"urlTemplate\":\"https:\\\/\\\/radiolitoral.com\\\/?s={search_term_string}\"},\"query-input\":{\"@type\":\"PropertyValueSpecification\",\"valueRequired\":true,\"valueName\":\"search_term_string\"}}],\"inLanguage\":\"ca\"},{\"@type\":\"Organization\",\"@id\":\"https:\\\/\\\/radiolitoral.com\\\/#organization\",\"name\":\"Radio Litoral\",\"url\":\"https:\\\/\\\/radiolitoral.com\\\/\",\"logo\":{\"@type\":\"ImageObject\",\"inLanguage\":\"ca\",\"@id\":\"https:\\\/\\\/radiolitoral.com\\\/#\\\/schema\\\/logo\\\/image\\\/\",\"url\":\"https:\\\/\\\/media.radiolitoral.com\\\/wp-content\\\/uploads\\\/2023\\\/02\\\/24143238\\\/CL-V-RadioLitoral696.png\",\"contentUrl\":\"https:\\\/\\\/media.radiolitoral.com\\\/wp-content\\\/uploads\\\/2023\\\/02\\\/24143238\\\/CL-V-RadioLitoral696.png\",\"width\":696,\"height\":696,\"caption\":\"Radio Litoral\"},\"image\":{\"@id\":\"https:\\\/\\\/radiolitoral.com\\\/#\\\/schema\\\/logo\\\/image\\\/\"},\"sameAs\":[\"https:\\\/\\\/www.facebook.com\\\/Laradiolitoral\\\/\"]},{\"@type\":\"Person\",\"@id\":\"https:\\\/\\\/radiolitoral.com\\\/#\\\/schema\\\/person\\\/96b739642eb3bedb532aac3812d23307\",\"name\":\"Redacci\u00f3n\",\"image\":{\"@type\":\"ImageObject\",\"inLanguage\":\"ca\",\"@id\":\"https:\\\/\\\/secure.gravatar.com\\\/avatar\\\/30cd06129ee90411dd9c7cbdcf17464181d1a3c7b072e92070ea75a25cf0097e?s=96&d=mm&r=g\",\"url\":\"https:\\\/\\\/secure.gravatar.com\\\/avatar\\\/30cd06129ee90411dd9c7cbdcf17464181d1a3c7b072e92070ea75a25cf0097e?s=96&d=mm&r=g\",\"contentUrl\":\"https:\\\/\\\/secure.gravatar.com\\\/avatar\\\/30cd06129ee90411dd9c7cbdcf17464181d1a3c7b072e92070ea75a25cf0097e?s=96&d=mm&r=g\",\"caption\":\"Redacci\u00f3n\"},\"url\":\"https:\\\/\\\/radiolitoral.com\\\/ca\\\/author\\\/kevin-carrio\\\/\"}]}<\/script>\n<!-- \/ Yoast SEO plugin. -->","yoast_head_json":{"title":"Benissa ha llen\u00e7at una nova edici\u00f3 dels Pressupostos Participatius | R\u00e0dio Litoral","description":"L&#039;Ajuntament destina 40.000 euros a projectes comunitaris","robots":{"index":"index","follow":"follow","max-snippet":"max-snippet:-1","max-image-preview":"max-image-preview:large","max-video-preview":"max-video-preview:-1"},"canonical":"https:\/\/radiolitoral.com\/ca\/2024\/07\/benissa-ha-llancat-una-nova-edici-dels-pressupostos-participatius\/","og_locale":"ca_ES","og_type":"article","og_title":"Benissa ha llan\u00e7at una nova edici\u00f3 dels Pressupostos Participatius | R\u00e0dio Litoral","og_description":"L'Ajuntament destina 40.000 euros a projectes comunitaris","og_url":"https:\/\/radiolitoral.com\/ca\/2024\/07\/benissa-ha-llancat-una-nova-edici-dels-pressupostos-participatius\/","og_site_name":"R\u00e0dio Litoral","article_publisher":"https:\/\/www.facebook.com\/Laradiolitoral\/","article_published_time":"2024-07-05T17:09:32+00:00","og_image":[{"width":1600,"height":894,"url":"https:\/\/media.radiolitoral.com\/wp-content\/uploads\/2024\/01\/31181449\/Ajuntament-de-Benissa-4.jpg","type":"image\/jpeg"}],"author":"Redacci\u00f3n","twitter_card":"summary_large_image","twitter_misc":{"Escrit per":"Redacci\u00f3n","Temps estimat de lectura":"2 minuts"},"schema":{"@context":"https:\/\/schema.org","@graph":[{"@type":"NewsArticle","@id":"https:\/\/radiolitoral.com\/2024\/07\/benissa-ha-llancat-una-nova-edicio-dels-pressupostos-participatius\/#article","isPartOf":{"@id":"https:\/\/radiolitoral.com\/2024\/07\/benissa-ha-llancat-una-nova-edicio-dels-pressupostos-participatius\/"},"author":{"name":"Redacci\u00f3n","@id":"https:\/\/radiolitoral.com\/#\/schema\/person\/96b739642eb3bedb532aac3812d23307"},"headline":"Benissa ha llan\u00e7at una nova edici\u00f3 dels Pressupostos Participatius","datePublished":"2024-07-05T17:09:32+00:00","mainEntityOfPage":{"@id":"https:\/\/radiolitoral.com\/2024\/07\/benissa-ha-llancat-una-nova-edicio-dels-pressupostos-participatius\/"},"wordCount":286,"commentCount":0,"publisher":{"@id":"https:\/\/radiolitoral.com\/#organization"},"image":{"@id":"https:\/\/radiolitoral.com\/2024\/07\/benissa-ha-llancat-una-nova-edicio-dels-pressupostos-participatius\/#primaryimage"},"thumbnailUrl":"https:\/\/media.radiolitoral.com\/wp-content\/uploads\/2024\/01\/31181449\/Ajuntament-de-Benissa-4.jpg","keywords":["Benissa","presupuestos participativos"],"articleSection":["Pol\u00edtica"],"inLanguage":"ca","potentialAction":[{"@type":"CommentAction","name":"Comment","target":["https:\/\/radiolitoral.com\/2024\/07\/benissa-ha-llancat-una-nova-edicio-dels-pressupostos-participatius\/#respond"]}]},{"@type":["WebPage","ItemPage"],"@id":"https:\/\/radiolitoral.com\/2024\/07\/benissa-ha-llancat-una-nova-edicio-dels-pressupostos-participatius\/","url":"https:\/\/radiolitoral.com\/2024\/07\/benissa-ha-llancat-una-nova-edicio-dels-pressupostos-participatius\/","name":"Benissa ha llen\u00e7at una nova edici\u00f3 dels Pressupostos Participatius | R\u00e0dio Litoral","isPartOf":{"@id":"https:\/\/radiolitoral.com\/#website"},"primaryImageOfPage":{"@id":"https:\/\/radiolitoral.com\/2024\/07\/benissa-ha-llancat-una-nova-edicio-dels-pressupostos-participatius\/#primaryimage"},"image":{"@id":"https:\/\/radiolitoral.com\/2024\/07\/benissa-ha-llancat-una-nova-edicio-dels-pressupostos-participatius\/#primaryimage"},"thumbnailUrl":"https:\/\/media.radiolitoral.com\/wp-content\/uploads\/2024\/01\/31181449\/Ajuntament-de-Benissa-4.jpg","datePublished":"2024-07-05T17:09:32+00:00","description":"L&#039;Ajuntament destina 40.000 euros a projectes comunitaris","breadcrumb":{"@id":"https:\/\/radiolitoral.com\/2024\/07\/benissa-ha-llancat-una-nova-edicio-dels-pressupostos-participatius\/#breadcrumb"},"inLanguage":"ca","potentialAction":[{"@type":"ReadAction","target":["https:\/\/radiolitoral.com\/2024\/07\/benissa-ha-llancat-una-nova-edicio-dels-pressupostos-participatius\/"]}]},{"@type":"ImageObject","inLanguage":"ca","@id":"https:\/\/radiolitoral.com\/2024\/07\/benissa-ha-llancat-una-nova-edicio-dels-pressupostos-participatius\/#primaryimage","url":"https:\/\/media.radiolitoral.com\/wp-content\/uploads\/2024\/01\/31181449\/Ajuntament-de-Benissa-4.jpg","contentUrl":"https:\/\/media.radiolitoral.com\/wp-content\/uploads\/2024\/01\/31181449\/Ajuntament-de-Benissa-4.jpg","width":1600,"height":894},{"@type":"BreadcrumbList","@id":"https:\/\/radiolitoral.com\/2024\/07\/benissa-ha-llancat-una-nova-edicio-dels-pressupostos-participatius\/#breadcrumb","itemListElement":[{"@type":"ListItem","position":1,"name":"Portada","item":"https:\/\/radiolitoral.com\/"},{"@type":"ListItem","position":2,"name":"Benissa ha llan\u00e7at una nova edici\u00f3 dels Pressupostos Participatius"}]},{"@type":"WebSite","@id":"https:\/\/radiolitoral.com\/#website","url":"https:\/\/radiolitoral.com\/","name":"R\u00e0dio Litoral","description":"La r\u00e0dio local de la Marina Alta","publisher":{"@id":"https:\/\/radiolitoral.com\/#organization"},"alternateName":"Litoral FM","potentialAction":[{"@type":"SearchAction","target":{"@type":"EntryPoint","urlTemplate":"https:\/\/radiolitoral.com\/?s={search_term_string}"},"query-input":{"@type":"PropertyValueSpecification","valueRequired":true,"valueName":"search_term_string"}}],"inLanguage":"ca"},{"@type":"Organization","@id":"https:\/\/radiolitoral.com\/#organization","name":"R\u00e0dio Litoral","url":"https:\/\/radiolitoral.com\/","logo":{"@type":"ImageObject","inLanguage":"ca","@id":"https:\/\/radiolitoral.com\/#\/schema\/logo\/image\/","url":"https:\/\/media.radiolitoral.com\/wp-content\/uploads\/2023\/02\/24143238\/CL-V-RadioLitoral696.png","contentUrl":"https:\/\/media.radiolitoral.com\/wp-content\/uploads\/2023\/02\/24143238\/CL-V-RadioLitoral696.png","width":696,"height":696,"caption":"Radio Litoral"},"image":{"@id":"https:\/\/radiolitoral.com\/#\/schema\/logo\/image\/"},"sameAs":["https:\/\/www.facebook.com\/Laradiolitoral\/"]},{"@type":"Person","@id":"https:\/\/radiolitoral.com\/#\/schema\/person\/96b739642eb3bedb532aac3812d23307","name":"Redacci\u00f3","image":{"@type":"ImageObject","inLanguage":"ca","@id":"https:\/\/secure.gravatar.com\/avatar\/30cd06129ee90411dd9c7cbdcf17464181d1a3c7b072e92070ea75a25cf0097e?s=96&d=mm&r=g","url":"https:\/\/secure.gravatar.com\/avatar\/30cd06129ee90411dd9c7cbdcf17464181d1a3c7b072e92070ea75a25cf0097e?s=96&d=mm&r=g","contentUrl":"https:\/\/secure.gravatar.com\/avatar\/30cd06129ee90411dd9c7cbdcf17464181d1a3c7b072e92070ea75a25cf0097e?s=96&d=mm&r=g","caption":"Redacci\u00f3n"},"url":"https:\/\/radiolitoral.com\/ca\/author\/kevin-carrio\/"}]}},"_links":{"self":[{"href":"https:\/\/radiolitoral.com\/ca\/wp-json\/wp\/v2\/posts\/9885","targetHints":{"allow":["GET"]}}],"collection":[{"href":"https:\/\/radiolitoral.com\/ca\/wp-json\/wp\/v2\/posts"}],"about":[{"href":"https:\/\/radiolitoral.com\/ca\/wp-json\/wp\/v2\/types\/post"}],"author":[{"embeddable":true,"href":"https:\/\/radiolitoral.com\/ca\/wp-json\/wp\/v2\/users\/14"}],"replies":[{"embeddable":true,"href":"https:\/\/radiolitoral.com\/ca\/wp-json\/wp\/v2\/comments?post=9885"}],"version-history":[{"count":1,"href":"https:\/\/radiolitoral.com\/ca\/wp-json\/wp\/v2\/posts\/9885\/revisions"}],"predecessor-version":[{"id":9886,"href":"https:\/\/radiolitoral.com\/ca\/wp-json\/wp\/v2\/posts\/9885\/revisions\/9886"}],"wp:featuredmedia":[{"embeddable":true,"href":"https:\/\/radiolitoral.com\/ca\/wp-json\/wp\/v2\/media\/6694"}],"wp:attachment":[{"href":"https:\/\/radiolitoral.com\/ca\/wp-json\/wp\/v2\/media?parent=9885"}],"wp:term":[{"taxonomy":"category","embeddable":true,"href":"https:\/\/radiolitoral.com\/ca\/wp-json\/wp\/v2\/categories?post=9885"},{"taxonomy":"post_tag","embeddable":true,"href":"https:\/\/radiolitoral.com\/ca\/wp-json\/wp\/v2\/tags?post=9885"}],"curies":[{"name":"wp","href":"https:\/\/api.w.org\/{rel}","templated":true}]}}