{"id":9869,"date":"2024-07-05T12:19:43","date_gmt":"2024-07-05T10:19:43","guid":{"rendered":"https:\/\/radiolitoral.com\/?p=9869"},"modified":"2024-07-05T12:19:43","modified_gmt":"2024-07-05T10:19:43","slug":"accions-violencia-de-genere-teulada-moraira","status":"publish","type":"post","link":"https:\/\/radiolitoral.com\/ca\/2024\/07\/acciones-violencia-de-genero-teulada-moraira\/","title":{"rendered":"Teulada Moraira impulsa noves accions contra la viol\u00e8ncia de g\u00e8nere amb una inversi\u00f3 de 14.755,65 \u20ac"},"content":{"rendered":"<p>L&#039;Ajuntament de Teulada ha anunciat la seva implicaci\u00f3 a la<strong> lluita contra la viol\u00e8ncia de g\u00e8nere<\/strong> amb una inversi\u00f3 de 14.755,65 \u20ac. Aquesta iniciativa forma part dels projectes finan\u00e7ats pels fons del pacte d&#039;estat contra la Viol\u00e8ncia de G\u00e8nere, per al per\u00edode 2023-2024, segons la Resoluci\u00f3 de 17 de juliol de 2023 de la Secret\u00e0ria d&#039;Estat d&#039;Igualtat i contra la Viol\u00e8ncia de G\u00e8nere G\u00e8nere.<\/p>\n<p>La regidora d&#039;Igualtat, <strong>Rosana Caselles<\/strong>, ha expressat la seva satisfacci\u00f3 amb aquestes accions, destacant: \u00ab\u00c9s fonamental que encara treballem en la sensibilitzaci\u00f3 i educaci\u00f3 per eradicar la viol\u00e8ncia de g\u00e8nere. Els fons rebuts ens permeten realitzar iniciatives que tenen un impacto directe a la nostra comunitat ia la vida de moltes dons.\u00bb<\/p>\n<p>Entre els <strong>activitats<\/strong> finan\u00e7ades per aquests fons es troben:<\/p>\n<p>\u2013 Punts Violeta: Durant les festes de Teulada Moraira, el novembre del 2023 i l&#039;abril del 2024, s&#039;instal\u00b7laran Punts Violeta als discom\u00f2bils, proporcionant un espai segur i de suport<\/p>\n<p>.- Obres de teatre de sensibilitzaci\u00f3: El novembre de 2023, es representaran dues obres de teatre, &#039;Fa\u00fcla&#039; i &#039;Crash Pum Zas \u00d1am Guau&#039;, dirigides al p\u00fablic general ia l&#039;alumnat de l&#039;IES Teulada, respectivament, amb l &#039;objectiu de conscienciar sobre la viol\u00e8ncia de g\u00e8nere i les seves conseq\u00fc\u00e8ncies.<\/p>\n<p>\u2013 V\u00eddeo de sensibilitzaci\u00f3: Amb motiu del Dia Internacional contra la Viol\u00e8ncia de G\u00e8nere 2023, es difondr\u00e0 un v\u00eddeo a les xarxes socials per sensibilitzar la poblaci\u00f3.<\/p>\n<p>\u2013 Material informatiu: Es distribuiran materials de conscienciaci\u00f3 sobre la viol\u00e8ncia de g\u00e8nere.<\/p>\n<p>\u2013 Tallers educatius: Entre gener i maig de 2024, es realitzaran tallers sobre afectivitat i sexualitat als col\u00b7legis Sant Vicent Ferrer i Cap d&#039;Or, ia l&#039;IES Teulada, adaptats a diferents grups d&#039;edat (6\u00e8 de prim\u00e0ria, 2n i 4t de secund\u00e0ria) per a la prevenci\u00f3 de la viol\u00e8ncia de g\u00e8nere.<\/p>\n<p>\u2013 Tallers coeducadors: Per als alumnes de primer i tercer cicle de prim\u00e0ria, es desenvoluparan tallers que promouen la igualtat de g\u00e8nere i la coeducaci\u00f3.<\/p>\n<p>Caselles ha subratllat la import\u00e0ncia d&#039;aquestes accions educatives: \u201cL&#039;educaci\u00f3 \u00e9s l&#039;eina m\u00e9s poderosa per prevenir la viol\u00e8ncia de g\u00e8nere. Treballant des de la inf\u00e0ncia a la igualtat i el respecte, estem construint una societat m\u00e9s justa i segura per a tots i totes.\u00bb<\/p>","protected":false},"excerpt":{"rendered":"<p>L&#8217;Ajuntament de Teulada ha anunciat la seua implicaci\u00f3 en la lluita contra la viol\u00e8ncia de g\u00e8nere amb una inversi\u00f3 de 14.755,65 \u20ac. Aquesta iniciativa forma part dels projectes finan\u00e7ats pels fons del pacte d&#8217;estat contra la Viol\u00e8ncia de G\u00e8nere, per al per\u00edode 2023-2024, segons la Resoluci\u00f3 de 17 de juliol de 2023 de la Secretaria [&#8230;]<\/p>\n<p><a class=\"btn btn-secondary understrap-read-more-link\" href=\"https:\/\/radiolitoral.com\/ca\/2024\/07\/acciones-violencia-de-genero-teulada-moraira\/\">Continua llegint&#8230;<span class=\"screen-reader-text\"> from Teulada Moraira impulsa noves accions contra la viol\u00e8ncia de g\u00e8nere amb una inversi\u00f3 de 14.755,65 \u20ac<\/span><\/a><\/p>\n","protected":false},"author":11,"featured_media":6435,"comment_status":"open","ping_status":"closed","sticky":false,"template":"","format":"standard","meta":{"_acf_changed":false,"inline_featured_image":false,"footnotes":""},"categories":[46],"tags":[147,1667,146,1666],"class_list":["post-9869","post","type-post","status-publish","format-standard","has-post-thumbnail","hentry","category-sociedad","tag-moraira","tag-presupuesto","tag-teulada","tag-violencia-de-genero","cobertura-teulada-moraira"],"acf":[],"yoast_head":"<!-- This site is optimized with the Yoast SEO plugin v27.5 - https:\/\/yoast.com\/product\/yoast-seo-wordpress\/ -->\n<title>Teulada Moraira impulsa noves accions contra la viol\u00e8ncia de g\u00e8nere amb una inversi\u00f3 de 14.755,65 \u20ac | R\u00e0dio Litoral<\/title>\n<meta name=\"description\" content=\"Aquesta iniciativa forma part dels projectes finan\u00e7ats pels fons del pacte d&#039;estat\" \/>\n<meta name=\"robots\" content=\"index, follow, max-snippet:-1, max-image-preview:large, max-video-preview:-1\" \/>\n<link rel=\"canonical\" href=\"https:\/\/radiolitoral.com\/ca\/2024\/07\/accions-violencia-de-genere-teulada-moraira\/\" \/>\n<meta property=\"og:locale\" content=\"ca_ES\" \/>\n<meta property=\"og:type\" content=\"article\" \/>\n<meta property=\"og:title\" content=\"Teulada Moraira impulsa noves accions contra la viol\u00e8ncia de g\u00e8nere amb una inversi\u00f3 de 14.755,65 \u20ac | R\u00e0dio Litoral\" \/>\n<meta property=\"og:description\" content=\"Aquesta iniciativa forma part dels projectes finan\u00e7ats pels fons del pacte d&#039;estat\" \/>\n<meta property=\"og:url\" content=\"https:\/\/radiolitoral.com\/ca\/2024\/07\/accions-violencia-de-genere-teulada-moraira\/\" \/>\n<meta property=\"og:site_name\" content=\"R\u00e0dio Litoral\" \/>\n<meta property=\"article:publisher\" content=\"https:\/\/www.facebook.com\/Laradiolitoral\/\" \/>\n<meta property=\"article:published_time\" content=\"2024-07-05T10:19:43+00:00\" \/>\n<meta property=\"og:image\" content=\"https:\/\/media.radiolitoral.com\/wp-content\/uploads\/2024\/01\/18150045\/Teulada.-ayto-puerta-ppal.jpg\" \/>\n\t<meta property=\"og:image:width\" content=\"1700\" \/>\n\t<meta property=\"og:image:height\" content=\"956\" \/>\n\t<meta property=\"og:image:type\" content=\"image\/jpeg\" \/>\n<meta name=\"author\" content=\"Redacci\u00f3n\" \/>\n<meta name=\"twitter:card\" content=\"summary_large_image\" \/>\n<meta name=\"twitter:label1\" content=\"Escrit per\" \/>\n\t<meta name=\"twitter:data1\" content=\"Redacci\u00f3n\" \/>\n\t<meta name=\"twitter:label2\" content=\"Temps estimat de lectura\" \/>\n\t<meta name=\"twitter:data2\" content=\"2 minuts\" \/>\n<script type=\"application\/ld+json\" class=\"yoast-schema-graph\">{\"@context\":\"https:\\\/\\\/schema.org\",\"@graph\":[{\"@type\":\"NewsArticle\",\"@id\":\"https:\\\/\\\/radiolitoral.com\\\/2024\\\/07\\\/acciones-violencia-de-genero-teulada-moraira\\\/#article\",\"isPartOf\":{\"@id\":\"https:\\\/\\\/radiolitoral.com\\\/2024\\\/07\\\/acciones-violencia-de-genero-teulada-moraira\\\/\"},\"author\":{\"name\":\"Redacci\u00f3n\",\"@id\":\"https:\\\/\\\/radiolitoral.com\\\/#\\\/schema\\\/person\\\/aaadc9e35663a92bd94a05f5816f296d\"},\"headline\":\"Teulada Moraira impulsa noves accions contra la viol\u00e8ncia de g\u00e8nere amb una inversi\u00f3 de 14.755,65 \u20ac\",\"datePublished\":\"2024-07-05T10:19:43+00:00\",\"mainEntityOfPage\":{\"@id\":\"https:\\\/\\\/radiolitoral.com\\\/2024\\\/07\\\/acciones-violencia-de-genero-teulada-moraira\\\/\"},\"wordCount\":418,\"commentCount\":0,\"publisher\":{\"@id\":\"https:\\\/\\\/radiolitoral.com\\\/#organization\"},\"image\":{\"@id\":\"https:\\\/\\\/radiolitoral.com\\\/2024\\\/07\\\/acciones-violencia-de-genero-teulada-moraira\\\/#primaryimage\"},\"thumbnailUrl\":\"https:\\\/\\\/media.radiolitoral.com\\\/wp-content\\\/uploads\\\/2024\\\/01\\\/18150045\\\/Teulada.-ayto-puerta-ppal.jpg\",\"keywords\":[\"Moraira\",\"presupuesto\",\"Teulada\",\"violencia de g\u00e9nero\"],\"articleSection\":[\"Sociedad\"],\"inLanguage\":\"ca\",\"potentialAction\":[{\"@type\":\"CommentAction\",\"name\":\"Comment\",\"target\":[\"https:\\\/\\\/radiolitoral.com\\\/2024\\\/07\\\/acciones-violencia-de-genero-teulada-moraira\\\/#respond\"]}]},{\"@type\":[\"WebPage\",\"ItemPage\"],\"@id\":\"https:\\\/\\\/radiolitoral.com\\\/2024\\\/07\\\/acciones-violencia-de-genero-teulada-moraira\\\/\",\"url\":\"https:\\\/\\\/radiolitoral.com\\\/2024\\\/07\\\/acciones-violencia-de-genero-teulada-moraira\\\/\",\"name\":\"Teulada Moraira impulsa noves accions contra la viol\u00e8ncia de g\u00e8nere amb una inversi\u00f3 de 14.755,65 \u20ac | R\u00e0dio Litoral\",\"isPartOf\":{\"@id\":\"https:\\\/\\\/radiolitoral.com\\\/#website\"},\"primaryImageOfPage\":{\"@id\":\"https:\\\/\\\/radiolitoral.com\\\/2024\\\/07\\\/acciones-violencia-de-genero-teulada-moraira\\\/#primaryimage\"},\"image\":{\"@id\":\"https:\\\/\\\/radiolitoral.com\\\/2024\\\/07\\\/acciones-violencia-de-genero-teulada-moraira\\\/#primaryimage\"},\"thumbnailUrl\":\"https:\\\/\\\/media.radiolitoral.com\\\/wp-content\\\/uploads\\\/2024\\\/01\\\/18150045\\\/Teulada.-ayto-puerta-ppal.jpg\",\"datePublished\":\"2024-07-05T10:19:43+00:00\",\"description\":\"Aquesta iniciativa forma part dels projectes finan\u00e7ats pels fons del pacte d'estat\",\"breadcrumb\":{\"@id\":\"https:\\\/\\\/radiolitoral.com\\\/2024\\\/07\\\/acciones-violencia-de-genero-teulada-moraira\\\/#breadcrumb\"},\"inLanguage\":\"ca\",\"potentialAction\":[{\"@type\":\"ReadAction\",\"target\":[\"https:\\\/\\\/radiolitoral.com\\\/2024\\\/07\\\/acciones-violencia-de-genero-teulada-moraira\\\/\"]}]},{\"@type\":\"ImageObject\",\"inLanguage\":\"ca\",\"@id\":\"https:\\\/\\\/radiolitoral.com\\\/2024\\\/07\\\/acciones-violencia-de-genero-teulada-moraira\\\/#primaryimage\",\"url\":\"https:\\\/\\\/media.radiolitoral.com\\\/wp-content\\\/uploads\\\/2024\\\/01\\\/18150045\\\/Teulada.-ayto-puerta-ppal.jpg\",\"contentUrl\":\"https:\\\/\\\/media.radiolitoral.com\\\/wp-content\\\/uploads\\\/2024\\\/01\\\/18150045\\\/Teulada.-ayto-puerta-ppal.jpg\",\"width\":1700,\"height\":956,\"caption\":\"Ay. Teulada | Redacci\u00f3\"},{\"@type\":\"BreadcrumbList\",\"@id\":\"https:\\\/\\\/radiolitoral.com\\\/2024\\\/07\\\/acciones-violencia-de-genero-teulada-moraira\\\/#breadcrumb\",\"itemListElement\":[{\"@type\":\"ListItem\",\"position\":1,\"name\":\"Portada\",\"item\":\"https:\\\/\\\/radiolitoral.com\\\/\"},{\"@type\":\"ListItem\",\"position\":2,\"name\":\"Teulada Moraira impulsa noves accions contra la viol\u00e8ncia de g\u00e8nere amb una inversi\u00f3 de 14.755,65 \u20ac\"}]},{\"@type\":\"WebSite\",\"@id\":\"https:\\\/\\\/radiolitoral.com\\\/#website\",\"url\":\"https:\\\/\\\/radiolitoral.com\\\/\",\"name\":\"Radio Litoral\",\"description\":\"La radio local de la Marina Alta\",\"publisher\":{\"@id\":\"https:\\\/\\\/radiolitoral.com\\\/#organization\"},\"alternateName\":\"Litoral FM\",\"potentialAction\":[{\"@type\":\"SearchAction\",\"target\":{\"@type\":\"EntryPoint\",\"urlTemplate\":\"https:\\\/\\\/radiolitoral.com\\\/?s={search_term_string}\"},\"query-input\":{\"@type\":\"PropertyValueSpecification\",\"valueRequired\":true,\"valueName\":\"search_term_string\"}}],\"inLanguage\":\"ca\"},{\"@type\":\"Organization\",\"@id\":\"https:\\\/\\\/radiolitoral.com\\\/#organization\",\"name\":\"Radio Litoral\",\"url\":\"https:\\\/\\\/radiolitoral.com\\\/\",\"logo\":{\"@type\":\"ImageObject\",\"inLanguage\":\"ca\",\"@id\":\"https:\\\/\\\/radiolitoral.com\\\/#\\\/schema\\\/logo\\\/image\\\/\",\"url\":\"https:\\\/\\\/media.radiolitoral.com\\\/wp-content\\\/uploads\\\/2023\\\/02\\\/24143238\\\/CL-V-RadioLitoral696.png\",\"contentUrl\":\"https:\\\/\\\/media.radiolitoral.com\\\/wp-content\\\/uploads\\\/2023\\\/02\\\/24143238\\\/CL-V-RadioLitoral696.png\",\"width\":696,\"height\":696,\"caption\":\"Radio Litoral\"},\"image\":{\"@id\":\"https:\\\/\\\/radiolitoral.com\\\/#\\\/schema\\\/logo\\\/image\\\/\"},\"sameAs\":[\"https:\\\/\\\/www.facebook.com\\\/Laradiolitoral\\\/\"]},{\"@type\":\"Person\",\"@id\":\"https:\\\/\\\/radiolitoral.com\\\/#\\\/schema\\\/person\\\/aaadc9e35663a92bd94a05f5816f296d\",\"name\":\"Redacci\u00f3n\",\"image\":{\"@type\":\"ImageObject\",\"inLanguage\":\"ca\",\"@id\":\"https:\\\/\\\/secure.gravatar.com\\\/avatar\\\/e4e253cf49afb8c76a2aca487577f1ff5c098c82b3cf2b0a85f03f83dcb96c31?s=96&d=mm&r=g\",\"url\":\"https:\\\/\\\/secure.gravatar.com\\\/avatar\\\/e4e253cf49afb8c76a2aca487577f1ff5c098c82b3cf2b0a85f03f83dcb96c31?s=96&d=mm&r=g\",\"contentUrl\":\"https:\\\/\\\/secure.gravatar.com\\\/avatar\\\/e4e253cf49afb8c76a2aca487577f1ff5c098c82b3cf2b0a85f03f83dcb96c31?s=96&d=mm&r=g\",\"caption\":\"Redacci\u00f3n\"},\"url\":\"https:\\\/\\\/radiolitoral.com\\\/ca\\\/author\\\/alba-alborch\\\/\"}]}<\/script>\n<!-- \/ Yoast SEO plugin. -->","yoast_head_json":{"title":"Teulada Moraira impulsa noves accions contra la viol\u00e8ncia de g\u00e8nere amb una inversi\u00f3 de 14.755,65\u20ac | R\u00e0dio Litoral","description":"Aquesta iniciativa forma part dels projectes finan\u00e7ats pels fons del pacte d&#039;estat","robots":{"index":"index","follow":"follow","max-snippet":"max-snippet:-1","max-image-preview":"max-image-preview:large","max-video-preview":"max-video-preview:-1"},"canonical":"https:\/\/radiolitoral.com\/ca\/2024\/07\/accions-violencia-de-genere-teulada-moraira\/","og_locale":"ca_ES","og_type":"article","og_title":"Teulada Moraira impulsa noves accions contra la viol\u00e8ncia de g\u00e8nere amb una inversi\u00f3 de 14.755,65 \u20ac | R\u00e0dio Litoral","og_description":"Aquesta iniciativa forma part dels projectes finan\u00e7ats pels fons del pacte d'estat","og_url":"https:\/\/radiolitoral.com\/ca\/2024\/07\/accions-violencia-de-genere-teulada-moraira\/","og_site_name":"R\u00e0dio Litoral","article_publisher":"https:\/\/www.facebook.com\/Laradiolitoral\/","article_published_time":"2024-07-05T10:19:43+00:00","og_image":[{"width":1700,"height":956,"url":"https:\/\/media.radiolitoral.com\/wp-content\/uploads\/2024\/01\/18150045\/Teulada.-ayto-puerta-ppal.jpg","type":"image\/jpeg"}],"author":"Redacci\u00f3n","twitter_card":"summary_large_image","twitter_misc":{"Escrit per":"Redacci\u00f3n","Temps estimat de lectura":"2 minuts"},"schema":{"@context":"https:\/\/schema.org","@graph":[{"@type":"NewsArticle","@id":"https:\/\/radiolitoral.com\/2024\/07\/acciones-violencia-de-genero-teulada-moraira\/#article","isPartOf":{"@id":"https:\/\/radiolitoral.com\/2024\/07\/acciones-violencia-de-genero-teulada-moraira\/"},"author":{"name":"Redacci\u00f3n","@id":"https:\/\/radiolitoral.com\/#\/schema\/person\/aaadc9e35663a92bd94a05f5816f296d"},"headline":"Teulada Moraira impulsa noves accions contra la viol\u00e8ncia de g\u00e8nere amb una inversi\u00f3 de 14.755,65 \u20ac","datePublished":"2024-07-05T10:19:43+00:00","mainEntityOfPage":{"@id":"https:\/\/radiolitoral.com\/2024\/07\/acciones-violencia-de-genero-teulada-moraira\/"},"wordCount":418,"commentCount":0,"publisher":{"@id":"https:\/\/radiolitoral.com\/#organization"},"image":{"@id":"https:\/\/radiolitoral.com\/2024\/07\/acciones-violencia-de-genero-teulada-moraira\/#primaryimage"},"thumbnailUrl":"https:\/\/media.radiolitoral.com\/wp-content\/uploads\/2024\/01\/18150045\/Teulada.-ayto-puerta-ppal.jpg","keywords":["Moraira","presupuesto","Teulada","violencia de g\u00e9nero"],"articleSection":["Sociedad"],"inLanguage":"ca","potentialAction":[{"@type":"CommentAction","name":"Comment","target":["https:\/\/radiolitoral.com\/2024\/07\/acciones-violencia-de-genero-teulada-moraira\/#respond"]}]},{"@type":["WebPage","ItemPage"],"@id":"https:\/\/radiolitoral.com\/2024\/07\/acciones-violencia-de-genero-teulada-moraira\/","url":"https:\/\/radiolitoral.com\/2024\/07\/acciones-violencia-de-genero-teulada-moraira\/","name":"Teulada Moraira impulsa noves accions contra la viol\u00e8ncia de g\u00e8nere amb una inversi\u00f3 de 14.755,65\u20ac | R\u00e0dio Litoral","isPartOf":{"@id":"https:\/\/radiolitoral.com\/#website"},"primaryImageOfPage":{"@id":"https:\/\/radiolitoral.com\/2024\/07\/acciones-violencia-de-genero-teulada-moraira\/#primaryimage"},"image":{"@id":"https:\/\/radiolitoral.com\/2024\/07\/acciones-violencia-de-genero-teulada-moraira\/#primaryimage"},"thumbnailUrl":"https:\/\/media.radiolitoral.com\/wp-content\/uploads\/2024\/01\/18150045\/Teulada.-ayto-puerta-ppal.jpg","datePublished":"2024-07-05T10:19:43+00:00","description":"Aquesta iniciativa forma part dels projectes finan\u00e7ats pels fons del pacte d&#039;estat","breadcrumb":{"@id":"https:\/\/radiolitoral.com\/2024\/07\/acciones-violencia-de-genero-teulada-moraira\/#breadcrumb"},"inLanguage":"ca","potentialAction":[{"@type":"ReadAction","target":["https:\/\/radiolitoral.com\/2024\/07\/acciones-violencia-de-genero-teulada-moraira\/"]}]},{"@type":"ImageObject","inLanguage":"ca","@id":"https:\/\/radiolitoral.com\/2024\/07\/acciones-violencia-de-genero-teulada-moraira\/#primaryimage","url":"https:\/\/media.radiolitoral.com\/wp-content\/uploads\/2024\/01\/18150045\/Teulada.-ayto-puerta-ppal.jpg","contentUrl":"https:\/\/media.radiolitoral.com\/wp-content\/uploads\/2024\/01\/18150045\/Teulada.-ayto-puerta-ppal.jpg","width":1700,"height":956,"caption":"Ay. Teulada | Redacci\u00f3"},{"@type":"BreadcrumbList","@id":"https:\/\/radiolitoral.com\/2024\/07\/acciones-violencia-de-genero-teulada-moraira\/#breadcrumb","itemListElement":[{"@type":"ListItem","position":1,"name":"Portada","item":"https:\/\/radiolitoral.com\/"},{"@type":"ListItem","position":2,"name":"Teulada Moraira impulsa noves accions contra la viol\u00e8ncia de g\u00e8nere amb una inversi\u00f3 de 14.755,65 \u20ac"}]},{"@type":"WebSite","@id":"https:\/\/radiolitoral.com\/#website","url":"https:\/\/radiolitoral.com\/","name":"R\u00e0dio Litoral","description":"La r\u00e0dio local de la Marina Alta","publisher":{"@id":"https:\/\/radiolitoral.com\/#organization"},"alternateName":"Litoral FM","potentialAction":[{"@type":"SearchAction","target":{"@type":"EntryPoint","urlTemplate":"https:\/\/radiolitoral.com\/?s={search_term_string}"},"query-input":{"@type":"PropertyValueSpecification","valueRequired":true,"valueName":"search_term_string"}}],"inLanguage":"ca"},{"@type":"Organization","@id":"https:\/\/radiolitoral.com\/#organization","name":"R\u00e0dio Litoral","url":"https:\/\/radiolitoral.com\/","logo":{"@type":"ImageObject","inLanguage":"ca","@id":"https:\/\/radiolitoral.com\/#\/schema\/logo\/image\/","url":"https:\/\/media.radiolitoral.com\/wp-content\/uploads\/2023\/02\/24143238\/CL-V-RadioLitoral696.png","contentUrl":"https:\/\/media.radiolitoral.com\/wp-content\/uploads\/2023\/02\/24143238\/CL-V-RadioLitoral696.png","width":696,"height":696,"caption":"Radio Litoral"},"image":{"@id":"https:\/\/radiolitoral.com\/#\/schema\/logo\/image\/"},"sameAs":["https:\/\/www.facebook.com\/Laradiolitoral\/"]},{"@type":"Person","@id":"https:\/\/radiolitoral.com\/#\/schema\/person\/aaadc9e35663a92bd94a05f5816f296d","name":"Redacci\u00f3","image":{"@type":"ImageObject","inLanguage":"ca","@id":"https:\/\/secure.gravatar.com\/avatar\/e4e253cf49afb8c76a2aca487577f1ff5c098c82b3cf2b0a85f03f83dcb96c31?s=96&d=mm&r=g","url":"https:\/\/secure.gravatar.com\/avatar\/e4e253cf49afb8c76a2aca487577f1ff5c098c82b3cf2b0a85f03f83dcb96c31?s=96&d=mm&r=g","contentUrl":"https:\/\/secure.gravatar.com\/avatar\/e4e253cf49afb8c76a2aca487577f1ff5c098c82b3cf2b0a85f03f83dcb96c31?s=96&d=mm&r=g","caption":"Redacci\u00f3n"},"url":"https:\/\/radiolitoral.com\/ca\/author\/alba-alborch\/"}]}},"_links":{"self":[{"href":"https:\/\/radiolitoral.com\/ca\/wp-json\/wp\/v2\/posts\/9869","targetHints":{"allow":["GET"]}}],"collection":[{"href":"https:\/\/radiolitoral.com\/ca\/wp-json\/wp\/v2\/posts"}],"about":[{"href":"https:\/\/radiolitoral.com\/ca\/wp-json\/wp\/v2\/types\/post"}],"author":[{"embeddable":true,"href":"https:\/\/radiolitoral.com\/ca\/wp-json\/wp\/v2\/users\/11"}],"replies":[{"embeddable":true,"href":"https:\/\/radiolitoral.com\/ca\/wp-json\/wp\/v2\/comments?post=9869"}],"version-history":[{"count":3,"href":"https:\/\/radiolitoral.com\/ca\/wp-json\/wp\/v2\/posts\/9869\/revisions"}],"predecessor-version":[{"id":9872,"href":"https:\/\/radiolitoral.com\/ca\/wp-json\/wp\/v2\/posts\/9869\/revisions\/9872"}],"wp:featuredmedia":[{"embeddable":true,"href":"https:\/\/radiolitoral.com\/ca\/wp-json\/wp\/v2\/media\/6435"}],"wp:attachment":[{"href":"https:\/\/radiolitoral.com\/ca\/wp-json\/wp\/v2\/media?parent=9869"}],"wp:term":[{"taxonomy":"category","embeddable":true,"href":"https:\/\/radiolitoral.com\/ca\/wp-json\/wp\/v2\/categories?post=9869"},{"taxonomy":"post_tag","embeddable":true,"href":"https:\/\/radiolitoral.com\/ca\/wp-json\/wp\/v2\/tags?post=9869"}],"curies":[{"name":"wp","href":"https:\/\/api.w.org\/{rel}","templated":true}]}}