{"id":9864,"date":"2024-07-05T10:20:11","date_gmt":"2024-07-05T08:20:11","guid":{"rendered":"https:\/\/radiolitoral.com\/?p=9864"},"modified":"2024-07-05T10:20:11","modified_gmt":"2024-07-05T08:20:11","slug":"primeres-incorporacions-al-cd-javea","status":"publish","type":"post","link":"https:\/\/radiolitoral.com\/ca\/2024\/07\/primeres-incorporacions-en-el-cd-javea\/","title":{"rendered":"Primeres incorporacions al CD X\u00e0bia"},"content":{"rendered":"<p>Despr\u00e9s d&#039;unes setmanes de descans, l&#039;entrenador del <strong>CD\u00a0<span class=\"hiddenSpellError\">X\u00e0bia<\/span><\/strong>,\u00a0<strong><span class=\"hiddenSpellError\">Juliol<\/span>\u00a0Ivorra<\/strong> s&#039;ha posat a la feina al costat del director Esportius, <strong>Rub\u00e9n\u00a0<span class=\"hiddenSpellError\">Ramiro<\/span><\/strong>, en la planificaci\u00f3 de la plantilla que la temporada que ve jugar\u00e0 a la 1a\u00a0<span class=\"hiddenSpellError\">FFCV<\/span>.<\/p>\n<p>El primer fitxatge que realitzat pel club blanc-i-vermell va ser el de <strong>Joan Signes<\/strong>, un jugador que ocupa el lloc de migcampista. Signes va ser un dels jugadors m\u00e9s destacats a la passada campanya a les files del <strong>Gorgos CF<\/strong>.<\/p>\n<p>La segona incorporaci\u00f3 \u00e9s la de <strong>Fede Aguilar<\/strong>, porter que viur\u00e0 la seva segona etapa a la porteria del CD X\u00e0bia, ja que va militar en aquest equip a l&#039;\u00e8poca en qu\u00e8 el t\u00e8cnic va ser <strong>Diego\u00a0<span class=\"hiddenSpellError\">Mi\u00f1ana<\/span><\/strong>. Fede la passada campanya defensar\u00e0 la porteria del <strong>CF L&#039;Olleria<\/strong>.<\/p>\n<p>Altres arribades a la plantilla blanc-i-roja s\u00f3n les del migcampista, <strong>Llegeixo<\/strong> que a dalt des del <strong>CD D\u00e9nia<\/strong> i la del del davanter brasiler,\u00a0<strong><span class=\"hiddenSpellError\">Gustau<\/span>\u00a0<span class=\"hiddenSpellError\">Lucenner<\/span><\/strong>, que aterreix des del futbol de Litu\u00e0nia.<\/p>\n<p>Des del club s&#039;ha confirmat les renovacions de;\u00a0<strong><span class=\"hiddenSpellError\">Ifeany<\/span>\u00a0Gabriel,\u00a0<span class=\"hiddenSpellError\">Obinna<\/span>\u00a0<span class=\"hiddenSpellError\">Keneth<\/span>,\u00a0<span class=\"hiddenSpellError\">Adri\u00e0<\/span>\u00a0Gil, Jorge Gonz\u00e1lez \u201c<span class=\"hiddenSpellError\">Pitu<\/span>\u201d,\u00a0<span class=\"hiddenSpellError\">Eli\u00e1n<\/span>, Jos\u00e9 Cabo, V\u00edctor\u00a0<span class=\"hiddenSpellError\">Caturla, Marcos Bisquert<\/span><\/strong>\u00a0i\u00a0<strong><span class=\"hiddenSpellError\">Aldo<\/span>\u00a0<span class=\"hiddenSpellError\">Michan<\/span><\/strong>. A m\u00e9s, continuar\u00e0 el mateix cos t\u00e8cnic que treballar\u00e0 al costat d&#039;Ivorra.<\/p>","protected":false},"excerpt":{"rendered":"<p>Despr\u00e9s d&#8217;unes setmanes de descans, l&#8217;entrenador del CD\u00a0J\u00e1vea,\u00a0Julio\u00a0Ivorra s&#8217;ha posat a la feina al costat del\u00a0director\u00a0Esportius, Rub\u00e9n\u00a0Ramiro, en la planificaci\u00f3 de la plantilla que la pr\u00f2xima temporada jugar\u00e0 en la 1a\u00a0FFCV. El primer fitxatge que realitzat pel club blanc-i-vermell va ser el de Joan Signes, un jugador que ocupa el lloc de migcampista. Signes va [&#8230;]<\/p>\n<p><a class=\"btn btn-secondary understrap-read-more-link\" href=\"https:\/\/radiolitoral.com\/ca\/2024\/07\/primeres-incorporacions-en-el-cd-javea\/\">Continua llegint&#8230;<span class=\"screen-reader-text\"> from Primeres incorporacions en el CD J\u00e1vea<\/span><\/a><\/p>\n","protected":false},"author":12,"featured_media":9865,"comment_status":"open","ping_status":"closed","sticky":false,"template":"","format":"standard","meta":{"_acf_changed":false,"inline_featured_image":false,"footnotes":""},"categories":[5],"tags":[893,1332,1664,6,1663,1662,1096,1665,1661,1503,1507],"class_list":["post-9864","post","type-post","status-publish","format-standard","has-post-thumbnail","hentry","category-deportes","tag-cd-denia","tag-cd-javea","tag-cf-lolleria","tag-deportes","tag-diego-minana","tag-fede-aguilar","tag-gorgos-cf","tag-gustavo-lucenner","tag-joan-signes","tag-julio-ivorra","tag-ruben-ramiro","cobertura-xabia"],"acf":[],"yoast_head":"<!-- This site is optimized with the Yoast SEO plugin v27.5 - https:\/\/yoast.com\/product\/yoast-seo-wordpress\/ -->\n<title>Primeres incorporacions en el CD J\u00e1vea | R\u00e0dio Litoral<\/title>\n<meta name=\"description\" content=\"La formaci\u00f3 blanc-i-vermella planifica la seua plantilla que sota la batuta de Julio Ivorra competir\u00e0 en 1a FFCV\" \/>\n<meta name=\"robots\" content=\"index, follow, max-snippet:-1, max-image-preview:large, max-video-preview:-1\" \/>\n<link rel=\"canonical\" href=\"https:\/\/radiolitoral.com\/ca\/2024\/07\/primeres-incorporacions-al-cd-javea\/\" \/>\n<meta property=\"og:locale\" content=\"ca_ES\" \/>\n<meta property=\"og:type\" content=\"article\" \/>\n<meta property=\"og:title\" content=\"Primeres incorporacions en el CD J\u00e1vea | R\u00e0dio Litoral\" \/>\n<meta property=\"og:description\" content=\"La formaci\u00f3 blanc-i-vermella planifica la seua plantilla que sota la batuta de Julio Ivorra competir\u00e0 en 1a FFCV\" \/>\n<meta property=\"og:url\" content=\"https:\/\/radiolitoral.com\/ca\/2024\/07\/primeres-incorporacions-al-cd-javea\/\" \/>\n<meta property=\"og:site_name\" content=\"R\u00e0dio Litoral\" \/>\n<meta property=\"article:publisher\" content=\"https:\/\/www.facebook.com\/Laradiolitoral\/\" \/>\n<meta property=\"article:published_time\" content=\"2024-07-05T08:20:11+00:00\" \/>\n<meta property=\"og:image\" content=\"https:\/\/radiolitoral.com\/wp-content\/uploads\/2024\/07\/DSC_0398-scaled.jpg\" \/>\n\t<meta property=\"og:image:width\" content=\"2560\" \/>\n\t<meta property=\"og:image:height\" content=\"1707\" \/>\n\t<meta property=\"og:image:type\" content=\"image\/jpeg\" \/>\n<meta name=\"author\" content=\"Javier Zamora\" \/>\n<meta name=\"twitter:card\" content=\"summary_large_image\" \/>\n<meta name=\"twitter:label1\" content=\"Escrit per\" \/>\n\t<meta name=\"twitter:data1\" content=\"Javier Zamora\" \/>\n\t<meta name=\"twitter:label2\" content=\"Temps estimat de lectura\" \/>\n\t<meta name=\"twitter:data2\" content=\"2 minuts\" \/>\n<script type=\"application\/ld+json\" class=\"yoast-schema-graph\">{\"@context\":\"https:\\\/\\\/schema.org\",\"@graph\":[{\"@type\":\"NewsArticle\",\"@id\":\"https:\\\/\\\/radiolitoral.com\\\/2024\\\/07\\\/primeres-incorporacions-en-el-cd-javea\\\/#article\",\"isPartOf\":{\"@id\":\"https:\\\/\\\/radiolitoral.com\\\/2024\\\/07\\\/primeres-incorporacions-en-el-cd-javea\\\/\"},\"author\":{\"name\":\"Javier Zamora\",\"@id\":\"https:\\\/\\\/radiolitoral.com\\\/#\\\/schema\\\/person\\\/7b1480b5caeb5acdd4ec6379caf62b22\"},\"headline\":\"Primeres incorporacions en el CD J\u00e1vea\",\"datePublished\":\"2024-07-05T08:20:11+00:00\",\"mainEntityOfPage\":{\"@id\":\"https:\\\/\\\/radiolitoral.com\\\/2024\\\/07\\\/primeres-incorporacions-en-el-cd-javea\\\/\"},\"wordCount\":230,\"commentCount\":0,\"publisher\":{\"@id\":\"https:\\\/\\\/radiolitoral.com\\\/#organization\"},\"image\":{\"@id\":\"https:\\\/\\\/radiolitoral.com\\\/2024\\\/07\\\/primeres-incorporacions-en-el-cd-javea\\\/#primaryimage\"},\"thumbnailUrl\":\"https:\\\/\\\/media.radiolitoral.com\\\/wp-content\\\/uploads\\\/2024\\\/07\\\/10112222\\\/DSC_0398-scaled.jpg\",\"keywords\":[\"CD D\u00e9nia\",\"CD J\u00e1vea\",\"CF\u00a0L\u2019Olleria\",\"deportes\",\"Diego\u00a0Mi\u00f1ana\",\"Fede Aguilar\",\"Gorgos CF\",\"Gustavo\u00a0Lucenner\",\"Joan Signes\",\"Julio Ivorra\",\"Rub\u00e9n Ramiro\"],\"articleSection\":[\"Deportes\"],\"inLanguage\":\"ca\",\"potentialAction\":[{\"@type\":\"CommentAction\",\"name\":\"Comment\",\"target\":[\"https:\\\/\\\/radiolitoral.com\\\/2024\\\/07\\\/primeres-incorporacions-en-el-cd-javea\\\/#respond\"]}]},{\"@type\":[\"WebPage\",\"ItemPage\"],\"@id\":\"https:\\\/\\\/radiolitoral.com\\\/2024\\\/07\\\/primeres-incorporacions-en-el-cd-javea\\\/\",\"url\":\"https:\\\/\\\/radiolitoral.com\\\/2024\\\/07\\\/primeres-incorporacions-en-el-cd-javea\\\/\",\"name\":\"Primeres incorporacions en el CD J\u00e1vea | R\u00e0dio Litoral\",\"isPartOf\":{\"@id\":\"https:\\\/\\\/radiolitoral.com\\\/#website\"},\"primaryImageOfPage\":{\"@id\":\"https:\\\/\\\/radiolitoral.com\\\/2024\\\/07\\\/primeres-incorporacions-en-el-cd-javea\\\/#primaryimage\"},\"image\":{\"@id\":\"https:\\\/\\\/radiolitoral.com\\\/2024\\\/07\\\/primeres-incorporacions-en-el-cd-javea\\\/#primaryimage\"},\"thumbnailUrl\":\"https:\\\/\\\/media.radiolitoral.com\\\/wp-content\\\/uploads\\\/2024\\\/07\\\/10112222\\\/DSC_0398-scaled.jpg\",\"datePublished\":\"2024-07-05T08:20:11+00:00\",\"description\":\"La formaci\u00f3 blanc-i-vermella planifica la seua plantilla que sota la batuta de Julio Ivorra competir\u00e0 en 1a FFCV\",\"breadcrumb\":{\"@id\":\"https:\\\/\\\/radiolitoral.com\\\/2024\\\/07\\\/primeres-incorporacions-en-el-cd-javea\\\/#breadcrumb\"},\"inLanguage\":\"ca\",\"potentialAction\":[{\"@type\":\"ReadAction\",\"target\":[\"https:\\\/\\\/radiolitoral.com\\\/2024\\\/07\\\/primeres-incorporacions-en-el-cd-javea\\\/\"]}]},{\"@type\":\"ImageObject\",\"inLanguage\":\"ca\",\"@id\":\"https:\\\/\\\/radiolitoral.com\\\/2024\\\/07\\\/primeres-incorporacions-en-el-cd-javea\\\/#primaryimage\",\"url\":\"https:\\\/\\\/media.radiolitoral.com\\\/wp-content\\\/uploads\\\/2024\\\/07\\\/10112222\\\/DSC_0398-scaled.jpg\",\"contentUrl\":\"https:\\\/\\\/media.radiolitoral.com\\\/wp-content\\\/uploads\\\/2024\\\/07\\\/10112222\\\/DSC_0398-scaled.jpg\",\"width\":2560,\"height\":1707},{\"@type\":\"BreadcrumbList\",\"@id\":\"https:\\\/\\\/radiolitoral.com\\\/2024\\\/07\\\/primeres-incorporacions-en-el-cd-javea\\\/#breadcrumb\",\"itemListElement\":[{\"@type\":\"ListItem\",\"position\":1,\"name\":\"Portada\",\"item\":\"https:\\\/\\\/radiolitoral.com\\\/\"},{\"@type\":\"ListItem\",\"position\":2,\"name\":\"Primeres incorporacions en el CD J\u00e1vea\"}]},{\"@type\":\"WebSite\",\"@id\":\"https:\\\/\\\/radiolitoral.com\\\/#website\",\"url\":\"https:\\\/\\\/radiolitoral.com\\\/\",\"name\":\"Radio Litoral\",\"description\":\"La radio local de la Marina Alta\",\"publisher\":{\"@id\":\"https:\\\/\\\/radiolitoral.com\\\/#organization\"},\"alternateName\":\"Litoral FM\",\"potentialAction\":[{\"@type\":\"SearchAction\",\"target\":{\"@type\":\"EntryPoint\",\"urlTemplate\":\"https:\\\/\\\/radiolitoral.com\\\/?s={search_term_string}\"},\"query-input\":{\"@type\":\"PropertyValueSpecification\",\"valueRequired\":true,\"valueName\":\"search_term_string\"}}],\"inLanguage\":\"ca\"},{\"@type\":\"Organization\",\"@id\":\"https:\\\/\\\/radiolitoral.com\\\/#organization\",\"name\":\"Radio Litoral\",\"url\":\"https:\\\/\\\/radiolitoral.com\\\/\",\"logo\":{\"@type\":\"ImageObject\",\"inLanguage\":\"ca\",\"@id\":\"https:\\\/\\\/radiolitoral.com\\\/#\\\/schema\\\/logo\\\/image\\\/\",\"url\":\"https:\\\/\\\/media.radiolitoral.com\\\/wp-content\\\/uploads\\\/2023\\\/02\\\/24143238\\\/CL-V-RadioLitoral696.png\",\"contentUrl\":\"https:\\\/\\\/media.radiolitoral.com\\\/wp-content\\\/uploads\\\/2023\\\/02\\\/24143238\\\/CL-V-RadioLitoral696.png\",\"width\":696,\"height\":696,\"caption\":\"Radio Litoral\"},\"image\":{\"@id\":\"https:\\\/\\\/radiolitoral.com\\\/#\\\/schema\\\/logo\\\/image\\\/\"},\"sameAs\":[\"https:\\\/\\\/www.facebook.com\\\/Laradiolitoral\\\/\"]},{\"@type\":\"Person\",\"@id\":\"https:\\\/\\\/radiolitoral.com\\\/#\\\/schema\\\/person\\\/7b1480b5caeb5acdd4ec6379caf62b22\",\"name\":\"Javier Zamora\",\"image\":{\"@type\":\"ImageObject\",\"inLanguage\":\"ca\",\"@id\":\"https:\\\/\\\/secure.gravatar.com\\\/avatar\\\/467a11f6918c7d619c4043fc6fa2d3853053107973f05b6e9c04ea6c4e3a7b3f?s=96&d=mm&r=g\",\"url\":\"https:\\\/\\\/secure.gravatar.com\\\/avatar\\\/467a11f6918c7d619c4043fc6fa2d3853053107973f05b6e9c04ea6c4e3a7b3f?s=96&d=mm&r=g\",\"contentUrl\":\"https:\\\/\\\/secure.gravatar.com\\\/avatar\\\/467a11f6918c7d619c4043fc6fa2d3853053107973f05b6e9c04ea6c4e3a7b3f?s=96&d=mm&r=g\",\"caption\":\"Javier Zamora\"},\"url\":\"https:\\\/\\\/radiolitoral.com\\\/ca\\\/author\\\/javier-zamora\\\/\"}]}<\/script>\n<!-- \/ Yoast SEO plugin. -->","yoast_head_json":{"title":"Primeres incorporacions al CD X\u00e0bia | R\u00e0dio Litoral","description":"La formaci\u00f3 blanc-i-roja planifica la seva plantilla que sota la batuta de Juliol Ivorra competir\u00e0 a 1a FFCV","robots":{"index":"index","follow":"follow","max-snippet":"max-snippet:-1","max-image-preview":"max-image-preview:large","max-video-preview":"max-video-preview:-1"},"canonical":"https:\/\/radiolitoral.com\/ca\/2024\/07\/primeres-incorporacions-al-cd-javea\/","og_locale":"ca_ES","og_type":"article","og_title":"Primeres incorporacions en el CD J\u00e1vea | R\u00e0dio Litoral","og_description":"La formaci\u00f3 blanc-i-vermella planifica la seua plantilla que sota la batuta de Julio Ivorra competir\u00e0 en 1a FFCV","og_url":"https:\/\/radiolitoral.com\/ca\/2024\/07\/primeres-incorporacions-al-cd-javea\/","og_site_name":"R\u00e0dio Litoral","article_publisher":"https:\/\/www.facebook.com\/Laradiolitoral\/","article_published_time":"2024-07-05T08:20:11+00:00","og_image":[{"width":2560,"height":1707,"url":"https:\/\/radiolitoral.com\/wp-content\/uploads\/2024\/07\/DSC_0398-scaled.jpg","type":"image\/jpeg"}],"author":"Javier Zamora","twitter_card":"summary_large_image","twitter_misc":{"Escrit per":"Javier Zamora","Temps estimat de lectura":"2 minuts"},"schema":{"@context":"https:\/\/schema.org","@graph":[{"@type":"NewsArticle","@id":"https:\/\/radiolitoral.com\/2024\/07\/primeres-incorporacions-en-el-cd-javea\/#article","isPartOf":{"@id":"https:\/\/radiolitoral.com\/2024\/07\/primeres-incorporacions-en-el-cd-javea\/"},"author":{"name":"Javier Zamora","@id":"https:\/\/radiolitoral.com\/#\/schema\/person\/7b1480b5caeb5acdd4ec6379caf62b22"},"headline":"Primeres incorporacions en el CD J\u00e1vea","datePublished":"2024-07-05T08:20:11+00:00","mainEntityOfPage":{"@id":"https:\/\/radiolitoral.com\/2024\/07\/primeres-incorporacions-en-el-cd-javea\/"},"wordCount":230,"commentCount":0,"publisher":{"@id":"https:\/\/radiolitoral.com\/#organization"},"image":{"@id":"https:\/\/radiolitoral.com\/2024\/07\/primeres-incorporacions-en-el-cd-javea\/#primaryimage"},"thumbnailUrl":"https:\/\/media.radiolitoral.com\/wp-content\/uploads\/2024\/07\/10112222\/DSC_0398-scaled.jpg","keywords":["CD D\u00e9nia","CD J\u00e1vea","CF\u00a0L\u2019Olleria","deportes","Diego\u00a0Mi\u00f1ana","Fede Aguilar","Gorgos CF","Gustavo\u00a0Lucenner","Joan Signes","Julio Ivorra","Rub\u00e9n Ramiro"],"articleSection":["Deportes"],"inLanguage":"ca","potentialAction":[{"@type":"CommentAction","name":"Comment","target":["https:\/\/radiolitoral.com\/2024\/07\/primeres-incorporacions-en-el-cd-javea\/#respond"]}]},{"@type":["WebPage","ItemPage"],"@id":"https:\/\/radiolitoral.com\/2024\/07\/primeres-incorporacions-en-el-cd-javea\/","url":"https:\/\/radiolitoral.com\/2024\/07\/primeres-incorporacions-en-el-cd-javea\/","name":"Primeres incorporacions al CD X\u00e0bia | R\u00e0dio Litoral","isPartOf":{"@id":"https:\/\/radiolitoral.com\/#website"},"primaryImageOfPage":{"@id":"https:\/\/radiolitoral.com\/2024\/07\/primeres-incorporacions-en-el-cd-javea\/#primaryimage"},"image":{"@id":"https:\/\/radiolitoral.com\/2024\/07\/primeres-incorporacions-en-el-cd-javea\/#primaryimage"},"thumbnailUrl":"https:\/\/media.radiolitoral.com\/wp-content\/uploads\/2024\/07\/10112222\/DSC_0398-scaled.jpg","datePublished":"2024-07-05T08:20:11+00:00","description":"La formaci\u00f3 blanc-i-roja planifica la seva plantilla que sota la batuta de Juliol Ivorra competir\u00e0 a 1a FFCV","breadcrumb":{"@id":"https:\/\/radiolitoral.com\/2024\/07\/primeres-incorporacions-en-el-cd-javea\/#breadcrumb"},"inLanguage":"ca","potentialAction":[{"@type":"ReadAction","target":["https:\/\/radiolitoral.com\/2024\/07\/primeres-incorporacions-en-el-cd-javea\/"]}]},{"@type":"ImageObject","inLanguage":"ca","@id":"https:\/\/radiolitoral.com\/2024\/07\/primeres-incorporacions-en-el-cd-javea\/#primaryimage","url":"https:\/\/media.radiolitoral.com\/wp-content\/uploads\/2024\/07\/10112222\/DSC_0398-scaled.jpg","contentUrl":"https:\/\/media.radiolitoral.com\/wp-content\/uploads\/2024\/07\/10112222\/DSC_0398-scaled.jpg","width":2560,"height":1707},{"@type":"BreadcrumbList","@id":"https:\/\/radiolitoral.com\/2024\/07\/primeres-incorporacions-en-el-cd-javea\/#breadcrumb","itemListElement":[{"@type":"ListItem","position":1,"name":"Portada","item":"https:\/\/radiolitoral.com\/"},{"@type":"ListItem","position":2,"name":"Primeres incorporacions en el CD J\u00e1vea"}]},{"@type":"WebSite","@id":"https:\/\/radiolitoral.com\/#website","url":"https:\/\/radiolitoral.com\/","name":"R\u00e0dio Litoral","description":"La r\u00e0dio local de la Marina Alta","publisher":{"@id":"https:\/\/radiolitoral.com\/#organization"},"alternateName":"Litoral FM","potentialAction":[{"@type":"SearchAction","target":{"@type":"EntryPoint","urlTemplate":"https:\/\/radiolitoral.com\/?s={search_term_string}"},"query-input":{"@type":"PropertyValueSpecification","valueRequired":true,"valueName":"search_term_string"}}],"inLanguage":"ca"},{"@type":"Organization","@id":"https:\/\/radiolitoral.com\/#organization","name":"R\u00e0dio Litoral","url":"https:\/\/radiolitoral.com\/","logo":{"@type":"ImageObject","inLanguage":"ca","@id":"https:\/\/radiolitoral.com\/#\/schema\/logo\/image\/","url":"https:\/\/media.radiolitoral.com\/wp-content\/uploads\/2023\/02\/24143238\/CL-V-RadioLitoral696.png","contentUrl":"https:\/\/media.radiolitoral.com\/wp-content\/uploads\/2023\/02\/24143238\/CL-V-RadioLitoral696.png","width":696,"height":696,"caption":"Radio Litoral"},"image":{"@id":"https:\/\/radiolitoral.com\/#\/schema\/logo\/image\/"},"sameAs":["https:\/\/www.facebook.com\/Laradiolitoral\/"]},{"@type":"Person","@id":"https:\/\/radiolitoral.com\/#\/schema\/person\/7b1480b5caeb5acdd4ec6379caf62b22","name":"Javier Zamora","image":{"@type":"ImageObject","inLanguage":"ca","@id":"https:\/\/secure.gravatar.com\/avatar\/467a11f6918c7d619c4043fc6fa2d3853053107973f05b6e9c04ea6c4e3a7b3f?s=96&d=mm&r=g","url":"https:\/\/secure.gravatar.com\/avatar\/467a11f6918c7d619c4043fc6fa2d3853053107973f05b6e9c04ea6c4e3a7b3f?s=96&d=mm&r=g","contentUrl":"https:\/\/secure.gravatar.com\/avatar\/467a11f6918c7d619c4043fc6fa2d3853053107973f05b6e9c04ea6c4e3a7b3f?s=96&d=mm&r=g","caption":"Javier Zamora"},"url":"https:\/\/radiolitoral.com\/ca\/author\/javier-zamora\/"}]}},"_links":{"self":[{"href":"https:\/\/radiolitoral.com\/ca\/wp-json\/wp\/v2\/posts\/9864","targetHints":{"allow":["GET"]}}],"collection":[{"href":"https:\/\/radiolitoral.com\/ca\/wp-json\/wp\/v2\/posts"}],"about":[{"href":"https:\/\/radiolitoral.com\/ca\/wp-json\/wp\/v2\/types\/post"}],"author":[{"embeddable":true,"href":"https:\/\/radiolitoral.com\/ca\/wp-json\/wp\/v2\/users\/12"}],"replies":[{"embeddable":true,"href":"https:\/\/radiolitoral.com\/ca\/wp-json\/wp\/v2\/comments?post=9864"}],"version-history":[{"count":2,"href":"https:\/\/radiolitoral.com\/ca\/wp-json\/wp\/v2\/posts\/9864\/revisions"}],"predecessor-version":[{"id":9867,"href":"https:\/\/radiolitoral.com\/ca\/wp-json\/wp\/v2\/posts\/9864\/revisions\/9867"}],"wp:featuredmedia":[{"embeddable":true,"href":"https:\/\/radiolitoral.com\/ca\/wp-json\/wp\/v2\/media\/9865"}],"wp:attachment":[{"href":"https:\/\/radiolitoral.com\/ca\/wp-json\/wp\/v2\/media?parent=9864"}],"wp:term":[{"taxonomy":"category","embeddable":true,"href":"https:\/\/radiolitoral.com\/ca\/wp-json\/wp\/v2\/categories?post=9864"},{"taxonomy":"post_tag","embeddable":true,"href":"https:\/\/radiolitoral.com\/ca\/wp-json\/wp\/v2\/tags?post=9864"}],"curies":[{"name":"wp","href":"https:\/\/api.w.org\/{rel}","templated":true}]}}