{"id":9855,"date":"2024-07-05T08:25:43","date_gmt":"2024-07-05T06:25:43","guid":{"rendered":"https:\/\/radiolitoral.com\/?p=9855"},"modified":"2024-07-05T08:25:43","modified_gmt":"2024-07-05T06:25:43","slug":"tristada-al-mon-del-cinema-amb-la-defuncio-de-carles-miralles-pastor-propietari-de-lautocine-drive-in-de-denia","status":"publish","type":"post","link":"https:\/\/radiolitoral.com\/ca\/2024\/07\/tristesa-en-el-mon-del-cinema-amb-la-defuncio-de-carles-miralles-pastor-propietari-de-lautocine-drive-in-de-denia\/","title":{"rendered":"Tristesa al m\u00f3n del cinema amb la defunci\u00f3 de Carles Miralles Pastor, propietari de l&#039;Autocine Drive In de D\u00e9nia"},"content":{"rendered":"<p>El gestor de cinemes i productor<strong> Carles Miralles Pastor, fundador, propietari i director de l&#039;Autocine Drive <span class=\"hiddenSpellError\">In<\/span> de D\u00e9nia<\/strong>, <strong>ha mort<\/strong> <span class=\"hiddenSuggestion\">aquest<\/span> dijous, 4 de juliol. <span class=\"hiddenSuggestion\">Aquest<\/span> autocinema, inaugurat el juny de 1979, \u00e9s el m\u00e9s antic de tota Espanya.<\/p>\n<p>Natural de Pego, Miralles era membre de l&#039;Acad\u00e8mia Valenciana de l&#039;Audiovisual (<span class=\"hiddenSpellError\">AVAV<\/span>), de l&#039;Associaci\u00f3 Valenciana Audiovisual de Productors Independents (<span class=\"hiddenSpellError\">AVAPI<\/span>) i de l&#039;Acad\u00e8mia de les Arts i les Ci\u00e8ncies Cinematogr\u00e0fiques d&#039;Espanya. El <strong>sepeli<\/strong> tindr\u00e0 lloc <span class=\"hiddenSuggestion\">aquest<\/span> dissabte, a la <strong>parr\u00f2quia de la Sagrada Fam\u00edlia, al Convent de Pego.<\/strong><\/p>\n<p>Miralles va iniciar la seva traject\u00f2ria professional el 1970, a Par\u00eds, al <span class=\"hiddenSpellError\">Conservatoire<\/span> de Cinema <span class=\"hiddenSpellError\">Fran\u00e7ais<\/span>, on cursar\u00e0 estudis de cinematografia. Fins al <strong>1979<\/strong>, va ser ajudant de producci\u00f3 i direcci\u00f3 a la productora francesa <span class=\"hiddenSpellError\">Sofracima<\/span>. Aquell any, el 9 de juny de 1979, <strong>va obrir l&#039;Autocine Drive <span class=\"hiddenSpellError\">In<\/span> a D\u00e9nia, el m\u00e9s longeu de tota Espanya.<\/strong><\/p>\n<h3>Traject\u00f2ria professional<\/h3>\n<p>El 1978 en va crear una <strong>empresa d&#039;exhibici\u00f3<\/strong> i va tornar al m\u00f3n de la <strong>producci\u00f3<\/strong> amb el documental &#039;<span class=\"hiddenSpellError\">Green<\/span> <span class=\"hiddenSpellError\">Paradise<\/span>&#039;, el videoclip &#039;Quina calitja&#039; de La Gossa Sorda o &#039;L&#039;Ovidi, el <span class=\"hiddenSpellError\">making<\/span> <span class=\"hiddenSpellError\">off<\/span> de la pel\u00b7l\u00edcula que mai no es va fer&#039;.<\/p>\n<p>Tamb\u00e9 ha participat al <strong>llargmetratge<\/strong> dirigit per <span class=\"hiddenSpellError\">Imanol<\/span> <span class=\"hiddenSpellError\">Uribe<\/span> &#039;Un Cam\u00ed <span class=\"hiddenSpellError\">vorejat<\/span> de <span class=\"hiddenSpellError\">Roses<\/span> <span class=\"hiddenSpellError\">Vermelles<\/span>&#039; ia les s\u00e8ries de televisi\u00f3 &#039;<span class=\"hiddenGrammarError\">Les<\/span> <span class=\"hiddenSpellError\">taronges<\/span> <span class=\"hiddenGrammarError\">d&#039;or<\/span>&#039; i &#039;El marqu\u00e8s del <span class=\"hiddenSpellError\">vi<\/span>\u2018&#039;.<\/p>\n<p>A la seva traject\u00f2ria tamb\u00e9 figura l&#039;<strong>explotaci\u00f3 de sals municipals a sessions comercials i de cineclub<\/strong>, concretament del cinema <span class=\"hiddenSpellError\">Ol\u00edmpia<\/span> d&#039;Oliva (des del 1991), el cinema <span class=\"hiddenSpellError\">Vict\u00f2ria<\/span> de Pego (1983-2000) i el cinema <span class=\"hiddenSpellError\">Alambra<\/span> de Calp (1998-2004). Ha col\u00b7laborat, aix\u00ed mateix, a <strong>diversos programes de cinema a r\u00e0dio i televisi\u00f3.<\/strong><\/p>\n<p>Tamb\u00e9 ha estat delegat a Par\u00eds del productor valenci\u00e0 Jos\u00e9 Mar\u00eda <span class=\"hiddenSpellError\">Pasqual<\/span> a la pel\u00b7l\u00edcula de <span class=\"hiddenSpellError\">Ricardo<\/span> Franco &#039;<span class=\"hiddenGrammarError\">Els<\/span> restes del <span class=\"hiddenSpellError\">naufragi<\/span>&#039; i ha estat ajudant de producci\u00f3 i de realitzaci\u00f3 en projectes com &#039;<span class=\"hiddenSpellError\">Popsy<\/span> Pop&#039; dirigida per <span class=\"hiddenSpellError\">Jean<\/span> <span class=\"hiddenSpellError\">Herman<\/span>, &#039;\u2018<span class=\"hiddenSpellError\">Massa<\/span> <span class=\"hiddenSpellError\">boniques<\/span> per ser <span class=\"hiddenSpellError\">honestes<\/span>&#039; de <span class=\"hiddenSpellError\">Richard<\/span> <span class=\"hiddenSpellError\">Balducci<\/span>, &#039;Els <span class=\"hiddenSpellError\">Hommes<\/span>&#039; de Daniel <span class=\"hiddenSpellError\">Vigne<\/span> o &#039;Taxi malva&#039; de <span class=\"hiddenSpellError\">Yves<\/span> <span class=\"hiddenSpellError\">Boisset<\/span>. El 2001, funda la companyia Aire de Cinema (<span class=\"hiddenSpellError\">ADC<\/span>).<\/p>","protected":false},"excerpt":{"rendered":"<p>El gestor de cinemes i productor Carles Miralles Pastor, fundador, propietari i director de l&#8217;Autocine Drive In de D\u00e9nia, ha mort aquest dijous, 4 de juliol. Aquest autocine, inaugurat el juny de 1979, \u00e9s el m\u00e9s antic de tota Espanya. Natural de Pego, Miralles era membre de l&#8217;Acad\u00e8mia Valenciana de l&#8217;Audiovisual (AVAV), de l&#8217;Associaci\u00f3 Valenciana [&#8230;]<\/p>\n<p><a class=\"btn btn-secondary understrap-read-more-link\" href=\"https:\/\/radiolitoral.com\/ca\/2024\/07\/tristesa-en-el-mon-del-cinema-amb-la-defuncio-de-carles-miralles-pastor-propietari-de-lautocine-drive-in-de-denia\/\">Continua llegint&#8230;<span class=\"screen-reader-text\"> from Tristesa en el m\u00f3n del cinema amb la defunci\u00f3 de Carles Miralles Pastor, propietari de l&#8217;Autocine Drive In de D\u00e9nia<\/span><\/a><\/p>\n","protected":false},"author":13,"featured_media":9856,"comment_status":"open","ping_status":"closed","sticky":false,"template":"","format":"standard","meta":{"_acf_changed":false,"inline_featured_image":false,"footnotes":""},"categories":[46],"tags":[1655,56,191,1656,194,1160],"class_list":["post-9855","post","type-post","status-publish","format-standard","has-post-thumbnail","hentry","category-sociedad","tag-autocine-drive-in","tag-cine","tag-denia","tag-obituario","tag-pego","tag-sociedad","cobertura-denia"],"acf":[],"yoast_head":"<!-- This site is optimized with the Yoast SEO plugin v27.5 - https:\/\/yoast.com\/product\/yoast-seo-wordpress\/ -->\n<title>Tristesa en el m\u00f3n del cinema amb la defunci\u00f3 de Carles Miralles Pastor, propietari de l&#039;Autocine Drive In de D\u00e9nia | R\u00e0dio Litoral<\/title>\n<meta name=\"description\" content=\"El sepeli tindr\u00e0 lloc aquest dissabte, a la parr\u00f2quia de la Sagrada Fam\u00edlia, al Convent de Pego El sepeli tindr\u00e0 lloc aquest dissabte, a la parr\u00f2quia de la Sagrada Fam\u00edlia, al Convent de Pego\" \/>\n<meta name=\"robots\" content=\"index, follow, max-snippet:-1, max-image-preview:large, max-video-preview:-1\" \/>\n<link rel=\"canonical\" href=\"https:\/\/radiolitoral.com\/ca\/2024\/07\/tristada-al-mon-del-cinema-amb-la-defuncio-de-carles-miralles-pastor-propietari-de-lautocine-drive-in-de-denia\/\" \/>\n<meta property=\"og:locale\" content=\"ca_ES\" \/>\n<meta property=\"og:type\" content=\"article\" \/>\n<meta property=\"og:title\" content=\"Tristesa en el m\u00f3n del cinema amb la defunci\u00f3 de Carles Miralles Pastor, propietari de l&#039;Autocine Drive In de D\u00e9nia | R\u00e0dio Litoral\" \/>\n<meta property=\"og:description\" content=\"El sepeli tindr\u00e0 lloc aquest dissabte, a la parr\u00f2quia de la Sagrada Fam\u00edlia, al Convent de Pego El sepeli tindr\u00e0 lloc aquest dissabte, a la parr\u00f2quia de la Sagrada Fam\u00edlia, al Convent de Pego\" \/>\n<meta property=\"og:url\" content=\"https:\/\/radiolitoral.com\/ca\/2024\/07\/tristada-al-mon-del-cinema-amb-la-defuncio-de-carles-miralles-pastor-propietari-de-lautocine-drive-in-de-denia\/\" \/>\n<meta property=\"og:site_name\" content=\"R\u00e0dio Litoral\" \/>\n<meta property=\"article:publisher\" content=\"https:\/\/www.facebook.com\/Laradiolitoral\/\" \/>\n<meta property=\"article:published_time\" content=\"2024-07-05T06:25:43+00:00\" \/>\n<meta property=\"og:image\" content=\"https:\/\/radiolitoral.com\/wp-content\/uploads\/2024\/07\/Carles-Miralles.jpg\" \/>\n\t<meta property=\"og:image:width\" content=\"2048\" \/>\n\t<meta property=\"og:image:height\" content=\"1536\" \/>\n\t<meta property=\"og:image:type\" content=\"image\/jpeg\" \/>\n<meta name=\"author\" content=\"Redacci\u00f3n\" \/>\n<meta name=\"twitter:card\" content=\"summary_large_image\" \/>\n<meta name=\"twitter:label1\" content=\"Escrit per\" \/>\n\t<meta name=\"twitter:data1\" content=\"Redacci\u00f3n\" \/>\n\t<meta name=\"twitter:label2\" content=\"Temps estimat de lectura\" \/>\n\t<meta name=\"twitter:data2\" content=\"2 minuts\" \/>\n<script type=\"application\/ld+json\" class=\"yoast-schema-graph\">{\"@context\":\"https:\\\/\\\/schema.org\",\"@graph\":[{\"@type\":\"NewsArticle\",\"@id\":\"https:\\\/\\\/radiolitoral.com\\\/2024\\\/07\\\/tristesa-en-el-mon-del-cinema-amb-la-defuncio-de-carles-miralles-pastor-propietari-de-lautocine-drive-in-de-denia\\\/#article\",\"isPartOf\":{\"@id\":\"https:\\\/\\\/radiolitoral.com\\\/2024\\\/07\\\/tristesa-en-el-mon-del-cinema-amb-la-defuncio-de-carles-miralles-pastor-propietari-de-lautocine-drive-in-de-denia\\\/\"},\"author\":{\"name\":\"Redacci\u00f3n\",\"@id\":\"https:\\\/\\\/radiolitoral.com\\\/#\\\/schema\\\/person\\\/f2b2343c49b5d721857cc1002bfdb151\"},\"headline\":\"Tristesa en el m\u00f3n del cinema amb la defunci\u00f3 de Carles Miralles Pastor, propietari de l&#8217;Autocine Drive In de D\u00e9nia\",\"datePublished\":\"2024-07-05T06:25:43+00:00\",\"mainEntityOfPage\":{\"@id\":\"https:\\\/\\\/radiolitoral.com\\\/2024\\\/07\\\/tristesa-en-el-mon-del-cinema-amb-la-defuncio-de-carles-miralles-pastor-propietari-de-lautocine-drive-in-de-denia\\\/\"},\"wordCount\":390,\"commentCount\":0,\"publisher\":{\"@id\":\"https:\\\/\\\/radiolitoral.com\\\/#organization\"},\"image\":{\"@id\":\"https:\\\/\\\/radiolitoral.com\\\/2024\\\/07\\\/tristesa-en-el-mon-del-cinema-amb-la-defuncio-de-carles-miralles-pastor-propietari-de-lautocine-drive-in-de-denia\\\/#primaryimage\"},\"thumbnailUrl\":\"https:\\\/\\\/media.radiolitoral.com\\\/wp-content\\\/uploads\\\/2024\\\/07\\\/10112231\\\/Carles-Miralles.jpg\",\"keywords\":[\"Autocine Drive In\",\"Cine\",\"D\u00e9nia\",\"obituario\",\"Pego\",\"sociedad\"],\"articleSection\":[\"Sociedad\"],\"inLanguage\":\"ca\",\"potentialAction\":[{\"@type\":\"CommentAction\",\"name\":\"Comment\",\"target\":[\"https:\\\/\\\/radiolitoral.com\\\/2024\\\/07\\\/tristesa-en-el-mon-del-cinema-amb-la-defuncio-de-carles-miralles-pastor-propietari-de-lautocine-drive-in-de-denia\\\/#respond\"]}]},{\"@type\":[\"WebPage\",\"ItemPage\"],\"@id\":\"https:\\\/\\\/radiolitoral.com\\\/2024\\\/07\\\/tristesa-en-el-mon-del-cinema-amb-la-defuncio-de-carles-miralles-pastor-propietari-de-lautocine-drive-in-de-denia\\\/\",\"url\":\"https:\\\/\\\/radiolitoral.com\\\/2024\\\/07\\\/tristesa-en-el-mon-del-cinema-amb-la-defuncio-de-carles-miralles-pastor-propietari-de-lautocine-drive-in-de-denia\\\/\",\"name\":\"Tristesa en el m\u00f3n del cinema amb la defunci\u00f3 de Carles Miralles Pastor, propietari de l'Autocine Drive In de D\u00e9nia | R\u00e0dio Litoral\",\"isPartOf\":{\"@id\":\"https:\\\/\\\/radiolitoral.com\\\/#website\"},\"primaryImageOfPage\":{\"@id\":\"https:\\\/\\\/radiolitoral.com\\\/2024\\\/07\\\/tristesa-en-el-mon-del-cinema-amb-la-defuncio-de-carles-miralles-pastor-propietari-de-lautocine-drive-in-de-denia\\\/#primaryimage\"},\"image\":{\"@id\":\"https:\\\/\\\/radiolitoral.com\\\/2024\\\/07\\\/tristesa-en-el-mon-del-cinema-amb-la-defuncio-de-carles-miralles-pastor-propietari-de-lautocine-drive-in-de-denia\\\/#primaryimage\"},\"thumbnailUrl\":\"https:\\\/\\\/media.radiolitoral.com\\\/wp-content\\\/uploads\\\/2024\\\/07\\\/10112231\\\/Carles-Miralles.jpg\",\"datePublished\":\"2024-07-05T06:25:43+00:00\",\"description\":\"El sepeli tindr\u00e0 lloc aquest dissabte, a la parr\u00f2quia de la Sagrada Fam\u00edlia, al Convent de Pego El sepeli tindr\u00e0 lloc aquest dissabte, a la parr\u00f2quia de la Sagrada Fam\u00edlia, al Convent de Pego\",\"breadcrumb\":{\"@id\":\"https:\\\/\\\/radiolitoral.com\\\/2024\\\/07\\\/tristesa-en-el-mon-del-cinema-amb-la-defuncio-de-carles-miralles-pastor-propietari-de-lautocine-drive-in-de-denia\\\/#breadcrumb\"},\"inLanguage\":\"ca\",\"potentialAction\":[{\"@type\":\"ReadAction\",\"target\":[\"https:\\\/\\\/radiolitoral.com\\\/2024\\\/07\\\/tristesa-en-el-mon-del-cinema-amb-la-defuncio-de-carles-miralles-pastor-propietari-de-lautocine-drive-in-de-denia\\\/\"]}]},{\"@type\":\"ImageObject\",\"inLanguage\":\"ca\",\"@id\":\"https:\\\/\\\/radiolitoral.com\\\/2024\\\/07\\\/tristesa-en-el-mon-del-cinema-amb-la-defuncio-de-carles-miralles-pastor-propietari-de-lautocine-drive-in-de-denia\\\/#primaryimage\",\"url\":\"https:\\\/\\\/media.radiolitoral.com\\\/wp-content\\\/uploads\\\/2024\\\/07\\\/10112231\\\/Carles-Miralles.jpg\",\"contentUrl\":\"https:\\\/\\\/media.radiolitoral.com\\\/wp-content\\\/uploads\\\/2024\\\/07\\\/10112231\\\/Carles-Miralles.jpg\",\"width\":2048,\"height\":1536},{\"@type\":\"BreadcrumbList\",\"@id\":\"https:\\\/\\\/radiolitoral.com\\\/2024\\\/07\\\/tristesa-en-el-mon-del-cinema-amb-la-defuncio-de-carles-miralles-pastor-propietari-de-lautocine-drive-in-de-denia\\\/#breadcrumb\",\"itemListElement\":[{\"@type\":\"ListItem\",\"position\":1,\"name\":\"Portada\",\"item\":\"https:\\\/\\\/radiolitoral.com\\\/\"},{\"@type\":\"ListItem\",\"position\":2,\"name\":\"Tristesa en el m\u00f3n del cinema amb la defunci\u00f3 de Carles Miralles Pastor, propietari de l&#8217;Autocine Drive In de D\u00e9nia\"}]},{\"@type\":\"WebSite\",\"@id\":\"https:\\\/\\\/radiolitoral.com\\\/#website\",\"url\":\"https:\\\/\\\/radiolitoral.com\\\/\",\"name\":\"Radio Litoral\",\"description\":\"La radio local de la Marina Alta\",\"publisher\":{\"@id\":\"https:\\\/\\\/radiolitoral.com\\\/#organization\"},\"alternateName\":\"Litoral FM\",\"potentialAction\":[{\"@type\":\"SearchAction\",\"target\":{\"@type\":\"EntryPoint\",\"urlTemplate\":\"https:\\\/\\\/radiolitoral.com\\\/?s={search_term_string}\"},\"query-input\":{\"@type\":\"PropertyValueSpecification\",\"valueRequired\":true,\"valueName\":\"search_term_string\"}}],\"inLanguage\":\"ca\"},{\"@type\":\"Organization\",\"@id\":\"https:\\\/\\\/radiolitoral.com\\\/#organization\",\"name\":\"Radio Litoral\",\"url\":\"https:\\\/\\\/radiolitoral.com\\\/\",\"logo\":{\"@type\":\"ImageObject\",\"inLanguage\":\"ca\",\"@id\":\"https:\\\/\\\/radiolitoral.com\\\/#\\\/schema\\\/logo\\\/image\\\/\",\"url\":\"https:\\\/\\\/media.radiolitoral.com\\\/wp-content\\\/uploads\\\/2023\\\/02\\\/24143238\\\/CL-V-RadioLitoral696.png\",\"contentUrl\":\"https:\\\/\\\/media.radiolitoral.com\\\/wp-content\\\/uploads\\\/2023\\\/02\\\/24143238\\\/CL-V-RadioLitoral696.png\",\"width\":696,\"height\":696,\"caption\":\"Radio Litoral\"},\"image\":{\"@id\":\"https:\\\/\\\/radiolitoral.com\\\/#\\\/schema\\\/logo\\\/image\\\/\"},\"sameAs\":[\"https:\\\/\\\/www.facebook.com\\\/Laradiolitoral\\\/\"]},{\"@type\":\"Person\",\"@id\":\"https:\\\/\\\/radiolitoral.com\\\/#\\\/schema\\\/person\\\/f2b2343c49b5d721857cc1002bfdb151\",\"name\":\"Redacci\u00f3n\",\"image\":{\"@type\":\"ImageObject\",\"inLanguage\":\"ca\",\"@id\":\"https:\\\/\\\/secure.gravatar.com\\\/avatar\\\/f771d896c203ad8b3382d7905cfcce5a5c9b008b84b3cd9114e9b9f4cb63f789?s=96&d=mm&r=g\",\"url\":\"https:\\\/\\\/secure.gravatar.com\\\/avatar\\\/f771d896c203ad8b3382d7905cfcce5a5c9b008b84b3cd9114e9b9f4cb63f789?s=96&d=mm&r=g\",\"contentUrl\":\"https:\\\/\\\/secure.gravatar.com\\\/avatar\\\/f771d896c203ad8b3382d7905cfcce5a5c9b008b84b3cd9114e9b9f4cb63f789?s=96&d=mm&r=g\",\"caption\":\"Redacci\u00f3n\"},\"url\":\"https:\\\/\\\/radiolitoral.com\\\/ca\\\/author\\\/miriam-pagan\\\/\"}]}<\/script>\n<!-- \/ Yoast SEO plugin. -->","yoast_head_json":{"title":"Tristesa al m\u00f3n del cinema amb la defunci\u00f3 de Carles Miralles Pastor, propietari de l&#039;Autocine Drive In de D\u00e9nia | R\u00e0dio Litoral","description":"El sepeli tindr\u00e0 lloc aquest dissabte, a la parr\u00f2quia de la Sagrada Fam\u00edlia, al Convent de Pego El sepeli tindr\u00e0 lloc aquest dissabte, a la parr\u00f2quia de la Sagrada Fam\u00edlia, al Convent de Pego","robots":{"index":"index","follow":"follow","max-snippet":"max-snippet:-1","max-image-preview":"max-image-preview:large","max-video-preview":"max-video-preview:-1"},"canonical":"https:\/\/radiolitoral.com\/ca\/2024\/07\/tristada-al-mon-del-cinema-amb-la-defuncio-de-carles-miralles-pastor-propietari-de-lautocine-drive-in-de-denia\/","og_locale":"ca_ES","og_type":"article","og_title":"Tristesa en el m\u00f3n del cinema amb la defunci\u00f3 de Carles Miralles Pastor, propietari de l'Autocine Drive In de D\u00e9nia | R\u00e0dio Litoral","og_description":"El sepeli tindr\u00e0 lloc aquest dissabte, a la parr\u00f2quia de la Sagrada Fam\u00edlia, al Convent de Pego El sepeli tindr\u00e0 lloc aquest dissabte, a la parr\u00f2quia de la Sagrada Fam\u00edlia, al Convent de Pego","og_url":"https:\/\/radiolitoral.com\/ca\/2024\/07\/tristada-al-mon-del-cinema-amb-la-defuncio-de-carles-miralles-pastor-propietari-de-lautocine-drive-in-de-denia\/","og_site_name":"R\u00e0dio Litoral","article_publisher":"https:\/\/www.facebook.com\/Laradiolitoral\/","article_published_time":"2024-07-05T06:25:43+00:00","og_image":[{"width":2048,"height":1536,"url":"https:\/\/radiolitoral.com\/wp-content\/uploads\/2024\/07\/Carles-Miralles.jpg","type":"image\/jpeg"}],"author":"Redacci\u00f3n","twitter_card":"summary_large_image","twitter_misc":{"Escrit per":"Redacci\u00f3n","Temps estimat de lectura":"2 minuts"},"schema":{"@context":"https:\/\/schema.org","@graph":[{"@type":"NewsArticle","@id":"https:\/\/radiolitoral.com\/2024\/07\/tristesa-en-el-mon-del-cinema-amb-la-defuncio-de-carles-miralles-pastor-propietari-de-lautocine-drive-in-de-denia\/#article","isPartOf":{"@id":"https:\/\/radiolitoral.com\/2024\/07\/tristesa-en-el-mon-del-cinema-amb-la-defuncio-de-carles-miralles-pastor-propietari-de-lautocine-drive-in-de-denia\/"},"author":{"name":"Redacci\u00f3n","@id":"https:\/\/radiolitoral.com\/#\/schema\/person\/f2b2343c49b5d721857cc1002bfdb151"},"headline":"Tristesa en el m\u00f3n del cinema amb la defunci\u00f3 de Carles Miralles Pastor, propietari de l&#8217;Autocine Drive In de D\u00e9nia","datePublished":"2024-07-05T06:25:43+00:00","mainEntityOfPage":{"@id":"https:\/\/radiolitoral.com\/2024\/07\/tristesa-en-el-mon-del-cinema-amb-la-defuncio-de-carles-miralles-pastor-propietari-de-lautocine-drive-in-de-denia\/"},"wordCount":390,"commentCount":0,"publisher":{"@id":"https:\/\/radiolitoral.com\/#organization"},"image":{"@id":"https:\/\/radiolitoral.com\/2024\/07\/tristesa-en-el-mon-del-cinema-amb-la-defuncio-de-carles-miralles-pastor-propietari-de-lautocine-drive-in-de-denia\/#primaryimage"},"thumbnailUrl":"https:\/\/media.radiolitoral.com\/wp-content\/uploads\/2024\/07\/10112231\/Carles-Miralles.jpg","keywords":["Autocine Drive In","Cine","D\u00e9nia","obituario","Pego","sociedad"],"articleSection":["Sociedad"],"inLanguage":"ca","potentialAction":[{"@type":"CommentAction","name":"Comment","target":["https:\/\/radiolitoral.com\/2024\/07\/tristesa-en-el-mon-del-cinema-amb-la-defuncio-de-carles-miralles-pastor-propietari-de-lautocine-drive-in-de-denia\/#respond"]}]},{"@type":["WebPage","ItemPage"],"@id":"https:\/\/radiolitoral.com\/2024\/07\/tristesa-en-el-mon-del-cinema-amb-la-defuncio-de-carles-miralles-pastor-propietari-de-lautocine-drive-in-de-denia\/","url":"https:\/\/radiolitoral.com\/2024\/07\/tristesa-en-el-mon-del-cinema-amb-la-defuncio-de-carles-miralles-pastor-propietari-de-lautocine-drive-in-de-denia\/","name":"Tristesa al m\u00f3n del cinema amb la defunci\u00f3 de Carles Miralles Pastor, propietari de l&#039;Autocine Drive In de D\u00e9nia | R\u00e0dio Litoral","isPartOf":{"@id":"https:\/\/radiolitoral.com\/#website"},"primaryImageOfPage":{"@id":"https:\/\/radiolitoral.com\/2024\/07\/tristesa-en-el-mon-del-cinema-amb-la-defuncio-de-carles-miralles-pastor-propietari-de-lautocine-drive-in-de-denia\/#primaryimage"},"image":{"@id":"https:\/\/radiolitoral.com\/2024\/07\/tristesa-en-el-mon-del-cinema-amb-la-defuncio-de-carles-miralles-pastor-propietari-de-lautocine-drive-in-de-denia\/#primaryimage"},"thumbnailUrl":"https:\/\/media.radiolitoral.com\/wp-content\/uploads\/2024\/07\/10112231\/Carles-Miralles.jpg","datePublished":"2024-07-05T06:25:43+00:00","description":"El sepeli tindr\u00e0 lloc aquest dissabte, a la parr\u00f2quia de la Sagrada Fam\u00edlia, al Convent de Pego El sepeli tindr\u00e0 lloc aquest dissabte, a la parr\u00f2quia de la Sagrada Fam\u00edlia, al Convent de Pego","breadcrumb":{"@id":"https:\/\/radiolitoral.com\/2024\/07\/tristesa-en-el-mon-del-cinema-amb-la-defuncio-de-carles-miralles-pastor-propietari-de-lautocine-drive-in-de-denia\/#breadcrumb"},"inLanguage":"ca","potentialAction":[{"@type":"ReadAction","target":["https:\/\/radiolitoral.com\/2024\/07\/tristesa-en-el-mon-del-cinema-amb-la-defuncio-de-carles-miralles-pastor-propietari-de-lautocine-drive-in-de-denia\/"]}]},{"@type":"ImageObject","inLanguage":"ca","@id":"https:\/\/radiolitoral.com\/2024\/07\/tristesa-en-el-mon-del-cinema-amb-la-defuncio-de-carles-miralles-pastor-propietari-de-lautocine-drive-in-de-denia\/#primaryimage","url":"https:\/\/media.radiolitoral.com\/wp-content\/uploads\/2024\/07\/10112231\/Carles-Miralles.jpg","contentUrl":"https:\/\/media.radiolitoral.com\/wp-content\/uploads\/2024\/07\/10112231\/Carles-Miralles.jpg","width":2048,"height":1536},{"@type":"BreadcrumbList","@id":"https:\/\/radiolitoral.com\/2024\/07\/tristesa-en-el-mon-del-cinema-amb-la-defuncio-de-carles-miralles-pastor-propietari-de-lautocine-drive-in-de-denia\/#breadcrumb","itemListElement":[{"@type":"ListItem","position":1,"name":"Portada","item":"https:\/\/radiolitoral.com\/"},{"@type":"ListItem","position":2,"name":"Tristesa en el m\u00f3n del cinema amb la defunci\u00f3 de Carles Miralles Pastor, propietari de l&#8217;Autocine Drive In de D\u00e9nia"}]},{"@type":"WebSite","@id":"https:\/\/radiolitoral.com\/#website","url":"https:\/\/radiolitoral.com\/","name":"R\u00e0dio Litoral","description":"La r\u00e0dio local de la Marina Alta","publisher":{"@id":"https:\/\/radiolitoral.com\/#organization"},"alternateName":"Litoral FM","potentialAction":[{"@type":"SearchAction","target":{"@type":"EntryPoint","urlTemplate":"https:\/\/radiolitoral.com\/?s={search_term_string}"},"query-input":{"@type":"PropertyValueSpecification","valueRequired":true,"valueName":"search_term_string"}}],"inLanguage":"ca"},{"@type":"Organization","@id":"https:\/\/radiolitoral.com\/#organization","name":"R\u00e0dio Litoral","url":"https:\/\/radiolitoral.com\/","logo":{"@type":"ImageObject","inLanguage":"ca","@id":"https:\/\/radiolitoral.com\/#\/schema\/logo\/image\/","url":"https:\/\/media.radiolitoral.com\/wp-content\/uploads\/2023\/02\/24143238\/CL-V-RadioLitoral696.png","contentUrl":"https:\/\/media.radiolitoral.com\/wp-content\/uploads\/2023\/02\/24143238\/CL-V-RadioLitoral696.png","width":696,"height":696,"caption":"Radio Litoral"},"image":{"@id":"https:\/\/radiolitoral.com\/#\/schema\/logo\/image\/"},"sameAs":["https:\/\/www.facebook.com\/Laradiolitoral\/"]},{"@type":"Person","@id":"https:\/\/radiolitoral.com\/#\/schema\/person\/f2b2343c49b5d721857cc1002bfdb151","name":"Redacci\u00f3","image":{"@type":"ImageObject","inLanguage":"ca","@id":"https:\/\/secure.gravatar.com\/avatar\/f771d896c203ad8b3382d7905cfcce5a5c9b008b84b3cd9114e9b9f4cb63f789?s=96&d=mm&r=g","url":"https:\/\/secure.gravatar.com\/avatar\/f771d896c203ad8b3382d7905cfcce5a5c9b008b84b3cd9114e9b9f4cb63f789?s=96&d=mm&r=g","contentUrl":"https:\/\/secure.gravatar.com\/avatar\/f771d896c203ad8b3382d7905cfcce5a5c9b008b84b3cd9114e9b9f4cb63f789?s=96&d=mm&r=g","caption":"Redacci\u00f3n"},"url":"https:\/\/radiolitoral.com\/ca\/author\/miriam-pagan\/"}]}},"_links":{"self":[{"href":"https:\/\/radiolitoral.com\/ca\/wp-json\/wp\/v2\/posts\/9855","targetHints":{"allow":["GET"]}}],"collection":[{"href":"https:\/\/radiolitoral.com\/ca\/wp-json\/wp\/v2\/posts"}],"about":[{"href":"https:\/\/radiolitoral.com\/ca\/wp-json\/wp\/v2\/types\/post"}],"author":[{"embeddable":true,"href":"https:\/\/radiolitoral.com\/ca\/wp-json\/wp\/v2\/users\/13"}],"replies":[{"embeddable":true,"href":"https:\/\/radiolitoral.com\/ca\/wp-json\/wp\/v2\/comments?post=9855"}],"version-history":[{"count":1,"href":"https:\/\/radiolitoral.com\/ca\/wp-json\/wp\/v2\/posts\/9855\/revisions"}],"predecessor-version":[{"id":9857,"href":"https:\/\/radiolitoral.com\/ca\/wp-json\/wp\/v2\/posts\/9855\/revisions\/9857"}],"wp:featuredmedia":[{"embeddable":true,"href":"https:\/\/radiolitoral.com\/ca\/wp-json\/wp\/v2\/media\/9856"}],"wp:attachment":[{"href":"https:\/\/radiolitoral.com\/ca\/wp-json\/wp\/v2\/media?parent=9855"}],"wp:term":[{"taxonomy":"category","embeddable":true,"href":"https:\/\/radiolitoral.com\/ca\/wp-json\/wp\/v2\/categories?post=9855"},{"taxonomy":"post_tag","embeddable":true,"href":"https:\/\/radiolitoral.com\/ca\/wp-json\/wp\/v2\/tags?post=9855"}],"curies":[{"name":"wp","href":"https:\/\/api.w.org\/{rel}","templated":true}]}}