{"id":9773,"date":"2024-07-03T10:39:25","date_gmt":"2024-07-03T08:39:25","guid":{"rendered":"https:\/\/radiolitoral.com\/?p=9773"},"modified":"2024-07-03T10:39:25","modified_gmt":"2024-07-03T08:39:25","slug":"ud-benissa-i-ud-ondarense-es-veuen-les-cares-a-1a-regional-valenta","status":"publish","type":"post","link":"https:\/\/radiolitoral.com\/ca\/2024\/07\/ud-benissa-i-ud-ondarense-es-veuen-les-cares-en-1a-regional-valenta\/","title":{"rendered":"UD Benissa i UD Ondarense es veuen les cares a 1a Regional Valenta"},"content":{"rendered":"<p>La <strong>Lliga Valenta<\/strong> de futbol femen\u00ed valenciana est\u00e0 llesta per a la nova temporada despr\u00e9s de la recent asamblea a la seu de la <strong>Federaci\u00f3 de Futbol de la Comunitat Valenciana<\/strong>, on es van definir els components dels tres grups de la Primera Regional. L&#039;emoci\u00f3 creix especialment al Grup Tercer, que reuneix equips de la prov\u00edncia d&#039;Alacant, incloent-hi dos destacats de la Marina Alta: la\u00a0<strong><span class=\"hiddenSpellError\">UD<\/span>\u00a0Benissa<\/strong> i la\u00a0<strong><span class=\"hiddenSpellError\">UD<\/span>\u00a0<span class=\"hiddenSpellError\">Ondarense<\/span><\/strong>.<\/p>\n<p>La\u00a0<span class=\"hiddenSpellError\">UD<\/span>\u00a0Benissa torna a competir en un terreny conegut, mantenint la seva posici\u00f3 a la categoria despr\u00e9s d&#039;una temporada plena d&#039;aprenentatges. D&#039;altra banda, la\u00a0<span class=\"hiddenSpellError\">UD<\/span>\u00a0<span class=\"hiddenSpellError\">Ondarense<\/span>, flamant subcampiona del seu grup a la Segona categoria, ascendir\u00e0 aquest any, portant noves expectatives i ambicions.<\/p>\n<p>El derbi entre aquests dos equips promet ser un dels punts \u00e0lgids de la temporada, no sols per la rivalitat local sin\u00f3 tamb\u00e9 pel potencial augment en la qualitat del joc que cada equip portar\u00e0. Aquest enfrontament \u00e9s un reflex del creixement del futbol femen\u00ed a la regi\u00f3, on cada partit \u00e9s una oportunitat per demostrar el talent emergent i la passi\u00f3 per l&#039;esport.<\/p>\n<p>Al Grup Tercer, a m\u00e9s de la\u00a0<span class=\"hiddenSpellError\">UD<\/span>\u00a0Benissa i la\u00a0<span class=\"hiddenSpellError\">UD<\/span>\u00a0<span class=\"hiddenSpellError\">Ondarense<\/span>, competiran equips com\u00a0<strong><span class=\"hiddenSpellError\">UD<\/span>\u00a0<span class=\"hiddenSpellError\">Petrelenc<\/span>,\u00a0<span class=\"hiddenSpellError\">CF<\/span>\u00a0Spa Alacant B, Santa Pola\u00a0<span class=\"hiddenSpellError\">CF<\/span>, Rojals\u00a0<span class=\"hiddenSpellError\">CF<\/span>, Mutxamel\u00a0<span class=\"hiddenSpellError\">CF<\/span>, Elx\u00a0<span class=\"hiddenSpellError\">CF<\/span>, CD\u00a0<span class=\"hiddenSpellError\">At<\/span>. Aspe,\u00a0<span class=\"hiddenSpellError\">SC<\/span>\u00a0Torrevella,\u00a0<span class=\"hiddenSpellError\">CF<\/span>\u00a0<span class=\"hiddenSpellError\">Monnegre<\/span>,\u00a0<span class=\"hiddenSpellError\">CF<\/span>\u00a0<span class=\"hiddenSpellError\">Intercity<\/span>\u00a0B, CD El Campello<\/strong> i\u00a0<strong><span class=\"hiddenSpellError\">CF<\/span>\u00a0La N\u00facia<\/strong> <strong>B<\/strong>. Aquesta formaci\u00f3 promet una lliga renyida i emocionant amb la diversitat de talent i estrat\u00e8gies que cada equip aportar\u00e0.<\/p>\n<p>L&#039;anticipaci\u00f3 creix amb cada dia que s&#039;acosta a l&#039;inici de la competici\u00f3, programada per al 20 d&#039;octubre, marcant el comen\u00e7ament d&#039;una temporada que sens dubte portar\u00e0 grans moments de futbol, desenvolupament de jugadors i, per descomptat , emocionants partits que capturessin l&#039;atenci\u00f3 d&#039;aficionats i seguidors de la Lliga Valenta.<\/p>","protected":false},"excerpt":{"rendered":"<p>La Lliga Valenta de futbol femen\u00ed valenciana est\u00e0 llesta per a la nova temporada despr\u00e9s de la recent assemblea en la seu de la Federaci\u00f3 de Futbol de la Comunitat Valenciana, on es van definir els components dels tres grups de la Primera Regional. L&#8217;emoci\u00f3 creix especialment en el Grup Tercer, que reunix equips de [&#8230;]<\/p>\n<p><a class=\"btn btn-secondary understrap-read-more-link\" href=\"https:\/\/radiolitoral.com\/ca\/2024\/07\/ud-benissa-i-ud-ondarense-es-veuen-les-cares-en-1a-regional-valenta\/\">Continua llegint&#8230;<span class=\"screen-reader-text\"> from UD Benissa i UD Ondarense es veuen les cares en 1a Regional Valenta<\/span><\/a><\/p>\n","protected":false},"author":12,"featured_media":9774,"comment_status":"open","ping_status":"closed","sticky":false,"template":"","format":"standard","meta":{"_acf_changed":false,"inline_featured_image":false,"footnotes":""},"categories":[5],"tags":[1632,1635,1634,1633,1628,6,1631,1224,1626,1630,1629,1070,1582,1100,1152,1627],"class_list":["post-9773","post","type-post","status-publish","format-standard","has-post-thumbnail","hentry","category-deportes","tag-cd-at-aspe","tag-cd-el-campello","tag-cf-intercity-b","tag-cf-monnegre","tag-cf-spa-alacant-b","tag-deportes","tag-elx-cf","tag-federacio-de-futbol-de-la-comunitat-valenciana","tag-lliga-valenta","tag-mutxamel-cf","tag-rojales-cf","tag-santa-pola-cf","tag-sc-torrevieja","tag-ud-benissa","tag-ud-ondarense","tag-ud-petrelense","cobertura-benissa"],"acf":[],"yoast_head":"<!-- This site is optimized with the Yoast SEO plugin v27.5 - https:\/\/yoast.com\/product\/yoast-seo-wordpress\/ -->\n<title>UD Benissa i UD Ondarense es veuen les cares en 1a Regional Valenta | R\u00e0dio Litoral<\/title>\n<meta name=\"description\" content=\"La competici\u00f3 en esta categoria del futbol femen\u00ed comen\u00e7ar\u00e0 el pr\u00f2xim 20 d&#039;octubre La competici\u00f3 en esta categoria del futbol femen\u00ed comen\u00e7ar\u00e0 el pr\u00f2xim 20 d&#039;octubre\" \/>\n<meta name=\"robots\" content=\"index, follow, max-snippet:-1, max-image-preview:large, max-video-preview:-1\" \/>\n<link rel=\"canonical\" href=\"https:\/\/radiolitoral.com\/ca\/2024\/07\/ud-benissa-i-ud-ondarense-es-veuen-les-cares-a-1a-regional-valenta\/\" \/>\n<meta property=\"og:locale\" content=\"ca_ES\" \/>\n<meta property=\"og:type\" content=\"article\" \/>\n<meta property=\"og:title\" content=\"UD Benissa i UD Ondarense es veuen les cares en 1a Regional Valenta | R\u00e0dio Litoral\" \/>\n<meta property=\"og:description\" content=\"La competici\u00f3 en esta categoria del futbol femen\u00ed comen\u00e7ar\u00e0 el pr\u00f2xim 20 d&#039;octubre La competici\u00f3 en esta categoria del futbol femen\u00ed comen\u00e7ar\u00e0 el pr\u00f2xim 20 d&#039;octubre\" \/>\n<meta property=\"og:url\" content=\"https:\/\/radiolitoral.com\/ca\/2024\/07\/ud-benissa-i-ud-ondarense-es-veuen-les-cares-a-1a-regional-valenta\/\" \/>\n<meta property=\"og:site_name\" content=\"R\u00e0dio Litoral\" \/>\n<meta property=\"article:publisher\" content=\"https:\/\/www.facebook.com\/Laradiolitoral\/\" \/>\n<meta property=\"article:published_time\" content=\"2024-07-03T08:39:25+00:00\" \/>\n<meta property=\"og:image\" content=\"https:\/\/media.radiolitoral.com\/wp-content\/uploads\/2024\/07\/01233104\/U.D.-Benissa-Femeni.jpg\" \/>\n\t<meta property=\"og:image:width\" content=\"900\" \/>\n\t<meta property=\"og:image:height\" content=\"618\" \/>\n\t<meta property=\"og:image:type\" content=\"image\/jpeg\" \/>\n<meta name=\"author\" content=\"Javier Zamora\" \/>\n<meta name=\"twitter:card\" content=\"summary_large_image\" \/>\n<meta name=\"twitter:label1\" content=\"Escrit per\" \/>\n\t<meta name=\"twitter:data1\" content=\"Javier Zamora\" \/>\n\t<meta name=\"twitter:label2\" content=\"Temps estimat de lectura\" \/>\n\t<meta name=\"twitter:data2\" content=\"2 minuts\" \/>\n<script type=\"application\/ld+json\" class=\"yoast-schema-graph\">{\"@context\":\"https:\\\/\\\/schema.org\",\"@graph\":[{\"@type\":\"NewsArticle\",\"@id\":\"https:\\\/\\\/radiolitoral.com\\\/2024\\\/07\\\/ud-benissa-i-ud-ondarense-es-veuen-les-cares-en-1a-regional-valenta\\\/#article\",\"isPartOf\":{\"@id\":\"https:\\\/\\\/radiolitoral.com\\\/2024\\\/07\\\/ud-benissa-i-ud-ondarense-es-veuen-les-cares-en-1a-regional-valenta\\\/\"},\"author\":{\"name\":\"Javier Zamora\",\"@id\":\"https:\\\/\\\/radiolitoral.com\\\/#\\\/schema\\\/person\\\/7b1480b5caeb5acdd4ec6379caf62b22\"},\"headline\":\"UD Benissa i UD Ondarense es veuen les cares en 1a Regional Valenta\",\"datePublished\":\"2024-07-03T08:39:25+00:00\",\"mainEntityOfPage\":{\"@id\":\"https:\\\/\\\/radiolitoral.com\\\/2024\\\/07\\\/ud-benissa-i-ud-ondarense-es-veuen-les-cares-en-1a-regional-valenta\\\/\"},\"wordCount\":328,\"commentCount\":0,\"publisher\":{\"@id\":\"https:\\\/\\\/radiolitoral.com\\\/#organization\"},\"image\":{\"@id\":\"https:\\\/\\\/radiolitoral.com\\\/2024\\\/07\\\/ud-benissa-i-ud-ondarense-es-veuen-les-cares-en-1a-regional-valenta\\\/#primaryimage\"},\"thumbnailUrl\":\"https:\\\/\\\/media.radiolitoral.com\\\/wp-content\\\/uploads\\\/2024\\\/07\\\/01233104\\\/U.D.-Benissa-Femeni.jpg\",\"keywords\":[\"CD\u00a0At. Aspe\",\"CD El Campello\",\"CF\u00a0Intercity\u00a0B\",\"CF\u00a0Monnegre\",\"CF\u00a0Spa Alacant B\",\"deportes\",\"Elx\u00a0CF\",\"Federaci\u00f3 de Futbol de la Comunitat Valenciana\",\"Lliga Valenta\",\"Mutxamel\u00a0CF\",\"Rojales\u00a0CF\",\"Santa Pola CF\",\"SC Torrevieja\",\"UD Benissa\",\"UD Ondarense\",\"UD\u00a0Petrelense\"],\"articleSection\":[\"Deportes\"],\"inLanguage\":\"ca\",\"potentialAction\":[{\"@type\":\"CommentAction\",\"name\":\"Comment\",\"target\":[\"https:\\\/\\\/radiolitoral.com\\\/2024\\\/07\\\/ud-benissa-i-ud-ondarense-es-veuen-les-cares-en-1a-regional-valenta\\\/#respond\"]}]},{\"@type\":[\"WebPage\",\"ItemPage\"],\"@id\":\"https:\\\/\\\/radiolitoral.com\\\/2024\\\/07\\\/ud-benissa-i-ud-ondarense-es-veuen-les-cares-en-1a-regional-valenta\\\/\",\"url\":\"https:\\\/\\\/radiolitoral.com\\\/2024\\\/07\\\/ud-benissa-i-ud-ondarense-es-veuen-les-cares-en-1a-regional-valenta\\\/\",\"name\":\"UD Benissa i UD Ondarense es veuen les cares en 1a Regional Valenta | R\u00e0dio Litoral\",\"isPartOf\":{\"@id\":\"https:\\\/\\\/radiolitoral.com\\\/#website\"},\"primaryImageOfPage\":{\"@id\":\"https:\\\/\\\/radiolitoral.com\\\/2024\\\/07\\\/ud-benissa-i-ud-ondarense-es-veuen-les-cares-en-1a-regional-valenta\\\/#primaryimage\"},\"image\":{\"@id\":\"https:\\\/\\\/radiolitoral.com\\\/2024\\\/07\\\/ud-benissa-i-ud-ondarense-es-veuen-les-cares-en-1a-regional-valenta\\\/#primaryimage\"},\"thumbnailUrl\":\"https:\\\/\\\/media.radiolitoral.com\\\/wp-content\\\/uploads\\\/2024\\\/07\\\/01233104\\\/U.D.-Benissa-Femeni.jpg\",\"datePublished\":\"2024-07-03T08:39:25+00:00\",\"description\":\"La competici\u00f3 en esta categoria del futbol femen\u00ed comen\u00e7ar\u00e0 el pr\u00f2xim 20 d'octubre La competici\u00f3 en esta categoria del futbol femen\u00ed comen\u00e7ar\u00e0 el pr\u00f2xim 20 d'octubre\",\"breadcrumb\":{\"@id\":\"https:\\\/\\\/radiolitoral.com\\\/2024\\\/07\\\/ud-benissa-i-ud-ondarense-es-veuen-les-cares-en-1a-regional-valenta\\\/#breadcrumb\"},\"inLanguage\":\"ca\",\"potentialAction\":[{\"@type\":\"ReadAction\",\"target\":[\"https:\\\/\\\/radiolitoral.com\\\/2024\\\/07\\\/ud-benissa-i-ud-ondarense-es-veuen-les-cares-en-1a-regional-valenta\\\/\"]}]},{\"@type\":\"ImageObject\",\"inLanguage\":\"ca\",\"@id\":\"https:\\\/\\\/radiolitoral.com\\\/2024\\\/07\\\/ud-benissa-i-ud-ondarense-es-veuen-les-cares-en-1a-regional-valenta\\\/#primaryimage\",\"url\":\"https:\\\/\\\/media.radiolitoral.com\\\/wp-content\\\/uploads\\\/2024\\\/07\\\/01233104\\\/U.D.-Benissa-Femeni.jpg\",\"contentUrl\":\"https:\\\/\\\/media.radiolitoral.com\\\/wp-content\\\/uploads\\\/2024\\\/07\\\/01233104\\\/U.D.-Benissa-Femeni.jpg\",\"width\":900,\"height\":618},{\"@type\":\"BreadcrumbList\",\"@id\":\"https:\\\/\\\/radiolitoral.com\\\/2024\\\/07\\\/ud-benissa-i-ud-ondarense-es-veuen-les-cares-en-1a-regional-valenta\\\/#breadcrumb\",\"itemListElement\":[{\"@type\":\"ListItem\",\"position\":1,\"name\":\"Portada\",\"item\":\"https:\\\/\\\/radiolitoral.com\\\/\"},{\"@type\":\"ListItem\",\"position\":2,\"name\":\"UD Benissa i UD Ondarense es veuen les cares en 1a Regional Valenta\"}]},{\"@type\":\"WebSite\",\"@id\":\"https:\\\/\\\/radiolitoral.com\\\/#website\",\"url\":\"https:\\\/\\\/radiolitoral.com\\\/\",\"name\":\"Radio Litoral\",\"description\":\"La radio local de la Marina Alta\",\"publisher\":{\"@id\":\"https:\\\/\\\/radiolitoral.com\\\/#organization\"},\"alternateName\":\"Litoral FM\",\"potentialAction\":[{\"@type\":\"SearchAction\",\"target\":{\"@type\":\"EntryPoint\",\"urlTemplate\":\"https:\\\/\\\/radiolitoral.com\\\/?s={search_term_string}\"},\"query-input\":{\"@type\":\"PropertyValueSpecification\",\"valueRequired\":true,\"valueName\":\"search_term_string\"}}],\"inLanguage\":\"ca\"},{\"@type\":\"Organization\",\"@id\":\"https:\\\/\\\/radiolitoral.com\\\/#organization\",\"name\":\"Radio Litoral\",\"url\":\"https:\\\/\\\/radiolitoral.com\\\/\",\"logo\":{\"@type\":\"ImageObject\",\"inLanguage\":\"ca\",\"@id\":\"https:\\\/\\\/radiolitoral.com\\\/#\\\/schema\\\/logo\\\/image\\\/\",\"url\":\"https:\\\/\\\/media.radiolitoral.com\\\/wp-content\\\/uploads\\\/2023\\\/02\\\/24143238\\\/CL-V-RadioLitoral696.png\",\"contentUrl\":\"https:\\\/\\\/media.radiolitoral.com\\\/wp-content\\\/uploads\\\/2023\\\/02\\\/24143238\\\/CL-V-RadioLitoral696.png\",\"width\":696,\"height\":696,\"caption\":\"Radio Litoral\"},\"image\":{\"@id\":\"https:\\\/\\\/radiolitoral.com\\\/#\\\/schema\\\/logo\\\/image\\\/\"},\"sameAs\":[\"https:\\\/\\\/www.facebook.com\\\/Laradiolitoral\\\/\"]},{\"@type\":\"Person\",\"@id\":\"https:\\\/\\\/radiolitoral.com\\\/#\\\/schema\\\/person\\\/7b1480b5caeb5acdd4ec6379caf62b22\",\"name\":\"Javier Zamora\",\"image\":{\"@type\":\"ImageObject\",\"inLanguage\":\"ca\",\"@id\":\"https:\\\/\\\/secure.gravatar.com\\\/avatar\\\/467a11f6918c7d619c4043fc6fa2d3853053107973f05b6e9c04ea6c4e3a7b3f?s=96&d=mm&r=g\",\"url\":\"https:\\\/\\\/secure.gravatar.com\\\/avatar\\\/467a11f6918c7d619c4043fc6fa2d3853053107973f05b6e9c04ea6c4e3a7b3f?s=96&d=mm&r=g\",\"contentUrl\":\"https:\\\/\\\/secure.gravatar.com\\\/avatar\\\/467a11f6918c7d619c4043fc6fa2d3853053107973f05b6e9c04ea6c4e3a7b3f?s=96&d=mm&r=g\",\"caption\":\"Javier Zamora\"},\"url\":\"https:\\\/\\\/radiolitoral.com\\\/ca\\\/author\\\/javier-zamora\\\/\"}]}<\/script>\n<!-- \/ Yoast SEO plugin. -->","yoast_head_json":{"title":"UD Benissa i UD Ondarense es veuen les cares a 1a Regional Valenta | R\u00e0dio Litoral","description":"La competici\u00f3 en aquesta categoria del futbol femen\u00ed comen\u00e7ar\u00e0 el proper 20 d&#039;octubre La competici\u00f3 en aquesta categoria del futbol femen\u00ed comen\u00e7ar\u00e0 el proper 20 d&#039;octubre","robots":{"index":"index","follow":"follow","max-snippet":"max-snippet:-1","max-image-preview":"max-image-preview:large","max-video-preview":"max-video-preview:-1"},"canonical":"https:\/\/radiolitoral.com\/ca\/2024\/07\/ud-benissa-i-ud-ondarense-es-veuen-les-cares-a-1a-regional-valenta\/","og_locale":"ca_ES","og_type":"article","og_title":"UD Benissa i UD Ondarense es veuen les cares en 1a Regional Valenta | R\u00e0dio Litoral","og_description":"La competici\u00f3 en esta categoria del futbol femen\u00ed comen\u00e7ar\u00e0 el pr\u00f2xim 20 d'octubre La competici\u00f3 en esta categoria del futbol femen\u00ed comen\u00e7ar\u00e0 el pr\u00f2xim 20 d'octubre","og_url":"https:\/\/radiolitoral.com\/ca\/2024\/07\/ud-benissa-i-ud-ondarense-es-veuen-les-cares-a-1a-regional-valenta\/","og_site_name":"R\u00e0dio Litoral","article_publisher":"https:\/\/www.facebook.com\/Laradiolitoral\/","article_published_time":"2024-07-03T08:39:25+00:00","og_image":[{"width":900,"height":618,"url":"https:\/\/media.radiolitoral.com\/wp-content\/uploads\/2024\/07\/01233104\/U.D.-Benissa-Femeni.jpg","type":"image\/jpeg"}],"author":"Javier Zamora","twitter_card":"summary_large_image","twitter_misc":{"Escrit per":"Javier Zamora","Temps estimat de lectura":"2 minuts"},"schema":{"@context":"https:\/\/schema.org","@graph":[{"@type":"NewsArticle","@id":"https:\/\/radiolitoral.com\/2024\/07\/ud-benissa-i-ud-ondarense-es-veuen-les-cares-en-1a-regional-valenta\/#article","isPartOf":{"@id":"https:\/\/radiolitoral.com\/2024\/07\/ud-benissa-i-ud-ondarense-es-veuen-les-cares-en-1a-regional-valenta\/"},"author":{"name":"Javier Zamora","@id":"https:\/\/radiolitoral.com\/#\/schema\/person\/7b1480b5caeb5acdd4ec6379caf62b22"},"headline":"UD Benissa i UD Ondarense es veuen les cares en 1a Regional Valenta","datePublished":"2024-07-03T08:39:25+00:00","mainEntityOfPage":{"@id":"https:\/\/radiolitoral.com\/2024\/07\/ud-benissa-i-ud-ondarense-es-veuen-les-cares-en-1a-regional-valenta\/"},"wordCount":328,"commentCount":0,"publisher":{"@id":"https:\/\/radiolitoral.com\/#organization"},"image":{"@id":"https:\/\/radiolitoral.com\/2024\/07\/ud-benissa-i-ud-ondarense-es-veuen-les-cares-en-1a-regional-valenta\/#primaryimage"},"thumbnailUrl":"https:\/\/media.radiolitoral.com\/wp-content\/uploads\/2024\/07\/01233104\/U.D.-Benissa-Femeni.jpg","keywords":["CD\u00a0At. Aspe","CD El Campello","CF\u00a0Intercity\u00a0B","CF\u00a0Monnegre","CF\u00a0Spa Alacant B","deportes","Elx\u00a0CF","Federaci\u00f3 de Futbol de la Comunitat Valenciana","Lliga Valenta","Mutxamel\u00a0CF","Rojales\u00a0CF","Santa Pola CF","SC Torrevieja","UD Benissa","UD Ondarense","UD\u00a0Petrelense"],"articleSection":["Deportes"],"inLanguage":"ca","potentialAction":[{"@type":"CommentAction","name":"Comment","target":["https:\/\/radiolitoral.com\/2024\/07\/ud-benissa-i-ud-ondarense-es-veuen-les-cares-en-1a-regional-valenta\/#respond"]}]},{"@type":["WebPage","ItemPage"],"@id":"https:\/\/radiolitoral.com\/2024\/07\/ud-benissa-i-ud-ondarense-es-veuen-les-cares-en-1a-regional-valenta\/","url":"https:\/\/radiolitoral.com\/2024\/07\/ud-benissa-i-ud-ondarense-es-veuen-les-cares-en-1a-regional-valenta\/","name":"UD Benissa i UD Ondarense es veuen les cares a 1a Regional Valenta | R\u00e0dio Litoral","isPartOf":{"@id":"https:\/\/radiolitoral.com\/#website"},"primaryImageOfPage":{"@id":"https:\/\/radiolitoral.com\/2024\/07\/ud-benissa-i-ud-ondarense-es-veuen-les-cares-en-1a-regional-valenta\/#primaryimage"},"image":{"@id":"https:\/\/radiolitoral.com\/2024\/07\/ud-benissa-i-ud-ondarense-es-veuen-les-cares-en-1a-regional-valenta\/#primaryimage"},"thumbnailUrl":"https:\/\/media.radiolitoral.com\/wp-content\/uploads\/2024\/07\/01233104\/U.D.-Benissa-Femeni.jpg","datePublished":"2024-07-03T08:39:25+00:00","description":"La competici\u00f3 en aquesta categoria del futbol femen\u00ed comen\u00e7ar\u00e0 el proper 20 d&#039;octubre La competici\u00f3 en aquesta categoria del futbol femen\u00ed comen\u00e7ar\u00e0 el proper 20 d&#039;octubre","breadcrumb":{"@id":"https:\/\/radiolitoral.com\/2024\/07\/ud-benissa-i-ud-ondarense-es-veuen-les-cares-en-1a-regional-valenta\/#breadcrumb"},"inLanguage":"ca","potentialAction":[{"@type":"ReadAction","target":["https:\/\/radiolitoral.com\/2024\/07\/ud-benissa-i-ud-ondarense-es-veuen-les-cares-en-1a-regional-valenta\/"]}]},{"@type":"ImageObject","inLanguage":"ca","@id":"https:\/\/radiolitoral.com\/2024\/07\/ud-benissa-i-ud-ondarense-es-veuen-les-cares-en-1a-regional-valenta\/#primaryimage","url":"https:\/\/media.radiolitoral.com\/wp-content\/uploads\/2024\/07\/01233104\/U.D.-Benissa-Femeni.jpg","contentUrl":"https:\/\/media.radiolitoral.com\/wp-content\/uploads\/2024\/07\/01233104\/U.D.-Benissa-Femeni.jpg","width":900,"height":618},{"@type":"BreadcrumbList","@id":"https:\/\/radiolitoral.com\/2024\/07\/ud-benissa-i-ud-ondarense-es-veuen-les-cares-en-1a-regional-valenta\/#breadcrumb","itemListElement":[{"@type":"ListItem","position":1,"name":"Portada","item":"https:\/\/radiolitoral.com\/"},{"@type":"ListItem","position":2,"name":"UD Benissa i UD Ondarense es veuen les cares en 1a Regional Valenta"}]},{"@type":"WebSite","@id":"https:\/\/radiolitoral.com\/#website","url":"https:\/\/radiolitoral.com\/","name":"R\u00e0dio Litoral","description":"La r\u00e0dio local de la Marina Alta","publisher":{"@id":"https:\/\/radiolitoral.com\/#organization"},"alternateName":"Litoral FM","potentialAction":[{"@type":"SearchAction","target":{"@type":"EntryPoint","urlTemplate":"https:\/\/radiolitoral.com\/?s={search_term_string}"},"query-input":{"@type":"PropertyValueSpecification","valueRequired":true,"valueName":"search_term_string"}}],"inLanguage":"ca"},{"@type":"Organization","@id":"https:\/\/radiolitoral.com\/#organization","name":"R\u00e0dio Litoral","url":"https:\/\/radiolitoral.com\/","logo":{"@type":"ImageObject","inLanguage":"ca","@id":"https:\/\/radiolitoral.com\/#\/schema\/logo\/image\/","url":"https:\/\/media.radiolitoral.com\/wp-content\/uploads\/2023\/02\/24143238\/CL-V-RadioLitoral696.png","contentUrl":"https:\/\/media.radiolitoral.com\/wp-content\/uploads\/2023\/02\/24143238\/CL-V-RadioLitoral696.png","width":696,"height":696,"caption":"Radio Litoral"},"image":{"@id":"https:\/\/radiolitoral.com\/#\/schema\/logo\/image\/"},"sameAs":["https:\/\/www.facebook.com\/Laradiolitoral\/"]},{"@type":"Person","@id":"https:\/\/radiolitoral.com\/#\/schema\/person\/7b1480b5caeb5acdd4ec6379caf62b22","name":"Javier Zamora","image":{"@type":"ImageObject","inLanguage":"ca","@id":"https:\/\/secure.gravatar.com\/avatar\/467a11f6918c7d619c4043fc6fa2d3853053107973f05b6e9c04ea6c4e3a7b3f?s=96&d=mm&r=g","url":"https:\/\/secure.gravatar.com\/avatar\/467a11f6918c7d619c4043fc6fa2d3853053107973f05b6e9c04ea6c4e3a7b3f?s=96&d=mm&r=g","contentUrl":"https:\/\/secure.gravatar.com\/avatar\/467a11f6918c7d619c4043fc6fa2d3853053107973f05b6e9c04ea6c4e3a7b3f?s=96&d=mm&r=g","caption":"Javier Zamora"},"url":"https:\/\/radiolitoral.com\/ca\/author\/javier-zamora\/"}]}},"_links":{"self":[{"href":"https:\/\/radiolitoral.com\/ca\/wp-json\/wp\/v2\/posts\/9773","targetHints":{"allow":["GET"]}}],"collection":[{"href":"https:\/\/radiolitoral.com\/ca\/wp-json\/wp\/v2\/posts"}],"about":[{"href":"https:\/\/radiolitoral.com\/ca\/wp-json\/wp\/v2\/types\/post"}],"author":[{"embeddable":true,"href":"https:\/\/radiolitoral.com\/ca\/wp-json\/wp\/v2\/users\/12"}],"replies":[{"embeddable":true,"href":"https:\/\/radiolitoral.com\/ca\/wp-json\/wp\/v2\/comments?post=9773"}],"version-history":[{"count":2,"href":"https:\/\/radiolitoral.com\/ca\/wp-json\/wp\/v2\/posts\/9773\/revisions"}],"predecessor-version":[{"id":9776,"href":"https:\/\/radiolitoral.com\/ca\/wp-json\/wp\/v2\/posts\/9773\/revisions\/9776"}],"wp:featuredmedia":[{"embeddable":true,"href":"https:\/\/radiolitoral.com\/ca\/wp-json\/wp\/v2\/media\/9774"}],"wp:attachment":[{"href":"https:\/\/radiolitoral.com\/ca\/wp-json\/wp\/v2\/media?parent=9773"}],"wp:term":[{"taxonomy":"category","embeddable":true,"href":"https:\/\/radiolitoral.com\/ca\/wp-json\/wp\/v2\/categories?post=9773"},{"taxonomy":"post_tag","embeddable":true,"href":"https:\/\/radiolitoral.com\/ca\/wp-json\/wp\/v2\/tags?post=9773"}],"curies":[{"name":"wp","href":"https:\/\/api.w.org\/{rel}","templated":true}]}}