{"id":9766,"date":"2024-07-01T11:59:42","date_gmt":"2024-07-01T09:59:42","guid":{"rendered":"https:\/\/radiolitoral.com\/?p=9766"},"modified":"2024-07-01T11:59:42","modified_gmt":"2024-07-01T09:59:42","slug":"activitats-condemnats-a-la-vorera-denia","status":"publish","type":"post","link":"https:\/\/radiolitoral.com\/ca\/2024\/07\/activitats-condenados-al-bordillo-denia\/","title":{"rendered":"Gaudint l&#039;Estiu 2024: Un estiu d&#039;inclusi\u00f3 i activitats per a persones amb capacitats diferents"},"content":{"rendered":"<p>Aquest estiu, l&#039;associaci\u00f3 Condemnats al Bordillo ha posat en marxa el programa \u00ab<strong>Gaudint l&#039;Estiu 2024<\/strong>\u00ab, amb l&#039;objectiu de mantenir les activitats que es duen a terme durant l&#039;any, tamb\u00e9 en el per\u00edode estival.<\/p>\n<p>Durant els mesos de juliol i agost, m\u00e9s de 50 usuaris amb diferents capacitats i edats participaran al programa. Per dur-ho a terme, es contractaran 11 treballadors, cinc dels quals seran<strong> persones amb discapacitat<\/strong>.<\/p>\n<p>El programa te dos <strong>objectius<\/strong> principals: proporcionar un respir als familiars i desenvolupar una s\u00e8rie d&#039;activitats adre\u00e7ades a persones amb capacitats diferents, per fomentar la seva autonomia personal.<\/p>\n<p>\u2013 <strong>Treball grupal<\/strong>: De dilluns a divendres de 9:00 a 13:30 a les instal\u00b7lacions de l&#039;IES Maria Ibars. Els participants es dividiran en grups segons les seues caracter\u00edstiques i participaran en activitats recreatives, esportives, pl\u00e0stiques i de lectura, amb l&#039;objectiu de promoure la participaci\u00f3 de tots, independentment de les seues capacitats.<\/p>\n<p>\u2013 <strong>Banys<\/strong>: A les vesprades, a les instal\u00b7lacions d&#039;Aqualia ia les platges de D\u00e9nia. Aquest servei \u00e9s dirigit a grans dependents (persones que es desplacen en silla de rodes). L&#039;aigua facilita el moviment i el despla\u00e7ament, oferint la possibilitat d&#039;alliberar-se de les cadires de rodes per uns instants.<\/p>\n<p>\u2013 <strong>Senderisme i descansos<\/strong>: Recorreguts per diferents punts de D\u00e9nia (via verda, Montg\u00f3) i algun cap de setmana de descans.<\/p>","protected":false},"excerpt":{"rendered":"<p>Aquest estiu, l&#8217;associaci\u00f3 Condenados al Bordillo ha posat en marxa el programa \u00abGaudint l&#8217;Estiu 2024\u00ab, amb l&#8217;objectiu de mantenir les activitats que es duen a terme durant l&#8217;any, tamb\u00e9 en el per\u00edode estival. Durant els mesos de juliol i agost, m\u00e9s de 50 usuaris amb diferents capacitats i edats participaran en el programa. Per a [&#8230;]<\/p>\n<p><a class=\"btn btn-secondary understrap-read-more-link\" href=\"https:\/\/radiolitoral.com\/ca\/2024\/07\/activitats-condenados-al-bordillo-denia\/\">Continua llegint&#8230;<span class=\"screen-reader-text\"> from \u00abGaudint l&#8217;Estiu 2024\u00bb: Un estiu d&#8217;inclusi\u00f3 i activitats per a persones amb capacitats diferents<\/span><\/a><\/p>\n","protected":false},"author":11,"featured_media":9768,"comment_status":"open","ping_status":"closed","sticky":false,"template":"","format":"standard","meta":{"_acf_changed":false,"inline_featured_image":false,"footnotes":""},"categories":[855],"tags":[7,1625,314,715,1425],"class_list":["post-9766","post","type-post","status-publish","format-standard","has-post-thumbnail","hentry","category-solidaridad","tag-actividades","tag-condenados-al-bordillo","tag-marina-alta","tag-solidaridad","tag-verano","cobertura-marina-alta"],"acf":[],"yoast_head":"<!-- This site is optimized with the Yoast SEO plugin v27.5 - https:\/\/yoast.com\/product\/yoast-seo-wordpress\/ -->\n<title>&quot;Gaudint l&#039;Estiu 2024&quot;: Un estiu d&#039;inclusi\u00f3 i activitats per a persones amb capacitats diferents | R\u00e0dio Litoral<\/title>\n<meta name=\"description\" content=\"El programa de Condenados al Bordillo ofereix activitats diverses durant juliol i agost, fomentant l&#039;autonomia personal\" \/>\n<meta name=\"robots\" content=\"index, follow, max-snippet:-1, max-image-preview:large, max-video-preview:-1\" \/>\n<link rel=\"canonical\" href=\"https:\/\/radiolitoral.com\/ca\/2024\/07\/activitats-condemnats-a-la-vorera-denia\/\" \/>\n<meta property=\"og:locale\" content=\"ca_ES\" \/>\n<meta property=\"og:type\" content=\"article\" \/>\n<meta property=\"og:title\" content=\"&quot;Gaudint l&#039;Estiu 2024&quot;: Un estiu d&#039;inclusi\u00f3 i activitats per a persones amb capacitats diferents | R\u00e0dio Litoral\" \/>\n<meta property=\"og:description\" content=\"El programa de Condenados al Bordillo ofereix activitats diverses durant juliol i agost, fomentant l&#039;autonomia personal\" \/>\n<meta property=\"og:url\" content=\"https:\/\/radiolitoral.com\/ca\/2024\/07\/activitats-condemnats-a-la-vorera-denia\/\" \/>\n<meta property=\"og:site_name\" content=\"R\u00e0dio Litoral\" \/>\n<meta property=\"article:publisher\" content=\"https:\/\/www.facebook.com\/Laradiolitoral\/\" \/>\n<meta property=\"article:published_time\" content=\"2024-07-01T09:59:42+00:00\" \/>\n<meta property=\"og:image\" content=\"https:\/\/radiolitoral.com\/wp-content\/uploads\/2024\/07\/CONDENADOS-AL-BORDILLO-2.jpg\" \/>\n\t<meta property=\"og:image:width\" content=\"2016\" \/>\n\t<meta property=\"og:image:height\" content=\"1512\" \/>\n\t<meta property=\"og:image:type\" content=\"image\/jpeg\" \/>\n<meta name=\"author\" content=\"Redacci\u00f3n\" \/>\n<meta name=\"twitter:card\" content=\"summary_large_image\" \/>\n<meta name=\"twitter:label1\" content=\"Escrit per\" \/>\n\t<meta name=\"twitter:data1\" content=\"Redacci\u00f3n\" \/>\n\t<meta name=\"twitter:label2\" content=\"Temps estimat de lectura\" \/>\n\t<meta name=\"twitter:data2\" content=\"2 minuts\" \/>\n<script type=\"application\/ld+json\" class=\"yoast-schema-graph\">{\"@context\":\"https:\\\/\\\/schema.org\",\"@graph\":[{\"@type\":\"NewsArticle\",\"@id\":\"https:\\\/\\\/radiolitoral.com\\\/2024\\\/07\\\/activitats-condenados-al-bordillo-denia\\\/#article\",\"isPartOf\":{\"@id\":\"https:\\\/\\\/radiolitoral.com\\\/2024\\\/07\\\/activitats-condenados-al-bordillo-denia\\\/\"},\"author\":{\"name\":\"Redacci\u00f3n\",\"@id\":\"https:\\\/\\\/radiolitoral.com\\\/#\\\/schema\\\/person\\\/aaadc9e35663a92bd94a05f5816f296d\"},\"headline\":\"\u00abGaudint l&#8217;Estiu 2024\u00bb: Un estiu d&#8217;inclusi\u00f3 i activitats per a persones amb capacitats diferents\",\"datePublished\":\"2024-07-01T09:59:42+00:00\",\"mainEntityOfPage\":{\"@id\":\"https:\\\/\\\/radiolitoral.com\\\/2024\\\/07\\\/activitats-condenados-al-bordillo-denia\\\/\"},\"wordCount\":253,\"commentCount\":0,\"publisher\":{\"@id\":\"https:\\\/\\\/radiolitoral.com\\\/#organization\"},\"image\":{\"@id\":\"https:\\\/\\\/radiolitoral.com\\\/2024\\\/07\\\/activitats-condenados-al-bordillo-denia\\\/#primaryimage\"},\"thumbnailUrl\":\"https:\\\/\\\/media.radiolitoral.com\\\/wp-content\\\/uploads\\\/2024\\\/07\\\/01233110\\\/CONDENADOS-AL-BORDILLO-2.jpg\",\"keywords\":[\"actividades\",\"Condenados al Bordillo\",\"Marina Alta\",\"Solidaridad\",\"verano\"],\"articleSection\":[\"Solidaridad\"],\"inLanguage\":\"ca\",\"potentialAction\":[{\"@type\":\"CommentAction\",\"name\":\"Comment\",\"target\":[\"https:\\\/\\\/radiolitoral.com\\\/2024\\\/07\\\/activitats-condenados-al-bordillo-denia\\\/#respond\"]}]},{\"@type\":[\"WebPage\",\"ItemPage\"],\"@id\":\"https:\\\/\\\/radiolitoral.com\\\/2024\\\/07\\\/activitats-condenados-al-bordillo-denia\\\/\",\"url\":\"https:\\\/\\\/radiolitoral.com\\\/2024\\\/07\\\/activitats-condenados-al-bordillo-denia\\\/\",\"name\":\"\\\"Gaudint l'Estiu 2024\\\": Un estiu d'inclusi\u00f3 i activitats per a persones amb capacitats diferents | R\u00e0dio Litoral\",\"isPartOf\":{\"@id\":\"https:\\\/\\\/radiolitoral.com\\\/#website\"},\"primaryImageOfPage\":{\"@id\":\"https:\\\/\\\/radiolitoral.com\\\/2024\\\/07\\\/activitats-condenados-al-bordillo-denia\\\/#primaryimage\"},\"image\":{\"@id\":\"https:\\\/\\\/radiolitoral.com\\\/2024\\\/07\\\/activitats-condenados-al-bordillo-denia\\\/#primaryimage\"},\"thumbnailUrl\":\"https:\\\/\\\/media.radiolitoral.com\\\/wp-content\\\/uploads\\\/2024\\\/07\\\/01233110\\\/CONDENADOS-AL-BORDILLO-2.jpg\",\"datePublished\":\"2024-07-01T09:59:42+00:00\",\"description\":\"El programa de Condenados al Bordillo ofereix activitats diverses durant juliol i agost, fomentant l'autonomia personal\",\"breadcrumb\":{\"@id\":\"https:\\\/\\\/radiolitoral.com\\\/2024\\\/07\\\/activitats-condenados-al-bordillo-denia\\\/#breadcrumb\"},\"inLanguage\":\"ca\",\"potentialAction\":[{\"@type\":\"ReadAction\",\"target\":[\"https:\\\/\\\/radiolitoral.com\\\/2024\\\/07\\\/activitats-condenados-al-bordillo-denia\\\/\"]}]},{\"@type\":\"ImageObject\",\"inLanguage\":\"ca\",\"@id\":\"https:\\\/\\\/radiolitoral.com\\\/2024\\\/07\\\/activitats-condenados-al-bordillo-denia\\\/#primaryimage\",\"url\":\"https:\\\/\\\/media.radiolitoral.com\\\/wp-content\\\/uploads\\\/2024\\\/07\\\/01233110\\\/CONDENADOS-AL-BORDILLO-2.jpg\",\"contentUrl\":\"https:\\\/\\\/media.radiolitoral.com\\\/wp-content\\\/uploads\\\/2024\\\/07\\\/01233110\\\/CONDENADOS-AL-BORDILLO-2.jpg\",\"width\":2016,\"height\":1512,\"caption\":\"ACTIVITATS | CONDENADOS AL BORDILLO\"},{\"@type\":\"BreadcrumbList\",\"@id\":\"https:\\\/\\\/radiolitoral.com\\\/2024\\\/07\\\/activitats-condenados-al-bordillo-denia\\\/#breadcrumb\",\"itemListElement\":[{\"@type\":\"ListItem\",\"position\":1,\"name\":\"Portada\",\"item\":\"https:\\\/\\\/radiolitoral.com\\\/\"},{\"@type\":\"ListItem\",\"position\":2,\"name\":\"\u00abGaudint l&#8217;Estiu 2024\u00bb: Un estiu d&#8217;inclusi\u00f3 i activitats per a persones amb capacitats diferents\"}]},{\"@type\":\"WebSite\",\"@id\":\"https:\\\/\\\/radiolitoral.com\\\/#website\",\"url\":\"https:\\\/\\\/radiolitoral.com\\\/\",\"name\":\"Radio Litoral\",\"description\":\"La radio local de la Marina Alta\",\"publisher\":{\"@id\":\"https:\\\/\\\/radiolitoral.com\\\/#organization\"},\"alternateName\":\"Litoral FM\",\"potentialAction\":[{\"@type\":\"SearchAction\",\"target\":{\"@type\":\"EntryPoint\",\"urlTemplate\":\"https:\\\/\\\/radiolitoral.com\\\/?s={search_term_string}\"},\"query-input\":{\"@type\":\"PropertyValueSpecification\",\"valueRequired\":true,\"valueName\":\"search_term_string\"}}],\"inLanguage\":\"ca\"},{\"@type\":\"Organization\",\"@id\":\"https:\\\/\\\/radiolitoral.com\\\/#organization\",\"name\":\"Radio Litoral\",\"url\":\"https:\\\/\\\/radiolitoral.com\\\/\",\"logo\":{\"@type\":\"ImageObject\",\"inLanguage\":\"ca\",\"@id\":\"https:\\\/\\\/radiolitoral.com\\\/#\\\/schema\\\/logo\\\/image\\\/\",\"url\":\"https:\\\/\\\/media.radiolitoral.com\\\/wp-content\\\/uploads\\\/2023\\\/02\\\/24143238\\\/CL-V-RadioLitoral696.png\",\"contentUrl\":\"https:\\\/\\\/media.radiolitoral.com\\\/wp-content\\\/uploads\\\/2023\\\/02\\\/24143238\\\/CL-V-RadioLitoral696.png\",\"width\":696,\"height\":696,\"caption\":\"Radio Litoral\"},\"image\":{\"@id\":\"https:\\\/\\\/radiolitoral.com\\\/#\\\/schema\\\/logo\\\/image\\\/\"},\"sameAs\":[\"https:\\\/\\\/www.facebook.com\\\/Laradiolitoral\\\/\"]},{\"@type\":\"Person\",\"@id\":\"https:\\\/\\\/radiolitoral.com\\\/#\\\/schema\\\/person\\\/aaadc9e35663a92bd94a05f5816f296d\",\"name\":\"Redacci\u00f3n\",\"image\":{\"@type\":\"ImageObject\",\"inLanguage\":\"ca\",\"@id\":\"https:\\\/\\\/secure.gravatar.com\\\/avatar\\\/e4e253cf49afb8c76a2aca487577f1ff5c098c82b3cf2b0a85f03f83dcb96c31?s=96&d=mm&r=g\",\"url\":\"https:\\\/\\\/secure.gravatar.com\\\/avatar\\\/e4e253cf49afb8c76a2aca487577f1ff5c098c82b3cf2b0a85f03f83dcb96c31?s=96&d=mm&r=g\",\"contentUrl\":\"https:\\\/\\\/secure.gravatar.com\\\/avatar\\\/e4e253cf49afb8c76a2aca487577f1ff5c098c82b3cf2b0a85f03f83dcb96c31?s=96&d=mm&r=g\",\"caption\":\"Redacci\u00f3n\"},\"url\":\"https:\\\/\\\/radiolitoral.com\\\/ca\\\/author\\\/alba-alborch\\\/\"}]}<\/script>\n<!-- \/ Yoast SEO plugin. -->","yoast_head_json":{"title":"&quot;Gaudint l&#039;Estiu 2024&quot;: Un estiu d&#039;inclusi\u00f3 i activitats per a persones amb capacitats diferents | R\u00e0dio Litoral","description":"El programa de Condemnats al Bordillo ofereix activitats diverses durant el juliol i l&#039;agost, fomentant l&#039;autonomia personal","robots":{"index":"index","follow":"follow","max-snippet":"max-snippet:-1","max-image-preview":"max-image-preview:large","max-video-preview":"max-video-preview:-1"},"canonical":"https:\/\/radiolitoral.com\/ca\/2024\/07\/activitats-condemnats-a-la-vorera-denia\/","og_locale":"ca_ES","og_type":"article","og_title":"\"Gaudint l'Estiu 2024\": Un estiu d'inclusi\u00f3 i activitats per a persones amb capacitats diferents | R\u00e0dio Litoral","og_description":"El programa de Condenados al Bordillo ofereix activitats diverses durant juliol i agost, fomentant l'autonomia personal","og_url":"https:\/\/radiolitoral.com\/ca\/2024\/07\/activitats-condemnats-a-la-vorera-denia\/","og_site_name":"R\u00e0dio Litoral","article_publisher":"https:\/\/www.facebook.com\/Laradiolitoral\/","article_published_time":"2024-07-01T09:59:42+00:00","og_image":[{"width":2016,"height":1512,"url":"https:\/\/radiolitoral.com\/wp-content\/uploads\/2024\/07\/CONDENADOS-AL-BORDILLO-2.jpg","type":"image\/jpeg"}],"author":"Redacci\u00f3n","twitter_card":"summary_large_image","twitter_misc":{"Escrit per":"Redacci\u00f3n","Temps estimat de lectura":"2 minuts"},"schema":{"@context":"https:\/\/schema.org","@graph":[{"@type":"NewsArticle","@id":"https:\/\/radiolitoral.com\/2024\/07\/activitats-condenados-al-bordillo-denia\/#article","isPartOf":{"@id":"https:\/\/radiolitoral.com\/2024\/07\/activitats-condenados-al-bordillo-denia\/"},"author":{"name":"Redacci\u00f3n","@id":"https:\/\/radiolitoral.com\/#\/schema\/person\/aaadc9e35663a92bd94a05f5816f296d"},"headline":"\u00abGaudint l&#8217;Estiu 2024\u00bb: Un estiu d&#8217;inclusi\u00f3 i activitats per a persones amb capacitats diferents","datePublished":"2024-07-01T09:59:42+00:00","mainEntityOfPage":{"@id":"https:\/\/radiolitoral.com\/2024\/07\/activitats-condenados-al-bordillo-denia\/"},"wordCount":253,"commentCount":0,"publisher":{"@id":"https:\/\/radiolitoral.com\/#organization"},"image":{"@id":"https:\/\/radiolitoral.com\/2024\/07\/activitats-condenados-al-bordillo-denia\/#primaryimage"},"thumbnailUrl":"https:\/\/media.radiolitoral.com\/wp-content\/uploads\/2024\/07\/01233110\/CONDENADOS-AL-BORDILLO-2.jpg","keywords":["actividades","Condenados al Bordillo","Marina Alta","Solidaridad","verano"],"articleSection":["Solidaridad"],"inLanguage":"ca","potentialAction":[{"@type":"CommentAction","name":"Comment","target":["https:\/\/radiolitoral.com\/2024\/07\/activitats-condenados-al-bordillo-denia\/#respond"]}]},{"@type":["WebPage","ItemPage"],"@id":"https:\/\/radiolitoral.com\/2024\/07\/activitats-condenados-al-bordillo-denia\/","url":"https:\/\/radiolitoral.com\/2024\/07\/activitats-condenados-al-bordillo-denia\/","name":"&quot;Gaudint l&#039;Estiu 2024&quot;: Un estiu d&#039;inclusi\u00f3 i activitats per a persones amb capacitats diferents | R\u00e0dio Litoral","isPartOf":{"@id":"https:\/\/radiolitoral.com\/#website"},"primaryImageOfPage":{"@id":"https:\/\/radiolitoral.com\/2024\/07\/activitats-condenados-al-bordillo-denia\/#primaryimage"},"image":{"@id":"https:\/\/radiolitoral.com\/2024\/07\/activitats-condenados-al-bordillo-denia\/#primaryimage"},"thumbnailUrl":"https:\/\/media.radiolitoral.com\/wp-content\/uploads\/2024\/07\/01233110\/CONDENADOS-AL-BORDILLO-2.jpg","datePublished":"2024-07-01T09:59:42+00:00","description":"El programa de Condemnats al Bordillo ofereix activitats diverses durant el juliol i l&#039;agost, fomentant l&#039;autonomia personal","breadcrumb":{"@id":"https:\/\/radiolitoral.com\/2024\/07\/activitats-condenados-al-bordillo-denia\/#breadcrumb"},"inLanguage":"ca","potentialAction":[{"@type":"ReadAction","target":["https:\/\/radiolitoral.com\/2024\/07\/activitats-condenados-al-bordillo-denia\/"]}]},{"@type":"ImageObject","inLanguage":"ca","@id":"https:\/\/radiolitoral.com\/2024\/07\/activitats-condenados-al-bordillo-denia\/#primaryimage","url":"https:\/\/media.radiolitoral.com\/wp-content\/uploads\/2024\/07\/01233110\/CONDENADOS-AL-BORDILLO-2.jpg","contentUrl":"https:\/\/media.radiolitoral.com\/wp-content\/uploads\/2024\/07\/01233110\/CONDENADOS-AL-BORDILLO-2.jpg","width":2016,"height":1512,"caption":"ACTIVITATS | CONDENADOS AL BORDILLO"},{"@type":"BreadcrumbList","@id":"https:\/\/radiolitoral.com\/2024\/07\/activitats-condenados-al-bordillo-denia\/#breadcrumb","itemListElement":[{"@type":"ListItem","position":1,"name":"Portada","item":"https:\/\/radiolitoral.com\/"},{"@type":"ListItem","position":2,"name":"\u00abGaudint l&#8217;Estiu 2024\u00bb: Un estiu d&#8217;inclusi\u00f3 i activitats per a persones amb capacitats diferents"}]},{"@type":"WebSite","@id":"https:\/\/radiolitoral.com\/#website","url":"https:\/\/radiolitoral.com\/","name":"R\u00e0dio Litoral","description":"La r\u00e0dio local de la Marina Alta","publisher":{"@id":"https:\/\/radiolitoral.com\/#organization"},"alternateName":"Litoral FM","potentialAction":[{"@type":"SearchAction","target":{"@type":"EntryPoint","urlTemplate":"https:\/\/radiolitoral.com\/?s={search_term_string}"},"query-input":{"@type":"PropertyValueSpecification","valueRequired":true,"valueName":"search_term_string"}}],"inLanguage":"ca"},{"@type":"Organization","@id":"https:\/\/radiolitoral.com\/#organization","name":"R\u00e0dio Litoral","url":"https:\/\/radiolitoral.com\/","logo":{"@type":"ImageObject","inLanguage":"ca","@id":"https:\/\/radiolitoral.com\/#\/schema\/logo\/image\/","url":"https:\/\/media.radiolitoral.com\/wp-content\/uploads\/2023\/02\/24143238\/CL-V-RadioLitoral696.png","contentUrl":"https:\/\/media.radiolitoral.com\/wp-content\/uploads\/2023\/02\/24143238\/CL-V-RadioLitoral696.png","width":696,"height":696,"caption":"Radio Litoral"},"image":{"@id":"https:\/\/radiolitoral.com\/#\/schema\/logo\/image\/"},"sameAs":["https:\/\/www.facebook.com\/Laradiolitoral\/"]},{"@type":"Person","@id":"https:\/\/radiolitoral.com\/#\/schema\/person\/aaadc9e35663a92bd94a05f5816f296d","name":"Redacci\u00f3","image":{"@type":"ImageObject","inLanguage":"ca","@id":"https:\/\/secure.gravatar.com\/avatar\/e4e253cf49afb8c76a2aca487577f1ff5c098c82b3cf2b0a85f03f83dcb96c31?s=96&d=mm&r=g","url":"https:\/\/secure.gravatar.com\/avatar\/e4e253cf49afb8c76a2aca487577f1ff5c098c82b3cf2b0a85f03f83dcb96c31?s=96&d=mm&r=g","contentUrl":"https:\/\/secure.gravatar.com\/avatar\/e4e253cf49afb8c76a2aca487577f1ff5c098c82b3cf2b0a85f03f83dcb96c31?s=96&d=mm&r=g","caption":"Redacci\u00f3n"},"url":"https:\/\/radiolitoral.com\/ca\/author\/alba-alborch\/"}]}},"_links":{"self":[{"href":"https:\/\/radiolitoral.com\/ca\/wp-json\/wp\/v2\/posts\/9766","targetHints":{"allow":["GET"]}}],"collection":[{"href":"https:\/\/radiolitoral.com\/ca\/wp-json\/wp\/v2\/posts"}],"about":[{"href":"https:\/\/radiolitoral.com\/ca\/wp-json\/wp\/v2\/types\/post"}],"author":[{"embeddable":true,"href":"https:\/\/radiolitoral.com\/ca\/wp-json\/wp\/v2\/users\/11"}],"replies":[{"embeddable":true,"href":"https:\/\/radiolitoral.com\/ca\/wp-json\/wp\/v2\/comments?post=9766"}],"version-history":[{"count":2,"href":"https:\/\/radiolitoral.com\/ca\/wp-json\/wp\/v2\/posts\/9766\/revisions"}],"predecessor-version":[{"id":9771,"href":"https:\/\/radiolitoral.com\/ca\/wp-json\/wp\/v2\/posts\/9766\/revisions\/9771"}],"wp:featuredmedia":[{"embeddable":true,"href":"https:\/\/radiolitoral.com\/ca\/wp-json\/wp\/v2\/media\/9768"}],"wp:attachment":[{"href":"https:\/\/radiolitoral.com\/ca\/wp-json\/wp\/v2\/media?parent=9766"}],"wp:term":[{"taxonomy":"category","embeddable":true,"href":"https:\/\/radiolitoral.com\/ca\/wp-json\/wp\/v2\/categories?post=9766"},{"taxonomy":"post_tag","embeddable":true,"href":"https:\/\/radiolitoral.com\/ca\/wp-json\/wp\/v2\/tags?post=9766"}],"curies":[{"name":"wp","href":"https:\/\/api.w.org\/{rel}","templated":true}]}}