{"id":9752,"date":"2024-07-01T10:17:55","date_gmt":"2024-07-01T08:17:55","guid":{"rendered":"https:\/\/radiolitoral.com\/?p=9752"},"modified":"2024-07-01T12:26:45","modified_gmt":"2024-07-01T10:26:45","slug":"la-lliga-comunitat-de-futbol-comencara-el-8-de-setembre","status":"publish","type":"post","link":"https:\/\/radiolitoral.com\/ca\/2024\/07\/la-lliga-comunitat-de-futbol-comencara-el-8-de-setembre\/","title":{"rendered":"La Lliga comunitat de Futbol comen\u00e7ar\u00e0 el 8 de setembre"},"content":{"rendered":"<p>La <strong>Federaci\u00f3 de Futbol de la Comunitat Valenciana<\/strong> <strong>(FFCV)<\/strong> ha revelat oficialment el calendari per a la temporada 2024\/2025 de futbol mascul\u00ed a totes les seves categories. Aquesta divulgaci\u00f3, producte de la recent Assemblea General, ha posat en clar les dates d&#039;inici per als campionats que animaran la temporada que ve.<\/p>\n<p><strong>Calendaris<\/strong><\/p>\n<p><strong>8 de setembre:<\/strong> S&#039;inicia la temporada amb la Lliga Comunitat, la Primera FFCV, la Segona FFCV i la Tercera FFCV. Aquesta data tamb\u00e9 marca el comen\u00e7ament de la Preferent Juvenil i les lligues auton\u00f2miques Infantil i Cadet.<\/p>\n<p><strong>22 de setembre:<\/strong> Arrenquin les competicions de Primera i Segona Juvenil, aix\u00ed com la Preferent Cadet i Infantil i la Preferent Alev\u00ed. Es continuar\u00e0 amb les competicions auton\u00f2miques iniciades pr\u00e8viament.<\/p>\n<p><strong>20 d&#039;octubre:<\/strong> Es donar\u00e0 el tret d&#039;eixida a les lligues de Segona Cadet i Infantil, ia les categories de Futbol 8 i Escola de Gegants, per a equips de 14 integrants.<\/p>\n<p>El<strong> grup Sud de la Lliga Comunitat<\/strong>, que incorpora equips consolidats com la <strong>UD Calp<\/strong> i el <strong>CD D\u00e9nia<\/strong>, es veu refor\u00e7at amb la inclusi\u00f3 del <strong>Raig Ibense<\/strong>, acabat de baixar de <strong>Tercera Divisi\u00f3<\/strong>, i els ascendits de la <strong>1a FFCV<\/strong>: <strong>UD Carcaixent, Beniganim CF, SC Torrevella<\/strong> i <strong>Uni\u00f3 Novelda<\/strong>. Aquest grup tamb\u00e9 compta amb la participaci\u00f3 d&#039;equips com l&#039;<strong>Ol\u00edmpic X\u00e0tiva, CD Eldense B, FB Redov\u00e1n, CFI Alacant, H\u00e8rcules B, UE Tavernes, L&#039;Olleria CF<\/strong> i <strong>CF La Nucia<\/strong> <strong>B<\/strong>.<\/p>\n<p>La configuraci\u00f3 d&#039;aquesta temporada no sols anticipa compet\u00e8ncies vibrants i emocionants desafiaments, sin\u00f3 que tamb\u00e9 promet enriquir el paisatge futbol\u00edstic regional amb trobades d&#039;alta qualitat i passi\u00f3 desbordant. Amb aquest anunci, els equips ja estan afinant les seves estrat\u00e8gies i ultimant preparatius per a una temporada que s&#039;espera segueixi plena de moments destacats i futbol del millor nivell a la Comunitat Valenciana.<\/p>\n<p>&nbsp;<\/p>\n<p>&nbsp;<\/p>\n<p>&nbsp;<\/p>","protected":false},"excerpt":{"rendered":"<p>La Federaci\u00f3 de Futbol de la Comunitat Valenciana (FFCV) ha revelat oficialment el calendari per a la temporada 2024\/2025 de futbol mascul\u00ed en totes les seues categories. Esta divulgaci\u00f3, producte de la recent Assemblea General, ha posat en clar les dates d&#8217;inici per als campionats que animaran la pr\u00f2xima temporada. Calendaris 8 de setembre: S&#8217;inicia [&#8230;]<\/p>\n<p><a class=\"btn btn-secondary understrap-read-more-link\" href=\"https:\/\/radiolitoral.com\/ca\/2024\/07\/la-lliga-comunitat-de-futbol-comencara-el-8-de-setembre\/\">Continua llegint&#8230;<span class=\"screen-reader-text\"> from La Lliga comunitat de Futbol comen\u00e7ar\u00e0 el 8 de setembre<\/span><\/a><\/p>\n","protected":false},"author":12,"featured_media":9753,"comment_status":"open","ping_status":"closed","sticky":false,"template":"","format":"standard","meta":{"_acf_changed":false,"inline_featured_image":false,"footnotes":""},"categories":[5],"tags":[1584,893,1295,1352,1587,6,1185,1224,1333,1248,1585,1581,1582,889,1623,1588,1624],"class_list":["post-9752","post","type-post","status-publish","format-standard","has-post-thumbnail","hentry","category-deportes","tag-beniganim-cf","tag-cd-denia","tag-cd-eldense-b","tag-cf-la-nucia","tag-cfi-alacant","tag-deportes","tag-fb-redovan","tag-federacio-de-futbol-de-la-comunitat-valenciana","tag-hercules-b","tag-lolleria-cf","tag-olimpic-xativa","tag-rayo-ibense","tag-sc-torrevieja","tag-ud-calpe","tag-ud-carcaixent","tag-ue-tavernes","tag-unio-novelda","cobertura-denia"],"acf":[],"yoast_head":"<!-- This site is optimized with the Yoast SEO plugin v27.5 - https:\/\/yoast.com\/product\/yoast-seo-wordpress\/ -->\n<title>La Lliga comunitat de Futbol comen\u00e7ar\u00e0 el 8 de setembre | R\u00e0dio Litoral<\/title>\n<meta name=\"description\" content=\"La UD Calpe i el CD D\u00e9nia s\u00f3n els \u00fanics representants de la comarca de la Marina Alta a UD Calpe i el CD D\u00e9nia s\u00f3n els \u00fanics representants de la comarca de la Marina Alta\" \/>\n<meta name=\"robots\" content=\"index, follow, max-snippet:-1, max-image-preview:large, max-video-preview:-1\" \/>\n<link rel=\"canonical\" href=\"https:\/\/radiolitoral.com\/ca\/2024\/07\/la-lliga-comunitat-de-futbol-comencara-el-8-de-setembre\/\" \/>\n<meta property=\"og:locale\" content=\"ca_ES\" \/>\n<meta property=\"og:type\" content=\"article\" \/>\n<meta property=\"og:title\" content=\"La Lliga comunitat de Futbol comen\u00e7ar\u00e0 el 8 de setembre | R\u00e0dio Litoral\" \/>\n<meta property=\"og:description\" content=\"La UD Calpe i el CD D\u00e9nia s\u00f3n els \u00fanics representants de la comarca de la Marina Alta a UD Calpe i el CD D\u00e9nia s\u00f3n els \u00fanics representants de la comarca de la Marina Alta\" \/>\n<meta property=\"og:url\" content=\"https:\/\/radiolitoral.com\/ca\/2024\/07\/la-lliga-comunitat-de-futbol-comencara-el-8-de-setembre\/\" \/>\n<meta property=\"og:site_name\" content=\"R\u00e0dio Litoral\" \/>\n<meta property=\"article:publisher\" content=\"https:\/\/www.facebook.com\/Laradiolitoral\/\" \/>\n<meta property=\"article:published_time\" content=\"2024-07-01T08:17:55+00:00\" \/>\n<meta property=\"article:modified_time\" content=\"2024-07-01T10:26:45+00:00\" \/>\n<meta property=\"og:image\" content=\"https:\/\/radiolitoral.com\/wp-content\/uploads\/2024\/07\/DSC_0055-scaled.jpg\" \/>\n\t<meta property=\"og:image:width\" content=\"2560\" \/>\n\t<meta property=\"og:image:height\" content=\"1707\" \/>\n\t<meta property=\"og:image:type\" content=\"image\/jpeg\" \/>\n<meta name=\"author\" content=\"Javier Zamora\" \/>\n<meta name=\"twitter:card\" content=\"summary_large_image\" \/>\n<meta name=\"twitter:label1\" content=\"Escrit per\" \/>\n\t<meta name=\"twitter:data1\" content=\"Javier Zamora\" \/>\n\t<meta name=\"twitter:label2\" content=\"Temps estimat de lectura\" \/>\n\t<meta name=\"twitter:data2\" content=\"2 minuts\" \/>\n<script type=\"application\/ld+json\" class=\"yoast-schema-graph\">{\"@context\":\"https:\\\/\\\/schema.org\",\"@graph\":[{\"@type\":\"NewsArticle\",\"@id\":\"https:\\\/\\\/radiolitoral.com\\\/2024\\\/07\\\/la-lliga-comunitat-de-futbol-comencara-el-8-de-setembre\\\/#article\",\"isPartOf\":{\"@id\":\"https:\\\/\\\/radiolitoral.com\\\/2024\\\/07\\\/la-lliga-comunitat-de-futbol-comencara-el-8-de-setembre\\\/\"},\"author\":{\"name\":\"Javier Zamora\",\"@id\":\"https:\\\/\\\/radiolitoral.com\\\/#\\\/schema\\\/person\\\/7b1480b5caeb5acdd4ec6379caf62b22\"},\"headline\":\"La Lliga comunitat de Futbol comen\u00e7ar\u00e0 el 8 de setembre\",\"datePublished\":\"2024-07-01T08:17:55+00:00\",\"dateModified\":\"2024-07-01T10:26:45+00:00\",\"mainEntityOfPage\":{\"@id\":\"https:\\\/\\\/radiolitoral.com\\\/2024\\\/07\\\/la-lliga-comunitat-de-futbol-comencara-el-8-de-setembre\\\/\"},\"wordCount\":319,\"commentCount\":0,\"publisher\":{\"@id\":\"https:\\\/\\\/radiolitoral.com\\\/#organization\"},\"image\":{\"@id\":\"https:\\\/\\\/radiolitoral.com\\\/2024\\\/07\\\/la-lliga-comunitat-de-futbol-comencara-el-8-de-setembre\\\/#primaryimage\"},\"thumbnailUrl\":\"https:\\\/\\\/media.radiolitoral.com\\\/wp-content\\\/uploads\\\/2024\\\/07\\\/01233127\\\/DSC_0055-scaled.jpg\",\"keywords\":[\"Beniganim\u00a0CF\",\"CD D\u00e9nia\",\"CD Eldense B\",\"CF La Nuc\u00eda\",\"CFI\u00a0Alacant\",\"deportes\",\"FB Redov\u00e1n\",\"Federaci\u00f3 de Futbol de la Comunitat Valenciana\",\"H\u00e9rcules B\",\"L'Olleria CF\",\"Ol\u00edmpic\u00a0X\u00e1tiva\",\"Rayo\u00a0Ibense\",\"SC Torrevieja\",\"UD Calpe\",\"UD Carcaixent\",\"UE Tavernes\",\"Uni\u00f3 Novelda\"],\"articleSection\":[\"Deportes\"],\"inLanguage\":\"ca\",\"potentialAction\":[{\"@type\":\"CommentAction\",\"name\":\"Comment\",\"target\":[\"https:\\\/\\\/radiolitoral.com\\\/2024\\\/07\\\/la-lliga-comunitat-de-futbol-comencara-el-8-de-setembre\\\/#respond\"]}]},{\"@type\":[\"WebPage\",\"ItemPage\"],\"@id\":\"https:\\\/\\\/radiolitoral.com\\\/2024\\\/07\\\/la-lliga-comunitat-de-futbol-comencara-el-8-de-setembre\\\/\",\"url\":\"https:\\\/\\\/radiolitoral.com\\\/2024\\\/07\\\/la-lliga-comunitat-de-futbol-comencara-el-8-de-setembre\\\/\",\"name\":\"La Lliga comunitat de Futbol comen\u00e7ar\u00e0 el 8 de setembre | R\u00e0dio Litoral\",\"isPartOf\":{\"@id\":\"https:\\\/\\\/radiolitoral.com\\\/#website\"},\"primaryImageOfPage\":{\"@id\":\"https:\\\/\\\/radiolitoral.com\\\/2024\\\/07\\\/la-lliga-comunitat-de-futbol-comencara-el-8-de-setembre\\\/#primaryimage\"},\"image\":{\"@id\":\"https:\\\/\\\/radiolitoral.com\\\/2024\\\/07\\\/la-lliga-comunitat-de-futbol-comencara-el-8-de-setembre\\\/#primaryimage\"},\"thumbnailUrl\":\"https:\\\/\\\/media.radiolitoral.com\\\/wp-content\\\/uploads\\\/2024\\\/07\\\/01233127\\\/DSC_0055-scaled.jpg\",\"datePublished\":\"2024-07-01T08:17:55+00:00\",\"dateModified\":\"2024-07-01T10:26:45+00:00\",\"description\":\"La UD Calpe i el CD D\u00e9nia s\u00f3n els \u00fanics representants de la comarca de la Marina Alta a UD Calpe i el CD D\u00e9nia s\u00f3n els \u00fanics representants de la comarca de la Marina Alta\",\"breadcrumb\":{\"@id\":\"https:\\\/\\\/radiolitoral.com\\\/2024\\\/07\\\/la-lliga-comunitat-de-futbol-comencara-el-8-de-setembre\\\/#breadcrumb\"},\"inLanguage\":\"ca\",\"potentialAction\":[{\"@type\":\"ReadAction\",\"target\":[\"https:\\\/\\\/radiolitoral.com\\\/2024\\\/07\\\/la-lliga-comunitat-de-futbol-comencara-el-8-de-setembre\\\/\"]}]},{\"@type\":\"ImageObject\",\"inLanguage\":\"ca\",\"@id\":\"https:\\\/\\\/radiolitoral.com\\\/2024\\\/07\\\/la-lliga-comunitat-de-futbol-comencara-el-8-de-setembre\\\/#primaryimage\",\"url\":\"https:\\\/\\\/media.radiolitoral.com\\\/wp-content\\\/uploads\\\/2024\\\/07\\\/01233127\\\/DSC_0055-scaled.jpg\",\"contentUrl\":\"https:\\\/\\\/media.radiolitoral.com\\\/wp-content\\\/uploads\\\/2024\\\/07\\\/01233127\\\/DSC_0055-scaled.jpg\",\"width\":2560,\"height\":1707},{\"@type\":\"BreadcrumbList\",\"@id\":\"https:\\\/\\\/radiolitoral.com\\\/2024\\\/07\\\/la-lliga-comunitat-de-futbol-comencara-el-8-de-setembre\\\/#breadcrumb\",\"itemListElement\":[{\"@type\":\"ListItem\",\"position\":1,\"name\":\"Portada\",\"item\":\"https:\\\/\\\/radiolitoral.com\\\/\"},{\"@type\":\"ListItem\",\"position\":2,\"name\":\"La Lliga comunitat de Futbol comen\u00e7ar\u00e0 el 8 de setembre\"}]},{\"@type\":\"WebSite\",\"@id\":\"https:\\\/\\\/radiolitoral.com\\\/#website\",\"url\":\"https:\\\/\\\/radiolitoral.com\\\/\",\"name\":\"Radio Litoral\",\"description\":\"La radio local de la Marina Alta\",\"publisher\":{\"@id\":\"https:\\\/\\\/radiolitoral.com\\\/#organization\"},\"alternateName\":\"Litoral FM\",\"potentialAction\":[{\"@type\":\"SearchAction\",\"target\":{\"@type\":\"EntryPoint\",\"urlTemplate\":\"https:\\\/\\\/radiolitoral.com\\\/?s={search_term_string}\"},\"query-input\":{\"@type\":\"PropertyValueSpecification\",\"valueRequired\":true,\"valueName\":\"search_term_string\"}}],\"inLanguage\":\"ca\"},{\"@type\":\"Organization\",\"@id\":\"https:\\\/\\\/radiolitoral.com\\\/#organization\",\"name\":\"Radio Litoral\",\"url\":\"https:\\\/\\\/radiolitoral.com\\\/\",\"logo\":{\"@type\":\"ImageObject\",\"inLanguage\":\"ca\",\"@id\":\"https:\\\/\\\/radiolitoral.com\\\/#\\\/schema\\\/logo\\\/image\\\/\",\"url\":\"https:\\\/\\\/media.radiolitoral.com\\\/wp-content\\\/uploads\\\/2023\\\/02\\\/24143238\\\/CL-V-RadioLitoral696.png\",\"contentUrl\":\"https:\\\/\\\/media.radiolitoral.com\\\/wp-content\\\/uploads\\\/2023\\\/02\\\/24143238\\\/CL-V-RadioLitoral696.png\",\"width\":696,\"height\":696,\"caption\":\"Radio Litoral\"},\"image\":{\"@id\":\"https:\\\/\\\/radiolitoral.com\\\/#\\\/schema\\\/logo\\\/image\\\/\"},\"sameAs\":[\"https:\\\/\\\/www.facebook.com\\\/Laradiolitoral\\\/\"]},{\"@type\":\"Person\",\"@id\":\"https:\\\/\\\/radiolitoral.com\\\/#\\\/schema\\\/person\\\/7b1480b5caeb5acdd4ec6379caf62b22\",\"name\":\"Javier Zamora\",\"image\":{\"@type\":\"ImageObject\",\"inLanguage\":\"ca\",\"@id\":\"https:\\\/\\\/secure.gravatar.com\\\/avatar\\\/467a11f6918c7d619c4043fc6fa2d3853053107973f05b6e9c04ea6c4e3a7b3f?s=96&d=mm&r=g\",\"url\":\"https:\\\/\\\/secure.gravatar.com\\\/avatar\\\/467a11f6918c7d619c4043fc6fa2d3853053107973f05b6e9c04ea6c4e3a7b3f?s=96&d=mm&r=g\",\"contentUrl\":\"https:\\\/\\\/secure.gravatar.com\\\/avatar\\\/467a11f6918c7d619c4043fc6fa2d3853053107973f05b6e9c04ea6c4e3a7b3f?s=96&d=mm&r=g\",\"caption\":\"Javier Zamora\"},\"url\":\"https:\\\/\\\/radiolitoral.com\\\/ca\\\/author\\\/javier-zamora\\\/\"}]}<\/script>\n<!-- \/ Yoast SEO plugin. -->","yoast_head_json":{"title":"La Lliga comunitat de Futbol comen\u00e7ar\u00e0 el 8 de setembre | R\u00e0dio Litoral","description":"La UD Calp i el CD D\u00e9nia s\u00f3n els \u00fanics representants de la comarca de la Marina Alta i UD Calp i el CD D\u00e9nia s\u00f3n els \u00fanics representants de la comarca de la Marina Alta","robots":{"index":"index","follow":"follow","max-snippet":"max-snippet:-1","max-image-preview":"max-image-preview:large","max-video-preview":"max-video-preview:-1"},"canonical":"https:\/\/radiolitoral.com\/ca\/2024\/07\/la-lliga-comunitat-de-futbol-comencara-el-8-de-setembre\/","og_locale":"ca_ES","og_type":"article","og_title":"La Lliga comunitat de Futbol comen\u00e7ar\u00e0 el 8 de setembre | R\u00e0dio Litoral","og_description":"La UD Calpe i el CD D\u00e9nia s\u00f3n els \u00fanics representants de la comarca de la Marina Alta a UD Calpe i el CD D\u00e9nia s\u00f3n els \u00fanics representants de la comarca de la Marina Alta","og_url":"https:\/\/radiolitoral.com\/ca\/2024\/07\/la-lliga-comunitat-de-futbol-comencara-el-8-de-setembre\/","og_site_name":"R\u00e0dio Litoral","article_publisher":"https:\/\/www.facebook.com\/Laradiolitoral\/","article_published_time":"2024-07-01T08:17:55+00:00","article_modified_time":"2024-07-01T10:26:45+00:00","og_image":[{"width":2560,"height":1707,"url":"https:\/\/radiolitoral.com\/wp-content\/uploads\/2024\/07\/DSC_0055-scaled.jpg","type":"image\/jpeg"}],"author":"Javier Zamora","twitter_card":"summary_large_image","twitter_misc":{"Escrit per":"Javier Zamora","Temps estimat de lectura":"2 minuts"},"schema":{"@context":"https:\/\/schema.org","@graph":[{"@type":"NewsArticle","@id":"https:\/\/radiolitoral.com\/2024\/07\/la-lliga-comunitat-de-futbol-comencara-el-8-de-setembre\/#article","isPartOf":{"@id":"https:\/\/radiolitoral.com\/2024\/07\/la-lliga-comunitat-de-futbol-comencara-el-8-de-setembre\/"},"author":{"name":"Javier Zamora","@id":"https:\/\/radiolitoral.com\/#\/schema\/person\/7b1480b5caeb5acdd4ec6379caf62b22"},"headline":"La Lliga comunitat de Futbol comen\u00e7ar\u00e0 el 8 de setembre","datePublished":"2024-07-01T08:17:55+00:00","dateModified":"2024-07-01T10:26:45+00:00","mainEntityOfPage":{"@id":"https:\/\/radiolitoral.com\/2024\/07\/la-lliga-comunitat-de-futbol-comencara-el-8-de-setembre\/"},"wordCount":319,"commentCount":0,"publisher":{"@id":"https:\/\/radiolitoral.com\/#organization"},"image":{"@id":"https:\/\/radiolitoral.com\/2024\/07\/la-lliga-comunitat-de-futbol-comencara-el-8-de-setembre\/#primaryimage"},"thumbnailUrl":"https:\/\/media.radiolitoral.com\/wp-content\/uploads\/2024\/07\/01233127\/DSC_0055-scaled.jpg","keywords":["Beniganim\u00a0CF","CD D\u00e9nia","CD Eldense B","CF La Nuc\u00eda","CFI\u00a0Alacant","deportes","FB Redov\u00e1n","Federaci\u00f3 de Futbol de la Comunitat Valenciana","H\u00e9rcules B","L'Olleria CF","Ol\u00edmpic\u00a0X\u00e1tiva","Rayo\u00a0Ibense","SC Torrevieja","UD Calpe","UD Carcaixent","UE Tavernes","Uni\u00f3 Novelda"],"articleSection":["Deportes"],"inLanguage":"ca","potentialAction":[{"@type":"CommentAction","name":"Comment","target":["https:\/\/radiolitoral.com\/2024\/07\/la-lliga-comunitat-de-futbol-comencara-el-8-de-setembre\/#respond"]}]},{"@type":["WebPage","ItemPage"],"@id":"https:\/\/radiolitoral.com\/2024\/07\/la-lliga-comunitat-de-futbol-comencara-el-8-de-setembre\/","url":"https:\/\/radiolitoral.com\/2024\/07\/la-lliga-comunitat-de-futbol-comencara-el-8-de-setembre\/","name":"La Lliga comunitat de Futbol comen\u00e7ar\u00e0 el 8 de setembre | R\u00e0dio Litoral","isPartOf":{"@id":"https:\/\/radiolitoral.com\/#website"},"primaryImageOfPage":{"@id":"https:\/\/radiolitoral.com\/2024\/07\/la-lliga-comunitat-de-futbol-comencara-el-8-de-setembre\/#primaryimage"},"image":{"@id":"https:\/\/radiolitoral.com\/2024\/07\/la-lliga-comunitat-de-futbol-comencara-el-8-de-setembre\/#primaryimage"},"thumbnailUrl":"https:\/\/media.radiolitoral.com\/wp-content\/uploads\/2024\/07\/01233127\/DSC_0055-scaled.jpg","datePublished":"2024-07-01T08:17:55+00:00","dateModified":"2024-07-01T10:26:45+00:00","description":"La UD Calp i el CD D\u00e9nia s\u00f3n els \u00fanics representants de la comarca de la Marina Alta i UD Calp i el CD D\u00e9nia s\u00f3n els \u00fanics representants de la comarca de la Marina Alta","breadcrumb":{"@id":"https:\/\/radiolitoral.com\/2024\/07\/la-lliga-comunitat-de-futbol-comencara-el-8-de-setembre\/#breadcrumb"},"inLanguage":"ca","potentialAction":[{"@type":"ReadAction","target":["https:\/\/radiolitoral.com\/2024\/07\/la-lliga-comunitat-de-futbol-comencara-el-8-de-setembre\/"]}]},{"@type":"ImageObject","inLanguage":"ca","@id":"https:\/\/radiolitoral.com\/2024\/07\/la-lliga-comunitat-de-futbol-comencara-el-8-de-setembre\/#primaryimage","url":"https:\/\/media.radiolitoral.com\/wp-content\/uploads\/2024\/07\/01233127\/DSC_0055-scaled.jpg","contentUrl":"https:\/\/media.radiolitoral.com\/wp-content\/uploads\/2024\/07\/01233127\/DSC_0055-scaled.jpg","width":2560,"height":1707},{"@type":"BreadcrumbList","@id":"https:\/\/radiolitoral.com\/2024\/07\/la-lliga-comunitat-de-futbol-comencara-el-8-de-setembre\/#breadcrumb","itemListElement":[{"@type":"ListItem","position":1,"name":"Portada","item":"https:\/\/radiolitoral.com\/"},{"@type":"ListItem","position":2,"name":"La Lliga comunitat de Futbol comen\u00e7ar\u00e0 el 8 de setembre"}]},{"@type":"WebSite","@id":"https:\/\/radiolitoral.com\/#website","url":"https:\/\/radiolitoral.com\/","name":"R\u00e0dio Litoral","description":"La r\u00e0dio local de la Marina Alta","publisher":{"@id":"https:\/\/radiolitoral.com\/#organization"},"alternateName":"Litoral FM","potentialAction":[{"@type":"SearchAction","target":{"@type":"EntryPoint","urlTemplate":"https:\/\/radiolitoral.com\/?s={search_term_string}"},"query-input":{"@type":"PropertyValueSpecification","valueRequired":true,"valueName":"search_term_string"}}],"inLanguage":"ca"},{"@type":"Organization","@id":"https:\/\/radiolitoral.com\/#organization","name":"R\u00e0dio Litoral","url":"https:\/\/radiolitoral.com\/","logo":{"@type":"ImageObject","inLanguage":"ca","@id":"https:\/\/radiolitoral.com\/#\/schema\/logo\/image\/","url":"https:\/\/media.radiolitoral.com\/wp-content\/uploads\/2023\/02\/24143238\/CL-V-RadioLitoral696.png","contentUrl":"https:\/\/media.radiolitoral.com\/wp-content\/uploads\/2023\/02\/24143238\/CL-V-RadioLitoral696.png","width":696,"height":696,"caption":"Radio Litoral"},"image":{"@id":"https:\/\/radiolitoral.com\/#\/schema\/logo\/image\/"},"sameAs":["https:\/\/www.facebook.com\/Laradiolitoral\/"]},{"@type":"Person","@id":"https:\/\/radiolitoral.com\/#\/schema\/person\/7b1480b5caeb5acdd4ec6379caf62b22","name":"Javier Zamora","image":{"@type":"ImageObject","inLanguage":"ca","@id":"https:\/\/secure.gravatar.com\/avatar\/467a11f6918c7d619c4043fc6fa2d3853053107973f05b6e9c04ea6c4e3a7b3f?s=96&d=mm&r=g","url":"https:\/\/secure.gravatar.com\/avatar\/467a11f6918c7d619c4043fc6fa2d3853053107973f05b6e9c04ea6c4e3a7b3f?s=96&d=mm&r=g","contentUrl":"https:\/\/secure.gravatar.com\/avatar\/467a11f6918c7d619c4043fc6fa2d3853053107973f05b6e9c04ea6c4e3a7b3f?s=96&d=mm&r=g","caption":"Javier Zamora"},"url":"https:\/\/radiolitoral.com\/ca\/author\/javier-zamora\/"}]}},"_links":{"self":[{"href":"https:\/\/radiolitoral.com\/ca\/wp-json\/wp\/v2\/posts\/9752","targetHints":{"allow":["GET"]}}],"collection":[{"href":"https:\/\/radiolitoral.com\/ca\/wp-json\/wp\/v2\/posts"}],"about":[{"href":"https:\/\/radiolitoral.com\/ca\/wp-json\/wp\/v2\/types\/post"}],"author":[{"embeddable":true,"href":"https:\/\/radiolitoral.com\/ca\/wp-json\/wp\/v2\/users\/12"}],"replies":[{"embeddable":true,"href":"https:\/\/radiolitoral.com\/ca\/wp-json\/wp\/v2\/comments?post=9752"}],"version-history":[{"count":3,"href":"https:\/\/radiolitoral.com\/ca\/wp-json\/wp\/v2\/posts\/9752\/revisions"}],"predecessor-version":[{"id":9777,"href":"https:\/\/radiolitoral.com\/ca\/wp-json\/wp\/v2\/posts\/9752\/revisions\/9777"}],"wp:featuredmedia":[{"embeddable":true,"href":"https:\/\/radiolitoral.com\/ca\/wp-json\/wp\/v2\/media\/9753"}],"wp:attachment":[{"href":"https:\/\/radiolitoral.com\/ca\/wp-json\/wp\/v2\/media?parent=9752"}],"wp:term":[{"taxonomy":"category","embeddable":true,"href":"https:\/\/radiolitoral.com\/ca\/wp-json\/wp\/v2\/categories?post=9752"},{"taxonomy":"post_tag","embeddable":true,"href":"https:\/\/radiolitoral.com\/ca\/wp-json\/wp\/v2\/tags?post=9752"}],"curies":[{"name":"wp","href":"https:\/\/api.w.org\/{rel}","templated":true}]}}