{"id":9722,"date":"2024-06-27T16:59:59","date_gmt":"2024-06-27T14:59:59","guid":{"rendered":"https:\/\/radiolitoral.com\/?p=9722"},"modified":"2024-06-27T17:02:11","modified_gmt":"2024-06-27T15:02:11","slug":"calp-triara-aquest-dissabte-a-la-seva-reina-de-les-festes","status":"publish","type":"post","link":"https:\/\/radiolitoral.com\/ca\/2024\/06\/calp-elegira-este-sabado-a-su-reina-de-la-fiestas\/","title":{"rendered":"Calp triar\u00e0 aquest dissabte a la seva Reina de la Festes"},"content":{"rendered":"<p>La Comissi\u00f3 de Festes 2024 celebrar\u00e0 el dissabte, 29 de juny, l&#039;acte d&#039;<strong>elecci\u00f3 i proclamaci\u00f3 de la Reina de les Festes de Calp<\/strong> i la Reina Infantil a la pla\u00e7a Major. A m\u00e9s, per primera vegada a la hist\u00f2ria de les festes calpines s&#039;escollir\u00e0 <strong>al Rei de les Festes Infantil<\/strong> entre els festers de vuit anys. Aquest acte, que comen\u00e7ar\u00e0 a les 21.30 hores, \u00e9s un dels m\u00e9s importants que organitza la Comissi\u00f3 de Festes, ja que suposa la presentaci\u00f3 de la Comissi\u00f3 al complet.<\/p>\n<p>28 joves calpins de 18 anys optaran al t\u00edtol de Reina de les Festes, m\u00e0xima representant femenina de les festes. El mateix acte servir\u00e0 per escollir la reina infantil entre les 18 dames de vuit anys. Aquest any, com a novetat, tamb\u00e9 s&#039;escollir\u00e0 el rei infantil de les festes entre els 18 cinquens de 8 anys que optin al c\u00e0rrec. Totes les candidates a reina estaran acompanyades per xiquets i joves de les cinquenes de 2016 i 2006 que formin part de la Comissi\u00f3 de Festes i pels festers i festers de la cinquena de 1986 que completin la comissi\u00f3 presidida per Saray Ortiz.<\/p>\n<figure id=\"attachment_9726\" aria-describedby=\"caption-attachment-9726\" style=\"width: 640px\" class=\"wp-caption aligncenter\"><img loading=\"lazy\" decoding=\"async\" class=\"wp-image-9726 size-large\" src=\"https:\/\/media.radiolitoral.com\/wp-content\/uploads\/2024\/06\/01233142\/eleccio-de-la-reina-Calp-2-1024x768.jpg\" alt=\"\" width=\"640\" height=\"480\" srcset=\"https:\/\/media.radiolitoral.com\/wp-content\/uploads\/2024\/06\/01233142\/eleccio-de-la-reina-Calp-2-1024x768.jpg 1024w, https:\/\/media.radiolitoral.com\/wp-content\/uploads\/2024\/06\/01233142\/eleccio-de-la-reina-Calp-2-300x225.jpg 300w, https:\/\/media.radiolitoral.com\/wp-content\/uploads\/2024\/06\/01233142\/eleccio-de-la-reina-Calp-2-768x576.jpg 768w, https:\/\/media.radiolitoral.com\/wp-content\/uploads\/2024\/06\/01233142\/eleccio-de-la-reina-Calp-2-1536x1152.jpg 1536w, https:\/\/media.radiolitoral.com\/wp-content\/uploads\/2024\/06\/01233142\/eleccio-de-la-reina-Calp-2-16x12.jpg 16w, https:\/\/media.radiolitoral.com\/wp-content\/uploads\/2024\/06\/01233142\/eleccio-de-la-reina-Calp-2-1000x750.jpg 1000w, https:\/\/media.radiolitoral.com\/wp-content\/uploads\/2024\/06\/01233142\/eleccio-de-la-reina-Calp-2-100x75.jpg 100w, https:\/\/media.radiolitoral.com\/wp-content\/uploads\/2024\/06\/01233142\/eleccio-de-la-reina-Calp-2-200x150.jpg 200w, https:\/\/media.radiolitoral.com\/wp-content\/uploads\/2024\/06\/01233142\/eleccio-de-la-reina-Calp-2.jpg 1600w\" sizes=\"auto, (max-width: 640px) 100vw, 640px\" \/><figcaption id=\"caption-attachment-9726\" class=\"wp-caption-text\">Elecci\u00f3 de la Reina 2023 | Aj. Calp<\/figcaption><\/figure>\n<p>L&#039;elecci\u00f3 de les Reines i Rei Infantil es realitzar\u00e0, igual que altres anys, per sorteig davant de notari en una gala que suposa la presentaci\u00f3 oficial de la Comissi\u00f3 de Festes i que servir\u00e0 tamb\u00e9 per despedir les Reines de les Festes de 2023. Com marca la tradici\u00f3, les reines de l&#039;any anterior, Maria Crespo i Abril Mestre, seran les encarregades d&#039;extraure els noms de les noves reines que seran llegits una vegada que les corts d&#039;honor estiguin presents a l&#039;escenari.<\/p>\n<p>L&#039;acte se celebra a la pla\u00e7a Major, on s&#039;habilitar\u00e0 una gran passarel\u00b7la d&#039;arribada a l&#039;escenari i s&#039;instal\u00b7laran 1800 cadires. La Comissi\u00f3 de Festes de 2024, encarregada de l&#039;organitzaci\u00f3 de les festes patronals que se celebraran a l&#039;agost, ja ha realitzat altres actes dins del programa corresponent al present any, com l&#039;organitzaci\u00f3 de la Cavalcada dels Reis Mags o els actes de la Setmana Santa.<\/p>","protected":false},"excerpt":{"rendered":"<p>La Comissi\u00f3 de Festes 2024 celebrar\u00e0 el dissabte, 29 de juny, l&#8217;acte d&#8217;elecci\u00f3 i proclamaci\u00f3 de la Reina de les Festes de Calp i la Reina Infantil a la pla\u00e7a Major. A m\u00e9s, per primera vegada en la hist\u00f2ria de les festes calpines s&#8217;escollir\u00e0 al Rei de les Festes Infantil entre els festers de huit [&#8230;]<\/p>\n<p><a class=\"btn btn-secondary understrap-read-more-link\" href=\"https:\/\/radiolitoral.com\/ca\/2024\/06\/calp-elegira-este-sabado-a-su-reina-de-la-fiestas\/\">Continua llegint&#8230;<span class=\"screen-reader-text\"> from Calp triar\u00e0 este dissabte a la seua Reina de la Festes<\/span><\/a><\/p>\n","protected":false},"author":14,"featured_media":9725,"comment_status":"open","ping_status":"closed","sticky":false,"template":"","format":"standard","meta":{"_acf_changed":false,"inline_featured_image":false,"footnotes":""},"categories":[276],"tags":[122,1620,1561],"class_list":["post-9722","post","type-post","status-publish","format-standard","has-post-thumbnail","hentry","category-fiestas","tag-calp","tag-eleccio-de-la-reina","tag-festes","cobertura-calp"],"acf":[],"yoast_head":"<!-- This site is optimized with the Yoast SEO plugin v27.5 - https:\/\/yoast.com\/product\/yoast-seo-wordpress\/ -->\n<title>Calp triar\u00e0 este dissabte a la seua Reina de la Festes | R\u00e0dio Litoral<\/title>\n<meta name=\"description\" content=\"Entre els quints de huit anys es coronar\u00e0 un Rei de les Festes per primera vegada en la seua hist\u00f2ria\" \/>\n<meta name=\"robots\" content=\"index, follow, max-snippet:-1, max-image-preview:large, max-video-preview:-1\" \/>\n<link rel=\"canonical\" href=\"https:\/\/radiolitoral.com\/ca\/2024\/06\/calp-triara-aquest-dissabte-a-la-seva-reina-de-les-festes\/\" \/>\n<meta property=\"og:locale\" content=\"ca_ES\" \/>\n<meta property=\"og:type\" content=\"article\" \/>\n<meta property=\"og:title\" content=\"Calp triar\u00e0 este dissabte a la seua Reina de la Festes | R\u00e0dio Litoral\" \/>\n<meta property=\"og:description\" content=\"Entre els quints de huit anys es coronar\u00e0 un Rei de les Festes per primera vegada en la seua hist\u00f2ria\" \/>\n<meta property=\"og:url\" content=\"https:\/\/radiolitoral.com\/ca\/2024\/06\/calp-triara-aquest-dissabte-a-la-seva-reina-de-les-festes\/\" \/>\n<meta property=\"og:site_name\" content=\"R\u00e0dio Litoral\" \/>\n<meta property=\"article:publisher\" content=\"https:\/\/www.facebook.com\/Laradiolitoral\/\" \/>\n<meta property=\"article:published_time\" content=\"2024-06-27T14:59:59+00:00\" \/>\n<meta property=\"article:modified_time\" content=\"2024-06-27T15:02:11+00:00\" \/>\n<meta property=\"og:image\" content=\"https:\/\/radiolitoral.com\/wp-content\/uploads\/2024\/06\/eleccio-de-la-reina-Calp-1.jpg\" \/>\n\t<meta property=\"og:image:width\" content=\"1600\" \/>\n\t<meta property=\"og:image:height\" content=\"1200\" \/>\n\t<meta property=\"og:image:type\" content=\"image\/jpeg\" \/>\n<meta name=\"author\" content=\"Redacci\u00f3n\" \/>\n<meta name=\"twitter:card\" content=\"summary_large_image\" \/>\n<meta name=\"twitter:label1\" content=\"Escrit per\" \/>\n\t<meta name=\"twitter:data1\" content=\"Redacci\u00f3n\" \/>\n\t<meta name=\"twitter:label2\" content=\"Temps estimat de lectura\" \/>\n\t<meta name=\"twitter:data2\" content=\"3 minuts\" \/>\n<script type=\"application\/ld+json\" class=\"yoast-schema-graph\">{\"@context\":\"https:\\\/\\\/schema.org\",\"@graph\":[{\"@type\":\"NewsArticle\",\"@id\":\"https:\\\/\\\/radiolitoral.com\\\/2024\\\/06\\\/calp-elegira-este-sabado-a-su-reina-de-la-fiestas\\\/#article\",\"isPartOf\":{\"@id\":\"https:\\\/\\\/radiolitoral.com\\\/2024\\\/06\\\/calp-elegira-este-sabado-a-su-reina-de-la-fiestas\\\/\"},\"author\":{\"name\":\"Redacci\u00f3n\",\"@id\":\"https:\\\/\\\/radiolitoral.com\\\/#\\\/schema\\\/person\\\/96b739642eb3bedb532aac3812d23307\"},\"headline\":\"Calp triar\u00e0 este dissabte a la seua Reina de la Festes\",\"datePublished\":\"2024-06-27T14:59:59+00:00\",\"dateModified\":\"2024-06-27T15:02:11+00:00\",\"mainEntityOfPage\":{\"@id\":\"https:\\\/\\\/radiolitoral.com\\\/2024\\\/06\\\/calp-elegira-este-sabado-a-su-reina-de-la-fiestas\\\/\"},\"wordCount\":375,\"commentCount\":0,\"publisher\":{\"@id\":\"https:\\\/\\\/radiolitoral.com\\\/#organization\"},\"image\":{\"@id\":\"https:\\\/\\\/radiolitoral.com\\\/2024\\\/06\\\/calp-elegira-este-sabado-a-su-reina-de-la-fiestas\\\/#primaryimage\"},\"thumbnailUrl\":\"https:\\\/\\\/media.radiolitoral.com\\\/wp-content\\\/uploads\\\/2024\\\/06\\\/01233145\\\/eleccio-de-la-reina-Calp-1.jpg\",\"keywords\":[\"Calp\",\"elecci\u00f3 de la Reina\",\"Festes\"],\"articleSection\":[\"Fiestas\"],\"inLanguage\":\"ca\",\"potentialAction\":[{\"@type\":\"CommentAction\",\"name\":\"Comment\",\"target\":[\"https:\\\/\\\/radiolitoral.com\\\/2024\\\/06\\\/calp-elegira-este-sabado-a-su-reina-de-la-fiestas\\\/#respond\"]}]},{\"@type\":[\"WebPage\",\"ItemPage\"],\"@id\":\"https:\\\/\\\/radiolitoral.com\\\/2024\\\/06\\\/calp-elegira-este-sabado-a-su-reina-de-la-fiestas\\\/\",\"url\":\"https:\\\/\\\/radiolitoral.com\\\/2024\\\/06\\\/calp-elegira-este-sabado-a-su-reina-de-la-fiestas\\\/\",\"name\":\"Calp triar\u00e0 este dissabte a la seua Reina de la Festes | R\u00e0dio Litoral\",\"isPartOf\":{\"@id\":\"https:\\\/\\\/radiolitoral.com\\\/#website\"},\"primaryImageOfPage\":{\"@id\":\"https:\\\/\\\/radiolitoral.com\\\/2024\\\/06\\\/calp-elegira-este-sabado-a-su-reina-de-la-fiestas\\\/#primaryimage\"},\"image\":{\"@id\":\"https:\\\/\\\/radiolitoral.com\\\/2024\\\/06\\\/calp-elegira-este-sabado-a-su-reina-de-la-fiestas\\\/#primaryimage\"},\"thumbnailUrl\":\"https:\\\/\\\/media.radiolitoral.com\\\/wp-content\\\/uploads\\\/2024\\\/06\\\/01233145\\\/eleccio-de-la-reina-Calp-1.jpg\",\"datePublished\":\"2024-06-27T14:59:59+00:00\",\"dateModified\":\"2024-06-27T15:02:11+00:00\",\"description\":\"Entre els quints de huit anys es coronar\u00e0 un Rei de les Festes per primera vegada en la seua hist\u00f2ria\",\"breadcrumb\":{\"@id\":\"https:\\\/\\\/radiolitoral.com\\\/2024\\\/06\\\/calp-elegira-este-sabado-a-su-reina-de-la-fiestas\\\/#breadcrumb\"},\"inLanguage\":\"ca\",\"potentialAction\":[{\"@type\":\"ReadAction\",\"target\":[\"https:\\\/\\\/radiolitoral.com\\\/2024\\\/06\\\/calp-elegira-este-sabado-a-su-reina-de-la-fiestas\\\/\"]}]},{\"@type\":\"ImageObject\",\"inLanguage\":\"ca\",\"@id\":\"https:\\\/\\\/radiolitoral.com\\\/2024\\\/06\\\/calp-elegira-este-sabado-a-su-reina-de-la-fiestas\\\/#primaryimage\",\"url\":\"https:\\\/\\\/media.radiolitoral.com\\\/wp-content\\\/uploads\\\/2024\\\/06\\\/01233145\\\/eleccio-de-la-reina-Calp-1.jpg\",\"contentUrl\":\"https:\\\/\\\/media.radiolitoral.com\\\/wp-content\\\/uploads\\\/2024\\\/06\\\/01233145\\\/eleccio-de-la-reina-Calp-1.jpg\",\"width\":1600,\"height\":1200},{\"@type\":\"BreadcrumbList\",\"@id\":\"https:\\\/\\\/radiolitoral.com\\\/2024\\\/06\\\/calp-elegira-este-sabado-a-su-reina-de-la-fiestas\\\/#breadcrumb\",\"itemListElement\":[{\"@type\":\"ListItem\",\"position\":1,\"name\":\"Portada\",\"item\":\"https:\\\/\\\/radiolitoral.com\\\/\"},{\"@type\":\"ListItem\",\"position\":2,\"name\":\"Calp triar\u00e0 este dissabte a la seua Reina de la Festes\"}]},{\"@type\":\"WebSite\",\"@id\":\"https:\\\/\\\/radiolitoral.com\\\/#website\",\"url\":\"https:\\\/\\\/radiolitoral.com\\\/\",\"name\":\"Radio Litoral\",\"description\":\"La radio local de la Marina Alta\",\"publisher\":{\"@id\":\"https:\\\/\\\/radiolitoral.com\\\/#organization\"},\"alternateName\":\"Litoral FM\",\"potentialAction\":[{\"@type\":\"SearchAction\",\"target\":{\"@type\":\"EntryPoint\",\"urlTemplate\":\"https:\\\/\\\/radiolitoral.com\\\/?s={search_term_string}\"},\"query-input\":{\"@type\":\"PropertyValueSpecification\",\"valueRequired\":true,\"valueName\":\"search_term_string\"}}],\"inLanguage\":\"ca\"},{\"@type\":\"Organization\",\"@id\":\"https:\\\/\\\/radiolitoral.com\\\/#organization\",\"name\":\"Radio Litoral\",\"url\":\"https:\\\/\\\/radiolitoral.com\\\/\",\"logo\":{\"@type\":\"ImageObject\",\"inLanguage\":\"ca\",\"@id\":\"https:\\\/\\\/radiolitoral.com\\\/#\\\/schema\\\/logo\\\/image\\\/\",\"url\":\"https:\\\/\\\/media.radiolitoral.com\\\/wp-content\\\/uploads\\\/2023\\\/02\\\/24143238\\\/CL-V-RadioLitoral696.png\",\"contentUrl\":\"https:\\\/\\\/media.radiolitoral.com\\\/wp-content\\\/uploads\\\/2023\\\/02\\\/24143238\\\/CL-V-RadioLitoral696.png\",\"width\":696,\"height\":696,\"caption\":\"Radio Litoral\"},\"image\":{\"@id\":\"https:\\\/\\\/radiolitoral.com\\\/#\\\/schema\\\/logo\\\/image\\\/\"},\"sameAs\":[\"https:\\\/\\\/www.facebook.com\\\/Laradiolitoral\\\/\"]},{\"@type\":\"Person\",\"@id\":\"https:\\\/\\\/radiolitoral.com\\\/#\\\/schema\\\/person\\\/96b739642eb3bedb532aac3812d23307\",\"name\":\"Redacci\u00f3n\",\"image\":{\"@type\":\"ImageObject\",\"inLanguage\":\"ca\",\"@id\":\"https:\\\/\\\/secure.gravatar.com\\\/avatar\\\/30cd06129ee90411dd9c7cbdcf17464181d1a3c7b072e92070ea75a25cf0097e?s=96&d=mm&r=g\",\"url\":\"https:\\\/\\\/secure.gravatar.com\\\/avatar\\\/30cd06129ee90411dd9c7cbdcf17464181d1a3c7b072e92070ea75a25cf0097e?s=96&d=mm&r=g\",\"contentUrl\":\"https:\\\/\\\/secure.gravatar.com\\\/avatar\\\/30cd06129ee90411dd9c7cbdcf17464181d1a3c7b072e92070ea75a25cf0097e?s=96&d=mm&r=g\",\"caption\":\"Redacci\u00f3n\"},\"url\":\"https:\\\/\\\/radiolitoral.com\\\/ca\\\/author\\\/kevin-carrio\\\/\"}]}<\/script>\n<!-- \/ Yoast SEO plugin. -->","yoast_head_json":{"title":"Calp escollir\u00e0 aquest dissabte la seva Reina de la Festes | R\u00e0dio Litoral","description":"Entre els quints de vuit anys es coronar\u00e0 un Rei de les Festes per primera vegada a la seva hist\u00f2ria","robots":{"index":"index","follow":"follow","max-snippet":"max-snippet:-1","max-image-preview":"max-image-preview:large","max-video-preview":"max-video-preview:-1"},"canonical":"https:\/\/radiolitoral.com\/ca\/2024\/06\/calp-triara-aquest-dissabte-a-la-seva-reina-de-les-festes\/","og_locale":"ca_ES","og_type":"article","og_title":"Calp triar\u00e0 este dissabte a la seua Reina de la Festes | R\u00e0dio Litoral","og_description":"Entre els quints de huit anys es coronar\u00e0 un Rei de les Festes per primera vegada en la seua hist\u00f2ria","og_url":"https:\/\/radiolitoral.com\/ca\/2024\/06\/calp-triara-aquest-dissabte-a-la-seva-reina-de-les-festes\/","og_site_name":"R\u00e0dio Litoral","article_publisher":"https:\/\/www.facebook.com\/Laradiolitoral\/","article_published_time":"2024-06-27T14:59:59+00:00","article_modified_time":"2024-06-27T15:02:11+00:00","og_image":[{"width":1600,"height":1200,"url":"https:\/\/radiolitoral.com\/wp-content\/uploads\/2024\/06\/eleccio-de-la-reina-Calp-1.jpg","type":"image\/jpeg"}],"author":"Redacci\u00f3n","twitter_card":"summary_large_image","twitter_misc":{"Escrit per":"Redacci\u00f3n","Temps estimat de lectura":"3 minuts"},"schema":{"@context":"https:\/\/schema.org","@graph":[{"@type":"NewsArticle","@id":"https:\/\/radiolitoral.com\/2024\/06\/calp-elegira-este-sabado-a-su-reina-de-la-fiestas\/#article","isPartOf":{"@id":"https:\/\/radiolitoral.com\/2024\/06\/calp-elegira-este-sabado-a-su-reina-de-la-fiestas\/"},"author":{"name":"Redacci\u00f3n","@id":"https:\/\/radiolitoral.com\/#\/schema\/person\/96b739642eb3bedb532aac3812d23307"},"headline":"Calp triar\u00e0 este dissabte a la seua Reina de la Festes","datePublished":"2024-06-27T14:59:59+00:00","dateModified":"2024-06-27T15:02:11+00:00","mainEntityOfPage":{"@id":"https:\/\/radiolitoral.com\/2024\/06\/calp-elegira-este-sabado-a-su-reina-de-la-fiestas\/"},"wordCount":375,"commentCount":0,"publisher":{"@id":"https:\/\/radiolitoral.com\/#organization"},"image":{"@id":"https:\/\/radiolitoral.com\/2024\/06\/calp-elegira-este-sabado-a-su-reina-de-la-fiestas\/#primaryimage"},"thumbnailUrl":"https:\/\/media.radiolitoral.com\/wp-content\/uploads\/2024\/06\/01233145\/eleccio-de-la-reina-Calp-1.jpg","keywords":["Calp","elecci\u00f3 de la Reina","Festes"],"articleSection":["Fiestas"],"inLanguage":"ca","potentialAction":[{"@type":"CommentAction","name":"Comment","target":["https:\/\/radiolitoral.com\/2024\/06\/calp-elegira-este-sabado-a-su-reina-de-la-fiestas\/#respond"]}]},{"@type":["WebPage","ItemPage"],"@id":"https:\/\/radiolitoral.com\/2024\/06\/calp-elegira-este-sabado-a-su-reina-de-la-fiestas\/","url":"https:\/\/radiolitoral.com\/2024\/06\/calp-elegira-este-sabado-a-su-reina-de-la-fiestas\/","name":"Calp escollir\u00e0 aquest dissabte la seva Reina de la Festes | R\u00e0dio Litoral","isPartOf":{"@id":"https:\/\/radiolitoral.com\/#website"},"primaryImageOfPage":{"@id":"https:\/\/radiolitoral.com\/2024\/06\/calp-elegira-este-sabado-a-su-reina-de-la-fiestas\/#primaryimage"},"image":{"@id":"https:\/\/radiolitoral.com\/2024\/06\/calp-elegira-este-sabado-a-su-reina-de-la-fiestas\/#primaryimage"},"thumbnailUrl":"https:\/\/media.radiolitoral.com\/wp-content\/uploads\/2024\/06\/01233145\/eleccio-de-la-reina-Calp-1.jpg","datePublished":"2024-06-27T14:59:59+00:00","dateModified":"2024-06-27T15:02:11+00:00","description":"Entre els quints de vuit anys es coronar\u00e0 un Rei de les Festes per primera vegada a la seva hist\u00f2ria","breadcrumb":{"@id":"https:\/\/radiolitoral.com\/2024\/06\/calp-elegira-este-sabado-a-su-reina-de-la-fiestas\/#breadcrumb"},"inLanguage":"ca","potentialAction":[{"@type":"ReadAction","target":["https:\/\/radiolitoral.com\/2024\/06\/calp-elegira-este-sabado-a-su-reina-de-la-fiestas\/"]}]},{"@type":"ImageObject","inLanguage":"ca","@id":"https:\/\/radiolitoral.com\/2024\/06\/calp-elegira-este-sabado-a-su-reina-de-la-fiestas\/#primaryimage","url":"https:\/\/media.radiolitoral.com\/wp-content\/uploads\/2024\/06\/01233145\/eleccio-de-la-reina-Calp-1.jpg","contentUrl":"https:\/\/media.radiolitoral.com\/wp-content\/uploads\/2024\/06\/01233145\/eleccio-de-la-reina-Calp-1.jpg","width":1600,"height":1200},{"@type":"BreadcrumbList","@id":"https:\/\/radiolitoral.com\/2024\/06\/calp-elegira-este-sabado-a-su-reina-de-la-fiestas\/#breadcrumb","itemListElement":[{"@type":"ListItem","position":1,"name":"Portada","item":"https:\/\/radiolitoral.com\/"},{"@type":"ListItem","position":2,"name":"Calp triar\u00e0 este dissabte a la seua Reina de la Festes"}]},{"@type":"WebSite","@id":"https:\/\/radiolitoral.com\/#website","url":"https:\/\/radiolitoral.com\/","name":"R\u00e0dio Litoral","description":"La r\u00e0dio local de la Marina Alta","publisher":{"@id":"https:\/\/radiolitoral.com\/#organization"},"alternateName":"Litoral FM","potentialAction":[{"@type":"SearchAction","target":{"@type":"EntryPoint","urlTemplate":"https:\/\/radiolitoral.com\/?s={search_term_string}"},"query-input":{"@type":"PropertyValueSpecification","valueRequired":true,"valueName":"search_term_string"}}],"inLanguage":"ca"},{"@type":"Organization","@id":"https:\/\/radiolitoral.com\/#organization","name":"R\u00e0dio Litoral","url":"https:\/\/radiolitoral.com\/","logo":{"@type":"ImageObject","inLanguage":"ca","@id":"https:\/\/radiolitoral.com\/#\/schema\/logo\/image\/","url":"https:\/\/media.radiolitoral.com\/wp-content\/uploads\/2023\/02\/24143238\/CL-V-RadioLitoral696.png","contentUrl":"https:\/\/media.radiolitoral.com\/wp-content\/uploads\/2023\/02\/24143238\/CL-V-RadioLitoral696.png","width":696,"height":696,"caption":"Radio Litoral"},"image":{"@id":"https:\/\/radiolitoral.com\/#\/schema\/logo\/image\/"},"sameAs":["https:\/\/www.facebook.com\/Laradiolitoral\/"]},{"@type":"Person","@id":"https:\/\/radiolitoral.com\/#\/schema\/person\/96b739642eb3bedb532aac3812d23307","name":"Redacci\u00f3","image":{"@type":"ImageObject","inLanguage":"ca","@id":"https:\/\/secure.gravatar.com\/avatar\/30cd06129ee90411dd9c7cbdcf17464181d1a3c7b072e92070ea75a25cf0097e?s=96&d=mm&r=g","url":"https:\/\/secure.gravatar.com\/avatar\/30cd06129ee90411dd9c7cbdcf17464181d1a3c7b072e92070ea75a25cf0097e?s=96&d=mm&r=g","contentUrl":"https:\/\/secure.gravatar.com\/avatar\/30cd06129ee90411dd9c7cbdcf17464181d1a3c7b072e92070ea75a25cf0097e?s=96&d=mm&r=g","caption":"Redacci\u00f3n"},"url":"https:\/\/radiolitoral.com\/ca\/author\/kevin-carrio\/"}]}},"_links":{"self":[{"href":"https:\/\/radiolitoral.com\/ca\/wp-json\/wp\/v2\/posts\/9722","targetHints":{"allow":["GET"]}}],"collection":[{"href":"https:\/\/radiolitoral.com\/ca\/wp-json\/wp\/v2\/posts"}],"about":[{"href":"https:\/\/radiolitoral.com\/ca\/wp-json\/wp\/v2\/types\/post"}],"author":[{"embeddable":true,"href":"https:\/\/radiolitoral.com\/ca\/wp-json\/wp\/v2\/users\/14"}],"replies":[{"embeddable":true,"href":"https:\/\/radiolitoral.com\/ca\/wp-json\/wp\/v2\/comments?post=9722"}],"version-history":[{"count":3,"href":"https:\/\/radiolitoral.com\/ca\/wp-json\/wp\/v2\/posts\/9722\/revisions"}],"predecessor-version":[{"id":9727,"href":"https:\/\/radiolitoral.com\/ca\/wp-json\/wp\/v2\/posts\/9722\/revisions\/9727"}],"wp:featuredmedia":[{"embeddable":true,"href":"https:\/\/radiolitoral.com\/ca\/wp-json\/wp\/v2\/media\/9725"}],"wp:attachment":[{"href":"https:\/\/radiolitoral.com\/ca\/wp-json\/wp\/v2\/media?parent=9722"}],"wp:term":[{"taxonomy":"category","embeddable":true,"href":"https:\/\/radiolitoral.com\/ca\/wp-json\/wp\/v2\/categories?post=9722"},{"taxonomy":"post_tag","embeddable":true,"href":"https:\/\/radiolitoral.com\/ca\/wp-json\/wp\/v2\/tags?post=9722"}],"curies":[{"name":"wp","href":"https:\/\/api.w.org\/{rel}","templated":true}]}}