{"id":9714,"date":"2024-06-27T13:13:15","date_gmt":"2024-06-27T11:13:15","guid":{"rendered":"https:\/\/radiolitoral.com\/?p=9714"},"modified":"2024-06-27T13:13:15","modified_gmt":"2024-06-27T11:13:15","slug":"autobus-gratuit-el-poble-nou-de-benitatxell","status":"publish","type":"post","link":"https:\/\/radiolitoral.com\/ca\/2024\/06\/autobus-gratuit-el-poble-nou-de-benitatxell\/","title":{"rendered":"Benitatxell engega l&#039;autob\u00fas gratu\u00eft a la cala del Moraig aquest cap de setmana"},"content":{"rendered":"<p>A partir d&#039;aquest divendres 28 de juny i fins al diumenge 1 de setembre, l&#039;<strong>autob\u00fas llan\u00e7adora gratu\u00eft<\/strong> habilitat per l&#039;Ajuntament del Poble Nou de Benitatxell prestar\u00e0 servei per portar els banyistes a la cala del Moraig.<\/p>\n<p>Despr\u00e9s del bon funcionament dels estius passats, es mantenen els quatre <strong>punts de recollida<\/strong>: el cementiri municipal, el p\u00e0rquing davant del Masymas, l&#039;aparcament del col\u00b7legi Lady Elizabeth i, finalment, la cala.<\/p>\n<p>Pel que fa a l&#039;<strong>horari<\/strong>, l&#039;autob\u00fas eixir\u00e0 cada madrugada a les 10:00 hores des del centre urb\u00e0 i far\u00e0 parada tamb\u00e9 al p\u00e0rquing davant del Masymas, l&#039;aparcament del col\u00b7legi Lady Elizabeth i, finalment, la cala. El mateix recorregut, per\u00f2 a la inversa, es far\u00e0 al migdia, a les 14.30 hores. A la tarda, sortir\u00e0 a les 16:00 hores i tornar\u00e0 a les 18:30 hores.<\/p>\n<p>Aquest servei cerca descongestionar de vehicles la zona de costa i proporcionar una alternativa gratu\u00efta al p\u00e0rquing de pagament, m\u00e9s sostenible amb l&#039;entorn. Al mateix temps, es vol potenciar les visites al centre urb\u00e0 de la localitat.<\/p>","protected":false},"excerpt":{"rendered":"<p>A partir d&#8217;aquest divendres 28 de juny, i fins al diumenge 1 de setembre, l&#8217;autob\u00fas llan\u00e7adora gratu\u00eft habilitat per l&#8217;Ajuntament d&#8217;El Poble Nou de Benitatxell prestar\u00e0 servei per a portar els banyistes a la cala del Moraig. Despr\u00e9s del bon funcionament dels estius passats, es mantenen els quatre punts de recollida: el cementeri municipal, el [&#8230;]<\/p>\n<p><a class=\"btn btn-secondary understrap-read-more-link\" href=\"https:\/\/radiolitoral.com\/ca\/2024\/06\/autobus-gratuit-el-poble-nou-de-benitatxell\/\">Continua llegint&#8230;<span class=\"screen-reader-text\"> from Benitatxell posa en marxa l&#8217;autob\u00fas gratu\u00eft a la cala del Moraig aquest cap de setmana<\/span><\/a><\/p>\n","protected":false},"author":11,"featured_media":2001,"comment_status":"open","ping_status":"closed","sticky":false,"template":"","format":"standard","meta":{"_acf_changed":false,"inline_featured_image":false,"footnotes":""},"categories":[144],"tags":[1619,184,314,1618],"class_list":["post-9714","post","type-post","status-publish","format-standard","has-post-thumbnail","hentry","category-turismo","tag-autobus","tag-benitatxell","tag-marina-alta","tag-transporte","cobertura-poble-nou-de-benitatxell"],"acf":[],"yoast_head":"<!-- This site is optimized with the Yoast SEO plugin v27.5 - https:\/\/yoast.com\/product\/yoast-seo-wordpress\/ -->\n<title>Benitatxell posa en marxa l&#039;autob\u00fas gratu\u00eft a la cala del Moraig aquest cap de setmana | R\u00e0dio Litoral<\/title>\n<meta name=\"description\" content=\"El servei, actiu del 28 de juny a l&#039;1 de setembre, busca descongestionar la zona de costa i oferir una alternativa sostenible\" \/>\n<meta name=\"robots\" content=\"index, follow, max-snippet:-1, max-image-preview:large, max-video-preview:-1\" \/>\n<link rel=\"canonical\" href=\"https:\/\/radiolitoral.com\/ca\/2024\/06\/autobus-gratuit-el-poble-nou-de-benitatxell\/\" \/>\n<meta property=\"og:locale\" content=\"ca_ES\" \/>\n<meta property=\"og:type\" content=\"article\" \/>\n<meta property=\"og:title\" content=\"Benitatxell posa en marxa l&#039;autob\u00fas gratu\u00eft a la cala del Moraig aquest cap de setmana | R\u00e0dio Litoral\" \/>\n<meta property=\"og:description\" content=\"El servei, actiu del 28 de juny a l&#039;1 de setembre, busca descongestionar la zona de costa i oferir una alternativa sostenible\" \/>\n<meta property=\"og:url\" content=\"https:\/\/radiolitoral.com\/ca\/2024\/06\/autobus-gratuit-el-poble-nou-de-benitatxell\/\" \/>\n<meta property=\"og:site_name\" content=\"R\u00e0dio Litoral\" \/>\n<meta property=\"article:publisher\" content=\"https:\/\/www.facebook.com\/Laradiolitoral\/\" \/>\n<meta property=\"article:published_time\" content=\"2024-06-27T11:13:15+00:00\" \/>\n<meta property=\"og:image\" content=\"https:\/\/media.radiolitoral.com\/wp-content\/uploads\/2023\/04\/05155151\/El_Poble_Nou-scaled.jpg\" \/>\n\t<meta property=\"og:image:width\" content=\"2560\" \/>\n\t<meta property=\"og:image:height\" content=\"1661\" \/>\n\t<meta property=\"og:image:type\" content=\"image\/jpeg\" \/>\n<meta name=\"author\" content=\"Redacci\u00f3n\" \/>\n<meta name=\"twitter:card\" content=\"summary_large_image\" \/>\n<meta name=\"twitter:label1\" content=\"Escrit per\" \/>\n\t<meta name=\"twitter:data1\" content=\"Redacci\u00f3n\" \/>\n\t<meta name=\"twitter:label2\" content=\"Temps estimat de lectura\" \/>\n\t<meta name=\"twitter:data2\" content=\"2 minuts\" \/>\n<script type=\"application\/ld+json\" class=\"yoast-schema-graph\">{\"@context\":\"https:\\\/\\\/schema.org\",\"@graph\":[{\"@type\":\"NewsArticle\",\"@id\":\"https:\\\/\\\/radiolitoral.com\\\/2024\\\/06\\\/autobus-gratuit-el-poble-nou-de-benitatxell\\\/#article\",\"isPartOf\":{\"@id\":\"https:\\\/\\\/radiolitoral.com\\\/2024\\\/06\\\/autobus-gratuit-el-poble-nou-de-benitatxell\\\/\"},\"author\":{\"name\":\"Redacci\u00f3n\",\"@id\":\"https:\\\/\\\/radiolitoral.com\\\/#\\\/schema\\\/person\\\/aaadc9e35663a92bd94a05f5816f296d\"},\"headline\":\"Benitatxell posa en marxa l&#8217;autob\u00fas gratu\u00eft a la cala del Moraig aquest cap de setmana\",\"datePublished\":\"2024-06-27T11:13:15+00:00\",\"mainEntityOfPage\":{\"@id\":\"https:\\\/\\\/radiolitoral.com\\\/2024\\\/06\\\/autobus-gratuit-el-poble-nou-de-benitatxell\\\/\"},\"wordCount\":229,\"commentCount\":0,\"publisher\":{\"@id\":\"https:\\\/\\\/radiolitoral.com\\\/#organization\"},\"image\":{\"@id\":\"https:\\\/\\\/radiolitoral.com\\\/2024\\\/06\\\/autobus-gratuit-el-poble-nou-de-benitatxell\\\/#primaryimage\"},\"thumbnailUrl\":\"https:\\\/\\\/media.radiolitoral.com\\\/wp-content\\\/uploads\\\/2023\\\/04\\\/05155151\\\/El_Poble_Nou-scaled.jpg\",\"keywords\":[\"autob\u00fas\",\"Benitatxell\",\"Marina Alta\",\"transporte\"],\"articleSection\":[\"Turismo\"],\"inLanguage\":\"ca\",\"potentialAction\":[{\"@type\":\"CommentAction\",\"name\":\"Comment\",\"target\":[\"https:\\\/\\\/radiolitoral.com\\\/2024\\\/06\\\/autobus-gratuit-el-poble-nou-de-benitatxell\\\/#respond\"]}]},{\"@type\":[\"WebPage\",\"ItemPage\"],\"@id\":\"https:\\\/\\\/radiolitoral.com\\\/2024\\\/06\\\/autobus-gratuit-el-poble-nou-de-benitatxell\\\/\",\"url\":\"https:\\\/\\\/radiolitoral.com\\\/2024\\\/06\\\/autobus-gratuit-el-poble-nou-de-benitatxell\\\/\",\"name\":\"Benitatxell posa en marxa l'autob\u00fas gratu\u00eft a la cala del Moraig aquest cap de setmana | R\u00e0dio Litoral\",\"isPartOf\":{\"@id\":\"https:\\\/\\\/radiolitoral.com\\\/#website\"},\"primaryImageOfPage\":{\"@id\":\"https:\\\/\\\/radiolitoral.com\\\/2024\\\/06\\\/autobus-gratuit-el-poble-nou-de-benitatxell\\\/#primaryimage\"},\"image\":{\"@id\":\"https:\\\/\\\/radiolitoral.com\\\/2024\\\/06\\\/autobus-gratuit-el-poble-nou-de-benitatxell\\\/#primaryimage\"},\"thumbnailUrl\":\"https:\\\/\\\/media.radiolitoral.com\\\/wp-content\\\/uploads\\\/2023\\\/04\\\/05155151\\\/El_Poble_Nou-scaled.jpg\",\"datePublished\":\"2024-06-27T11:13:15+00:00\",\"description\":\"El servei, actiu del 28 de juny a l'1 de setembre, busca descongestionar la zona de costa i oferir una alternativa sostenible\",\"breadcrumb\":{\"@id\":\"https:\\\/\\\/radiolitoral.com\\\/2024\\\/06\\\/autobus-gratuit-el-poble-nou-de-benitatxell\\\/#breadcrumb\"},\"inLanguage\":\"ca\",\"potentialAction\":[{\"@type\":\"ReadAction\",\"target\":[\"https:\\\/\\\/radiolitoral.com\\\/2024\\\/06\\\/autobus-gratuit-el-poble-nou-de-benitatxell\\\/\"]}]},{\"@type\":\"ImageObject\",\"inLanguage\":\"ca\",\"@id\":\"https:\\\/\\\/radiolitoral.com\\\/2024\\\/06\\\/autobus-gratuit-el-poble-nou-de-benitatxell\\\/#primaryimage\",\"url\":\"https:\\\/\\\/media.radiolitoral.com\\\/wp-content\\\/uploads\\\/2023\\\/04\\\/05155151\\\/El_Poble_Nou-scaled.jpg\",\"contentUrl\":\"https:\\\/\\\/media.radiolitoral.com\\\/wp-content\\\/uploads\\\/2023\\\/04\\\/05155151\\\/El_Poble_Nou-scaled.jpg\",\"width\":2560,\"height\":1661},{\"@type\":\"BreadcrumbList\",\"@id\":\"https:\\\/\\\/radiolitoral.com\\\/2024\\\/06\\\/autobus-gratuit-el-poble-nou-de-benitatxell\\\/#breadcrumb\",\"itemListElement\":[{\"@type\":\"ListItem\",\"position\":1,\"name\":\"Portada\",\"item\":\"https:\\\/\\\/radiolitoral.com\\\/\"},{\"@type\":\"ListItem\",\"position\":2,\"name\":\"Benitatxell posa en marxa l&#8217;autob\u00fas gratu\u00eft a la cala del Moraig aquest cap de setmana\"}]},{\"@type\":\"WebSite\",\"@id\":\"https:\\\/\\\/radiolitoral.com\\\/#website\",\"url\":\"https:\\\/\\\/radiolitoral.com\\\/\",\"name\":\"Radio Litoral\",\"description\":\"La radio local de la Marina Alta\",\"publisher\":{\"@id\":\"https:\\\/\\\/radiolitoral.com\\\/#organization\"},\"alternateName\":\"Litoral FM\",\"potentialAction\":[{\"@type\":\"SearchAction\",\"target\":{\"@type\":\"EntryPoint\",\"urlTemplate\":\"https:\\\/\\\/radiolitoral.com\\\/?s={search_term_string}\"},\"query-input\":{\"@type\":\"PropertyValueSpecification\",\"valueRequired\":true,\"valueName\":\"search_term_string\"}}],\"inLanguage\":\"ca\"},{\"@type\":\"Organization\",\"@id\":\"https:\\\/\\\/radiolitoral.com\\\/#organization\",\"name\":\"Radio Litoral\",\"url\":\"https:\\\/\\\/radiolitoral.com\\\/\",\"logo\":{\"@type\":\"ImageObject\",\"inLanguage\":\"ca\",\"@id\":\"https:\\\/\\\/radiolitoral.com\\\/#\\\/schema\\\/logo\\\/image\\\/\",\"url\":\"https:\\\/\\\/media.radiolitoral.com\\\/wp-content\\\/uploads\\\/2023\\\/02\\\/24143238\\\/CL-V-RadioLitoral696.png\",\"contentUrl\":\"https:\\\/\\\/media.radiolitoral.com\\\/wp-content\\\/uploads\\\/2023\\\/02\\\/24143238\\\/CL-V-RadioLitoral696.png\",\"width\":696,\"height\":696,\"caption\":\"Radio Litoral\"},\"image\":{\"@id\":\"https:\\\/\\\/radiolitoral.com\\\/#\\\/schema\\\/logo\\\/image\\\/\"},\"sameAs\":[\"https:\\\/\\\/www.facebook.com\\\/Laradiolitoral\\\/\"]},{\"@type\":\"Person\",\"@id\":\"https:\\\/\\\/radiolitoral.com\\\/#\\\/schema\\\/person\\\/aaadc9e35663a92bd94a05f5816f296d\",\"name\":\"Redacci\u00f3n\",\"image\":{\"@type\":\"ImageObject\",\"inLanguage\":\"ca\",\"@id\":\"https:\\\/\\\/secure.gravatar.com\\\/avatar\\\/e4e253cf49afb8c76a2aca487577f1ff5c098c82b3cf2b0a85f03f83dcb96c31?s=96&d=mm&r=g\",\"url\":\"https:\\\/\\\/secure.gravatar.com\\\/avatar\\\/e4e253cf49afb8c76a2aca487577f1ff5c098c82b3cf2b0a85f03f83dcb96c31?s=96&d=mm&r=g\",\"contentUrl\":\"https:\\\/\\\/secure.gravatar.com\\\/avatar\\\/e4e253cf49afb8c76a2aca487577f1ff5c098c82b3cf2b0a85f03f83dcb96c31?s=96&d=mm&r=g\",\"caption\":\"Redacci\u00f3n\"},\"url\":\"https:\\\/\\\/radiolitoral.com\\\/ca\\\/author\\\/alba-alborch\\\/\"}]}<\/script>\n<!-- \/ Yoast SEO plugin. -->","yoast_head_json":{"title":"Benitatxell engega l&#039;autob\u00fas gratu\u00eft a la cala del Moraig aquest cap de setmana | R\u00e0dio Litoral","description":"El servei, actiu del 28 de juny a l&#039;1 de setembre, cerca descongestionar la zona de costa i oferir una alternativa sostenible","robots":{"index":"index","follow":"follow","max-snippet":"max-snippet:-1","max-image-preview":"max-image-preview:large","max-video-preview":"max-video-preview:-1"},"canonical":"https:\/\/radiolitoral.com\/ca\/2024\/06\/autobus-gratuit-el-poble-nou-de-benitatxell\/","og_locale":"ca_ES","og_type":"article","og_title":"Benitatxell posa en marxa l'autob\u00fas gratu\u00eft a la cala del Moraig aquest cap de setmana | R\u00e0dio Litoral","og_description":"El servei, actiu del 28 de juny a l'1 de setembre, busca descongestionar la zona de costa i oferir una alternativa sostenible","og_url":"https:\/\/radiolitoral.com\/ca\/2024\/06\/autobus-gratuit-el-poble-nou-de-benitatxell\/","og_site_name":"R\u00e0dio Litoral","article_publisher":"https:\/\/www.facebook.com\/Laradiolitoral\/","article_published_time":"2024-06-27T11:13:15+00:00","og_image":[{"width":2560,"height":1661,"url":"https:\/\/media.radiolitoral.com\/wp-content\/uploads\/2023\/04\/05155151\/El_Poble_Nou-scaled.jpg","type":"image\/jpeg"}],"author":"Redacci\u00f3n","twitter_card":"summary_large_image","twitter_misc":{"Escrit per":"Redacci\u00f3n","Temps estimat de lectura":"2 minuts"},"schema":{"@context":"https:\/\/schema.org","@graph":[{"@type":"NewsArticle","@id":"https:\/\/radiolitoral.com\/2024\/06\/autobus-gratuit-el-poble-nou-de-benitatxell\/#article","isPartOf":{"@id":"https:\/\/radiolitoral.com\/2024\/06\/autobus-gratuit-el-poble-nou-de-benitatxell\/"},"author":{"name":"Redacci\u00f3n","@id":"https:\/\/radiolitoral.com\/#\/schema\/person\/aaadc9e35663a92bd94a05f5816f296d"},"headline":"Benitatxell posa en marxa l&#8217;autob\u00fas gratu\u00eft a la cala del Moraig aquest cap de setmana","datePublished":"2024-06-27T11:13:15+00:00","mainEntityOfPage":{"@id":"https:\/\/radiolitoral.com\/2024\/06\/autobus-gratuit-el-poble-nou-de-benitatxell\/"},"wordCount":229,"commentCount":0,"publisher":{"@id":"https:\/\/radiolitoral.com\/#organization"},"image":{"@id":"https:\/\/radiolitoral.com\/2024\/06\/autobus-gratuit-el-poble-nou-de-benitatxell\/#primaryimage"},"thumbnailUrl":"https:\/\/media.radiolitoral.com\/wp-content\/uploads\/2023\/04\/05155151\/El_Poble_Nou-scaled.jpg","keywords":["autob\u00fas","Benitatxell","Marina Alta","transporte"],"articleSection":["Turismo"],"inLanguage":"ca","potentialAction":[{"@type":"CommentAction","name":"Comment","target":["https:\/\/radiolitoral.com\/2024\/06\/autobus-gratuit-el-poble-nou-de-benitatxell\/#respond"]}]},{"@type":["WebPage","ItemPage"],"@id":"https:\/\/radiolitoral.com\/2024\/06\/autobus-gratuit-el-poble-nou-de-benitatxell\/","url":"https:\/\/radiolitoral.com\/2024\/06\/autobus-gratuit-el-poble-nou-de-benitatxell\/","name":"Benitatxell engega l&#039;autob\u00fas gratu\u00eft a la cala del Moraig aquest cap de setmana | R\u00e0dio Litoral","isPartOf":{"@id":"https:\/\/radiolitoral.com\/#website"},"primaryImageOfPage":{"@id":"https:\/\/radiolitoral.com\/2024\/06\/autobus-gratuit-el-poble-nou-de-benitatxell\/#primaryimage"},"image":{"@id":"https:\/\/radiolitoral.com\/2024\/06\/autobus-gratuit-el-poble-nou-de-benitatxell\/#primaryimage"},"thumbnailUrl":"https:\/\/media.radiolitoral.com\/wp-content\/uploads\/2023\/04\/05155151\/El_Poble_Nou-scaled.jpg","datePublished":"2024-06-27T11:13:15+00:00","description":"El servei, actiu del 28 de juny a l&#039;1 de setembre, cerca descongestionar la zona de costa i oferir una alternativa sostenible","breadcrumb":{"@id":"https:\/\/radiolitoral.com\/2024\/06\/autobus-gratuit-el-poble-nou-de-benitatxell\/#breadcrumb"},"inLanguage":"ca","potentialAction":[{"@type":"ReadAction","target":["https:\/\/radiolitoral.com\/2024\/06\/autobus-gratuit-el-poble-nou-de-benitatxell\/"]}]},{"@type":"ImageObject","inLanguage":"ca","@id":"https:\/\/radiolitoral.com\/2024\/06\/autobus-gratuit-el-poble-nou-de-benitatxell\/#primaryimage","url":"https:\/\/media.radiolitoral.com\/wp-content\/uploads\/2023\/04\/05155151\/El_Poble_Nou-scaled.jpg","contentUrl":"https:\/\/media.radiolitoral.com\/wp-content\/uploads\/2023\/04\/05155151\/El_Poble_Nou-scaled.jpg","width":2560,"height":1661},{"@type":"BreadcrumbList","@id":"https:\/\/radiolitoral.com\/2024\/06\/autobus-gratuit-el-poble-nou-de-benitatxell\/#breadcrumb","itemListElement":[{"@type":"ListItem","position":1,"name":"Portada","item":"https:\/\/radiolitoral.com\/"},{"@type":"ListItem","position":2,"name":"Benitatxell posa en marxa l&#8217;autob\u00fas gratu\u00eft a la cala del Moraig aquest cap de setmana"}]},{"@type":"WebSite","@id":"https:\/\/radiolitoral.com\/#website","url":"https:\/\/radiolitoral.com\/","name":"R\u00e0dio Litoral","description":"La r\u00e0dio local de la Marina Alta","publisher":{"@id":"https:\/\/radiolitoral.com\/#organization"},"alternateName":"Litoral FM","potentialAction":[{"@type":"SearchAction","target":{"@type":"EntryPoint","urlTemplate":"https:\/\/radiolitoral.com\/?s={search_term_string}"},"query-input":{"@type":"PropertyValueSpecification","valueRequired":true,"valueName":"search_term_string"}}],"inLanguage":"ca"},{"@type":"Organization","@id":"https:\/\/radiolitoral.com\/#organization","name":"R\u00e0dio Litoral","url":"https:\/\/radiolitoral.com\/","logo":{"@type":"ImageObject","inLanguage":"ca","@id":"https:\/\/radiolitoral.com\/#\/schema\/logo\/image\/","url":"https:\/\/media.radiolitoral.com\/wp-content\/uploads\/2023\/02\/24143238\/CL-V-RadioLitoral696.png","contentUrl":"https:\/\/media.radiolitoral.com\/wp-content\/uploads\/2023\/02\/24143238\/CL-V-RadioLitoral696.png","width":696,"height":696,"caption":"Radio Litoral"},"image":{"@id":"https:\/\/radiolitoral.com\/#\/schema\/logo\/image\/"},"sameAs":["https:\/\/www.facebook.com\/Laradiolitoral\/"]},{"@type":"Person","@id":"https:\/\/radiolitoral.com\/#\/schema\/person\/aaadc9e35663a92bd94a05f5816f296d","name":"Redacci\u00f3","image":{"@type":"ImageObject","inLanguage":"ca","@id":"https:\/\/secure.gravatar.com\/avatar\/e4e253cf49afb8c76a2aca487577f1ff5c098c82b3cf2b0a85f03f83dcb96c31?s=96&d=mm&r=g","url":"https:\/\/secure.gravatar.com\/avatar\/e4e253cf49afb8c76a2aca487577f1ff5c098c82b3cf2b0a85f03f83dcb96c31?s=96&d=mm&r=g","contentUrl":"https:\/\/secure.gravatar.com\/avatar\/e4e253cf49afb8c76a2aca487577f1ff5c098c82b3cf2b0a85f03f83dcb96c31?s=96&d=mm&r=g","caption":"Redacci\u00f3n"},"url":"https:\/\/radiolitoral.com\/ca\/author\/alba-alborch\/"}]}},"_links":{"self":[{"href":"https:\/\/radiolitoral.com\/ca\/wp-json\/wp\/v2\/posts\/9714","targetHints":{"allow":["GET"]}}],"collection":[{"href":"https:\/\/radiolitoral.com\/ca\/wp-json\/wp\/v2\/posts"}],"about":[{"href":"https:\/\/radiolitoral.com\/ca\/wp-json\/wp\/v2\/types\/post"}],"author":[{"embeddable":true,"href":"https:\/\/radiolitoral.com\/ca\/wp-json\/wp\/v2\/users\/11"}],"replies":[{"embeddable":true,"href":"https:\/\/radiolitoral.com\/ca\/wp-json\/wp\/v2\/comments?post=9714"}],"version-history":[{"count":1,"href":"https:\/\/radiolitoral.com\/ca\/wp-json\/wp\/v2\/posts\/9714\/revisions"}],"predecessor-version":[{"id":9715,"href":"https:\/\/radiolitoral.com\/ca\/wp-json\/wp\/v2\/posts\/9714\/revisions\/9715"}],"wp:featuredmedia":[{"embeddable":true,"href":"https:\/\/radiolitoral.com\/ca\/wp-json\/wp\/v2\/media\/2001"}],"wp:attachment":[{"href":"https:\/\/radiolitoral.com\/ca\/wp-json\/wp\/v2\/media?parent=9714"}],"wp:term":[{"taxonomy":"category","embeddable":true,"href":"https:\/\/radiolitoral.com\/ca\/wp-json\/wp\/v2\/categories?post=9714"},{"taxonomy":"post_tag","embeddable":true,"href":"https:\/\/radiolitoral.com\/ca\/wp-json\/wp\/v2\/tags?post=9714"}],"curies":[{"name":"wp","href":"https:\/\/api.w.org\/{rel}","templated":true}]}}