{"id":9707,"date":"2024-06-27T12:38:52","date_gmt":"2024-06-27T10:38:52","guid":{"rendered":"https:\/\/radiolitoral.com\/?p=9707"},"modified":"2024-06-27T12:54:26","modified_gmt":"2024-06-27T10:54:26","slug":"la-marina-alta-celebra-la-seva-primera-mitja-marat-de-21k","status":"publish","type":"post","link":"https:\/\/radiolitoral.com\/ca\/2024\/06\/la-marina-alta-celebra-la-seua-primera-mitja-marato-de-21k\/","title":{"rendered":"La Marina Alta celebra la Primera Mitja Marat\u00f3 de 21k"},"content":{"rendered":"<p>La Marina Alta es prepara per acollir la seva primera mitjana marat\u00f3: <strong>21K Marina Alta<\/strong>, una iniciativa impulsada pel creixent inter\u00e8s pel running a la nostra comarca i amb la voluntat de celebrar-se tots els anys. Aquesta nova prova esportiva tindr\u00e0 lloc el proper 22 de setembre, transcorrent per quatre municipis de la comarca <strong>(D\u00e9nia, Ondara, Els Poblets i El Verger)<\/strong>. Aquest any el circuit de la prova est\u00e0 organitzada pel <strong>Club D\u00e9nia Corre<\/strong> amb el suport dels clubs i ajuntaments participants.<\/p>\n<p>Segons ha explicat el regidor d&#039;Esports de D\u00e9nia, <strong>Valen Alcal\u00e0<\/strong>, la decisi\u00f3 de crear aquesta mitja marat\u00f3 naix de l&#039;explosi\u00f3 del running a la Marina Alta. El nom de corredors i proves, tant d&#039;asfalt com de muntanya, ha augmentat significativament en els darrers anys. La manca d&#039;una prova de mitja marat\u00f3 ha estat el principal motiu per llan\u00e7ar aquest esdeveniment, oferint aix\u00ed una nova i emocionant meta per als entusiastes del running. \u201cAquesta prova \u00e9s una oportunitat per aprofitar el potencial dels corredors i corredors i posar en valor el nostre territori fent esport\u201d.<\/p>\n<p>La cursa tindr\u00e0 itiner\u00e0ncia d&#039;eixida i fita entre els quatre pobles participants. En aquesta primera edici\u00f3, la sortida i arribada ser\u00e0 a les 8.30 hores a D\u00e9nia, concretament al seu Poliesportiu. El recorregut \u00e9s molt pla, amb un desnivell acumulat de nom\u00e9s 106 metres i una dist\u00e0ncia de 21,1 km. Combina asfalt i parts de terra compacta, especialment a la via verda i el cam\u00ed de la Molla, oferint un entorn natural privilegiat.<\/p>\n<p>\u201cUtilitzarem la Via Verda que uneix D\u00e9nia amb els Poblets, una antiga via de ferrocarril que proporciona un toc distintiu a la prova i redu\u00efx al m\u00ednim el tancament del tr\u00e0nsit rodat. Tamb\u00e9 passarem per dins dels quatre pobles, garantint aix\u00ed que els ve\u00efns puguin animar els corredors al llarg del recorregut\u201d ha explicat <strong>Sergi Broniez,<\/strong> regidor d&#039;Esports del Verger.<\/p>\n<p>L&#039;organitzaci\u00f3 de la cursa, amb el patrocini de la <strong>Fundaci\u00f3 Bale\u00e0ria<\/strong> i <strong>ALE-HOP<\/strong>, compta amb la participaci\u00f3 activa dels clubs d&#039;atletisme locals, com el Club D\u00e9nia Corre, el <strong>CA Sense Pressa del Verger<\/strong>, el <strong>CA Ondara<\/strong>, i l&#039;<strong>Ondara Tri-esport<\/strong>. <strong>Jos\u00e9 Luis Mas<\/strong>, l&#039;alcalde i regidor d&#039;Esports dels Poblets, ha volgut agrader el treball conjunt i l&#039;organitzaci\u00f3 del D\u00e9nia Corre. \u201d.<\/p>\n<figure id=\"attachment_9709\" aria-describedby=\"caption-attachment-9709\" style=\"width: 1838px\" class=\"wp-caption alignnone\"><img loading=\"lazy\" decoding=\"async\" class=\"wp-image-9709 size-full\" src=\"https:\/\/media.radiolitoral.com\/wp-content\/uploads\/2024\/06\/01233150\/21-k-Marina-Alta-2.jpg\" alt=\"\" width=\"1838\" height=\"1037\" srcset=\"https:\/\/media.radiolitoral.com\/wp-content\/uploads\/2024\/06\/01233150\/21-k-Marina-Alta-2.jpg 1838w, https:\/\/media.radiolitoral.com\/wp-content\/uploads\/2024\/06\/01233150\/21-k-Marina-Alta-2-300x169.jpg 300w, https:\/\/media.radiolitoral.com\/wp-content\/uploads\/2024\/06\/01233150\/21-k-Marina-Alta-2-1024x578.jpg 1024w, https:\/\/media.radiolitoral.com\/wp-content\/uploads\/2024\/06\/01233150\/21-k-Marina-Alta-2-768x433.jpg 768w, https:\/\/media.radiolitoral.com\/wp-content\/uploads\/2024\/06\/01233150\/21-k-Marina-Alta-2-1536x867.jpg 1536w, https:\/\/media.radiolitoral.com\/wp-content\/uploads\/2024\/06\/01233150\/21-k-Marina-Alta-2-18x10.jpg 18w, https:\/\/media.radiolitoral.com\/wp-content\/uploads\/2024\/06\/01233150\/21-k-Marina-Alta-2-1000x564.jpg 1000w, https:\/\/media.radiolitoral.com\/wp-content\/uploads\/2024\/06\/01233150\/21-k-Marina-Alta-2-100x56.jpg 100w, https:\/\/media.radiolitoral.com\/wp-content\/uploads\/2024\/06\/01233150\/21-k-Marina-Alta-2-200x113.jpg 200w\" sizes=\"auto, (max-width: 1838px) 100vw, 1838px\" \/><figcaption id=\"caption-attachment-9709\" class=\"wp-caption-text\">Regidors dels municipis participants | D\u00e9nia Corre<\/figcaption><\/figure>\n<p><strong>Inscripcions<\/strong><\/p>\n<p>Els preus de les inscripcions recompensaran els participants de l&#039;\u00faltima edici\u00f3 del Circuit al Peu de la Marina Alta amb tarifes especials, tal com ha assenyalat Miguel Moreno, de la Directiva del Circuit al Peu de la Marina Alta, amb un l\u00edmit de 500 inscrits .<\/p>\n<p><strong>Tram 1<\/strong> (26 de juny \u2013 07 de juliol): 16\u20ac (inscrits al Circuit a Peu Marina Alta 14\u20ac)<\/p>\n<p><strong>Tram 2<\/strong> (08 de juliol \u2013 08 d&#039;agost): 18\u20ac (inscrits al Circuit a Peu Marina Alta 16\u20ac)<\/p>\n<p><strong>Tram 3<\/strong> (09 d&#039;agost \u2013 09 de setembre): 20\u20ac (inscrits al Circuit a Peu Marina Alta 18\u20ac)<\/p>\n<p><strong>Tram 4<\/strong> (10 \u2013 19 de setembre): 22\u20ac (TOTS 22\u20ac)<\/p>\n<p>Per part seva, <strong>Lluis Forn\u00e9s<\/strong>, regidor d&#039;Esports d&#039;Ondara, ha anunciat que les inscripcions estaran obertes a partir del mat\u00ed, 27 de juny.<\/p>\n<p>Des del Club D\u00e9nia Corre afirmen que \u00e9s dif\u00edcil fer una estimaci\u00f3 exacta dels participants, per\u00f2 esperin que aquesta 21K esdevingui un nou repte per a tots els corredors del circuit anual, aix\u00ed com un atractiu per a corredors de les comarques ve\u00efnes. Aix\u00ed, conviden tots els amants del running a sumar-se a aquesta emocionant aventura ia formar part de la hist\u00f2ria esportiva de la Marina Alta.<\/p>\n<p>&nbsp;<\/p>","protected":false},"excerpt":{"rendered":"<p>La Marina Alta es prepara per a acollir la seua primera mitja marat\u00f3: 21K Marina Alta, una iniciativa impulsada pel creixent inter\u00e8s pel running en la nostra comarca i amb la voluntat de celebrar-se tots els anys. Aquesta nova prova esportiva tindr\u00e0 lloc el pr\u00f2xim 22 de setembre, transcorrent per quatre municipis de la comarca [&#8230;]<\/p>\n<p><a class=\"btn btn-secondary understrap-read-more-link\" href=\"https:\/\/radiolitoral.com\/ca\/2024\/06\/la-marina-alta-celebra-la-seua-primera-mitja-marato-de-21k\/\">Continua llegint&#8230;<span class=\"screen-reader-text\"> from La Marina Alta celebra la seua Primera Mitja Marat\u00f3 de 21k<\/span><\/a><\/p>\n","protected":false},"author":12,"featured_media":9708,"comment_status":"open","ping_status":"closed","sticky":false,"template":"","format":"standard","meta":{"_acf_changed":false,"inline_featured_image":false,"footnotes":""},"categories":[5],"tags":[1611,1613,1614,1615,1610,6,1167,1617,1375,1616,1612,1210],"class_list":["post-9707","post","type-post","status-publish","format-standard","has-post-thumbnail","hentry","category-deportes","tag-21k-marina-alta","tag-ale-hop","tag-c-a-sense-pressa-del-verger","tag-c-a-ondara","tag-club-denia-corre","tag-deportes","tag-fundacio-balearia","tag-jose-luis-mas","tag-lluis-fornes","tag-ondara-tri-esport","tag-sergi-broniez","tag-valen-alcala","cobertura-denia"],"acf":[],"yoast_head":"<!-- This site is optimized with the Yoast SEO plugin v27.5 - https:\/\/yoast.com\/product\/yoast-seo-wordpress\/ -->\n<title>La Marina Alta celebra la seua Primera Mitja Marat\u00f3 de 21k | R\u00e0dio Litoral<\/title>\n<meta name=\"description\" content=\"La cursa que travessar\u00e0 els municipis de D\u00e9nia, Ondara, Els Poblets i El Verger tindr\u00e0 lloc el 22 de setembre\" \/>\n<meta name=\"robots\" content=\"index, follow, max-snippet:-1, max-image-preview:large, max-video-preview:-1\" \/>\n<link rel=\"canonical\" href=\"https:\/\/radiolitoral.com\/ca\/2024\/06\/la-marina-alta-celebra-la-seva-primera-mitja-marat-de-21k\/\" \/>\n<meta property=\"og:locale\" content=\"ca_ES\" \/>\n<meta property=\"og:type\" content=\"article\" \/>\n<meta property=\"og:title\" content=\"La Marina Alta celebra la seua Primera Mitja Marat\u00f3 de 21k | R\u00e0dio Litoral\" \/>\n<meta property=\"og:description\" content=\"La cursa que travessar\u00e0 els municipis de D\u00e9nia, Ondara, Els Poblets i El Verger tindr\u00e0 lloc el 22 de setembre\" \/>\n<meta property=\"og:url\" content=\"https:\/\/radiolitoral.com\/ca\/2024\/06\/la-marina-alta-celebra-la-seva-primera-mitja-marat-de-21k\/\" \/>\n<meta property=\"og:site_name\" content=\"R\u00e0dio Litoral\" \/>\n<meta property=\"article:publisher\" content=\"https:\/\/www.facebook.com\/Laradiolitoral\/\" \/>\n<meta property=\"article:published_time\" content=\"2024-06-27T10:38:52+00:00\" \/>\n<meta property=\"article:modified_time\" content=\"2024-06-27T10:54:26+00:00\" \/>\n<meta property=\"og:image\" content=\"https:\/\/radiolitoral.com\/wp-content\/uploads\/2024\/06\/Concejales-y-presidentes-de-los-municipios-y-clubes-participantes.jpg\" \/>\n\t<meta property=\"og:image:width\" content=\"1590\" \/>\n\t<meta property=\"og:image:height\" content=\"981\" \/>\n\t<meta property=\"og:image:type\" content=\"image\/jpeg\" \/>\n<meta name=\"author\" content=\"Javier Zamora\" \/>\n<meta name=\"twitter:card\" content=\"summary_large_image\" \/>\n<meta name=\"twitter:label1\" content=\"Escrit per\" \/>\n\t<meta name=\"twitter:data1\" content=\"Javier Zamora\" \/>\n\t<meta name=\"twitter:label2\" content=\"Temps estimat de lectura\" \/>\n\t<meta name=\"twitter:data2\" content=\"4 minuts\" \/>\n<script type=\"application\/ld+json\" class=\"yoast-schema-graph\">{\"@context\":\"https:\\\/\\\/schema.org\",\"@graph\":[{\"@type\":\"NewsArticle\",\"@id\":\"https:\\\/\\\/radiolitoral.com\\\/2024\\\/06\\\/la-marina-alta-celebra-la-seua-primera-mitja-marato-de-21k\\\/#article\",\"isPartOf\":{\"@id\":\"https:\\\/\\\/radiolitoral.com\\\/2024\\\/06\\\/la-marina-alta-celebra-la-seua-primera-mitja-marato-de-21k\\\/\"},\"author\":{\"name\":\"Javier Zamora\",\"@id\":\"https:\\\/\\\/radiolitoral.com\\\/#\\\/schema\\\/person\\\/7b1480b5caeb5acdd4ec6379caf62b22\"},\"headline\":\"La Marina Alta celebra la seua Primera Mitja Marat\u00f3 de 21k\",\"datePublished\":\"2024-06-27T10:38:52+00:00\",\"dateModified\":\"2024-06-27T10:54:26+00:00\",\"mainEntityOfPage\":{\"@id\":\"https:\\\/\\\/radiolitoral.com\\\/2024\\\/06\\\/la-marina-alta-celebra-la-seua-primera-mitja-marato-de-21k\\\/\"},\"wordCount\":638,\"commentCount\":0,\"publisher\":{\"@id\":\"https:\\\/\\\/radiolitoral.com\\\/#organization\"},\"image\":{\"@id\":\"https:\\\/\\\/radiolitoral.com\\\/2024\\\/06\\\/la-marina-alta-celebra-la-seua-primera-mitja-marato-de-21k\\\/#primaryimage\"},\"thumbnailUrl\":\"https:\\\/\\\/media.radiolitoral.com\\\/wp-content\\\/uploads\\\/2024\\\/06\\\/01233154\\\/Concejales-y-presidentes-de-los-municipios-y-clubes-participantes.jpg\",\"keywords\":[\"21K Marina Alta\",\"ALE-HOP\",\"C.A Sense Pressa del Verger\",\"C.A. Ondara\",\"Club D\u00e9nia Corre\",\"deportes\",\"Fundaci\u00f3 Bale\u00e0ria\",\"Jos\u00e9 Luis Mas\",\"Llu\u00eds Forn\u00e9s\",\"Ondara Tri-esport\",\"Sergi Broniez\",\"Valen Alcal\u00e1\"],\"articleSection\":[\"Deportes\"],\"inLanguage\":\"ca\",\"potentialAction\":[{\"@type\":\"CommentAction\",\"name\":\"Comment\",\"target\":[\"https:\\\/\\\/radiolitoral.com\\\/2024\\\/06\\\/la-marina-alta-celebra-la-seua-primera-mitja-marato-de-21k\\\/#respond\"]}]},{\"@type\":[\"WebPage\",\"ItemPage\"],\"@id\":\"https:\\\/\\\/radiolitoral.com\\\/2024\\\/06\\\/la-marina-alta-celebra-la-seua-primera-mitja-marato-de-21k\\\/\",\"url\":\"https:\\\/\\\/radiolitoral.com\\\/2024\\\/06\\\/la-marina-alta-celebra-la-seua-primera-mitja-marato-de-21k\\\/\",\"name\":\"La Marina Alta celebra la seua Primera Mitja Marat\u00f3 de 21k | R\u00e0dio Litoral\",\"isPartOf\":{\"@id\":\"https:\\\/\\\/radiolitoral.com\\\/#website\"},\"primaryImageOfPage\":{\"@id\":\"https:\\\/\\\/radiolitoral.com\\\/2024\\\/06\\\/la-marina-alta-celebra-la-seua-primera-mitja-marato-de-21k\\\/#primaryimage\"},\"image\":{\"@id\":\"https:\\\/\\\/radiolitoral.com\\\/2024\\\/06\\\/la-marina-alta-celebra-la-seua-primera-mitja-marato-de-21k\\\/#primaryimage\"},\"thumbnailUrl\":\"https:\\\/\\\/media.radiolitoral.com\\\/wp-content\\\/uploads\\\/2024\\\/06\\\/01233154\\\/Concejales-y-presidentes-de-los-municipios-y-clubes-participantes.jpg\",\"datePublished\":\"2024-06-27T10:38:52+00:00\",\"dateModified\":\"2024-06-27T10:54:26+00:00\",\"description\":\"La cursa que travessar\u00e0 els municipis de D\u00e9nia, Ondara, Els Poblets i El Verger tindr\u00e0 lloc el 22 de setembre\",\"breadcrumb\":{\"@id\":\"https:\\\/\\\/radiolitoral.com\\\/2024\\\/06\\\/la-marina-alta-celebra-la-seua-primera-mitja-marato-de-21k\\\/#breadcrumb\"},\"inLanguage\":\"ca\",\"potentialAction\":[{\"@type\":\"ReadAction\",\"target\":[\"https:\\\/\\\/radiolitoral.com\\\/2024\\\/06\\\/la-marina-alta-celebra-la-seua-primera-mitja-marato-de-21k\\\/\"]}]},{\"@type\":\"ImageObject\",\"inLanguage\":\"ca\",\"@id\":\"https:\\\/\\\/radiolitoral.com\\\/2024\\\/06\\\/la-marina-alta-celebra-la-seua-primera-mitja-marato-de-21k\\\/#primaryimage\",\"url\":\"https:\\\/\\\/media.radiolitoral.com\\\/wp-content\\\/uploads\\\/2024\\\/06\\\/01233154\\\/Concejales-y-presidentes-de-los-municipios-y-clubes-participantes.jpg\",\"contentUrl\":\"https:\\\/\\\/media.radiolitoral.com\\\/wp-content\\\/uploads\\\/2024\\\/06\\\/01233154\\\/Concejales-y-presidentes-de-los-municipios-y-clubes-participantes.jpg\",\"width\":1590,\"height\":981},{\"@type\":\"BreadcrumbList\",\"@id\":\"https:\\\/\\\/radiolitoral.com\\\/2024\\\/06\\\/la-marina-alta-celebra-la-seua-primera-mitja-marato-de-21k\\\/#breadcrumb\",\"itemListElement\":[{\"@type\":\"ListItem\",\"position\":1,\"name\":\"Portada\",\"item\":\"https:\\\/\\\/radiolitoral.com\\\/\"},{\"@type\":\"ListItem\",\"position\":2,\"name\":\"La Marina Alta celebra la seua Primera Mitja Marat\u00f3 de 21k\"}]},{\"@type\":\"WebSite\",\"@id\":\"https:\\\/\\\/radiolitoral.com\\\/#website\",\"url\":\"https:\\\/\\\/radiolitoral.com\\\/\",\"name\":\"Radio Litoral\",\"description\":\"La radio local de la Marina Alta\",\"publisher\":{\"@id\":\"https:\\\/\\\/radiolitoral.com\\\/#organization\"},\"alternateName\":\"Litoral FM\",\"potentialAction\":[{\"@type\":\"SearchAction\",\"target\":{\"@type\":\"EntryPoint\",\"urlTemplate\":\"https:\\\/\\\/radiolitoral.com\\\/?s={search_term_string}\"},\"query-input\":{\"@type\":\"PropertyValueSpecification\",\"valueRequired\":true,\"valueName\":\"search_term_string\"}}],\"inLanguage\":\"ca\"},{\"@type\":\"Organization\",\"@id\":\"https:\\\/\\\/radiolitoral.com\\\/#organization\",\"name\":\"Radio Litoral\",\"url\":\"https:\\\/\\\/radiolitoral.com\\\/\",\"logo\":{\"@type\":\"ImageObject\",\"inLanguage\":\"ca\",\"@id\":\"https:\\\/\\\/radiolitoral.com\\\/#\\\/schema\\\/logo\\\/image\\\/\",\"url\":\"https:\\\/\\\/media.radiolitoral.com\\\/wp-content\\\/uploads\\\/2023\\\/02\\\/24143238\\\/CL-V-RadioLitoral696.png\",\"contentUrl\":\"https:\\\/\\\/media.radiolitoral.com\\\/wp-content\\\/uploads\\\/2023\\\/02\\\/24143238\\\/CL-V-RadioLitoral696.png\",\"width\":696,\"height\":696,\"caption\":\"Radio Litoral\"},\"image\":{\"@id\":\"https:\\\/\\\/radiolitoral.com\\\/#\\\/schema\\\/logo\\\/image\\\/\"},\"sameAs\":[\"https:\\\/\\\/www.facebook.com\\\/Laradiolitoral\\\/\"]},{\"@type\":\"Person\",\"@id\":\"https:\\\/\\\/radiolitoral.com\\\/#\\\/schema\\\/person\\\/7b1480b5caeb5acdd4ec6379caf62b22\",\"name\":\"Javier Zamora\",\"image\":{\"@type\":\"ImageObject\",\"inLanguage\":\"ca\",\"@id\":\"https:\\\/\\\/secure.gravatar.com\\\/avatar\\\/467a11f6918c7d619c4043fc6fa2d3853053107973f05b6e9c04ea6c4e3a7b3f?s=96&d=mm&r=g\",\"url\":\"https:\\\/\\\/secure.gravatar.com\\\/avatar\\\/467a11f6918c7d619c4043fc6fa2d3853053107973f05b6e9c04ea6c4e3a7b3f?s=96&d=mm&r=g\",\"contentUrl\":\"https:\\\/\\\/secure.gravatar.com\\\/avatar\\\/467a11f6918c7d619c4043fc6fa2d3853053107973f05b6e9c04ea6c4e3a7b3f?s=96&d=mm&r=g\",\"caption\":\"Javier Zamora\"},\"url\":\"https:\\\/\\\/radiolitoral.com\\\/ca\\\/author\\\/javier-zamora\\\/\"}]}<\/script>\n<!-- \/ Yoast SEO plugin. -->","yoast_head_json":{"title":"La Marina Alta celebra la Primera Mitja Marat\u00f3 de 21k | R\u00e0dio Litoral","description":"La cursa que travessar\u00e0 els municipis de D\u00e9nia, Ondara, els Poblets i el Verger tindr\u00e0 lloc el 22 de setembre","robots":{"index":"index","follow":"follow","max-snippet":"max-snippet:-1","max-image-preview":"max-image-preview:large","max-video-preview":"max-video-preview:-1"},"canonical":"https:\/\/radiolitoral.com\/ca\/2024\/06\/la-marina-alta-celebra-la-seva-primera-mitja-marat-de-21k\/","og_locale":"ca_ES","og_type":"article","og_title":"La Marina Alta celebra la seua Primera Mitja Marat\u00f3 de 21k | R\u00e0dio Litoral","og_description":"La cursa que travessar\u00e0 els municipis de D\u00e9nia, Ondara, Els Poblets i El Verger tindr\u00e0 lloc el 22 de setembre","og_url":"https:\/\/radiolitoral.com\/ca\/2024\/06\/la-marina-alta-celebra-la-seva-primera-mitja-marat-de-21k\/","og_site_name":"R\u00e0dio Litoral","article_publisher":"https:\/\/www.facebook.com\/Laradiolitoral\/","article_published_time":"2024-06-27T10:38:52+00:00","article_modified_time":"2024-06-27T10:54:26+00:00","og_image":[{"width":1590,"height":981,"url":"https:\/\/radiolitoral.com\/wp-content\/uploads\/2024\/06\/Concejales-y-presidentes-de-los-municipios-y-clubes-participantes.jpg","type":"image\/jpeg"}],"author":"Javier Zamora","twitter_card":"summary_large_image","twitter_misc":{"Escrit per":"Javier Zamora","Temps estimat de lectura":"4 minuts"},"schema":{"@context":"https:\/\/schema.org","@graph":[{"@type":"NewsArticle","@id":"https:\/\/radiolitoral.com\/2024\/06\/la-marina-alta-celebra-la-seua-primera-mitja-marato-de-21k\/#article","isPartOf":{"@id":"https:\/\/radiolitoral.com\/2024\/06\/la-marina-alta-celebra-la-seua-primera-mitja-marato-de-21k\/"},"author":{"name":"Javier Zamora","@id":"https:\/\/radiolitoral.com\/#\/schema\/person\/7b1480b5caeb5acdd4ec6379caf62b22"},"headline":"La Marina Alta celebra la seua Primera Mitja Marat\u00f3 de 21k","datePublished":"2024-06-27T10:38:52+00:00","dateModified":"2024-06-27T10:54:26+00:00","mainEntityOfPage":{"@id":"https:\/\/radiolitoral.com\/2024\/06\/la-marina-alta-celebra-la-seua-primera-mitja-marato-de-21k\/"},"wordCount":638,"commentCount":0,"publisher":{"@id":"https:\/\/radiolitoral.com\/#organization"},"image":{"@id":"https:\/\/radiolitoral.com\/2024\/06\/la-marina-alta-celebra-la-seua-primera-mitja-marato-de-21k\/#primaryimage"},"thumbnailUrl":"https:\/\/media.radiolitoral.com\/wp-content\/uploads\/2024\/06\/01233154\/Concejales-y-presidentes-de-los-municipios-y-clubes-participantes.jpg","keywords":["21K Marina Alta","ALE-HOP","C.A Sense Pressa del Verger","C.A. Ondara","Club D\u00e9nia Corre","deportes","Fundaci\u00f3 Bale\u00e0ria","Jos\u00e9 Luis Mas","Llu\u00eds Forn\u00e9s","Ondara Tri-esport","Sergi Broniez","Valen Alcal\u00e1"],"articleSection":["Deportes"],"inLanguage":"ca","potentialAction":[{"@type":"CommentAction","name":"Comment","target":["https:\/\/radiolitoral.com\/2024\/06\/la-marina-alta-celebra-la-seua-primera-mitja-marato-de-21k\/#respond"]}]},{"@type":["WebPage","ItemPage"],"@id":"https:\/\/radiolitoral.com\/2024\/06\/la-marina-alta-celebra-la-seua-primera-mitja-marato-de-21k\/","url":"https:\/\/radiolitoral.com\/2024\/06\/la-marina-alta-celebra-la-seua-primera-mitja-marato-de-21k\/","name":"La Marina Alta celebra la Primera Mitja Marat\u00f3 de 21k | R\u00e0dio Litoral","isPartOf":{"@id":"https:\/\/radiolitoral.com\/#website"},"primaryImageOfPage":{"@id":"https:\/\/radiolitoral.com\/2024\/06\/la-marina-alta-celebra-la-seua-primera-mitja-marato-de-21k\/#primaryimage"},"image":{"@id":"https:\/\/radiolitoral.com\/2024\/06\/la-marina-alta-celebra-la-seua-primera-mitja-marato-de-21k\/#primaryimage"},"thumbnailUrl":"https:\/\/media.radiolitoral.com\/wp-content\/uploads\/2024\/06\/01233154\/Concejales-y-presidentes-de-los-municipios-y-clubes-participantes.jpg","datePublished":"2024-06-27T10:38:52+00:00","dateModified":"2024-06-27T10:54:26+00:00","description":"La cursa que travessar\u00e0 els municipis de D\u00e9nia, Ondara, els Poblets i el Verger tindr\u00e0 lloc el 22 de setembre","breadcrumb":{"@id":"https:\/\/radiolitoral.com\/2024\/06\/la-marina-alta-celebra-la-seua-primera-mitja-marato-de-21k\/#breadcrumb"},"inLanguage":"ca","potentialAction":[{"@type":"ReadAction","target":["https:\/\/radiolitoral.com\/2024\/06\/la-marina-alta-celebra-la-seua-primera-mitja-marato-de-21k\/"]}]},{"@type":"ImageObject","inLanguage":"ca","@id":"https:\/\/radiolitoral.com\/2024\/06\/la-marina-alta-celebra-la-seua-primera-mitja-marato-de-21k\/#primaryimage","url":"https:\/\/media.radiolitoral.com\/wp-content\/uploads\/2024\/06\/01233154\/Concejales-y-presidentes-de-los-municipios-y-clubes-participantes.jpg","contentUrl":"https:\/\/media.radiolitoral.com\/wp-content\/uploads\/2024\/06\/01233154\/Concejales-y-presidentes-de-los-municipios-y-clubes-participantes.jpg","width":1590,"height":981},{"@type":"BreadcrumbList","@id":"https:\/\/radiolitoral.com\/2024\/06\/la-marina-alta-celebra-la-seua-primera-mitja-marato-de-21k\/#breadcrumb","itemListElement":[{"@type":"ListItem","position":1,"name":"Portada","item":"https:\/\/radiolitoral.com\/"},{"@type":"ListItem","position":2,"name":"La Marina Alta celebra la seua Primera Mitja Marat\u00f3 de 21k"}]},{"@type":"WebSite","@id":"https:\/\/radiolitoral.com\/#website","url":"https:\/\/radiolitoral.com\/","name":"R\u00e0dio Litoral","description":"La r\u00e0dio local de la Marina Alta","publisher":{"@id":"https:\/\/radiolitoral.com\/#organization"},"alternateName":"Litoral FM","potentialAction":[{"@type":"SearchAction","target":{"@type":"EntryPoint","urlTemplate":"https:\/\/radiolitoral.com\/?s={search_term_string}"},"query-input":{"@type":"PropertyValueSpecification","valueRequired":true,"valueName":"search_term_string"}}],"inLanguage":"ca"},{"@type":"Organization","@id":"https:\/\/radiolitoral.com\/#organization","name":"R\u00e0dio Litoral","url":"https:\/\/radiolitoral.com\/","logo":{"@type":"ImageObject","inLanguage":"ca","@id":"https:\/\/radiolitoral.com\/#\/schema\/logo\/image\/","url":"https:\/\/media.radiolitoral.com\/wp-content\/uploads\/2023\/02\/24143238\/CL-V-RadioLitoral696.png","contentUrl":"https:\/\/media.radiolitoral.com\/wp-content\/uploads\/2023\/02\/24143238\/CL-V-RadioLitoral696.png","width":696,"height":696,"caption":"Radio Litoral"},"image":{"@id":"https:\/\/radiolitoral.com\/#\/schema\/logo\/image\/"},"sameAs":["https:\/\/www.facebook.com\/Laradiolitoral\/"]},{"@type":"Person","@id":"https:\/\/radiolitoral.com\/#\/schema\/person\/7b1480b5caeb5acdd4ec6379caf62b22","name":"Javier Zamora","image":{"@type":"ImageObject","inLanguage":"ca","@id":"https:\/\/secure.gravatar.com\/avatar\/467a11f6918c7d619c4043fc6fa2d3853053107973f05b6e9c04ea6c4e3a7b3f?s=96&d=mm&r=g","url":"https:\/\/secure.gravatar.com\/avatar\/467a11f6918c7d619c4043fc6fa2d3853053107973f05b6e9c04ea6c4e3a7b3f?s=96&d=mm&r=g","contentUrl":"https:\/\/secure.gravatar.com\/avatar\/467a11f6918c7d619c4043fc6fa2d3853053107973f05b6e9c04ea6c4e3a7b3f?s=96&d=mm&r=g","caption":"Javier Zamora"},"url":"https:\/\/radiolitoral.com\/ca\/author\/javier-zamora\/"}]}},"_links":{"self":[{"href":"https:\/\/radiolitoral.com\/ca\/wp-json\/wp\/v2\/posts\/9707","targetHints":{"allow":["GET"]}}],"collection":[{"href":"https:\/\/radiolitoral.com\/ca\/wp-json\/wp\/v2\/posts"}],"about":[{"href":"https:\/\/radiolitoral.com\/ca\/wp-json\/wp\/v2\/types\/post"}],"author":[{"embeddable":true,"href":"https:\/\/radiolitoral.com\/ca\/wp-json\/wp\/v2\/users\/12"}],"replies":[{"embeddable":true,"href":"https:\/\/radiolitoral.com\/ca\/wp-json\/wp\/v2\/comments?post=9707"}],"version-history":[{"count":3,"href":"https:\/\/radiolitoral.com\/ca\/wp-json\/wp\/v2\/posts\/9707\/revisions"}],"predecessor-version":[{"id":9713,"href":"https:\/\/radiolitoral.com\/ca\/wp-json\/wp\/v2\/posts\/9707\/revisions\/9713"}],"wp:featuredmedia":[{"embeddable":true,"href":"https:\/\/radiolitoral.com\/ca\/wp-json\/wp\/v2\/media\/9708"}],"wp:attachment":[{"href":"https:\/\/radiolitoral.com\/ca\/wp-json\/wp\/v2\/media?parent=9707"}],"wp:term":[{"taxonomy":"category","embeddable":true,"href":"https:\/\/radiolitoral.com\/ca\/wp-json\/wp\/v2\/categories?post=9707"},{"taxonomy":"post_tag","embeddable":true,"href":"https:\/\/radiolitoral.com\/ca\/wp-json\/wp\/v2\/tags?post=9707"}],"curies":[{"name":"wp","href":"https:\/\/api.w.org\/{rel}","templated":true}]}}