{"id":9682,"date":"2024-06-26T10:36:14","date_gmt":"2024-06-26T08:36:14","guid":{"rendered":"https:\/\/radiolitoral.com\/?p=9682"},"modified":"2024-06-26T10:36:14","modified_gmt":"2024-06-26T08:36:14","slug":"els-socis-del-cd-denia-demanen-que-se-celebri-lassemblea","status":"publish","type":"post","link":"https:\/\/radiolitoral.com\/ca\/2024\/06\/els-socis-del-cd-denia-demanen-que-se-celebre-lassemblea\/","title":{"rendered":"Els socis del CD D\u00e9nia demanen que se celebri l&#039;Assemblea"},"content":{"rendered":"<p>El <strong>Club Esportiu D\u00e9nia<\/strong> travessa un per\u00edode crucial, amb els seus socis en suspens per la convocat\u00f2ria de l&#039;<strong>Assemblea Ordin\u00e0ria<\/strong> que determinar\u00e0 el futur lideratge de lentitat. Despr\u00e9s de quatre anys sota la direcci\u00f3 de <strong>Juan Benavente<\/strong>, l&#039;administraci\u00f3 actual enfronta critiques i el clam per noves propostes de gesti\u00f3.<\/p>\n<p>Benavente, decidit a continuar en el seu rol, ha presentat recentment un projecte ambicioso al costat d&#039;<strong>\u00c1lvaro Pay\u00e1<\/strong>, proposat com a Director General, prometent revitalitzar tant el vessant esportiu com social del club.<\/p>\n<p>Paral\u00b7lelament,<strong> Pepe Carpi<\/strong>, amb un profund arralament al club i el respecte de l&#039;afici\u00f3, ha llan\u00e7at la seva candidatura prometent revivar la passi\u00f3 i el comprom\u00eds dels seguidors.<\/p>\n<p>La normativa del club dicta que l&#039;assemblea ha d&#039;anunciar-se amb 15 dies d&#039;antelaci\u00f3, seguits d&#039;un altre per\u00edode igual per organitzar les eleccions presidencials. Aquesta dilaci\u00f3 ha paralitzat tant la planificaci\u00f3 esportiva com administrativa, complicant les negociacions amb el personal i els jugadors en un moment cr\u00edtic.<\/p>\n<p>La comunitat de socis mostra una creixent impaci\u00e8ncia davant la demora a la convocat\u00f2ria de l&#039;assemblea, considerada tardana, especialment quan els informes financers i esportius haurien d&#039;estar a punt despr\u00e9s del final de la temporada el passat 15 de maig. Amb el futur del club en joc, la resoluci\u00f3 d&#039;aquesta asamblea \u00e9s esperada amb \u00e0nsies, no sols per definir el seu lideratge sin\u00f3 tamb\u00e9 per marcar un nou cap\u00edtol a la hist\u00f2ria del CD D\u00e9nia.<\/p>","protected":false},"excerpt":{"rendered":"<p>El Club Deportivo D\u00e9nia travessa un per\u00edode crucial, amb els seus socis en suspens per la convocat\u00f2ria de l&#8217;Assemblea Ordin\u00e0ria que determinar\u00e0 el futur lideratge de l&#8217;entitat. Despr\u00e9s de quatre anys sota la direcci\u00f3 de Juan Benavente, l&#8217;administraci\u00f3 actual enfronta cr\u00edtiques i el clam per noves propostes de gesti\u00f3. Benavente, decidit a continuar en el [&#8230;]<\/p>\n<p><a class=\"btn btn-secondary understrap-read-more-link\" href=\"https:\/\/radiolitoral.com\/ca\/2024\/06\/els-socis-del-cd-denia-demanen-que-se-celebre-lassemblea\/\">Continua llegint&#8230;<span class=\"screen-reader-text\"> from Els socis del CD D\u00e9nia demanen que se celebre l&#8217;Assemblea<\/span><\/a><\/p>\n","protected":false},"author":12,"featured_media":9683,"comment_status":"open","ping_status":"closed","sticky":false,"template":"","format":"standard","meta":{"_acf_changed":false,"inline_featured_image":false,"footnotes":""},"categories":[5],"tags":[1325,893,1606,6,1324,1607],"class_list":["post-9682","post","type-post","status-publish","format-standard","has-post-thumbnail","hentry","category-deportes","tag-alvaro-paya","tag-cd-denia","tag-club-deportivo-denia","tag-deportes","tag-juan-benavente","tag-pepe-carpi","cobertura-denia"],"acf":[],"yoast_head":"<!-- This site is optimized with the Yoast SEO plugin v27.5 - https:\/\/yoast.com\/product\/yoast-seo-wordpress\/ -->\n<title>Els socis del CD D\u00e9nia demanen que se celebre l&#039;Assemblea | R\u00e0dio Litoral<\/title>\n<meta name=\"description\" content=\"Pepe Carpi, candidat a la presid\u00e8ncia, t\u00e9 l&#039;objectiu principal d&#039;il\u00b7lusionar a l&#039;afici\u00f3 amb un projecte seri\u00f3s i fermPepe Carpi, candidat a la presid\u00e8ncia, t\u00e9 l&#039;objectiu principal d&#039;il\u00b7lusionar a l&#039;afici\u00f3 amb un projecte seri\u00f3s i ferm\" \/>\n<meta name=\"robots\" content=\"index, follow, max-snippet:-1, max-image-preview:large, max-video-preview:-1\" \/>\n<link rel=\"canonical\" href=\"https:\/\/radiolitoral.com\/ca\/2024\/06\/els-socis-del-cd-denia-demanen-que-se-celebri-lassemblea\/\" \/>\n<meta property=\"og:locale\" content=\"ca_ES\" \/>\n<meta property=\"og:type\" content=\"article\" \/>\n<meta property=\"og:title\" content=\"Els socis del CD D\u00e9nia demanen que se celebre l&#039;Assemblea | R\u00e0dio Litoral\" \/>\n<meta property=\"og:description\" content=\"Pepe Carpi, candidat a la presid\u00e8ncia, t\u00e9 l&#039;objectiu principal d&#039;il\u00b7lusionar a l&#039;afici\u00f3 amb un projecte seri\u00f3s i fermPepe Carpi, candidat a la presid\u00e8ncia, t\u00e9 l&#039;objectiu principal d&#039;il\u00b7lusionar a l&#039;afici\u00f3 amb un projecte seri\u00f3s i ferm\" \/>\n<meta property=\"og:url\" content=\"https:\/\/radiolitoral.com\/ca\/2024\/06\/els-socis-del-cd-denia-demanen-que-se-celebri-lassemblea\/\" \/>\n<meta property=\"og:site_name\" content=\"R\u00e0dio Litoral\" \/>\n<meta property=\"article:publisher\" content=\"https:\/\/www.facebook.com\/Laradiolitoral\/\" \/>\n<meta property=\"article:published_time\" content=\"2024-06-26T08:36:14+00:00\" \/>\n<meta property=\"og:image\" content=\"https:\/\/radiolitoral.com\/wp-content\/uploads\/2024\/06\/Pepe-Carpi-socio-del-CD-Denia.jpg\" \/>\n\t<meta property=\"og:image:width\" content=\"1024\" \/>\n\t<meta property=\"og:image:height\" content=\"659\" \/>\n\t<meta property=\"og:image:type\" content=\"image\/jpeg\" \/>\n<meta name=\"author\" content=\"Javier Zamora\" \/>\n<meta name=\"twitter:card\" content=\"summary_large_image\" \/>\n<meta name=\"twitter:label1\" content=\"Escrit per\" \/>\n\t<meta name=\"twitter:data1\" content=\"Javier Zamora\" \/>\n\t<meta name=\"twitter:label2\" content=\"Temps estimat de lectura\" \/>\n\t<meta name=\"twitter:data2\" content=\"2 minuts\" \/>\n<script type=\"application\/ld+json\" class=\"yoast-schema-graph\">{\"@context\":\"https:\\\/\\\/schema.org\",\"@graph\":[{\"@type\":\"NewsArticle\",\"@id\":\"https:\\\/\\\/radiolitoral.com\\\/2024\\\/06\\\/els-socis-del-cd-denia-demanen-que-se-celebre-lassemblea\\\/#article\",\"isPartOf\":{\"@id\":\"https:\\\/\\\/radiolitoral.com\\\/2024\\\/06\\\/els-socis-del-cd-denia-demanen-que-se-celebre-lassemblea\\\/\"},\"author\":{\"name\":\"Javier Zamora\",\"@id\":\"https:\\\/\\\/radiolitoral.com\\\/#\\\/schema\\\/person\\\/7b1480b5caeb5acdd4ec6379caf62b22\"},\"headline\":\"Els socis del CD D\u00e9nia demanen que se celebre l&#8217;Assemblea\",\"datePublished\":\"2024-06-26T08:36:14+00:00\",\"mainEntityOfPage\":{\"@id\":\"https:\\\/\\\/radiolitoral.com\\\/2024\\\/06\\\/els-socis-del-cd-denia-demanen-que-se-celebre-lassemblea\\\/\"},\"wordCount\":275,\"commentCount\":0,\"publisher\":{\"@id\":\"https:\\\/\\\/radiolitoral.com\\\/#organization\"},\"image\":{\"@id\":\"https:\\\/\\\/radiolitoral.com\\\/2024\\\/06\\\/els-socis-del-cd-denia-demanen-que-se-celebre-lassemblea\\\/#primaryimage\"},\"thumbnailUrl\":\"https:\\\/\\\/media.radiolitoral.com\\\/wp-content\\\/uploads\\\/2024\\\/06\\\/01233315\\\/Pepe-Carpi-socio-del-CD-Denia.jpg\",\"keywords\":[\"\u00c1lvaro Pay\u00e1\",\"CD D\u00e9nia\",\"Club Deportivo D\u00e9nia\",\"deportes\",\"Juan Benavente\",\"Pepe Carpi\"],\"articleSection\":[\"Deportes\"],\"inLanguage\":\"ca\",\"potentialAction\":[{\"@type\":\"CommentAction\",\"name\":\"Comment\",\"target\":[\"https:\\\/\\\/radiolitoral.com\\\/2024\\\/06\\\/els-socis-del-cd-denia-demanen-que-se-celebre-lassemblea\\\/#respond\"]}]},{\"@type\":[\"WebPage\",\"ItemPage\"],\"@id\":\"https:\\\/\\\/radiolitoral.com\\\/2024\\\/06\\\/els-socis-del-cd-denia-demanen-que-se-celebre-lassemblea\\\/\",\"url\":\"https:\\\/\\\/radiolitoral.com\\\/2024\\\/06\\\/els-socis-del-cd-denia-demanen-que-se-celebre-lassemblea\\\/\",\"name\":\"Els socis del CD D\u00e9nia demanen que se celebre l'Assemblea | R\u00e0dio Litoral\",\"isPartOf\":{\"@id\":\"https:\\\/\\\/radiolitoral.com\\\/#website\"},\"primaryImageOfPage\":{\"@id\":\"https:\\\/\\\/radiolitoral.com\\\/2024\\\/06\\\/els-socis-del-cd-denia-demanen-que-se-celebre-lassemblea\\\/#primaryimage\"},\"image\":{\"@id\":\"https:\\\/\\\/radiolitoral.com\\\/2024\\\/06\\\/els-socis-del-cd-denia-demanen-que-se-celebre-lassemblea\\\/#primaryimage\"},\"thumbnailUrl\":\"https:\\\/\\\/media.radiolitoral.com\\\/wp-content\\\/uploads\\\/2024\\\/06\\\/01233315\\\/Pepe-Carpi-socio-del-CD-Denia.jpg\",\"datePublished\":\"2024-06-26T08:36:14+00:00\",\"description\":\"Pepe Carpi, candidat a la presid\u00e8ncia, t\u00e9 l'objectiu principal d'il\u00b7lusionar a l'afici\u00f3 amb un projecte seri\u00f3s i fermPepe Carpi, candidat a la presid\u00e8ncia, t\u00e9 l'objectiu principal d'il\u00b7lusionar a l'afici\u00f3 amb un projecte seri\u00f3s i ferm\",\"breadcrumb\":{\"@id\":\"https:\\\/\\\/radiolitoral.com\\\/2024\\\/06\\\/els-socis-del-cd-denia-demanen-que-se-celebre-lassemblea\\\/#breadcrumb\"},\"inLanguage\":\"ca\",\"potentialAction\":[{\"@type\":\"ReadAction\",\"target\":[\"https:\\\/\\\/radiolitoral.com\\\/2024\\\/06\\\/els-socis-del-cd-denia-demanen-que-se-celebre-lassemblea\\\/\"]}]},{\"@type\":\"ImageObject\",\"inLanguage\":\"ca\",\"@id\":\"https:\\\/\\\/radiolitoral.com\\\/2024\\\/06\\\/els-socis-del-cd-denia-demanen-que-se-celebre-lassemblea\\\/#primaryimage\",\"url\":\"https:\\\/\\\/media.radiolitoral.com\\\/wp-content\\\/uploads\\\/2024\\\/06\\\/01233315\\\/Pepe-Carpi-socio-del-CD-Denia.jpg\",\"contentUrl\":\"https:\\\/\\\/media.radiolitoral.com\\\/wp-content\\\/uploads\\\/2024\\\/06\\\/01233315\\\/Pepe-Carpi-socio-del-CD-Denia.jpg\",\"width\":1024,\"height\":659},{\"@type\":\"BreadcrumbList\",\"@id\":\"https:\\\/\\\/radiolitoral.com\\\/2024\\\/06\\\/els-socis-del-cd-denia-demanen-que-se-celebre-lassemblea\\\/#breadcrumb\",\"itemListElement\":[{\"@type\":\"ListItem\",\"position\":1,\"name\":\"Portada\",\"item\":\"https:\\\/\\\/radiolitoral.com\\\/\"},{\"@type\":\"ListItem\",\"position\":2,\"name\":\"Els socis del CD D\u00e9nia demanen que se celebre l&#8217;Assemblea\"}]},{\"@type\":\"WebSite\",\"@id\":\"https:\\\/\\\/radiolitoral.com\\\/#website\",\"url\":\"https:\\\/\\\/radiolitoral.com\\\/\",\"name\":\"Radio Litoral\",\"description\":\"La radio local de la Marina Alta\",\"publisher\":{\"@id\":\"https:\\\/\\\/radiolitoral.com\\\/#organization\"},\"alternateName\":\"Litoral FM\",\"potentialAction\":[{\"@type\":\"SearchAction\",\"target\":{\"@type\":\"EntryPoint\",\"urlTemplate\":\"https:\\\/\\\/radiolitoral.com\\\/?s={search_term_string}\"},\"query-input\":{\"@type\":\"PropertyValueSpecification\",\"valueRequired\":true,\"valueName\":\"search_term_string\"}}],\"inLanguage\":\"ca\"},{\"@type\":\"Organization\",\"@id\":\"https:\\\/\\\/radiolitoral.com\\\/#organization\",\"name\":\"Radio Litoral\",\"url\":\"https:\\\/\\\/radiolitoral.com\\\/\",\"logo\":{\"@type\":\"ImageObject\",\"inLanguage\":\"ca\",\"@id\":\"https:\\\/\\\/radiolitoral.com\\\/#\\\/schema\\\/logo\\\/image\\\/\",\"url\":\"https:\\\/\\\/media.radiolitoral.com\\\/wp-content\\\/uploads\\\/2023\\\/02\\\/24143238\\\/CL-V-RadioLitoral696.png\",\"contentUrl\":\"https:\\\/\\\/media.radiolitoral.com\\\/wp-content\\\/uploads\\\/2023\\\/02\\\/24143238\\\/CL-V-RadioLitoral696.png\",\"width\":696,\"height\":696,\"caption\":\"Radio Litoral\"},\"image\":{\"@id\":\"https:\\\/\\\/radiolitoral.com\\\/#\\\/schema\\\/logo\\\/image\\\/\"},\"sameAs\":[\"https:\\\/\\\/www.facebook.com\\\/Laradiolitoral\\\/\"]},{\"@type\":\"Person\",\"@id\":\"https:\\\/\\\/radiolitoral.com\\\/#\\\/schema\\\/person\\\/7b1480b5caeb5acdd4ec6379caf62b22\",\"name\":\"Javier Zamora\",\"image\":{\"@type\":\"ImageObject\",\"inLanguage\":\"ca\",\"@id\":\"https:\\\/\\\/secure.gravatar.com\\\/avatar\\\/467a11f6918c7d619c4043fc6fa2d3853053107973f05b6e9c04ea6c4e3a7b3f?s=96&d=mm&r=g\",\"url\":\"https:\\\/\\\/secure.gravatar.com\\\/avatar\\\/467a11f6918c7d619c4043fc6fa2d3853053107973f05b6e9c04ea6c4e3a7b3f?s=96&d=mm&r=g\",\"contentUrl\":\"https:\\\/\\\/secure.gravatar.com\\\/avatar\\\/467a11f6918c7d619c4043fc6fa2d3853053107973f05b6e9c04ea6c4e3a7b3f?s=96&d=mm&r=g\",\"caption\":\"Javier Zamora\"},\"url\":\"https:\\\/\\\/radiolitoral.com\\\/ca\\\/author\\\/javier-zamora\\\/\"}]}<\/script>\n<!-- \/ Yoast SEO plugin. -->","yoast_head_json":{"title":"Els socis del CD D\u00e9nia demanen que se celebri l&#039;Assemblea | R\u00e0dio Litoral","description":"Pepe Carpi, candidat a la presid\u00e8ncia, t\u00e9 l&#039;objectiu principal d&#039;il\u00b7lusionar l&#039;afici\u00f3 amb un projecte serios i ferm Pepe Carpi, candidat a la presid\u00e8ncia, t\u00e9 l&#039;objectiu principal d&#039;il\u00b7lusionar l&#039;afici\u00f3 amb un projecte serios i ferm","robots":{"index":"index","follow":"follow","max-snippet":"max-snippet:-1","max-image-preview":"max-image-preview:large","max-video-preview":"max-video-preview:-1"},"canonical":"https:\/\/radiolitoral.com\/ca\/2024\/06\/els-socis-del-cd-denia-demanen-que-se-celebri-lassemblea\/","og_locale":"ca_ES","og_type":"article","og_title":"Els socis del CD D\u00e9nia demanen que se celebre l'Assemblea | R\u00e0dio Litoral","og_description":"Pepe Carpi, candidat a la presid\u00e8ncia, t\u00e9 l'objectiu principal d'il\u00b7lusionar a l'afici\u00f3 amb un projecte seri\u00f3s i fermPepe Carpi, candidat a la presid\u00e8ncia, t\u00e9 l'objectiu principal d'il\u00b7lusionar a l'afici\u00f3 amb un projecte seri\u00f3s i ferm","og_url":"https:\/\/radiolitoral.com\/ca\/2024\/06\/els-socis-del-cd-denia-demanen-que-se-celebri-lassemblea\/","og_site_name":"R\u00e0dio Litoral","article_publisher":"https:\/\/www.facebook.com\/Laradiolitoral\/","article_published_time":"2024-06-26T08:36:14+00:00","og_image":[{"width":1024,"height":659,"url":"https:\/\/radiolitoral.com\/wp-content\/uploads\/2024\/06\/Pepe-Carpi-socio-del-CD-Denia.jpg","type":"image\/jpeg"}],"author":"Javier Zamora","twitter_card":"summary_large_image","twitter_misc":{"Escrit per":"Javier Zamora","Temps estimat de lectura":"2 minuts"},"schema":{"@context":"https:\/\/schema.org","@graph":[{"@type":"NewsArticle","@id":"https:\/\/radiolitoral.com\/2024\/06\/els-socis-del-cd-denia-demanen-que-se-celebre-lassemblea\/#article","isPartOf":{"@id":"https:\/\/radiolitoral.com\/2024\/06\/els-socis-del-cd-denia-demanen-que-se-celebre-lassemblea\/"},"author":{"name":"Javier Zamora","@id":"https:\/\/radiolitoral.com\/#\/schema\/person\/7b1480b5caeb5acdd4ec6379caf62b22"},"headline":"Els socis del CD D\u00e9nia demanen que se celebre l&#8217;Assemblea","datePublished":"2024-06-26T08:36:14+00:00","mainEntityOfPage":{"@id":"https:\/\/radiolitoral.com\/2024\/06\/els-socis-del-cd-denia-demanen-que-se-celebre-lassemblea\/"},"wordCount":275,"commentCount":0,"publisher":{"@id":"https:\/\/radiolitoral.com\/#organization"},"image":{"@id":"https:\/\/radiolitoral.com\/2024\/06\/els-socis-del-cd-denia-demanen-que-se-celebre-lassemblea\/#primaryimage"},"thumbnailUrl":"https:\/\/media.radiolitoral.com\/wp-content\/uploads\/2024\/06\/01233315\/Pepe-Carpi-socio-del-CD-Denia.jpg","keywords":["\u00c1lvaro Pay\u00e1","CD D\u00e9nia","Club Deportivo D\u00e9nia","deportes","Juan Benavente","Pepe Carpi"],"articleSection":["Deportes"],"inLanguage":"ca","potentialAction":[{"@type":"CommentAction","name":"Comment","target":["https:\/\/radiolitoral.com\/2024\/06\/els-socis-del-cd-denia-demanen-que-se-celebre-lassemblea\/#respond"]}]},{"@type":["WebPage","ItemPage"],"@id":"https:\/\/radiolitoral.com\/2024\/06\/els-socis-del-cd-denia-demanen-que-se-celebre-lassemblea\/","url":"https:\/\/radiolitoral.com\/2024\/06\/els-socis-del-cd-denia-demanen-que-se-celebre-lassemblea\/","name":"Els socis del CD D\u00e9nia demanen que se celebri l&#039;Assemblea | R\u00e0dio Litoral","isPartOf":{"@id":"https:\/\/radiolitoral.com\/#website"},"primaryImageOfPage":{"@id":"https:\/\/radiolitoral.com\/2024\/06\/els-socis-del-cd-denia-demanen-que-se-celebre-lassemblea\/#primaryimage"},"image":{"@id":"https:\/\/radiolitoral.com\/2024\/06\/els-socis-del-cd-denia-demanen-que-se-celebre-lassemblea\/#primaryimage"},"thumbnailUrl":"https:\/\/media.radiolitoral.com\/wp-content\/uploads\/2024\/06\/01233315\/Pepe-Carpi-socio-del-CD-Denia.jpg","datePublished":"2024-06-26T08:36:14+00:00","description":"Pepe Carpi, candidat a la presid\u00e8ncia, t\u00e9 l&#039;objectiu principal d&#039;il\u00b7lusionar l&#039;afici\u00f3 amb un projecte serios i ferm Pepe Carpi, candidat a la presid\u00e8ncia, t\u00e9 l&#039;objectiu principal d&#039;il\u00b7lusionar l&#039;afici\u00f3 amb un projecte serios i ferm","breadcrumb":{"@id":"https:\/\/radiolitoral.com\/2024\/06\/els-socis-del-cd-denia-demanen-que-se-celebre-lassemblea\/#breadcrumb"},"inLanguage":"ca","potentialAction":[{"@type":"ReadAction","target":["https:\/\/radiolitoral.com\/2024\/06\/els-socis-del-cd-denia-demanen-que-se-celebre-lassemblea\/"]}]},{"@type":"ImageObject","inLanguage":"ca","@id":"https:\/\/radiolitoral.com\/2024\/06\/els-socis-del-cd-denia-demanen-que-se-celebre-lassemblea\/#primaryimage","url":"https:\/\/media.radiolitoral.com\/wp-content\/uploads\/2024\/06\/01233315\/Pepe-Carpi-socio-del-CD-Denia.jpg","contentUrl":"https:\/\/media.radiolitoral.com\/wp-content\/uploads\/2024\/06\/01233315\/Pepe-Carpi-socio-del-CD-Denia.jpg","width":1024,"height":659},{"@type":"BreadcrumbList","@id":"https:\/\/radiolitoral.com\/2024\/06\/els-socis-del-cd-denia-demanen-que-se-celebre-lassemblea\/#breadcrumb","itemListElement":[{"@type":"ListItem","position":1,"name":"Portada","item":"https:\/\/radiolitoral.com\/"},{"@type":"ListItem","position":2,"name":"Els socis del CD D\u00e9nia demanen que se celebre l&#8217;Assemblea"}]},{"@type":"WebSite","@id":"https:\/\/radiolitoral.com\/#website","url":"https:\/\/radiolitoral.com\/","name":"R\u00e0dio Litoral","description":"La r\u00e0dio local de la Marina Alta","publisher":{"@id":"https:\/\/radiolitoral.com\/#organization"},"alternateName":"Litoral FM","potentialAction":[{"@type":"SearchAction","target":{"@type":"EntryPoint","urlTemplate":"https:\/\/radiolitoral.com\/?s={search_term_string}"},"query-input":{"@type":"PropertyValueSpecification","valueRequired":true,"valueName":"search_term_string"}}],"inLanguage":"ca"},{"@type":"Organization","@id":"https:\/\/radiolitoral.com\/#organization","name":"R\u00e0dio Litoral","url":"https:\/\/radiolitoral.com\/","logo":{"@type":"ImageObject","inLanguage":"ca","@id":"https:\/\/radiolitoral.com\/#\/schema\/logo\/image\/","url":"https:\/\/media.radiolitoral.com\/wp-content\/uploads\/2023\/02\/24143238\/CL-V-RadioLitoral696.png","contentUrl":"https:\/\/media.radiolitoral.com\/wp-content\/uploads\/2023\/02\/24143238\/CL-V-RadioLitoral696.png","width":696,"height":696,"caption":"Radio Litoral"},"image":{"@id":"https:\/\/radiolitoral.com\/#\/schema\/logo\/image\/"},"sameAs":["https:\/\/www.facebook.com\/Laradiolitoral\/"]},{"@type":"Person","@id":"https:\/\/radiolitoral.com\/#\/schema\/person\/7b1480b5caeb5acdd4ec6379caf62b22","name":"Javier Zamora","image":{"@type":"ImageObject","inLanguage":"ca","@id":"https:\/\/secure.gravatar.com\/avatar\/467a11f6918c7d619c4043fc6fa2d3853053107973f05b6e9c04ea6c4e3a7b3f?s=96&d=mm&r=g","url":"https:\/\/secure.gravatar.com\/avatar\/467a11f6918c7d619c4043fc6fa2d3853053107973f05b6e9c04ea6c4e3a7b3f?s=96&d=mm&r=g","contentUrl":"https:\/\/secure.gravatar.com\/avatar\/467a11f6918c7d619c4043fc6fa2d3853053107973f05b6e9c04ea6c4e3a7b3f?s=96&d=mm&r=g","caption":"Javier Zamora"},"url":"https:\/\/radiolitoral.com\/ca\/author\/javier-zamora\/"}]}},"_links":{"self":[{"href":"https:\/\/radiolitoral.com\/ca\/wp-json\/wp\/v2\/posts\/9682","targetHints":{"allow":["GET"]}}],"collection":[{"href":"https:\/\/radiolitoral.com\/ca\/wp-json\/wp\/v2\/posts"}],"about":[{"href":"https:\/\/radiolitoral.com\/ca\/wp-json\/wp\/v2\/types\/post"}],"author":[{"embeddable":true,"href":"https:\/\/radiolitoral.com\/ca\/wp-json\/wp\/v2\/users\/12"}],"replies":[{"embeddable":true,"href":"https:\/\/radiolitoral.com\/ca\/wp-json\/wp\/v2\/comments?post=9682"}],"version-history":[{"count":2,"href":"https:\/\/radiolitoral.com\/ca\/wp-json\/wp\/v2\/posts\/9682\/revisions"}],"predecessor-version":[{"id":9685,"href":"https:\/\/radiolitoral.com\/ca\/wp-json\/wp\/v2\/posts\/9682\/revisions\/9685"}],"wp:featuredmedia":[{"embeddable":true,"href":"https:\/\/radiolitoral.com\/ca\/wp-json\/wp\/v2\/media\/9683"}],"wp:attachment":[{"href":"https:\/\/radiolitoral.com\/ca\/wp-json\/wp\/v2\/media?parent=9682"}],"wp:term":[{"taxonomy":"category","embeddable":true,"href":"https:\/\/radiolitoral.com\/ca\/wp-json\/wp\/v2\/categories?post=9682"},{"taxonomy":"post_tag","embeddable":true,"href":"https:\/\/radiolitoral.com\/ca\/wp-json\/wp\/v2\/tags?post=9682"}],"curies":[{"name":"wp","href":"https:\/\/api.w.org\/{rel}","templated":true}]}}