{"id":9672,"date":"2024-06-26T08:25:43","date_gmt":"2024-06-26T06:25:43","guid":{"rendered":"https:\/\/radiolitoral.com\/?p=9672"},"modified":"2024-06-26T08:25:43","modified_gmt":"2024-06-26T06:25:43","slug":"estiu-complicat-a-lambit-sanitari-a-la-marina-alta","status":"publish","type":"post","link":"https:\/\/radiolitoral.com\/ca\/2024\/06\/estiu-complicat-en-lambit-sanitari-a-la-marina-alta\/","title":{"rendered":"&#039;Estiu complicat&#039; a l&#039;\u00e0mbit sanitari a la Marina Alta"},"content":{"rendered":"<p><strong>\u201cSituaci\u00f3 dram\u00e0tica\u201d a Urg\u00e8ncies<\/strong>, <strong>\u201cestiu complicat<\/strong>\u201d. S\u00f3n alguns dels termes utilitzats per <strong>professionals sanitaris i alcaldes<\/strong> a la reuni\u00f3 mantinguda, el dimarts 25 de juny a la tarda, al sal\u00f3 de plens de l&#039;Ajuntament de D\u00e9nia.<\/p>\n<p>La <strong>Xarxa d&#039;Alcaldies convocava el Comit\u00e8 d&#039;Empresa de l&#039;Hospital de D\u00e9nia<\/strong>.<\/p>\n<p>Sobre la taula, hi ha dos motius principals. Per una banda, donar compte de la reuni\u00f3 mantinguda, setmanas enrere, entre l&#039;alcalde i el vicealcalde de D\u00e9nia, Vicent Grimalt i Rafa Carri\u00f3, amb el conseller de Sanitat, <span class=\"hiddenSpellError\">Marci\u00e0<\/span> G\u00f3mez. I en segon lloc, con\u00e8ixer de primera m\u00e0 les necessitats dels professionals sanitaris; per poder traslladar posteriorment el mateix responsable auton\u00f2mic en una propera visita a la qual s&#039;ha comprom\u00e8s a realitzar a la comarca.<\/p>\n<p>La <strong>manca de facultatius<\/strong> era un dels temes exposats a la trobada. Sobre <span class=\"hiddenSuggestion\">aquesta<\/span> q\u00fcesti\u00f3, els sanitaris presents a la reuni\u00f3 han indicat diversos exemples. Aix\u00ed, <strong>de les 10 places en psiquiatria, nom\u00e9s n&#039;hi ha tres; ia Urg\u00e8ncies, la \u201csituaci\u00f3 \u00e9s dram\u00e0tica\u201d, de 28 nom\u00e9s n&#039;hi ha 13<\/strong>.<\/p>\n<p>Els professionals sanitaris han indicat que <strong>fan falta uns 50 facultatius m\u00e9s pel que fa a cobertura.<\/strong> Al respecte, el <strong>president del Comit\u00e8 d&#039;Empresa, Joan Sarri\u00f3,<\/strong> ha subratllat que hi ha \u201cmolta falta a Urg\u00e8ncies, als Centres Salut\u201d i en especialitats com \u201cUrologia, Nefrologia, Psiquiatria\u2026\u201d i confia que \u201cla Conselleria busqui <span class=\"hiddenSuggestion\">aquesta<\/span> f\u00f3rmula per millorar la cobertura\u201d per a la ciutadania de la Marina Alta.<\/p>\n<p>Sarri\u00f3 ha assenyalat que \u201cvenim d&#039;<strong>una gesti\u00f3 que va deixar molt minvat a l&#039;\u00e0mbit de professional sanitari, sobretot facultatius<\/strong> i altres categories\u201d, afegint que, la \u201ccategoria de facultatiu no l&#039;han pogut recuperar per Conselleria perqu\u00e8 no hi ha a borsa\u201d i per les \u201cdificultats\u201d per venir a la comarca des d&#039;altres zones \u201cper q\u00fcestions demogr\u00e0fiques i d&#039;habitatge\u201d.<\/p>\n<p>El president del Comit\u00e8 d&#039;Empresa ha indicat que \u201cesperem que <span class=\"hiddenSuggestion\">aquesta<\/span> mesura (la declaraci\u00f3 del <span class=\"hiddenSpellError\">DSD<\/span> de dif\u00edcil cobertura) pugui aportar un plus de millora que pugui fer que s&#039;incrementi <span class=\"hiddenSuggestion\">aquest<\/span> nom de facultatius\u201d.<\/p>","protected":false},"excerpt":{"rendered":"<p>\u201cSituaci\u00f3 dram\u00e0tica\u201d en Urg\u00e8ncies, \u201cestiu complicat\u201d. S\u00f3n alguns dels termes utilitzats per professionals sanitaris i alcaldes en la reuni\u00f3 mantinguda, el dimarts 25 de juny a la vesprada, al sal\u00f3 de plens de l&#8217;Ajuntament de D\u00e9nia. La Xarxa d\u2019Alcaldies convocava el Comit\u00e9 d\u2019Empresa de l\u2019Hospital de D\u00e9nia. Sobre la taula, dos motius principals. Per una [&#8230;]<\/p>\n<p><a class=\"btn btn-secondary understrap-read-more-link\" href=\"https:\/\/radiolitoral.com\/ca\/2024\/06\/estiu-complicat-en-lambit-sanitari-a-la-marina-alta\/\">Continua llegint&#8230;<span class=\"screen-reader-text\"> from &#8216;Estiu complicat&#8217; en l&#8217;\u00e0mbit sanitari a la Marina Alta<\/span><\/a><\/p>\n","protected":false},"author":13,"featured_media":9674,"comment_status":"open","ping_status":"closed","sticky":false,"template":"","format":"standard","meta":{"_acf_changed":false,"inline_featured_image":false,"footnotes":""},"categories":[380],"tags":[1605,314,65,1604],"class_list":["post-9672","post","type-post","status-publish","format-standard","has-post-thumbnail","hentry","category-sanidad","tag-comite-empresa-hospital-denia","tag-marina-alta","tag-sanidad","tag-xarxa-dalcaldies","cobertura-marina-alta"],"acf":[],"yoast_head":"<!-- This site is optimized with the Yoast SEO plugin v27.5 - https:\/\/yoast.com\/product\/yoast-seo-wordpress\/ -->\n<title>&#039;Estiu complicat&#039; en l&#039;\u00e0mbit sanitari a la Marina Alta | R\u00e0dio Litoral<\/title>\n<meta name=\"description\" content=\"La Xarxa d\u2019Alcaldies es reunix amb el Comit\u00e9 d\u2019Empresa de l\u2019Hospital de D\u00e9nia La Xarxa d\u2019Alcaldies es reunix amb el Comit\u00e9 d\u2019Empresa de l\u2019Hospital de D\u00e9nia\" \/>\n<meta name=\"robots\" content=\"index, follow, max-snippet:-1, max-image-preview:large, max-video-preview:-1\" \/>\n<link rel=\"canonical\" href=\"https:\/\/radiolitoral.com\/ca\/2024\/06\/estiu-complicat-a-lambit-sanitari-a-la-marina-alta\/\" \/>\n<meta property=\"og:locale\" content=\"ca_ES\" \/>\n<meta property=\"og:type\" content=\"article\" \/>\n<meta property=\"og:title\" content=\"&#039;Estiu complicat&#039; en l&#039;\u00e0mbit sanitari a la Marina Alta | R\u00e0dio Litoral\" \/>\n<meta property=\"og:description\" content=\"La Xarxa d\u2019Alcaldies es reunix amb el Comit\u00e9 d\u2019Empresa de l\u2019Hospital de D\u00e9nia La Xarxa d\u2019Alcaldies es reunix amb el Comit\u00e9 d\u2019Empresa de l\u2019Hospital de D\u00e9nia\" \/>\n<meta property=\"og:url\" content=\"https:\/\/radiolitoral.com\/ca\/2024\/06\/estiu-complicat-a-lambit-sanitari-a-la-marina-alta\/\" \/>\n<meta property=\"og:site_name\" content=\"R\u00e0dio Litoral\" \/>\n<meta property=\"article:publisher\" content=\"https:\/\/www.facebook.com\/Laradiolitoral\/\" \/>\n<meta property=\"article:published_time\" content=\"2024-06-26T06:25:43+00:00\" \/>\n<meta property=\"og:image\" content=\"https:\/\/radiolitoral.com\/wp-content\/uploads\/2024\/06\/Xarxa-Alcaldes-reunion-Comite-Empresa-Hospital-3.jpeg\" \/>\n\t<meta property=\"og:image:width\" content=\"2048\" \/>\n\t<meta property=\"og:image:height\" content=\"1152\" \/>\n\t<meta property=\"og:image:type\" content=\"image\/jpeg\" \/>\n<meta name=\"author\" content=\"Redacci\u00f3n\" \/>\n<meta name=\"twitter:card\" content=\"summary_large_image\" \/>\n<meta name=\"twitter:label1\" content=\"Escrit per\" \/>\n\t<meta name=\"twitter:data1\" content=\"Redacci\u00f3n\" \/>\n\t<meta name=\"twitter:label2\" content=\"Temps estimat de lectura\" \/>\n\t<meta name=\"twitter:data2\" content=\"2 minuts\" \/>\n<script type=\"application\/ld+json\" class=\"yoast-schema-graph\">{\"@context\":\"https:\\\/\\\/schema.org\",\"@graph\":[{\"@type\":\"NewsArticle\",\"@id\":\"https:\\\/\\\/radiolitoral.com\\\/2024\\\/06\\\/estiu-complicat-en-lambit-sanitari-a-la-marina-alta\\\/#article\",\"isPartOf\":{\"@id\":\"https:\\\/\\\/radiolitoral.com\\\/2024\\\/06\\\/estiu-complicat-en-lambit-sanitari-a-la-marina-alta\\\/\"},\"author\":{\"name\":\"Redacci\u00f3n\",\"@id\":\"https:\\\/\\\/radiolitoral.com\\\/#\\\/schema\\\/person\\\/f2b2343c49b5d721857cc1002bfdb151\"},\"headline\":\"&#8216;Estiu complicat&#8217; en l&#8217;\u00e0mbit sanitari a la Marina Alta\",\"datePublished\":\"2024-06-26T06:25:43+00:00\",\"mainEntityOfPage\":{\"@id\":\"https:\\\/\\\/radiolitoral.com\\\/2024\\\/06\\\/estiu-complicat-en-lambit-sanitari-a-la-marina-alta\\\/\"},\"wordCount\":370,\"commentCount\":0,\"publisher\":{\"@id\":\"https:\\\/\\\/radiolitoral.com\\\/#organization\"},\"image\":{\"@id\":\"https:\\\/\\\/radiolitoral.com\\\/2024\\\/06\\\/estiu-complicat-en-lambit-sanitari-a-la-marina-alta\\\/#primaryimage\"},\"thumbnailUrl\":\"https:\\\/\\\/media.radiolitoral.com\\\/wp-content\\\/uploads\\\/2024\\\/06\\\/01233323\\\/Xarxa-Alcaldes-reunion-Comite-Empresa-Hospital-3.jpeg\",\"keywords\":[\"Comit\u00e9 Empresa Hospital D\u00e9nia\",\"Marina Alta\",\"Sanidad\",\"Xarxa d'Alcaldies\"],\"articleSection\":[\"Sanidad\"],\"inLanguage\":\"ca\",\"potentialAction\":[{\"@type\":\"CommentAction\",\"name\":\"Comment\",\"target\":[\"https:\\\/\\\/radiolitoral.com\\\/2024\\\/06\\\/estiu-complicat-en-lambit-sanitari-a-la-marina-alta\\\/#respond\"]}]},{\"@type\":[\"WebPage\",\"ItemPage\"],\"@id\":\"https:\\\/\\\/radiolitoral.com\\\/2024\\\/06\\\/estiu-complicat-en-lambit-sanitari-a-la-marina-alta\\\/\",\"url\":\"https:\\\/\\\/radiolitoral.com\\\/2024\\\/06\\\/estiu-complicat-en-lambit-sanitari-a-la-marina-alta\\\/\",\"name\":\"'Estiu complicat' en l'\u00e0mbit sanitari a la Marina Alta | R\u00e0dio Litoral\",\"isPartOf\":{\"@id\":\"https:\\\/\\\/radiolitoral.com\\\/#website\"},\"primaryImageOfPage\":{\"@id\":\"https:\\\/\\\/radiolitoral.com\\\/2024\\\/06\\\/estiu-complicat-en-lambit-sanitari-a-la-marina-alta\\\/#primaryimage\"},\"image\":{\"@id\":\"https:\\\/\\\/radiolitoral.com\\\/2024\\\/06\\\/estiu-complicat-en-lambit-sanitari-a-la-marina-alta\\\/#primaryimage\"},\"thumbnailUrl\":\"https:\\\/\\\/media.radiolitoral.com\\\/wp-content\\\/uploads\\\/2024\\\/06\\\/01233323\\\/Xarxa-Alcaldes-reunion-Comite-Empresa-Hospital-3.jpeg\",\"datePublished\":\"2024-06-26T06:25:43+00:00\",\"description\":\"La Xarxa d\u2019Alcaldies es reunix amb el Comit\u00e9 d\u2019Empresa de l\u2019Hospital de D\u00e9nia La Xarxa d\u2019Alcaldies es reunix amb el Comit\u00e9 d\u2019Empresa de l\u2019Hospital de D\u00e9nia\",\"breadcrumb\":{\"@id\":\"https:\\\/\\\/radiolitoral.com\\\/2024\\\/06\\\/estiu-complicat-en-lambit-sanitari-a-la-marina-alta\\\/#breadcrumb\"},\"inLanguage\":\"ca\",\"potentialAction\":[{\"@type\":\"ReadAction\",\"target\":[\"https:\\\/\\\/radiolitoral.com\\\/2024\\\/06\\\/estiu-complicat-en-lambit-sanitari-a-la-marina-alta\\\/\"]}]},{\"@type\":\"ImageObject\",\"inLanguage\":\"ca\",\"@id\":\"https:\\\/\\\/radiolitoral.com\\\/2024\\\/06\\\/estiu-complicat-en-lambit-sanitari-a-la-marina-alta\\\/#primaryimage\",\"url\":\"https:\\\/\\\/media.radiolitoral.com\\\/wp-content\\\/uploads\\\/2024\\\/06\\\/01233323\\\/Xarxa-Alcaldes-reunion-Comite-Empresa-Hospital-3.jpeg\",\"contentUrl\":\"https:\\\/\\\/media.radiolitoral.com\\\/wp-content\\\/uploads\\\/2024\\\/06\\\/01233323\\\/Xarxa-Alcaldes-reunion-Comite-Empresa-Hospital-3.jpeg\",\"width\":2048,\"height\":1152},{\"@type\":\"BreadcrumbList\",\"@id\":\"https:\\\/\\\/radiolitoral.com\\\/2024\\\/06\\\/estiu-complicat-en-lambit-sanitari-a-la-marina-alta\\\/#breadcrumb\",\"itemListElement\":[{\"@type\":\"ListItem\",\"position\":1,\"name\":\"Portada\",\"item\":\"https:\\\/\\\/radiolitoral.com\\\/\"},{\"@type\":\"ListItem\",\"position\":2,\"name\":\"&#8216;Estiu complicat&#8217; en l&#8217;\u00e0mbit sanitari a la Marina Alta\"}]},{\"@type\":\"WebSite\",\"@id\":\"https:\\\/\\\/radiolitoral.com\\\/#website\",\"url\":\"https:\\\/\\\/radiolitoral.com\\\/\",\"name\":\"Radio Litoral\",\"description\":\"La radio local de la Marina Alta\",\"publisher\":{\"@id\":\"https:\\\/\\\/radiolitoral.com\\\/#organization\"},\"alternateName\":\"Litoral FM\",\"potentialAction\":[{\"@type\":\"SearchAction\",\"target\":{\"@type\":\"EntryPoint\",\"urlTemplate\":\"https:\\\/\\\/radiolitoral.com\\\/?s={search_term_string}\"},\"query-input\":{\"@type\":\"PropertyValueSpecification\",\"valueRequired\":true,\"valueName\":\"search_term_string\"}}],\"inLanguage\":\"ca\"},{\"@type\":\"Organization\",\"@id\":\"https:\\\/\\\/radiolitoral.com\\\/#organization\",\"name\":\"Radio Litoral\",\"url\":\"https:\\\/\\\/radiolitoral.com\\\/\",\"logo\":{\"@type\":\"ImageObject\",\"inLanguage\":\"ca\",\"@id\":\"https:\\\/\\\/radiolitoral.com\\\/#\\\/schema\\\/logo\\\/image\\\/\",\"url\":\"https:\\\/\\\/media.radiolitoral.com\\\/wp-content\\\/uploads\\\/2023\\\/02\\\/24143238\\\/CL-V-RadioLitoral696.png\",\"contentUrl\":\"https:\\\/\\\/media.radiolitoral.com\\\/wp-content\\\/uploads\\\/2023\\\/02\\\/24143238\\\/CL-V-RadioLitoral696.png\",\"width\":696,\"height\":696,\"caption\":\"Radio Litoral\"},\"image\":{\"@id\":\"https:\\\/\\\/radiolitoral.com\\\/#\\\/schema\\\/logo\\\/image\\\/\"},\"sameAs\":[\"https:\\\/\\\/www.facebook.com\\\/Laradiolitoral\\\/\"]},{\"@type\":\"Person\",\"@id\":\"https:\\\/\\\/radiolitoral.com\\\/#\\\/schema\\\/person\\\/f2b2343c49b5d721857cc1002bfdb151\",\"name\":\"Redacci\u00f3n\",\"image\":{\"@type\":\"ImageObject\",\"inLanguage\":\"ca\",\"@id\":\"https:\\\/\\\/secure.gravatar.com\\\/avatar\\\/f771d896c203ad8b3382d7905cfcce5a5c9b008b84b3cd9114e9b9f4cb63f789?s=96&d=mm&r=g\",\"url\":\"https:\\\/\\\/secure.gravatar.com\\\/avatar\\\/f771d896c203ad8b3382d7905cfcce5a5c9b008b84b3cd9114e9b9f4cb63f789?s=96&d=mm&r=g\",\"contentUrl\":\"https:\\\/\\\/secure.gravatar.com\\\/avatar\\\/f771d896c203ad8b3382d7905cfcce5a5c9b008b84b3cd9114e9b9f4cb63f789?s=96&d=mm&r=g\",\"caption\":\"Redacci\u00f3n\"},\"url\":\"https:\\\/\\\/radiolitoral.com\\\/ca\\\/author\\\/miriam-pagan\\\/\"}]}<\/script>\n<!-- \/ Yoast SEO plugin. -->","yoast_head_json":{"title":"&#039;Estiu complicat&#039; a l&#039;\u00e0mbit sanitari a la Marina Alta | R\u00e0dio Litoral","description":"La Xarxa d&#039;Alcaldies \u00e9s reunix amb el Comit\u00e8 d&#039;Empresa de l&#039;Hospital de D\u00e9nia La Xarxa d&#039;Alcaldies \u00e9s reunix amb el Comit\u00e8 d&#039;Empresa de l&#039;Hospital de D\u00e9nia","robots":{"index":"index","follow":"follow","max-snippet":"max-snippet:-1","max-image-preview":"max-image-preview:large","max-video-preview":"max-video-preview:-1"},"canonical":"https:\/\/radiolitoral.com\/ca\/2024\/06\/estiu-complicat-a-lambit-sanitari-a-la-marina-alta\/","og_locale":"ca_ES","og_type":"article","og_title":"'Estiu complicat' en l'\u00e0mbit sanitari a la Marina Alta | R\u00e0dio Litoral","og_description":"La Xarxa d\u2019Alcaldies es reunix amb el Comit\u00e9 d\u2019Empresa de l\u2019Hospital de D\u00e9nia La Xarxa d\u2019Alcaldies es reunix amb el Comit\u00e9 d\u2019Empresa de l\u2019Hospital de D\u00e9nia","og_url":"https:\/\/radiolitoral.com\/ca\/2024\/06\/estiu-complicat-a-lambit-sanitari-a-la-marina-alta\/","og_site_name":"R\u00e0dio Litoral","article_publisher":"https:\/\/www.facebook.com\/Laradiolitoral\/","article_published_time":"2024-06-26T06:25:43+00:00","og_image":[{"width":2048,"height":1152,"url":"https:\/\/radiolitoral.com\/wp-content\/uploads\/2024\/06\/Xarxa-Alcaldes-reunion-Comite-Empresa-Hospital-3.jpeg","type":"image\/jpeg"}],"author":"Redacci\u00f3n","twitter_card":"summary_large_image","twitter_misc":{"Escrit per":"Redacci\u00f3n","Temps estimat de lectura":"2 minuts"},"schema":{"@context":"https:\/\/schema.org","@graph":[{"@type":"NewsArticle","@id":"https:\/\/radiolitoral.com\/2024\/06\/estiu-complicat-en-lambit-sanitari-a-la-marina-alta\/#article","isPartOf":{"@id":"https:\/\/radiolitoral.com\/2024\/06\/estiu-complicat-en-lambit-sanitari-a-la-marina-alta\/"},"author":{"name":"Redacci\u00f3n","@id":"https:\/\/radiolitoral.com\/#\/schema\/person\/f2b2343c49b5d721857cc1002bfdb151"},"headline":"&#8216;Estiu complicat&#8217; en l&#8217;\u00e0mbit sanitari a la Marina Alta","datePublished":"2024-06-26T06:25:43+00:00","mainEntityOfPage":{"@id":"https:\/\/radiolitoral.com\/2024\/06\/estiu-complicat-en-lambit-sanitari-a-la-marina-alta\/"},"wordCount":370,"commentCount":0,"publisher":{"@id":"https:\/\/radiolitoral.com\/#organization"},"image":{"@id":"https:\/\/radiolitoral.com\/2024\/06\/estiu-complicat-en-lambit-sanitari-a-la-marina-alta\/#primaryimage"},"thumbnailUrl":"https:\/\/media.radiolitoral.com\/wp-content\/uploads\/2024\/06\/01233323\/Xarxa-Alcaldes-reunion-Comite-Empresa-Hospital-3.jpeg","keywords":["Comit\u00e9 Empresa Hospital D\u00e9nia","Marina Alta","Sanidad","Xarxa d'Alcaldies"],"articleSection":["Sanidad"],"inLanguage":"ca","potentialAction":[{"@type":"CommentAction","name":"Comment","target":["https:\/\/radiolitoral.com\/2024\/06\/estiu-complicat-en-lambit-sanitari-a-la-marina-alta\/#respond"]}]},{"@type":["WebPage","ItemPage"],"@id":"https:\/\/radiolitoral.com\/2024\/06\/estiu-complicat-en-lambit-sanitari-a-la-marina-alta\/","url":"https:\/\/radiolitoral.com\/2024\/06\/estiu-complicat-en-lambit-sanitari-a-la-marina-alta\/","name":"&#039;Estiu complicat&#039; a l&#039;\u00e0mbit sanitari a la Marina Alta | R\u00e0dio Litoral","isPartOf":{"@id":"https:\/\/radiolitoral.com\/#website"},"primaryImageOfPage":{"@id":"https:\/\/radiolitoral.com\/2024\/06\/estiu-complicat-en-lambit-sanitari-a-la-marina-alta\/#primaryimage"},"image":{"@id":"https:\/\/radiolitoral.com\/2024\/06\/estiu-complicat-en-lambit-sanitari-a-la-marina-alta\/#primaryimage"},"thumbnailUrl":"https:\/\/media.radiolitoral.com\/wp-content\/uploads\/2024\/06\/01233323\/Xarxa-Alcaldes-reunion-Comite-Empresa-Hospital-3.jpeg","datePublished":"2024-06-26T06:25:43+00:00","description":"La Xarxa d&#039;Alcaldies \u00e9s reunix amb el Comit\u00e8 d&#039;Empresa de l&#039;Hospital de D\u00e9nia La Xarxa d&#039;Alcaldies \u00e9s reunix amb el Comit\u00e8 d&#039;Empresa de l&#039;Hospital de D\u00e9nia","breadcrumb":{"@id":"https:\/\/radiolitoral.com\/2024\/06\/estiu-complicat-en-lambit-sanitari-a-la-marina-alta\/#breadcrumb"},"inLanguage":"ca","potentialAction":[{"@type":"ReadAction","target":["https:\/\/radiolitoral.com\/2024\/06\/estiu-complicat-en-lambit-sanitari-a-la-marina-alta\/"]}]},{"@type":"ImageObject","inLanguage":"ca","@id":"https:\/\/radiolitoral.com\/2024\/06\/estiu-complicat-en-lambit-sanitari-a-la-marina-alta\/#primaryimage","url":"https:\/\/media.radiolitoral.com\/wp-content\/uploads\/2024\/06\/01233323\/Xarxa-Alcaldes-reunion-Comite-Empresa-Hospital-3.jpeg","contentUrl":"https:\/\/media.radiolitoral.com\/wp-content\/uploads\/2024\/06\/01233323\/Xarxa-Alcaldes-reunion-Comite-Empresa-Hospital-3.jpeg","width":2048,"height":1152},{"@type":"BreadcrumbList","@id":"https:\/\/radiolitoral.com\/2024\/06\/estiu-complicat-en-lambit-sanitari-a-la-marina-alta\/#breadcrumb","itemListElement":[{"@type":"ListItem","position":1,"name":"Portada","item":"https:\/\/radiolitoral.com\/"},{"@type":"ListItem","position":2,"name":"&#8216;Estiu complicat&#8217; en l&#8217;\u00e0mbit sanitari a la Marina Alta"}]},{"@type":"WebSite","@id":"https:\/\/radiolitoral.com\/#website","url":"https:\/\/radiolitoral.com\/","name":"R\u00e0dio Litoral","description":"La r\u00e0dio local de la Marina Alta","publisher":{"@id":"https:\/\/radiolitoral.com\/#organization"},"alternateName":"Litoral FM","potentialAction":[{"@type":"SearchAction","target":{"@type":"EntryPoint","urlTemplate":"https:\/\/radiolitoral.com\/?s={search_term_string}"},"query-input":{"@type":"PropertyValueSpecification","valueRequired":true,"valueName":"search_term_string"}}],"inLanguage":"ca"},{"@type":"Organization","@id":"https:\/\/radiolitoral.com\/#organization","name":"R\u00e0dio Litoral","url":"https:\/\/radiolitoral.com\/","logo":{"@type":"ImageObject","inLanguage":"ca","@id":"https:\/\/radiolitoral.com\/#\/schema\/logo\/image\/","url":"https:\/\/media.radiolitoral.com\/wp-content\/uploads\/2023\/02\/24143238\/CL-V-RadioLitoral696.png","contentUrl":"https:\/\/media.radiolitoral.com\/wp-content\/uploads\/2023\/02\/24143238\/CL-V-RadioLitoral696.png","width":696,"height":696,"caption":"Radio Litoral"},"image":{"@id":"https:\/\/radiolitoral.com\/#\/schema\/logo\/image\/"},"sameAs":["https:\/\/www.facebook.com\/Laradiolitoral\/"]},{"@type":"Person","@id":"https:\/\/radiolitoral.com\/#\/schema\/person\/f2b2343c49b5d721857cc1002bfdb151","name":"Redacci\u00f3","image":{"@type":"ImageObject","inLanguage":"ca","@id":"https:\/\/secure.gravatar.com\/avatar\/f771d896c203ad8b3382d7905cfcce5a5c9b008b84b3cd9114e9b9f4cb63f789?s=96&d=mm&r=g","url":"https:\/\/secure.gravatar.com\/avatar\/f771d896c203ad8b3382d7905cfcce5a5c9b008b84b3cd9114e9b9f4cb63f789?s=96&d=mm&r=g","contentUrl":"https:\/\/secure.gravatar.com\/avatar\/f771d896c203ad8b3382d7905cfcce5a5c9b008b84b3cd9114e9b9f4cb63f789?s=96&d=mm&r=g","caption":"Redacci\u00f3n"},"url":"https:\/\/radiolitoral.com\/ca\/author\/miriam-pagan\/"}]}},"_links":{"self":[{"href":"https:\/\/radiolitoral.com\/ca\/wp-json\/wp\/v2\/posts\/9672","targetHints":{"allow":["GET"]}}],"collection":[{"href":"https:\/\/radiolitoral.com\/ca\/wp-json\/wp\/v2\/posts"}],"about":[{"href":"https:\/\/radiolitoral.com\/ca\/wp-json\/wp\/v2\/types\/post"}],"author":[{"embeddable":true,"href":"https:\/\/radiolitoral.com\/ca\/wp-json\/wp\/v2\/users\/13"}],"replies":[{"embeddable":true,"href":"https:\/\/radiolitoral.com\/ca\/wp-json\/wp\/v2\/comments?post=9672"}],"version-history":[{"count":2,"href":"https:\/\/radiolitoral.com\/ca\/wp-json\/wp\/v2\/posts\/9672\/revisions"}],"predecessor-version":[{"id":9677,"href":"https:\/\/radiolitoral.com\/ca\/wp-json\/wp\/v2\/posts\/9672\/revisions\/9677"}],"wp:featuredmedia":[{"embeddable":true,"href":"https:\/\/radiolitoral.com\/ca\/wp-json\/wp\/v2\/media\/9674"}],"wp:attachment":[{"href":"https:\/\/radiolitoral.com\/ca\/wp-json\/wp\/v2\/media?parent=9672"}],"wp:term":[{"taxonomy":"category","embeddable":true,"href":"https:\/\/radiolitoral.com\/ca\/wp-json\/wp\/v2\/categories?post=9672"},{"taxonomy":"post_tag","embeddable":true,"href":"https:\/\/radiolitoral.com\/ca\/wp-json\/wp\/v2\/tags?post=9672"}],"curies":[{"name":"wp","href":"https:\/\/api.w.org\/{rel}","templated":true}]}}