{"id":9612,"date":"2024-06-24T18:40:54","date_gmt":"2024-06-24T16:40:54","guid":{"rendered":"https:\/\/radiolitoral.com\/?p=9612"},"modified":"2024-06-24T18:40:54","modified_gmt":"2024-06-24T16:40:54","slug":"interceptin-una-pastera-prop-de-cala-el-raco-de-calp","status":"publish","type":"post","link":"https:\/\/radiolitoral.com\/ca\/2024\/06\/intercepten-una-pastera-prop-de-cala-el-raco-de-calp\/","title":{"rendered":"Interceptin una pastera a prop de Cala El Rac\u00f3 de Calp"},"content":{"rendered":"<p>Efectius de Salvament Mar\u00edtim interceptaren aquest cap de setmana una pastera amb una decena de persones a bord, una d&#039;elles menor d&#039;edat, a Cala El Rac\u00f3 de Calp. Aix\u00ed ho van assegurar fonts de Creu Roja a Europa Press.<\/p>\n<p>L&#039;avisa es va rebre a les 12.10 hores d&#039;aquest diumenge i es va activar un equip d&#039;emerg\u00e8ncia ERIE AHI al Port d&#039;Alacant per assistir a les persones que viatgin a l&#039;embarcaci\u00f3.<\/p>\n<p>Concretament, es tracta de vuit homes i dos dons, una d&#039;elles menor d&#039;edat, que van ser traslladades fins al port alacant\u00ed per rebre assist\u00e8ncia sociosanit\u00e0ria i avaluaci\u00f3 per part de la Creu Roja.<\/p>","protected":false},"excerpt":{"rendered":"<p>Efectius de Salvament Mar\u00edtim van interceptar este cap de setmana una pastera amb una desena de persones a bord, una d&#8217;elles menor d&#8217;edat, a Cala El Rac\u00f3 de Calp . Aix\u00ed ho van assegurar fonts de Creu Roja a Europa Press. L&#8217;av\u00eds es va rebre a les 12.10 hores d&#8217;este diumenge i es va activar [&#8230;]<\/p>\n<p><a class=\"btn btn-secondary understrap-read-more-link\" href=\"https:\/\/radiolitoral.com\/ca\/2024\/06\/intercepten-una-pastera-prop-de-cala-el-raco-de-calp\/\">Continua llegint&#8230;<span class=\"screen-reader-text\"> from Intercepten una pastera prop de Cala El Rac\u00f3 de Calp<\/span><\/a><\/p>\n","protected":false},"author":14,"featured_media":9614,"comment_status":"open","ping_status":"closed","sticky":false,"template":"","format":"standard","meta":{"_acf_changed":false,"inline_featured_image":false,"footnotes":""},"categories":[8],"tags":[1567,122,1566,1023],"class_list":["post-9612","post","type-post","status-publish","format-standard","has-post-thumbnail","hentry","category-sucesos","tag-cala-el-raco","tag-calp","tag-patera","tag-sucesos"],"acf":[],"yoast_head":"<!-- This site is optimized with the Yoast SEO plugin v27.5 - https:\/\/yoast.com\/product\/yoast-seo-wordpress\/ -->\n<title>Intercepten una pastera prop de Cala El Rac\u00f3 de Calp | R\u00e0dio Litoral<\/title>\n<meta name=\"description\" content=\"Una desena de persones van ser rescatades\" \/>\n<meta name=\"robots\" content=\"index, follow, max-snippet:-1, max-image-preview:large, max-video-preview:-1\" \/>\n<link rel=\"canonical\" href=\"https:\/\/radiolitoral.com\/ca\/2024\/06\/interceptin-una-pastera-prop-de-cala-el-raco-de-calp\/\" \/>\n<meta property=\"og:locale\" content=\"ca_ES\" \/>\n<meta property=\"og:type\" content=\"article\" \/>\n<meta property=\"og:title\" content=\"Intercepten una pastera prop de Cala El Rac\u00f3 de Calp | R\u00e0dio Litoral\" \/>\n<meta property=\"og:description\" content=\"Una desena de persones van ser rescatades\" \/>\n<meta property=\"og:url\" content=\"https:\/\/radiolitoral.com\/ca\/2024\/06\/interceptin-una-pastera-prop-de-cala-el-raco-de-calp\/\" \/>\n<meta property=\"og:site_name\" content=\"R\u00e0dio Litoral\" \/>\n<meta property=\"article:publisher\" content=\"https:\/\/www.facebook.com\/Laradiolitoral\/\" \/>\n<meta property=\"article:published_time\" content=\"2024-06-24T16:40:54+00:00\" \/>\n<meta property=\"og:image\" content=\"https:\/\/radiolitoral.com\/wp-content\/uploads\/2024\/06\/Cala_el_Raco_MG_7243.jpg\" \/>\n\t<meta property=\"og:image:width\" content=\"1920\" \/>\n\t<meta property=\"og:image:height\" content=\"1280\" \/>\n\t<meta property=\"og:image:type\" content=\"image\/jpeg\" \/>\n<meta name=\"author\" content=\"Redacci\u00f3n\" \/>\n<meta name=\"twitter:card\" content=\"summary_large_image\" \/>\n<meta name=\"twitter:label1\" content=\"Escrit per\" \/>\n\t<meta name=\"twitter:data1\" content=\"Redacci\u00f3n\" \/>\n\t<meta name=\"twitter:label2\" content=\"Temps estimat de lectura\" \/>\n\t<meta name=\"twitter:data2\" content=\"1 minut\" \/>\n<script type=\"application\/ld+json\" class=\"yoast-schema-graph\">{\"@context\":\"https:\\\/\\\/schema.org\",\"@graph\":[{\"@type\":\"NewsArticle\",\"@id\":\"https:\\\/\\\/radiolitoral.com\\\/2024\\\/06\\\/intercepten-una-pastera-prop-de-cala-el-raco-de-calp\\\/#article\",\"isPartOf\":{\"@id\":\"https:\\\/\\\/radiolitoral.com\\\/2024\\\/06\\\/intercepten-una-pastera-prop-de-cala-el-raco-de-calp\\\/\"},\"author\":{\"name\":\"Redacci\u00f3n\",\"@id\":\"https:\\\/\\\/radiolitoral.com\\\/#\\\/schema\\\/person\\\/96b739642eb3bedb532aac3812d23307\"},\"headline\":\"Intercepten una pastera prop de Cala El Rac\u00f3 de Calp\",\"datePublished\":\"2024-06-24T16:40:54+00:00\",\"mainEntityOfPage\":{\"@id\":\"https:\\\/\\\/radiolitoral.com\\\/2024\\\/06\\\/intercepten-una-pastera-prop-de-cala-el-raco-de-calp\\\/\"},\"wordCount\":129,\"commentCount\":0,\"publisher\":{\"@id\":\"https:\\\/\\\/radiolitoral.com\\\/#organization\"},\"image\":{\"@id\":\"https:\\\/\\\/radiolitoral.com\\\/2024\\\/06\\\/intercepten-una-pastera-prop-de-cala-el-raco-de-calp\\\/#primaryimage\"},\"thumbnailUrl\":\"https:\\\/\\\/media.radiolitoral.com\\\/wp-content\\\/uploads\\\/2024\\\/06\\\/01233401\\\/Cala_el_Raco_MG_7243.jpg\",\"keywords\":[\"cala el Rac\u00f3\",\"Calp\",\"patera\",\"sucesos\"],\"articleSection\":[\"Sucesos\"],\"inLanguage\":\"ca\",\"potentialAction\":[{\"@type\":\"CommentAction\",\"name\":\"Comment\",\"target\":[\"https:\\\/\\\/radiolitoral.com\\\/2024\\\/06\\\/intercepten-una-pastera-prop-de-cala-el-raco-de-calp\\\/#respond\"]}]},{\"@type\":[\"WebPage\",\"ItemPage\"],\"@id\":\"https:\\\/\\\/radiolitoral.com\\\/2024\\\/06\\\/intercepten-una-pastera-prop-de-cala-el-raco-de-calp\\\/\",\"url\":\"https:\\\/\\\/radiolitoral.com\\\/2024\\\/06\\\/intercepten-una-pastera-prop-de-cala-el-raco-de-calp\\\/\",\"name\":\"Intercepten una pastera prop de Cala El Rac\u00f3 de Calp | R\u00e0dio Litoral\",\"isPartOf\":{\"@id\":\"https:\\\/\\\/radiolitoral.com\\\/#website\"},\"primaryImageOfPage\":{\"@id\":\"https:\\\/\\\/radiolitoral.com\\\/2024\\\/06\\\/intercepten-una-pastera-prop-de-cala-el-raco-de-calp\\\/#primaryimage\"},\"image\":{\"@id\":\"https:\\\/\\\/radiolitoral.com\\\/2024\\\/06\\\/intercepten-una-pastera-prop-de-cala-el-raco-de-calp\\\/#primaryimage\"},\"thumbnailUrl\":\"https:\\\/\\\/media.radiolitoral.com\\\/wp-content\\\/uploads\\\/2024\\\/06\\\/01233401\\\/Cala_el_Raco_MG_7243.jpg\",\"datePublished\":\"2024-06-24T16:40:54+00:00\",\"description\":\"Una desena de persones van ser rescatades\",\"breadcrumb\":{\"@id\":\"https:\\\/\\\/radiolitoral.com\\\/2024\\\/06\\\/intercepten-una-pastera-prop-de-cala-el-raco-de-calp\\\/#breadcrumb\"},\"inLanguage\":\"ca\",\"potentialAction\":[{\"@type\":\"ReadAction\",\"target\":[\"https:\\\/\\\/radiolitoral.com\\\/2024\\\/06\\\/intercepten-una-pastera-prop-de-cala-el-raco-de-calp\\\/\"]}]},{\"@type\":\"ImageObject\",\"inLanguage\":\"ca\",\"@id\":\"https:\\\/\\\/radiolitoral.com\\\/2024\\\/06\\\/intercepten-una-pastera-prop-de-cala-el-raco-de-calp\\\/#primaryimage\",\"url\":\"https:\\\/\\\/media.radiolitoral.com\\\/wp-content\\\/uploads\\\/2024\\\/06\\\/01233401\\\/Cala_el_Raco_MG_7243.jpg\",\"contentUrl\":\"https:\\\/\\\/media.radiolitoral.com\\\/wp-content\\\/uploads\\\/2024\\\/06\\\/01233401\\\/Cala_el_Raco_MG_7243.jpg\",\"width\":1920,\"height\":1280},{\"@type\":\"BreadcrumbList\",\"@id\":\"https:\\\/\\\/radiolitoral.com\\\/2024\\\/06\\\/intercepten-una-pastera-prop-de-cala-el-raco-de-calp\\\/#breadcrumb\",\"itemListElement\":[{\"@type\":\"ListItem\",\"position\":1,\"name\":\"Portada\",\"item\":\"https:\\\/\\\/radiolitoral.com\\\/\"},{\"@type\":\"ListItem\",\"position\":2,\"name\":\"Intercepten una pastera prop de Cala El Rac\u00f3 de Calp\"}]},{\"@type\":\"WebSite\",\"@id\":\"https:\\\/\\\/radiolitoral.com\\\/#website\",\"url\":\"https:\\\/\\\/radiolitoral.com\\\/\",\"name\":\"Radio Litoral\",\"description\":\"La radio local de la Marina Alta\",\"publisher\":{\"@id\":\"https:\\\/\\\/radiolitoral.com\\\/#organization\"},\"alternateName\":\"Litoral FM\",\"potentialAction\":[{\"@type\":\"SearchAction\",\"target\":{\"@type\":\"EntryPoint\",\"urlTemplate\":\"https:\\\/\\\/radiolitoral.com\\\/?s={search_term_string}\"},\"query-input\":{\"@type\":\"PropertyValueSpecification\",\"valueRequired\":true,\"valueName\":\"search_term_string\"}}],\"inLanguage\":\"ca\"},{\"@type\":\"Organization\",\"@id\":\"https:\\\/\\\/radiolitoral.com\\\/#organization\",\"name\":\"Radio Litoral\",\"url\":\"https:\\\/\\\/radiolitoral.com\\\/\",\"logo\":{\"@type\":\"ImageObject\",\"inLanguage\":\"ca\",\"@id\":\"https:\\\/\\\/radiolitoral.com\\\/#\\\/schema\\\/logo\\\/image\\\/\",\"url\":\"https:\\\/\\\/media.radiolitoral.com\\\/wp-content\\\/uploads\\\/2023\\\/02\\\/24143238\\\/CL-V-RadioLitoral696.png\",\"contentUrl\":\"https:\\\/\\\/media.radiolitoral.com\\\/wp-content\\\/uploads\\\/2023\\\/02\\\/24143238\\\/CL-V-RadioLitoral696.png\",\"width\":696,\"height\":696,\"caption\":\"Radio Litoral\"},\"image\":{\"@id\":\"https:\\\/\\\/radiolitoral.com\\\/#\\\/schema\\\/logo\\\/image\\\/\"},\"sameAs\":[\"https:\\\/\\\/www.facebook.com\\\/Laradiolitoral\\\/\"]},{\"@type\":\"Person\",\"@id\":\"https:\\\/\\\/radiolitoral.com\\\/#\\\/schema\\\/person\\\/96b739642eb3bedb532aac3812d23307\",\"name\":\"Redacci\u00f3n\",\"image\":{\"@type\":\"ImageObject\",\"inLanguage\":\"ca\",\"@id\":\"https:\\\/\\\/secure.gravatar.com\\\/avatar\\\/30cd06129ee90411dd9c7cbdcf17464181d1a3c7b072e92070ea75a25cf0097e?s=96&d=mm&r=g\",\"url\":\"https:\\\/\\\/secure.gravatar.com\\\/avatar\\\/30cd06129ee90411dd9c7cbdcf17464181d1a3c7b072e92070ea75a25cf0097e?s=96&d=mm&r=g\",\"contentUrl\":\"https:\\\/\\\/secure.gravatar.com\\\/avatar\\\/30cd06129ee90411dd9c7cbdcf17464181d1a3c7b072e92070ea75a25cf0097e?s=96&d=mm&r=g\",\"caption\":\"Redacci\u00f3n\"},\"url\":\"https:\\\/\\\/radiolitoral.com\\\/ca\\\/author\\\/kevin-carrio\\\/\"}]}<\/script>\n<!-- \/ Yoast SEO plugin. -->","yoast_head_json":{"title":"Interceptin una pastera a prop de Cala El Rac\u00f3 de Calp | R\u00e0dio Litoral","description":"Una decena de persones van ser rescatades","robots":{"index":"index","follow":"follow","max-snippet":"max-snippet:-1","max-image-preview":"max-image-preview:large","max-video-preview":"max-video-preview:-1"},"canonical":"https:\/\/radiolitoral.com\/ca\/2024\/06\/interceptin-una-pastera-prop-de-cala-el-raco-de-calp\/","og_locale":"ca_ES","og_type":"article","og_title":"Intercepten una pastera prop de Cala El Rac\u00f3 de Calp | R\u00e0dio Litoral","og_description":"Una desena de persones van ser rescatades","og_url":"https:\/\/radiolitoral.com\/ca\/2024\/06\/interceptin-una-pastera-prop-de-cala-el-raco-de-calp\/","og_site_name":"R\u00e0dio Litoral","article_publisher":"https:\/\/www.facebook.com\/Laradiolitoral\/","article_published_time":"2024-06-24T16:40:54+00:00","og_image":[{"width":1920,"height":1280,"url":"https:\/\/radiolitoral.com\/wp-content\/uploads\/2024\/06\/Cala_el_Raco_MG_7243.jpg","type":"image\/jpeg"}],"author":"Redacci\u00f3n","twitter_card":"summary_large_image","twitter_misc":{"Escrit per":"Redacci\u00f3n","Temps estimat de lectura":"1 minut"},"schema":{"@context":"https:\/\/schema.org","@graph":[{"@type":"NewsArticle","@id":"https:\/\/radiolitoral.com\/2024\/06\/intercepten-una-pastera-prop-de-cala-el-raco-de-calp\/#article","isPartOf":{"@id":"https:\/\/radiolitoral.com\/2024\/06\/intercepten-una-pastera-prop-de-cala-el-raco-de-calp\/"},"author":{"name":"Redacci\u00f3n","@id":"https:\/\/radiolitoral.com\/#\/schema\/person\/96b739642eb3bedb532aac3812d23307"},"headline":"Intercepten una pastera prop de Cala El Rac\u00f3 de Calp","datePublished":"2024-06-24T16:40:54+00:00","mainEntityOfPage":{"@id":"https:\/\/radiolitoral.com\/2024\/06\/intercepten-una-pastera-prop-de-cala-el-raco-de-calp\/"},"wordCount":129,"commentCount":0,"publisher":{"@id":"https:\/\/radiolitoral.com\/#organization"},"image":{"@id":"https:\/\/radiolitoral.com\/2024\/06\/intercepten-una-pastera-prop-de-cala-el-raco-de-calp\/#primaryimage"},"thumbnailUrl":"https:\/\/media.radiolitoral.com\/wp-content\/uploads\/2024\/06\/01233401\/Cala_el_Raco_MG_7243.jpg","keywords":["cala el Rac\u00f3","Calp","patera","sucesos"],"articleSection":["Sucesos"],"inLanguage":"ca","potentialAction":[{"@type":"CommentAction","name":"Comment","target":["https:\/\/radiolitoral.com\/2024\/06\/intercepten-una-pastera-prop-de-cala-el-raco-de-calp\/#respond"]}]},{"@type":["WebPage","ItemPage"],"@id":"https:\/\/radiolitoral.com\/2024\/06\/intercepten-una-pastera-prop-de-cala-el-raco-de-calp\/","url":"https:\/\/radiolitoral.com\/2024\/06\/intercepten-una-pastera-prop-de-cala-el-raco-de-calp\/","name":"Interceptin una pastera a prop de Cala El Rac\u00f3 de Calp | R\u00e0dio Litoral","isPartOf":{"@id":"https:\/\/radiolitoral.com\/#website"},"primaryImageOfPage":{"@id":"https:\/\/radiolitoral.com\/2024\/06\/intercepten-una-pastera-prop-de-cala-el-raco-de-calp\/#primaryimage"},"image":{"@id":"https:\/\/radiolitoral.com\/2024\/06\/intercepten-una-pastera-prop-de-cala-el-raco-de-calp\/#primaryimage"},"thumbnailUrl":"https:\/\/media.radiolitoral.com\/wp-content\/uploads\/2024\/06\/01233401\/Cala_el_Raco_MG_7243.jpg","datePublished":"2024-06-24T16:40:54+00:00","description":"Una decena de persones van ser rescatades","breadcrumb":{"@id":"https:\/\/radiolitoral.com\/2024\/06\/intercepten-una-pastera-prop-de-cala-el-raco-de-calp\/#breadcrumb"},"inLanguage":"ca","potentialAction":[{"@type":"ReadAction","target":["https:\/\/radiolitoral.com\/2024\/06\/intercepten-una-pastera-prop-de-cala-el-raco-de-calp\/"]}]},{"@type":"ImageObject","inLanguage":"ca","@id":"https:\/\/radiolitoral.com\/2024\/06\/intercepten-una-pastera-prop-de-cala-el-raco-de-calp\/#primaryimage","url":"https:\/\/media.radiolitoral.com\/wp-content\/uploads\/2024\/06\/01233401\/Cala_el_Raco_MG_7243.jpg","contentUrl":"https:\/\/media.radiolitoral.com\/wp-content\/uploads\/2024\/06\/01233401\/Cala_el_Raco_MG_7243.jpg","width":1920,"height":1280},{"@type":"BreadcrumbList","@id":"https:\/\/radiolitoral.com\/2024\/06\/intercepten-una-pastera-prop-de-cala-el-raco-de-calp\/#breadcrumb","itemListElement":[{"@type":"ListItem","position":1,"name":"Portada","item":"https:\/\/radiolitoral.com\/"},{"@type":"ListItem","position":2,"name":"Intercepten una pastera prop de Cala El Rac\u00f3 de Calp"}]},{"@type":"WebSite","@id":"https:\/\/radiolitoral.com\/#website","url":"https:\/\/radiolitoral.com\/","name":"R\u00e0dio Litoral","description":"La r\u00e0dio local de la Marina Alta","publisher":{"@id":"https:\/\/radiolitoral.com\/#organization"},"alternateName":"Litoral FM","potentialAction":[{"@type":"SearchAction","target":{"@type":"EntryPoint","urlTemplate":"https:\/\/radiolitoral.com\/?s={search_term_string}"},"query-input":{"@type":"PropertyValueSpecification","valueRequired":true,"valueName":"search_term_string"}}],"inLanguage":"ca"},{"@type":"Organization","@id":"https:\/\/radiolitoral.com\/#organization","name":"R\u00e0dio Litoral","url":"https:\/\/radiolitoral.com\/","logo":{"@type":"ImageObject","inLanguage":"ca","@id":"https:\/\/radiolitoral.com\/#\/schema\/logo\/image\/","url":"https:\/\/media.radiolitoral.com\/wp-content\/uploads\/2023\/02\/24143238\/CL-V-RadioLitoral696.png","contentUrl":"https:\/\/media.radiolitoral.com\/wp-content\/uploads\/2023\/02\/24143238\/CL-V-RadioLitoral696.png","width":696,"height":696,"caption":"Radio Litoral"},"image":{"@id":"https:\/\/radiolitoral.com\/#\/schema\/logo\/image\/"},"sameAs":["https:\/\/www.facebook.com\/Laradiolitoral\/"]},{"@type":"Person","@id":"https:\/\/radiolitoral.com\/#\/schema\/person\/96b739642eb3bedb532aac3812d23307","name":"Redacci\u00f3","image":{"@type":"ImageObject","inLanguage":"ca","@id":"https:\/\/secure.gravatar.com\/avatar\/30cd06129ee90411dd9c7cbdcf17464181d1a3c7b072e92070ea75a25cf0097e?s=96&d=mm&r=g","url":"https:\/\/secure.gravatar.com\/avatar\/30cd06129ee90411dd9c7cbdcf17464181d1a3c7b072e92070ea75a25cf0097e?s=96&d=mm&r=g","contentUrl":"https:\/\/secure.gravatar.com\/avatar\/30cd06129ee90411dd9c7cbdcf17464181d1a3c7b072e92070ea75a25cf0097e?s=96&d=mm&r=g","caption":"Redacci\u00f3n"},"url":"https:\/\/radiolitoral.com\/ca\/author\/kevin-carrio\/"}]}},"_links":{"self":[{"href":"https:\/\/radiolitoral.com\/ca\/wp-json\/wp\/v2\/posts\/9612","targetHints":{"allow":["GET"]}}],"collection":[{"href":"https:\/\/radiolitoral.com\/ca\/wp-json\/wp\/v2\/posts"}],"about":[{"href":"https:\/\/radiolitoral.com\/ca\/wp-json\/wp\/v2\/types\/post"}],"author":[{"embeddable":true,"href":"https:\/\/radiolitoral.com\/ca\/wp-json\/wp\/v2\/users\/14"}],"replies":[{"embeddable":true,"href":"https:\/\/radiolitoral.com\/ca\/wp-json\/wp\/v2\/comments?post=9612"}],"version-history":[{"count":1,"href":"https:\/\/radiolitoral.com\/ca\/wp-json\/wp\/v2\/posts\/9612\/revisions"}],"predecessor-version":[{"id":9615,"href":"https:\/\/radiolitoral.com\/ca\/wp-json\/wp\/v2\/posts\/9612\/revisions\/9615"}],"wp:featuredmedia":[{"embeddable":true,"href":"https:\/\/radiolitoral.com\/ca\/wp-json\/wp\/v2\/media\/9614"}],"wp:attachment":[{"href":"https:\/\/radiolitoral.com\/ca\/wp-json\/wp\/v2\/media?parent=9612"}],"wp:term":[{"taxonomy":"category","embeddable":true,"href":"https:\/\/radiolitoral.com\/ca\/wp-json\/wp\/v2\/categories?post=9612"},{"taxonomy":"post_tag","embeddable":true,"href":"https:\/\/radiolitoral.com\/ca\/wp-json\/wp\/v2\/tags?post=9612"}],"curies":[{"name":"wp","href":"https:\/\/api.w.org\/{rel}","templated":true}]}}