{"id":9599,"date":"2024-06-24T16:50:57","date_gmt":"2024-06-24T14:50:57","guid":{"rendered":"https:\/\/radiolitoral.com\/?p=9599"},"modified":"2024-06-24T16:50:57","modified_gmt":"2024-06-24T14:50:57","slug":"resultats-bo-viatge-comunitat-valenciana-2024","status":"publish","type":"post","link":"https:\/\/radiolitoral.com\/ca\/2024\/06\/resultats-bono-viaje-comunitat-valenciana-2024\/","title":{"rendered":"La Marina Alta, protagonista del Bo Viatge 2024"},"content":{"rendered":"<p>El programa Bono Viaje 2024 ha comen\u00e7at amb for\u00e7a, mobilitzant <strong>m\u00e9s de 3,2 milions d&#039;euros durant el primer<\/strong>si rebent m\u00e9s de 205.000 sol\u00b7licituds, segons ha informat la Generalitat. La Marina Alta, amb destinacions com D\u00e9nia, Calp i Altea, destaca com un dels principals beneficiaris.<\/p>\n<p>Durant el gener, s&#039;han registrat 5.336 reserves per viatjar el primer semestre de l&#039;any, del 16 de gener al 3 de juny, excluint la Setmana Santa, mantenint un ritme semblant al de l&#039;any passat, segons ha indicat <strong>Nuria Montes<\/strong>, consellera d&#039;Innovaci\u00f3, Ind\u00fastria, Comer\u00e7 i Turisme.<\/p>\n<p><strong>Els municipis de la Marina Alta, com Calp, D\u00e9nia i Altea, continuen sent alguns dels destins m\u00e9s populars<\/strong>. L&#039;import mitj\u00e0 per reserva \u00e9s de 605,78 euros, la qual cosa ha generat 3.232.447 euros al sector tur\u00edstic valenci\u00e0 durant el primer mes. Es preveu mobilitzar m\u00e9s de 25 milions d&#039;euros durant tot el 2024.<\/p>\n<p>Nuria Montes ha destacat que \u201cel ritme de reserves, molt similar al de l&#039;any passat, consolida el Bono Viatge com una eina clau per <strong>desestacionalitzar<\/strong> i promoure l&#039;ocupaci\u00f3 tur\u00edstica a la Comunitat Valenciana\u00bb. Tamb\u00e9 ha remarcat que el Bono Viatge t\u00e9 un <strong>impacte positiu en altres sectors de l&#039;economia, com el comer\u00e7 i el transport<\/strong>, i que els seus beneficis es podrien multiplicar per tres o quatre.<\/p>\n<p>La consellera ha ressaltat l&#039;excel\u00b7lent acollida d&#039;aquesta edici\u00f3 i ha assenyalat que el ritme de sol\u00b7licituds \u00e9s molt alt, passant de les 120.000 sol\u00b7licituds de cita pr\u00e8via registrades a les primeres hores del programa a les 205.892 actuals.<\/p>","protected":false},"excerpt":{"rendered":"<p>El programa Bono Viaje 2024 ha comen\u00e7at amb for\u00e7a, mobilitzant m\u00e9s de 3,2 milions d&#8217;euros durant el seu primer mes i rebent m\u00e9s de 205.000 sol\u00b7licituds, segons ha informat la Generalitat. La Marina Alta, amb destinacions com D\u00e9nia, Calp i Altea, destaca com un dels principals beneficiaris. Durant el gener, s&#8217;han registrat 5.336 reserves per [&#8230;]<\/p>\n<p><a class=\"btn btn-secondary understrap-read-more-link\" href=\"https:\/\/radiolitoral.com\/ca\/2024\/06\/resultats-bono-viaje-comunitat-valenciana-2024\/\">Continua llegint&#8230;<span class=\"screen-reader-text\"> from La Marina Alta, protagonista del \u00abBono Viaje 2024\u00bb<\/span><\/a><\/p>\n","protected":false},"author":11,"featured_media":9027,"comment_status":"open","ping_status":"closed","sticky":false,"template":"","format":"standard","meta":{"_acf_changed":false,"inline_featured_image":false,"footnotes":""},"categories":[144],"tags":[1563,1564,314,163],"class_list":["post-9599","post","type-post","status-publish","format-standard","has-post-thumbnail","hentry","category-turismo","tag-bono-viaje","tag-comunitat-valenciana","tag-marina-alta","tag-turismo","cobertura-marina-alta"],"acf":[],"yoast_head":"<!-- This site is optimized with the Yoast SEO plugin v27.5 - https:\/\/yoast.com\/product\/yoast-seo-wordpress\/ -->\n<title>La Marina Alta, protagonista del &quot;Bono Viaje 2024&quot; | R\u00e0dio Litoral<\/title>\n<meta name=\"description\" content=\"Aquesta edici\u00f3 ha comen\u00e7at amb for\u00e7a, mobilitzant m\u00e9s de 3,2 milions d&#039;euros durant el seu primer mes\" \/>\n<meta name=\"robots\" content=\"index, follow, max-snippet:-1, max-image-preview:large, max-video-preview:-1\" \/>\n<link rel=\"canonical\" href=\"https:\/\/radiolitoral.com\/ca\/2024\/06\/resultats-bo-viatge-comunitat-valenciana-2024\/\" \/>\n<meta property=\"og:locale\" content=\"ca_ES\" \/>\n<meta property=\"og:type\" content=\"article\" \/>\n<meta property=\"og:title\" content=\"La Marina Alta, protagonista del &quot;Bono Viaje 2024&quot; | R\u00e0dio Litoral\" \/>\n<meta property=\"og:description\" content=\"Aquesta edici\u00f3 ha comen\u00e7at amb for\u00e7a, mobilitzant m\u00e9s de 3,2 milions d&#039;euros durant el seu primer mes\" \/>\n<meta property=\"og:url\" content=\"https:\/\/radiolitoral.com\/ca\/2024\/06\/resultats-bo-viatge-comunitat-valenciana-2024\/\" \/>\n<meta property=\"og:site_name\" content=\"R\u00e0dio Litoral\" \/>\n<meta property=\"article:publisher\" content=\"https:\/\/www.facebook.com\/Laradiolitoral\/\" \/>\n<meta property=\"article:published_time\" content=\"2024-06-24T14:50:57+00:00\" \/>\n<meta property=\"og:image\" content=\"https:\/\/media.radiolitoral.com\/wp-content\/uploads\/2024\/05\/20104718\/Teulada-entorno-rural-2.-Teulada-Moraira-Turismo.jpg\" \/>\n\t<meta property=\"og:image:width\" content=\"1440\" \/>\n\t<meta property=\"og:image:height\" content=\"956\" \/>\n\t<meta property=\"og:image:type\" content=\"image\/jpeg\" \/>\n<meta name=\"author\" content=\"Redacci\u00f3n\" \/>\n<meta name=\"twitter:card\" content=\"summary_large_image\" \/>\n<meta name=\"twitter:label1\" content=\"Escrit per\" \/>\n\t<meta name=\"twitter:data1\" content=\"Redacci\u00f3n\" \/>\n\t<meta name=\"twitter:label2\" content=\"Temps estimat de lectura\" \/>\n\t<meta name=\"twitter:data2\" content=\"2 minuts\" \/>\n<script type=\"application\/ld+json\" class=\"yoast-schema-graph\">{\"@context\":\"https:\\\/\\\/schema.org\",\"@graph\":[{\"@type\":\"NewsArticle\",\"@id\":\"https:\\\/\\\/radiolitoral.com\\\/2024\\\/06\\\/resultats-bono-viaje-comunitat-valenciana-2024\\\/#article\",\"isPartOf\":{\"@id\":\"https:\\\/\\\/radiolitoral.com\\\/2024\\\/06\\\/resultats-bono-viaje-comunitat-valenciana-2024\\\/\"},\"author\":{\"name\":\"Redacci\u00f3n\",\"@id\":\"https:\\\/\\\/radiolitoral.com\\\/#\\\/schema\\\/person\\\/aaadc9e35663a92bd94a05f5816f296d\"},\"headline\":\"La Marina Alta, protagonista del \u00abBono Viaje 2024\u00bb\",\"datePublished\":\"2024-06-24T14:50:57+00:00\",\"mainEntityOfPage\":{\"@id\":\"https:\\\/\\\/radiolitoral.com\\\/2024\\\/06\\\/resultats-bono-viaje-comunitat-valenciana-2024\\\/\"},\"wordCount\":302,\"commentCount\":0,\"publisher\":{\"@id\":\"https:\\\/\\\/radiolitoral.com\\\/#organization\"},\"image\":{\"@id\":\"https:\\\/\\\/radiolitoral.com\\\/2024\\\/06\\\/resultats-bono-viaje-comunitat-valenciana-2024\\\/#primaryimage\"},\"thumbnailUrl\":\"https:\\\/\\\/media.radiolitoral.com\\\/wp-content\\\/uploads\\\/2024\\\/05\\\/20104718\\\/Teulada-entorno-rural-2.-Teulada-Moraira-Turismo.jpg\",\"keywords\":[\"bono viaje\",\"comunitat valenciana\",\"Marina Alta\",\"turismo\"],\"articleSection\":[\"Turismo\"],\"inLanguage\":\"ca\",\"potentialAction\":[{\"@type\":\"CommentAction\",\"name\":\"Comment\",\"target\":[\"https:\\\/\\\/radiolitoral.com\\\/2024\\\/06\\\/resultats-bono-viaje-comunitat-valenciana-2024\\\/#respond\"]}]},{\"@type\":[\"WebPage\",\"ItemPage\"],\"@id\":\"https:\\\/\\\/radiolitoral.com\\\/2024\\\/06\\\/resultats-bono-viaje-comunitat-valenciana-2024\\\/\",\"url\":\"https:\\\/\\\/radiolitoral.com\\\/2024\\\/06\\\/resultats-bono-viaje-comunitat-valenciana-2024\\\/\",\"name\":\"La Marina Alta, protagonista del \\\"Bono Viaje 2024\\\" | R\u00e0dio Litoral\",\"isPartOf\":{\"@id\":\"https:\\\/\\\/radiolitoral.com\\\/#website\"},\"primaryImageOfPage\":{\"@id\":\"https:\\\/\\\/radiolitoral.com\\\/2024\\\/06\\\/resultats-bono-viaje-comunitat-valenciana-2024\\\/#primaryimage\"},\"image\":{\"@id\":\"https:\\\/\\\/radiolitoral.com\\\/2024\\\/06\\\/resultats-bono-viaje-comunitat-valenciana-2024\\\/#primaryimage\"},\"thumbnailUrl\":\"https:\\\/\\\/media.radiolitoral.com\\\/wp-content\\\/uploads\\\/2024\\\/05\\\/20104718\\\/Teulada-entorno-rural-2.-Teulada-Moraira-Turismo.jpg\",\"datePublished\":\"2024-06-24T14:50:57+00:00\",\"description\":\"Aquesta edici\u00f3 ha comen\u00e7at amb for\u00e7a, mobilitzant m\u00e9s de 3,2 milions d'euros durant el seu primer mes\",\"breadcrumb\":{\"@id\":\"https:\\\/\\\/radiolitoral.com\\\/2024\\\/06\\\/resultats-bono-viaje-comunitat-valenciana-2024\\\/#breadcrumb\"},\"inLanguage\":\"ca\",\"potentialAction\":[{\"@type\":\"ReadAction\",\"target\":[\"https:\\\/\\\/radiolitoral.com\\\/2024\\\/06\\\/resultats-bono-viaje-comunitat-valenciana-2024\\\/\"]}]},{\"@type\":\"ImageObject\",\"inLanguage\":\"ca\",\"@id\":\"https:\\\/\\\/radiolitoral.com\\\/2024\\\/06\\\/resultats-bono-viaje-comunitat-valenciana-2024\\\/#primaryimage\",\"url\":\"https:\\\/\\\/media.radiolitoral.com\\\/wp-content\\\/uploads\\\/2024\\\/05\\\/20104718\\\/Teulada-entorno-rural-2.-Teulada-Moraira-Turismo.jpg\",\"contentUrl\":\"https:\\\/\\\/media.radiolitoral.com\\\/wp-content\\\/uploads\\\/2024\\\/05\\\/20104718\\\/Teulada-entorno-rural-2.-Teulada-Moraira-Turismo.jpg\",\"width\":1440,\"height\":956},{\"@type\":\"BreadcrumbList\",\"@id\":\"https:\\\/\\\/radiolitoral.com\\\/2024\\\/06\\\/resultats-bono-viaje-comunitat-valenciana-2024\\\/#breadcrumb\",\"itemListElement\":[{\"@type\":\"ListItem\",\"position\":1,\"name\":\"Portada\",\"item\":\"https:\\\/\\\/radiolitoral.com\\\/\"},{\"@type\":\"ListItem\",\"position\":2,\"name\":\"La Marina Alta, protagonista del \u00abBono Viaje 2024\u00bb\"}]},{\"@type\":\"WebSite\",\"@id\":\"https:\\\/\\\/radiolitoral.com\\\/#website\",\"url\":\"https:\\\/\\\/radiolitoral.com\\\/\",\"name\":\"Radio Litoral\",\"description\":\"La radio local de la Marina Alta\",\"publisher\":{\"@id\":\"https:\\\/\\\/radiolitoral.com\\\/#organization\"},\"alternateName\":\"Litoral FM\",\"potentialAction\":[{\"@type\":\"SearchAction\",\"target\":{\"@type\":\"EntryPoint\",\"urlTemplate\":\"https:\\\/\\\/radiolitoral.com\\\/?s={search_term_string}\"},\"query-input\":{\"@type\":\"PropertyValueSpecification\",\"valueRequired\":true,\"valueName\":\"search_term_string\"}}],\"inLanguage\":\"ca\"},{\"@type\":\"Organization\",\"@id\":\"https:\\\/\\\/radiolitoral.com\\\/#organization\",\"name\":\"Radio Litoral\",\"url\":\"https:\\\/\\\/radiolitoral.com\\\/\",\"logo\":{\"@type\":\"ImageObject\",\"inLanguage\":\"ca\",\"@id\":\"https:\\\/\\\/radiolitoral.com\\\/#\\\/schema\\\/logo\\\/image\\\/\",\"url\":\"https:\\\/\\\/media.radiolitoral.com\\\/wp-content\\\/uploads\\\/2023\\\/02\\\/24143238\\\/CL-V-RadioLitoral696.png\",\"contentUrl\":\"https:\\\/\\\/media.radiolitoral.com\\\/wp-content\\\/uploads\\\/2023\\\/02\\\/24143238\\\/CL-V-RadioLitoral696.png\",\"width\":696,\"height\":696,\"caption\":\"Radio Litoral\"},\"image\":{\"@id\":\"https:\\\/\\\/radiolitoral.com\\\/#\\\/schema\\\/logo\\\/image\\\/\"},\"sameAs\":[\"https:\\\/\\\/www.facebook.com\\\/Laradiolitoral\\\/\"]},{\"@type\":\"Person\",\"@id\":\"https:\\\/\\\/radiolitoral.com\\\/#\\\/schema\\\/person\\\/aaadc9e35663a92bd94a05f5816f296d\",\"name\":\"Redacci\u00f3n\",\"image\":{\"@type\":\"ImageObject\",\"inLanguage\":\"ca\",\"@id\":\"https:\\\/\\\/secure.gravatar.com\\\/avatar\\\/e4e253cf49afb8c76a2aca487577f1ff5c098c82b3cf2b0a85f03f83dcb96c31?s=96&d=mm&r=g\",\"url\":\"https:\\\/\\\/secure.gravatar.com\\\/avatar\\\/e4e253cf49afb8c76a2aca487577f1ff5c098c82b3cf2b0a85f03f83dcb96c31?s=96&d=mm&r=g\",\"contentUrl\":\"https:\\\/\\\/secure.gravatar.com\\\/avatar\\\/e4e253cf49afb8c76a2aca487577f1ff5c098c82b3cf2b0a85f03f83dcb96c31?s=96&d=mm&r=g\",\"caption\":\"Redacci\u00f3n\"},\"url\":\"https:\\\/\\\/radiolitoral.com\\\/ca\\\/author\\\/alba-alborch\\\/\"}]}<\/script>\n<!-- \/ Yoast SEO plugin. -->","yoast_head_json":{"title":"La Marina Alta, protagonista del \u201cBono Viaje 2024\u201d | R\u00e0dio Litoral","description":"Aquesta edici\u00f3 ha comen\u00e7at amb for\u00e7a, mobilitzant m\u00e9s de 3,2 milions d&#039;euros durant el primer mes","robots":{"index":"index","follow":"follow","max-snippet":"max-snippet:-1","max-image-preview":"max-image-preview:large","max-video-preview":"max-video-preview:-1"},"canonical":"https:\/\/radiolitoral.com\/ca\/2024\/06\/resultats-bo-viatge-comunitat-valenciana-2024\/","og_locale":"ca_ES","og_type":"article","og_title":"La Marina Alta, protagonista del \"Bono Viaje 2024\" | R\u00e0dio Litoral","og_description":"Aquesta edici\u00f3 ha comen\u00e7at amb for\u00e7a, mobilitzant m\u00e9s de 3,2 milions d'euros durant el seu primer mes","og_url":"https:\/\/radiolitoral.com\/ca\/2024\/06\/resultats-bo-viatge-comunitat-valenciana-2024\/","og_site_name":"R\u00e0dio Litoral","article_publisher":"https:\/\/www.facebook.com\/Laradiolitoral\/","article_published_time":"2024-06-24T14:50:57+00:00","og_image":[{"width":1440,"height":956,"url":"https:\/\/media.radiolitoral.com\/wp-content\/uploads\/2024\/05\/20104718\/Teulada-entorno-rural-2.-Teulada-Moraira-Turismo.jpg","type":"image\/jpeg"}],"author":"Redacci\u00f3n","twitter_card":"summary_large_image","twitter_misc":{"Escrit per":"Redacci\u00f3n","Temps estimat de lectura":"2 minuts"},"schema":{"@context":"https:\/\/schema.org","@graph":[{"@type":"NewsArticle","@id":"https:\/\/radiolitoral.com\/2024\/06\/resultats-bono-viaje-comunitat-valenciana-2024\/#article","isPartOf":{"@id":"https:\/\/radiolitoral.com\/2024\/06\/resultats-bono-viaje-comunitat-valenciana-2024\/"},"author":{"name":"Redacci\u00f3n","@id":"https:\/\/radiolitoral.com\/#\/schema\/person\/aaadc9e35663a92bd94a05f5816f296d"},"headline":"La Marina Alta, protagonista del \u00abBono Viaje 2024\u00bb","datePublished":"2024-06-24T14:50:57+00:00","mainEntityOfPage":{"@id":"https:\/\/radiolitoral.com\/2024\/06\/resultats-bono-viaje-comunitat-valenciana-2024\/"},"wordCount":302,"commentCount":0,"publisher":{"@id":"https:\/\/radiolitoral.com\/#organization"},"image":{"@id":"https:\/\/radiolitoral.com\/2024\/06\/resultats-bono-viaje-comunitat-valenciana-2024\/#primaryimage"},"thumbnailUrl":"https:\/\/media.radiolitoral.com\/wp-content\/uploads\/2024\/05\/20104718\/Teulada-entorno-rural-2.-Teulada-Moraira-Turismo.jpg","keywords":["bono viaje","comunitat valenciana","Marina Alta","turismo"],"articleSection":["Turismo"],"inLanguage":"ca","potentialAction":[{"@type":"CommentAction","name":"Comment","target":["https:\/\/radiolitoral.com\/2024\/06\/resultats-bono-viaje-comunitat-valenciana-2024\/#respond"]}]},{"@type":["WebPage","ItemPage"],"@id":"https:\/\/radiolitoral.com\/2024\/06\/resultats-bono-viaje-comunitat-valenciana-2024\/","url":"https:\/\/radiolitoral.com\/2024\/06\/resultats-bono-viaje-comunitat-valenciana-2024\/","name":"La Marina Alta, protagonista del \u201cBono Viaje 2024\u201d | R\u00e0dio Litoral","isPartOf":{"@id":"https:\/\/radiolitoral.com\/#website"},"primaryImageOfPage":{"@id":"https:\/\/radiolitoral.com\/2024\/06\/resultats-bono-viaje-comunitat-valenciana-2024\/#primaryimage"},"image":{"@id":"https:\/\/radiolitoral.com\/2024\/06\/resultats-bono-viaje-comunitat-valenciana-2024\/#primaryimage"},"thumbnailUrl":"https:\/\/media.radiolitoral.com\/wp-content\/uploads\/2024\/05\/20104718\/Teulada-entorno-rural-2.-Teulada-Moraira-Turismo.jpg","datePublished":"2024-06-24T14:50:57+00:00","description":"Aquesta edici\u00f3 ha comen\u00e7at amb for\u00e7a, mobilitzant m\u00e9s de 3,2 milions d&#039;euros durant el primer mes","breadcrumb":{"@id":"https:\/\/radiolitoral.com\/2024\/06\/resultats-bono-viaje-comunitat-valenciana-2024\/#breadcrumb"},"inLanguage":"ca","potentialAction":[{"@type":"ReadAction","target":["https:\/\/radiolitoral.com\/2024\/06\/resultats-bono-viaje-comunitat-valenciana-2024\/"]}]},{"@type":"ImageObject","inLanguage":"ca","@id":"https:\/\/radiolitoral.com\/2024\/06\/resultats-bono-viaje-comunitat-valenciana-2024\/#primaryimage","url":"https:\/\/media.radiolitoral.com\/wp-content\/uploads\/2024\/05\/20104718\/Teulada-entorno-rural-2.-Teulada-Moraira-Turismo.jpg","contentUrl":"https:\/\/media.radiolitoral.com\/wp-content\/uploads\/2024\/05\/20104718\/Teulada-entorno-rural-2.-Teulada-Moraira-Turismo.jpg","width":1440,"height":956},{"@type":"BreadcrumbList","@id":"https:\/\/radiolitoral.com\/2024\/06\/resultats-bono-viaje-comunitat-valenciana-2024\/#breadcrumb","itemListElement":[{"@type":"ListItem","position":1,"name":"Portada","item":"https:\/\/radiolitoral.com\/"},{"@type":"ListItem","position":2,"name":"La Marina Alta, protagonista del \u00abBono Viaje 2024\u00bb"}]},{"@type":"WebSite","@id":"https:\/\/radiolitoral.com\/#website","url":"https:\/\/radiolitoral.com\/","name":"R\u00e0dio Litoral","description":"La r\u00e0dio local de la Marina Alta","publisher":{"@id":"https:\/\/radiolitoral.com\/#organization"},"alternateName":"Litoral FM","potentialAction":[{"@type":"SearchAction","target":{"@type":"EntryPoint","urlTemplate":"https:\/\/radiolitoral.com\/?s={search_term_string}"},"query-input":{"@type":"PropertyValueSpecification","valueRequired":true,"valueName":"search_term_string"}}],"inLanguage":"ca"},{"@type":"Organization","@id":"https:\/\/radiolitoral.com\/#organization","name":"R\u00e0dio Litoral","url":"https:\/\/radiolitoral.com\/","logo":{"@type":"ImageObject","inLanguage":"ca","@id":"https:\/\/radiolitoral.com\/#\/schema\/logo\/image\/","url":"https:\/\/media.radiolitoral.com\/wp-content\/uploads\/2023\/02\/24143238\/CL-V-RadioLitoral696.png","contentUrl":"https:\/\/media.radiolitoral.com\/wp-content\/uploads\/2023\/02\/24143238\/CL-V-RadioLitoral696.png","width":696,"height":696,"caption":"Radio Litoral"},"image":{"@id":"https:\/\/radiolitoral.com\/#\/schema\/logo\/image\/"},"sameAs":["https:\/\/www.facebook.com\/Laradiolitoral\/"]},{"@type":"Person","@id":"https:\/\/radiolitoral.com\/#\/schema\/person\/aaadc9e35663a92bd94a05f5816f296d","name":"Redacci\u00f3","image":{"@type":"ImageObject","inLanguage":"ca","@id":"https:\/\/secure.gravatar.com\/avatar\/e4e253cf49afb8c76a2aca487577f1ff5c098c82b3cf2b0a85f03f83dcb96c31?s=96&d=mm&r=g","url":"https:\/\/secure.gravatar.com\/avatar\/e4e253cf49afb8c76a2aca487577f1ff5c098c82b3cf2b0a85f03f83dcb96c31?s=96&d=mm&r=g","contentUrl":"https:\/\/secure.gravatar.com\/avatar\/e4e253cf49afb8c76a2aca487577f1ff5c098c82b3cf2b0a85f03f83dcb96c31?s=96&d=mm&r=g","caption":"Redacci\u00f3n"},"url":"https:\/\/radiolitoral.com\/ca\/author\/alba-alborch\/"}]}},"_links":{"self":[{"href":"https:\/\/radiolitoral.com\/ca\/wp-json\/wp\/v2\/posts\/9599","targetHints":{"allow":["GET"]}}],"collection":[{"href":"https:\/\/radiolitoral.com\/ca\/wp-json\/wp\/v2\/posts"}],"about":[{"href":"https:\/\/radiolitoral.com\/ca\/wp-json\/wp\/v2\/types\/post"}],"author":[{"embeddable":true,"href":"https:\/\/radiolitoral.com\/ca\/wp-json\/wp\/v2\/users\/11"}],"replies":[{"embeddable":true,"href":"https:\/\/radiolitoral.com\/ca\/wp-json\/wp\/v2\/comments?post=9599"}],"version-history":[{"count":1,"href":"https:\/\/radiolitoral.com\/ca\/wp-json\/wp\/v2\/posts\/9599\/revisions"}],"predecessor-version":[{"id":9602,"href":"https:\/\/radiolitoral.com\/ca\/wp-json\/wp\/v2\/posts\/9599\/revisions\/9602"}],"wp:featuredmedia":[{"embeddable":true,"href":"https:\/\/radiolitoral.com\/ca\/wp-json\/wp\/v2\/media\/9027"}],"wp:attachment":[{"href":"https:\/\/radiolitoral.com\/ca\/wp-json\/wp\/v2\/media?parent=9599"}],"wp:term":[{"taxonomy":"category","embeddable":true,"href":"https:\/\/radiolitoral.com\/ca\/wp-json\/wp\/v2\/categories?post=9599"},{"taxonomy":"post_tag","embeddable":true,"href":"https:\/\/radiolitoral.com\/ca\/wp-json\/wp\/v2\/tags?post=9599"}],"curies":[{"name":"wp","href":"https:\/\/api.w.org\/{rel}","templated":true}]}}