{"id":9593,"date":"2024-06-24T12:13:48","date_gmt":"2024-06-24T10:13:48","guid":{"rendered":"https:\/\/radiolitoral.com\/?p=9593"},"modified":"2024-06-24T12:13:48","modified_gmt":"2024-06-24T10:13:48","slug":"marina-galstyan-conquerit-dues-medalles-de-plata-al-nacional-de-gimnastica-ritmica","status":"publish","type":"post","link":"https:\/\/radiolitoral.com\/ca\/2024\/06\/marina-galstyan-conquisto-dos-medallas-de-plata-en-el-nacional-de-gimnasia-ritmica\/","title":{"rendered":"Marina Galstyan va conquistar dues medalles de plata al Nacional de Gimn\u00e0stica R\u00edtmica"},"content":{"rendered":"<p>El <strong>Club Gimn\u00e0stica Calp<\/strong> celebra una vegada m\u00e9s l&#039;\u00e8xit de <strong>Marina Galstyan<\/strong>, qui per segon any consecutiu ha pujat al podi al <strong>Campionat d&#039;Espanya Individual de Gimn\u00e0stica R\u00edtmica<\/strong>. Aquest esdeveniment, que va tenir lloc a la localitat asturiana d&#039;Avil\u00e9s, va veure com Galstyan aportava dos nous \u00e8xits nacionals a l&#039;entitat calpina i al Pa\u00eds Valenci\u00e0.<\/p>\n<p>Diumenge, amb un enlluernador <strong>exercici de c\u00e8rcol<\/strong>, Marina es va proclamar <strong>Subcampiona d&#039;Espanya<\/strong> a la categoria alev\u00ed absolut, quedant a escasses d\u00e8cimes d&#039;assolir la medalla d&#039;or. La seva actuaci\u00f3 no nom\u00e9s va ser destacada per la qualitat t\u00e8cnica, sin\u00f3 tamb\u00e9 per l&#039;expressivitat i el domini en cada moviment.<\/p>\n<p>Dissabte, la jove gimnasta va sumar un altre \u00e8xit en proclamar-se <strong>Subcampiona d&#039;Espanya per Autonomies<\/strong> en categoria alev\u00ed, on la seua actuaci\u00f3 va ser crucial perqu\u00e8 la Comunitat Valenciana acumul\u00e9s el m\u00e0xim de puntuacions, gr\u00e0cies a les seues tres notes excepcionals.<\/p>\n<p>El club i les seves entrenadores, <strong>Xus i Montse Soria<\/strong>, estan enormement orgullosos dels \u00e8xits de Marina, qui ha demostrat una notable evoluci\u00f3 i comprom\u00eds amb la seva disciplina. La seva traject\u00f2ria no \u00e9s nom\u00e9s un reflex del seu talent individual, sin\u00f3 tamb\u00e9 del suport constant i la formaci\u00f3 de qualitat que ofereix el Club Gimn\u00e0stica Calp.<\/p>\n<figure id=\"attachment_9595\" aria-describedby=\"caption-attachment-9595\" style=\"width: 1440px\" class=\"wp-caption alignnone\"><img loading=\"lazy\" decoding=\"async\" class=\"wp-image-9595 size-full\" src=\"https:\/\/media.radiolitoral.com\/wp-content\/uploads\/2024\/06\/01233409\/Xus-y-Montse-con-Marina.jpg\" alt=\"\" width=\"1440\" height=\"983\" srcset=\"https:\/\/media.radiolitoral.com\/wp-content\/uploads\/2024\/06\/01233409\/Xus-y-Montse-con-Marina.jpg 1440w, https:\/\/media.radiolitoral.com\/wp-content\/uploads\/2024\/06\/01233409\/Xus-y-Montse-con-Marina-300x205.jpg 300w, https:\/\/media.radiolitoral.com\/wp-content\/uploads\/2024\/06\/01233409\/Xus-y-Montse-con-Marina-1024x699.jpg 1024w, https:\/\/media.radiolitoral.com\/wp-content\/uploads\/2024\/06\/01233409\/Xus-y-Montse-con-Marina-768x524.jpg 768w, https:\/\/media.radiolitoral.com\/wp-content\/uploads\/2024\/06\/01233409\/Xus-y-Montse-con-Marina-18x12.jpg 18w, https:\/\/media.radiolitoral.com\/wp-content\/uploads\/2024\/06\/01233409\/Xus-y-Montse-con-Marina-1000x683.jpg 1000w, https:\/\/media.radiolitoral.com\/wp-content\/uploads\/2024\/06\/01233409\/Xus-y-Montse-con-Marina-100x68.jpg 100w, https:\/\/media.radiolitoral.com\/wp-content\/uploads\/2024\/06\/01233409\/Xus-y-Montse-con-Marina-200x137.jpg 200w\" sizes=\"auto, (max-width: 1440px) 100vw, 1440px\" \/><figcaption id=\"caption-attachment-9595\" class=\"wp-caption-text\">Xus i Montse amb Marina | CG Calp<\/figcaption><\/figure>\n<p>Aquests resultats al Campionat d\u201fEspanya s\u00f3n un testimoni del nivell d\u201fexcel\u00b7l\u00e8ncia que Marina ha assolit i auguren un futur brillant per a aquesta jove promesa de la gimn\u00e0stica r\u00edtmica espanyola.<\/p>","protected":false},"excerpt":{"rendered":"<p>El Club Gimnasia Calpe celebra una vez m\u00e1s el \u00e9xito de Marina Galstyan, quien por segundo a\u00f1o consecutivo ha subido al podio en el Campeonato de Espa\u00f1a Individual de Gimnasia R\u00edtmica. Este evento, que tuvo lugar en la localidad asturiana de Avil\u00e9s, vio c\u00f3mo Galstyan aportaba dos nuevos \u00e9xitos nacionales a la entidad calpina y [&#8230;]<\/p>\n<p><a class=\"btn btn-secondary understrap-read-more-link\" href=\"https:\/\/radiolitoral.com\/ca\/2024\/06\/marina-galstyan-conquisto-dos-medallas-de-plata-en-el-nacional-de-gimnasia-ritmica\/\">Continua llegint&#8230;<span class=\"screen-reader-text\"> from Marina Galstyan conquist\u00f3 dos medallas de plata en el Nacional de Gimnasia R\u00edtmica<\/span><\/a><\/p>\n","protected":false},"author":12,"featured_media":9594,"comment_status":"open","ping_status":"closed","sticky":false,"template":"","format":"standard","meta":{"_acf_changed":false,"inline_featured_image":false,"footnotes":""},"categories":[5],"tags":[1387,6,1078,1401,1402],"class_list":["post-9593","post","type-post","status-publish","format-standard","has-post-thumbnail","hentry","category-deportes","tag-club-gimnasia-calpe","tag-deportes","tag-marina-galstyan","tag-montse-soria","tag-xus-soria","cobertura-calp"],"acf":[],"yoast_head":"<!-- This site is optimized with the Yoast SEO plugin v27.5 - https:\/\/yoast.com\/product\/yoast-seo-wordpress\/ -->\n<title>Marina Galstyan conquist\u00f3 dos medallas de plata en el Nacional de Gimnasia R\u00edtmica | R\u00e0dio Litoral<\/title>\n<meta name=\"description\" content=\"La componente del Club Gimnasia Calpe repiti\u00f3 el \u00e9xito del pasado a\u00f1o subiendo al podio, qued\u00e1ndose a escasas d\u00e9cimas de la medalla de oroLa componente del Club Gimnasia Calpe repiti\u00f3 el \u00e9xito del pasado a\u00f1o subiendo al podio, qued\u00e1ndose a escasas d\u00e9cimas de la medalla de oro\" \/>\n<meta name=\"robots\" content=\"index, follow, max-snippet:-1, max-image-preview:large, max-video-preview:-1\" \/>\n<link rel=\"canonical\" href=\"https:\/\/radiolitoral.com\/ca\/2024\/06\/marina-galstyan-conquerit-dues-medalles-de-plata-al-nacional-de-gimnastica-ritmica\/\" \/>\n<meta property=\"og:locale\" content=\"ca_ES\" \/>\n<meta property=\"og:type\" content=\"article\" \/>\n<meta property=\"og:title\" content=\"Marina Galstyan conquist\u00f3 dos medallas de plata en el Nacional de Gimnasia R\u00edtmica | R\u00e0dio Litoral\" \/>\n<meta property=\"og:description\" content=\"La componente del Club Gimnasia Calpe repiti\u00f3 el \u00e9xito del pasado a\u00f1o subiendo al podio, qued\u00e1ndose a escasas d\u00e9cimas de la medalla de oroLa componente del Club Gimnasia Calpe repiti\u00f3 el \u00e9xito del pasado a\u00f1o subiendo al podio, qued\u00e1ndose a escasas d\u00e9cimas de la medalla de oro\" \/>\n<meta property=\"og:url\" content=\"https:\/\/radiolitoral.com\/ca\/2024\/06\/marina-galstyan-conquerit-dues-medalles-de-plata-al-nacional-de-gimnastica-ritmica\/\" \/>\n<meta property=\"og:site_name\" content=\"R\u00e0dio Litoral\" \/>\n<meta property=\"article:publisher\" content=\"https:\/\/www.facebook.com\/Laradiolitoral\/\" \/>\n<meta property=\"article:published_time\" content=\"2024-06-24T10:13:48+00:00\" \/>\n<meta property=\"og:image\" content=\"https:\/\/radiolitoral.com\/wp-content\/uploads\/2024\/06\/Marina-Galstyan-con-una-de-sus-medallas.jpg\" \/>\n\t<meta property=\"og:image:width\" content=\"1440\" \/>\n\t<meta property=\"og:image:height\" content=\"1023\" \/>\n\t<meta property=\"og:image:type\" content=\"image\/jpeg\" \/>\n<meta name=\"author\" content=\"Javier Zamora\" \/>\n<meta name=\"twitter:card\" content=\"summary_large_image\" \/>\n<meta name=\"twitter:label1\" content=\"Escrit per\" \/>\n\t<meta name=\"twitter:data1\" content=\"Javier Zamora\" \/>\n\t<meta name=\"twitter:label2\" content=\"Temps estimat de lectura\" \/>\n\t<meta name=\"twitter:data2\" content=\"2 minuts\" \/>\n<script type=\"application\/ld+json\" class=\"yoast-schema-graph\">{\"@context\":\"https:\\\/\\\/schema.org\",\"@graph\":[{\"@type\":\"NewsArticle\",\"@id\":\"https:\\\/\\\/radiolitoral.com\\\/2024\\\/06\\\/marina-galstyan-conquisto-dos-medallas-de-plata-en-el-nacional-de-gimnasia-ritmica\\\/#article\",\"isPartOf\":{\"@id\":\"https:\\\/\\\/radiolitoral.com\\\/2024\\\/06\\\/marina-galstyan-conquisto-dos-medallas-de-plata-en-el-nacional-de-gimnasia-ritmica\\\/\"},\"author\":{\"name\":\"Javier Zamora\",\"@id\":\"https:\\\/\\\/radiolitoral.com\\\/#\\\/schema\\\/person\\\/7b1480b5caeb5acdd4ec6379caf62b22\"},\"headline\":\"Marina Galstyan conquist\u00f3 dos medallas de plata en el Nacional de Gimnasia R\u00edtmica\",\"datePublished\":\"2024-06-24T10:13:48+00:00\",\"mainEntityOfPage\":{\"@id\":\"https:\\\/\\\/radiolitoral.com\\\/2024\\\/06\\\/marina-galstyan-conquisto-dos-medallas-de-plata-en-el-nacional-de-gimnasia-ritmica\\\/\"},\"wordCount\":289,\"commentCount\":0,\"publisher\":{\"@id\":\"https:\\\/\\\/radiolitoral.com\\\/#organization\"},\"image\":{\"@id\":\"https:\\\/\\\/radiolitoral.com\\\/2024\\\/06\\\/marina-galstyan-conquisto-dos-medallas-de-plata-en-el-nacional-de-gimnasia-ritmica\\\/#primaryimage\"},\"thumbnailUrl\":\"https:\\\/\\\/media.radiolitoral.com\\\/wp-content\\\/uploads\\\/2024\\\/06\\\/01233412\\\/Marina-Galstyan-con-una-de-sus-medallas.jpg\",\"keywords\":[\"Club Gimnasia Calpe\",\"deportes\",\"Marina Galstyan\",\"Montse Soria\",\"Xus Soria\"],\"articleSection\":[\"Deportes\"],\"inLanguage\":\"ca\",\"potentialAction\":[{\"@type\":\"CommentAction\",\"name\":\"Comment\",\"target\":[\"https:\\\/\\\/radiolitoral.com\\\/2024\\\/06\\\/marina-galstyan-conquisto-dos-medallas-de-plata-en-el-nacional-de-gimnasia-ritmica\\\/#respond\"]}]},{\"@type\":[\"WebPage\",\"ItemPage\"],\"@id\":\"https:\\\/\\\/radiolitoral.com\\\/2024\\\/06\\\/marina-galstyan-conquisto-dos-medallas-de-plata-en-el-nacional-de-gimnasia-ritmica\\\/\",\"url\":\"https:\\\/\\\/radiolitoral.com\\\/2024\\\/06\\\/marina-galstyan-conquisto-dos-medallas-de-plata-en-el-nacional-de-gimnasia-ritmica\\\/\",\"name\":\"Marina Galstyan conquist\u00f3 dos medallas de plata en el Nacional de Gimnasia R\u00edtmica | R\u00e0dio Litoral\",\"isPartOf\":{\"@id\":\"https:\\\/\\\/radiolitoral.com\\\/#website\"},\"primaryImageOfPage\":{\"@id\":\"https:\\\/\\\/radiolitoral.com\\\/2024\\\/06\\\/marina-galstyan-conquisto-dos-medallas-de-plata-en-el-nacional-de-gimnasia-ritmica\\\/#primaryimage\"},\"image\":{\"@id\":\"https:\\\/\\\/radiolitoral.com\\\/2024\\\/06\\\/marina-galstyan-conquisto-dos-medallas-de-plata-en-el-nacional-de-gimnasia-ritmica\\\/#primaryimage\"},\"thumbnailUrl\":\"https:\\\/\\\/media.radiolitoral.com\\\/wp-content\\\/uploads\\\/2024\\\/06\\\/01233412\\\/Marina-Galstyan-con-una-de-sus-medallas.jpg\",\"datePublished\":\"2024-06-24T10:13:48+00:00\",\"description\":\"La componente del Club Gimnasia Calpe repiti\u00f3 el \u00e9xito del pasado a\u00f1o subiendo al podio, qued\u00e1ndose a escasas d\u00e9cimas de la medalla de oroLa componente del Club Gimnasia Calpe repiti\u00f3 el \u00e9xito del pasado a\u00f1o subiendo al podio, qued\u00e1ndose a escasas d\u00e9cimas de la medalla de oro\",\"breadcrumb\":{\"@id\":\"https:\\\/\\\/radiolitoral.com\\\/2024\\\/06\\\/marina-galstyan-conquisto-dos-medallas-de-plata-en-el-nacional-de-gimnasia-ritmica\\\/#breadcrumb\"},\"inLanguage\":\"ca\",\"potentialAction\":[{\"@type\":\"ReadAction\",\"target\":[\"https:\\\/\\\/radiolitoral.com\\\/2024\\\/06\\\/marina-galstyan-conquisto-dos-medallas-de-plata-en-el-nacional-de-gimnasia-ritmica\\\/\"]}]},{\"@type\":\"ImageObject\",\"inLanguage\":\"ca\",\"@id\":\"https:\\\/\\\/radiolitoral.com\\\/2024\\\/06\\\/marina-galstyan-conquisto-dos-medallas-de-plata-en-el-nacional-de-gimnasia-ritmica\\\/#primaryimage\",\"url\":\"https:\\\/\\\/media.radiolitoral.com\\\/wp-content\\\/uploads\\\/2024\\\/06\\\/01233412\\\/Marina-Galstyan-con-una-de-sus-medallas.jpg\",\"contentUrl\":\"https:\\\/\\\/media.radiolitoral.com\\\/wp-content\\\/uploads\\\/2024\\\/06\\\/01233412\\\/Marina-Galstyan-con-una-de-sus-medallas.jpg\",\"width\":1440,\"height\":1023},{\"@type\":\"BreadcrumbList\",\"@id\":\"https:\\\/\\\/radiolitoral.com\\\/2024\\\/06\\\/marina-galstyan-conquisto-dos-medallas-de-plata-en-el-nacional-de-gimnasia-ritmica\\\/#breadcrumb\",\"itemListElement\":[{\"@type\":\"ListItem\",\"position\":1,\"name\":\"Portada\",\"item\":\"https:\\\/\\\/radiolitoral.com\\\/\"},{\"@type\":\"ListItem\",\"position\":2,\"name\":\"Marina Galstyan conquist\u00f3 dos medallas de plata en el Nacional de Gimnasia R\u00edtmica\"}]},{\"@type\":\"WebSite\",\"@id\":\"https:\\\/\\\/radiolitoral.com\\\/#website\",\"url\":\"https:\\\/\\\/radiolitoral.com\\\/\",\"name\":\"Radio Litoral\",\"description\":\"La radio local de la Marina Alta\",\"publisher\":{\"@id\":\"https:\\\/\\\/radiolitoral.com\\\/#organization\"},\"alternateName\":\"Litoral FM\",\"potentialAction\":[{\"@type\":\"SearchAction\",\"target\":{\"@type\":\"EntryPoint\",\"urlTemplate\":\"https:\\\/\\\/radiolitoral.com\\\/?s={search_term_string}\"},\"query-input\":{\"@type\":\"PropertyValueSpecification\",\"valueRequired\":true,\"valueName\":\"search_term_string\"}}],\"inLanguage\":\"ca\"},{\"@type\":\"Organization\",\"@id\":\"https:\\\/\\\/radiolitoral.com\\\/#organization\",\"name\":\"Radio Litoral\",\"url\":\"https:\\\/\\\/radiolitoral.com\\\/\",\"logo\":{\"@type\":\"ImageObject\",\"inLanguage\":\"ca\",\"@id\":\"https:\\\/\\\/radiolitoral.com\\\/#\\\/schema\\\/logo\\\/image\\\/\",\"url\":\"https:\\\/\\\/media.radiolitoral.com\\\/wp-content\\\/uploads\\\/2023\\\/02\\\/24143238\\\/CL-V-RadioLitoral696.png\",\"contentUrl\":\"https:\\\/\\\/media.radiolitoral.com\\\/wp-content\\\/uploads\\\/2023\\\/02\\\/24143238\\\/CL-V-RadioLitoral696.png\",\"width\":696,\"height\":696,\"caption\":\"Radio Litoral\"},\"image\":{\"@id\":\"https:\\\/\\\/radiolitoral.com\\\/#\\\/schema\\\/logo\\\/image\\\/\"},\"sameAs\":[\"https:\\\/\\\/www.facebook.com\\\/Laradiolitoral\\\/\"]},{\"@type\":\"Person\",\"@id\":\"https:\\\/\\\/radiolitoral.com\\\/#\\\/schema\\\/person\\\/7b1480b5caeb5acdd4ec6379caf62b22\",\"name\":\"Javier Zamora\",\"image\":{\"@type\":\"ImageObject\",\"inLanguage\":\"ca\",\"@id\":\"https:\\\/\\\/secure.gravatar.com\\\/avatar\\\/467a11f6918c7d619c4043fc6fa2d3853053107973f05b6e9c04ea6c4e3a7b3f?s=96&d=mm&r=g\",\"url\":\"https:\\\/\\\/secure.gravatar.com\\\/avatar\\\/467a11f6918c7d619c4043fc6fa2d3853053107973f05b6e9c04ea6c4e3a7b3f?s=96&d=mm&r=g\",\"contentUrl\":\"https:\\\/\\\/secure.gravatar.com\\\/avatar\\\/467a11f6918c7d619c4043fc6fa2d3853053107973f05b6e9c04ea6c4e3a7b3f?s=96&d=mm&r=g\",\"caption\":\"Javier Zamora\"},\"url\":\"https:\\\/\\\/radiolitoral.com\\\/ca\\\/author\\\/javier-zamora\\\/\"}]}<\/script>\n<!-- \/ Yoast SEO plugin. -->","yoast_head_json":{"title":"Marina Galstyan va conquistar dues medalles de plata al Nacional de Gimn\u00e0stica R\u00edtmica | R\u00e0dio Litoral","description":"La component del Club Gimn\u00e0stica Calp va repetir l&#039;\u00e8xit de l&#039;any passat pujant al podi, quedant-se a escasses d\u00e8cimes de la medalla d&#039;or","robots":{"index":"index","follow":"follow","max-snippet":"max-snippet:-1","max-image-preview":"max-image-preview:large","max-video-preview":"max-video-preview:-1"},"canonical":"https:\/\/radiolitoral.com\/ca\/2024\/06\/marina-galstyan-conquerit-dues-medalles-de-plata-al-nacional-de-gimnastica-ritmica\/","og_locale":"ca_ES","og_type":"article","og_title":"Marina Galstyan conquist\u00f3 dos medallas de plata en el Nacional de Gimnasia R\u00edtmica | R\u00e0dio Litoral","og_description":"La componente del Club Gimnasia Calpe repiti\u00f3 el \u00e9xito del pasado a\u00f1o subiendo al podio, qued\u00e1ndose a escasas d\u00e9cimas de la medalla de oroLa componente del Club Gimnasia Calpe repiti\u00f3 el \u00e9xito del pasado a\u00f1o subiendo al podio, qued\u00e1ndose a escasas d\u00e9cimas de la medalla de oro","og_url":"https:\/\/radiolitoral.com\/ca\/2024\/06\/marina-galstyan-conquerit-dues-medalles-de-plata-al-nacional-de-gimnastica-ritmica\/","og_site_name":"R\u00e0dio Litoral","article_publisher":"https:\/\/www.facebook.com\/Laradiolitoral\/","article_published_time":"2024-06-24T10:13:48+00:00","og_image":[{"width":1440,"height":1023,"url":"https:\/\/radiolitoral.com\/wp-content\/uploads\/2024\/06\/Marina-Galstyan-con-una-de-sus-medallas.jpg","type":"image\/jpeg"}],"author":"Javier Zamora","twitter_card":"summary_large_image","twitter_misc":{"Escrit per":"Javier Zamora","Temps estimat de lectura":"2 minuts"},"schema":{"@context":"https:\/\/schema.org","@graph":[{"@type":"NewsArticle","@id":"https:\/\/radiolitoral.com\/2024\/06\/marina-galstyan-conquisto-dos-medallas-de-plata-en-el-nacional-de-gimnasia-ritmica\/#article","isPartOf":{"@id":"https:\/\/radiolitoral.com\/2024\/06\/marina-galstyan-conquisto-dos-medallas-de-plata-en-el-nacional-de-gimnasia-ritmica\/"},"author":{"name":"Javier Zamora","@id":"https:\/\/radiolitoral.com\/#\/schema\/person\/7b1480b5caeb5acdd4ec6379caf62b22"},"headline":"Marina Galstyan conquist\u00f3 dos medallas de plata en el Nacional de Gimnasia R\u00edtmica","datePublished":"2024-06-24T10:13:48+00:00","mainEntityOfPage":{"@id":"https:\/\/radiolitoral.com\/2024\/06\/marina-galstyan-conquisto-dos-medallas-de-plata-en-el-nacional-de-gimnasia-ritmica\/"},"wordCount":289,"commentCount":0,"publisher":{"@id":"https:\/\/radiolitoral.com\/#organization"},"image":{"@id":"https:\/\/radiolitoral.com\/2024\/06\/marina-galstyan-conquisto-dos-medallas-de-plata-en-el-nacional-de-gimnasia-ritmica\/#primaryimage"},"thumbnailUrl":"https:\/\/media.radiolitoral.com\/wp-content\/uploads\/2024\/06\/01233412\/Marina-Galstyan-con-una-de-sus-medallas.jpg","keywords":["Club Gimnasia Calpe","deportes","Marina Galstyan","Montse Soria","Xus Soria"],"articleSection":["Deportes"],"inLanguage":"ca","potentialAction":[{"@type":"CommentAction","name":"Comment","target":["https:\/\/radiolitoral.com\/2024\/06\/marina-galstyan-conquisto-dos-medallas-de-plata-en-el-nacional-de-gimnasia-ritmica\/#respond"]}]},{"@type":["WebPage","ItemPage"],"@id":"https:\/\/radiolitoral.com\/2024\/06\/marina-galstyan-conquisto-dos-medallas-de-plata-en-el-nacional-de-gimnasia-ritmica\/","url":"https:\/\/radiolitoral.com\/2024\/06\/marina-galstyan-conquisto-dos-medallas-de-plata-en-el-nacional-de-gimnasia-ritmica\/","name":"Marina Galstyan va conquistar dues medalles de plata al Nacional de Gimn\u00e0stica R\u00edtmica | R\u00e0dio Litoral","isPartOf":{"@id":"https:\/\/radiolitoral.com\/#website"},"primaryImageOfPage":{"@id":"https:\/\/radiolitoral.com\/2024\/06\/marina-galstyan-conquisto-dos-medallas-de-plata-en-el-nacional-de-gimnasia-ritmica\/#primaryimage"},"image":{"@id":"https:\/\/radiolitoral.com\/2024\/06\/marina-galstyan-conquisto-dos-medallas-de-plata-en-el-nacional-de-gimnasia-ritmica\/#primaryimage"},"thumbnailUrl":"https:\/\/media.radiolitoral.com\/wp-content\/uploads\/2024\/06\/01233412\/Marina-Galstyan-con-una-de-sus-medallas.jpg","datePublished":"2024-06-24T10:13:48+00:00","description":"La component del Club Gimn\u00e0stica Calp va repetir l&#039;\u00e8xit de l&#039;any passat pujant al podi, quedant-se a escasses d\u00e8cimes de la medalla d&#039;or","breadcrumb":{"@id":"https:\/\/radiolitoral.com\/2024\/06\/marina-galstyan-conquisto-dos-medallas-de-plata-en-el-nacional-de-gimnasia-ritmica\/#breadcrumb"},"inLanguage":"ca","potentialAction":[{"@type":"ReadAction","target":["https:\/\/radiolitoral.com\/2024\/06\/marina-galstyan-conquisto-dos-medallas-de-plata-en-el-nacional-de-gimnasia-ritmica\/"]}]},{"@type":"ImageObject","inLanguage":"ca","@id":"https:\/\/radiolitoral.com\/2024\/06\/marina-galstyan-conquisto-dos-medallas-de-plata-en-el-nacional-de-gimnasia-ritmica\/#primaryimage","url":"https:\/\/media.radiolitoral.com\/wp-content\/uploads\/2024\/06\/01233412\/Marina-Galstyan-con-una-de-sus-medallas.jpg","contentUrl":"https:\/\/media.radiolitoral.com\/wp-content\/uploads\/2024\/06\/01233412\/Marina-Galstyan-con-una-de-sus-medallas.jpg","width":1440,"height":1023},{"@type":"BreadcrumbList","@id":"https:\/\/radiolitoral.com\/2024\/06\/marina-galstyan-conquisto-dos-medallas-de-plata-en-el-nacional-de-gimnasia-ritmica\/#breadcrumb","itemListElement":[{"@type":"ListItem","position":1,"name":"Portada","item":"https:\/\/radiolitoral.com\/"},{"@type":"ListItem","position":2,"name":"Marina Galstyan conquist\u00f3 dos medallas de plata en el Nacional de Gimnasia R\u00edtmica"}]},{"@type":"WebSite","@id":"https:\/\/radiolitoral.com\/#website","url":"https:\/\/radiolitoral.com\/","name":"R\u00e0dio Litoral","description":"La r\u00e0dio local de la Marina Alta","publisher":{"@id":"https:\/\/radiolitoral.com\/#organization"},"alternateName":"Litoral FM","potentialAction":[{"@type":"SearchAction","target":{"@type":"EntryPoint","urlTemplate":"https:\/\/radiolitoral.com\/?s={search_term_string}"},"query-input":{"@type":"PropertyValueSpecification","valueRequired":true,"valueName":"search_term_string"}}],"inLanguage":"ca"},{"@type":"Organization","@id":"https:\/\/radiolitoral.com\/#organization","name":"R\u00e0dio Litoral","url":"https:\/\/radiolitoral.com\/","logo":{"@type":"ImageObject","inLanguage":"ca","@id":"https:\/\/radiolitoral.com\/#\/schema\/logo\/image\/","url":"https:\/\/media.radiolitoral.com\/wp-content\/uploads\/2023\/02\/24143238\/CL-V-RadioLitoral696.png","contentUrl":"https:\/\/media.radiolitoral.com\/wp-content\/uploads\/2023\/02\/24143238\/CL-V-RadioLitoral696.png","width":696,"height":696,"caption":"Radio Litoral"},"image":{"@id":"https:\/\/radiolitoral.com\/#\/schema\/logo\/image\/"},"sameAs":["https:\/\/www.facebook.com\/Laradiolitoral\/"]},{"@type":"Person","@id":"https:\/\/radiolitoral.com\/#\/schema\/person\/7b1480b5caeb5acdd4ec6379caf62b22","name":"Javier Zamora","image":{"@type":"ImageObject","inLanguage":"ca","@id":"https:\/\/secure.gravatar.com\/avatar\/467a11f6918c7d619c4043fc6fa2d3853053107973f05b6e9c04ea6c4e3a7b3f?s=96&d=mm&r=g","url":"https:\/\/secure.gravatar.com\/avatar\/467a11f6918c7d619c4043fc6fa2d3853053107973f05b6e9c04ea6c4e3a7b3f?s=96&d=mm&r=g","contentUrl":"https:\/\/secure.gravatar.com\/avatar\/467a11f6918c7d619c4043fc6fa2d3853053107973f05b6e9c04ea6c4e3a7b3f?s=96&d=mm&r=g","caption":"Javier Zamora"},"url":"https:\/\/radiolitoral.com\/ca\/author\/javier-zamora\/"}]}},"_links":{"self":[{"href":"https:\/\/radiolitoral.com\/ca\/wp-json\/wp\/v2\/posts\/9593","targetHints":{"allow":["GET"]}}],"collection":[{"href":"https:\/\/radiolitoral.com\/ca\/wp-json\/wp\/v2\/posts"}],"about":[{"href":"https:\/\/radiolitoral.com\/ca\/wp-json\/wp\/v2\/types\/post"}],"author":[{"embeddable":true,"href":"https:\/\/radiolitoral.com\/ca\/wp-json\/wp\/v2\/users\/12"}],"replies":[{"embeddable":true,"href":"https:\/\/radiolitoral.com\/ca\/wp-json\/wp\/v2\/comments?post=9593"}],"version-history":[{"count":2,"href":"https:\/\/radiolitoral.com\/ca\/wp-json\/wp\/v2\/posts\/9593\/revisions"}],"predecessor-version":[{"id":9597,"href":"https:\/\/radiolitoral.com\/ca\/wp-json\/wp\/v2\/posts\/9593\/revisions\/9597"}],"wp:featuredmedia":[{"embeddable":true,"href":"https:\/\/radiolitoral.com\/ca\/wp-json\/wp\/v2\/media\/9594"}],"wp:attachment":[{"href":"https:\/\/radiolitoral.com\/ca\/wp-json\/wp\/v2\/media?parent=9593"}],"wp:term":[{"taxonomy":"category","embeddable":true,"href":"https:\/\/radiolitoral.com\/ca\/wp-json\/wp\/v2\/categories?post=9593"},{"taxonomy":"post_tag","embeddable":true,"href":"https:\/\/radiolitoral.com\/ca\/wp-json\/wp\/v2\/tags?post=9593"}],"curies":[{"name":"wp","href":"https:\/\/api.w.org\/{rel}","templated":true}]}}