{"id":9555,"date":"2024-06-21T14:21:38","date_gmt":"2024-06-21T12:21:38","guid":{"rendered":"https:\/\/radiolitoral.com\/?p=9555"},"modified":"2024-06-21T14:21:38","modified_gmt":"2024-06-21T12:21:38","slug":"que-implica-que-el-departament-de-salut-de-denia-segueixi-de-dificil-cobertura","status":"publish","type":"post","link":"https:\/\/radiolitoral.com\/ca\/2024\/06\/que-implica-que-el-departament-de-salut-de-denia-siga-de-dificil-cobertura\/","title":{"rendered":"Qu\u00e8 implica que el Departament de Salut de D\u00e9nia segueixi de dif\u00edcil cobertura?"},"content":{"rendered":"<p>El<strong> Departament de Salut de D\u00e9nia ha estat declarat de dif\u00edcil cobertura<\/strong>, una mesura que estableix <strong>incentius per als professionals sanitaris<\/strong> que prestin servei en aquestes \u00e0rees.<\/p>\n<p>Aquesta iniciativa era una demanda dels <strong>sindicats<\/strong> sanitaris des de feia diversos mesos, especialment des que la Conselleria de Sanitat va assumir la gesti\u00f3 directa del departament.<\/p>\n<p>El <strong>conseller de Sanitat, <span class=\"hiddenSpellError\">Marci\u00e0<\/span> G\u00f3mez<\/strong>, anunci\u00e0 la declaraci\u00f3 de dif\u00edcil cobertura de l&#039;Hospital d&#039;Ontinyent i del departament de salut de D\u00e9nia, \u00abamb la finalitat de garantir la qualitat, l&#039;efici\u00e8ncia i l&#039;equitat a l&#039;assist\u00e8ncia sanit\u00e0ria dels dos departaments de salut \u00bb.<\/p>\n<p>Aquestes declaracions es van realitzar despr\u00e9s que la Mesa Sectorial de Sanitat fos informada de la decisi\u00f3, adoptada per la Conselleria despr\u00e9s de valorar en profunditat els informes de situaci\u00f3 de plantilla en cada cas concret.<\/p>\n<h3>Departament de Salut de D\u00e9nia<\/h3>\n<p>En el cas del Departament de Salut de D\u00e9nia, l&#039;informe que recull les conclusions de l<strong>&#039;an\u00e0lisi de situaci\u00f3 indica que a l&#039;Hospital de D\u00e9nia<\/strong> conflueixen circumst\u00e0ncies com \u00abel seu origen concessional amb un elevat nom de serveis externalitzats, el seu recent pas a gesti\u00f3 directa per part de la Conselleria de Sanitat, la seva ubicaci\u00f3 geogr\u00e0fica i l&#039;abs\u00e8ncia d&#039;inscrits en bols de treball, que el posicionin en una situaci\u00f3 extraordin\u00e0ria que posa en risc la cartera de serveis assignada i la correcta assist\u00e8ncia hospital\u00e0ria a la poblaci\u00f3 assignada o de pas per D\u00e9nia\u00bb.<\/p>\n<p>La Secret\u00e0ria Auton\u00f2mica de Planificaci\u00f3 ha informat de la <strong>conveni\u00e8ncia de declarar les places de l&#039;Hospital de D\u00e9nia de dif\u00edcil cobertura amb l&#039;objectiu de fer m\u00e9s atractius els llocs de treball<\/strong> i aix\u00ed captar i retindre professionals en aquest departament, tenint en compte \u00abel percentatge de llocs no coberts a Atenci\u00f3 Hospital\u00e0ria ia Atenci\u00f3 Prim\u00e0ria, aix\u00ed com la r\u00e0tio poblacional per metge de fam\u00edlia i pediatre segons els llocs ocupats, i havent esgotat tots els procediments de selecci\u00f3 i provisi\u00f3 previstos a la normativa aplicable\u00bb.<\/p>\n<h3>Decret llei de mesures extraordin\u00e0ries<\/h3>\n<p>El conseller de Sanitat va explicar que la declaraci\u00f3 de dif\u00edcil cobertura es realitza en funci\u00f3 de qu\u00e8 disposa el <strong>decret llei de mesures <span class=\"hiddenSuggestion\">extraordin\u00e0ries<\/span>, aprovat pel ple del Consell al febrer<\/strong>, \u00abla finalitat del qual \u00e9s garantir l&#039;assist\u00e8ncia sanit\u00e0ria de qualitat en <strong>igualtat de condicions<\/strong> per a tots els ciutadans de la Comunitat Valenciana, sense cap difer\u00e8ncia entre zones geogr\u00e0fiques\u00bb.<\/p>\n<p>Aquest decret est\u00e0 destinat a garantir el dret a la protecci\u00f3 integral de la salut, davant de les creixents dificultats per cobrir llocs en certes especialitats sanit\u00e0ries en alguns departaments de salut, especialment en zones geogr\u00e0ficament allunyades de grans nuclis urbans.<\/p>\n<p>El decret llei pret\u00e9n donar soluci\u00f3 a un dels principals reptes de l&#039;atenci\u00f3 sanit\u00e0ria valenciana, com \u00e9s l&#039;escassetat de professionals. Per aix\u00f2, en mat\u00e8ria d&#039;ocupaci\u00f3 p\u00fablica, les places vacants en aquestes zones geogr\u00e0fiques es declaren com a places de dif\u00edcil cobertura i s&#039;estableixen mesures per a promoure&#039;n la provisi\u00f3.<\/p>\n<h3>Mesures<\/h3>\n<p>Entre aquestes mesures, el nou decret llei faculta la Conselleria de Sanitat per aplicar, de manera extraordin\u00e0ria i temporal, el concurs com a sistema excepcional de selecci\u00f3 per a aquests llocs. Aquesta mesura facilitar\u00e0 la incorporaci\u00f3 urgent, estable i permanent de personal als llocs de dif\u00edcil cobertura.<\/p>\n<p>Per a aix\u00f2, s&#039;estableixen garanties d&#039;estabilitat i perman\u00e8ncia en el lloc de dif\u00edcil cobertura adjudicat, perqu\u00e8 el personal seleccionat per concurs s&#039;incorpori i romangui diversos anys en l&#039;acompliment efectiu del lloc, amb l&#039;obligaci\u00f3 de romandre al menys tres anys en aquests llocs.<\/p>\n<p>Aix\u00ed mateix, es preveuen diverses<strong> mesures incentivadors per als professionals sanitaris<\/strong> que prestin servei als llocs declarats de dif\u00edcil cobertura. Entre els incentius, s&#039;inclou una<strong> millor puntuaci\u00f3 als barems pels serveis prestats en aquests llocs.<\/strong> En aquest sentit, per a futurs concursos, s&#039;incrementa la puntuaci\u00f3 per serveis prestats en zones de dif\u00edcil cobertura al triple, respecte d&#039;una zona no catalogada com a tal.<\/p>\n<p>Altres mesures incentivadors inclouen el<strong> foment de la progressi\u00f3 del grau professional<\/strong> per a les persones que ocupin places de dif\u00edcil cobertura. Per cada tres mesos ocupant un lloc de dif\u00edcil cobertura, es reduir\u00e0 un mes el temps necessari per progressar de grau.<\/p>\n<p>A m\u00e9s, els serveis prestats en places de dif\u00edcil cobertura seran <strong>justificaci\u00f3 suficient per autoritzar la prolongaci\u00f3 en el servei actiu del personal<\/strong> que aconsegueixi ledat legal de jubilaci\u00f3 i manifesti el seu desig de continuar en actiu.<\/p>\n<p>Altres mesures de car\u00e0cter retributiu contemplin la possibilitat de recon\u00e8ixer un component del <strong>complement espec\u00edfic, de manera excepcional i subjecta a avaluaci\u00f3 peri\u00f2dica.<\/strong><\/p>","protected":false},"excerpt":{"rendered":"<p>El Departament de Salut de D\u00e9nia ha sigut declarat de dif\u00edcil cobertura, una mesura que establix incentius per als professionals sanitaris que presten servici en estes \u00e0rees. Esta iniciativa era una demanda dels sindicats sanitaris des de feia diversos mesos, especialment des que la Conselleria de Sanitat va assumir la gesti\u00f3 directa del departament. El [&#8230;]<\/p>\n<p><a class=\"btn btn-secondary understrap-read-more-link\" href=\"https:\/\/radiolitoral.com\/ca\/2024\/06\/que-implica-que-el-departament-de-salut-de-denia-siga-de-dificil-cobertura\/\">Continua llegint&#8230;<span class=\"screen-reader-text\"> from Qu\u00e8 implica que el Departament de Salut de D\u00e9nia siga de dif\u00edcil cobertura?<\/span><\/a><\/p>\n","protected":false},"author":13,"featured_media":6863,"comment_status":"open","ping_status":"closed","sticky":false,"template":"","format":"standard","meta":{"_acf_changed":false,"inline_featured_image":false,"footnotes":""},"categories":[380],"tags":[1556,490,314,65],"class_list":["post-9555","post","type-post","status-publish","format-standard","has-post-thumbnail","hentry","category-sanidad","tag-departamento-de-salud-de-denia","tag-hospital-denia","tag-marina-alta","tag-sanidad","cobertura-marina-alta"],"acf":[],"yoast_head":"<!-- This site is optimized with the Yoast SEO plugin v27.5 - https:\/\/yoast.com\/product\/yoast-seo-wordpress\/ -->\n<title>Qu\u00e8 implica que el Departament de Salut de D\u00e9nia siga de dif\u00edcil cobertura? | R\u00e0dio Litoral<\/title>\n<meta name=\"description\" content=\"Esta mesura establix una s\u00e8rie d&#039;incentius per als professionals sanitaris Esta mesura establix una s\u00e8rie d&#039;incentius per als professionals sanitaris\" \/>\n<meta name=\"robots\" content=\"index, follow, max-snippet:-1, max-image-preview:large, max-video-preview:-1\" \/>\n<link rel=\"canonical\" href=\"https:\/\/radiolitoral.com\/ca\/2024\/06\/que-implica-que-el-departament-de-salut-de-denia-segueixi-de-dificil-cobertura\/\" \/>\n<meta property=\"og:locale\" content=\"ca_ES\" \/>\n<meta property=\"og:type\" content=\"article\" \/>\n<meta property=\"og:title\" content=\"Qu\u00e8 implica que el Departament de Salut de D\u00e9nia siga de dif\u00edcil cobertura? | R\u00e0dio Litoral\" \/>\n<meta property=\"og:description\" content=\"Esta mesura establix una s\u00e8rie d&#039;incentius per als professionals sanitaris Esta mesura establix una s\u00e8rie d&#039;incentius per als professionals sanitaris\" \/>\n<meta property=\"og:url\" content=\"https:\/\/radiolitoral.com\/ca\/2024\/06\/que-implica-que-el-departament-de-salut-de-denia-segueixi-de-dificil-cobertura\/\" \/>\n<meta property=\"og:site_name\" content=\"R\u00e0dio Litoral\" \/>\n<meta property=\"article:publisher\" content=\"https:\/\/www.facebook.com\/Laradiolitoral\/\" \/>\n<meta property=\"article:published_time\" content=\"2024-06-21T12:21:38+00:00\" \/>\n<meta property=\"og:image\" content=\"https:\/\/media.radiolitoral.com\/wp-content\/uploads\/2024\/02\/16120645\/Hospital-Denia.-Reversion.-Tino-scaled.jpg\" \/>\n\t<meta property=\"og:image:width\" content=\"2560\" \/>\n\t<meta property=\"og:image:height\" content=\"1707\" \/>\n\t<meta property=\"og:image:type\" content=\"image\/jpeg\" \/>\n<meta name=\"author\" content=\"Redacci\u00f3n\" \/>\n<meta name=\"twitter:card\" content=\"summary_large_image\" \/>\n<meta name=\"twitter:label1\" content=\"Escrit per\" \/>\n\t<meta name=\"twitter:data1\" content=\"Redacci\u00f3n\" \/>\n\t<meta name=\"twitter:label2\" content=\"Temps estimat de lectura\" \/>\n\t<meta name=\"twitter:data2\" content=\"4 minuts\" \/>\n<script type=\"application\/ld+json\" class=\"yoast-schema-graph\">{\"@context\":\"https:\\\/\\\/schema.org\",\"@graph\":[{\"@type\":\"NewsArticle\",\"@id\":\"https:\\\/\\\/radiolitoral.com\\\/2024\\\/06\\\/que-implica-que-el-departament-de-salut-de-denia-siga-de-dificil-cobertura\\\/#article\",\"isPartOf\":{\"@id\":\"https:\\\/\\\/radiolitoral.com\\\/2024\\\/06\\\/que-implica-que-el-departament-de-salut-de-denia-siga-de-dificil-cobertura\\\/\"},\"author\":{\"name\":\"Redacci\u00f3n\",\"@id\":\"https:\\\/\\\/radiolitoral.com\\\/#\\\/schema\\\/person\\\/f2b2343c49b5d721857cc1002bfdb151\"},\"headline\":\"Qu\u00e8 implica que el Departament de Salut de D\u00e9nia siga de dif\u00edcil cobertura?\",\"datePublished\":\"2024-06-21T12:21:38+00:00\",\"mainEntityOfPage\":{\"@id\":\"https:\\\/\\\/radiolitoral.com\\\/2024\\\/06\\\/que-implica-que-el-departament-de-salut-de-denia-siga-de-dificil-cobertura\\\/\"},\"wordCount\":835,\"commentCount\":0,\"publisher\":{\"@id\":\"https:\\\/\\\/radiolitoral.com\\\/#organization\"},\"image\":{\"@id\":\"https:\\\/\\\/radiolitoral.com\\\/2024\\\/06\\\/que-implica-que-el-departament-de-salut-de-denia-siga-de-dificil-cobertura\\\/#primaryimage\"},\"thumbnailUrl\":\"https:\\\/\\\/media.radiolitoral.com\\\/wp-content\\\/uploads\\\/2024\\\/02\\\/16120645\\\/Hospital-Denia.-Reversion.-Tino-scaled.jpg\",\"keywords\":[\"Departamento de Salud de D\u00e9nia\",\"Hospital D\u00e9nia\",\"Marina Alta\",\"Sanidad\"],\"articleSection\":[\"Sanidad\"],\"inLanguage\":\"ca\",\"potentialAction\":[{\"@type\":\"CommentAction\",\"name\":\"Comment\",\"target\":[\"https:\\\/\\\/radiolitoral.com\\\/2024\\\/06\\\/que-implica-que-el-departament-de-salut-de-denia-siga-de-dificil-cobertura\\\/#respond\"]}]},{\"@type\":[\"WebPage\",\"ItemPage\"],\"@id\":\"https:\\\/\\\/radiolitoral.com\\\/2024\\\/06\\\/que-implica-que-el-departament-de-salut-de-denia-siga-de-dificil-cobertura\\\/\",\"url\":\"https:\\\/\\\/radiolitoral.com\\\/2024\\\/06\\\/que-implica-que-el-departament-de-salut-de-denia-siga-de-dificil-cobertura\\\/\",\"name\":\"Qu\u00e8 implica que el Departament de Salut de D\u00e9nia siga de dif\u00edcil cobertura? | R\u00e0dio Litoral\",\"isPartOf\":{\"@id\":\"https:\\\/\\\/radiolitoral.com\\\/#website\"},\"primaryImageOfPage\":{\"@id\":\"https:\\\/\\\/radiolitoral.com\\\/2024\\\/06\\\/que-implica-que-el-departament-de-salut-de-denia-siga-de-dificil-cobertura\\\/#primaryimage\"},\"image\":{\"@id\":\"https:\\\/\\\/radiolitoral.com\\\/2024\\\/06\\\/que-implica-que-el-departament-de-salut-de-denia-siga-de-dificil-cobertura\\\/#primaryimage\"},\"thumbnailUrl\":\"https:\\\/\\\/media.radiolitoral.com\\\/wp-content\\\/uploads\\\/2024\\\/02\\\/16120645\\\/Hospital-Denia.-Reversion.-Tino-scaled.jpg\",\"datePublished\":\"2024-06-21T12:21:38+00:00\",\"description\":\"Esta mesura establix una s\u00e8rie d'incentius per als professionals sanitaris Esta mesura establix una s\u00e8rie d'incentius per als professionals sanitaris\",\"breadcrumb\":{\"@id\":\"https:\\\/\\\/radiolitoral.com\\\/2024\\\/06\\\/que-implica-que-el-departament-de-salut-de-denia-siga-de-dificil-cobertura\\\/#breadcrumb\"},\"inLanguage\":\"ca\",\"potentialAction\":[{\"@type\":\"ReadAction\",\"target\":[\"https:\\\/\\\/radiolitoral.com\\\/2024\\\/06\\\/que-implica-que-el-departament-de-salut-de-denia-siga-de-dificil-cobertura\\\/\"]}]},{\"@type\":\"ImageObject\",\"inLanguage\":\"ca\",\"@id\":\"https:\\\/\\\/radiolitoral.com\\\/2024\\\/06\\\/que-implica-que-el-departament-de-salut-de-denia-siga-de-dificil-cobertura\\\/#primaryimage\",\"url\":\"https:\\\/\\\/media.radiolitoral.com\\\/wp-content\\\/uploads\\\/2024\\\/02\\\/16120645\\\/Hospital-Denia.-Reversion.-Tino-scaled.jpg\",\"contentUrl\":\"https:\\\/\\\/media.radiolitoral.com\\\/wp-content\\\/uploads\\\/2024\\\/02\\\/16120645\\\/Hospital-Denia.-Reversion.-Tino-scaled.jpg\",\"width\":2560,\"height\":1707},{\"@type\":\"BreadcrumbList\",\"@id\":\"https:\\\/\\\/radiolitoral.com\\\/2024\\\/06\\\/que-implica-que-el-departament-de-salut-de-denia-siga-de-dificil-cobertura\\\/#breadcrumb\",\"itemListElement\":[{\"@type\":\"ListItem\",\"position\":1,\"name\":\"Portada\",\"item\":\"https:\\\/\\\/radiolitoral.com\\\/\"},{\"@type\":\"ListItem\",\"position\":2,\"name\":\"Qu\u00e8 implica que el Departament de Salut de D\u00e9nia siga de dif\u00edcil cobertura?\"}]},{\"@type\":\"WebSite\",\"@id\":\"https:\\\/\\\/radiolitoral.com\\\/#website\",\"url\":\"https:\\\/\\\/radiolitoral.com\\\/\",\"name\":\"Radio Litoral\",\"description\":\"La radio local de la Marina Alta\",\"publisher\":{\"@id\":\"https:\\\/\\\/radiolitoral.com\\\/#organization\"},\"alternateName\":\"Litoral FM\",\"potentialAction\":[{\"@type\":\"SearchAction\",\"target\":{\"@type\":\"EntryPoint\",\"urlTemplate\":\"https:\\\/\\\/radiolitoral.com\\\/?s={search_term_string}\"},\"query-input\":{\"@type\":\"PropertyValueSpecification\",\"valueRequired\":true,\"valueName\":\"search_term_string\"}}],\"inLanguage\":\"ca\"},{\"@type\":\"Organization\",\"@id\":\"https:\\\/\\\/radiolitoral.com\\\/#organization\",\"name\":\"Radio Litoral\",\"url\":\"https:\\\/\\\/radiolitoral.com\\\/\",\"logo\":{\"@type\":\"ImageObject\",\"inLanguage\":\"ca\",\"@id\":\"https:\\\/\\\/radiolitoral.com\\\/#\\\/schema\\\/logo\\\/image\\\/\",\"url\":\"https:\\\/\\\/media.radiolitoral.com\\\/wp-content\\\/uploads\\\/2023\\\/02\\\/24143238\\\/CL-V-RadioLitoral696.png\",\"contentUrl\":\"https:\\\/\\\/media.radiolitoral.com\\\/wp-content\\\/uploads\\\/2023\\\/02\\\/24143238\\\/CL-V-RadioLitoral696.png\",\"width\":696,\"height\":696,\"caption\":\"Radio Litoral\"},\"image\":{\"@id\":\"https:\\\/\\\/radiolitoral.com\\\/#\\\/schema\\\/logo\\\/image\\\/\"},\"sameAs\":[\"https:\\\/\\\/www.facebook.com\\\/Laradiolitoral\\\/\"]},{\"@type\":\"Person\",\"@id\":\"https:\\\/\\\/radiolitoral.com\\\/#\\\/schema\\\/person\\\/f2b2343c49b5d721857cc1002bfdb151\",\"name\":\"Redacci\u00f3n\",\"image\":{\"@type\":\"ImageObject\",\"inLanguage\":\"ca\",\"@id\":\"https:\\\/\\\/secure.gravatar.com\\\/avatar\\\/f771d896c203ad8b3382d7905cfcce5a5c9b008b84b3cd9114e9b9f4cb63f789?s=96&d=mm&r=g\",\"url\":\"https:\\\/\\\/secure.gravatar.com\\\/avatar\\\/f771d896c203ad8b3382d7905cfcce5a5c9b008b84b3cd9114e9b9f4cb63f789?s=96&d=mm&r=g\",\"contentUrl\":\"https:\\\/\\\/secure.gravatar.com\\\/avatar\\\/f771d896c203ad8b3382d7905cfcce5a5c9b008b84b3cd9114e9b9f4cb63f789?s=96&d=mm&r=g\",\"caption\":\"Redacci\u00f3n\"},\"url\":\"https:\\\/\\\/radiolitoral.com\\\/ca\\\/author\\\/miriam-pagan\\\/\"}]}<\/script>\n<!-- \/ Yoast SEO plugin. -->","yoast_head_json":{"title":"Qu\u00e8 implica que el Departament de Salut de D\u00e9nia segueixi de cobertura dif\u00edcil? | R\u00e0dio Litoral","description":"Aquesta mesura estableix una s\u00e8rie d&#039;incentius per als professionals sanitaris Aquesta mesura estableix una s\u00e8rie d&#039;incentius per als professionals sanitaris","robots":{"index":"index","follow":"follow","max-snippet":"max-snippet:-1","max-image-preview":"max-image-preview:large","max-video-preview":"max-video-preview:-1"},"canonical":"https:\/\/radiolitoral.com\/ca\/2024\/06\/que-implica-que-el-departament-de-salut-de-denia-segueixi-de-dificil-cobertura\/","og_locale":"ca_ES","og_type":"article","og_title":"Qu\u00e8 implica que el Departament de Salut de D\u00e9nia siga de dif\u00edcil cobertura? | R\u00e0dio Litoral","og_description":"Esta mesura establix una s\u00e8rie d'incentius per als professionals sanitaris Esta mesura establix una s\u00e8rie d'incentius per als professionals sanitaris","og_url":"https:\/\/radiolitoral.com\/ca\/2024\/06\/que-implica-que-el-departament-de-salut-de-denia-segueixi-de-dificil-cobertura\/","og_site_name":"R\u00e0dio Litoral","article_publisher":"https:\/\/www.facebook.com\/Laradiolitoral\/","article_published_time":"2024-06-21T12:21:38+00:00","og_image":[{"width":2560,"height":1707,"url":"https:\/\/media.radiolitoral.com\/wp-content\/uploads\/2024\/02\/16120645\/Hospital-Denia.-Reversion.-Tino-scaled.jpg","type":"image\/jpeg"}],"author":"Redacci\u00f3n","twitter_card":"summary_large_image","twitter_misc":{"Escrit per":"Redacci\u00f3n","Temps estimat de lectura":"4 minuts"},"schema":{"@context":"https:\/\/schema.org","@graph":[{"@type":"NewsArticle","@id":"https:\/\/radiolitoral.com\/2024\/06\/que-implica-que-el-departament-de-salut-de-denia-siga-de-dificil-cobertura\/#article","isPartOf":{"@id":"https:\/\/radiolitoral.com\/2024\/06\/que-implica-que-el-departament-de-salut-de-denia-siga-de-dificil-cobertura\/"},"author":{"name":"Redacci\u00f3n","@id":"https:\/\/radiolitoral.com\/#\/schema\/person\/f2b2343c49b5d721857cc1002bfdb151"},"headline":"Qu\u00e8 implica que el Departament de Salut de D\u00e9nia siga de dif\u00edcil cobertura?","datePublished":"2024-06-21T12:21:38+00:00","mainEntityOfPage":{"@id":"https:\/\/radiolitoral.com\/2024\/06\/que-implica-que-el-departament-de-salut-de-denia-siga-de-dificil-cobertura\/"},"wordCount":835,"commentCount":0,"publisher":{"@id":"https:\/\/radiolitoral.com\/#organization"},"image":{"@id":"https:\/\/radiolitoral.com\/2024\/06\/que-implica-que-el-departament-de-salut-de-denia-siga-de-dificil-cobertura\/#primaryimage"},"thumbnailUrl":"https:\/\/media.radiolitoral.com\/wp-content\/uploads\/2024\/02\/16120645\/Hospital-Denia.-Reversion.-Tino-scaled.jpg","keywords":["Departamento de Salud de D\u00e9nia","Hospital D\u00e9nia","Marina Alta","Sanidad"],"articleSection":["Sanidad"],"inLanguage":"ca","potentialAction":[{"@type":"CommentAction","name":"Comment","target":["https:\/\/radiolitoral.com\/2024\/06\/que-implica-que-el-departament-de-salut-de-denia-siga-de-dificil-cobertura\/#respond"]}]},{"@type":["WebPage","ItemPage"],"@id":"https:\/\/radiolitoral.com\/2024\/06\/que-implica-que-el-departament-de-salut-de-denia-siga-de-dificil-cobertura\/","url":"https:\/\/radiolitoral.com\/2024\/06\/que-implica-que-el-departament-de-salut-de-denia-siga-de-dificil-cobertura\/","name":"Qu\u00e8 implica que el Departament de Salut de D\u00e9nia segueixi de cobertura dif\u00edcil? | R\u00e0dio Litoral","isPartOf":{"@id":"https:\/\/radiolitoral.com\/#website"},"primaryImageOfPage":{"@id":"https:\/\/radiolitoral.com\/2024\/06\/que-implica-que-el-departament-de-salut-de-denia-siga-de-dificil-cobertura\/#primaryimage"},"image":{"@id":"https:\/\/radiolitoral.com\/2024\/06\/que-implica-que-el-departament-de-salut-de-denia-siga-de-dificil-cobertura\/#primaryimage"},"thumbnailUrl":"https:\/\/media.radiolitoral.com\/wp-content\/uploads\/2024\/02\/16120645\/Hospital-Denia.-Reversion.-Tino-scaled.jpg","datePublished":"2024-06-21T12:21:38+00:00","description":"Aquesta mesura estableix una s\u00e8rie d&#039;incentius per als professionals sanitaris Aquesta mesura estableix una s\u00e8rie d&#039;incentius per als professionals sanitaris","breadcrumb":{"@id":"https:\/\/radiolitoral.com\/2024\/06\/que-implica-que-el-departament-de-salut-de-denia-siga-de-dificil-cobertura\/#breadcrumb"},"inLanguage":"ca","potentialAction":[{"@type":"ReadAction","target":["https:\/\/radiolitoral.com\/2024\/06\/que-implica-que-el-departament-de-salut-de-denia-siga-de-dificil-cobertura\/"]}]},{"@type":"ImageObject","inLanguage":"ca","@id":"https:\/\/radiolitoral.com\/2024\/06\/que-implica-que-el-departament-de-salut-de-denia-siga-de-dificil-cobertura\/#primaryimage","url":"https:\/\/media.radiolitoral.com\/wp-content\/uploads\/2024\/02\/16120645\/Hospital-Denia.-Reversion.-Tino-scaled.jpg","contentUrl":"https:\/\/media.radiolitoral.com\/wp-content\/uploads\/2024\/02\/16120645\/Hospital-Denia.-Reversion.-Tino-scaled.jpg","width":2560,"height":1707},{"@type":"BreadcrumbList","@id":"https:\/\/radiolitoral.com\/2024\/06\/que-implica-que-el-departament-de-salut-de-denia-siga-de-dificil-cobertura\/#breadcrumb","itemListElement":[{"@type":"ListItem","position":1,"name":"Portada","item":"https:\/\/radiolitoral.com\/"},{"@type":"ListItem","position":2,"name":"Qu\u00e8 implica que el Departament de Salut de D\u00e9nia siga de dif\u00edcil cobertura?"}]},{"@type":"WebSite","@id":"https:\/\/radiolitoral.com\/#website","url":"https:\/\/radiolitoral.com\/","name":"R\u00e0dio Litoral","description":"La r\u00e0dio local de la Marina Alta","publisher":{"@id":"https:\/\/radiolitoral.com\/#organization"},"alternateName":"Litoral FM","potentialAction":[{"@type":"SearchAction","target":{"@type":"EntryPoint","urlTemplate":"https:\/\/radiolitoral.com\/?s={search_term_string}"},"query-input":{"@type":"PropertyValueSpecification","valueRequired":true,"valueName":"search_term_string"}}],"inLanguage":"ca"},{"@type":"Organization","@id":"https:\/\/radiolitoral.com\/#organization","name":"R\u00e0dio Litoral","url":"https:\/\/radiolitoral.com\/","logo":{"@type":"ImageObject","inLanguage":"ca","@id":"https:\/\/radiolitoral.com\/#\/schema\/logo\/image\/","url":"https:\/\/media.radiolitoral.com\/wp-content\/uploads\/2023\/02\/24143238\/CL-V-RadioLitoral696.png","contentUrl":"https:\/\/media.radiolitoral.com\/wp-content\/uploads\/2023\/02\/24143238\/CL-V-RadioLitoral696.png","width":696,"height":696,"caption":"Radio Litoral"},"image":{"@id":"https:\/\/radiolitoral.com\/#\/schema\/logo\/image\/"},"sameAs":["https:\/\/www.facebook.com\/Laradiolitoral\/"]},{"@type":"Person","@id":"https:\/\/radiolitoral.com\/#\/schema\/person\/f2b2343c49b5d721857cc1002bfdb151","name":"Redacci\u00f3","image":{"@type":"ImageObject","inLanguage":"ca","@id":"https:\/\/secure.gravatar.com\/avatar\/f771d896c203ad8b3382d7905cfcce5a5c9b008b84b3cd9114e9b9f4cb63f789?s=96&d=mm&r=g","url":"https:\/\/secure.gravatar.com\/avatar\/f771d896c203ad8b3382d7905cfcce5a5c9b008b84b3cd9114e9b9f4cb63f789?s=96&d=mm&r=g","contentUrl":"https:\/\/secure.gravatar.com\/avatar\/f771d896c203ad8b3382d7905cfcce5a5c9b008b84b3cd9114e9b9f4cb63f789?s=96&d=mm&r=g","caption":"Redacci\u00f3n"},"url":"https:\/\/radiolitoral.com\/ca\/author\/miriam-pagan\/"}]}},"_links":{"self":[{"href":"https:\/\/radiolitoral.com\/ca\/wp-json\/wp\/v2\/posts\/9555","targetHints":{"allow":["GET"]}}],"collection":[{"href":"https:\/\/radiolitoral.com\/ca\/wp-json\/wp\/v2\/posts"}],"about":[{"href":"https:\/\/radiolitoral.com\/ca\/wp-json\/wp\/v2\/types\/post"}],"author":[{"embeddable":true,"href":"https:\/\/radiolitoral.com\/ca\/wp-json\/wp\/v2\/users\/13"}],"replies":[{"embeddable":true,"href":"https:\/\/radiolitoral.com\/ca\/wp-json\/wp\/v2\/comments?post=9555"}],"version-history":[{"count":1,"href":"https:\/\/radiolitoral.com\/ca\/wp-json\/wp\/v2\/posts\/9555\/revisions"}],"predecessor-version":[{"id":9556,"href":"https:\/\/radiolitoral.com\/ca\/wp-json\/wp\/v2\/posts\/9555\/revisions\/9556"}],"wp:featuredmedia":[{"embeddable":true,"href":"https:\/\/radiolitoral.com\/ca\/wp-json\/wp\/v2\/media\/6863"}],"wp:attachment":[{"href":"https:\/\/radiolitoral.com\/ca\/wp-json\/wp\/v2\/media?parent=9555"}],"wp:term":[{"taxonomy":"category","embeddable":true,"href":"https:\/\/radiolitoral.com\/ca\/wp-json\/wp\/v2\/categories?post=9555"},{"taxonomy":"post_tag","embeddable":true,"href":"https:\/\/radiolitoral.com\/ca\/wp-json\/wp\/v2\/tags?post=9555"}],"curies":[{"name":"wp","href":"https:\/\/api.w.org\/{rel}","templated":true}]}}