{"id":9479,"date":"2024-06-14T18:16:51","date_gmt":"2024-06-14T16:16:51","guid":{"rendered":"https:\/\/radiolitoral.com\/?p=9479"},"modified":"2024-06-14T18:16:51","modified_gmt":"2024-06-14T16:16:51","slug":"benissa-estrena-oficialment-les-pistes-multiesportives-de-beniver","status":"publish","type":"post","link":"https:\/\/radiolitoral.com\/ca\/2024\/06\/benissa-estrena-oficialmente-las-pistas-multideportivas-de-beniver\/","title":{"rendered":"Benissa estrena oficialment les pistes multiesportives de Beniver"},"content":{"rendered":"<p><strong>Benissa<\/strong> ha obert avui de forma oficial les <strong>pistes multiesportives<\/strong> constru\u00efdes a la partida Beniver. Ho ha fet amb una activitat l\u00fadica de qu\u00e8 han participat alumnes dels CEIP Manuel Bru i Pare Melchor.<\/p>\n<p>El projecte global ha tingut un cost d\u201funs 64.000 euros, quantitat que ha estat assumida \u00edntegrament per la Diputaci\u00f3 d\u201fAlacant dins del Pla + Esport.<\/p>\n<figure id=\"attachment_9481\" aria-describedby=\"caption-attachment-9481\" style=\"width: 640px\" class=\"wp-caption aligncenter\"><img loading=\"lazy\" decoding=\"async\" class=\"wp-image-9481 size-large\" src=\"https:\/\/media.radiolitoral.com\/wp-content\/uploads\/2024\/06\/01233511\/WhatsApp-Image-2024-06-14-at-17.02.39-1024x768.jpeg\" alt=\"\" width=\"640\" height=\"480\" srcset=\"https:\/\/media.radiolitoral.com\/wp-content\/uploads\/2024\/06\/01233511\/WhatsApp-Image-2024-06-14-at-17.02.39-1024x768.jpeg 1024w, https:\/\/media.radiolitoral.com\/wp-content\/uploads\/2024\/06\/01233511\/WhatsApp-Image-2024-06-14-at-17.02.39-300x225.jpeg 300w, https:\/\/media.radiolitoral.com\/wp-content\/uploads\/2024\/06\/01233511\/WhatsApp-Image-2024-06-14-at-17.02.39-768x576.jpeg 768w, https:\/\/media.radiolitoral.com\/wp-content\/uploads\/2024\/06\/01233511\/WhatsApp-Image-2024-06-14-at-17.02.39-1536x1152.jpeg 1536w, https:\/\/media.radiolitoral.com\/wp-content\/uploads\/2024\/06\/01233511\/WhatsApp-Image-2024-06-14-at-17.02.39-16x12.jpeg 16w, https:\/\/media.radiolitoral.com\/wp-content\/uploads\/2024\/06\/01233511\/WhatsApp-Image-2024-06-14-at-17.02.39-1000x750.jpeg 1000w, https:\/\/media.radiolitoral.com\/wp-content\/uploads\/2024\/06\/01233511\/WhatsApp-Image-2024-06-14-at-17.02.39-100x75.jpeg 100w, https:\/\/media.radiolitoral.com\/wp-content\/uploads\/2024\/06\/01233511\/WhatsApp-Image-2024-06-14-at-17.02.39-200x150.jpeg 200w, https:\/\/media.radiolitoral.com\/wp-content\/uploads\/2024\/06\/01233511\/WhatsApp-Image-2024-06-14-at-17.02.39.jpeg 1600w\" sizes=\"auto, (max-width: 640px) 100vw, 640px\" \/><figcaption id=\"caption-attachment-9481\" class=\"wp-caption-text\">Pistes multiesport presentades a Benissa | Amanda Ortol\u00e0<\/figcaption><\/figure>\n<p>L&#039;alcalde, Arturo Poquet ha explicat que amb aquesta actuaci\u00f3 es d\u00f3na resposta a una petici\u00f3 ve\u00efnal, especialment dels m\u00e9s joves que, a trav\u00e9s del <strong>Consell d&#039;Inf\u00e0ncia i Adolesc\u00e8ncia<\/strong>, havien sol\u00b7licitat unes instal\u00b7lacions p\u00fabliques, obertes, gratu\u00eftes i d&#039;\u00fas com\u00fa no regulat per poder gaudir de l&#039;esport a l&#039;aire lliure sense haver de posar l&#039;equipaci\u00f3 d&#039;un club.<\/p>\n<p>Les obres van ser licitades el 2023 i segons apunta l?alcalde el termini d?execuci\u00f3 ha estat d?uns tres mesos. Una actuaci\u00f3 que ja \u00e9s una realitat i amb qu\u00e8 es d\u00f3na continu\u00eftat a l&#039;objectiu de fomentar l&#039;esport a l&#039;aire lliure. Un espai proper a l&#039;\u00e0rea d&#039;esbarjo de Beniver.<\/p>\n<p>El regidor d&#039;Esports, Adri\u00e1n Cabrera, ha assenyalat que les pistes permeten la pr\u00e0ctica del futbol sala, ja que compta amb porteries, i el b\u00e0squet, ja que s&#039;hi han instal\u00b7lat cistelles. Al paviment han estat pintades les l\u00ednies de les dues principals modalitats esportives, encara que tamb\u00e9 es pugui jugar a l&#039;hoquei sobre patins oa handbol. Aix\u00ed com a jocs tradicionals com el Sambori.<\/p>","protected":false},"excerpt":{"rendered":"<p>Benissa ha abierto hoy de forma oficial las pistas multideportivas construidas en la partida Beniver. Lo ha hecho con una actividad l\u00fadica de la que han participado alumnos de los CEIP Manuel Bru y Padre Melchor. El proyecto global ha tenido un\u00a0coste de unos 64.000 euros, cantidad que ha sido asumida \u00edntegramente por la Diputaci\u00f3n\u00a0de [&#8230;]<\/p>\n<p><a class=\"btn btn-secondary understrap-read-more-link\" href=\"https:\/\/radiolitoral.com\/ca\/2024\/06\/benissa-estrena-oficialmente-las-pistas-multideportivas-de-beniver\/\">Continua llegint&#8230;<span class=\"screen-reader-text\"> from Benissa estrena oficialmente las pistas multideportivas de Beniver<\/span><\/a><\/p>\n","protected":false},"author":14,"featured_media":9480,"comment_status":"open","ping_status":"closed","sticky":false,"template":"","format":"standard","meta":{"_acf_changed":false,"inline_featured_image":false,"footnotes":""},"categories":[46],"tags":[1209,126,1544,1160],"class_list":["post-9479","post","type-post","status-publish","format-standard","has-post-thumbnail","hentry","category-sociedad","tag-arturo-poquet","tag-benissa","tag-pistas-multideportivas","tag-sociedad","cobertura-benissa"],"acf":[],"yoast_head":"<!-- This site is optimized with the Yoast SEO plugin v27.5 - https:\/\/yoast.com\/product\/yoast-seo-wordpress\/ -->\n<title>Benissa estrena oficialmente las pistas multideportivas de Beniver | R\u00e0dio Litoral<\/title>\n<meta name=\"description\" content=\"El proyecto global ha tenido un coste de unos 64.000 euros asumidos por la Diputaci\u00f3n de Alicante\" \/>\n<meta name=\"robots\" content=\"index, follow, max-snippet:-1, max-image-preview:large, max-video-preview:-1\" \/>\n<link rel=\"canonical\" href=\"https:\/\/radiolitoral.com\/ca\/2024\/06\/benissa-estrena-oficialment-les-pistes-multiesportives-de-beniver\/\" \/>\n<meta property=\"og:locale\" content=\"ca_ES\" \/>\n<meta property=\"og:type\" content=\"article\" \/>\n<meta property=\"og:title\" content=\"Benissa estrena oficialmente las pistas multideportivas de Beniver | R\u00e0dio Litoral\" \/>\n<meta property=\"og:description\" content=\"El proyecto global ha tenido un coste de unos 64.000 euros asumidos por la Diputaci\u00f3n de Alicante\" \/>\n<meta property=\"og:url\" content=\"https:\/\/radiolitoral.com\/ca\/2024\/06\/benissa-estrena-oficialment-les-pistes-multiesportives-de-beniver\/\" \/>\n<meta property=\"og:site_name\" content=\"R\u00e0dio Litoral\" \/>\n<meta property=\"article:publisher\" content=\"https:\/\/www.facebook.com\/Laradiolitoral\/\" \/>\n<meta property=\"article:published_time\" content=\"2024-06-14T16:16:51+00:00\" \/>\n<meta property=\"og:image\" content=\"https:\/\/radiolitoral.com\/wp-content\/uploads\/2024\/06\/WhatsApp-Image-2024-06-14-at-17.02.38.jpeg\" \/>\n\t<meta property=\"og:image:width\" content=\"1600\" \/>\n\t<meta property=\"og:image:height\" content=\"1200\" \/>\n\t<meta property=\"og:image:type\" content=\"image\/jpeg\" \/>\n<meta name=\"author\" content=\"Redacci\u00f3n\" \/>\n<meta name=\"twitter:card\" content=\"summary_large_image\" \/>\n<meta name=\"twitter:label1\" content=\"Escrit per\" \/>\n\t<meta name=\"twitter:data1\" content=\"Redacci\u00f3n\" \/>\n\t<meta name=\"twitter:label2\" content=\"Temps estimat de lectura\" \/>\n\t<meta name=\"twitter:data2\" content=\"2 minuts\" \/>\n<script type=\"application\/ld+json\" class=\"yoast-schema-graph\">{\"@context\":\"https:\\\/\\\/schema.org\",\"@graph\":[{\"@type\":\"NewsArticle\",\"@id\":\"https:\\\/\\\/radiolitoral.com\\\/2024\\\/06\\\/benissa-estrena-oficialmente-las-pistas-multideportivas-de-beniver\\\/#article\",\"isPartOf\":{\"@id\":\"https:\\\/\\\/radiolitoral.com\\\/2024\\\/06\\\/benissa-estrena-oficialmente-las-pistas-multideportivas-de-beniver\\\/\"},\"author\":{\"name\":\"Redacci\u00f3n\",\"@id\":\"https:\\\/\\\/radiolitoral.com\\\/#\\\/schema\\\/person\\\/96b739642eb3bedb532aac3812d23307\"},\"headline\":\"Benissa estrena oficialmente las pistas multideportivas de Beniver\",\"datePublished\":\"2024-06-14T16:16:51+00:00\",\"mainEntityOfPage\":{\"@id\":\"https:\\\/\\\/radiolitoral.com\\\/2024\\\/06\\\/benissa-estrena-oficialmente-las-pistas-multideportivas-de-beniver\\\/\"},\"wordCount\":283,\"commentCount\":0,\"publisher\":{\"@id\":\"https:\\\/\\\/radiolitoral.com\\\/#organization\"},\"image\":{\"@id\":\"https:\\\/\\\/radiolitoral.com\\\/2024\\\/06\\\/benissa-estrena-oficialmente-las-pistas-multideportivas-de-beniver\\\/#primaryimage\"},\"thumbnailUrl\":\"https:\\\/\\\/media.radiolitoral.com\\\/wp-content\\\/uploads\\\/2024\\\/06\\\/01233514\\\/WhatsApp-Image-2024-06-14-at-17.02.38.jpeg\",\"keywords\":[\"Arturo Poquet\",\"Benissa\",\"pistas multideportivas\",\"sociedad\"],\"articleSection\":[\"Sociedad\"],\"inLanguage\":\"ca\",\"potentialAction\":[{\"@type\":\"CommentAction\",\"name\":\"Comment\",\"target\":[\"https:\\\/\\\/radiolitoral.com\\\/2024\\\/06\\\/benissa-estrena-oficialmente-las-pistas-multideportivas-de-beniver\\\/#respond\"]}]},{\"@type\":[\"WebPage\",\"ItemPage\"],\"@id\":\"https:\\\/\\\/radiolitoral.com\\\/2024\\\/06\\\/benissa-estrena-oficialmente-las-pistas-multideportivas-de-beniver\\\/\",\"url\":\"https:\\\/\\\/radiolitoral.com\\\/2024\\\/06\\\/benissa-estrena-oficialmente-las-pistas-multideportivas-de-beniver\\\/\",\"name\":\"Benissa estrena oficialmente las pistas multideportivas de Beniver | R\u00e0dio Litoral\",\"isPartOf\":{\"@id\":\"https:\\\/\\\/radiolitoral.com\\\/#website\"},\"primaryImageOfPage\":{\"@id\":\"https:\\\/\\\/radiolitoral.com\\\/2024\\\/06\\\/benissa-estrena-oficialmente-las-pistas-multideportivas-de-beniver\\\/#primaryimage\"},\"image\":{\"@id\":\"https:\\\/\\\/radiolitoral.com\\\/2024\\\/06\\\/benissa-estrena-oficialmente-las-pistas-multideportivas-de-beniver\\\/#primaryimage\"},\"thumbnailUrl\":\"https:\\\/\\\/media.radiolitoral.com\\\/wp-content\\\/uploads\\\/2024\\\/06\\\/01233514\\\/WhatsApp-Image-2024-06-14-at-17.02.38.jpeg\",\"datePublished\":\"2024-06-14T16:16:51+00:00\",\"description\":\"El proyecto global ha tenido un coste de unos 64.000 euros asumidos por la Diputaci\u00f3n de Alicante\",\"breadcrumb\":{\"@id\":\"https:\\\/\\\/radiolitoral.com\\\/2024\\\/06\\\/benissa-estrena-oficialmente-las-pistas-multideportivas-de-beniver\\\/#breadcrumb\"},\"inLanguage\":\"ca\",\"potentialAction\":[{\"@type\":\"ReadAction\",\"target\":[\"https:\\\/\\\/radiolitoral.com\\\/2024\\\/06\\\/benissa-estrena-oficialmente-las-pistas-multideportivas-de-beniver\\\/\"]}]},{\"@type\":\"ImageObject\",\"inLanguage\":\"ca\",\"@id\":\"https:\\\/\\\/radiolitoral.com\\\/2024\\\/06\\\/benissa-estrena-oficialmente-las-pistas-multideportivas-de-beniver\\\/#primaryimage\",\"url\":\"https:\\\/\\\/media.radiolitoral.com\\\/wp-content\\\/uploads\\\/2024\\\/06\\\/01233514\\\/WhatsApp-Image-2024-06-14-at-17.02.38.jpeg\",\"contentUrl\":\"https:\\\/\\\/media.radiolitoral.com\\\/wp-content\\\/uploads\\\/2024\\\/06\\\/01233514\\\/WhatsApp-Image-2024-06-14-at-17.02.38.jpeg\",\"width\":1600,\"height\":1200},{\"@type\":\"BreadcrumbList\",\"@id\":\"https:\\\/\\\/radiolitoral.com\\\/2024\\\/06\\\/benissa-estrena-oficialmente-las-pistas-multideportivas-de-beniver\\\/#breadcrumb\",\"itemListElement\":[{\"@type\":\"ListItem\",\"position\":1,\"name\":\"Portada\",\"item\":\"https:\\\/\\\/radiolitoral.com\\\/\"},{\"@type\":\"ListItem\",\"position\":2,\"name\":\"Benissa estrena oficialmente las pistas multideportivas de Beniver\"}]},{\"@type\":\"WebSite\",\"@id\":\"https:\\\/\\\/radiolitoral.com\\\/#website\",\"url\":\"https:\\\/\\\/radiolitoral.com\\\/\",\"name\":\"Radio Litoral\",\"description\":\"La radio local de la Marina Alta\",\"publisher\":{\"@id\":\"https:\\\/\\\/radiolitoral.com\\\/#organization\"},\"alternateName\":\"Litoral FM\",\"potentialAction\":[{\"@type\":\"SearchAction\",\"target\":{\"@type\":\"EntryPoint\",\"urlTemplate\":\"https:\\\/\\\/radiolitoral.com\\\/?s={search_term_string}\"},\"query-input\":{\"@type\":\"PropertyValueSpecification\",\"valueRequired\":true,\"valueName\":\"search_term_string\"}}],\"inLanguage\":\"ca\"},{\"@type\":\"Organization\",\"@id\":\"https:\\\/\\\/radiolitoral.com\\\/#organization\",\"name\":\"Radio Litoral\",\"url\":\"https:\\\/\\\/radiolitoral.com\\\/\",\"logo\":{\"@type\":\"ImageObject\",\"inLanguage\":\"ca\",\"@id\":\"https:\\\/\\\/radiolitoral.com\\\/#\\\/schema\\\/logo\\\/image\\\/\",\"url\":\"https:\\\/\\\/media.radiolitoral.com\\\/wp-content\\\/uploads\\\/2023\\\/02\\\/24143238\\\/CL-V-RadioLitoral696.png\",\"contentUrl\":\"https:\\\/\\\/media.radiolitoral.com\\\/wp-content\\\/uploads\\\/2023\\\/02\\\/24143238\\\/CL-V-RadioLitoral696.png\",\"width\":696,\"height\":696,\"caption\":\"Radio Litoral\"},\"image\":{\"@id\":\"https:\\\/\\\/radiolitoral.com\\\/#\\\/schema\\\/logo\\\/image\\\/\"},\"sameAs\":[\"https:\\\/\\\/www.facebook.com\\\/Laradiolitoral\\\/\"]},{\"@type\":\"Person\",\"@id\":\"https:\\\/\\\/radiolitoral.com\\\/#\\\/schema\\\/person\\\/96b739642eb3bedb532aac3812d23307\",\"name\":\"Redacci\u00f3n\",\"image\":{\"@type\":\"ImageObject\",\"inLanguage\":\"ca\",\"@id\":\"https:\\\/\\\/secure.gravatar.com\\\/avatar\\\/30cd06129ee90411dd9c7cbdcf17464181d1a3c7b072e92070ea75a25cf0097e?s=96&d=mm&r=g\",\"url\":\"https:\\\/\\\/secure.gravatar.com\\\/avatar\\\/30cd06129ee90411dd9c7cbdcf17464181d1a3c7b072e92070ea75a25cf0097e?s=96&d=mm&r=g\",\"contentUrl\":\"https:\\\/\\\/secure.gravatar.com\\\/avatar\\\/30cd06129ee90411dd9c7cbdcf17464181d1a3c7b072e92070ea75a25cf0097e?s=96&d=mm&r=g\",\"caption\":\"Redacci\u00f3n\"},\"url\":\"https:\\\/\\\/radiolitoral.com\\\/ca\\\/author\\\/kevin-carrio\\\/\"}]}<\/script>\n<!-- \/ Yoast SEO plugin. -->","yoast_head_json":{"title":"Benissa estrena oficialment les pistes multiesportives de Beniver | R\u00e0dio Litoral","description":"El projecte global ha tingut un cost de 64.000 euros assumits per la Diputaci\u00f3 d&#039;Alacant","robots":{"index":"index","follow":"follow","max-snippet":"max-snippet:-1","max-image-preview":"max-image-preview:large","max-video-preview":"max-video-preview:-1"},"canonical":"https:\/\/radiolitoral.com\/ca\/2024\/06\/benissa-estrena-oficialment-les-pistes-multiesportives-de-beniver\/","og_locale":"ca_ES","og_type":"article","og_title":"Benissa estrena oficialmente las pistas multideportivas de Beniver | R\u00e0dio Litoral","og_description":"El proyecto global ha tenido un coste de unos 64.000 euros asumidos por la Diputaci\u00f3n de Alicante","og_url":"https:\/\/radiolitoral.com\/ca\/2024\/06\/benissa-estrena-oficialment-les-pistes-multiesportives-de-beniver\/","og_site_name":"R\u00e0dio Litoral","article_publisher":"https:\/\/www.facebook.com\/Laradiolitoral\/","article_published_time":"2024-06-14T16:16:51+00:00","og_image":[{"width":1600,"height":1200,"url":"https:\/\/radiolitoral.com\/wp-content\/uploads\/2024\/06\/WhatsApp-Image-2024-06-14-at-17.02.38.jpeg","type":"image\/jpeg"}],"author":"Redacci\u00f3n","twitter_card":"summary_large_image","twitter_misc":{"Escrit per":"Redacci\u00f3n","Temps estimat de lectura":"2 minuts"},"schema":{"@context":"https:\/\/schema.org","@graph":[{"@type":"NewsArticle","@id":"https:\/\/radiolitoral.com\/2024\/06\/benissa-estrena-oficialmente-las-pistas-multideportivas-de-beniver\/#article","isPartOf":{"@id":"https:\/\/radiolitoral.com\/2024\/06\/benissa-estrena-oficialmente-las-pistas-multideportivas-de-beniver\/"},"author":{"name":"Redacci\u00f3n","@id":"https:\/\/radiolitoral.com\/#\/schema\/person\/96b739642eb3bedb532aac3812d23307"},"headline":"Benissa estrena oficialmente las pistas multideportivas de Beniver","datePublished":"2024-06-14T16:16:51+00:00","mainEntityOfPage":{"@id":"https:\/\/radiolitoral.com\/2024\/06\/benissa-estrena-oficialmente-las-pistas-multideportivas-de-beniver\/"},"wordCount":283,"commentCount":0,"publisher":{"@id":"https:\/\/radiolitoral.com\/#organization"},"image":{"@id":"https:\/\/radiolitoral.com\/2024\/06\/benissa-estrena-oficialmente-las-pistas-multideportivas-de-beniver\/#primaryimage"},"thumbnailUrl":"https:\/\/media.radiolitoral.com\/wp-content\/uploads\/2024\/06\/01233514\/WhatsApp-Image-2024-06-14-at-17.02.38.jpeg","keywords":["Arturo Poquet","Benissa","pistas multideportivas","sociedad"],"articleSection":["Sociedad"],"inLanguage":"ca","potentialAction":[{"@type":"CommentAction","name":"Comment","target":["https:\/\/radiolitoral.com\/2024\/06\/benissa-estrena-oficialmente-las-pistas-multideportivas-de-beniver\/#respond"]}]},{"@type":["WebPage","ItemPage"],"@id":"https:\/\/radiolitoral.com\/2024\/06\/benissa-estrena-oficialmente-las-pistas-multideportivas-de-beniver\/","url":"https:\/\/radiolitoral.com\/2024\/06\/benissa-estrena-oficialmente-las-pistas-multideportivas-de-beniver\/","name":"Benissa estrena oficialment les pistes multiesportives de Beniver | R\u00e0dio Litoral","isPartOf":{"@id":"https:\/\/radiolitoral.com\/#website"},"primaryImageOfPage":{"@id":"https:\/\/radiolitoral.com\/2024\/06\/benissa-estrena-oficialmente-las-pistas-multideportivas-de-beniver\/#primaryimage"},"image":{"@id":"https:\/\/radiolitoral.com\/2024\/06\/benissa-estrena-oficialmente-las-pistas-multideportivas-de-beniver\/#primaryimage"},"thumbnailUrl":"https:\/\/media.radiolitoral.com\/wp-content\/uploads\/2024\/06\/01233514\/WhatsApp-Image-2024-06-14-at-17.02.38.jpeg","datePublished":"2024-06-14T16:16:51+00:00","description":"El projecte global ha tingut un cost de 64.000 euros assumits per la Diputaci\u00f3 d&#039;Alacant","breadcrumb":{"@id":"https:\/\/radiolitoral.com\/2024\/06\/benissa-estrena-oficialmente-las-pistas-multideportivas-de-beniver\/#breadcrumb"},"inLanguage":"ca","potentialAction":[{"@type":"ReadAction","target":["https:\/\/radiolitoral.com\/2024\/06\/benissa-estrena-oficialmente-las-pistas-multideportivas-de-beniver\/"]}]},{"@type":"ImageObject","inLanguage":"ca","@id":"https:\/\/radiolitoral.com\/2024\/06\/benissa-estrena-oficialmente-las-pistas-multideportivas-de-beniver\/#primaryimage","url":"https:\/\/media.radiolitoral.com\/wp-content\/uploads\/2024\/06\/01233514\/WhatsApp-Image-2024-06-14-at-17.02.38.jpeg","contentUrl":"https:\/\/media.radiolitoral.com\/wp-content\/uploads\/2024\/06\/01233514\/WhatsApp-Image-2024-06-14-at-17.02.38.jpeg","width":1600,"height":1200},{"@type":"BreadcrumbList","@id":"https:\/\/radiolitoral.com\/2024\/06\/benissa-estrena-oficialmente-las-pistas-multideportivas-de-beniver\/#breadcrumb","itemListElement":[{"@type":"ListItem","position":1,"name":"Portada","item":"https:\/\/radiolitoral.com\/"},{"@type":"ListItem","position":2,"name":"Benissa estrena oficialmente las pistas multideportivas de Beniver"}]},{"@type":"WebSite","@id":"https:\/\/radiolitoral.com\/#website","url":"https:\/\/radiolitoral.com\/","name":"R\u00e0dio Litoral","description":"La r\u00e0dio local de la Marina Alta","publisher":{"@id":"https:\/\/radiolitoral.com\/#organization"},"alternateName":"Litoral FM","potentialAction":[{"@type":"SearchAction","target":{"@type":"EntryPoint","urlTemplate":"https:\/\/radiolitoral.com\/?s={search_term_string}"},"query-input":{"@type":"PropertyValueSpecification","valueRequired":true,"valueName":"search_term_string"}}],"inLanguage":"ca"},{"@type":"Organization","@id":"https:\/\/radiolitoral.com\/#organization","name":"R\u00e0dio Litoral","url":"https:\/\/radiolitoral.com\/","logo":{"@type":"ImageObject","inLanguage":"ca","@id":"https:\/\/radiolitoral.com\/#\/schema\/logo\/image\/","url":"https:\/\/media.radiolitoral.com\/wp-content\/uploads\/2023\/02\/24143238\/CL-V-RadioLitoral696.png","contentUrl":"https:\/\/media.radiolitoral.com\/wp-content\/uploads\/2023\/02\/24143238\/CL-V-RadioLitoral696.png","width":696,"height":696,"caption":"Radio Litoral"},"image":{"@id":"https:\/\/radiolitoral.com\/#\/schema\/logo\/image\/"},"sameAs":["https:\/\/www.facebook.com\/Laradiolitoral\/"]},{"@type":"Person","@id":"https:\/\/radiolitoral.com\/#\/schema\/person\/96b739642eb3bedb532aac3812d23307","name":"Redacci\u00f3","image":{"@type":"ImageObject","inLanguage":"ca","@id":"https:\/\/secure.gravatar.com\/avatar\/30cd06129ee90411dd9c7cbdcf17464181d1a3c7b072e92070ea75a25cf0097e?s=96&d=mm&r=g","url":"https:\/\/secure.gravatar.com\/avatar\/30cd06129ee90411dd9c7cbdcf17464181d1a3c7b072e92070ea75a25cf0097e?s=96&d=mm&r=g","contentUrl":"https:\/\/secure.gravatar.com\/avatar\/30cd06129ee90411dd9c7cbdcf17464181d1a3c7b072e92070ea75a25cf0097e?s=96&d=mm&r=g","caption":"Redacci\u00f3n"},"url":"https:\/\/radiolitoral.com\/ca\/author\/kevin-carrio\/"}]}},"_links":{"self":[{"href":"https:\/\/radiolitoral.com\/ca\/wp-json\/wp\/v2\/posts\/9479","targetHints":{"allow":["GET"]}}],"collection":[{"href":"https:\/\/radiolitoral.com\/ca\/wp-json\/wp\/v2\/posts"}],"about":[{"href":"https:\/\/radiolitoral.com\/ca\/wp-json\/wp\/v2\/types\/post"}],"author":[{"embeddable":true,"href":"https:\/\/radiolitoral.com\/ca\/wp-json\/wp\/v2\/users\/14"}],"replies":[{"embeddable":true,"href":"https:\/\/radiolitoral.com\/ca\/wp-json\/wp\/v2\/comments?post=9479"}],"version-history":[{"count":1,"href":"https:\/\/radiolitoral.com\/ca\/wp-json\/wp\/v2\/posts\/9479\/revisions"}],"predecessor-version":[{"id":9482,"href":"https:\/\/radiolitoral.com\/ca\/wp-json\/wp\/v2\/posts\/9479\/revisions\/9482"}],"wp:featuredmedia":[{"embeddable":true,"href":"https:\/\/radiolitoral.com\/ca\/wp-json\/wp\/v2\/media\/9480"}],"wp:attachment":[{"href":"https:\/\/radiolitoral.com\/ca\/wp-json\/wp\/v2\/media?parent=9479"}],"wp:term":[{"taxonomy":"category","embeddable":true,"href":"https:\/\/radiolitoral.com\/ca\/wp-json\/wp\/v2\/categories?post=9479"},{"taxonomy":"post_tag","embeddable":true,"href":"https:\/\/radiolitoral.com\/ca\/wp-json\/wp\/v2\/tags?post=9479"}],"curies":[{"name":"wp","href":"https:\/\/api.w.org\/{rel}","templated":true}]}}