{"id":9457,"date":"2024-06-11T11:39:25","date_gmt":"2024-06-11T09:39:25","guid":{"rendered":"https:\/\/radiolitoral.com\/?p=9457"},"modified":"2024-06-11T11:52:30","modified_gmt":"2024-06-11T09:52:30","slug":"mes-de-2-000-quilometres-per-recaptar-fons-per-a-la-investigacio-contra-el-cancer","status":"publish","type":"post","link":"https:\/\/radiolitoral.com\/ca\/2024\/06\/mas-de-2-000-kilometros-para-recaudar-fondos-para-la-investigacion-contra-el-cancer\/","title":{"rendered":"M\u00e9s de 2.000 quil\u00f2metres per recaptar fons per a la investigaci\u00f3 contra el c\u00e0ncer"},"content":{"rendered":"<p>El ciclista belga <strong>Ga\u00ebtan Leconte<\/strong> ha arribat a <strong>Calp<\/strong> despr\u00e9s de rec\u00f3rrer m\u00e9s de 2.000 quil\u00f2metres pedalant des de Mouscron (B\u00e8lgica).<\/p>\n<p>Aquesta \u00e9s la dist\u00e0ncia que separa la ciutat de la prov\u00edncia de Henao, a la Regi\u00f3 Valona, on viu, de la ciutat del Penyal d&#039;Ifac, on resideix actualment la seva mare. Un dur trajecte que a m\u00e9s tenia un fi solidari, i \u00e9s que Leconte ha recaptat<strong> un euro per cada quil\u00f2metre completat<\/strong>. Uns diners que es destinaran a la investigaci\u00f3 per part de la <em>Fondation contre li cancer<\/em>. Un desafiament que ha tingut la seva mare com a est\u00edmul, la qual va ser operada amb \u00e8xit de c\u00e0ncer de mama ara fa un any.<\/p>\n<p>En poc m\u00e9s de dues setmanes, Leconte ha realitzat aquest recorregut sortint des de Mouscron el 21 de maig passat i arribant a Calp el cap de setmana passat.<\/p>\n<p>La fita ha estat celebrada amb m\u00fasica, crits i aplaudiments. El belga ha estat rebut per les autoritats locals, membres de l&#039;Associaci\u00f3 Alacant contra el C\u00e0ncer, amb seu a Calp, i un grup de ciclistes l&#039;han acompanyat durant els darrers quil\u00f2metres fins al punt de meta.<\/p>","protected":false},"excerpt":{"rendered":"<p>El ciclista belga Ga\u00ebtan Leconte ha llegado a Calp tras recorrer m\u00e1s de 2.000 kil\u00f3metros pedaleando desde Mouscron (B\u00e9lgica). Esta es la distancia que separa la ciudad de la provincia de Henao, en la Regi\u00f3n Valona, donde vive, de la ciudad del Pe\u00f1\u00f3n de Ifach, donde reside actualmente su madre. Un duro trayecto que adem\u00e1s [&#8230;]<\/p>\n<p><a class=\"btn btn-secondary understrap-read-more-link\" href=\"https:\/\/radiolitoral.com\/ca\/2024\/06\/mas-de-2-000-kilometros-para-recaudar-fondos-para-la-investigacion-contra-el-cancer\/\">Continua llegint&#8230;<span class=\"screen-reader-text\"> from M\u00e1s de 2.000 kil\u00f3metros para recaudar fondos para la investigaci\u00f3n contra el c\u00e1ncer<\/span><\/a><\/p>\n","protected":false},"author":14,"featured_media":9458,"comment_status":"open","ping_status":"closed","sticky":false,"template":"","format":"standard","meta":{"_acf_changed":false,"inline_featured_image":false,"footnotes":""},"categories":[46],"tags":[122,1541,1543,1542,715],"class_list":["post-9457","post","type-post","status-publish","format-standard","has-post-thumbnail","hentry","category-sociedad","tag-calp","tag-ciclista-belga","tag-gaetan-leconte","tag-mouscron","tag-solidaridad","cobertura-calp"],"acf":[],"yoast_head":"<!-- This site is optimized with the Yoast SEO plugin v27.5 - https:\/\/yoast.com\/product\/yoast-seo-wordpress\/ -->\n<title>M\u00e1s de 2.000 kil\u00f3metros para recaudar fondos para la investigaci\u00f3n contra el c\u00e1ncer | R\u00e0dio Litoral<\/title>\n<meta name=\"description\" content=\"Un ciclista belga llega desde Mouscron (B\u00e9lgica) hasta Calp consiguiendo m\u00e1s de 2.000 euros\" \/>\n<meta name=\"robots\" content=\"index, follow, max-snippet:-1, max-image-preview:large, max-video-preview:-1\" \/>\n<link rel=\"canonical\" href=\"https:\/\/radiolitoral.com\/ca\/2024\/06\/mes-de-2-000-quilometres-per-recaptar-fons-per-a-la-investigacio-contra-el-cancer\/\" \/>\n<meta property=\"og:locale\" content=\"ca_ES\" \/>\n<meta property=\"og:type\" content=\"article\" \/>\n<meta property=\"og:title\" content=\"M\u00e1s de 2.000 kil\u00f3metros para recaudar fondos para la investigaci\u00f3n contra el c\u00e1ncer | R\u00e0dio Litoral\" \/>\n<meta property=\"og:description\" content=\"Un ciclista belga llega desde Mouscron (B\u00e9lgica) hasta Calp consiguiendo m\u00e1s de 2.000 euros\" \/>\n<meta property=\"og:url\" content=\"https:\/\/radiolitoral.com\/ca\/2024\/06\/mes-de-2-000-quilometres-per-recaptar-fons-per-a-la-investigacio-contra-el-cancer\/\" \/>\n<meta property=\"og:site_name\" content=\"R\u00e0dio Litoral\" \/>\n<meta property=\"article:publisher\" content=\"https:\/\/www.facebook.com\/Laradiolitoral\/\" \/>\n<meta property=\"article:published_time\" content=\"2024-06-11T09:39:25+00:00\" \/>\n<meta property=\"article:modified_time\" content=\"2024-06-11T09:52:30+00:00\" \/>\n<meta property=\"og:image\" content=\"https:\/\/radiolitoral.com\/wp-content\/uploads\/2024\/06\/WhatsApp-Image-2024-06-11-at-10.39.08.jpeg\" \/>\n\t<meta property=\"og:image:width\" content=\"1600\" \/>\n\t<meta property=\"og:image:height\" content=\"900\" \/>\n\t<meta property=\"og:image:type\" content=\"image\/jpeg\" \/>\n<meta name=\"author\" content=\"Redacci\u00f3n\" \/>\n<meta name=\"twitter:card\" content=\"summary_large_image\" \/>\n<meta name=\"twitter:label1\" content=\"Escrit per\" \/>\n\t<meta name=\"twitter:data1\" content=\"Redacci\u00f3n\" \/>\n\t<meta name=\"twitter:label2\" content=\"Temps estimat de lectura\" \/>\n\t<meta name=\"twitter:data2\" content=\"2 minuts\" \/>\n<script type=\"application\/ld+json\" class=\"yoast-schema-graph\">{\"@context\":\"https:\\\/\\\/schema.org\",\"@graph\":[{\"@type\":\"NewsArticle\",\"@id\":\"https:\\\/\\\/radiolitoral.com\\\/2024\\\/06\\\/mas-de-2-000-kilometros-para-recaudar-fondos-para-la-investigacion-contra-el-cancer\\\/#article\",\"isPartOf\":{\"@id\":\"https:\\\/\\\/radiolitoral.com\\\/2024\\\/06\\\/mas-de-2-000-kilometros-para-recaudar-fondos-para-la-investigacion-contra-el-cancer\\\/\"},\"author\":{\"name\":\"Redacci\u00f3n\",\"@id\":\"https:\\\/\\\/radiolitoral.com\\\/#\\\/schema\\\/person\\\/96b739642eb3bedb532aac3812d23307\"},\"headline\":\"M\u00e1s de 2.000 kil\u00f3metros para recaudar fondos para la investigaci\u00f3n contra el c\u00e1ncer\",\"datePublished\":\"2024-06-11T09:39:25+00:00\",\"dateModified\":\"2024-06-11T09:52:30+00:00\",\"mainEntityOfPage\":{\"@id\":\"https:\\\/\\\/radiolitoral.com\\\/2024\\\/06\\\/mas-de-2-000-kilometros-para-recaudar-fondos-para-la-investigacion-contra-el-cancer\\\/\"},\"wordCount\":222,\"commentCount\":0,\"publisher\":{\"@id\":\"https:\\\/\\\/radiolitoral.com\\\/#organization\"},\"image\":{\"@id\":\"https:\\\/\\\/radiolitoral.com\\\/2024\\\/06\\\/mas-de-2-000-kilometros-para-recaudar-fondos-para-la-investigacion-contra-el-cancer\\\/#primaryimage\"},\"thumbnailUrl\":\"https:\\\/\\\/media.radiolitoral.com\\\/wp-content\\\/uploads\\\/2024\\\/06\\\/01233523\\\/WhatsApp-Image-2024-06-11-at-10.39.08.jpeg\",\"keywords\":[\"Calp\",\"Ciclista belga\",\"Ga\u00ebtan Leconte\",\"Mouscron\",\"Solidaridad\"],\"articleSection\":[\"Sociedad\"],\"inLanguage\":\"ca\",\"potentialAction\":[{\"@type\":\"CommentAction\",\"name\":\"Comment\",\"target\":[\"https:\\\/\\\/radiolitoral.com\\\/2024\\\/06\\\/mas-de-2-000-kilometros-para-recaudar-fondos-para-la-investigacion-contra-el-cancer\\\/#respond\"]}]},{\"@type\":[\"WebPage\",\"ItemPage\"],\"@id\":\"https:\\\/\\\/radiolitoral.com\\\/2024\\\/06\\\/mas-de-2-000-kilometros-para-recaudar-fondos-para-la-investigacion-contra-el-cancer\\\/\",\"url\":\"https:\\\/\\\/radiolitoral.com\\\/2024\\\/06\\\/mas-de-2-000-kilometros-para-recaudar-fondos-para-la-investigacion-contra-el-cancer\\\/\",\"name\":\"M\u00e1s de 2.000 kil\u00f3metros para recaudar fondos para la investigaci\u00f3n contra el c\u00e1ncer | R\u00e0dio Litoral\",\"isPartOf\":{\"@id\":\"https:\\\/\\\/radiolitoral.com\\\/#website\"},\"primaryImageOfPage\":{\"@id\":\"https:\\\/\\\/radiolitoral.com\\\/2024\\\/06\\\/mas-de-2-000-kilometros-para-recaudar-fondos-para-la-investigacion-contra-el-cancer\\\/#primaryimage\"},\"image\":{\"@id\":\"https:\\\/\\\/radiolitoral.com\\\/2024\\\/06\\\/mas-de-2-000-kilometros-para-recaudar-fondos-para-la-investigacion-contra-el-cancer\\\/#primaryimage\"},\"thumbnailUrl\":\"https:\\\/\\\/media.radiolitoral.com\\\/wp-content\\\/uploads\\\/2024\\\/06\\\/01233523\\\/WhatsApp-Image-2024-06-11-at-10.39.08.jpeg\",\"datePublished\":\"2024-06-11T09:39:25+00:00\",\"dateModified\":\"2024-06-11T09:52:30+00:00\",\"description\":\"Un ciclista belga llega desde Mouscron (B\u00e9lgica) hasta Calp consiguiendo m\u00e1s de 2.000 euros\",\"breadcrumb\":{\"@id\":\"https:\\\/\\\/radiolitoral.com\\\/2024\\\/06\\\/mas-de-2-000-kilometros-para-recaudar-fondos-para-la-investigacion-contra-el-cancer\\\/#breadcrumb\"},\"inLanguage\":\"ca\",\"potentialAction\":[{\"@type\":\"ReadAction\",\"target\":[\"https:\\\/\\\/radiolitoral.com\\\/2024\\\/06\\\/mas-de-2-000-kilometros-para-recaudar-fondos-para-la-investigacion-contra-el-cancer\\\/\"]}]},{\"@type\":\"ImageObject\",\"inLanguage\":\"ca\",\"@id\":\"https:\\\/\\\/radiolitoral.com\\\/2024\\\/06\\\/mas-de-2-000-kilometros-para-recaudar-fondos-para-la-investigacion-contra-el-cancer\\\/#primaryimage\",\"url\":\"https:\\\/\\\/media.radiolitoral.com\\\/wp-content\\\/uploads\\\/2024\\\/06\\\/01233523\\\/WhatsApp-Image-2024-06-11-at-10.39.08.jpeg\",\"contentUrl\":\"https:\\\/\\\/media.radiolitoral.com\\\/wp-content\\\/uploads\\\/2024\\\/06\\\/01233523\\\/WhatsApp-Image-2024-06-11-at-10.39.08.jpeg\",\"width\":1600,\"height\":900},{\"@type\":\"BreadcrumbList\",\"@id\":\"https:\\\/\\\/radiolitoral.com\\\/2024\\\/06\\\/mas-de-2-000-kilometros-para-recaudar-fondos-para-la-investigacion-contra-el-cancer\\\/#breadcrumb\",\"itemListElement\":[{\"@type\":\"ListItem\",\"position\":1,\"name\":\"Portada\",\"item\":\"https:\\\/\\\/radiolitoral.com\\\/\"},{\"@type\":\"ListItem\",\"position\":2,\"name\":\"M\u00e1s de 2.000 kil\u00f3metros para recaudar fondos para la investigaci\u00f3n contra el c\u00e1ncer\"}]},{\"@type\":\"WebSite\",\"@id\":\"https:\\\/\\\/radiolitoral.com\\\/#website\",\"url\":\"https:\\\/\\\/radiolitoral.com\\\/\",\"name\":\"Radio Litoral\",\"description\":\"La radio local de la Marina Alta\",\"publisher\":{\"@id\":\"https:\\\/\\\/radiolitoral.com\\\/#organization\"},\"alternateName\":\"Litoral FM\",\"potentialAction\":[{\"@type\":\"SearchAction\",\"target\":{\"@type\":\"EntryPoint\",\"urlTemplate\":\"https:\\\/\\\/radiolitoral.com\\\/?s={search_term_string}\"},\"query-input\":{\"@type\":\"PropertyValueSpecification\",\"valueRequired\":true,\"valueName\":\"search_term_string\"}}],\"inLanguage\":\"ca\"},{\"@type\":\"Organization\",\"@id\":\"https:\\\/\\\/radiolitoral.com\\\/#organization\",\"name\":\"Radio Litoral\",\"url\":\"https:\\\/\\\/radiolitoral.com\\\/\",\"logo\":{\"@type\":\"ImageObject\",\"inLanguage\":\"ca\",\"@id\":\"https:\\\/\\\/radiolitoral.com\\\/#\\\/schema\\\/logo\\\/image\\\/\",\"url\":\"https:\\\/\\\/media.radiolitoral.com\\\/wp-content\\\/uploads\\\/2023\\\/02\\\/24143238\\\/CL-V-RadioLitoral696.png\",\"contentUrl\":\"https:\\\/\\\/media.radiolitoral.com\\\/wp-content\\\/uploads\\\/2023\\\/02\\\/24143238\\\/CL-V-RadioLitoral696.png\",\"width\":696,\"height\":696,\"caption\":\"Radio Litoral\"},\"image\":{\"@id\":\"https:\\\/\\\/radiolitoral.com\\\/#\\\/schema\\\/logo\\\/image\\\/\"},\"sameAs\":[\"https:\\\/\\\/www.facebook.com\\\/Laradiolitoral\\\/\"]},{\"@type\":\"Person\",\"@id\":\"https:\\\/\\\/radiolitoral.com\\\/#\\\/schema\\\/person\\\/96b739642eb3bedb532aac3812d23307\",\"name\":\"Redacci\u00f3n\",\"image\":{\"@type\":\"ImageObject\",\"inLanguage\":\"ca\",\"@id\":\"https:\\\/\\\/secure.gravatar.com\\\/avatar\\\/30cd06129ee90411dd9c7cbdcf17464181d1a3c7b072e92070ea75a25cf0097e?s=96&d=mm&r=g\",\"url\":\"https:\\\/\\\/secure.gravatar.com\\\/avatar\\\/30cd06129ee90411dd9c7cbdcf17464181d1a3c7b072e92070ea75a25cf0097e?s=96&d=mm&r=g\",\"contentUrl\":\"https:\\\/\\\/secure.gravatar.com\\\/avatar\\\/30cd06129ee90411dd9c7cbdcf17464181d1a3c7b072e92070ea75a25cf0097e?s=96&d=mm&r=g\",\"caption\":\"Redacci\u00f3n\"},\"url\":\"https:\\\/\\\/radiolitoral.com\\\/ca\\\/author\\\/kevin-carrio\\\/\"}]}<\/script>\n<!-- \/ Yoast SEO plugin. -->","yoast_head_json":{"title":"M\u00e9s de 2.000 quil\u00f2metres per recaptar fons per a la investigaci\u00f3 contra el c\u00e0ncer | R\u00e0dio Litoral","description":"Un ciclista belga arriba des de Mouscron (B\u00e8lgica) fins a Calp aconseguint m\u00e9s de 2.000 euros","robots":{"index":"index","follow":"follow","max-snippet":"max-snippet:-1","max-image-preview":"max-image-preview:large","max-video-preview":"max-video-preview:-1"},"canonical":"https:\/\/radiolitoral.com\/ca\/2024\/06\/mes-de-2-000-quilometres-per-recaptar-fons-per-a-la-investigacio-contra-el-cancer\/","og_locale":"ca_ES","og_type":"article","og_title":"M\u00e1s de 2.000 kil\u00f3metros para recaudar fondos para la investigaci\u00f3n contra el c\u00e1ncer | R\u00e0dio Litoral","og_description":"Un ciclista belga llega desde Mouscron (B\u00e9lgica) hasta Calp consiguiendo m\u00e1s de 2.000 euros","og_url":"https:\/\/radiolitoral.com\/ca\/2024\/06\/mes-de-2-000-quilometres-per-recaptar-fons-per-a-la-investigacio-contra-el-cancer\/","og_site_name":"R\u00e0dio Litoral","article_publisher":"https:\/\/www.facebook.com\/Laradiolitoral\/","article_published_time":"2024-06-11T09:39:25+00:00","article_modified_time":"2024-06-11T09:52:30+00:00","og_image":[{"width":1600,"height":900,"url":"https:\/\/radiolitoral.com\/wp-content\/uploads\/2024\/06\/WhatsApp-Image-2024-06-11-at-10.39.08.jpeg","type":"image\/jpeg"}],"author":"Redacci\u00f3n","twitter_card":"summary_large_image","twitter_misc":{"Escrit per":"Redacci\u00f3n","Temps estimat de lectura":"2 minuts"},"schema":{"@context":"https:\/\/schema.org","@graph":[{"@type":"NewsArticle","@id":"https:\/\/radiolitoral.com\/2024\/06\/mas-de-2-000-kilometros-para-recaudar-fondos-para-la-investigacion-contra-el-cancer\/#article","isPartOf":{"@id":"https:\/\/radiolitoral.com\/2024\/06\/mas-de-2-000-kilometros-para-recaudar-fondos-para-la-investigacion-contra-el-cancer\/"},"author":{"name":"Redacci\u00f3n","@id":"https:\/\/radiolitoral.com\/#\/schema\/person\/96b739642eb3bedb532aac3812d23307"},"headline":"M\u00e1s de 2.000 kil\u00f3metros para recaudar fondos para la investigaci\u00f3n contra el c\u00e1ncer","datePublished":"2024-06-11T09:39:25+00:00","dateModified":"2024-06-11T09:52:30+00:00","mainEntityOfPage":{"@id":"https:\/\/radiolitoral.com\/2024\/06\/mas-de-2-000-kilometros-para-recaudar-fondos-para-la-investigacion-contra-el-cancer\/"},"wordCount":222,"commentCount":0,"publisher":{"@id":"https:\/\/radiolitoral.com\/#organization"},"image":{"@id":"https:\/\/radiolitoral.com\/2024\/06\/mas-de-2-000-kilometros-para-recaudar-fondos-para-la-investigacion-contra-el-cancer\/#primaryimage"},"thumbnailUrl":"https:\/\/media.radiolitoral.com\/wp-content\/uploads\/2024\/06\/01233523\/WhatsApp-Image-2024-06-11-at-10.39.08.jpeg","keywords":["Calp","Ciclista belga","Ga\u00ebtan Leconte","Mouscron","Solidaridad"],"articleSection":["Sociedad"],"inLanguage":"ca","potentialAction":[{"@type":"CommentAction","name":"Comment","target":["https:\/\/radiolitoral.com\/2024\/06\/mas-de-2-000-kilometros-para-recaudar-fondos-para-la-investigacion-contra-el-cancer\/#respond"]}]},{"@type":["WebPage","ItemPage"],"@id":"https:\/\/radiolitoral.com\/2024\/06\/mas-de-2-000-kilometros-para-recaudar-fondos-para-la-investigacion-contra-el-cancer\/","url":"https:\/\/radiolitoral.com\/2024\/06\/mas-de-2-000-kilometros-para-recaudar-fondos-para-la-investigacion-contra-el-cancer\/","name":"M\u00e9s de 2.000 quil\u00f2metres per recaptar fons per a la investigaci\u00f3 contra el c\u00e0ncer | R\u00e0dio Litoral","isPartOf":{"@id":"https:\/\/radiolitoral.com\/#website"},"primaryImageOfPage":{"@id":"https:\/\/radiolitoral.com\/2024\/06\/mas-de-2-000-kilometros-para-recaudar-fondos-para-la-investigacion-contra-el-cancer\/#primaryimage"},"image":{"@id":"https:\/\/radiolitoral.com\/2024\/06\/mas-de-2-000-kilometros-para-recaudar-fondos-para-la-investigacion-contra-el-cancer\/#primaryimage"},"thumbnailUrl":"https:\/\/media.radiolitoral.com\/wp-content\/uploads\/2024\/06\/01233523\/WhatsApp-Image-2024-06-11-at-10.39.08.jpeg","datePublished":"2024-06-11T09:39:25+00:00","dateModified":"2024-06-11T09:52:30+00:00","description":"Un ciclista belga arriba des de Mouscron (B\u00e8lgica) fins a Calp aconseguint m\u00e9s de 2.000 euros","breadcrumb":{"@id":"https:\/\/radiolitoral.com\/2024\/06\/mas-de-2-000-kilometros-para-recaudar-fondos-para-la-investigacion-contra-el-cancer\/#breadcrumb"},"inLanguage":"ca","potentialAction":[{"@type":"ReadAction","target":["https:\/\/radiolitoral.com\/2024\/06\/mas-de-2-000-kilometros-para-recaudar-fondos-para-la-investigacion-contra-el-cancer\/"]}]},{"@type":"ImageObject","inLanguage":"ca","@id":"https:\/\/radiolitoral.com\/2024\/06\/mas-de-2-000-kilometros-para-recaudar-fondos-para-la-investigacion-contra-el-cancer\/#primaryimage","url":"https:\/\/media.radiolitoral.com\/wp-content\/uploads\/2024\/06\/01233523\/WhatsApp-Image-2024-06-11-at-10.39.08.jpeg","contentUrl":"https:\/\/media.radiolitoral.com\/wp-content\/uploads\/2024\/06\/01233523\/WhatsApp-Image-2024-06-11-at-10.39.08.jpeg","width":1600,"height":900},{"@type":"BreadcrumbList","@id":"https:\/\/radiolitoral.com\/2024\/06\/mas-de-2-000-kilometros-para-recaudar-fondos-para-la-investigacion-contra-el-cancer\/#breadcrumb","itemListElement":[{"@type":"ListItem","position":1,"name":"Portada","item":"https:\/\/radiolitoral.com\/"},{"@type":"ListItem","position":2,"name":"M\u00e1s de 2.000 kil\u00f3metros para recaudar fondos para la investigaci\u00f3n contra el c\u00e1ncer"}]},{"@type":"WebSite","@id":"https:\/\/radiolitoral.com\/#website","url":"https:\/\/radiolitoral.com\/","name":"R\u00e0dio Litoral","description":"La r\u00e0dio local de la Marina Alta","publisher":{"@id":"https:\/\/radiolitoral.com\/#organization"},"alternateName":"Litoral FM","potentialAction":[{"@type":"SearchAction","target":{"@type":"EntryPoint","urlTemplate":"https:\/\/radiolitoral.com\/?s={search_term_string}"},"query-input":{"@type":"PropertyValueSpecification","valueRequired":true,"valueName":"search_term_string"}}],"inLanguage":"ca"},{"@type":"Organization","@id":"https:\/\/radiolitoral.com\/#organization","name":"R\u00e0dio Litoral","url":"https:\/\/radiolitoral.com\/","logo":{"@type":"ImageObject","inLanguage":"ca","@id":"https:\/\/radiolitoral.com\/#\/schema\/logo\/image\/","url":"https:\/\/media.radiolitoral.com\/wp-content\/uploads\/2023\/02\/24143238\/CL-V-RadioLitoral696.png","contentUrl":"https:\/\/media.radiolitoral.com\/wp-content\/uploads\/2023\/02\/24143238\/CL-V-RadioLitoral696.png","width":696,"height":696,"caption":"Radio Litoral"},"image":{"@id":"https:\/\/radiolitoral.com\/#\/schema\/logo\/image\/"},"sameAs":["https:\/\/www.facebook.com\/Laradiolitoral\/"]},{"@type":"Person","@id":"https:\/\/radiolitoral.com\/#\/schema\/person\/96b739642eb3bedb532aac3812d23307","name":"Redacci\u00f3","image":{"@type":"ImageObject","inLanguage":"ca","@id":"https:\/\/secure.gravatar.com\/avatar\/30cd06129ee90411dd9c7cbdcf17464181d1a3c7b072e92070ea75a25cf0097e?s=96&d=mm&r=g","url":"https:\/\/secure.gravatar.com\/avatar\/30cd06129ee90411dd9c7cbdcf17464181d1a3c7b072e92070ea75a25cf0097e?s=96&d=mm&r=g","contentUrl":"https:\/\/secure.gravatar.com\/avatar\/30cd06129ee90411dd9c7cbdcf17464181d1a3c7b072e92070ea75a25cf0097e?s=96&d=mm&r=g","caption":"Redacci\u00f3n"},"url":"https:\/\/radiolitoral.com\/ca\/author\/kevin-carrio\/"}]}},"_links":{"self":[{"href":"https:\/\/radiolitoral.com\/ca\/wp-json\/wp\/v2\/posts\/9457","targetHints":{"allow":["GET"]}}],"collection":[{"href":"https:\/\/radiolitoral.com\/ca\/wp-json\/wp\/v2\/posts"}],"about":[{"href":"https:\/\/radiolitoral.com\/ca\/wp-json\/wp\/v2\/types\/post"}],"author":[{"embeddable":true,"href":"https:\/\/radiolitoral.com\/ca\/wp-json\/wp\/v2\/users\/14"}],"replies":[{"embeddable":true,"href":"https:\/\/radiolitoral.com\/ca\/wp-json\/wp\/v2\/comments?post=9457"}],"version-history":[{"count":1,"href":"https:\/\/radiolitoral.com\/ca\/wp-json\/wp\/v2\/posts\/9457\/revisions"}],"predecessor-version":[{"id":9459,"href":"https:\/\/radiolitoral.com\/ca\/wp-json\/wp\/v2\/posts\/9457\/revisions\/9459"}],"wp:featuredmedia":[{"embeddable":true,"href":"https:\/\/radiolitoral.com\/ca\/wp-json\/wp\/v2\/media\/9458"}],"wp:attachment":[{"href":"https:\/\/radiolitoral.com\/ca\/wp-json\/wp\/v2\/media?parent=9457"}],"wp:term":[{"taxonomy":"category","embeddable":true,"href":"https:\/\/radiolitoral.com\/ca\/wp-json\/wp\/v2\/categories?post=9457"},{"taxonomy":"post_tag","embeddable":true,"href":"https:\/\/radiolitoral.com\/ca\/wp-json\/wp\/v2\/tags?post=9457"}],"curies":[{"name":"wp","href":"https:\/\/api.w.org\/{rel}","templated":true}]}}