{"id":9450,"date":"2024-06-10T17:50:58","date_gmt":"2024-06-10T15:50:58","guid":{"rendered":"https:\/\/radiolitoral.com\/?p=9450"},"modified":"2024-06-10T17:52:48","modified_gmt":"2024-06-10T15:52:48","slug":"el-pp-guanya-les-europees-del-9-j-a-calp-benissa-teulada-i-el-poble-nou-de-benitatxell","status":"publish","type":"post","link":"https:\/\/radiolitoral.com\/ca\/2024\/06\/el-pp-gana-las-europeas-del-9-j-en-calp-benissa-teulada-y-el-poble-nou-de-benitatxell\/","title":{"rendered":"El PP guanya les Europees del 9-J a Calp, Benissa, Teulada i el Poble Nou de Benitatxell"},"content":{"rendered":"<div class=\"flex flex-grow flex-col max-w-full\">\n<div class=\"min-h-[20px] text-message flex flex-col items-start whitespace-pre-wrap break-words [.text-message+&amp;]:mt-5 juice:w-full juice:items-end overflow-x-auto gap-2\" dir=\"auto\" data-message-author-role=\"assistant\" data-message-id=\"fa074ba9-4019-4311-a06b-c30a28dae670\">\n<div class=\"flex w-full flex-col gap-1 juice:empty:hidden juice:first:pt-[3px]\">\n<div class=\"markdown prose w-full break-words dark:prose-invert light\">\n<p>Los Socialistas han mantenido feudos como <strong>D\u00e9nia<\/strong>, <strong>Ondara<\/strong>, <strong>Pego<\/strong> o las <strong>cuatro Valls<\/strong>; y tambi\u00e9n han ganado en <strong>Pedreguer<\/strong> y <strong>Els Poblets<\/strong>, entre otros.<\/p>\n<p>Mientras que el <strong>Partido Popular (PP)<\/strong> ha superado al PSOE en municipios como <strong>X\u00e0bia<\/strong>, <strong>Calp<\/strong> y <strong>El Poble Nou de Benitatxell<\/strong>, y han vuelto a ser los m\u00e1s votados en <strong>Benissa<\/strong> y <strong>Teulada<\/strong>.<\/p>\n<h2>Resultados en D\u00e9nia<\/h2>\n<p>En <strong>D\u00e9nia<\/strong>, el <strong>PSOE<\/strong> ha sido el partido m\u00e1s votado en estas elecciones al Parlamento Europeo, consiguiendo 4.998 apoyos; pero ha experimentado un retroceso respecto a los comicios de 2019, cuando consiguieron 6.522 votos. Por su parte, el <strong>PP<\/strong> le ha ganado terreno, respecto a las elecciones de 2019, consiguiendo 4.662 apoyos, tan solo 336 votos menos que los socialistas; y subiendo 17,64 puntos respecto a hace cinco a\u00f1os. <strong>Vox<\/strong> se ha alzado como tercera fuerza, por delante de <strong>Comprom\u00eds-Sumar<\/strong>, por tan solo 12 puntos.<\/p>\n<h2>Triunfo del PP en X\u00e0bia<\/h2>\n<p>En <strong>X\u00e0bia<\/strong>, el <strong>PP<\/strong> le ha ganado la partida al <strong>PSOE<\/strong>, consiguiendo el 36,76% del electorado que ha acudido a votar, lo que se ha traducido en 2.281 votos; frente a los 1.817 conseguidos por el <strong>Partido Socialista<\/strong>. Tambi\u00e9n aqu\u00ed, <strong>Vox<\/strong> se ha convertido en la tercera fuerza m\u00e1s votada, por delante de <strong>Comprom\u00eds-Sumar<\/strong>.<\/p>\n<h2>Victoria en Calp<\/h2>\n<p>En <strong>Calp<\/strong>, el <strong>PP<\/strong> ha superado al <strong>Partido Socialista<\/strong>, respecto a las elecciones anteriores; consiguiendo 1.588 votos, frente a los 1.462 de la segunda fuerza. Se repite el patr\u00f3n que en <strong>D\u00e9nia<\/strong> y <strong>X\u00e0bia<\/strong>, y <strong>Vox<\/strong> es el tercer partido m\u00e1s votado. E irrumpe, en la cuarta posici\u00f3n, \u2018<strong>Se acab\u00f3 la fiesta<\/strong>\u2019.<\/p>\n<h2>Feudos de Ondara y Pego<\/h2>\n<p>El <strong>PSOE<\/strong> mantiene tambi\u00e9n su hegemon\u00eda en sus feudos ondarense y pegolino. No obstante, en <strong>Ondara<\/strong> lo hace con tan solo 30 votos de diferencia con el <strong>PP<\/strong>. <strong>Comprom\u00eds-Sumar<\/strong> se queda como tercera fuerza y <strong>Vox<\/strong>, cuarta. En <strong>Pego<\/strong>, los socialistas han conseguido 1.449 votos, frente a los 1.215 del <strong>PP<\/strong>. Tambi\u00e9n aqu\u00ed, <strong>Comprom\u00eds-Sumar<\/strong> ha sido el tercer partido m\u00e1s votado, seguido de <strong>Vox<\/strong>.<\/p>\n<h2>Benissa y Teulada: Bastiones Populares<\/h2>\n<p>El <strong>PP<\/strong> se mantiene como primera fuerza en <strong>Benissa<\/strong> y <strong>Teulada<\/strong>. En el primero de los municipios, los populares han conseguido el apoyo de 1.024 vecinos, de los que han ido a votar, frente a los 951 apoyos a los socialistas. Les siguen <strong>Comprom\u00eds-Sumar<\/strong> y <strong>Vox<\/strong>. En <strong>Teulada<\/strong>, el <strong>PP<\/strong> ha conseguido 845 votos, frente a los 508 del <strong>PSOE<\/strong>. Aqu\u00ed <strong>Vox<\/strong> es la tercera fuerza m\u00e1s votada, con 244 apoyos, y <strong>Comprom\u00eds-Sumar<\/strong> se queda como cuarta.<\/p>\n<p><strong>Conclusi\u00f3n<\/strong>: Los resultados de las <strong>elecciones europeas del 9-J<\/strong> en la <strong>Marina Alta<\/strong> han mostrado un claro dominio del <strong>Partido Popular (PP)<\/strong> en varios municipios clave, destacando su \u00e9xito en <strong>Calp<\/strong>, <strong>Benissa<\/strong>, <strong>Teulada<\/strong> y <strong>El Poble Nou de Benitatxell<\/strong>. Mientras tanto, el <strong>PSOE<\/strong> mantiene su fortaleza en otros feudos tradicionales como <strong>D\u00e9nia<\/strong>, <strong>Ondara<\/strong> y <strong>Pego<\/strong>.<\/p>\n<\/div>\n<\/div>\n<\/div>\n<\/div>\n","protected":false},"excerpt":{"rendered":"<p>Los Socialistas han mantenido feudos como D\u00e9nia, Ondara, Pego o las cuatro Valls; y tambi\u00e9n han ganado en Pedreguer y Els Poblets, entre otros. Mientras que el Partido Popular (PP) ha superado al PSOE en municipios como X\u00e0bia, Calp y El Poble Nou de Benitatxell, y han vuelto a ser los m\u00e1s votados en Benissa [&#8230;]<\/p>\n<p><a class=\"btn btn-secondary understrap-read-more-link\" href=\"https:\/\/radiolitoral.com\/ca\/2024\/06\/el-pp-gana-las-europeas-del-9-j-en-calp-benissa-teulada-y-el-poble-nou-de-benitatxell\/\">Continua llegint&#8230;<span class=\"screen-reader-text\"> from El PP gana las Europeas del 9-J en Calp, Benissa, Teulada y El Poble Nou de Benitatxell<\/span><\/a><\/p>\n","protected":false},"author":13,"featured_media":9453,"comment_status":"open","ping_status":"closed","sticky":false,"template":"","format":"standard","meta":{"_acf_changed":false,"inline_featured_image":false,"footnotes":""},"categories":[1539,13],"tags":[126,122,191,185,1540,839,194,708,146,196],"class_list":["post-9450","post","type-post","status-publish","format-standard","has-post-thumbnail","hentry","category-elecciones-europeas-9-j","category-politica","tag-benissa","tag-calp","tag-denia","tag-el-poble-nou-de-benitatxell","tag-elecciones-europeas-9-j","tag-ondara","tag-pego","tag-politica","tag-teulada","tag-xabia","cobertura-marina-alta"],"acf":[],"yoast_head":"<!-- This site is optimized with the Yoast SEO plugin v27.5 - https:\/\/yoast.com\/product\/yoast-seo-wordpress\/ -->\n<title>El PP gana las Europeas del 9-J en Calp, Benissa, Teulada y El Poble Nou de Benitatxell | R\u00e0dio Litoral<\/title>\n<meta name=\"description\" content=\"Los populares han ganado la partida a los Socialistas en la ciudad del Pe\u00f3n, manteniendo sus feudos benissero y teuladino Los populares han ganado la partida a los Socialistas en la ciudad del Pe\u00f3n, manteniendo sus feudos benissero y teuladino\" \/>\n<meta name=\"robots\" content=\"index, follow, max-snippet:-1, max-image-preview:large, max-video-preview:-1\" \/>\n<link rel=\"canonical\" href=\"https:\/\/radiolitoral.com\/ca\/2024\/06\/el-pp-guanya-les-europees-del-9-j-a-calp-benissa-teulada-i-el-poble-nou-de-benitatxell\/\" \/>\n<meta property=\"og:locale\" content=\"ca_ES\" \/>\n<meta property=\"og:type\" content=\"article\" \/>\n<meta property=\"og:title\" content=\"El PP gana las Europeas del 9-J en Calp, Benissa, Teulada y El Poble Nou de Benitatxell | R\u00e0dio Litoral\" \/>\n<meta property=\"og:description\" content=\"Los populares han ganado la partida a los Socialistas en la ciudad del Pe\u00f3n, manteniendo sus feudos benissero y teuladino Los populares han ganado la partida a los Socialistas en la ciudad del Pe\u00f3n, manteniendo sus feudos benissero y teuladino\" \/>\n<meta property=\"og:url\" content=\"https:\/\/radiolitoral.com\/ca\/2024\/06\/el-pp-guanya-les-europees-del-9-j-a-calp-benissa-teulada-i-el-poble-nou-de-benitatxell\/\" \/>\n<meta property=\"og:site_name\" content=\"R\u00e0dio Litoral\" \/>\n<meta property=\"article:publisher\" content=\"https:\/\/www.facebook.com\/Laradiolitoral\/\" \/>\n<meta property=\"article:published_time\" content=\"2024-06-10T15:50:58+00:00\" \/>\n<meta property=\"article:modified_time\" content=\"2024-06-10T15:52:48+00:00\" \/>\n<meta property=\"og:image\" content=\"https:\/\/radiolitoral.com\/wp-content\/uploads\/2024\/06\/Jornada-votacion-9-J-2024-Denia-15-scaled.jpg\" \/>\n\t<meta property=\"og:image:width\" content=\"2560\" \/>\n\t<meta property=\"og:image:height\" content=\"1709\" \/>\n\t<meta property=\"og:image:type\" content=\"image\/jpeg\" \/>\n<meta name=\"author\" content=\"Redacci\u00f3n\" \/>\n<meta name=\"twitter:card\" content=\"summary_large_image\" \/>\n<meta name=\"twitter:label1\" content=\"Escrit per\" \/>\n\t<meta name=\"twitter:data1\" content=\"Redacci\u00f3n\" \/>\n\t<meta name=\"twitter:label2\" content=\"Temps estimat de lectura\" \/>\n\t<meta name=\"twitter:data2\" content=\"3 minuts\" \/>\n<script type=\"application\/ld+json\" class=\"yoast-schema-graph\">{\"@context\":\"https:\\\/\\\/schema.org\",\"@graph\":[{\"@type\":\"NewsArticle\",\"@id\":\"https:\\\/\\\/radiolitoral.com\\\/2024\\\/06\\\/el-pp-gana-las-europeas-del-9-j-en-calp-benissa-teulada-y-el-poble-nou-de-benitatxell\\\/#article\",\"isPartOf\":{\"@id\":\"https:\\\/\\\/radiolitoral.com\\\/2024\\\/06\\\/el-pp-gana-las-europeas-del-9-j-en-calp-benissa-teulada-y-el-poble-nou-de-benitatxell\\\/\"},\"author\":{\"name\":\"Redacci\u00f3n\",\"@id\":\"https:\\\/\\\/radiolitoral.com\\\/#\\\/schema\\\/person\\\/f2b2343c49b5d721857cc1002bfdb151\"},\"headline\":\"El PP gana las Europeas del 9-J en Calp, Benissa, Teulada y El Poble Nou de Benitatxell\",\"datePublished\":\"2024-06-10T15:50:58+00:00\",\"dateModified\":\"2024-06-10T15:52:48+00:00\",\"mainEntityOfPage\":{\"@id\":\"https:\\\/\\\/radiolitoral.com\\\/2024\\\/06\\\/el-pp-gana-las-europeas-del-9-j-en-calp-benissa-teulada-y-el-poble-nou-de-benitatxell\\\/\"},\"wordCount\":491,\"commentCount\":0,\"publisher\":{\"@id\":\"https:\\\/\\\/radiolitoral.com\\\/#organization\"},\"image\":{\"@id\":\"https:\\\/\\\/radiolitoral.com\\\/2024\\\/06\\\/el-pp-gana-las-europeas-del-9-j-en-calp-benissa-teulada-y-el-poble-nou-de-benitatxell\\\/#primaryimage\"},\"thumbnailUrl\":\"https:\\\/\\\/media.radiolitoral.com\\\/wp-content\\\/uploads\\\/2024\\\/06\\\/01233526\\\/Jornada-votacion-9-J-2024-Denia-15-scaled.jpg\",\"keywords\":[\"Benissa\",\"Calp\",\"D\u00e9nia\",\"El Poble Nou de Benitatxell\",\"elecciones europeas 9-J\",\"Ondara\",\"Pego\",\"pol\u00edtica\",\"Teulada\",\"X\u00e0bia.\"],\"articleSection\":[\"Elecciones Europeas 9-J\",\"Pol\u00edtica\"],\"inLanguage\":\"ca\",\"potentialAction\":[{\"@type\":\"CommentAction\",\"name\":\"Comment\",\"target\":[\"https:\\\/\\\/radiolitoral.com\\\/2024\\\/06\\\/el-pp-gana-las-europeas-del-9-j-en-calp-benissa-teulada-y-el-poble-nou-de-benitatxell\\\/#respond\"]}]},{\"@type\":[\"WebPage\",\"ItemPage\"],\"@id\":\"https:\\\/\\\/radiolitoral.com\\\/2024\\\/06\\\/el-pp-gana-las-europeas-del-9-j-en-calp-benissa-teulada-y-el-poble-nou-de-benitatxell\\\/\",\"url\":\"https:\\\/\\\/radiolitoral.com\\\/2024\\\/06\\\/el-pp-gana-las-europeas-del-9-j-en-calp-benissa-teulada-y-el-poble-nou-de-benitatxell\\\/\",\"name\":\"El PP gana las Europeas del 9-J en Calp, Benissa, Teulada y El Poble Nou de Benitatxell | R\u00e0dio Litoral\",\"isPartOf\":{\"@id\":\"https:\\\/\\\/radiolitoral.com\\\/#website\"},\"primaryImageOfPage\":{\"@id\":\"https:\\\/\\\/radiolitoral.com\\\/2024\\\/06\\\/el-pp-gana-las-europeas-del-9-j-en-calp-benissa-teulada-y-el-poble-nou-de-benitatxell\\\/#primaryimage\"},\"image\":{\"@id\":\"https:\\\/\\\/radiolitoral.com\\\/2024\\\/06\\\/el-pp-gana-las-europeas-del-9-j-en-calp-benissa-teulada-y-el-poble-nou-de-benitatxell\\\/#primaryimage\"},\"thumbnailUrl\":\"https:\\\/\\\/media.radiolitoral.com\\\/wp-content\\\/uploads\\\/2024\\\/06\\\/01233526\\\/Jornada-votacion-9-J-2024-Denia-15-scaled.jpg\",\"datePublished\":\"2024-06-10T15:50:58+00:00\",\"dateModified\":\"2024-06-10T15:52:48+00:00\",\"description\":\"Los populares han ganado la partida a los Socialistas en la ciudad del Pe\u00f3n, manteniendo sus feudos benissero y teuladino Los populares han ganado la partida a los Socialistas en la ciudad del Pe\u00f3n, manteniendo sus feudos benissero y teuladino\",\"breadcrumb\":{\"@id\":\"https:\\\/\\\/radiolitoral.com\\\/2024\\\/06\\\/el-pp-gana-las-europeas-del-9-j-en-calp-benissa-teulada-y-el-poble-nou-de-benitatxell\\\/#breadcrumb\"},\"inLanguage\":\"ca\",\"potentialAction\":[{\"@type\":\"ReadAction\",\"target\":[\"https:\\\/\\\/radiolitoral.com\\\/2024\\\/06\\\/el-pp-gana-las-europeas-del-9-j-en-calp-benissa-teulada-y-el-poble-nou-de-benitatxell\\\/\"]}]},{\"@type\":\"ImageObject\",\"inLanguage\":\"ca\",\"@id\":\"https:\\\/\\\/radiolitoral.com\\\/2024\\\/06\\\/el-pp-gana-las-europeas-del-9-j-en-calp-benissa-teulada-y-el-poble-nou-de-benitatxell\\\/#primaryimage\",\"url\":\"https:\\\/\\\/media.radiolitoral.com\\\/wp-content\\\/uploads\\\/2024\\\/06\\\/01233526\\\/Jornada-votacion-9-J-2024-Denia-15-scaled.jpg\",\"contentUrl\":\"https:\\\/\\\/media.radiolitoral.com\\\/wp-content\\\/uploads\\\/2024\\\/06\\\/01233526\\\/Jornada-votacion-9-J-2024-Denia-15-scaled.jpg\",\"width\":2560,\"height\":1709},{\"@type\":\"BreadcrumbList\",\"@id\":\"https:\\\/\\\/radiolitoral.com\\\/2024\\\/06\\\/el-pp-gana-las-europeas-del-9-j-en-calp-benissa-teulada-y-el-poble-nou-de-benitatxell\\\/#breadcrumb\",\"itemListElement\":[{\"@type\":\"ListItem\",\"position\":1,\"name\":\"Portada\",\"item\":\"https:\\\/\\\/radiolitoral.com\\\/\"},{\"@type\":\"ListItem\",\"position\":2,\"name\":\"El PP gana las Europeas del 9-J en Calp, Benissa, Teulada y El Poble Nou de Benitatxell\"}]},{\"@type\":\"WebSite\",\"@id\":\"https:\\\/\\\/radiolitoral.com\\\/#website\",\"url\":\"https:\\\/\\\/radiolitoral.com\\\/\",\"name\":\"Radio Litoral\",\"description\":\"La radio local de la Marina Alta\",\"publisher\":{\"@id\":\"https:\\\/\\\/radiolitoral.com\\\/#organization\"},\"alternateName\":\"Litoral FM\",\"potentialAction\":[{\"@type\":\"SearchAction\",\"target\":{\"@type\":\"EntryPoint\",\"urlTemplate\":\"https:\\\/\\\/radiolitoral.com\\\/?s={search_term_string}\"},\"query-input\":{\"@type\":\"PropertyValueSpecification\",\"valueRequired\":true,\"valueName\":\"search_term_string\"}}],\"inLanguage\":\"ca\"},{\"@type\":\"Organization\",\"@id\":\"https:\\\/\\\/radiolitoral.com\\\/#organization\",\"name\":\"Radio Litoral\",\"url\":\"https:\\\/\\\/radiolitoral.com\\\/\",\"logo\":{\"@type\":\"ImageObject\",\"inLanguage\":\"ca\",\"@id\":\"https:\\\/\\\/radiolitoral.com\\\/#\\\/schema\\\/logo\\\/image\\\/\",\"url\":\"https:\\\/\\\/media.radiolitoral.com\\\/wp-content\\\/uploads\\\/2023\\\/02\\\/24143238\\\/CL-V-RadioLitoral696.png\",\"contentUrl\":\"https:\\\/\\\/media.radiolitoral.com\\\/wp-content\\\/uploads\\\/2023\\\/02\\\/24143238\\\/CL-V-RadioLitoral696.png\",\"width\":696,\"height\":696,\"caption\":\"Radio Litoral\"},\"image\":{\"@id\":\"https:\\\/\\\/radiolitoral.com\\\/#\\\/schema\\\/logo\\\/image\\\/\"},\"sameAs\":[\"https:\\\/\\\/www.facebook.com\\\/Laradiolitoral\\\/\"]},{\"@type\":\"Person\",\"@id\":\"https:\\\/\\\/radiolitoral.com\\\/#\\\/schema\\\/person\\\/f2b2343c49b5d721857cc1002bfdb151\",\"name\":\"Redacci\u00f3n\",\"image\":{\"@type\":\"ImageObject\",\"inLanguage\":\"ca\",\"@id\":\"https:\\\/\\\/secure.gravatar.com\\\/avatar\\\/f771d896c203ad8b3382d7905cfcce5a5c9b008b84b3cd9114e9b9f4cb63f789?s=96&d=mm&r=g\",\"url\":\"https:\\\/\\\/secure.gravatar.com\\\/avatar\\\/f771d896c203ad8b3382d7905cfcce5a5c9b008b84b3cd9114e9b9f4cb63f789?s=96&d=mm&r=g\",\"contentUrl\":\"https:\\\/\\\/secure.gravatar.com\\\/avatar\\\/f771d896c203ad8b3382d7905cfcce5a5c9b008b84b3cd9114e9b9f4cb63f789?s=96&d=mm&r=g\",\"caption\":\"Redacci\u00f3n\"},\"url\":\"https:\\\/\\\/radiolitoral.com\\\/ca\\\/author\\\/miriam-pagan\\\/\"}]}<\/script>\n<!-- \/ Yoast SEO plugin. -->","yoast_head_json":{"title":"El PP guanya les Europees del 9-J a Calp, Benissa, Teulada i el Poble Nou de Benitatxell | R\u00e0dio Litoral","description":"Els populars han guanyat la partida als Socialistes a la ciutat del Pe\u00f3, mantenint els seus feus benisser i teuladino Els populars han guanyat la partida als Socialistes a la ciutat del Pe\u00f3, mantenint els seus feus benisser i teuladino","robots":{"index":"index","follow":"follow","max-snippet":"max-snippet:-1","max-image-preview":"max-image-preview:large","max-video-preview":"max-video-preview:-1"},"canonical":"https:\/\/radiolitoral.com\/ca\/2024\/06\/el-pp-guanya-les-europees-del-9-j-a-calp-benissa-teulada-i-el-poble-nou-de-benitatxell\/","og_locale":"ca_ES","og_type":"article","og_title":"El PP gana las Europeas del 9-J en Calp, Benissa, Teulada y El Poble Nou de Benitatxell | R\u00e0dio Litoral","og_description":"Los populares han ganado la partida a los Socialistas en la ciudad del Pe\u00f3n, manteniendo sus feudos benissero y teuladino Los populares han ganado la partida a los Socialistas en la ciudad del Pe\u00f3n, manteniendo sus feudos benissero y teuladino","og_url":"https:\/\/radiolitoral.com\/ca\/2024\/06\/el-pp-guanya-les-europees-del-9-j-a-calp-benissa-teulada-i-el-poble-nou-de-benitatxell\/","og_site_name":"R\u00e0dio Litoral","article_publisher":"https:\/\/www.facebook.com\/Laradiolitoral\/","article_published_time":"2024-06-10T15:50:58+00:00","article_modified_time":"2024-06-10T15:52:48+00:00","og_image":[{"width":2560,"height":1709,"url":"https:\/\/radiolitoral.com\/wp-content\/uploads\/2024\/06\/Jornada-votacion-9-J-2024-Denia-15-scaled.jpg","type":"image\/jpeg"}],"author":"Redacci\u00f3n","twitter_card":"summary_large_image","twitter_misc":{"Escrit per":"Redacci\u00f3n","Temps estimat de lectura":"3 minuts"},"schema":{"@context":"https:\/\/schema.org","@graph":[{"@type":"NewsArticle","@id":"https:\/\/radiolitoral.com\/2024\/06\/el-pp-gana-las-europeas-del-9-j-en-calp-benissa-teulada-y-el-poble-nou-de-benitatxell\/#article","isPartOf":{"@id":"https:\/\/radiolitoral.com\/2024\/06\/el-pp-gana-las-europeas-del-9-j-en-calp-benissa-teulada-y-el-poble-nou-de-benitatxell\/"},"author":{"name":"Redacci\u00f3n","@id":"https:\/\/radiolitoral.com\/#\/schema\/person\/f2b2343c49b5d721857cc1002bfdb151"},"headline":"El PP gana las Europeas del 9-J en Calp, Benissa, Teulada y El Poble Nou de Benitatxell","datePublished":"2024-06-10T15:50:58+00:00","dateModified":"2024-06-10T15:52:48+00:00","mainEntityOfPage":{"@id":"https:\/\/radiolitoral.com\/2024\/06\/el-pp-gana-las-europeas-del-9-j-en-calp-benissa-teulada-y-el-poble-nou-de-benitatxell\/"},"wordCount":491,"commentCount":0,"publisher":{"@id":"https:\/\/radiolitoral.com\/#organization"},"image":{"@id":"https:\/\/radiolitoral.com\/2024\/06\/el-pp-gana-las-europeas-del-9-j-en-calp-benissa-teulada-y-el-poble-nou-de-benitatxell\/#primaryimage"},"thumbnailUrl":"https:\/\/media.radiolitoral.com\/wp-content\/uploads\/2024\/06\/01233526\/Jornada-votacion-9-J-2024-Denia-15-scaled.jpg","keywords":["Benissa","Calp","D\u00e9nia","El Poble Nou de Benitatxell","elecciones europeas 9-J","Ondara","Pego","pol\u00edtica","Teulada","X\u00e0bia."],"articleSection":["Elecciones Europeas 9-J","Pol\u00edtica"],"inLanguage":"ca","potentialAction":[{"@type":"CommentAction","name":"Comment","target":["https:\/\/radiolitoral.com\/2024\/06\/el-pp-gana-las-europeas-del-9-j-en-calp-benissa-teulada-y-el-poble-nou-de-benitatxell\/#respond"]}]},{"@type":["WebPage","ItemPage"],"@id":"https:\/\/radiolitoral.com\/2024\/06\/el-pp-gana-las-europeas-del-9-j-en-calp-benissa-teulada-y-el-poble-nou-de-benitatxell\/","url":"https:\/\/radiolitoral.com\/2024\/06\/el-pp-gana-las-europeas-del-9-j-en-calp-benissa-teulada-y-el-poble-nou-de-benitatxell\/","name":"El PP guanya les Europees del 9-J a Calp, Benissa, Teulada i el Poble Nou de Benitatxell | R\u00e0dio Litoral","isPartOf":{"@id":"https:\/\/radiolitoral.com\/#website"},"primaryImageOfPage":{"@id":"https:\/\/radiolitoral.com\/2024\/06\/el-pp-gana-las-europeas-del-9-j-en-calp-benissa-teulada-y-el-poble-nou-de-benitatxell\/#primaryimage"},"image":{"@id":"https:\/\/radiolitoral.com\/2024\/06\/el-pp-gana-las-europeas-del-9-j-en-calp-benissa-teulada-y-el-poble-nou-de-benitatxell\/#primaryimage"},"thumbnailUrl":"https:\/\/media.radiolitoral.com\/wp-content\/uploads\/2024\/06\/01233526\/Jornada-votacion-9-J-2024-Denia-15-scaled.jpg","datePublished":"2024-06-10T15:50:58+00:00","dateModified":"2024-06-10T15:52:48+00:00","description":"Els populars han guanyat la partida als Socialistes a la ciutat del Pe\u00f3, mantenint els seus feus benisser i teuladino Els populars han guanyat la partida als Socialistes a la ciutat del Pe\u00f3, mantenint els seus feus benisser i teuladino","breadcrumb":{"@id":"https:\/\/radiolitoral.com\/2024\/06\/el-pp-gana-las-europeas-del-9-j-en-calp-benissa-teulada-y-el-poble-nou-de-benitatxell\/#breadcrumb"},"inLanguage":"ca","potentialAction":[{"@type":"ReadAction","target":["https:\/\/radiolitoral.com\/2024\/06\/el-pp-gana-las-europeas-del-9-j-en-calp-benissa-teulada-y-el-poble-nou-de-benitatxell\/"]}]},{"@type":"ImageObject","inLanguage":"ca","@id":"https:\/\/radiolitoral.com\/2024\/06\/el-pp-gana-las-europeas-del-9-j-en-calp-benissa-teulada-y-el-poble-nou-de-benitatxell\/#primaryimage","url":"https:\/\/media.radiolitoral.com\/wp-content\/uploads\/2024\/06\/01233526\/Jornada-votacion-9-J-2024-Denia-15-scaled.jpg","contentUrl":"https:\/\/media.radiolitoral.com\/wp-content\/uploads\/2024\/06\/01233526\/Jornada-votacion-9-J-2024-Denia-15-scaled.jpg","width":2560,"height":1709},{"@type":"BreadcrumbList","@id":"https:\/\/radiolitoral.com\/2024\/06\/el-pp-gana-las-europeas-del-9-j-en-calp-benissa-teulada-y-el-poble-nou-de-benitatxell\/#breadcrumb","itemListElement":[{"@type":"ListItem","position":1,"name":"Portada","item":"https:\/\/radiolitoral.com\/"},{"@type":"ListItem","position":2,"name":"El PP gana las Europeas del 9-J en Calp, Benissa, Teulada y El Poble Nou de Benitatxell"}]},{"@type":"WebSite","@id":"https:\/\/radiolitoral.com\/#website","url":"https:\/\/radiolitoral.com\/","name":"R\u00e0dio Litoral","description":"La r\u00e0dio local de la Marina Alta","publisher":{"@id":"https:\/\/radiolitoral.com\/#organization"},"alternateName":"Litoral FM","potentialAction":[{"@type":"SearchAction","target":{"@type":"EntryPoint","urlTemplate":"https:\/\/radiolitoral.com\/?s={search_term_string}"},"query-input":{"@type":"PropertyValueSpecification","valueRequired":true,"valueName":"search_term_string"}}],"inLanguage":"ca"},{"@type":"Organization","@id":"https:\/\/radiolitoral.com\/#organization","name":"R\u00e0dio Litoral","url":"https:\/\/radiolitoral.com\/","logo":{"@type":"ImageObject","inLanguage":"ca","@id":"https:\/\/radiolitoral.com\/#\/schema\/logo\/image\/","url":"https:\/\/media.radiolitoral.com\/wp-content\/uploads\/2023\/02\/24143238\/CL-V-RadioLitoral696.png","contentUrl":"https:\/\/media.radiolitoral.com\/wp-content\/uploads\/2023\/02\/24143238\/CL-V-RadioLitoral696.png","width":696,"height":696,"caption":"Radio Litoral"},"image":{"@id":"https:\/\/radiolitoral.com\/#\/schema\/logo\/image\/"},"sameAs":["https:\/\/www.facebook.com\/Laradiolitoral\/"]},{"@type":"Person","@id":"https:\/\/radiolitoral.com\/#\/schema\/person\/f2b2343c49b5d721857cc1002bfdb151","name":"Redacci\u00f3","image":{"@type":"ImageObject","inLanguage":"ca","@id":"https:\/\/secure.gravatar.com\/avatar\/f771d896c203ad8b3382d7905cfcce5a5c9b008b84b3cd9114e9b9f4cb63f789?s=96&d=mm&r=g","url":"https:\/\/secure.gravatar.com\/avatar\/f771d896c203ad8b3382d7905cfcce5a5c9b008b84b3cd9114e9b9f4cb63f789?s=96&d=mm&r=g","contentUrl":"https:\/\/secure.gravatar.com\/avatar\/f771d896c203ad8b3382d7905cfcce5a5c9b008b84b3cd9114e9b9f4cb63f789?s=96&d=mm&r=g","caption":"Redacci\u00f3n"},"url":"https:\/\/radiolitoral.com\/ca\/author\/miriam-pagan\/"}]}},"_links":{"self":[{"href":"https:\/\/radiolitoral.com\/ca\/wp-json\/wp\/v2\/posts\/9450","targetHints":{"allow":["GET"]}}],"collection":[{"href":"https:\/\/radiolitoral.com\/ca\/wp-json\/wp\/v2\/posts"}],"about":[{"href":"https:\/\/radiolitoral.com\/ca\/wp-json\/wp\/v2\/types\/post"}],"author":[{"embeddable":true,"href":"https:\/\/radiolitoral.com\/ca\/wp-json\/wp\/v2\/users\/13"}],"replies":[{"embeddable":true,"href":"https:\/\/radiolitoral.com\/ca\/wp-json\/wp\/v2\/comments?post=9450"}],"version-history":[{"count":2,"href":"https:\/\/radiolitoral.com\/ca\/wp-json\/wp\/v2\/posts\/9450\/revisions"}],"predecessor-version":[{"id":9456,"href":"https:\/\/radiolitoral.com\/ca\/wp-json\/wp\/v2\/posts\/9450\/revisions\/9456"}],"wp:featuredmedia":[{"embeddable":true,"href":"https:\/\/radiolitoral.com\/ca\/wp-json\/wp\/v2\/media\/9453"}],"wp:attachment":[{"href":"https:\/\/radiolitoral.com\/ca\/wp-json\/wp\/v2\/media?parent=9450"}],"wp:term":[{"taxonomy":"category","embeddable":true,"href":"https:\/\/radiolitoral.com\/ca\/wp-json\/wp\/v2\/categories?post=9450"},{"taxonomy":"post_tag","embeddable":true,"href":"https:\/\/radiolitoral.com\/ca\/wp-json\/wp\/v2\/tags?post=9450"}],"curies":[{"name":"wp","href":"https:\/\/api.w.org\/{rel}","templated":true}]}}