{"id":9375,"date":"2024-06-05T14:21:37","date_gmt":"2024-06-05T12:21:37","guid":{"rendered":"https:\/\/radiolitoral.com\/?p=9375"},"modified":"2024-06-05T14:21:37","modified_gmt":"2024-06-05T12:21:37","slug":"el-simap-denuncia-que-la-plantilla-durgencies-de-lhospital-de-denia-es-a-la-meitat","status":"publish","type":"post","link":"https:\/\/radiolitoral.com\/ca\/2024\/06\/el-simap-denuncia-que-la-plantilla-de-urgencias-del-hospital-de-denia-esta-a-la-mitad\/","title":{"rendered":"El SIMAP denuncia que la plantilla d&#039;Urg\u00e8ncies de l&#039;Hospital de D\u00e9nia \u00e9s a la meitat"},"content":{"rendered":"<div class=\"flex flex-grow flex-col max-w-full\">\n<div class=\"min-h-[20px] text-message flex flex-col items-start whitespace-pre-wrap break-words [.text-message+&amp;]:mt-5 juice:w-full juice:items-end overflow-x-auto gap-2\" dir=\"auto\" data-message-author-role=\"assistant\" data-message-id=\"1d67583f-4e6b-41d3-a201-e3822d448de7\">\n<div class=\"flex w-full flex-col gap-1 juice:empty:hidden juice:first:pt-[3px]\">\n<div class=\"markdown prose w-full break-words dark:prose-invert light\">\n<p>El <strong>Sindicato de M\u00e9dicos de Asistencia P\u00fablica (SIMAP)<\/strong> denuncia la falta de medidas para reforzar el servicio de <strong>Urgencias del Hospital de D\u00e9nia<\/strong> de cara al verano.<\/p>\n<p>\u201cLa plantilla del <strong>Servicio de Urgencias<\/strong> deber\u00eda contar con 28 m\u00e9dicos, pero actualmente solo siguen 14\u201d, advierte el <strong>SIMAP<\/strong> sobre la situaci\u00f3n cr\u00edtica en el <strong>Hospital de D\u00e9nia<\/strong>. En un comunicado de prensa, el sindicato asegura que \u201cla situaci\u00f3n actual en el <strong>Servicio de Urgencias del Hospital de D\u00e9nia<\/strong> es cr\u00edtica y se espera que empeore con la llegada del verano\u201d.<\/p>\n<p>A pesar de esta advertencia, el sindicato a\u00f1ade que \u201cla <strong>Conselleria de Sanitat<\/strong> no ha tomado las medidas necesarias para hacer frente a esta demanda creciente, mostrando un total desconocimiento y una falta de inter\u00e9s preocupante\u201d. Adem\u00e1s, denuncian que \u201ccon la proximidad del verano, no se conoce a\u00fan el <strong>Plan de Vacaciones<\/strong>, ni se han tomado medidas para reforzar el personal en <strong>Urgencias<\/strong> y <strong>Centros de Salud<\/strong>\u201d. Afirman que \u201cla escasez de m\u00e9dicos es evidente y, en lugar de aumentar la plantilla con la reversi\u00f3n, sigue disminuyendo debido a las condiciones laborales y econ\u00f3micas desfavorables heredadas de <strong>Marina Salud<\/strong>, a lo que se suma la falta de flexibilidad por parte de la <strong>Conselleria<\/strong> para encontrar soluciones\u201d.<\/p>\n<p><strong>Sin m\u00e9dicos en la bolsa de trabajo<\/strong><\/p>\n<p>El comunicado destaca que \u201cen la actualidad, no hay m\u00e9dicos disponibles en la bolsa de trabajo y los pocos dispuestos a colaborar no encuentran las condiciones adecuadas para hacerlo\u201d. Reiteran que \u201cla plantilla del <strong>Servicio de Urgencias<\/strong> deber\u00eda contar con 28 m\u00e9dicos, pero actualmente solo siguen 14. Esta situaci\u00f3n ha empeorado desde la denuncia del <strong>SIMAP<\/strong> en 2015 y la autoridad laboral ya sancion\u00f3 a <strong>Marina Salud<\/strong> en aquel entonces\u201d.<\/p>\n<p>El sindicato expresa que \u201cla falta de previsi\u00f3n sobre c\u00f3mo afrontar esta crisis es preocupante y podr\u00eda ser necesario concentrar recursos de otros centros de esta comarca e incluso solicitar la ayuda de los departamentos vecinos\u201d. A\u00f1aden que \u201clos m\u00e9dicos de <strong>Urgencias<\/strong> est\u00e1n agotados y esto afecta la calidad de la atenci\u00f3n a los pacientes. El pico de trabajo esperado entre julio y agosto pondr\u00e1 al servicio al l\u00edmite, aumentando el riesgo de colapso. Adem\u00e1s, a consecuencia de la pasada epidemia de <strong>COVID<\/strong>, este a\u00f1o los <strong>MIR de Familia<\/strong> no finalizan su residencia hasta septiembre, lo que impide contar con su refuerzo habitual en junio\u201d.<\/p>\n<p><strong>R\u00e1pida soluci\u00f3n<\/strong><\/p>\n<p>Tras cien d\u00edas de la reversi\u00f3n, \u201cla <strong>Conselleria<\/strong> no ha conseguido dar con la soluci\u00f3n para hacer atractivo este panorama ni para remunerar adecuadamente a los profesionales que procedentes de otros departamentos estar\u00edan dispuestos a reforzar el <strong>servicio de D\u00e9nia<\/strong>\u201d.<\/p>\n<p>Por ello, \u201clos m\u00e9dicos del <strong>Servicio de Urgencias<\/strong> piden comprensi\u00f3n y paciencia a la poblaci\u00f3n, comprometi\u00e9ndose a ofrecer el mejor servicio posible en estas condiciones\u201d. Asimismo, solicitan al conseller Marciano G\u00f3mez \u201cuna r\u00e1pida soluci\u00f3n a estos problemas y exigen que se declare al <strong>Servicio de Urgencias<\/strong> como de dif\u00edcil cobertura, destinando los recursos necesarios para resolver esta situaci\u00f3n cr\u00edtica que est\u00e1 amenazando la reversi\u00f3n en la <strong>Marina Alta<\/strong>\u201d.<\/p>\n<\/div>\n<\/div>\n<\/div>\n<\/div>\n","protected":false},"excerpt":{"rendered":"<p>El Sindicato de M\u00e9dicos de Asistencia P\u00fablica (SIMAP) denuncia la falta de medidas para reforzar el servicio de Urgencias del Hospital de D\u00e9nia de cara al verano. \u201cLa plantilla del Servicio de Urgencias deber\u00eda contar con 28 m\u00e9dicos, pero actualmente solo siguen 14\u201d, advierte el SIMAP sobre la situaci\u00f3n cr\u00edtica en el Hospital de D\u00e9nia. [&#8230;]<\/p>\n<p><a class=\"btn btn-secondary understrap-read-more-link\" href=\"https:\/\/radiolitoral.com\/ca\/2024\/06\/el-simap-denuncia-que-la-plantilla-de-urgencias-del-hospital-de-denia-esta-a-la-mitad\/\">Continua llegint&#8230;<span class=\"screen-reader-text\"> from El SIMAP denuncia que la plantilla de Urgencias del Hospital de D\u00e9nia est\u00e1 a la mitad<\/span><\/a><\/p>\n","protected":false},"author":13,"featured_media":8041,"comment_status":"open","ping_status":"closed","sticky":false,"template":"","format":"standard","meta":{"_acf_changed":false,"inline_featured_image":false,"footnotes":""},"categories":[380],"tags":[490,314,65,1515],"class_list":["post-9375","post","type-post","status-publish","format-standard","has-post-thumbnail","hentry","category-sanidad","tag-hospital-denia","tag-marina-alta","tag-sanidad","tag-simap","cobertura-marina-alta"],"acf":[],"yoast_head":"<!-- This site is optimized with the Yoast SEO plugin v27.5 - https:\/\/yoast.com\/product\/yoast-seo-wordpress\/ -->\n<title>El SIMAP denuncia que la plantilla de Urgencias del Hospital de D\u00e9nia est\u00e1 a la mitad | R\u00e0dio Litoral<\/title>\n<meta name=\"description\" content=\"El Sindicato de M\u00e9dicos de Asistencia P\u00fablica exige que este servicio sea declarado &#039;de dif\u00edcil cobertura&#039;\" \/>\n<meta name=\"robots\" content=\"index, follow, max-snippet:-1, max-image-preview:large, max-video-preview:-1\" \/>\n<link rel=\"canonical\" href=\"https:\/\/radiolitoral.com\/ca\/2024\/06\/el-simap-denuncia-que-la-plantilla-durgencies-de-lhospital-de-denia-es-a-la-meitat\/\" \/>\n<meta property=\"og:locale\" content=\"ca_ES\" \/>\n<meta property=\"og:type\" content=\"article\" \/>\n<meta property=\"og:title\" content=\"El SIMAP denuncia que la plantilla de Urgencias del Hospital de D\u00e9nia est\u00e1 a la mitad | R\u00e0dio Litoral\" \/>\n<meta property=\"og:description\" content=\"El Sindicato de M\u00e9dicos de Asistencia P\u00fablica exige que este servicio sea declarado &#039;de dif\u00edcil cobertura&#039;\" \/>\n<meta property=\"og:url\" content=\"https:\/\/radiolitoral.com\/ca\/2024\/06\/el-simap-denuncia-que-la-plantilla-durgencies-de-lhospital-de-denia-es-a-la-meitat\/\" \/>\n<meta property=\"og:site_name\" content=\"R\u00e0dio Litoral\" \/>\n<meta property=\"article:publisher\" content=\"https:\/\/www.facebook.com\/Laradiolitoral\/\" \/>\n<meta property=\"article:published_time\" content=\"2024-06-05T12:21:37+00:00\" \/>\n<meta property=\"og:image\" content=\"https:\/\/media.radiolitoral.com\/wp-content\/uploads\/2024\/04\/04125712\/Hospital-Comarcal-Marina-Salud-en-Denia.jpg\" \/>\n\t<meta property=\"og:image:width\" content=\"1024\" \/>\n\t<meta property=\"og:image:height\" content=\"768\" \/>\n\t<meta property=\"og:image:type\" content=\"image\/jpeg\" \/>\n<meta name=\"author\" content=\"Redacci\u00f3n\" \/>\n<meta name=\"twitter:card\" content=\"summary_large_image\" \/>\n<meta name=\"twitter:label1\" content=\"Escrit per\" \/>\n\t<meta name=\"twitter:data1\" content=\"Redacci\u00f3n\" \/>\n\t<meta name=\"twitter:label2\" content=\"Temps estimat de lectura\" \/>\n\t<meta name=\"twitter:data2\" content=\"3 minuts\" \/>\n<script type=\"application\/ld+json\" class=\"yoast-schema-graph\">{\"@context\":\"https:\\\/\\\/schema.org\",\"@graph\":[{\"@type\":\"NewsArticle\",\"@id\":\"https:\\\/\\\/radiolitoral.com\\\/2024\\\/06\\\/el-simap-denuncia-que-la-plantilla-de-urgencias-del-hospital-de-denia-esta-a-la-mitad\\\/#article\",\"isPartOf\":{\"@id\":\"https:\\\/\\\/radiolitoral.com\\\/2024\\\/06\\\/el-simap-denuncia-que-la-plantilla-de-urgencias-del-hospital-de-denia-esta-a-la-mitad\\\/\"},\"author\":{\"name\":\"Redacci\u00f3n\",\"@id\":\"https:\\\/\\\/radiolitoral.com\\\/#\\\/schema\\\/person\\\/f2b2343c49b5d721857cc1002bfdb151\"},\"headline\":\"El SIMAP denuncia que la plantilla de Urgencias del Hospital de D\u00e9nia est\u00e1 a la mitad\",\"datePublished\":\"2024-06-05T12:21:37+00:00\",\"mainEntityOfPage\":{\"@id\":\"https:\\\/\\\/radiolitoral.com\\\/2024\\\/06\\\/el-simap-denuncia-que-la-plantilla-de-urgencias-del-hospital-de-denia-esta-a-la-mitad\\\/\"},\"wordCount\":559,\"commentCount\":0,\"publisher\":{\"@id\":\"https:\\\/\\\/radiolitoral.com\\\/#organization\"},\"image\":{\"@id\":\"https:\\\/\\\/radiolitoral.com\\\/2024\\\/06\\\/el-simap-denuncia-que-la-plantilla-de-urgencias-del-hospital-de-denia-esta-a-la-mitad\\\/#primaryimage\"},\"thumbnailUrl\":\"https:\\\/\\\/media.radiolitoral.com\\\/wp-content\\\/uploads\\\/2024\\\/04\\\/04125712\\\/Hospital-Comarcal-Marina-Salud-en-Denia.jpg\",\"keywords\":[\"Hospital D\u00e9nia\",\"Marina Alta\",\"Sanidad\",\"SIMAP\"],\"articleSection\":[\"Sanidad\"],\"inLanguage\":\"ca\",\"potentialAction\":[{\"@type\":\"CommentAction\",\"name\":\"Comment\",\"target\":[\"https:\\\/\\\/radiolitoral.com\\\/2024\\\/06\\\/el-simap-denuncia-que-la-plantilla-de-urgencias-del-hospital-de-denia-esta-a-la-mitad\\\/#respond\"]}]},{\"@type\":[\"WebPage\",\"ItemPage\"],\"@id\":\"https:\\\/\\\/radiolitoral.com\\\/2024\\\/06\\\/el-simap-denuncia-que-la-plantilla-de-urgencias-del-hospital-de-denia-esta-a-la-mitad\\\/\",\"url\":\"https:\\\/\\\/radiolitoral.com\\\/2024\\\/06\\\/el-simap-denuncia-que-la-plantilla-de-urgencias-del-hospital-de-denia-esta-a-la-mitad\\\/\",\"name\":\"El SIMAP denuncia que la plantilla de Urgencias del Hospital de D\u00e9nia est\u00e1 a la mitad | R\u00e0dio Litoral\",\"isPartOf\":{\"@id\":\"https:\\\/\\\/radiolitoral.com\\\/#website\"},\"primaryImageOfPage\":{\"@id\":\"https:\\\/\\\/radiolitoral.com\\\/2024\\\/06\\\/el-simap-denuncia-que-la-plantilla-de-urgencias-del-hospital-de-denia-esta-a-la-mitad\\\/#primaryimage\"},\"image\":{\"@id\":\"https:\\\/\\\/radiolitoral.com\\\/2024\\\/06\\\/el-simap-denuncia-que-la-plantilla-de-urgencias-del-hospital-de-denia-esta-a-la-mitad\\\/#primaryimage\"},\"thumbnailUrl\":\"https:\\\/\\\/media.radiolitoral.com\\\/wp-content\\\/uploads\\\/2024\\\/04\\\/04125712\\\/Hospital-Comarcal-Marina-Salud-en-Denia.jpg\",\"datePublished\":\"2024-06-05T12:21:37+00:00\",\"description\":\"El Sindicato de M\u00e9dicos de Asistencia P\u00fablica exige que este servicio sea declarado 'de dif\u00edcil cobertura'\",\"breadcrumb\":{\"@id\":\"https:\\\/\\\/radiolitoral.com\\\/2024\\\/06\\\/el-simap-denuncia-que-la-plantilla-de-urgencias-del-hospital-de-denia-esta-a-la-mitad\\\/#breadcrumb\"},\"inLanguage\":\"ca\",\"potentialAction\":[{\"@type\":\"ReadAction\",\"target\":[\"https:\\\/\\\/radiolitoral.com\\\/2024\\\/06\\\/el-simap-denuncia-que-la-plantilla-de-urgencias-del-hospital-de-denia-esta-a-la-mitad\\\/\"]}]},{\"@type\":\"ImageObject\",\"inLanguage\":\"ca\",\"@id\":\"https:\\\/\\\/radiolitoral.com\\\/2024\\\/06\\\/el-simap-denuncia-que-la-plantilla-de-urgencias-del-hospital-de-denia-esta-a-la-mitad\\\/#primaryimage\",\"url\":\"https:\\\/\\\/media.radiolitoral.com\\\/wp-content\\\/uploads\\\/2024\\\/04\\\/04125712\\\/Hospital-Comarcal-Marina-Salud-en-Denia.jpg\",\"contentUrl\":\"https:\\\/\\\/media.radiolitoral.com\\\/wp-content\\\/uploads\\\/2024\\\/04\\\/04125712\\\/Hospital-Comarcal-Marina-Salud-en-Denia.jpg\",\"width\":1024,\"height\":768},{\"@type\":\"BreadcrumbList\",\"@id\":\"https:\\\/\\\/radiolitoral.com\\\/2024\\\/06\\\/el-simap-denuncia-que-la-plantilla-de-urgencias-del-hospital-de-denia-esta-a-la-mitad\\\/#breadcrumb\",\"itemListElement\":[{\"@type\":\"ListItem\",\"position\":1,\"name\":\"Portada\",\"item\":\"https:\\\/\\\/radiolitoral.com\\\/\"},{\"@type\":\"ListItem\",\"position\":2,\"name\":\"El SIMAP denuncia que la plantilla de Urgencias del Hospital de D\u00e9nia est\u00e1 a la mitad\"}]},{\"@type\":\"WebSite\",\"@id\":\"https:\\\/\\\/radiolitoral.com\\\/#website\",\"url\":\"https:\\\/\\\/radiolitoral.com\\\/\",\"name\":\"Radio Litoral\",\"description\":\"La radio local de la Marina Alta\",\"publisher\":{\"@id\":\"https:\\\/\\\/radiolitoral.com\\\/#organization\"},\"alternateName\":\"Litoral FM\",\"potentialAction\":[{\"@type\":\"SearchAction\",\"target\":{\"@type\":\"EntryPoint\",\"urlTemplate\":\"https:\\\/\\\/radiolitoral.com\\\/?s={search_term_string}\"},\"query-input\":{\"@type\":\"PropertyValueSpecification\",\"valueRequired\":true,\"valueName\":\"search_term_string\"}}],\"inLanguage\":\"ca\"},{\"@type\":\"Organization\",\"@id\":\"https:\\\/\\\/radiolitoral.com\\\/#organization\",\"name\":\"Radio Litoral\",\"url\":\"https:\\\/\\\/radiolitoral.com\\\/\",\"logo\":{\"@type\":\"ImageObject\",\"inLanguage\":\"ca\",\"@id\":\"https:\\\/\\\/radiolitoral.com\\\/#\\\/schema\\\/logo\\\/image\\\/\",\"url\":\"https:\\\/\\\/media.radiolitoral.com\\\/wp-content\\\/uploads\\\/2023\\\/02\\\/24143238\\\/CL-V-RadioLitoral696.png\",\"contentUrl\":\"https:\\\/\\\/media.radiolitoral.com\\\/wp-content\\\/uploads\\\/2023\\\/02\\\/24143238\\\/CL-V-RadioLitoral696.png\",\"width\":696,\"height\":696,\"caption\":\"Radio Litoral\"},\"image\":{\"@id\":\"https:\\\/\\\/radiolitoral.com\\\/#\\\/schema\\\/logo\\\/image\\\/\"},\"sameAs\":[\"https:\\\/\\\/www.facebook.com\\\/Laradiolitoral\\\/\"]},{\"@type\":\"Person\",\"@id\":\"https:\\\/\\\/radiolitoral.com\\\/#\\\/schema\\\/person\\\/f2b2343c49b5d721857cc1002bfdb151\",\"name\":\"Redacci\u00f3n\",\"image\":{\"@type\":\"ImageObject\",\"inLanguage\":\"ca\",\"@id\":\"https:\\\/\\\/secure.gravatar.com\\\/avatar\\\/f771d896c203ad8b3382d7905cfcce5a5c9b008b84b3cd9114e9b9f4cb63f789?s=96&d=mm&r=g\",\"url\":\"https:\\\/\\\/secure.gravatar.com\\\/avatar\\\/f771d896c203ad8b3382d7905cfcce5a5c9b008b84b3cd9114e9b9f4cb63f789?s=96&d=mm&r=g\",\"contentUrl\":\"https:\\\/\\\/secure.gravatar.com\\\/avatar\\\/f771d896c203ad8b3382d7905cfcce5a5c9b008b84b3cd9114e9b9f4cb63f789?s=96&d=mm&r=g\",\"caption\":\"Redacci\u00f3n\"},\"url\":\"https:\\\/\\\/radiolitoral.com\\\/ca\\\/author\\\/miriam-pagan\\\/\"}]}<\/script>\n<!-- \/ Yoast SEO plugin. -->","yoast_head_json":{"title":"El SIMAP denuncia que la plantilla d&#039;Urg\u00e8ncies de l&#039;Hospital de D\u00e9nia \u00e9s a la meitat | R\u00e0dio Litoral","description":"El Sindicat de Metges d&#039;Assist\u00e8ncia P\u00fablica exigeix que aquest servei sigui declarat &#039;de cobertura dif\u00edcil&#039;","robots":{"index":"index","follow":"follow","max-snippet":"max-snippet:-1","max-image-preview":"max-image-preview:large","max-video-preview":"max-video-preview:-1"},"canonical":"https:\/\/radiolitoral.com\/ca\/2024\/06\/el-simap-denuncia-que-la-plantilla-durgencies-de-lhospital-de-denia-es-a-la-meitat\/","og_locale":"ca_ES","og_type":"article","og_title":"El SIMAP denuncia que la plantilla de Urgencias del Hospital de D\u00e9nia est\u00e1 a la mitad | R\u00e0dio Litoral","og_description":"El Sindicato de M\u00e9dicos de Asistencia P\u00fablica exige que este servicio sea declarado 'de dif\u00edcil cobertura'","og_url":"https:\/\/radiolitoral.com\/ca\/2024\/06\/el-simap-denuncia-que-la-plantilla-durgencies-de-lhospital-de-denia-es-a-la-meitat\/","og_site_name":"R\u00e0dio Litoral","article_publisher":"https:\/\/www.facebook.com\/Laradiolitoral\/","article_published_time":"2024-06-05T12:21:37+00:00","og_image":[{"width":1024,"height":768,"url":"https:\/\/media.radiolitoral.com\/wp-content\/uploads\/2024\/04\/04125712\/Hospital-Comarcal-Marina-Salud-en-Denia.jpg","type":"image\/jpeg"}],"author":"Redacci\u00f3n","twitter_card":"summary_large_image","twitter_misc":{"Escrit per":"Redacci\u00f3n","Temps estimat de lectura":"3 minuts"},"schema":{"@context":"https:\/\/schema.org","@graph":[{"@type":"NewsArticle","@id":"https:\/\/radiolitoral.com\/2024\/06\/el-simap-denuncia-que-la-plantilla-de-urgencias-del-hospital-de-denia-esta-a-la-mitad\/#article","isPartOf":{"@id":"https:\/\/radiolitoral.com\/2024\/06\/el-simap-denuncia-que-la-plantilla-de-urgencias-del-hospital-de-denia-esta-a-la-mitad\/"},"author":{"name":"Redacci\u00f3n","@id":"https:\/\/radiolitoral.com\/#\/schema\/person\/f2b2343c49b5d721857cc1002bfdb151"},"headline":"El SIMAP denuncia que la plantilla de Urgencias del Hospital de D\u00e9nia est\u00e1 a la mitad","datePublished":"2024-06-05T12:21:37+00:00","mainEntityOfPage":{"@id":"https:\/\/radiolitoral.com\/2024\/06\/el-simap-denuncia-que-la-plantilla-de-urgencias-del-hospital-de-denia-esta-a-la-mitad\/"},"wordCount":559,"commentCount":0,"publisher":{"@id":"https:\/\/radiolitoral.com\/#organization"},"image":{"@id":"https:\/\/radiolitoral.com\/2024\/06\/el-simap-denuncia-que-la-plantilla-de-urgencias-del-hospital-de-denia-esta-a-la-mitad\/#primaryimage"},"thumbnailUrl":"https:\/\/media.radiolitoral.com\/wp-content\/uploads\/2024\/04\/04125712\/Hospital-Comarcal-Marina-Salud-en-Denia.jpg","keywords":["Hospital D\u00e9nia","Marina Alta","Sanidad","SIMAP"],"articleSection":["Sanidad"],"inLanguage":"ca","potentialAction":[{"@type":"CommentAction","name":"Comment","target":["https:\/\/radiolitoral.com\/2024\/06\/el-simap-denuncia-que-la-plantilla-de-urgencias-del-hospital-de-denia-esta-a-la-mitad\/#respond"]}]},{"@type":["WebPage","ItemPage"],"@id":"https:\/\/radiolitoral.com\/2024\/06\/el-simap-denuncia-que-la-plantilla-de-urgencias-del-hospital-de-denia-esta-a-la-mitad\/","url":"https:\/\/radiolitoral.com\/2024\/06\/el-simap-denuncia-que-la-plantilla-de-urgencias-del-hospital-de-denia-esta-a-la-mitad\/","name":"El SIMAP denuncia que la plantilla d&#039;Urg\u00e8ncies de l&#039;Hospital de D\u00e9nia \u00e9s a la meitat | R\u00e0dio Litoral","isPartOf":{"@id":"https:\/\/radiolitoral.com\/#website"},"primaryImageOfPage":{"@id":"https:\/\/radiolitoral.com\/2024\/06\/el-simap-denuncia-que-la-plantilla-de-urgencias-del-hospital-de-denia-esta-a-la-mitad\/#primaryimage"},"image":{"@id":"https:\/\/radiolitoral.com\/2024\/06\/el-simap-denuncia-que-la-plantilla-de-urgencias-del-hospital-de-denia-esta-a-la-mitad\/#primaryimage"},"thumbnailUrl":"https:\/\/media.radiolitoral.com\/wp-content\/uploads\/2024\/04\/04125712\/Hospital-Comarcal-Marina-Salud-en-Denia.jpg","datePublished":"2024-06-05T12:21:37+00:00","description":"El Sindicat de Metges d&#039;Assist\u00e8ncia P\u00fablica exigeix que aquest servei sigui declarat &#039;de cobertura dif\u00edcil&#039;","breadcrumb":{"@id":"https:\/\/radiolitoral.com\/2024\/06\/el-simap-denuncia-que-la-plantilla-de-urgencias-del-hospital-de-denia-esta-a-la-mitad\/#breadcrumb"},"inLanguage":"ca","potentialAction":[{"@type":"ReadAction","target":["https:\/\/radiolitoral.com\/2024\/06\/el-simap-denuncia-que-la-plantilla-de-urgencias-del-hospital-de-denia-esta-a-la-mitad\/"]}]},{"@type":"ImageObject","inLanguage":"ca","@id":"https:\/\/radiolitoral.com\/2024\/06\/el-simap-denuncia-que-la-plantilla-de-urgencias-del-hospital-de-denia-esta-a-la-mitad\/#primaryimage","url":"https:\/\/media.radiolitoral.com\/wp-content\/uploads\/2024\/04\/04125712\/Hospital-Comarcal-Marina-Salud-en-Denia.jpg","contentUrl":"https:\/\/media.radiolitoral.com\/wp-content\/uploads\/2024\/04\/04125712\/Hospital-Comarcal-Marina-Salud-en-Denia.jpg","width":1024,"height":768},{"@type":"BreadcrumbList","@id":"https:\/\/radiolitoral.com\/2024\/06\/el-simap-denuncia-que-la-plantilla-de-urgencias-del-hospital-de-denia-esta-a-la-mitad\/#breadcrumb","itemListElement":[{"@type":"ListItem","position":1,"name":"Portada","item":"https:\/\/radiolitoral.com\/"},{"@type":"ListItem","position":2,"name":"El SIMAP denuncia que la plantilla de Urgencias del Hospital de D\u00e9nia est\u00e1 a la mitad"}]},{"@type":"WebSite","@id":"https:\/\/radiolitoral.com\/#website","url":"https:\/\/radiolitoral.com\/","name":"R\u00e0dio Litoral","description":"La r\u00e0dio local de la Marina Alta","publisher":{"@id":"https:\/\/radiolitoral.com\/#organization"},"alternateName":"Litoral FM","potentialAction":[{"@type":"SearchAction","target":{"@type":"EntryPoint","urlTemplate":"https:\/\/radiolitoral.com\/?s={search_term_string}"},"query-input":{"@type":"PropertyValueSpecification","valueRequired":true,"valueName":"search_term_string"}}],"inLanguage":"ca"},{"@type":"Organization","@id":"https:\/\/radiolitoral.com\/#organization","name":"R\u00e0dio Litoral","url":"https:\/\/radiolitoral.com\/","logo":{"@type":"ImageObject","inLanguage":"ca","@id":"https:\/\/radiolitoral.com\/#\/schema\/logo\/image\/","url":"https:\/\/media.radiolitoral.com\/wp-content\/uploads\/2023\/02\/24143238\/CL-V-RadioLitoral696.png","contentUrl":"https:\/\/media.radiolitoral.com\/wp-content\/uploads\/2023\/02\/24143238\/CL-V-RadioLitoral696.png","width":696,"height":696,"caption":"Radio Litoral"},"image":{"@id":"https:\/\/radiolitoral.com\/#\/schema\/logo\/image\/"},"sameAs":["https:\/\/www.facebook.com\/Laradiolitoral\/"]},{"@type":"Person","@id":"https:\/\/radiolitoral.com\/#\/schema\/person\/f2b2343c49b5d721857cc1002bfdb151","name":"Redacci\u00f3","image":{"@type":"ImageObject","inLanguage":"ca","@id":"https:\/\/secure.gravatar.com\/avatar\/f771d896c203ad8b3382d7905cfcce5a5c9b008b84b3cd9114e9b9f4cb63f789?s=96&d=mm&r=g","url":"https:\/\/secure.gravatar.com\/avatar\/f771d896c203ad8b3382d7905cfcce5a5c9b008b84b3cd9114e9b9f4cb63f789?s=96&d=mm&r=g","contentUrl":"https:\/\/secure.gravatar.com\/avatar\/f771d896c203ad8b3382d7905cfcce5a5c9b008b84b3cd9114e9b9f4cb63f789?s=96&d=mm&r=g","caption":"Redacci\u00f3n"},"url":"https:\/\/radiolitoral.com\/ca\/author\/miriam-pagan\/"}]}},"_links":{"self":[{"href":"https:\/\/radiolitoral.com\/ca\/wp-json\/wp\/v2\/posts\/9375","targetHints":{"allow":["GET"]}}],"collection":[{"href":"https:\/\/radiolitoral.com\/ca\/wp-json\/wp\/v2\/posts"}],"about":[{"href":"https:\/\/radiolitoral.com\/ca\/wp-json\/wp\/v2\/types\/post"}],"author":[{"embeddable":true,"href":"https:\/\/radiolitoral.com\/ca\/wp-json\/wp\/v2\/users\/13"}],"replies":[{"embeddable":true,"href":"https:\/\/radiolitoral.com\/ca\/wp-json\/wp\/v2\/comments?post=9375"}],"version-history":[{"count":1,"href":"https:\/\/radiolitoral.com\/ca\/wp-json\/wp\/v2\/posts\/9375\/revisions"}],"predecessor-version":[{"id":9376,"href":"https:\/\/radiolitoral.com\/ca\/wp-json\/wp\/v2\/posts\/9375\/revisions\/9376"}],"wp:featuredmedia":[{"embeddable":true,"href":"https:\/\/radiolitoral.com\/ca\/wp-json\/wp\/v2\/media\/8041"}],"wp:attachment":[{"href":"https:\/\/radiolitoral.com\/ca\/wp-json\/wp\/v2\/media?parent=9375"}],"wp:term":[{"taxonomy":"category","embeddable":true,"href":"https:\/\/radiolitoral.com\/ca\/wp-json\/wp\/v2\/categories?post=9375"},{"taxonomy":"post_tag","embeddable":true,"href":"https:\/\/radiolitoral.com\/ca\/wp-json\/wp\/v2\/tags?post=9375"}],"curies":[{"name":"wp","href":"https:\/\/api.w.org\/{rel}","templated":true}]}}