{"id":9371,"date":"2024-06-07T11:53:19","date_gmt":"2024-06-07T09:53:19","guid":{"rendered":"https:\/\/radiolitoral.com\/?p=9371"},"modified":"2024-06-07T11:53:19","modified_gmt":"2024-06-07T09:53:19","slug":"copa-acydma-p-juanvi-ortola-i-gata-fs-lluitaran-pel-titol","status":"publish","type":"post","link":"https:\/\/radiolitoral.com\/ca\/2024\/06\/copa-acydma-p-juanvi-ortola-y-gata-fs-lucharan-por-el-titulo\/","title":{"rendered":"Copa Acydma: P. Juanvi Ortol\u00e1 i Gata FS lluitaran pel t\u00edtol"},"content":{"rendered":"<p>Aquest dissabte es viur\u00e0 un emocionant cl\u00edmax a la <strong>Copa Acydma<\/strong> amb la gran final entre <strong>Pintures Juanvi Ortol\u00e1<\/strong> i <strong>Gata FS<\/strong>. L&#039;esperat enfrontament tindr\u00e0 lloc al <strong>pavell\u00f3 Joan Fuster de D\u00e9nia<\/strong> a les 17.30 hores, on tots dos equips buscaran coronar-se campions d&#039;aquesta destacada competici\u00f3 de futbol sala.<\/p>\n<p>L&#039;equip de Pintures Juanvi Ortol\u00e1 ha mostrat una traject\u00f2ria impressionant per arribar fins aqu\u00ed, comen\u00e7ant amb una vict\u00f2ria contundent sobre <strong>Benitachell FS<\/strong> als quarts de final. El seu cam\u00ed cap a la final es va consolidar despr\u00e9s de v\u00e8ncer <strong>Republic D\u00e9nia<\/strong> per <strong>4 a 2<\/strong> en una emocionant semifinal a partit \u00fanic.<\/p>\n<p>D&#039;altra banda, <strong>Gata FS<\/strong> ha demostrat igualment la seva capacitat i determinaci\u00f3, comen\u00e7ant per superar a <strong>Els Poblets<\/strong> a quarts de final en una ag\u00f2nica tanda de penals. El seu pas a la final va ser assegurat amb una vict\u00f2ria sobre <strong>Orange FS<\/strong> per <strong>2 a 1<\/strong> a les semifinals, demostrant habilitat i nervis d&#039;acer.<\/p>\n<p>La final entre Pintures Juanvi Ortol\u00e1 i Gata FS promet ser un duel intens i equilibrat, amb tots dos equips disposats a donar-ho tot per aixecar el cobejat trofeu de campi\u00f3. S?espera un pavell\u00f3 ple d?aficionats ansiosos per presenciar aquest vibrant tancament de la temporada de futbol sala.<\/p>\n<p>A m\u00e9s, l&#039;organitzaci\u00f3 Acydma ha programat el seu tradicional sopar gal de lliurament de trofeus per al divendres 14 de juny, on se celebrar\u00e0 la culminaci\u00f3 de la temporada juntament amb els \u00e8xits de tots els equips participants. Aquest esdeveniment no nom\u00e9s culmina la competici\u00f3, sin\u00f3 que tamb\u00e9 celebra l&#039;esperit esportiu i la companyonia dins de la comunitat del futbol sala.<\/p>\n<p>&nbsp;<\/p>","protected":false},"excerpt":{"rendered":"<p>Este s\u00e1bado se vivir\u00e1 un emocionante cl\u00edmax en la Copa Acydma con la gran final entre Pinturas Juanvi Ortol\u00e1 y Gata FS. El esperado enfrentamiento tendr\u00e1 lugar en el pabell\u00f3n Joan Fuster de D\u00e9nia a las 17:30 horas, donde ambos equipos buscar\u00e1n coronarse campeones de esta destacada competici\u00f3n de f\u00fatbol sala. El equipo de Pinturas [&#8230;]<\/p>\n<p><a class=\"btn btn-secondary understrap-read-more-link\" href=\"https:\/\/radiolitoral.com\/ca\/2024\/06\/copa-acydma-p-juanvi-ortola-y-gata-fs-lucharan-por-el-titulo\/\">Continua llegint&#8230;<span class=\"screen-reader-text\"> from Copa Acydma: P. Juanvi Ortol\u00e1 y Gata FS luchar\u00e1n por el t\u00edtulo<\/span><\/a><\/p>\n","protected":false},"author":12,"featured_media":9372,"comment_status":"open","ping_status":"closed","sticky":false,"template":"","format":"standard","meta":{"_acf_changed":false,"inline_featured_image":false,"footnotes":""},"categories":[5],"tags":[1508,1512,1509,6,1510,1514,1354,1511,1513],"class_list":["post-9371","post","type-post","status-publish","format-standard","has-post-thumbnail","hentry","category-deportes","tag-acydma","tag-benitachell-fs","tag-copa-acydma","tag-deportes","tag-gata-fs","tag-orange-fs","tag-pabellon-de-joan-fuster","tag-pinturas-juanvi-ortola","tag-republic-denia","cobertura-denia"],"acf":[],"yoast_head":"<!-- This site is optimized with the Yoast SEO plugin v27.5 - https:\/\/yoast.com\/product\/yoast-seo-wordpress\/ -->\n<title>Copa Acydma: P. Juanvi Ortol\u00e1 y Gata FS luchar\u00e1n por el t\u00edtulo | R\u00e0dio Litoral<\/title>\n<meta name=\"description\" content=\"El apasionante partido se jugar\u00e1 en el pabell\u00f3n de Joan Fuster a las 17:30 horas El apasionante partido se jugar\u00e1 en el pabell\u00f3n de Joan Fuster a las 17:30 horas\" \/>\n<meta name=\"robots\" content=\"index, follow, max-snippet:-1, max-image-preview:large, max-video-preview:-1\" \/>\n<link rel=\"canonical\" href=\"https:\/\/radiolitoral.com\/ca\/2024\/06\/copa-acydma-p-juanvi-ortola-i-gata-fs-lluitaran-pel-titol\/\" \/>\n<meta property=\"og:locale\" content=\"ca_ES\" \/>\n<meta property=\"og:type\" content=\"article\" \/>\n<meta property=\"og:title\" content=\"Copa Acydma: P. Juanvi Ortol\u00e1 y Gata FS luchar\u00e1n por el t\u00edtulo | R\u00e0dio Litoral\" \/>\n<meta property=\"og:description\" content=\"El apasionante partido se jugar\u00e1 en el pabell\u00f3n de Joan Fuster a las 17:30 horas El apasionante partido se jugar\u00e1 en el pabell\u00f3n de Joan Fuster a las 17:30 horas\" \/>\n<meta property=\"og:url\" content=\"https:\/\/radiolitoral.com\/ca\/2024\/06\/copa-acydma-p-juanvi-ortola-i-gata-fs-lluitaran-pel-titol\/\" \/>\n<meta property=\"og:site_name\" content=\"R\u00e0dio Litoral\" \/>\n<meta property=\"article:publisher\" content=\"https:\/\/www.facebook.com\/Laradiolitoral\/\" \/>\n<meta property=\"article:published_time\" content=\"2024-06-07T09:53:19+00:00\" \/>\n<meta property=\"og:image\" content=\"https:\/\/media.radiolitoral.com\/wp-content\/uploads\/2024\/06\/05134744\/GATA-F.S.jpg\" \/>\n\t<meta property=\"og:image:width\" content=\"1327\" \/>\n\t<meta property=\"og:image:height\" content=\"742\" \/>\n\t<meta property=\"og:image:type\" content=\"image\/jpeg\" \/>\n<meta name=\"author\" content=\"Javier Zamora\" \/>\n<meta name=\"twitter:card\" content=\"summary_large_image\" \/>\n<meta name=\"twitter:label1\" content=\"Escrit per\" \/>\n\t<meta name=\"twitter:data1\" content=\"Javier Zamora\" \/>\n\t<meta name=\"twitter:label2\" content=\"Temps estimat de lectura\" \/>\n\t<meta name=\"twitter:data2\" content=\"2 minuts\" \/>\n<script type=\"application\/ld+json\" class=\"yoast-schema-graph\">{\"@context\":\"https:\\\/\\\/schema.org\",\"@graph\":[{\"@type\":\"NewsArticle\",\"@id\":\"https:\\\/\\\/radiolitoral.com\\\/2024\\\/06\\\/copa-acydma-p-juanvi-ortola-y-gata-fs-lucharan-por-el-titulo\\\/#article\",\"isPartOf\":{\"@id\":\"https:\\\/\\\/radiolitoral.com\\\/2024\\\/06\\\/copa-acydma-p-juanvi-ortola-y-gata-fs-lucharan-por-el-titulo\\\/\"},\"author\":{\"name\":\"Javier Zamora\",\"@id\":\"https:\\\/\\\/radiolitoral.com\\\/#\\\/schema\\\/person\\\/7b1480b5caeb5acdd4ec6379caf62b22\"},\"headline\":\"Copa Acydma: P. Juanvi Ortol\u00e1 y Gata FS luchar\u00e1n por el t\u00edtulo\",\"datePublished\":\"2024-06-07T09:53:19+00:00\",\"mainEntityOfPage\":{\"@id\":\"https:\\\/\\\/radiolitoral.com\\\/2024\\\/06\\\/copa-acydma-p-juanvi-ortola-y-gata-fs-lucharan-por-el-titulo\\\/\"},\"wordCount\":296,\"commentCount\":0,\"publisher\":{\"@id\":\"https:\\\/\\\/radiolitoral.com\\\/#organization\"},\"image\":{\"@id\":\"https:\\\/\\\/radiolitoral.com\\\/2024\\\/06\\\/copa-acydma-p-juanvi-ortola-y-gata-fs-lucharan-por-el-titulo\\\/#primaryimage\"},\"thumbnailUrl\":\"https:\\\/\\\/media.radiolitoral.com\\\/wp-content\\\/uploads\\\/2024\\\/06\\\/05134744\\\/GATA-F.S.jpg\",\"keywords\":[\"Acydma\",\"Benitachell FS\",\"Copa Acydma\",\"deportes\",\"Gata FS\",\"Orange FS\",\"pabell\u00f3n de Joan Fuster\",\"Pinturas Juanvi Ortol\u00e1\",\"Republic D\u00e9nia\"],\"articleSection\":[\"Deportes\"],\"inLanguage\":\"ca\",\"potentialAction\":[{\"@type\":\"CommentAction\",\"name\":\"Comment\",\"target\":[\"https:\\\/\\\/radiolitoral.com\\\/2024\\\/06\\\/copa-acydma-p-juanvi-ortola-y-gata-fs-lucharan-por-el-titulo\\\/#respond\"]}]},{\"@type\":[\"WebPage\",\"ItemPage\"],\"@id\":\"https:\\\/\\\/radiolitoral.com\\\/2024\\\/06\\\/copa-acydma-p-juanvi-ortola-y-gata-fs-lucharan-por-el-titulo\\\/\",\"url\":\"https:\\\/\\\/radiolitoral.com\\\/2024\\\/06\\\/copa-acydma-p-juanvi-ortola-y-gata-fs-lucharan-por-el-titulo\\\/\",\"name\":\"Copa Acydma: P. Juanvi Ortol\u00e1 y Gata FS luchar\u00e1n por el t\u00edtulo | R\u00e0dio Litoral\",\"isPartOf\":{\"@id\":\"https:\\\/\\\/radiolitoral.com\\\/#website\"},\"primaryImageOfPage\":{\"@id\":\"https:\\\/\\\/radiolitoral.com\\\/2024\\\/06\\\/copa-acydma-p-juanvi-ortola-y-gata-fs-lucharan-por-el-titulo\\\/#primaryimage\"},\"image\":{\"@id\":\"https:\\\/\\\/radiolitoral.com\\\/2024\\\/06\\\/copa-acydma-p-juanvi-ortola-y-gata-fs-lucharan-por-el-titulo\\\/#primaryimage\"},\"thumbnailUrl\":\"https:\\\/\\\/media.radiolitoral.com\\\/wp-content\\\/uploads\\\/2024\\\/06\\\/05134744\\\/GATA-F.S.jpg\",\"datePublished\":\"2024-06-07T09:53:19+00:00\",\"description\":\"El apasionante partido se jugar\u00e1 en el pabell\u00f3n de Joan Fuster a las 17:30 horas El apasionante partido se jugar\u00e1 en el pabell\u00f3n de Joan Fuster a las 17:30 horas\",\"breadcrumb\":{\"@id\":\"https:\\\/\\\/radiolitoral.com\\\/2024\\\/06\\\/copa-acydma-p-juanvi-ortola-y-gata-fs-lucharan-por-el-titulo\\\/#breadcrumb\"},\"inLanguage\":\"ca\",\"potentialAction\":[{\"@type\":\"ReadAction\",\"target\":[\"https:\\\/\\\/radiolitoral.com\\\/2024\\\/06\\\/copa-acydma-p-juanvi-ortola-y-gata-fs-lucharan-por-el-titulo\\\/\"]}]},{\"@type\":\"ImageObject\",\"inLanguage\":\"ca\",\"@id\":\"https:\\\/\\\/radiolitoral.com\\\/2024\\\/06\\\/copa-acydma-p-juanvi-ortola-y-gata-fs-lucharan-por-el-titulo\\\/#primaryimage\",\"url\":\"https:\\\/\\\/media.radiolitoral.com\\\/wp-content\\\/uploads\\\/2024\\\/06\\\/05134744\\\/GATA-F.S.jpg\",\"contentUrl\":\"https:\\\/\\\/media.radiolitoral.com\\\/wp-content\\\/uploads\\\/2024\\\/06\\\/05134744\\\/GATA-F.S.jpg\",\"width\":1327,\"height\":742},{\"@type\":\"BreadcrumbList\",\"@id\":\"https:\\\/\\\/radiolitoral.com\\\/2024\\\/06\\\/copa-acydma-p-juanvi-ortola-y-gata-fs-lucharan-por-el-titulo\\\/#breadcrumb\",\"itemListElement\":[{\"@type\":\"ListItem\",\"position\":1,\"name\":\"Portada\",\"item\":\"https:\\\/\\\/radiolitoral.com\\\/\"},{\"@type\":\"ListItem\",\"position\":2,\"name\":\"Copa Acydma: P. Juanvi Ortol\u00e1 y Gata FS luchar\u00e1n por el t\u00edtulo\"}]},{\"@type\":\"WebSite\",\"@id\":\"https:\\\/\\\/radiolitoral.com\\\/#website\",\"url\":\"https:\\\/\\\/radiolitoral.com\\\/\",\"name\":\"Radio Litoral\",\"description\":\"La radio local de la Marina Alta\",\"publisher\":{\"@id\":\"https:\\\/\\\/radiolitoral.com\\\/#organization\"},\"alternateName\":\"Litoral FM\",\"potentialAction\":[{\"@type\":\"SearchAction\",\"target\":{\"@type\":\"EntryPoint\",\"urlTemplate\":\"https:\\\/\\\/radiolitoral.com\\\/?s={search_term_string}\"},\"query-input\":{\"@type\":\"PropertyValueSpecification\",\"valueRequired\":true,\"valueName\":\"search_term_string\"}}],\"inLanguage\":\"ca\"},{\"@type\":\"Organization\",\"@id\":\"https:\\\/\\\/radiolitoral.com\\\/#organization\",\"name\":\"Radio Litoral\",\"url\":\"https:\\\/\\\/radiolitoral.com\\\/\",\"logo\":{\"@type\":\"ImageObject\",\"inLanguage\":\"ca\",\"@id\":\"https:\\\/\\\/radiolitoral.com\\\/#\\\/schema\\\/logo\\\/image\\\/\",\"url\":\"https:\\\/\\\/media.radiolitoral.com\\\/wp-content\\\/uploads\\\/2023\\\/02\\\/24143238\\\/CL-V-RadioLitoral696.png\",\"contentUrl\":\"https:\\\/\\\/media.radiolitoral.com\\\/wp-content\\\/uploads\\\/2023\\\/02\\\/24143238\\\/CL-V-RadioLitoral696.png\",\"width\":696,\"height\":696,\"caption\":\"Radio Litoral\"},\"image\":{\"@id\":\"https:\\\/\\\/radiolitoral.com\\\/#\\\/schema\\\/logo\\\/image\\\/\"},\"sameAs\":[\"https:\\\/\\\/www.facebook.com\\\/Laradiolitoral\\\/\"]},{\"@type\":\"Person\",\"@id\":\"https:\\\/\\\/radiolitoral.com\\\/#\\\/schema\\\/person\\\/7b1480b5caeb5acdd4ec6379caf62b22\",\"name\":\"Javier Zamora\",\"image\":{\"@type\":\"ImageObject\",\"inLanguage\":\"ca\",\"@id\":\"https:\\\/\\\/secure.gravatar.com\\\/avatar\\\/467a11f6918c7d619c4043fc6fa2d3853053107973f05b6e9c04ea6c4e3a7b3f?s=96&d=mm&r=g\",\"url\":\"https:\\\/\\\/secure.gravatar.com\\\/avatar\\\/467a11f6918c7d619c4043fc6fa2d3853053107973f05b6e9c04ea6c4e3a7b3f?s=96&d=mm&r=g\",\"contentUrl\":\"https:\\\/\\\/secure.gravatar.com\\\/avatar\\\/467a11f6918c7d619c4043fc6fa2d3853053107973f05b6e9c04ea6c4e3a7b3f?s=96&d=mm&r=g\",\"caption\":\"Javier Zamora\"},\"url\":\"https:\\\/\\\/radiolitoral.com\\\/ca\\\/author\\\/javier-zamora\\\/\"}]}<\/script>\n<!-- \/ Yoast SEO plugin. -->","yoast_head_json":{"title":"Copa Acydma: P. Juanvi Ortol\u00e1 i Gata FS lluitaran pel t\u00edtol | R\u00e0dio Litoral","description":"L&#039;apassionant partit es jugar\u00e0 al pavell\u00f3 de Joan Fuster a les 17.30 hores L&#039;apassionant partit es jugar\u00e0 al pavell\u00f3 de Joan Fuster a les 17.30 hores","robots":{"index":"index","follow":"follow","max-snippet":"max-snippet:-1","max-image-preview":"max-image-preview:large","max-video-preview":"max-video-preview:-1"},"canonical":"https:\/\/radiolitoral.com\/ca\/2024\/06\/copa-acydma-p-juanvi-ortola-i-gata-fs-lluitaran-pel-titol\/","og_locale":"ca_ES","og_type":"article","og_title":"Copa Acydma: P. Juanvi Ortol\u00e1 y Gata FS luchar\u00e1n por el t\u00edtulo | R\u00e0dio Litoral","og_description":"El apasionante partido se jugar\u00e1 en el pabell\u00f3n de Joan Fuster a las 17:30 horas El apasionante partido se jugar\u00e1 en el pabell\u00f3n de Joan Fuster a las 17:30 horas","og_url":"https:\/\/radiolitoral.com\/ca\/2024\/06\/copa-acydma-p-juanvi-ortola-i-gata-fs-lluitaran-pel-titol\/","og_site_name":"R\u00e0dio Litoral","article_publisher":"https:\/\/www.facebook.com\/Laradiolitoral\/","article_published_time":"2024-06-07T09:53:19+00:00","og_image":[{"width":1327,"height":742,"url":"https:\/\/media.radiolitoral.com\/wp-content\/uploads\/2024\/06\/05134744\/GATA-F.S.jpg","type":"image\/jpeg"}],"author":"Javier Zamora","twitter_card":"summary_large_image","twitter_misc":{"Escrit per":"Javier Zamora","Temps estimat de lectura":"2 minuts"},"schema":{"@context":"https:\/\/schema.org","@graph":[{"@type":"NewsArticle","@id":"https:\/\/radiolitoral.com\/2024\/06\/copa-acydma-p-juanvi-ortola-y-gata-fs-lucharan-por-el-titulo\/#article","isPartOf":{"@id":"https:\/\/radiolitoral.com\/2024\/06\/copa-acydma-p-juanvi-ortola-y-gata-fs-lucharan-por-el-titulo\/"},"author":{"name":"Javier Zamora","@id":"https:\/\/radiolitoral.com\/#\/schema\/person\/7b1480b5caeb5acdd4ec6379caf62b22"},"headline":"Copa Acydma: P. Juanvi Ortol\u00e1 y Gata FS luchar\u00e1n por el t\u00edtulo","datePublished":"2024-06-07T09:53:19+00:00","mainEntityOfPage":{"@id":"https:\/\/radiolitoral.com\/2024\/06\/copa-acydma-p-juanvi-ortola-y-gata-fs-lucharan-por-el-titulo\/"},"wordCount":296,"commentCount":0,"publisher":{"@id":"https:\/\/radiolitoral.com\/#organization"},"image":{"@id":"https:\/\/radiolitoral.com\/2024\/06\/copa-acydma-p-juanvi-ortola-y-gata-fs-lucharan-por-el-titulo\/#primaryimage"},"thumbnailUrl":"https:\/\/media.radiolitoral.com\/wp-content\/uploads\/2024\/06\/05134744\/GATA-F.S.jpg","keywords":["Acydma","Benitachell FS","Copa Acydma","deportes","Gata FS","Orange FS","pabell\u00f3n de Joan Fuster","Pinturas Juanvi Ortol\u00e1","Republic D\u00e9nia"],"articleSection":["Deportes"],"inLanguage":"ca","potentialAction":[{"@type":"CommentAction","name":"Comment","target":["https:\/\/radiolitoral.com\/2024\/06\/copa-acydma-p-juanvi-ortola-y-gata-fs-lucharan-por-el-titulo\/#respond"]}]},{"@type":["WebPage","ItemPage"],"@id":"https:\/\/radiolitoral.com\/2024\/06\/copa-acydma-p-juanvi-ortola-y-gata-fs-lucharan-por-el-titulo\/","url":"https:\/\/radiolitoral.com\/2024\/06\/copa-acydma-p-juanvi-ortola-y-gata-fs-lucharan-por-el-titulo\/","name":"Copa Acydma: P. Juanvi Ortol\u00e1 i Gata FS lluitaran pel t\u00edtol | R\u00e0dio Litoral","isPartOf":{"@id":"https:\/\/radiolitoral.com\/#website"},"primaryImageOfPage":{"@id":"https:\/\/radiolitoral.com\/2024\/06\/copa-acydma-p-juanvi-ortola-y-gata-fs-lucharan-por-el-titulo\/#primaryimage"},"image":{"@id":"https:\/\/radiolitoral.com\/2024\/06\/copa-acydma-p-juanvi-ortola-y-gata-fs-lucharan-por-el-titulo\/#primaryimage"},"thumbnailUrl":"https:\/\/media.radiolitoral.com\/wp-content\/uploads\/2024\/06\/05134744\/GATA-F.S.jpg","datePublished":"2024-06-07T09:53:19+00:00","description":"L&#039;apassionant partit es jugar\u00e0 al pavell\u00f3 de Joan Fuster a les 17.30 hores L&#039;apassionant partit es jugar\u00e0 al pavell\u00f3 de Joan Fuster a les 17.30 hores","breadcrumb":{"@id":"https:\/\/radiolitoral.com\/2024\/06\/copa-acydma-p-juanvi-ortola-y-gata-fs-lucharan-por-el-titulo\/#breadcrumb"},"inLanguage":"ca","potentialAction":[{"@type":"ReadAction","target":["https:\/\/radiolitoral.com\/2024\/06\/copa-acydma-p-juanvi-ortola-y-gata-fs-lucharan-por-el-titulo\/"]}]},{"@type":"ImageObject","inLanguage":"ca","@id":"https:\/\/radiolitoral.com\/2024\/06\/copa-acydma-p-juanvi-ortola-y-gata-fs-lucharan-por-el-titulo\/#primaryimage","url":"https:\/\/media.radiolitoral.com\/wp-content\/uploads\/2024\/06\/05134744\/GATA-F.S.jpg","contentUrl":"https:\/\/media.radiolitoral.com\/wp-content\/uploads\/2024\/06\/05134744\/GATA-F.S.jpg","width":1327,"height":742},{"@type":"BreadcrumbList","@id":"https:\/\/radiolitoral.com\/2024\/06\/copa-acydma-p-juanvi-ortola-y-gata-fs-lucharan-por-el-titulo\/#breadcrumb","itemListElement":[{"@type":"ListItem","position":1,"name":"Portada","item":"https:\/\/radiolitoral.com\/"},{"@type":"ListItem","position":2,"name":"Copa Acydma: P. Juanvi Ortol\u00e1 y Gata FS luchar\u00e1n por el t\u00edtulo"}]},{"@type":"WebSite","@id":"https:\/\/radiolitoral.com\/#website","url":"https:\/\/radiolitoral.com\/","name":"R\u00e0dio Litoral","description":"La r\u00e0dio local de la Marina Alta","publisher":{"@id":"https:\/\/radiolitoral.com\/#organization"},"alternateName":"Litoral FM","potentialAction":[{"@type":"SearchAction","target":{"@type":"EntryPoint","urlTemplate":"https:\/\/radiolitoral.com\/?s={search_term_string}"},"query-input":{"@type":"PropertyValueSpecification","valueRequired":true,"valueName":"search_term_string"}}],"inLanguage":"ca"},{"@type":"Organization","@id":"https:\/\/radiolitoral.com\/#organization","name":"R\u00e0dio Litoral","url":"https:\/\/radiolitoral.com\/","logo":{"@type":"ImageObject","inLanguage":"ca","@id":"https:\/\/radiolitoral.com\/#\/schema\/logo\/image\/","url":"https:\/\/media.radiolitoral.com\/wp-content\/uploads\/2023\/02\/24143238\/CL-V-RadioLitoral696.png","contentUrl":"https:\/\/media.radiolitoral.com\/wp-content\/uploads\/2023\/02\/24143238\/CL-V-RadioLitoral696.png","width":696,"height":696,"caption":"Radio Litoral"},"image":{"@id":"https:\/\/radiolitoral.com\/#\/schema\/logo\/image\/"},"sameAs":["https:\/\/www.facebook.com\/Laradiolitoral\/"]},{"@type":"Person","@id":"https:\/\/radiolitoral.com\/#\/schema\/person\/7b1480b5caeb5acdd4ec6379caf62b22","name":"Javier Zamora","image":{"@type":"ImageObject","inLanguage":"ca","@id":"https:\/\/secure.gravatar.com\/avatar\/467a11f6918c7d619c4043fc6fa2d3853053107973f05b6e9c04ea6c4e3a7b3f?s=96&d=mm&r=g","url":"https:\/\/secure.gravatar.com\/avatar\/467a11f6918c7d619c4043fc6fa2d3853053107973f05b6e9c04ea6c4e3a7b3f?s=96&d=mm&r=g","contentUrl":"https:\/\/secure.gravatar.com\/avatar\/467a11f6918c7d619c4043fc6fa2d3853053107973f05b6e9c04ea6c4e3a7b3f?s=96&d=mm&r=g","caption":"Javier Zamora"},"url":"https:\/\/radiolitoral.com\/ca\/author\/javier-zamora\/"}]}},"_links":{"self":[{"href":"https:\/\/radiolitoral.com\/ca\/wp-json\/wp\/v2\/posts\/9371","targetHints":{"allow":["GET"]}}],"collection":[{"href":"https:\/\/radiolitoral.com\/ca\/wp-json\/wp\/v2\/posts"}],"about":[{"href":"https:\/\/radiolitoral.com\/ca\/wp-json\/wp\/v2\/types\/post"}],"author":[{"embeddable":true,"href":"https:\/\/radiolitoral.com\/ca\/wp-json\/wp\/v2\/users\/12"}],"replies":[{"embeddable":true,"href":"https:\/\/radiolitoral.com\/ca\/wp-json\/wp\/v2\/comments?post=9371"}],"version-history":[{"count":2,"href":"https:\/\/radiolitoral.com\/ca\/wp-json\/wp\/v2\/posts\/9371\/revisions"}],"predecessor-version":[{"id":9374,"href":"https:\/\/radiolitoral.com\/ca\/wp-json\/wp\/v2\/posts\/9371\/revisions\/9374"}],"wp:featuredmedia":[{"embeddable":true,"href":"https:\/\/radiolitoral.com\/ca\/wp-json\/wp\/v2\/media\/9372"}],"wp:attachment":[{"href":"https:\/\/radiolitoral.com\/ca\/wp-json\/wp\/v2\/media?parent=9371"}],"wp:term":[{"taxonomy":"category","embeddable":true,"href":"https:\/\/radiolitoral.com\/ca\/wp-json\/wp\/v2\/categories?post=9371"},{"taxonomy":"post_tag","embeddable":true,"href":"https:\/\/radiolitoral.com\/ca\/wp-json\/wp\/v2\/tags?post=9371"}],"curies":[{"name":"wp","href":"https:\/\/api.w.org\/{rel}","templated":true}]}}