{"id":9366,"date":"2024-06-05T12:25:51","date_gmt":"2024-06-05T10:25:51","guid":{"rendered":"https:\/\/radiolitoral.com\/?p=9366"},"modified":"2024-06-05T12:25:51","modified_gmt":"2024-06-05T10:25:51","slug":"cd-javea-renova-la-seva-confianca-en-el-cos-tecnic","status":"publish","type":"post","link":"https:\/\/radiolitoral.com\/ca\/2024\/06\/cd-javea-renueva-su-confianza-en-el-cuerpo-tecnico\/","title":{"rendered":"CD J\u00e1vea renova la seva confian\u00e7a en el cos t\u00e8cnic"},"content":{"rendered":"<p>El <strong>CD X\u00e0bia<\/strong> ha confirmat la continu\u00eftat del seu cos t\u00e8cnic per a la temporada que ve, mantenint l&#039;estructura que tan bons resultats ha donat fins ara. <strong>Juliol Ivorra<\/strong> seguir\u00e0 al capdavant de l&#039;equip com a entrenador principal, recolzat per <strong>Javi Torres<\/strong> al paper de segon entrenador. Tots dos han estat peces clau en la direcci\u00f3 t\u00e8cnica de l&#039;equip i han contribu\u00eft decisivament al desenvolupament t\u00e0ctic i t\u00e8cnic dels jugadors.<\/p>\n<p>La formaci\u00f3 dels porters seguir\u00e0 sota l&#039;experta supervisi\u00f3 de <strong>Dani Fliquet<\/strong>, la tasca del qual ha estat fonamental per mantenir el nivell d&#039;excel\u00b7l\u00e8ncia en aquesta posici\u00f3 tan cr\u00edtica. A m\u00e9s, <strong>Ra\u00fal Romera<\/strong> continuar\u00e0 com a preparador f\u00edsic, garantint la condici\u00f3 f\u00edsica \u00f2ptima de la plantilla per afrontar els desafiaments d&#039;una temporada completa amb la m\u00e0xima intensitat.<\/p>\n<p>La nova incorporaci\u00f3 de <strong>Rub\u00e9n Ramiro<\/strong> com a director esportiu es presenta com un refor\u00e7 estrat\u00e8gic en la gesti\u00f3 del club. Ramiro, amb el seu ampli coneixement i experi\u00e8ncia, est\u00e0 destinat a jugar un paper crucial en la planificaci\u00f3 i l&#039;execuci\u00f3 de l&#039;estrat\u00e8gia esportiva del club.<\/p>\n<p>El comprom\u00eds del cos t\u00e8cnic amb el club ha estat un factor determinant per mantenir la il\u00b7lusi\u00f3 i la passi\u00f3 a les grades, aix\u00ed com per fomentar la integraci\u00f3 de joves talents del planter al primer equip. Aquesta filosofia de desenvolupament continuat \u00e9s una de les raons per qu\u00e8 la directiva ha decidit apostar per la continu\u00eftat d&#039;aquests professionals.<\/p>\n<p>Amb aquests pilars s\u00f2lidament establerts, el CD X\u00e0bia s&#039;encamina cap a la temporada 2024\/2025 amb optimisme renovat i la confian\u00e7a que continuaran collint \u00e8xits i brindant emocions als seus aficionats. La direcci\u00f3 del club i els seguidors tenen grans expectatives posades en aquest equip t\u00e8cnic, esperant que el seu lideratge segueixi portant l&#039;equip a assolir noves i m\u00e9s grans gestes.<\/p>","protected":false},"excerpt":{"rendered":"<p>El CD J\u00e1vea ha confirmado la continuidad de su cuerpo t\u00e9cnico para la pr\u00f3xima temporada, manteniendo la estructura que tan buenos resultados ha dado hasta ahora. Julio Ivorra seguir\u00e1 al frente del equipo como entrenador principal, apoyado por Javi Torres en el papel de segundo entrenador. Ambos han sido piezas clave en la direcci\u00f3n t\u00e9cnica [&#8230;]<\/p>\n<p><a class=\"btn btn-secondary understrap-read-more-link\" href=\"https:\/\/radiolitoral.com\/ca\/2024\/06\/cd-javea-renueva-su-confianza-en-el-cuerpo-tecnico\/\">Continua llegint&#8230;<span class=\"screen-reader-text\"> from CD J\u00e1vea renueva su confianza en el cuerpo t\u00e9cnico<\/span><\/a><\/p>\n","protected":false},"author":12,"featured_media":9367,"comment_status":"open","ping_status":"closed","sticky":false,"template":"","format":"standard","meta":{"_acf_changed":false,"inline_featured_image":false,"footnotes":""},"categories":[5],"tags":[1332,1505,6,1504,1503,1506,1507],"class_list":["post-9366","post","type-post","status-publish","format-standard","has-post-thumbnail","hentry","category-deportes","tag-cd-javea","tag-dani-fliquete","tag-deportes","tag-javi-torres","tag-julio-ivorra","tag-raul-romera","tag-ruben-ramiro","cobertura-xabia"],"acf":[],"yoast_head":"<!-- This site is optimized with the Yoast SEO plugin v27.5 - https:\/\/yoast.com\/product\/yoast-seo-wordpress\/ -->\n<title>CD J\u00e1vea renueva su confianza en el cuerpo t\u00e9cnico | R\u00e0dio Litoral<\/title>\n<meta name=\"description\" content=\"Julio Ivorra y su equipo continuar\u00e1 al frente de la primera plantilla en la Primera FFCV\" \/>\n<meta name=\"robots\" content=\"index, follow, max-snippet:-1, max-image-preview:large, max-video-preview:-1\" \/>\n<link rel=\"canonical\" href=\"https:\/\/radiolitoral.com\/ca\/2024\/06\/cd-javea-renova-la-seva-confianca-en-el-cos-tecnic\/\" \/>\n<meta property=\"og:locale\" content=\"ca_ES\" \/>\n<meta property=\"og:type\" content=\"article\" \/>\n<meta property=\"og:title\" content=\"CD J\u00e1vea renueva su confianza en el cuerpo t\u00e9cnico | R\u00e0dio Litoral\" \/>\n<meta property=\"og:description\" content=\"Julio Ivorra y su equipo continuar\u00e1 al frente de la primera plantilla en la Primera FFCV\" \/>\n<meta property=\"og:url\" content=\"https:\/\/radiolitoral.com\/ca\/2024\/06\/cd-javea-renova-la-seva-confianca-en-el-cos-tecnic\/\" \/>\n<meta property=\"og:site_name\" content=\"R\u00e0dio Litoral\" \/>\n<meta property=\"article:publisher\" content=\"https:\/\/www.facebook.com\/Laradiolitoral\/\" \/>\n<meta property=\"article:published_time\" content=\"2024-06-05T10:25:51+00:00\" \/>\n<meta property=\"og:image\" content=\"https:\/\/media.radiolitoral.com\/wp-content\/uploads\/2024\/06\/05122252\/DSC_0398-scaled.jpg\" \/>\n\t<meta property=\"og:image:width\" content=\"2560\" \/>\n\t<meta property=\"og:image:height\" content=\"1707\" \/>\n\t<meta property=\"og:image:type\" content=\"image\/jpeg\" \/>\n<meta name=\"author\" content=\"Javier Zamora\" \/>\n<meta name=\"twitter:card\" content=\"summary_large_image\" \/>\n<meta name=\"twitter:label1\" content=\"Escrit per\" \/>\n\t<meta name=\"twitter:data1\" content=\"Javier Zamora\" \/>\n\t<meta name=\"twitter:label2\" content=\"Temps estimat de lectura\" \/>\n\t<meta name=\"twitter:data2\" content=\"2 minuts\" \/>\n<script type=\"application\/ld+json\" class=\"yoast-schema-graph\">{\"@context\":\"https:\\\/\\\/schema.org\",\"@graph\":[{\"@type\":\"NewsArticle\",\"@id\":\"https:\\\/\\\/radiolitoral.com\\\/2024\\\/06\\\/cd-javea-renueva-su-confianza-en-el-cuerpo-tecnico\\\/#article\",\"isPartOf\":{\"@id\":\"https:\\\/\\\/radiolitoral.com\\\/2024\\\/06\\\/cd-javea-renueva-su-confianza-en-el-cuerpo-tecnico\\\/\"},\"author\":{\"name\":\"Javier Zamora\",\"@id\":\"https:\\\/\\\/radiolitoral.com\\\/#\\\/schema\\\/person\\\/7b1480b5caeb5acdd4ec6379caf62b22\"},\"headline\":\"CD J\u00e1vea renueva su confianza en el cuerpo t\u00e9cnico\",\"datePublished\":\"2024-06-05T10:25:51+00:00\",\"mainEntityOfPage\":{\"@id\":\"https:\\\/\\\/radiolitoral.com\\\/2024\\\/06\\\/cd-javea-renueva-su-confianza-en-el-cuerpo-tecnico\\\/\"},\"wordCount\":337,\"commentCount\":0,\"publisher\":{\"@id\":\"https:\\\/\\\/radiolitoral.com\\\/#organization\"},\"image\":{\"@id\":\"https:\\\/\\\/radiolitoral.com\\\/2024\\\/06\\\/cd-javea-renueva-su-confianza-en-el-cuerpo-tecnico\\\/#primaryimage\"},\"thumbnailUrl\":\"https:\\\/\\\/media.radiolitoral.com\\\/wp-content\\\/uploads\\\/2024\\\/06\\\/05122252\\\/DSC_0398-scaled.jpg\",\"keywords\":[\"CD J\u00e1vea\",\"Dani Fliquete\",\"deportes\",\"Javi Torres\",\"Julio Ivorra\",\"Ra\u00fal Romera\",\"Rub\u00e9n Ramiro\"],\"articleSection\":[\"Deportes\"],\"inLanguage\":\"ca\",\"potentialAction\":[{\"@type\":\"CommentAction\",\"name\":\"Comment\",\"target\":[\"https:\\\/\\\/radiolitoral.com\\\/2024\\\/06\\\/cd-javea-renueva-su-confianza-en-el-cuerpo-tecnico\\\/#respond\"]}]},{\"@type\":[\"WebPage\",\"ItemPage\"],\"@id\":\"https:\\\/\\\/radiolitoral.com\\\/2024\\\/06\\\/cd-javea-renueva-su-confianza-en-el-cuerpo-tecnico\\\/\",\"url\":\"https:\\\/\\\/radiolitoral.com\\\/2024\\\/06\\\/cd-javea-renueva-su-confianza-en-el-cuerpo-tecnico\\\/\",\"name\":\"CD J\u00e1vea renueva su confianza en el cuerpo t\u00e9cnico | R\u00e0dio Litoral\",\"isPartOf\":{\"@id\":\"https:\\\/\\\/radiolitoral.com\\\/#website\"},\"primaryImageOfPage\":{\"@id\":\"https:\\\/\\\/radiolitoral.com\\\/2024\\\/06\\\/cd-javea-renueva-su-confianza-en-el-cuerpo-tecnico\\\/#primaryimage\"},\"image\":{\"@id\":\"https:\\\/\\\/radiolitoral.com\\\/2024\\\/06\\\/cd-javea-renueva-su-confianza-en-el-cuerpo-tecnico\\\/#primaryimage\"},\"thumbnailUrl\":\"https:\\\/\\\/media.radiolitoral.com\\\/wp-content\\\/uploads\\\/2024\\\/06\\\/05122252\\\/DSC_0398-scaled.jpg\",\"datePublished\":\"2024-06-05T10:25:51+00:00\",\"description\":\"Julio Ivorra y su equipo continuar\u00e1 al frente de la primera plantilla en la Primera FFCV\",\"breadcrumb\":{\"@id\":\"https:\\\/\\\/radiolitoral.com\\\/2024\\\/06\\\/cd-javea-renueva-su-confianza-en-el-cuerpo-tecnico\\\/#breadcrumb\"},\"inLanguage\":\"ca\",\"potentialAction\":[{\"@type\":\"ReadAction\",\"target\":[\"https:\\\/\\\/radiolitoral.com\\\/2024\\\/06\\\/cd-javea-renueva-su-confianza-en-el-cuerpo-tecnico\\\/\"]}]},{\"@type\":\"ImageObject\",\"inLanguage\":\"ca\",\"@id\":\"https:\\\/\\\/radiolitoral.com\\\/2024\\\/06\\\/cd-javea-renueva-su-confianza-en-el-cuerpo-tecnico\\\/#primaryimage\",\"url\":\"https:\\\/\\\/media.radiolitoral.com\\\/wp-content\\\/uploads\\\/2024\\\/06\\\/05122252\\\/DSC_0398-scaled.jpg\",\"contentUrl\":\"https:\\\/\\\/media.radiolitoral.com\\\/wp-content\\\/uploads\\\/2024\\\/06\\\/05122252\\\/DSC_0398-scaled.jpg\",\"width\":2560,\"height\":1707},{\"@type\":\"BreadcrumbList\",\"@id\":\"https:\\\/\\\/radiolitoral.com\\\/2024\\\/06\\\/cd-javea-renueva-su-confianza-en-el-cuerpo-tecnico\\\/#breadcrumb\",\"itemListElement\":[{\"@type\":\"ListItem\",\"position\":1,\"name\":\"Portada\",\"item\":\"https:\\\/\\\/radiolitoral.com\\\/\"},{\"@type\":\"ListItem\",\"position\":2,\"name\":\"CD J\u00e1vea renueva su confianza en el cuerpo t\u00e9cnico\"}]},{\"@type\":\"WebSite\",\"@id\":\"https:\\\/\\\/radiolitoral.com\\\/#website\",\"url\":\"https:\\\/\\\/radiolitoral.com\\\/\",\"name\":\"Radio Litoral\",\"description\":\"La radio local de la Marina Alta\",\"publisher\":{\"@id\":\"https:\\\/\\\/radiolitoral.com\\\/#organization\"},\"alternateName\":\"Litoral FM\",\"potentialAction\":[{\"@type\":\"SearchAction\",\"target\":{\"@type\":\"EntryPoint\",\"urlTemplate\":\"https:\\\/\\\/radiolitoral.com\\\/?s={search_term_string}\"},\"query-input\":{\"@type\":\"PropertyValueSpecification\",\"valueRequired\":true,\"valueName\":\"search_term_string\"}}],\"inLanguage\":\"ca\"},{\"@type\":\"Organization\",\"@id\":\"https:\\\/\\\/radiolitoral.com\\\/#organization\",\"name\":\"Radio Litoral\",\"url\":\"https:\\\/\\\/radiolitoral.com\\\/\",\"logo\":{\"@type\":\"ImageObject\",\"inLanguage\":\"ca\",\"@id\":\"https:\\\/\\\/radiolitoral.com\\\/#\\\/schema\\\/logo\\\/image\\\/\",\"url\":\"https:\\\/\\\/media.radiolitoral.com\\\/wp-content\\\/uploads\\\/2023\\\/02\\\/24143238\\\/CL-V-RadioLitoral696.png\",\"contentUrl\":\"https:\\\/\\\/media.radiolitoral.com\\\/wp-content\\\/uploads\\\/2023\\\/02\\\/24143238\\\/CL-V-RadioLitoral696.png\",\"width\":696,\"height\":696,\"caption\":\"Radio Litoral\"},\"image\":{\"@id\":\"https:\\\/\\\/radiolitoral.com\\\/#\\\/schema\\\/logo\\\/image\\\/\"},\"sameAs\":[\"https:\\\/\\\/www.facebook.com\\\/Laradiolitoral\\\/\"]},{\"@type\":\"Person\",\"@id\":\"https:\\\/\\\/radiolitoral.com\\\/#\\\/schema\\\/person\\\/7b1480b5caeb5acdd4ec6379caf62b22\",\"name\":\"Javier Zamora\",\"image\":{\"@type\":\"ImageObject\",\"inLanguage\":\"ca\",\"@id\":\"https:\\\/\\\/secure.gravatar.com\\\/avatar\\\/467a11f6918c7d619c4043fc6fa2d3853053107973f05b6e9c04ea6c4e3a7b3f?s=96&d=mm&r=g\",\"url\":\"https:\\\/\\\/secure.gravatar.com\\\/avatar\\\/467a11f6918c7d619c4043fc6fa2d3853053107973f05b6e9c04ea6c4e3a7b3f?s=96&d=mm&r=g\",\"contentUrl\":\"https:\\\/\\\/secure.gravatar.com\\\/avatar\\\/467a11f6918c7d619c4043fc6fa2d3853053107973f05b6e9c04ea6c4e3a7b3f?s=96&d=mm&r=g\",\"caption\":\"Javier Zamora\"},\"url\":\"https:\\\/\\\/radiolitoral.com\\\/ca\\\/author\\\/javier-zamora\\\/\"}]}<\/script>\n<!-- \/ Yoast SEO plugin. -->","yoast_head_json":{"title":"CD J\u00e1vea renova la confian\u00e7a en el cos t\u00e8cnic | R\u00e0dio Litoral","description":"Julio Ivorra i el seu equip continuar\u00e0 al capdavant de la primera plantilla a la Primera FFCV","robots":{"index":"index","follow":"follow","max-snippet":"max-snippet:-1","max-image-preview":"max-image-preview:large","max-video-preview":"max-video-preview:-1"},"canonical":"https:\/\/radiolitoral.com\/ca\/2024\/06\/cd-javea-renova-la-seva-confianca-en-el-cos-tecnic\/","og_locale":"ca_ES","og_type":"article","og_title":"CD J\u00e1vea renueva su confianza en el cuerpo t\u00e9cnico | R\u00e0dio Litoral","og_description":"Julio Ivorra y su equipo continuar\u00e1 al frente de la primera plantilla en la Primera FFCV","og_url":"https:\/\/radiolitoral.com\/ca\/2024\/06\/cd-javea-renova-la-seva-confianca-en-el-cos-tecnic\/","og_site_name":"R\u00e0dio Litoral","article_publisher":"https:\/\/www.facebook.com\/Laradiolitoral\/","article_published_time":"2024-06-05T10:25:51+00:00","og_image":[{"width":2560,"height":1707,"url":"https:\/\/media.radiolitoral.com\/wp-content\/uploads\/2024\/06\/05122252\/DSC_0398-scaled.jpg","type":"image\/jpeg"}],"author":"Javier Zamora","twitter_card":"summary_large_image","twitter_misc":{"Escrit per":"Javier Zamora","Temps estimat de lectura":"2 minuts"},"schema":{"@context":"https:\/\/schema.org","@graph":[{"@type":"NewsArticle","@id":"https:\/\/radiolitoral.com\/2024\/06\/cd-javea-renueva-su-confianza-en-el-cuerpo-tecnico\/#article","isPartOf":{"@id":"https:\/\/radiolitoral.com\/2024\/06\/cd-javea-renueva-su-confianza-en-el-cuerpo-tecnico\/"},"author":{"name":"Javier Zamora","@id":"https:\/\/radiolitoral.com\/#\/schema\/person\/7b1480b5caeb5acdd4ec6379caf62b22"},"headline":"CD J\u00e1vea renueva su confianza en el cuerpo t\u00e9cnico","datePublished":"2024-06-05T10:25:51+00:00","mainEntityOfPage":{"@id":"https:\/\/radiolitoral.com\/2024\/06\/cd-javea-renueva-su-confianza-en-el-cuerpo-tecnico\/"},"wordCount":337,"commentCount":0,"publisher":{"@id":"https:\/\/radiolitoral.com\/#organization"},"image":{"@id":"https:\/\/radiolitoral.com\/2024\/06\/cd-javea-renueva-su-confianza-en-el-cuerpo-tecnico\/#primaryimage"},"thumbnailUrl":"https:\/\/media.radiolitoral.com\/wp-content\/uploads\/2024\/06\/05122252\/DSC_0398-scaled.jpg","keywords":["CD J\u00e1vea","Dani Fliquete","deportes","Javi Torres","Julio Ivorra","Ra\u00fal Romera","Rub\u00e9n Ramiro"],"articleSection":["Deportes"],"inLanguage":"ca","potentialAction":[{"@type":"CommentAction","name":"Comment","target":["https:\/\/radiolitoral.com\/2024\/06\/cd-javea-renueva-su-confianza-en-el-cuerpo-tecnico\/#respond"]}]},{"@type":["WebPage","ItemPage"],"@id":"https:\/\/radiolitoral.com\/2024\/06\/cd-javea-renueva-su-confianza-en-el-cuerpo-tecnico\/","url":"https:\/\/radiolitoral.com\/2024\/06\/cd-javea-renueva-su-confianza-en-el-cuerpo-tecnico\/","name":"CD J\u00e1vea renova la confian\u00e7a en el cos t\u00e8cnic | R\u00e0dio Litoral","isPartOf":{"@id":"https:\/\/radiolitoral.com\/#website"},"primaryImageOfPage":{"@id":"https:\/\/radiolitoral.com\/2024\/06\/cd-javea-renueva-su-confianza-en-el-cuerpo-tecnico\/#primaryimage"},"image":{"@id":"https:\/\/radiolitoral.com\/2024\/06\/cd-javea-renueva-su-confianza-en-el-cuerpo-tecnico\/#primaryimage"},"thumbnailUrl":"https:\/\/media.radiolitoral.com\/wp-content\/uploads\/2024\/06\/05122252\/DSC_0398-scaled.jpg","datePublished":"2024-06-05T10:25:51+00:00","description":"Julio Ivorra i el seu equip continuar\u00e0 al capdavant de la primera plantilla a la Primera FFCV","breadcrumb":{"@id":"https:\/\/radiolitoral.com\/2024\/06\/cd-javea-renueva-su-confianza-en-el-cuerpo-tecnico\/#breadcrumb"},"inLanguage":"ca","potentialAction":[{"@type":"ReadAction","target":["https:\/\/radiolitoral.com\/2024\/06\/cd-javea-renueva-su-confianza-en-el-cuerpo-tecnico\/"]}]},{"@type":"ImageObject","inLanguage":"ca","@id":"https:\/\/radiolitoral.com\/2024\/06\/cd-javea-renueva-su-confianza-en-el-cuerpo-tecnico\/#primaryimage","url":"https:\/\/media.radiolitoral.com\/wp-content\/uploads\/2024\/06\/05122252\/DSC_0398-scaled.jpg","contentUrl":"https:\/\/media.radiolitoral.com\/wp-content\/uploads\/2024\/06\/05122252\/DSC_0398-scaled.jpg","width":2560,"height":1707},{"@type":"BreadcrumbList","@id":"https:\/\/radiolitoral.com\/2024\/06\/cd-javea-renueva-su-confianza-en-el-cuerpo-tecnico\/#breadcrumb","itemListElement":[{"@type":"ListItem","position":1,"name":"Portada","item":"https:\/\/radiolitoral.com\/"},{"@type":"ListItem","position":2,"name":"CD J\u00e1vea renueva su confianza en el cuerpo t\u00e9cnico"}]},{"@type":"WebSite","@id":"https:\/\/radiolitoral.com\/#website","url":"https:\/\/radiolitoral.com\/","name":"R\u00e0dio Litoral","description":"La r\u00e0dio local de la Marina Alta","publisher":{"@id":"https:\/\/radiolitoral.com\/#organization"},"alternateName":"Litoral FM","potentialAction":[{"@type":"SearchAction","target":{"@type":"EntryPoint","urlTemplate":"https:\/\/radiolitoral.com\/?s={search_term_string}"},"query-input":{"@type":"PropertyValueSpecification","valueRequired":true,"valueName":"search_term_string"}}],"inLanguage":"ca"},{"@type":"Organization","@id":"https:\/\/radiolitoral.com\/#organization","name":"R\u00e0dio Litoral","url":"https:\/\/radiolitoral.com\/","logo":{"@type":"ImageObject","inLanguage":"ca","@id":"https:\/\/radiolitoral.com\/#\/schema\/logo\/image\/","url":"https:\/\/media.radiolitoral.com\/wp-content\/uploads\/2023\/02\/24143238\/CL-V-RadioLitoral696.png","contentUrl":"https:\/\/media.radiolitoral.com\/wp-content\/uploads\/2023\/02\/24143238\/CL-V-RadioLitoral696.png","width":696,"height":696,"caption":"Radio Litoral"},"image":{"@id":"https:\/\/radiolitoral.com\/#\/schema\/logo\/image\/"},"sameAs":["https:\/\/www.facebook.com\/Laradiolitoral\/"]},{"@type":"Person","@id":"https:\/\/radiolitoral.com\/#\/schema\/person\/7b1480b5caeb5acdd4ec6379caf62b22","name":"Javier Zamora","image":{"@type":"ImageObject","inLanguage":"ca","@id":"https:\/\/secure.gravatar.com\/avatar\/467a11f6918c7d619c4043fc6fa2d3853053107973f05b6e9c04ea6c4e3a7b3f?s=96&d=mm&r=g","url":"https:\/\/secure.gravatar.com\/avatar\/467a11f6918c7d619c4043fc6fa2d3853053107973f05b6e9c04ea6c4e3a7b3f?s=96&d=mm&r=g","contentUrl":"https:\/\/secure.gravatar.com\/avatar\/467a11f6918c7d619c4043fc6fa2d3853053107973f05b6e9c04ea6c4e3a7b3f?s=96&d=mm&r=g","caption":"Javier Zamora"},"url":"https:\/\/radiolitoral.com\/ca\/author\/javier-zamora\/"}]}},"_links":{"self":[{"href":"https:\/\/radiolitoral.com\/ca\/wp-json\/wp\/v2\/posts\/9366","targetHints":{"allow":["GET"]}}],"collection":[{"href":"https:\/\/radiolitoral.com\/ca\/wp-json\/wp\/v2\/posts"}],"about":[{"href":"https:\/\/radiolitoral.com\/ca\/wp-json\/wp\/v2\/types\/post"}],"author":[{"embeddable":true,"href":"https:\/\/radiolitoral.com\/ca\/wp-json\/wp\/v2\/users\/12"}],"replies":[{"embeddable":true,"href":"https:\/\/radiolitoral.com\/ca\/wp-json\/wp\/v2\/comments?post=9366"}],"version-history":[{"count":2,"href":"https:\/\/radiolitoral.com\/ca\/wp-json\/wp\/v2\/posts\/9366\/revisions"}],"predecessor-version":[{"id":9369,"href":"https:\/\/radiolitoral.com\/ca\/wp-json\/wp\/v2\/posts\/9366\/revisions\/9369"}],"wp:featuredmedia":[{"embeddable":true,"href":"https:\/\/radiolitoral.com\/ca\/wp-json\/wp\/v2\/media\/9367"}],"wp:attachment":[{"href":"https:\/\/radiolitoral.com\/ca\/wp-json\/wp\/v2\/media?parent=9366"}],"wp:term":[{"taxonomy":"category","embeddable":true,"href":"https:\/\/radiolitoral.com\/ca\/wp-json\/wp\/v2\/categories?post=9366"},{"taxonomy":"post_tag","embeddable":true,"href":"https:\/\/radiolitoral.com\/ca\/wp-json\/wp\/v2\/tags?post=9366"}],"curies":[{"name":"wp","href":"https:\/\/api.w.org\/{rel}","templated":true}]}}