{"id":9357,"date":"2024-06-05T11:43:53","date_gmt":"2024-06-05T09:43:53","guid":{"rendered":"https:\/\/radiolitoral.com\/?p=9357"},"modified":"2024-06-05T11:43:53","modified_gmt":"2024-06-05T09:43:53","slug":"katya-trukhacheva-entre-les-millors-de-la-lliga-iberdrola","status":"publish","type":"post","link":"https:\/\/radiolitoral.com\/ca\/2024\/06\/katya-trukhacheva-entre-las-mejores-de-la-liga-iberdrola\/","title":{"rendered":"Katya Trukhacheva entre les millors de la Lliga Iberdrola"},"content":{"rendered":"<p>El <strong>Club Gimn\u00e0stica Les Marines<\/strong> s&#039;ha classificat per a la gran final de la <strong>Lliga Iberdrola de gimn\u00e0stica r\u00edtmica<\/strong>, aconseguint mantenir-se a la Segona Divisi\u00f3. A la competici\u00f3 celebrada el passat dissabte 1 de juny a Logronyo, l&#039;equip va aconseguir eludir el descens gr\u00e0cies a actuacions destacades que van culminar en un emocionant 13\u00e8 lloc a la classificaci\u00f3.<\/p>\n<p><strong>Katya Trukhacheva<\/strong>, una de les joves promeses del club, va brillar especialment en mans lliures i pilota, obtenint dos quarts llocs que van mantenir l&#039;equip en posicions competitives fins al final. Trukhacheva va comen\u00e7ar la seva participaci\u00f3 amb un notable exercici en mans lliures, posicionant-se temporalment al p\u00f2dium fins que els \u00faltims competidors van relegar la seva actuaci\u00f3 al quart lloc per un estret marge de 0,15 punts.<\/p>\n<p>L&#039;esdeveniment tamb\u00e9 va veure <strong>Sanchia Roberts<\/strong> realitzar un impecable exercici en corda, mentre que <strong>Maria Garcia<\/strong> del <strong>Club Alcoi<\/strong>, competint amb el c\u00e8rcol, va aconseguir la millor posici\u00f3 entre les gimnastes no internacionals. Despr\u00e9s de l&#039;intermedi, Trukhacheva va tornar per competir en pilota, on novament va estar a punt d&#039;aconseguir el p\u00f2dium, acabant una altra vegada en quarta posici\u00f3.<\/p>\n<p><strong>Leticia Batista<\/strong>, una altra veterana de l&#039;equip, va sumar punts importants en maces i cinta, ajudant el CG Les Marines a remuntar posicions a la classificaci\u00f3 general. A difer\u00e8ncia de molts clubs, Les Marines va confiar en el talent i el treball dur de les seves gimnastes, evitant la contractaci\u00f3 de fitxatges internacionals.<\/p>\n<figure id=\"attachment_9358\" aria-describedby=\"caption-attachment-9358\" style=\"width: 900px\" class=\"wp-caption alignnone\"><img loading=\"lazy\" decoding=\"async\" class=\"wp-image-9358 size-full\" src=\"https:\/\/media.radiolitoral.com\/wp-content\/uploads\/2024\/06\/01233601\/Gimnastas-del-CG-Calpe-en-Xabia.jpg\" alt=\"\" width=\"900\" height=\"572\" srcset=\"https:\/\/media.radiolitoral.com\/wp-content\/uploads\/2024\/06\/01233601\/Gimnastas-del-CG-Calpe-en-Xabia.jpg 900w, https:\/\/media.radiolitoral.com\/wp-content\/uploads\/2024\/06\/01233601\/Gimnastas-del-CG-Calpe-en-Xabia-300x191.jpg 300w, https:\/\/media.radiolitoral.com\/wp-content\/uploads\/2024\/06\/01233601\/Gimnastas-del-CG-Calpe-en-Xabia-768x488.jpg 768w, https:\/\/media.radiolitoral.com\/wp-content\/uploads\/2024\/06\/01233601\/Gimnastas-del-CG-Calpe-en-Xabia-18x12.jpg 18w, https:\/\/media.radiolitoral.com\/wp-content\/uploads\/2024\/06\/01233601\/Gimnastas-del-CG-Calpe-en-Xabia-100x64.jpg 100w, https:\/\/media.radiolitoral.com\/wp-content\/uploads\/2024\/06\/01233601\/Gimnastas-del-CG-Calpe-en-Xabia-200x127.jpg 200w\" sizes=\"auto, (max-width: 900px) 100vw, 900px\" \/><figcaption id=\"caption-attachment-9358\" class=\"wp-caption-text\">Gimnasta calpines del CG Les Marines | Marines<\/figcaption><\/figure>\n<p>L&#039;estrat\u00e8gia de suport mutu i l&#039;excel\u00b7l\u00e8ncia a cada execuci\u00f3 han estat fonamentals perqu\u00e8 el club no nom\u00e9s eviti el descens, sin\u00f3 que tamb\u00e9 es prepari amb optimisme per a la final de la Lliga Iberdrola al juliol. La direcci\u00f3 del club i les entrenadores, entre elles <strong>Saray Pineda, Mariona Hidalgo<\/strong> i <strong>Yana Trukhacheva<\/strong>, es mostren extremadament orgulloses dels \u00e8xits de l&#039;equip i de la valuosa experi\u00e8ncia guanyada durant aquesta fase crucial de la competici\u00f3.<\/p>\n<p>Aquest \u00e8xit reflecteix el comprom\u00eds continu de Les Marines amb l&#039;excel\u00b7l\u00e8ncia a la gimn\u00e0stica r\u00edtmica, recolzant-se en un equip que destaca tant per la seva habilitat com pel seu esperit d&#039;equip.<\/p>","protected":false},"excerpt":{"rendered":"<p>El Club Gimnasia Les Marines se ha clasificado para la gran final de la Liga Iberdrola de gimnasia r\u00edtmica, consiguiendo mantenerse en la Segunda Divisi\u00f3n. En la competici\u00f3n celebrada el pasado s\u00e1bado 1 de junio en Logro\u00f1o, el equipo logr\u00f3 eludir el descenso gracias a actuaciones destacadas que culminaron en un emocionante 13\u00ba puesto en [&#8230;]<\/p>\n<p><a class=\"btn btn-secondary understrap-read-more-link\" href=\"https:\/\/radiolitoral.com\/ca\/2024\/06\/katya-trukhacheva-entre-las-mejores-de-la-liga-iberdrola\/\">Continua llegint&#8230;<span class=\"screen-reader-text\"> from Katya Trukhacheva entre las mejores de la Liga Iberdrola<\/span><\/a><\/p>\n","protected":false},"author":12,"featured_media":9359,"comment_status":"open","ping_status":"closed","sticky":false,"template":"","format":"standard","meta":{"_acf_changed":false,"inline_featured_image":false,"footnotes":""},"categories":[5],"tags":[1501,992,6,1323,1502,1499,1500,1416,993,1415,1418],"class_list":["post-9357","post","type-post","status-publish","format-standard","has-post-thumbnail","hentry","category-deportes","tag-club-alcoi","tag-club-gimnasia-les-marines","tag-deportes","tag-katya-trukhacheva","tag-leticia-batista","tag-liga-iberdrola-de-gimnasia-ritmica","tag-maria-garcia","tag-mariona-hidalgo","tag-sanchia-roberts","tag-saray-pineda","tag-yana-trukhacheva","cobertura-calp"],"acf":[],"yoast_head":"<!-- This site is optimized with the Yoast SEO plugin v27.5 - https:\/\/yoast.com\/product\/yoast-seo-wordpress\/ -->\n<title>Katya Trukhacheva entre las mejores de la Liga Iberdrola | R\u00e0dio Litoral<\/title>\n<meta name=\"description\" content=\"La gimnasta del Club Gimnasia Les Marines roz\u00f3 el podio en los aparatos de Pelota y Manos Libres\" \/>\n<meta name=\"robots\" content=\"index, follow, max-snippet:-1, max-image-preview:large, max-video-preview:-1\" \/>\n<link rel=\"canonical\" href=\"https:\/\/radiolitoral.com\/ca\/2024\/06\/katya-trukhacheva-entre-les-millors-de-la-lliga-iberdrola\/\" \/>\n<meta property=\"og:locale\" content=\"ca_ES\" \/>\n<meta property=\"og:type\" content=\"article\" \/>\n<meta property=\"og:title\" content=\"Katya Trukhacheva entre las mejores de la Liga Iberdrola | R\u00e0dio Litoral\" \/>\n<meta property=\"og:description\" content=\"La gimnasta del Club Gimnasia Les Marines roz\u00f3 el podio en los aparatos de Pelota y Manos Libres\" \/>\n<meta property=\"og:url\" content=\"https:\/\/radiolitoral.com\/ca\/2024\/06\/katya-trukhacheva-entre-les-millors-de-la-lliga-iberdrola\/\" \/>\n<meta property=\"og:site_name\" content=\"R\u00e0dio Litoral\" \/>\n<meta property=\"article:publisher\" content=\"https:\/\/www.facebook.com\/Laradiolitoral\/\" \/>\n<meta property=\"article:published_time\" content=\"2024-06-05T09:43:53+00:00\" \/>\n<meta property=\"og:image\" content=\"https:\/\/media.radiolitoral.com\/wp-content\/uploads\/2024\/06\/05111645\/Gimnasta-con-su-entrenadora.jpg\" \/>\n\t<meta property=\"og:image:width\" content=\"900\" \/>\n\t<meta property=\"og:image:height\" content=\"485\" \/>\n\t<meta property=\"og:image:type\" content=\"image\/jpeg\" \/>\n<meta name=\"author\" content=\"Javier Zamora\" \/>\n<meta name=\"twitter:card\" content=\"summary_large_image\" \/>\n<meta name=\"twitter:label1\" content=\"Escrit per\" \/>\n\t<meta name=\"twitter:data1\" content=\"Javier Zamora\" \/>\n\t<meta name=\"twitter:label2\" content=\"Temps estimat de lectura\" \/>\n\t<meta name=\"twitter:data2\" content=\"3 minuts\" \/>\n<script type=\"application\/ld+json\" class=\"yoast-schema-graph\">{\"@context\":\"https:\\\/\\\/schema.org\",\"@graph\":[{\"@type\":\"NewsArticle\",\"@id\":\"https:\\\/\\\/radiolitoral.com\\\/2024\\\/06\\\/katya-trukhacheva-entre-las-mejores-de-la-liga-iberdrola\\\/#article\",\"isPartOf\":{\"@id\":\"https:\\\/\\\/radiolitoral.com\\\/2024\\\/06\\\/katya-trukhacheva-entre-las-mejores-de-la-liga-iberdrola\\\/\"},\"author\":{\"name\":\"Javier Zamora\",\"@id\":\"https:\\\/\\\/radiolitoral.com\\\/#\\\/schema\\\/person\\\/7b1480b5caeb5acdd4ec6379caf62b22\"},\"headline\":\"Katya Trukhacheva entre las mejores de la Liga Iberdrola\",\"datePublished\":\"2024-06-05T09:43:53+00:00\",\"mainEntityOfPage\":{\"@id\":\"https:\\\/\\\/radiolitoral.com\\\/2024\\\/06\\\/katya-trukhacheva-entre-las-mejores-de-la-liga-iberdrola\\\/\"},\"wordCount\":383,\"commentCount\":0,\"publisher\":{\"@id\":\"https:\\\/\\\/radiolitoral.com\\\/#organization\"},\"image\":{\"@id\":\"https:\\\/\\\/radiolitoral.com\\\/2024\\\/06\\\/katya-trukhacheva-entre-las-mejores-de-la-liga-iberdrola\\\/#primaryimage\"},\"thumbnailUrl\":\"https:\\\/\\\/media.radiolitoral.com\\\/wp-content\\\/uploads\\\/2024\\\/06\\\/05111645\\\/Gimnasta-con-su-entrenadora.jpg\",\"keywords\":[\"Club Alcoi\",\"Club Gimnasia Les Marines\",\"deportes\",\"Katya Trukhacheva\",\"Leticia Batista\",\"Liga Iberdrola de gimnasia r\u00edtmica\",\"Mar\u00eda Garc\u00eda\",\"Mariona Hidalgo\",\"Sanchia Roberts\",\"Saray Pineda\",\"Yana Trukhacheva\"],\"articleSection\":[\"Deportes\"],\"inLanguage\":\"ca\",\"potentialAction\":[{\"@type\":\"CommentAction\",\"name\":\"Comment\",\"target\":[\"https:\\\/\\\/radiolitoral.com\\\/2024\\\/06\\\/katya-trukhacheva-entre-las-mejores-de-la-liga-iberdrola\\\/#respond\"]}]},{\"@type\":[\"WebPage\",\"ItemPage\"],\"@id\":\"https:\\\/\\\/radiolitoral.com\\\/2024\\\/06\\\/katya-trukhacheva-entre-las-mejores-de-la-liga-iberdrola\\\/\",\"url\":\"https:\\\/\\\/radiolitoral.com\\\/2024\\\/06\\\/katya-trukhacheva-entre-las-mejores-de-la-liga-iberdrola\\\/\",\"name\":\"Katya Trukhacheva entre las mejores de la Liga Iberdrola | R\u00e0dio Litoral\",\"isPartOf\":{\"@id\":\"https:\\\/\\\/radiolitoral.com\\\/#website\"},\"primaryImageOfPage\":{\"@id\":\"https:\\\/\\\/radiolitoral.com\\\/2024\\\/06\\\/katya-trukhacheva-entre-las-mejores-de-la-liga-iberdrola\\\/#primaryimage\"},\"image\":{\"@id\":\"https:\\\/\\\/radiolitoral.com\\\/2024\\\/06\\\/katya-trukhacheva-entre-las-mejores-de-la-liga-iberdrola\\\/#primaryimage\"},\"thumbnailUrl\":\"https:\\\/\\\/media.radiolitoral.com\\\/wp-content\\\/uploads\\\/2024\\\/06\\\/05111645\\\/Gimnasta-con-su-entrenadora.jpg\",\"datePublished\":\"2024-06-05T09:43:53+00:00\",\"description\":\"La gimnasta del Club Gimnasia Les Marines roz\u00f3 el podio en los aparatos de Pelota y Manos Libres\",\"breadcrumb\":{\"@id\":\"https:\\\/\\\/radiolitoral.com\\\/2024\\\/06\\\/katya-trukhacheva-entre-las-mejores-de-la-liga-iberdrola\\\/#breadcrumb\"},\"inLanguage\":\"ca\",\"potentialAction\":[{\"@type\":\"ReadAction\",\"target\":[\"https:\\\/\\\/radiolitoral.com\\\/2024\\\/06\\\/katya-trukhacheva-entre-las-mejores-de-la-liga-iberdrola\\\/\"]}]},{\"@type\":\"ImageObject\",\"inLanguage\":\"ca\",\"@id\":\"https:\\\/\\\/radiolitoral.com\\\/2024\\\/06\\\/katya-trukhacheva-entre-las-mejores-de-la-liga-iberdrola\\\/#primaryimage\",\"url\":\"https:\\\/\\\/media.radiolitoral.com\\\/wp-content\\\/uploads\\\/2024\\\/06\\\/05111645\\\/Gimnasta-con-su-entrenadora.jpg\",\"contentUrl\":\"https:\\\/\\\/media.radiolitoral.com\\\/wp-content\\\/uploads\\\/2024\\\/06\\\/05111645\\\/Gimnasta-con-su-entrenadora.jpg\",\"width\":900,\"height\":485},{\"@type\":\"BreadcrumbList\",\"@id\":\"https:\\\/\\\/radiolitoral.com\\\/2024\\\/06\\\/katya-trukhacheva-entre-las-mejores-de-la-liga-iberdrola\\\/#breadcrumb\",\"itemListElement\":[{\"@type\":\"ListItem\",\"position\":1,\"name\":\"Portada\",\"item\":\"https:\\\/\\\/radiolitoral.com\\\/\"},{\"@type\":\"ListItem\",\"position\":2,\"name\":\"Katya Trukhacheva entre las mejores de la Liga Iberdrola\"}]},{\"@type\":\"WebSite\",\"@id\":\"https:\\\/\\\/radiolitoral.com\\\/#website\",\"url\":\"https:\\\/\\\/radiolitoral.com\\\/\",\"name\":\"Radio Litoral\",\"description\":\"La radio local de la Marina Alta\",\"publisher\":{\"@id\":\"https:\\\/\\\/radiolitoral.com\\\/#organization\"},\"alternateName\":\"Litoral FM\",\"potentialAction\":[{\"@type\":\"SearchAction\",\"target\":{\"@type\":\"EntryPoint\",\"urlTemplate\":\"https:\\\/\\\/radiolitoral.com\\\/?s={search_term_string}\"},\"query-input\":{\"@type\":\"PropertyValueSpecification\",\"valueRequired\":true,\"valueName\":\"search_term_string\"}}],\"inLanguage\":\"ca\"},{\"@type\":\"Organization\",\"@id\":\"https:\\\/\\\/radiolitoral.com\\\/#organization\",\"name\":\"Radio Litoral\",\"url\":\"https:\\\/\\\/radiolitoral.com\\\/\",\"logo\":{\"@type\":\"ImageObject\",\"inLanguage\":\"ca\",\"@id\":\"https:\\\/\\\/radiolitoral.com\\\/#\\\/schema\\\/logo\\\/image\\\/\",\"url\":\"https:\\\/\\\/media.radiolitoral.com\\\/wp-content\\\/uploads\\\/2023\\\/02\\\/24143238\\\/CL-V-RadioLitoral696.png\",\"contentUrl\":\"https:\\\/\\\/media.radiolitoral.com\\\/wp-content\\\/uploads\\\/2023\\\/02\\\/24143238\\\/CL-V-RadioLitoral696.png\",\"width\":696,\"height\":696,\"caption\":\"Radio Litoral\"},\"image\":{\"@id\":\"https:\\\/\\\/radiolitoral.com\\\/#\\\/schema\\\/logo\\\/image\\\/\"},\"sameAs\":[\"https:\\\/\\\/www.facebook.com\\\/Laradiolitoral\\\/\"]},{\"@type\":\"Person\",\"@id\":\"https:\\\/\\\/radiolitoral.com\\\/#\\\/schema\\\/person\\\/7b1480b5caeb5acdd4ec6379caf62b22\",\"name\":\"Javier Zamora\",\"image\":{\"@type\":\"ImageObject\",\"inLanguage\":\"ca\",\"@id\":\"https:\\\/\\\/secure.gravatar.com\\\/avatar\\\/467a11f6918c7d619c4043fc6fa2d3853053107973f05b6e9c04ea6c4e3a7b3f?s=96&d=mm&r=g\",\"url\":\"https:\\\/\\\/secure.gravatar.com\\\/avatar\\\/467a11f6918c7d619c4043fc6fa2d3853053107973f05b6e9c04ea6c4e3a7b3f?s=96&d=mm&r=g\",\"contentUrl\":\"https:\\\/\\\/secure.gravatar.com\\\/avatar\\\/467a11f6918c7d619c4043fc6fa2d3853053107973f05b6e9c04ea6c4e3a7b3f?s=96&d=mm&r=g\",\"caption\":\"Javier Zamora\"},\"url\":\"https:\\\/\\\/radiolitoral.com\\\/ca\\\/author\\\/javier-zamora\\\/\"}]}<\/script>\n<!-- \/ Yoast SEO plugin. -->","yoast_head_json":{"title":"Katya Trukhacheva entre les millors de la Lliga Iberdrola | R\u00e0dio Litoral","description":"La gimnasta del Club Gimn\u00e0stica Les Marines va fregar el podi als aparells de Pilota i Mans Lliures","robots":{"index":"index","follow":"follow","max-snippet":"max-snippet:-1","max-image-preview":"max-image-preview:large","max-video-preview":"max-video-preview:-1"},"canonical":"https:\/\/radiolitoral.com\/ca\/2024\/06\/katya-trukhacheva-entre-les-millors-de-la-lliga-iberdrola\/","og_locale":"ca_ES","og_type":"article","og_title":"Katya Trukhacheva entre las mejores de la Liga Iberdrola | R\u00e0dio Litoral","og_description":"La gimnasta del Club Gimnasia Les Marines roz\u00f3 el podio en los aparatos de Pelota y Manos Libres","og_url":"https:\/\/radiolitoral.com\/ca\/2024\/06\/katya-trukhacheva-entre-les-millors-de-la-lliga-iberdrola\/","og_site_name":"R\u00e0dio Litoral","article_publisher":"https:\/\/www.facebook.com\/Laradiolitoral\/","article_published_time":"2024-06-05T09:43:53+00:00","og_image":[{"width":900,"height":485,"url":"https:\/\/media.radiolitoral.com\/wp-content\/uploads\/2024\/06\/05111645\/Gimnasta-con-su-entrenadora.jpg","type":"image\/jpeg"}],"author":"Javier Zamora","twitter_card":"summary_large_image","twitter_misc":{"Escrit per":"Javier Zamora","Temps estimat de lectura":"3 minuts"},"schema":{"@context":"https:\/\/schema.org","@graph":[{"@type":"NewsArticle","@id":"https:\/\/radiolitoral.com\/2024\/06\/katya-trukhacheva-entre-las-mejores-de-la-liga-iberdrola\/#article","isPartOf":{"@id":"https:\/\/radiolitoral.com\/2024\/06\/katya-trukhacheva-entre-las-mejores-de-la-liga-iberdrola\/"},"author":{"name":"Javier Zamora","@id":"https:\/\/radiolitoral.com\/#\/schema\/person\/7b1480b5caeb5acdd4ec6379caf62b22"},"headline":"Katya Trukhacheva entre las mejores de la Liga Iberdrola","datePublished":"2024-06-05T09:43:53+00:00","mainEntityOfPage":{"@id":"https:\/\/radiolitoral.com\/2024\/06\/katya-trukhacheva-entre-las-mejores-de-la-liga-iberdrola\/"},"wordCount":383,"commentCount":0,"publisher":{"@id":"https:\/\/radiolitoral.com\/#organization"},"image":{"@id":"https:\/\/radiolitoral.com\/2024\/06\/katya-trukhacheva-entre-las-mejores-de-la-liga-iberdrola\/#primaryimage"},"thumbnailUrl":"https:\/\/media.radiolitoral.com\/wp-content\/uploads\/2024\/06\/05111645\/Gimnasta-con-su-entrenadora.jpg","keywords":["Club Alcoi","Club Gimnasia Les Marines","deportes","Katya Trukhacheva","Leticia Batista","Liga Iberdrola de gimnasia r\u00edtmica","Mar\u00eda Garc\u00eda","Mariona Hidalgo","Sanchia Roberts","Saray Pineda","Yana Trukhacheva"],"articleSection":["Deportes"],"inLanguage":"ca","potentialAction":[{"@type":"CommentAction","name":"Comment","target":["https:\/\/radiolitoral.com\/2024\/06\/katya-trukhacheva-entre-las-mejores-de-la-liga-iberdrola\/#respond"]}]},{"@type":["WebPage","ItemPage"],"@id":"https:\/\/radiolitoral.com\/2024\/06\/katya-trukhacheva-entre-las-mejores-de-la-liga-iberdrola\/","url":"https:\/\/radiolitoral.com\/2024\/06\/katya-trukhacheva-entre-las-mejores-de-la-liga-iberdrola\/","name":"Katya Trukhacheva entre les millors de la Lliga Iberdrola | R\u00e0dio Litoral","isPartOf":{"@id":"https:\/\/radiolitoral.com\/#website"},"primaryImageOfPage":{"@id":"https:\/\/radiolitoral.com\/2024\/06\/katya-trukhacheva-entre-las-mejores-de-la-liga-iberdrola\/#primaryimage"},"image":{"@id":"https:\/\/radiolitoral.com\/2024\/06\/katya-trukhacheva-entre-las-mejores-de-la-liga-iberdrola\/#primaryimage"},"thumbnailUrl":"https:\/\/media.radiolitoral.com\/wp-content\/uploads\/2024\/06\/05111645\/Gimnasta-con-su-entrenadora.jpg","datePublished":"2024-06-05T09:43:53+00:00","description":"La gimnasta del Club Gimn\u00e0stica Les Marines va fregar el podi als aparells de Pilota i Mans Lliures","breadcrumb":{"@id":"https:\/\/radiolitoral.com\/2024\/06\/katya-trukhacheva-entre-las-mejores-de-la-liga-iberdrola\/#breadcrumb"},"inLanguage":"ca","potentialAction":[{"@type":"ReadAction","target":["https:\/\/radiolitoral.com\/2024\/06\/katya-trukhacheva-entre-las-mejores-de-la-liga-iberdrola\/"]}]},{"@type":"ImageObject","inLanguage":"ca","@id":"https:\/\/radiolitoral.com\/2024\/06\/katya-trukhacheva-entre-las-mejores-de-la-liga-iberdrola\/#primaryimage","url":"https:\/\/media.radiolitoral.com\/wp-content\/uploads\/2024\/06\/05111645\/Gimnasta-con-su-entrenadora.jpg","contentUrl":"https:\/\/media.radiolitoral.com\/wp-content\/uploads\/2024\/06\/05111645\/Gimnasta-con-su-entrenadora.jpg","width":900,"height":485},{"@type":"BreadcrumbList","@id":"https:\/\/radiolitoral.com\/2024\/06\/katya-trukhacheva-entre-las-mejores-de-la-liga-iberdrola\/#breadcrumb","itemListElement":[{"@type":"ListItem","position":1,"name":"Portada","item":"https:\/\/radiolitoral.com\/"},{"@type":"ListItem","position":2,"name":"Katya Trukhacheva entre las mejores de la Liga Iberdrola"}]},{"@type":"WebSite","@id":"https:\/\/radiolitoral.com\/#website","url":"https:\/\/radiolitoral.com\/","name":"R\u00e0dio Litoral","description":"La r\u00e0dio local de la Marina Alta","publisher":{"@id":"https:\/\/radiolitoral.com\/#organization"},"alternateName":"Litoral FM","potentialAction":[{"@type":"SearchAction","target":{"@type":"EntryPoint","urlTemplate":"https:\/\/radiolitoral.com\/?s={search_term_string}"},"query-input":{"@type":"PropertyValueSpecification","valueRequired":true,"valueName":"search_term_string"}}],"inLanguage":"ca"},{"@type":"Organization","@id":"https:\/\/radiolitoral.com\/#organization","name":"R\u00e0dio Litoral","url":"https:\/\/radiolitoral.com\/","logo":{"@type":"ImageObject","inLanguage":"ca","@id":"https:\/\/radiolitoral.com\/#\/schema\/logo\/image\/","url":"https:\/\/media.radiolitoral.com\/wp-content\/uploads\/2023\/02\/24143238\/CL-V-RadioLitoral696.png","contentUrl":"https:\/\/media.radiolitoral.com\/wp-content\/uploads\/2023\/02\/24143238\/CL-V-RadioLitoral696.png","width":696,"height":696,"caption":"Radio Litoral"},"image":{"@id":"https:\/\/radiolitoral.com\/#\/schema\/logo\/image\/"},"sameAs":["https:\/\/www.facebook.com\/Laradiolitoral\/"]},{"@type":"Person","@id":"https:\/\/radiolitoral.com\/#\/schema\/person\/7b1480b5caeb5acdd4ec6379caf62b22","name":"Javier Zamora","image":{"@type":"ImageObject","inLanguage":"ca","@id":"https:\/\/secure.gravatar.com\/avatar\/467a11f6918c7d619c4043fc6fa2d3853053107973f05b6e9c04ea6c4e3a7b3f?s=96&d=mm&r=g","url":"https:\/\/secure.gravatar.com\/avatar\/467a11f6918c7d619c4043fc6fa2d3853053107973f05b6e9c04ea6c4e3a7b3f?s=96&d=mm&r=g","contentUrl":"https:\/\/secure.gravatar.com\/avatar\/467a11f6918c7d619c4043fc6fa2d3853053107973f05b6e9c04ea6c4e3a7b3f?s=96&d=mm&r=g","caption":"Javier Zamora"},"url":"https:\/\/radiolitoral.com\/ca\/author\/javier-zamora\/"}]}},"_links":{"self":[{"href":"https:\/\/radiolitoral.com\/ca\/wp-json\/wp\/v2\/posts\/9357","targetHints":{"allow":["GET"]}}],"collection":[{"href":"https:\/\/radiolitoral.com\/ca\/wp-json\/wp\/v2\/posts"}],"about":[{"href":"https:\/\/radiolitoral.com\/ca\/wp-json\/wp\/v2\/types\/post"}],"author":[{"embeddable":true,"href":"https:\/\/radiolitoral.com\/ca\/wp-json\/wp\/v2\/users\/12"}],"replies":[{"embeddable":true,"href":"https:\/\/radiolitoral.com\/ca\/wp-json\/wp\/v2\/comments?post=9357"}],"version-history":[{"count":3,"href":"https:\/\/radiolitoral.com\/ca\/wp-json\/wp\/v2\/posts\/9357\/revisions"}],"predecessor-version":[{"id":9362,"href":"https:\/\/radiolitoral.com\/ca\/wp-json\/wp\/v2\/posts\/9357\/revisions\/9362"}],"wp:featuredmedia":[{"embeddable":true,"href":"https:\/\/radiolitoral.com\/ca\/wp-json\/wp\/v2\/media\/9359"}],"wp:attachment":[{"href":"https:\/\/radiolitoral.com\/ca\/wp-json\/wp\/v2\/media?parent=9357"}],"wp:term":[{"taxonomy":"category","embeddable":true,"href":"https:\/\/radiolitoral.com\/ca\/wp-json\/wp\/v2\/categories?post=9357"},{"taxonomy":"post_tag","embeddable":true,"href":"https:\/\/radiolitoral.com\/ca\/wp-json\/wp\/v2\/tags?post=9357"}],"curies":[{"name":"wp","href":"https:\/\/api.w.org\/{rel}","templated":true}]}}