{"id":9350,"date":"2024-06-05T11:01:55","date_gmt":"2024-06-05T09:01:55","guid":{"rendered":"https:\/\/radiolitoral.com\/?p=9350"},"modified":"2024-06-05T12:13:58","modified_gmt":"2024-06-05T10:13:58","slug":"triomf-vertical-a-madrid-ignacio-cardona-domina-torre-emperador-castellana","status":"publish","type":"post","link":"https:\/\/radiolitoral.com\/ca\/2024\/06\/triunfo-vertical-en-madrid-ignacio-cardona-domina-torre-emperador-castellana\/","title":{"rendered":"Triomf Vertical a Madrid: Ignacio Cardona domina la Torre Emperador Castellana"},"content":{"rendered":"<p>La <strong>Cursa Vertical de Madrid<\/strong> es va celebrar amb un espectacular \u00e8xit a l&#039;emblem\u00e0tica <strong>Torre Emperador Castellana<\/strong>, desafiant els participants a conquerir els 55 pisos del gratacels. Aquest any, la compet\u00e8ncia va batre r\u00e8cord de participaci\u00f3 amb m\u00e9s de 800 esportistes inscrits, destacant la pres\u00e8ncia de m\u00e9s de 100 valents bombers que van afrontar el desafiament equipats amb la seva indument\u00e0ria reglament\u00e0ria.<\/p>\n<p>Des de les 9 del mat\u00ed, els corredors populars van comen\u00e7ar el seu ascens pels 1.320 esglaons, enfrontant-se a un desnivell vertical de 224 metres fins a assolir el pis 55. <strong>Ignacio Cardona<\/strong>, del <strong>CE Llebeig X\u00e0bia<\/strong>, es va coronar com l&#039;indiscutible campi\u00f3 mascul\u00ed de la cursa, marcant un impressionant temps de <strong>6 minuts i 57 segons<\/strong>, seguit de prop per <strong>Enric Santamar\u00eda<\/strong> i <strong>David Robles<\/strong>, els qui tamb\u00e9 van realitzar temps destacats.<\/p>\n<p>A la competici\u00f3 femenina, <strong>Isabel Quintanar<\/strong> es va emportar la vict\u00f2ria amb un crono de <strong>9 minuts i 48 segons<\/strong>, en una arribada dram\u00e0tica on va superar per tot just un segon a <strong>Cristina Bonacina<\/strong>. <strong>Beatriz Morillo<\/strong> va completar el podi femen\u00ed, demostrant la intensitat i la igualtat en la compet\u00e8ncia.<\/p>\n<p>En categoria Veterana, <strong>Laurence Rastell<\/strong> del <strong>CA D\u00e9nia Corre<\/strong>, va finalitzar a la tercera pla\u00e7a amb una marca de <strong>10 minuts i 18 segons<\/strong>. A m\u00e9s, amb una companya i un altre atleta va participar en la modalitat d&#039;equips aconseguint la vict\u00f2ria.<\/p>\n<figure id=\"attachment_9352\" aria-describedby=\"caption-attachment-9352\" style=\"width: 2048px\" class=\"wp-caption alignnone\"><img loading=\"lazy\" decoding=\"async\" class=\"wp-image-9352 size-full\" src=\"https:\/\/media.radiolitoral.com\/wp-content\/uploads\/2024\/06\/05110039\/Laurence-Rastell-ganadora-por-equipos.jpg\" alt=\"\" width=\"2048\" height=\"1365\" srcset=\"https:\/\/media.radiolitoral.com\/wp-content\/uploads\/2024\/06\/05110039\/Laurence-Rastell-ganadora-por-equipos.jpg 2048w, https:\/\/media.radiolitoral.com\/wp-content\/uploads\/2024\/06\/05110039\/Laurence-Rastell-ganadora-por-equipos-300x200.jpg 300w, https:\/\/media.radiolitoral.com\/wp-content\/uploads\/2024\/06\/05110039\/Laurence-Rastell-ganadora-por-equipos-1024x683.jpg 1024w, https:\/\/media.radiolitoral.com\/wp-content\/uploads\/2024\/06\/05110039\/Laurence-Rastell-ganadora-por-equipos-768x512.jpg 768w, https:\/\/media.radiolitoral.com\/wp-content\/uploads\/2024\/06\/05110039\/Laurence-Rastell-ganadora-por-equipos-1536x1024.jpg 1536w, https:\/\/media.radiolitoral.com\/wp-content\/uploads\/2024\/06\/05110039\/Laurence-Rastell-ganadora-por-equipos-18x12.jpg 18w, https:\/\/media.radiolitoral.com\/wp-content\/uploads\/2024\/06\/05110039\/Laurence-Rastell-ganadora-por-equipos-1000x667.jpg 1000w, https:\/\/media.radiolitoral.com\/wp-content\/uploads\/2024\/06\/05110039\/Laurence-Rastell-ganadora-por-equipos-100x67.jpg 100w, https:\/\/media.radiolitoral.com\/wp-content\/uploads\/2024\/06\/05110039\/Laurence-Rastell-ganadora-por-equipos-200x133.jpg 200w\" sizes=\"auto, (max-width: 2048px) 100vw, 2048px\" \/><figcaption id=\"caption-attachment-9352\" class=\"wp-caption-text\">Laurence Rastell guanyadora per equips | B. Madrid<\/figcaption><\/figure>\n<p>L&#039;esdeveniment no nom\u00e9s va ser un repte f\u00edsic per als participants, sin\u00f3 tamb\u00e9 una celebraci\u00f3 de la resist\u00e8ncia i l&#039;esperit esportiu. Els organitzadors de la Cursa Vertical de Madrid van expressar la seva satisfacci\u00f3 per l&#039;\u00e8xit de l&#039;esdeveniment i l&#039;entusiasme mostrat tant pels corredors com pels espectadors que es van congregar per animar els competidors a cada pas d&#039;aquesta \u00e8pica ascensi\u00f3.<\/p>","protected":false},"excerpt":{"rendered":"<p>La Carrera Vertical de Madrid se celebr\u00f3 con un espectacular \u00e9xito en la emblem\u00e1tica Torre Emperador Castellana, desafiando a los participantes a conquistar los 55 pisos del rascacielos. Este a\u00f1o, la competencia bati\u00f3 r\u00e9cord de participaci\u00f3n con m\u00e1s de 800 deportistas inscritos, destacando la presencia de m\u00e1s de 100 valientes bomberos que afrontaron el desaf\u00edo [&#8230;]<\/p>\n<p><a class=\"btn btn-secondary understrap-read-more-link\" href=\"https:\/\/radiolitoral.com\/ca\/2024\/06\/triunfo-vertical-en-madrid-ignacio-cardona-domina-torre-emperador-castellana\/\">Continua llegint&#8230;<span class=\"screen-reader-text\"> from Triunfo Vertical en Madrid: Ignacio Cardona domina la Torre Emperador Castellana<\/span><\/a><\/p>\n","protected":false},"author":12,"featured_media":9351,"comment_status":"open","ping_status":"closed","sticky":false,"template":"","format":"standard","meta":{"_acf_changed":false,"inline_featured_image":false,"footnotes":""},"categories":[5],"tags":[1497,1251,1490,1213,1496,1494,6,1493,1492,1495,1498,1491],"class_list":["post-9350","post","type-post","status-publish","format-standard","has-post-thumbnail","hentry","category-deportes","tag-beatriz-morillo","tag-ca-denia-corre","tag-carrera-vertical-de-madrid","tag-ce-llebeig-xabia","tag-cristina-bonacina","tag-david-robles","tag-deportes","tag-enrique-santamaria","tag-ignacio-cardona","tag-isabel-quintanar","tag-laurence-rastell","tag-torre-emperador-castellana","cobertura-xabia"],"acf":[],"yoast_head":"<!-- This site is optimized with the Yoast SEO plugin v27.5 - https:\/\/yoast.com\/product\/yoast-seo-wordpress\/ -->\n<title>Triunfo Vertical en Madrid: Ignacio Cardona domina la Torre Emperador Castellana | R\u00e0dio Litoral<\/title>\n<meta name=\"description\" content=\"Laurence Rastell del CA D\u00e9nia Corre fue tercera Veterana y ganadora en la clasificaci\u00f3n por equipos Laurence Rastell del CA D\u00e9nia Corre fue tercera Veterana y ganadora en la clasificaci\u00f3n por equipos\" \/>\n<meta name=\"robots\" content=\"index, follow, max-snippet:-1, max-image-preview:large, max-video-preview:-1\" \/>\n<link rel=\"canonical\" href=\"https:\/\/radiolitoral.com\/ca\/2024\/06\/triomf-vertical-a-madrid-ignacio-cardona-domina-torre-emperador-castellana\/\" \/>\n<meta property=\"og:locale\" content=\"ca_ES\" \/>\n<meta property=\"og:type\" content=\"article\" \/>\n<meta property=\"og:title\" content=\"Triunfo Vertical en Madrid: Ignacio Cardona domina la Torre Emperador Castellana | R\u00e0dio Litoral\" \/>\n<meta property=\"og:description\" content=\"Laurence Rastell del CA D\u00e9nia Corre fue tercera Veterana y ganadora en la clasificaci\u00f3n por equipos Laurence Rastell del CA D\u00e9nia Corre fue tercera Veterana y ganadora en la clasificaci\u00f3n por equipos\" \/>\n<meta property=\"og:url\" content=\"https:\/\/radiolitoral.com\/ca\/2024\/06\/triomf-vertical-a-madrid-ignacio-cardona-domina-torre-emperador-castellana\/\" \/>\n<meta property=\"og:site_name\" content=\"R\u00e0dio Litoral\" \/>\n<meta property=\"article:publisher\" content=\"https:\/\/www.facebook.com\/Laradiolitoral\/\" \/>\n<meta property=\"article:published_time\" content=\"2024-06-05T09:01:55+00:00\" \/>\n<meta property=\"article:modified_time\" content=\"2024-06-05T10:13:58+00:00\" \/>\n<meta property=\"og:image\" content=\"https:\/\/media.radiolitoral.com\/wp-content\/uploads\/2024\/06\/05105340\/Ignacio-Cardona-en-el-podio.jpg\" \/>\n\t<meta property=\"og:image:width\" content=\"2048\" \/>\n\t<meta property=\"og:image:height\" content=\"1365\" \/>\n\t<meta property=\"og:image:type\" content=\"image\/jpeg\" \/>\n<meta name=\"author\" content=\"Javier Zamora\" \/>\n<meta name=\"twitter:card\" content=\"summary_large_image\" \/>\n<meta name=\"twitter:label1\" content=\"Escrit per\" \/>\n\t<meta name=\"twitter:data1\" content=\"Javier Zamora\" \/>\n\t<meta name=\"twitter:label2\" content=\"Temps estimat de lectura\" \/>\n\t<meta name=\"twitter:data2\" content=\"2 minuts\" \/>\n<script type=\"application\/ld+json\" class=\"yoast-schema-graph\">{\"@context\":\"https:\\\/\\\/schema.org\",\"@graph\":[{\"@type\":\"NewsArticle\",\"@id\":\"https:\\\/\\\/radiolitoral.com\\\/2024\\\/06\\\/triunfo-vertical-en-madrid-ignacio-cardona-domina-torre-emperador-castellana\\\/#article\",\"isPartOf\":{\"@id\":\"https:\\\/\\\/radiolitoral.com\\\/2024\\\/06\\\/triunfo-vertical-en-madrid-ignacio-cardona-domina-torre-emperador-castellana\\\/\"},\"author\":{\"name\":\"Javier Zamora\",\"@id\":\"https:\\\/\\\/radiolitoral.com\\\/#\\\/schema\\\/person\\\/7b1480b5caeb5acdd4ec6379caf62b22\"},\"headline\":\"Triunfo Vertical en Madrid: Ignacio Cardona domina la Torre Emperador Castellana\",\"datePublished\":\"2024-06-05T09:01:55+00:00\",\"dateModified\":\"2024-06-05T10:13:58+00:00\",\"mainEntityOfPage\":{\"@id\":\"https:\\\/\\\/radiolitoral.com\\\/2024\\\/06\\\/triunfo-vertical-en-madrid-ignacio-cardona-domina-torre-emperador-castellana\\\/\"},\"wordCount\":319,\"commentCount\":0,\"publisher\":{\"@id\":\"https:\\\/\\\/radiolitoral.com\\\/#organization\"},\"image\":{\"@id\":\"https:\\\/\\\/radiolitoral.com\\\/2024\\\/06\\\/triunfo-vertical-en-madrid-ignacio-cardona-domina-torre-emperador-castellana\\\/#primaryimage\"},\"thumbnailUrl\":\"https:\\\/\\\/media.radiolitoral.com\\\/wp-content\\\/uploads\\\/2024\\\/06\\\/05105340\\\/Ignacio-Cardona-en-el-podio-e1717582219680.jpg\",\"keywords\":[\"Beatriz Morillo\",\"CA D\u00e9nia Corre\",\"Carrera Vertical de Madrid\",\"CE Llebeig X\u00e1bia\",\"Cristina Bonacina\",\"David Robles\",\"deportes\",\"Enrique Santamar\u00eda\",\"Ignacio Cardona\",\"Isabel Quintanar\",\"Laurence Rastell\",\"Torre Emperador Castellana\"],\"articleSection\":[\"Deportes\"],\"inLanguage\":\"ca\",\"potentialAction\":[{\"@type\":\"CommentAction\",\"name\":\"Comment\",\"target\":[\"https:\\\/\\\/radiolitoral.com\\\/2024\\\/06\\\/triunfo-vertical-en-madrid-ignacio-cardona-domina-torre-emperador-castellana\\\/#respond\"]}]},{\"@type\":[\"WebPage\",\"ItemPage\"],\"@id\":\"https:\\\/\\\/radiolitoral.com\\\/2024\\\/06\\\/triunfo-vertical-en-madrid-ignacio-cardona-domina-torre-emperador-castellana\\\/\",\"url\":\"https:\\\/\\\/radiolitoral.com\\\/2024\\\/06\\\/triunfo-vertical-en-madrid-ignacio-cardona-domina-torre-emperador-castellana\\\/\",\"name\":\"Triunfo Vertical en Madrid: Ignacio Cardona domina la Torre Emperador Castellana | R\u00e0dio Litoral\",\"isPartOf\":{\"@id\":\"https:\\\/\\\/radiolitoral.com\\\/#website\"},\"primaryImageOfPage\":{\"@id\":\"https:\\\/\\\/radiolitoral.com\\\/2024\\\/06\\\/triunfo-vertical-en-madrid-ignacio-cardona-domina-torre-emperador-castellana\\\/#primaryimage\"},\"image\":{\"@id\":\"https:\\\/\\\/radiolitoral.com\\\/2024\\\/06\\\/triunfo-vertical-en-madrid-ignacio-cardona-domina-torre-emperador-castellana\\\/#primaryimage\"},\"thumbnailUrl\":\"https:\\\/\\\/media.radiolitoral.com\\\/wp-content\\\/uploads\\\/2024\\\/06\\\/05105340\\\/Ignacio-Cardona-en-el-podio-e1717582219680.jpg\",\"datePublished\":\"2024-06-05T09:01:55+00:00\",\"dateModified\":\"2024-06-05T10:13:58+00:00\",\"description\":\"Laurence Rastell del CA D\u00e9nia Corre fue tercera Veterana y ganadora en la clasificaci\u00f3n por equipos Laurence Rastell del CA D\u00e9nia Corre fue tercera Veterana y ganadora en la clasificaci\u00f3n por equipos\",\"breadcrumb\":{\"@id\":\"https:\\\/\\\/radiolitoral.com\\\/2024\\\/06\\\/triunfo-vertical-en-madrid-ignacio-cardona-domina-torre-emperador-castellana\\\/#breadcrumb\"},\"inLanguage\":\"ca\",\"potentialAction\":[{\"@type\":\"ReadAction\",\"target\":[\"https:\\\/\\\/radiolitoral.com\\\/2024\\\/06\\\/triunfo-vertical-en-madrid-ignacio-cardona-domina-torre-emperador-castellana\\\/\"]}]},{\"@type\":\"ImageObject\",\"inLanguage\":\"ca\",\"@id\":\"https:\\\/\\\/radiolitoral.com\\\/2024\\\/06\\\/triunfo-vertical-en-madrid-ignacio-cardona-domina-torre-emperador-castellana\\\/#primaryimage\",\"url\":\"https:\\\/\\\/media.radiolitoral.com\\\/wp-content\\\/uploads\\\/2024\\\/06\\\/05105340\\\/Ignacio-Cardona-en-el-podio-e1717582219680.jpg\",\"contentUrl\":\"https:\\\/\\\/media.radiolitoral.com\\\/wp-content\\\/uploads\\\/2024\\\/06\\\/05105340\\\/Ignacio-Cardona-en-el-podio-e1717582219680.jpg\",\"width\":1885,\"height\":1341},{\"@type\":\"BreadcrumbList\",\"@id\":\"https:\\\/\\\/radiolitoral.com\\\/2024\\\/06\\\/triunfo-vertical-en-madrid-ignacio-cardona-domina-torre-emperador-castellana\\\/#breadcrumb\",\"itemListElement\":[{\"@type\":\"ListItem\",\"position\":1,\"name\":\"Portada\",\"item\":\"https:\\\/\\\/radiolitoral.com\\\/\"},{\"@type\":\"ListItem\",\"position\":2,\"name\":\"Triunfo Vertical en Madrid: Ignacio Cardona domina la Torre Emperador Castellana\"}]},{\"@type\":\"WebSite\",\"@id\":\"https:\\\/\\\/radiolitoral.com\\\/#website\",\"url\":\"https:\\\/\\\/radiolitoral.com\\\/\",\"name\":\"Radio Litoral\",\"description\":\"La radio local de la Marina Alta\",\"publisher\":{\"@id\":\"https:\\\/\\\/radiolitoral.com\\\/#organization\"},\"alternateName\":\"Litoral FM\",\"potentialAction\":[{\"@type\":\"SearchAction\",\"target\":{\"@type\":\"EntryPoint\",\"urlTemplate\":\"https:\\\/\\\/radiolitoral.com\\\/?s={search_term_string}\"},\"query-input\":{\"@type\":\"PropertyValueSpecification\",\"valueRequired\":true,\"valueName\":\"search_term_string\"}}],\"inLanguage\":\"ca\"},{\"@type\":\"Organization\",\"@id\":\"https:\\\/\\\/radiolitoral.com\\\/#organization\",\"name\":\"Radio Litoral\",\"url\":\"https:\\\/\\\/radiolitoral.com\\\/\",\"logo\":{\"@type\":\"ImageObject\",\"inLanguage\":\"ca\",\"@id\":\"https:\\\/\\\/radiolitoral.com\\\/#\\\/schema\\\/logo\\\/image\\\/\",\"url\":\"https:\\\/\\\/media.radiolitoral.com\\\/wp-content\\\/uploads\\\/2023\\\/02\\\/24143238\\\/CL-V-RadioLitoral696.png\",\"contentUrl\":\"https:\\\/\\\/media.radiolitoral.com\\\/wp-content\\\/uploads\\\/2023\\\/02\\\/24143238\\\/CL-V-RadioLitoral696.png\",\"width\":696,\"height\":696,\"caption\":\"Radio Litoral\"},\"image\":{\"@id\":\"https:\\\/\\\/radiolitoral.com\\\/#\\\/schema\\\/logo\\\/image\\\/\"},\"sameAs\":[\"https:\\\/\\\/www.facebook.com\\\/Laradiolitoral\\\/\"]},{\"@type\":\"Person\",\"@id\":\"https:\\\/\\\/radiolitoral.com\\\/#\\\/schema\\\/person\\\/7b1480b5caeb5acdd4ec6379caf62b22\",\"name\":\"Javier Zamora\",\"image\":{\"@type\":\"ImageObject\",\"inLanguage\":\"ca\",\"@id\":\"https:\\\/\\\/secure.gravatar.com\\\/avatar\\\/467a11f6918c7d619c4043fc6fa2d3853053107973f05b6e9c04ea6c4e3a7b3f?s=96&d=mm&r=g\",\"url\":\"https:\\\/\\\/secure.gravatar.com\\\/avatar\\\/467a11f6918c7d619c4043fc6fa2d3853053107973f05b6e9c04ea6c4e3a7b3f?s=96&d=mm&r=g\",\"contentUrl\":\"https:\\\/\\\/secure.gravatar.com\\\/avatar\\\/467a11f6918c7d619c4043fc6fa2d3853053107973f05b6e9c04ea6c4e3a7b3f?s=96&d=mm&r=g\",\"caption\":\"Javier Zamora\"},\"url\":\"https:\\\/\\\/radiolitoral.com\\\/ca\\\/author\\\/javier-zamora\\\/\"}]}<\/script>\n<!-- \/ Yoast SEO plugin. -->","yoast_head_json":{"title":"Triomf Vertical a Madrid: Ignacio Cardona domina la Torre Emperador Castellana | R\u00e0dio Litoral","description":"Laurence Rastell del CA D\u00e9nia Corre va ser tercera Veterana i guanyadora a la classificaci\u00f3 per equips Laurence Rastell del CA D\u00e9nia Corre va ser tercera Veterana i guanyadora a la classificaci\u00f3 per equips","robots":{"index":"index","follow":"follow","max-snippet":"max-snippet:-1","max-image-preview":"max-image-preview:large","max-video-preview":"max-video-preview:-1"},"canonical":"https:\/\/radiolitoral.com\/ca\/2024\/06\/triomf-vertical-a-madrid-ignacio-cardona-domina-torre-emperador-castellana\/","og_locale":"ca_ES","og_type":"article","og_title":"Triunfo Vertical en Madrid: Ignacio Cardona domina la Torre Emperador Castellana | R\u00e0dio Litoral","og_description":"Laurence Rastell del CA D\u00e9nia Corre fue tercera Veterana y ganadora en la clasificaci\u00f3n por equipos Laurence Rastell del CA D\u00e9nia Corre fue tercera Veterana y ganadora en la clasificaci\u00f3n por equipos","og_url":"https:\/\/radiolitoral.com\/ca\/2024\/06\/triomf-vertical-a-madrid-ignacio-cardona-domina-torre-emperador-castellana\/","og_site_name":"R\u00e0dio Litoral","article_publisher":"https:\/\/www.facebook.com\/Laradiolitoral\/","article_published_time":"2024-06-05T09:01:55+00:00","article_modified_time":"2024-06-05T10:13:58+00:00","og_image":[{"width":2048,"height":1365,"url":"https:\/\/media.radiolitoral.com\/wp-content\/uploads\/2024\/06\/05105340\/Ignacio-Cardona-en-el-podio.jpg","type":"image\/jpeg"}],"author":"Javier Zamora","twitter_card":"summary_large_image","twitter_misc":{"Escrit per":"Javier Zamora","Temps estimat de lectura":"2 minuts"},"schema":{"@context":"https:\/\/schema.org","@graph":[{"@type":"NewsArticle","@id":"https:\/\/radiolitoral.com\/2024\/06\/triunfo-vertical-en-madrid-ignacio-cardona-domina-torre-emperador-castellana\/#article","isPartOf":{"@id":"https:\/\/radiolitoral.com\/2024\/06\/triunfo-vertical-en-madrid-ignacio-cardona-domina-torre-emperador-castellana\/"},"author":{"name":"Javier Zamora","@id":"https:\/\/radiolitoral.com\/#\/schema\/person\/7b1480b5caeb5acdd4ec6379caf62b22"},"headline":"Triunfo Vertical en Madrid: Ignacio Cardona domina la Torre Emperador Castellana","datePublished":"2024-06-05T09:01:55+00:00","dateModified":"2024-06-05T10:13:58+00:00","mainEntityOfPage":{"@id":"https:\/\/radiolitoral.com\/2024\/06\/triunfo-vertical-en-madrid-ignacio-cardona-domina-torre-emperador-castellana\/"},"wordCount":319,"commentCount":0,"publisher":{"@id":"https:\/\/radiolitoral.com\/#organization"},"image":{"@id":"https:\/\/radiolitoral.com\/2024\/06\/triunfo-vertical-en-madrid-ignacio-cardona-domina-torre-emperador-castellana\/#primaryimage"},"thumbnailUrl":"https:\/\/media.radiolitoral.com\/wp-content\/uploads\/2024\/06\/05105340\/Ignacio-Cardona-en-el-podio-e1717582219680.jpg","keywords":["Beatriz Morillo","CA D\u00e9nia Corre","Carrera Vertical de Madrid","CE Llebeig X\u00e1bia","Cristina Bonacina","David Robles","deportes","Enrique Santamar\u00eda","Ignacio Cardona","Isabel Quintanar","Laurence Rastell","Torre Emperador Castellana"],"articleSection":["Deportes"],"inLanguage":"ca","potentialAction":[{"@type":"CommentAction","name":"Comment","target":["https:\/\/radiolitoral.com\/2024\/06\/triunfo-vertical-en-madrid-ignacio-cardona-domina-torre-emperador-castellana\/#respond"]}]},{"@type":["WebPage","ItemPage"],"@id":"https:\/\/radiolitoral.com\/2024\/06\/triunfo-vertical-en-madrid-ignacio-cardona-domina-torre-emperador-castellana\/","url":"https:\/\/radiolitoral.com\/2024\/06\/triunfo-vertical-en-madrid-ignacio-cardona-domina-torre-emperador-castellana\/","name":"Triomf Vertical a Madrid: Ignacio Cardona domina la Torre Emperador Castellana | R\u00e0dio Litoral","isPartOf":{"@id":"https:\/\/radiolitoral.com\/#website"},"primaryImageOfPage":{"@id":"https:\/\/radiolitoral.com\/2024\/06\/triunfo-vertical-en-madrid-ignacio-cardona-domina-torre-emperador-castellana\/#primaryimage"},"image":{"@id":"https:\/\/radiolitoral.com\/2024\/06\/triunfo-vertical-en-madrid-ignacio-cardona-domina-torre-emperador-castellana\/#primaryimage"},"thumbnailUrl":"https:\/\/media.radiolitoral.com\/wp-content\/uploads\/2024\/06\/05105340\/Ignacio-Cardona-en-el-podio-e1717582219680.jpg","datePublished":"2024-06-05T09:01:55+00:00","dateModified":"2024-06-05T10:13:58+00:00","description":"Laurence Rastell del CA D\u00e9nia Corre va ser tercera Veterana i guanyadora a la classificaci\u00f3 per equips Laurence Rastell del CA D\u00e9nia Corre va ser tercera Veterana i guanyadora a la classificaci\u00f3 per equips","breadcrumb":{"@id":"https:\/\/radiolitoral.com\/2024\/06\/triunfo-vertical-en-madrid-ignacio-cardona-domina-torre-emperador-castellana\/#breadcrumb"},"inLanguage":"ca","potentialAction":[{"@type":"ReadAction","target":["https:\/\/radiolitoral.com\/2024\/06\/triunfo-vertical-en-madrid-ignacio-cardona-domina-torre-emperador-castellana\/"]}]},{"@type":"ImageObject","inLanguage":"ca","@id":"https:\/\/radiolitoral.com\/2024\/06\/triunfo-vertical-en-madrid-ignacio-cardona-domina-torre-emperador-castellana\/#primaryimage","url":"https:\/\/media.radiolitoral.com\/wp-content\/uploads\/2024\/06\/05105340\/Ignacio-Cardona-en-el-podio-e1717582219680.jpg","contentUrl":"https:\/\/media.radiolitoral.com\/wp-content\/uploads\/2024\/06\/05105340\/Ignacio-Cardona-en-el-podio-e1717582219680.jpg","width":1885,"height":1341},{"@type":"BreadcrumbList","@id":"https:\/\/radiolitoral.com\/2024\/06\/triunfo-vertical-en-madrid-ignacio-cardona-domina-torre-emperador-castellana\/#breadcrumb","itemListElement":[{"@type":"ListItem","position":1,"name":"Portada","item":"https:\/\/radiolitoral.com\/"},{"@type":"ListItem","position":2,"name":"Triunfo Vertical en Madrid: Ignacio Cardona domina la Torre Emperador Castellana"}]},{"@type":"WebSite","@id":"https:\/\/radiolitoral.com\/#website","url":"https:\/\/radiolitoral.com\/","name":"R\u00e0dio Litoral","description":"La r\u00e0dio local de la Marina Alta","publisher":{"@id":"https:\/\/radiolitoral.com\/#organization"},"alternateName":"Litoral FM","potentialAction":[{"@type":"SearchAction","target":{"@type":"EntryPoint","urlTemplate":"https:\/\/radiolitoral.com\/?s={search_term_string}"},"query-input":{"@type":"PropertyValueSpecification","valueRequired":true,"valueName":"search_term_string"}}],"inLanguage":"ca"},{"@type":"Organization","@id":"https:\/\/radiolitoral.com\/#organization","name":"R\u00e0dio Litoral","url":"https:\/\/radiolitoral.com\/","logo":{"@type":"ImageObject","inLanguage":"ca","@id":"https:\/\/radiolitoral.com\/#\/schema\/logo\/image\/","url":"https:\/\/media.radiolitoral.com\/wp-content\/uploads\/2023\/02\/24143238\/CL-V-RadioLitoral696.png","contentUrl":"https:\/\/media.radiolitoral.com\/wp-content\/uploads\/2023\/02\/24143238\/CL-V-RadioLitoral696.png","width":696,"height":696,"caption":"Radio Litoral"},"image":{"@id":"https:\/\/radiolitoral.com\/#\/schema\/logo\/image\/"},"sameAs":["https:\/\/www.facebook.com\/Laradiolitoral\/"]},{"@type":"Person","@id":"https:\/\/radiolitoral.com\/#\/schema\/person\/7b1480b5caeb5acdd4ec6379caf62b22","name":"Javier Zamora","image":{"@type":"ImageObject","inLanguage":"ca","@id":"https:\/\/secure.gravatar.com\/avatar\/467a11f6918c7d619c4043fc6fa2d3853053107973f05b6e9c04ea6c4e3a7b3f?s=96&d=mm&r=g","url":"https:\/\/secure.gravatar.com\/avatar\/467a11f6918c7d619c4043fc6fa2d3853053107973f05b6e9c04ea6c4e3a7b3f?s=96&d=mm&r=g","contentUrl":"https:\/\/secure.gravatar.com\/avatar\/467a11f6918c7d619c4043fc6fa2d3853053107973f05b6e9c04ea6c4e3a7b3f?s=96&d=mm&r=g","caption":"Javier Zamora"},"url":"https:\/\/radiolitoral.com\/ca\/author\/javier-zamora\/"}]}},"_links":{"self":[{"href":"https:\/\/radiolitoral.com\/ca\/wp-json\/wp\/v2\/posts\/9350","targetHints":{"allow":["GET"]}}],"collection":[{"href":"https:\/\/radiolitoral.com\/ca\/wp-json\/wp\/v2\/posts"}],"about":[{"href":"https:\/\/radiolitoral.com\/ca\/wp-json\/wp\/v2\/types\/post"}],"author":[{"embeddable":true,"href":"https:\/\/radiolitoral.com\/ca\/wp-json\/wp\/v2\/users\/12"}],"replies":[{"embeddable":true,"href":"https:\/\/radiolitoral.com\/ca\/wp-json\/wp\/v2\/comments?post=9350"}],"version-history":[{"count":2,"href":"https:\/\/radiolitoral.com\/ca\/wp-json\/wp\/v2\/posts\/9350\/revisions"}],"predecessor-version":[{"id":9354,"href":"https:\/\/radiolitoral.com\/ca\/wp-json\/wp\/v2\/posts\/9350\/revisions\/9354"}],"wp:featuredmedia":[{"embeddable":true,"href":"https:\/\/radiolitoral.com\/ca\/wp-json\/wp\/v2\/media\/9351"}],"wp:attachment":[{"href":"https:\/\/radiolitoral.com\/ca\/wp-json\/wp\/v2\/media?parent=9350"}],"wp:term":[{"taxonomy":"category","embeddable":true,"href":"https:\/\/radiolitoral.com\/ca\/wp-json\/wp\/v2\/categories?post=9350"},{"taxonomy":"post_tag","embeddable":true,"href":"https:\/\/radiolitoral.com\/ca\/wp-json\/wp\/v2\/tags?post=9350"}],"curies":[{"name":"wp","href":"https:\/\/api.w.org\/{rel}","templated":true}]}}