{"id":9320,"date":"2024-06-03T18:22:37","date_gmt":"2024-06-03T16:22:37","guid":{"rendered":"https:\/\/radiolitoral.com\/?p=9320"},"modified":"2024-06-03T18:22:37","modified_gmt":"2024-06-03T16:22:37","slug":"arriba-el-mercat-andalusi-a-moraira-del-7-al-9-de-juny","status":"publish","type":"post","link":"https:\/\/radiolitoral.com\/ca\/2024\/06\/llega-el-mercado-andalusi-a-moraira-del-7-al-9-de-junio\/","title":{"rendered":"Arriba el Mercat Andalus\u00ed a Moraira del 7 al 9 de juny"},"content":{"rendered":"<p>El nucli urb\u00e0 de <strong>Moraira<\/strong> es convertir\u00e0 per uns dies al <strong>Mercat Andalus\u00ed<\/strong>, dins de la programaci\u00f3 i ambientaci\u00f3 de les festes de Moros i Cristians. Del 7 al 9 de juny, aquest esdeveniment et far\u00e0 viatjar en el temps al <strong>cor d&#039;Al-\u00c0ndalus<\/strong>.<\/p>\n<p>La Pla\u00e7a de la Sort de Moraira es transformar\u00e0 en un acollidor mercat tradicional de l&#039;\u00e8poca isl\u00e0mica, on podreu descobrir artesanies mil\u00b7len\u00e0ries, assaborir la gastronomia d&#039;antany i deixar-vos embolicar per la m\u00fasica i les danses tradicionals. L&#039;esdeveniment es dur\u00e0 a terme en horari de 11:30 ha 22:30 h, a la Pla\u00e7a de la Sort, estenent-se tamb\u00e9 pel Carrer Magatzems i el Carrer Mar de Moraira.<\/p>\n<p><img loading=\"lazy\" decoding=\"async\" class=\"size-large wp-image-37682 aligncenter\" src=\"https:\/\/marinaalta.es\/wp-content\/uploads\/2024\/06\/mercat-andalusi-MORAIRA-2024-copy_page-0001-729x1024.jpg\" alt=\"\" width=\"640\" height=\"899\" \/><\/p>\n<p>\u00abLa celebraci\u00f3 del Mercat Andalus\u00ed \u00e9s una oportunitat \u00fanica perqu\u00e8 ve\u00efns i visitants gaudeixin de la nostra rica her\u00e8ncia cultural. Aquest esdeveniment no nom\u00e9s fomenta la conviv\u00e8ncia i la interacci\u00f3 entre diferents cultures, sin\u00f3 que tamb\u00e9 recolza els nostres artesans locals i comarcals, que juguen un paper fonamental en la preservaci\u00f3 de les nostres tradicions. Convido tothom a gaudir del mercat amb nosaltres per viure aquesta experi\u00e8ncia m\u00e0gica.\u00bb, ha destacat la regidora de Mercats Mari Cant\u00f3.<\/p>\n<p>La inauguraci\u00f3 del Mercat Andalus\u00ed ser\u00e0 el proper divendres 7 de juny a les 19:30h i comptar\u00e0 amb percussi\u00f3 i m\u00fasica andalus\u00ed, dansa \u00e0rab, xanques i cavallers moros i cristians, a m\u00e9s de la participaci\u00f3 de la Junta Central de Moros i Cristians de Moraira i autoritats municipals.<\/p>\n<p>Pel que fa a l&#039;oferta gastron\u00f2mica, els visitants podran gaudir de te mor\u00fa, dol\u00e7os \u00e0rabs i altres menjars t\u00edpics que evoquen els sabors d&#039;abans. Per a l&#039;entreteniment, hi haur\u00e0 m\u00fasica \u00e0rab itinerant, espectacles de foc, duels entre moros i cristians, una Escola de cavallers, dansa del ventre, xanques, malabars i acr\u00f2bates, oferint una infinitat d&#039;espectacles l\u00fadics.<\/p>\n<p>A m\u00e9s, s&#039;han organitzat tallers de percussi\u00f3 \u00e0rab, torner de cer\u00e0mica i demostracions d&#039;artesania en orfebreria i t\u00e8xtil, que han perm\u00e8s als assistents interactuar i aprendre sobre aquestes antigues t\u00e8cniques artesanals. Aquest any, com a novetat, es presentar\u00e0 una exposici\u00f3 de monedes valencianes. Pels m\u00e9s petits, el diumenge al mat\u00ed hi haur\u00e0 tallers d&#039;escacs i dames, proporcionant activitats educatives i divertides per a tota la fam\u00edlia.<\/p>\n<p>Durant tot el recorregut, els visitants trobaran parades d&#039;artesania i alimentaci\u00f3, destacant els articles amb primeres mat\u00e8ries i aromes d&#039;antany. Els carrers es vestiran amb teles d&#039;estil mud\u00e8jar per acompanyar la tem\u00e0tica de les festes de Moros i Cristians.<\/p>\n<h2>PROGRAMACI\u00d3 MERCAT ANDALUS\u00cd MORAIRA<\/h2>\n<p><em><strong>Divendres 7 de juny<\/strong><\/em><\/p>\n<ul>\n<li>18:00 \u2013 M\u00fasica i Dansa \u00c0rab a la Pla\u00e7a de la Sort.<\/li>\n<li>18:00 Ofici de la Cer\u00e0mica amb Torn durant tot l&#039;horari del mercat.<\/li>\n<li>18:00 \u2013 Xanques a la Pla\u00e7a de la Sort.<\/li>\n<li>18:00 \u2013 Duel de Cavallers Moro i Cristi\u00e0 a la Pla\u00e7a de la Sort.<\/li>\n<li>19:30 \u2013 Inauguraci\u00f3 del Mercat Medieval Andalus\u00ed per part de la Junta Central de Moros i Cristians i autoritats municipals.<\/li>\n<li>22:00 \u2013 Espectacle de Foc al Carrer Mar (acc\u00e9s p\u00e0rquing).<\/li>\n<li>22:00 \u2013 M\u00fasica i Dansa \u00c0rab a la Pla\u00e7a de la Sort.<\/li>\n<\/ul>\n<p><em><strong>Dissabte 8 de juny<\/p>\n<p><\/strong><\/em><\/p>\n<ul>\n<li>12:00 \u2013 M\u00fasica i Dansa \u00c0rab a la Pla\u00e7a de la Sort.<\/li>\n<li>12:00 \u2013 Xanques a la Pla\u00e7a de la Sort.<\/li>\n<li>12:00 Ofici de la Cer\u00e0mica amb Torn durant tot l&#039;horari del mercat.<\/li>\n<li>13:00 \u2013 Taller de Percussi\u00f3 \u00c0rab a la teteria al final del Carrer Magatzems.<\/li>\n<li>13:00 \u2013 Escola de Petits Escuders a la pla\u00e7a Carrer del Mar (acc\u00e9s des del p\u00e0rquing).<\/li>\n<li>17:00 \u2013 Escola de Petits Escuders a la pla\u00e7a Carrer del Mar (acc\u00e9s des del p\u00e0rquing).<\/li>\n<li>18:30 \u2013 M\u00fasica i Dansa \u00c0rab a la Pla\u00e7a de la Sort.<\/li>\n<li>18:00 \u2013 Xanques a la Pla\u00e7a de la Sort.<\/li>\n<li>22:00 \u2013 Espectacle de Foc al Carrer Mar (acc\u00e9s p\u00e0rquing).<\/li>\n<li>22:00 \u2013 M\u00fasica i Dansa \u00c0rab a la Pla\u00e7a de la Sort.<\/li>\n<\/ul>\n<p><em><strong>Diumenge 9 de juny<\/strong><\/em><\/p>\n<ul>\n<li>11:30 - L&#039;Art dels Escacs a l&#039;Esplanada del castell.<\/li>\n<li>12:00 \u2013 M\u00fasica i Dansa \u00c0rab a la Pla\u00e7a de la Sort.<\/li>\n<li>12:00 \u2013 Xanques a la Pla\u00e7a de la Sort.<\/li>\n<li>12:00 Ofici de la Cer\u00e0mica amb Torn durant tot l&#039;horari del mercat.<\/li>\n<li>13:00 \u2013 Escola de Petits Escuders a la pla\u00e7a Carrer del Mar (acc\u00e9s des del p\u00e0rquing).<\/li>\n<li>13:30 \u2013 Escola de Dansa \u00c0rab a la teteria ubicada al Carrer Almacenes.<\/li>\n<li>18:00 \u2013 Xanques a la Pla\u00e7a de la Sort.<\/li>\n<li>22:00 \u2013 Espectacle de Foc al Carrer Mar (acc\u00e9s p\u00e0rquing).<\/li>\n<li>22:00 \u2013 M\u00fasica i Dansa \u00c0rab a la Pla\u00e7a de la Sort.<\/li>\n<\/ul>\n<p>Aquest esdeveniment \u00e9s possible gr\u00e0cies a la col\u00b7laboraci\u00f3 de l&#039;Associaci\u00f3 d&#039;Artesans, que han contribu\u00eft significativament a l&#039;organitzaci\u00f3 i la promoci\u00f3 d&#039;aquesta activitat.<\/p>","protected":false},"excerpt":{"rendered":"<p>El casco urbano de Moraira se convertir\u00e1 por unos d\u00edas en el Mercado Andalus\u00ed, dentro de la programaci\u00f3n y ambientaci\u00f3n de las fiestas de Moros y Cristianos. Del 7 al 9 de junio, este evento te har\u00e1 viajar en el tiempo al coraz\u00f3n de Al-\u00c1ndalus. La Plaza de la Sort de Moraira se transformar\u00e1 en [&#8230;]<\/p>\n<p><a class=\"btn btn-secondary understrap-read-more-link\" href=\"https:\/\/radiolitoral.com\/ca\/2024\/06\/llega-el-mercado-andalusi-a-moraira-del-7-al-9-de-junio\/\">Continua llegint&#8230;<span class=\"screen-reader-text\"> from Llega el Mercado Andalus\u00ed a Moraira del 7 al 9 de junio<\/span><\/a><\/p>\n","protected":false},"author":14,"featured_media":9322,"comment_status":"open","ping_status":"closed","sticky":false,"template":"","format":"standard","meta":{"_acf_changed":false,"inline_featured_image":false,"footnotes":""},"categories":[46],"tags":[1482,1160,195],"class_list":["post-9320","post","type-post","status-publish","format-standard","has-post-thumbnail","hentry","category-sociedad","tag-mercado-andalusi","tag-sociedad","tag-teulada-moraira","cobertura-teulada-moraira"],"acf":[],"yoast_head":"<!-- This site is optimized with the Yoast SEO plugin v27.5 - https:\/\/yoast.com\/product\/yoast-seo-wordpress\/ -->\n<title>Llega el Mercado Andalus\u00ed a Moraira del 7 al 9 de junio | R\u00e0dio Litoral<\/title>\n<meta name=\"description\" content=\"El casco urbano acoger\u00e1 &quot;el coraz\u00f3n del Al-\u00c1ndalus&quot;\" \/>\n<meta name=\"robots\" content=\"index, follow, max-snippet:-1, max-image-preview:large, max-video-preview:-1\" \/>\n<link rel=\"canonical\" href=\"https:\/\/radiolitoral.com\/ca\/2024\/06\/arriba-el-mercat-andalusi-a-moraira-del-7-al-9-de-juny\/\" \/>\n<meta property=\"og:locale\" content=\"ca_ES\" \/>\n<meta property=\"og:type\" content=\"article\" \/>\n<meta property=\"og:title\" content=\"Llega el Mercado Andalus\u00ed a Moraira del 7 al 9 de junio | R\u00e0dio Litoral\" \/>\n<meta property=\"og:description\" content=\"El casco urbano acoger\u00e1 &quot;el coraz\u00f3n del Al-\u00c1ndalus&quot;\" \/>\n<meta property=\"og:url\" content=\"https:\/\/radiolitoral.com\/ca\/2024\/06\/arriba-el-mercat-andalusi-a-moraira-del-7-al-9-de-juny\/\" \/>\n<meta property=\"og:site_name\" content=\"R\u00e0dio Litoral\" \/>\n<meta property=\"article:publisher\" content=\"https:\/\/www.facebook.com\/Laradiolitoral\/\" \/>\n<meta property=\"article:published_time\" content=\"2024-06-03T16:22:37+00:00\" \/>\n<meta property=\"og:image\" content=\"https:\/\/media.radiolitoral.com\/wp-content\/uploads\/2024\/06\/03182142\/mercat-andalusi-MORAIRA-2024-copy_page-0001-e1717431728984.jpg\" \/>\n\t<meta property=\"og:image:width\" content=\"1790\" \/>\n\t<meta property=\"og:image:height\" content=\"1614\" \/>\n\t<meta property=\"og:image:type\" content=\"image\/jpeg\" \/>\n<meta name=\"author\" content=\"Redacci\u00f3n\" \/>\n<meta name=\"twitter:card\" content=\"summary_large_image\" \/>\n<meta name=\"twitter:label1\" content=\"Escrit per\" \/>\n\t<meta name=\"twitter:data1\" content=\"Redacci\u00f3n\" \/>\n\t<meta name=\"twitter:label2\" content=\"Temps estimat de lectura\" \/>\n\t<meta name=\"twitter:data2\" content=\"4 minuts\" \/>\n<script type=\"application\/ld+json\" class=\"yoast-schema-graph\">{\"@context\":\"https:\\\/\\\/schema.org\",\"@graph\":[{\"@type\":\"NewsArticle\",\"@id\":\"https:\\\/\\\/radiolitoral.com\\\/2024\\\/06\\\/llega-el-mercado-andalusi-a-moraira-del-7-al-9-de-junio\\\/#article\",\"isPartOf\":{\"@id\":\"https:\\\/\\\/radiolitoral.com\\\/2024\\\/06\\\/llega-el-mercado-andalusi-a-moraira-del-7-al-9-de-junio\\\/\"},\"author\":{\"name\":\"Redacci\u00f3n\",\"@id\":\"https:\\\/\\\/radiolitoral.com\\\/#\\\/schema\\\/person\\\/96b739642eb3bedb532aac3812d23307\"},\"headline\":\"Llega el Mercado Andalus\u00ed a Moraira del 7 al 9 de junio\",\"datePublished\":\"2024-06-03T16:22:37+00:00\",\"mainEntityOfPage\":{\"@id\":\"https:\\\/\\\/radiolitoral.com\\\/2024\\\/06\\\/llega-el-mercado-andalusi-a-moraira-del-7-al-9-de-junio\\\/\"},\"wordCount\":826,\"commentCount\":0,\"publisher\":{\"@id\":\"https:\\\/\\\/radiolitoral.com\\\/#organization\"},\"image\":{\"@id\":\"https:\\\/\\\/radiolitoral.com\\\/2024\\\/06\\\/llega-el-mercado-andalusi-a-moraira-del-7-al-9-de-junio\\\/#primaryimage\"},\"thumbnailUrl\":\"https:\\\/\\\/media.radiolitoral.com\\\/wp-content\\\/uploads\\\/2024\\\/06\\\/03182142\\\/mercat-andalusi-MORAIRA-2024-copy_page-0001-e1717431728984.jpg\",\"keywords\":[\"Mercado Andalus\u00ed\",\"sociedad\",\"Teulada-Moraira\"],\"articleSection\":[\"Sociedad\"],\"inLanguage\":\"ca\",\"potentialAction\":[{\"@type\":\"CommentAction\",\"name\":\"Comment\",\"target\":[\"https:\\\/\\\/radiolitoral.com\\\/2024\\\/06\\\/llega-el-mercado-andalusi-a-moraira-del-7-al-9-de-junio\\\/#respond\"]}]},{\"@type\":[\"WebPage\",\"ItemPage\"],\"@id\":\"https:\\\/\\\/radiolitoral.com\\\/2024\\\/06\\\/llega-el-mercado-andalusi-a-moraira-del-7-al-9-de-junio\\\/\",\"url\":\"https:\\\/\\\/radiolitoral.com\\\/2024\\\/06\\\/llega-el-mercado-andalusi-a-moraira-del-7-al-9-de-junio\\\/\",\"name\":\"Llega el Mercado Andalus\u00ed a Moraira del 7 al 9 de junio | R\u00e0dio Litoral\",\"isPartOf\":{\"@id\":\"https:\\\/\\\/radiolitoral.com\\\/#website\"},\"primaryImageOfPage\":{\"@id\":\"https:\\\/\\\/radiolitoral.com\\\/2024\\\/06\\\/llega-el-mercado-andalusi-a-moraira-del-7-al-9-de-junio\\\/#primaryimage\"},\"image\":{\"@id\":\"https:\\\/\\\/radiolitoral.com\\\/2024\\\/06\\\/llega-el-mercado-andalusi-a-moraira-del-7-al-9-de-junio\\\/#primaryimage\"},\"thumbnailUrl\":\"https:\\\/\\\/media.radiolitoral.com\\\/wp-content\\\/uploads\\\/2024\\\/06\\\/03182142\\\/mercat-andalusi-MORAIRA-2024-copy_page-0001-e1717431728984.jpg\",\"datePublished\":\"2024-06-03T16:22:37+00:00\",\"description\":\"El casco urbano acoger\u00e1 \\\"el coraz\u00f3n del Al-\u00c1ndalus\\\"\",\"breadcrumb\":{\"@id\":\"https:\\\/\\\/radiolitoral.com\\\/2024\\\/06\\\/llega-el-mercado-andalusi-a-moraira-del-7-al-9-de-junio\\\/#breadcrumb\"},\"inLanguage\":\"ca\",\"potentialAction\":[{\"@type\":\"ReadAction\",\"target\":[\"https:\\\/\\\/radiolitoral.com\\\/2024\\\/06\\\/llega-el-mercado-andalusi-a-moraira-del-7-al-9-de-junio\\\/\"]}]},{\"@type\":\"ImageObject\",\"inLanguage\":\"ca\",\"@id\":\"https:\\\/\\\/radiolitoral.com\\\/2024\\\/06\\\/llega-el-mercado-andalusi-a-moraira-del-7-al-9-de-junio\\\/#primaryimage\",\"url\":\"https:\\\/\\\/media.radiolitoral.com\\\/wp-content\\\/uploads\\\/2024\\\/06\\\/03182142\\\/mercat-andalusi-MORAIRA-2024-copy_page-0001-e1717431728984.jpg\",\"contentUrl\":\"https:\\\/\\\/media.radiolitoral.com\\\/wp-content\\\/uploads\\\/2024\\\/06\\\/03182142\\\/mercat-andalusi-MORAIRA-2024-copy_page-0001-e1717431728984.jpg\",\"width\":1790,\"height\":1614},{\"@type\":\"BreadcrumbList\",\"@id\":\"https:\\\/\\\/radiolitoral.com\\\/2024\\\/06\\\/llega-el-mercado-andalusi-a-moraira-del-7-al-9-de-junio\\\/#breadcrumb\",\"itemListElement\":[{\"@type\":\"ListItem\",\"position\":1,\"name\":\"Portada\",\"item\":\"https:\\\/\\\/radiolitoral.com\\\/\"},{\"@type\":\"ListItem\",\"position\":2,\"name\":\"Llega el Mercado Andalus\u00ed a Moraira del 7 al 9 de junio\"}]},{\"@type\":\"WebSite\",\"@id\":\"https:\\\/\\\/radiolitoral.com\\\/#website\",\"url\":\"https:\\\/\\\/radiolitoral.com\\\/\",\"name\":\"Radio Litoral\",\"description\":\"La radio local de la Marina Alta\",\"publisher\":{\"@id\":\"https:\\\/\\\/radiolitoral.com\\\/#organization\"},\"alternateName\":\"Litoral FM\",\"potentialAction\":[{\"@type\":\"SearchAction\",\"target\":{\"@type\":\"EntryPoint\",\"urlTemplate\":\"https:\\\/\\\/radiolitoral.com\\\/?s={search_term_string}\"},\"query-input\":{\"@type\":\"PropertyValueSpecification\",\"valueRequired\":true,\"valueName\":\"search_term_string\"}}],\"inLanguage\":\"ca\"},{\"@type\":\"Organization\",\"@id\":\"https:\\\/\\\/radiolitoral.com\\\/#organization\",\"name\":\"Radio Litoral\",\"url\":\"https:\\\/\\\/radiolitoral.com\\\/\",\"logo\":{\"@type\":\"ImageObject\",\"inLanguage\":\"ca\",\"@id\":\"https:\\\/\\\/radiolitoral.com\\\/#\\\/schema\\\/logo\\\/image\\\/\",\"url\":\"https:\\\/\\\/media.radiolitoral.com\\\/wp-content\\\/uploads\\\/2023\\\/02\\\/24143238\\\/CL-V-RadioLitoral696.png\",\"contentUrl\":\"https:\\\/\\\/media.radiolitoral.com\\\/wp-content\\\/uploads\\\/2023\\\/02\\\/24143238\\\/CL-V-RadioLitoral696.png\",\"width\":696,\"height\":696,\"caption\":\"Radio Litoral\"},\"image\":{\"@id\":\"https:\\\/\\\/radiolitoral.com\\\/#\\\/schema\\\/logo\\\/image\\\/\"},\"sameAs\":[\"https:\\\/\\\/www.facebook.com\\\/Laradiolitoral\\\/\"]},{\"@type\":\"Person\",\"@id\":\"https:\\\/\\\/radiolitoral.com\\\/#\\\/schema\\\/person\\\/96b739642eb3bedb532aac3812d23307\",\"name\":\"Redacci\u00f3n\",\"image\":{\"@type\":\"ImageObject\",\"inLanguage\":\"ca\",\"@id\":\"https:\\\/\\\/secure.gravatar.com\\\/avatar\\\/30cd06129ee90411dd9c7cbdcf17464181d1a3c7b072e92070ea75a25cf0097e?s=96&d=mm&r=g\",\"url\":\"https:\\\/\\\/secure.gravatar.com\\\/avatar\\\/30cd06129ee90411dd9c7cbdcf17464181d1a3c7b072e92070ea75a25cf0097e?s=96&d=mm&r=g\",\"contentUrl\":\"https:\\\/\\\/secure.gravatar.com\\\/avatar\\\/30cd06129ee90411dd9c7cbdcf17464181d1a3c7b072e92070ea75a25cf0097e?s=96&d=mm&r=g\",\"caption\":\"Redacci\u00f3n\"},\"url\":\"https:\\\/\\\/radiolitoral.com\\\/ca\\\/author\\\/kevin-carrio\\\/\"}]}<\/script>\n<!-- \/ Yoast SEO plugin. -->","yoast_head_json":{"title":"Arriba el Mercat Andalus\u00ed a Moraira del 7 al 9 de juny | R\u00e0dio Litoral","description":"El nucli urb\u00e0 acollir\u00e0 &quot;el cor de l&#039;Al-\u00c0ndalus&quot;","robots":{"index":"index","follow":"follow","max-snippet":"max-snippet:-1","max-image-preview":"max-image-preview:large","max-video-preview":"max-video-preview:-1"},"canonical":"https:\/\/radiolitoral.com\/ca\/2024\/06\/arriba-el-mercat-andalusi-a-moraira-del-7-al-9-de-juny\/","og_locale":"ca_ES","og_type":"article","og_title":"Llega el Mercado Andalus\u00ed a Moraira del 7 al 9 de junio | R\u00e0dio Litoral","og_description":"El casco urbano acoger\u00e1 \"el coraz\u00f3n del Al-\u00c1ndalus\"","og_url":"https:\/\/radiolitoral.com\/ca\/2024\/06\/arriba-el-mercat-andalusi-a-moraira-del-7-al-9-de-juny\/","og_site_name":"R\u00e0dio Litoral","article_publisher":"https:\/\/www.facebook.com\/Laradiolitoral\/","article_published_time":"2024-06-03T16:22:37+00:00","og_image":[{"width":1790,"height":1614,"url":"https:\/\/media.radiolitoral.com\/wp-content\/uploads\/2024\/06\/03182142\/mercat-andalusi-MORAIRA-2024-copy_page-0001-e1717431728984.jpg","type":"image\/jpeg"}],"author":"Redacci\u00f3n","twitter_card":"summary_large_image","twitter_misc":{"Escrit per":"Redacci\u00f3n","Temps estimat de lectura":"4 minuts"},"schema":{"@context":"https:\/\/schema.org","@graph":[{"@type":"NewsArticle","@id":"https:\/\/radiolitoral.com\/2024\/06\/llega-el-mercado-andalusi-a-moraira-del-7-al-9-de-junio\/#article","isPartOf":{"@id":"https:\/\/radiolitoral.com\/2024\/06\/llega-el-mercado-andalusi-a-moraira-del-7-al-9-de-junio\/"},"author":{"name":"Redacci\u00f3n","@id":"https:\/\/radiolitoral.com\/#\/schema\/person\/96b739642eb3bedb532aac3812d23307"},"headline":"Llega el Mercado Andalus\u00ed a Moraira del 7 al 9 de junio","datePublished":"2024-06-03T16:22:37+00:00","mainEntityOfPage":{"@id":"https:\/\/radiolitoral.com\/2024\/06\/llega-el-mercado-andalusi-a-moraira-del-7-al-9-de-junio\/"},"wordCount":826,"commentCount":0,"publisher":{"@id":"https:\/\/radiolitoral.com\/#organization"},"image":{"@id":"https:\/\/radiolitoral.com\/2024\/06\/llega-el-mercado-andalusi-a-moraira-del-7-al-9-de-junio\/#primaryimage"},"thumbnailUrl":"https:\/\/media.radiolitoral.com\/wp-content\/uploads\/2024\/06\/03182142\/mercat-andalusi-MORAIRA-2024-copy_page-0001-e1717431728984.jpg","keywords":["Mercado Andalus\u00ed","sociedad","Teulada-Moraira"],"articleSection":["Sociedad"],"inLanguage":"ca","potentialAction":[{"@type":"CommentAction","name":"Comment","target":["https:\/\/radiolitoral.com\/2024\/06\/llega-el-mercado-andalusi-a-moraira-del-7-al-9-de-junio\/#respond"]}]},{"@type":["WebPage","ItemPage"],"@id":"https:\/\/radiolitoral.com\/2024\/06\/llega-el-mercado-andalusi-a-moraira-del-7-al-9-de-junio\/","url":"https:\/\/radiolitoral.com\/2024\/06\/llega-el-mercado-andalusi-a-moraira-del-7-al-9-de-junio\/","name":"Arriba el Mercat Andalus\u00ed a Moraira del 7 al 9 de juny | R\u00e0dio Litoral","isPartOf":{"@id":"https:\/\/radiolitoral.com\/#website"},"primaryImageOfPage":{"@id":"https:\/\/radiolitoral.com\/2024\/06\/llega-el-mercado-andalusi-a-moraira-del-7-al-9-de-junio\/#primaryimage"},"image":{"@id":"https:\/\/radiolitoral.com\/2024\/06\/llega-el-mercado-andalusi-a-moraira-del-7-al-9-de-junio\/#primaryimage"},"thumbnailUrl":"https:\/\/media.radiolitoral.com\/wp-content\/uploads\/2024\/06\/03182142\/mercat-andalusi-MORAIRA-2024-copy_page-0001-e1717431728984.jpg","datePublished":"2024-06-03T16:22:37+00:00","description":"El nucli urb\u00e0 acollir\u00e0 &quot;el cor de l&#039;Al-\u00c0ndalus&quot;","breadcrumb":{"@id":"https:\/\/radiolitoral.com\/2024\/06\/llega-el-mercado-andalusi-a-moraira-del-7-al-9-de-junio\/#breadcrumb"},"inLanguage":"ca","potentialAction":[{"@type":"ReadAction","target":["https:\/\/radiolitoral.com\/2024\/06\/llega-el-mercado-andalusi-a-moraira-del-7-al-9-de-junio\/"]}]},{"@type":"ImageObject","inLanguage":"ca","@id":"https:\/\/radiolitoral.com\/2024\/06\/llega-el-mercado-andalusi-a-moraira-del-7-al-9-de-junio\/#primaryimage","url":"https:\/\/media.radiolitoral.com\/wp-content\/uploads\/2024\/06\/03182142\/mercat-andalusi-MORAIRA-2024-copy_page-0001-e1717431728984.jpg","contentUrl":"https:\/\/media.radiolitoral.com\/wp-content\/uploads\/2024\/06\/03182142\/mercat-andalusi-MORAIRA-2024-copy_page-0001-e1717431728984.jpg","width":1790,"height":1614},{"@type":"BreadcrumbList","@id":"https:\/\/radiolitoral.com\/2024\/06\/llega-el-mercado-andalusi-a-moraira-del-7-al-9-de-junio\/#breadcrumb","itemListElement":[{"@type":"ListItem","position":1,"name":"Portada","item":"https:\/\/radiolitoral.com\/"},{"@type":"ListItem","position":2,"name":"Llega el Mercado Andalus\u00ed a Moraira del 7 al 9 de junio"}]},{"@type":"WebSite","@id":"https:\/\/radiolitoral.com\/#website","url":"https:\/\/radiolitoral.com\/","name":"R\u00e0dio Litoral","description":"La r\u00e0dio local de la Marina Alta","publisher":{"@id":"https:\/\/radiolitoral.com\/#organization"},"alternateName":"Litoral FM","potentialAction":[{"@type":"SearchAction","target":{"@type":"EntryPoint","urlTemplate":"https:\/\/radiolitoral.com\/?s={search_term_string}"},"query-input":{"@type":"PropertyValueSpecification","valueRequired":true,"valueName":"search_term_string"}}],"inLanguage":"ca"},{"@type":"Organization","@id":"https:\/\/radiolitoral.com\/#organization","name":"R\u00e0dio Litoral","url":"https:\/\/radiolitoral.com\/","logo":{"@type":"ImageObject","inLanguage":"ca","@id":"https:\/\/radiolitoral.com\/#\/schema\/logo\/image\/","url":"https:\/\/media.radiolitoral.com\/wp-content\/uploads\/2023\/02\/24143238\/CL-V-RadioLitoral696.png","contentUrl":"https:\/\/media.radiolitoral.com\/wp-content\/uploads\/2023\/02\/24143238\/CL-V-RadioLitoral696.png","width":696,"height":696,"caption":"Radio Litoral"},"image":{"@id":"https:\/\/radiolitoral.com\/#\/schema\/logo\/image\/"},"sameAs":["https:\/\/www.facebook.com\/Laradiolitoral\/"]},{"@type":"Person","@id":"https:\/\/radiolitoral.com\/#\/schema\/person\/96b739642eb3bedb532aac3812d23307","name":"Redacci\u00f3","image":{"@type":"ImageObject","inLanguage":"ca","@id":"https:\/\/secure.gravatar.com\/avatar\/30cd06129ee90411dd9c7cbdcf17464181d1a3c7b072e92070ea75a25cf0097e?s=96&d=mm&r=g","url":"https:\/\/secure.gravatar.com\/avatar\/30cd06129ee90411dd9c7cbdcf17464181d1a3c7b072e92070ea75a25cf0097e?s=96&d=mm&r=g","contentUrl":"https:\/\/secure.gravatar.com\/avatar\/30cd06129ee90411dd9c7cbdcf17464181d1a3c7b072e92070ea75a25cf0097e?s=96&d=mm&r=g","caption":"Redacci\u00f3n"},"url":"https:\/\/radiolitoral.com\/ca\/author\/kevin-carrio\/"}]}},"_links":{"self":[{"href":"https:\/\/radiolitoral.com\/ca\/wp-json\/wp\/v2\/posts\/9320","targetHints":{"allow":["GET"]}}],"collection":[{"href":"https:\/\/radiolitoral.com\/ca\/wp-json\/wp\/v2\/posts"}],"about":[{"href":"https:\/\/radiolitoral.com\/ca\/wp-json\/wp\/v2\/types\/post"}],"author":[{"embeddable":true,"href":"https:\/\/radiolitoral.com\/ca\/wp-json\/wp\/v2\/users\/14"}],"replies":[{"embeddable":true,"href":"https:\/\/radiolitoral.com\/ca\/wp-json\/wp\/v2\/comments?post=9320"}],"version-history":[{"count":2,"href":"https:\/\/radiolitoral.com\/ca\/wp-json\/wp\/v2\/posts\/9320\/revisions"}],"predecessor-version":[{"id":9323,"href":"https:\/\/radiolitoral.com\/ca\/wp-json\/wp\/v2\/posts\/9320\/revisions\/9323"}],"wp:featuredmedia":[{"embeddable":true,"href":"https:\/\/radiolitoral.com\/ca\/wp-json\/wp\/v2\/media\/9322"}],"wp:attachment":[{"href":"https:\/\/radiolitoral.com\/ca\/wp-json\/wp\/v2\/media?parent=9320"}],"wp:term":[{"taxonomy":"category","embeddable":true,"href":"https:\/\/radiolitoral.com\/ca\/wp-json\/wp\/v2\/categories?post=9320"},{"taxonomy":"post_tag","embeddable":true,"href":"https:\/\/radiolitoral.com\/ca\/wp-json\/wp\/v2\/tags?post=9320"}],"curies":[{"name":"wp","href":"https:\/\/api.w.org\/{rel}","templated":true}]}}