{"id":9310,"date":"2024-06-04T11:16:53","date_gmt":"2024-06-04T09:16:53","guid":{"rendered":"https:\/\/radiolitoral.com\/?p=9310"},"modified":"2024-06-04T11:39:13","modified_gmt":"2024-06-04T09:39:13","slug":"xabia-epicentre-de-la-comunicacio-esportiva-i-turisme-esportiu","status":"publish","type":"post","link":"https:\/\/radiolitoral.com\/ca\/2024\/06\/xabia-epicentro-de-la-comunicacion-deportiva-y-turismo-deportivo\/","title":{"rendered":"X\u00e0bia: Epicentre de la Comunicaci\u00f3 Esportiva i Turisme Esportiu"},"content":{"rendered":"<p>Dimecres 12 de juny, el <strong>Parador Nacional de X\u00e0bia<\/strong> es convertir\u00e0 en el punt de trobada clau per a la jornada <strong>\u00abMitjans de Comunicaci\u00f3 i Turisme Esportiu\u00bb<\/strong>, organitzada per la <strong>Generalitat Valenciana<\/strong>. Aquest esdeveniment promet explorar l&#039;impacte transformador de l&#039;esport a la Marina Alta com a motor de not\u00edcies i atracci\u00f3 tur\u00edstica.<\/p>\n<p><strong>Desenvolupant Potencial Medi\u00e0tic<\/strong><\/p>\n<p>La sessi\u00f3 comen\u00e7ar\u00e0 a les 10.00 h amb un enfocament en el potencial de la comunicaci\u00f3 esportiva en l&#039;\u00e0mbit auton\u00f2mic i comarcal. <strong>Juan Ampolla<\/strong>, gerent de la <strong>SD Correcamins<\/strong>, juntament amb <strong>\u00c0lex Heras<\/strong>, director de comunicaci\u00f3 de Val\u00e8ncia Ciutat del Running, compartiran les estrat\u00e8gies darrere de l&#039;\u00e8xit medi\u00e0tic internacional de la <strong>Marat\u00f3 de Val\u00e8ncia<\/strong>, proporcionant perspectives valuoses sobre com organitzar i promoure grans esdeveniments esportius.<\/p>\n<p><strong>Celebrant la Singularitat Local<\/strong><\/p>\n<p>A les 10.45 hores, l&#039;atenci\u00f3 se centrar\u00e0 en competicions singulars com el <strong>Granadella Trai<\/strong>l de X\u00e0bia i l&#039;I <strong>Triatl\u00f3 Teulada Moraira<\/strong>, destacant el seu creixement i com aquests esdeveniments estan modelant la identitat esportiva de la regi\u00f3.<\/p>\n<p><strong>Ciclisme: Un Cas d&#039;Estudi d&#039;Elit<\/strong><\/p>\n<p>La sessi\u00f3 de les 11.30 hores promet ser reveladora, amb la participaci\u00f3 de <strong>\u00c1ngel Casero<\/strong>, ex ciclista professional i director de la <strong>Tornada a la Comunitat Valenciana<\/strong>; <strong>Aritz Arberas<\/strong>, director esportiu del <strong>equip Lidl-Trek<\/strong>; i <strong>Alexandre Garc\u00eda<\/strong>, director del Parador de X\u00e0bia. Junts discutiran com la Marina Alta s&#039;ha transformat en una destinaci\u00f3 clau per a l&#039;entrenament d&#039;elit en ciclisme, explorant el paper de la infraestructura i el suport local en aquest fenomen.<\/p>\n<p><strong>Impacte Comunitari de l&#039;Esport<\/strong><\/p>\n<p>A les 12:45 hores, <strong>Juan Zaragoz\u00ed,<\/strong> director del <strong>Circuit a Peu Marina Alta<\/strong>, abordar\u00e0 com l&#039;esport popular pot enfortir la cohesi\u00f3 comunit\u00e0ria i contribuir significativament al teixit social de la regi\u00f3.<\/p>\n<p><strong>Obertura Oficial i Conclusions<\/strong><\/p>\n<p>La jornada ser\u00e0 inaugurada per <strong>Nuria Montes<\/strong>, consellera d&#039;Innovaci\u00f3, Ind\u00fastria, Comer\u00e7 i Turisme, juntament amb <strong>Rosa Cardona<\/strong>, alcaldessa de X\u00e0bia, els qui emfatitzaran la import\u00e0ncia de l&#039;esdeveniment per a la projecci\u00f3 de X\u00e0bia i la Marina Alta com a destinacions de turisme esportiu de primer nivell.<\/p>\n<p>Aquesta s\u00e8rie de xerrades no nom\u00e9s destacar\u00e0 la rellev\u00e0ncia de l&#039;esport en la promoci\u00f3 tur\u00edstica i medi\u00e0tica, sin\u00f3 que tamb\u00e9 proporcionar\u00e0 un marc de refer\u00e8ncia sobre com esdeveniments locals poden ressonar al panorama internacional, consolidant la Marina Alta com un epicentre d&#039;activitat esportiva innovadora i atractiva.<\/p>","protected":false},"excerpt":{"rendered":"<p>El mi\u00e9rcoles 12 de junio, el Parador Nacional de X\u00e0bia se convertir\u00e1 en el punto de encuentro clave para la jornada \u00abMedios de Comunicaci\u00f3n y Turismo Deportivo\u00bb, organizada por la Generalitat Valenciana. Este evento promete explorar el impacto transformador del deporte en la Marina Alta como motor de noticias y atracci\u00f3n tur\u00edstica. Desarrollando Potencial Medi\u00e1tico [&#8230;]<\/p>\n<p><a class=\"btn btn-secondary understrap-read-more-link\" href=\"https:\/\/radiolitoral.com\/ca\/2024\/06\/xabia-epicentro-de-la-comunicacion-deportiva-y-turismo-deportivo\/\">Continua llegint&#8230;<span class=\"screen-reader-text\"> from X\u00e0bia: Epicentro de la Comunicaci\u00f3n Deportiva y Turismo Deportivo<\/span><\/a><\/p>\n","protected":false},"author":12,"featured_media":9311,"comment_status":"open","ping_status":"closed","sticky":false,"template":"","format":"standard","meta":{"_acf_changed":false,"inline_featured_image":false,"footnotes":""},"categories":[5],"tags":[1479,1475,1477,1478,922,6,1472,1476,1473,1480,1481,1471,1190,1474,1426],"class_list":["post-9310","post","type-post","status-publish","format-standard","has-post-thumbnail","hentry","category-deportes","tag-alejandro-garcia","tag-alex-heras","tag-angel-casero","tag-aritz-arberas","tag-circuit-a-peu-marina-alta","tag-deportes","tag-generalitat-valenciana","tag-granadella-trai","tag-juan-botella","tag-juan-zaragozi","tag-nuria-montes","tag-parador-nacional-de-xabia","tag-rosa-cardona","tag-s-d-correcaminos","tag-triatlon-teulada-moraira","cobertura-xabia"],"acf":[],"yoast_head":"<!-- This site is optimized with the Yoast SEO plugin v27.5 - https:\/\/yoast.com\/product\/yoast-seo-wordpress\/ -->\n<title>X\u00e0bia: Epicentro de la Comunicaci\u00f3n Deportiva y Turismo Deportivo | R\u00e0dio Litoral<\/title>\n<meta name=\"description\" content=\"El acontecimiento promete explorar el impacto transformador del deporte en la Marina Alta como motor de noticias y atracci\u00f3n tur\u00edsticaEl acontecimiento promete explorar el impacto transformador del deporte en la Marina Alta como motor de noticias y atracci\u00f3n tur\u00edstica\" \/>\n<meta name=\"robots\" content=\"index, follow, max-snippet:-1, max-image-preview:large, max-video-preview:-1\" \/>\n<link rel=\"canonical\" href=\"https:\/\/radiolitoral.com\/ca\/2024\/06\/xabia-epicentre-de-la-comunicacio-esportiva-i-turisme-esportiu\/\" \/>\n<meta property=\"og:locale\" content=\"ca_ES\" \/>\n<meta property=\"og:type\" content=\"article\" \/>\n<meta property=\"og:title\" content=\"X\u00e0bia: Epicentro de la Comunicaci\u00f3n Deportiva y Turismo Deportivo | R\u00e0dio Litoral\" \/>\n<meta property=\"og:description\" content=\"El acontecimiento promete explorar el impacto transformador del deporte en la Marina Alta como motor de noticias y atracci\u00f3n tur\u00edsticaEl acontecimiento promete explorar el impacto transformador del deporte en la Marina Alta como motor de noticias y atracci\u00f3n tur\u00edstica\" \/>\n<meta property=\"og:url\" content=\"https:\/\/radiolitoral.com\/ca\/2024\/06\/xabia-epicentre-de-la-comunicacio-esportiva-i-turisme-esportiu\/\" \/>\n<meta property=\"og:site_name\" content=\"R\u00e0dio Litoral\" \/>\n<meta property=\"article:publisher\" content=\"https:\/\/www.facebook.com\/Laradiolitoral\/\" \/>\n<meta property=\"article:published_time\" content=\"2024-06-04T09:16:53+00:00\" \/>\n<meta property=\"article:modified_time\" content=\"2024-06-04T09:39:13+00:00\" \/>\n<meta property=\"og:image\" content=\"https:\/\/media.radiolitoral.com\/wp-content\/uploads\/2024\/06\/03112824\/Parador-de-Javea-02-Blick-vom-Garten_X.jpg\" \/>\n\t<meta property=\"og:image:width\" content=\"1600\" \/>\n\t<meta property=\"og:image:height\" content=\"1082\" \/>\n\t<meta property=\"og:image:type\" content=\"image\/jpeg\" \/>\n<meta name=\"author\" content=\"Javier Zamora\" \/>\n<meta name=\"twitter:card\" content=\"summary_large_image\" \/>\n<meta name=\"twitter:label1\" content=\"Escrit per\" \/>\n\t<meta name=\"twitter:data1\" content=\"Javier Zamora\" \/>\n\t<meta name=\"twitter:label2\" content=\"Temps estimat de lectura\" \/>\n\t<meta name=\"twitter:data2\" content=\"3 minuts\" \/>\n<script type=\"application\/ld+json\" class=\"yoast-schema-graph\">{\"@context\":\"https:\\\/\\\/schema.org\",\"@graph\":[{\"@type\":\"NewsArticle\",\"@id\":\"https:\\\/\\\/radiolitoral.com\\\/2024\\\/06\\\/xabia-epicentro-de-la-comunicacion-deportiva-y-turismo-deportivo\\\/#article\",\"isPartOf\":{\"@id\":\"https:\\\/\\\/radiolitoral.com\\\/2024\\\/06\\\/xabia-epicentro-de-la-comunicacion-deportiva-y-turismo-deportivo\\\/\"},\"author\":{\"name\":\"Javier Zamora\",\"@id\":\"https:\\\/\\\/radiolitoral.com\\\/#\\\/schema\\\/person\\\/7b1480b5caeb5acdd4ec6379caf62b22\"},\"headline\":\"X\u00e0bia: Epicentro de la Comunicaci\u00f3n Deportiva y Turismo Deportivo\",\"datePublished\":\"2024-06-04T09:16:53+00:00\",\"dateModified\":\"2024-06-04T09:39:13+00:00\",\"mainEntityOfPage\":{\"@id\":\"https:\\\/\\\/radiolitoral.com\\\/2024\\\/06\\\/xabia-epicentro-de-la-comunicacion-deportiva-y-turismo-deportivo\\\/\"},\"wordCount\":428,\"commentCount\":0,\"publisher\":{\"@id\":\"https:\\\/\\\/radiolitoral.com\\\/#organization\"},\"image\":{\"@id\":\"https:\\\/\\\/radiolitoral.com\\\/2024\\\/06\\\/xabia-epicentro-de-la-comunicacion-deportiva-y-turismo-deportivo\\\/#primaryimage\"},\"thumbnailUrl\":\"https:\\\/\\\/media.radiolitoral.com\\\/wp-content\\\/uploads\\\/2024\\\/06\\\/03112824\\\/Parador-de-Javea-02-Blick-vom-Garten_X.jpg\",\"keywords\":[\"Alejandro Garc\u00eda\",\"\u00c1lex Heras\",\"\u00c1ngel Casero\",\"Aritz Arberas\",\"Circuit a Peu Marina Alta\",\"deportes\",\"Generalitat Valenciana\",\"Granadella Trai\",\"Juan Botella\",\"Juan Zaragoz\u00ed\",\"Nuria Montes\",\"Parador Nacional de X\u00e0bia\",\"Rosa Cardona\",\"S.D. Correcaminos\",\"Triatl\u00f3n Teulada Moraira\"],\"articleSection\":[\"Deportes\"],\"inLanguage\":\"ca\",\"potentialAction\":[{\"@type\":\"CommentAction\",\"name\":\"Comment\",\"target\":[\"https:\\\/\\\/radiolitoral.com\\\/2024\\\/06\\\/xabia-epicentro-de-la-comunicacion-deportiva-y-turismo-deportivo\\\/#respond\"]}]},{\"@type\":[\"WebPage\",\"ItemPage\"],\"@id\":\"https:\\\/\\\/radiolitoral.com\\\/2024\\\/06\\\/xabia-epicentro-de-la-comunicacion-deportiva-y-turismo-deportivo\\\/\",\"url\":\"https:\\\/\\\/radiolitoral.com\\\/2024\\\/06\\\/xabia-epicentro-de-la-comunicacion-deportiva-y-turismo-deportivo\\\/\",\"name\":\"X\u00e0bia: Epicentro de la Comunicaci\u00f3n Deportiva y Turismo Deportivo | R\u00e0dio Litoral\",\"isPartOf\":{\"@id\":\"https:\\\/\\\/radiolitoral.com\\\/#website\"},\"primaryImageOfPage\":{\"@id\":\"https:\\\/\\\/radiolitoral.com\\\/2024\\\/06\\\/xabia-epicentro-de-la-comunicacion-deportiva-y-turismo-deportivo\\\/#primaryimage\"},\"image\":{\"@id\":\"https:\\\/\\\/radiolitoral.com\\\/2024\\\/06\\\/xabia-epicentro-de-la-comunicacion-deportiva-y-turismo-deportivo\\\/#primaryimage\"},\"thumbnailUrl\":\"https:\\\/\\\/media.radiolitoral.com\\\/wp-content\\\/uploads\\\/2024\\\/06\\\/03112824\\\/Parador-de-Javea-02-Blick-vom-Garten_X.jpg\",\"datePublished\":\"2024-06-04T09:16:53+00:00\",\"dateModified\":\"2024-06-04T09:39:13+00:00\",\"description\":\"El acontecimiento promete explorar el impacto transformador del deporte en la Marina Alta como motor de noticias y atracci\u00f3n tur\u00edsticaEl acontecimiento promete explorar el impacto transformador del deporte en la Marina Alta como motor de noticias y atracci\u00f3n tur\u00edstica\",\"breadcrumb\":{\"@id\":\"https:\\\/\\\/radiolitoral.com\\\/2024\\\/06\\\/xabia-epicentro-de-la-comunicacion-deportiva-y-turismo-deportivo\\\/#breadcrumb\"},\"inLanguage\":\"ca\",\"potentialAction\":[{\"@type\":\"ReadAction\",\"target\":[\"https:\\\/\\\/radiolitoral.com\\\/2024\\\/06\\\/xabia-epicentro-de-la-comunicacion-deportiva-y-turismo-deportivo\\\/\"]}]},{\"@type\":\"ImageObject\",\"inLanguage\":\"ca\",\"@id\":\"https:\\\/\\\/radiolitoral.com\\\/2024\\\/06\\\/xabia-epicentro-de-la-comunicacion-deportiva-y-turismo-deportivo\\\/#primaryimage\",\"url\":\"https:\\\/\\\/media.radiolitoral.com\\\/wp-content\\\/uploads\\\/2024\\\/06\\\/03112824\\\/Parador-de-Javea-02-Blick-vom-Garten_X.jpg\",\"contentUrl\":\"https:\\\/\\\/media.radiolitoral.com\\\/wp-content\\\/uploads\\\/2024\\\/06\\\/03112824\\\/Parador-de-Javea-02-Blick-vom-Garten_X.jpg\",\"width\":1600,\"height\":1082},{\"@type\":\"BreadcrumbList\",\"@id\":\"https:\\\/\\\/radiolitoral.com\\\/2024\\\/06\\\/xabia-epicentro-de-la-comunicacion-deportiva-y-turismo-deportivo\\\/#breadcrumb\",\"itemListElement\":[{\"@type\":\"ListItem\",\"position\":1,\"name\":\"Portada\",\"item\":\"https:\\\/\\\/radiolitoral.com\\\/\"},{\"@type\":\"ListItem\",\"position\":2,\"name\":\"X\u00e0bia: Epicentro de la Comunicaci\u00f3n Deportiva y Turismo Deportivo\"}]},{\"@type\":\"WebSite\",\"@id\":\"https:\\\/\\\/radiolitoral.com\\\/#website\",\"url\":\"https:\\\/\\\/radiolitoral.com\\\/\",\"name\":\"Radio Litoral\",\"description\":\"La radio local de la Marina Alta\",\"publisher\":{\"@id\":\"https:\\\/\\\/radiolitoral.com\\\/#organization\"},\"alternateName\":\"Litoral FM\",\"potentialAction\":[{\"@type\":\"SearchAction\",\"target\":{\"@type\":\"EntryPoint\",\"urlTemplate\":\"https:\\\/\\\/radiolitoral.com\\\/?s={search_term_string}\"},\"query-input\":{\"@type\":\"PropertyValueSpecification\",\"valueRequired\":true,\"valueName\":\"search_term_string\"}}],\"inLanguage\":\"ca\"},{\"@type\":\"Organization\",\"@id\":\"https:\\\/\\\/radiolitoral.com\\\/#organization\",\"name\":\"Radio Litoral\",\"url\":\"https:\\\/\\\/radiolitoral.com\\\/\",\"logo\":{\"@type\":\"ImageObject\",\"inLanguage\":\"ca\",\"@id\":\"https:\\\/\\\/radiolitoral.com\\\/#\\\/schema\\\/logo\\\/image\\\/\",\"url\":\"https:\\\/\\\/media.radiolitoral.com\\\/wp-content\\\/uploads\\\/2023\\\/02\\\/24143238\\\/CL-V-RadioLitoral696.png\",\"contentUrl\":\"https:\\\/\\\/media.radiolitoral.com\\\/wp-content\\\/uploads\\\/2023\\\/02\\\/24143238\\\/CL-V-RadioLitoral696.png\",\"width\":696,\"height\":696,\"caption\":\"Radio Litoral\"},\"image\":{\"@id\":\"https:\\\/\\\/radiolitoral.com\\\/#\\\/schema\\\/logo\\\/image\\\/\"},\"sameAs\":[\"https:\\\/\\\/www.facebook.com\\\/Laradiolitoral\\\/\"]},{\"@type\":\"Person\",\"@id\":\"https:\\\/\\\/radiolitoral.com\\\/#\\\/schema\\\/person\\\/7b1480b5caeb5acdd4ec6379caf62b22\",\"name\":\"Javier Zamora\",\"image\":{\"@type\":\"ImageObject\",\"inLanguage\":\"ca\",\"@id\":\"https:\\\/\\\/secure.gravatar.com\\\/avatar\\\/467a11f6918c7d619c4043fc6fa2d3853053107973f05b6e9c04ea6c4e3a7b3f?s=96&d=mm&r=g\",\"url\":\"https:\\\/\\\/secure.gravatar.com\\\/avatar\\\/467a11f6918c7d619c4043fc6fa2d3853053107973f05b6e9c04ea6c4e3a7b3f?s=96&d=mm&r=g\",\"contentUrl\":\"https:\\\/\\\/secure.gravatar.com\\\/avatar\\\/467a11f6918c7d619c4043fc6fa2d3853053107973f05b6e9c04ea6c4e3a7b3f?s=96&d=mm&r=g\",\"caption\":\"Javier Zamora\"},\"url\":\"https:\\\/\\\/radiolitoral.com\\\/ca\\\/author\\\/javier-zamora\\\/\"}]}<\/script>\n<!-- \/ Yoast SEO plugin. -->","yoast_head_json":{"title":"X\u00e0bia: Epicentre de la Comunicaci\u00f3 Esportiva i Turisme Esportiu | R\u00e0dio Litoral","description":"L&#039;esdeveniment promet explorar l&#039;impacte transformador de l&#039;esport a la Marina Alta com a motor de not\u00edcies i atracci\u00f3 tur\u00edstica L&#039;esdeveniment promet explorar l&#039;impacte transformador de l&#039;esport a la Marina Alta com a motor de not\u00edcies i atracci\u00f3 tur\u00edstica","robots":{"index":"index","follow":"follow","max-snippet":"max-snippet:-1","max-image-preview":"max-image-preview:large","max-video-preview":"max-video-preview:-1"},"canonical":"https:\/\/radiolitoral.com\/ca\/2024\/06\/xabia-epicentre-de-la-comunicacio-esportiva-i-turisme-esportiu\/","og_locale":"ca_ES","og_type":"article","og_title":"X\u00e0bia: Epicentro de la Comunicaci\u00f3n Deportiva y Turismo Deportivo | R\u00e0dio Litoral","og_description":"El acontecimiento promete explorar el impacto transformador del deporte en la Marina Alta como motor de noticias y atracci\u00f3n tur\u00edsticaEl acontecimiento promete explorar el impacto transformador del deporte en la Marina Alta como motor de noticias y atracci\u00f3n tur\u00edstica","og_url":"https:\/\/radiolitoral.com\/ca\/2024\/06\/xabia-epicentre-de-la-comunicacio-esportiva-i-turisme-esportiu\/","og_site_name":"R\u00e0dio Litoral","article_publisher":"https:\/\/www.facebook.com\/Laradiolitoral\/","article_published_time":"2024-06-04T09:16:53+00:00","article_modified_time":"2024-06-04T09:39:13+00:00","og_image":[{"width":1600,"height":1082,"url":"https:\/\/media.radiolitoral.com\/wp-content\/uploads\/2024\/06\/03112824\/Parador-de-Javea-02-Blick-vom-Garten_X.jpg","type":"image\/jpeg"}],"author":"Javier Zamora","twitter_card":"summary_large_image","twitter_misc":{"Escrit per":"Javier Zamora","Temps estimat de lectura":"3 minuts"},"schema":{"@context":"https:\/\/schema.org","@graph":[{"@type":"NewsArticle","@id":"https:\/\/radiolitoral.com\/2024\/06\/xabia-epicentro-de-la-comunicacion-deportiva-y-turismo-deportivo\/#article","isPartOf":{"@id":"https:\/\/radiolitoral.com\/2024\/06\/xabia-epicentro-de-la-comunicacion-deportiva-y-turismo-deportivo\/"},"author":{"name":"Javier Zamora","@id":"https:\/\/radiolitoral.com\/#\/schema\/person\/7b1480b5caeb5acdd4ec6379caf62b22"},"headline":"X\u00e0bia: Epicentro de la Comunicaci\u00f3n Deportiva y Turismo Deportivo","datePublished":"2024-06-04T09:16:53+00:00","dateModified":"2024-06-04T09:39:13+00:00","mainEntityOfPage":{"@id":"https:\/\/radiolitoral.com\/2024\/06\/xabia-epicentro-de-la-comunicacion-deportiva-y-turismo-deportivo\/"},"wordCount":428,"commentCount":0,"publisher":{"@id":"https:\/\/radiolitoral.com\/#organization"},"image":{"@id":"https:\/\/radiolitoral.com\/2024\/06\/xabia-epicentro-de-la-comunicacion-deportiva-y-turismo-deportivo\/#primaryimage"},"thumbnailUrl":"https:\/\/media.radiolitoral.com\/wp-content\/uploads\/2024\/06\/03112824\/Parador-de-Javea-02-Blick-vom-Garten_X.jpg","keywords":["Alejandro Garc\u00eda","\u00c1lex Heras","\u00c1ngel Casero","Aritz Arberas","Circuit a Peu Marina Alta","deportes","Generalitat Valenciana","Granadella Trai","Juan Botella","Juan Zaragoz\u00ed","Nuria Montes","Parador Nacional de X\u00e0bia","Rosa Cardona","S.D. Correcaminos","Triatl\u00f3n Teulada Moraira"],"articleSection":["Deportes"],"inLanguage":"ca","potentialAction":[{"@type":"CommentAction","name":"Comment","target":["https:\/\/radiolitoral.com\/2024\/06\/xabia-epicentro-de-la-comunicacion-deportiva-y-turismo-deportivo\/#respond"]}]},{"@type":["WebPage","ItemPage"],"@id":"https:\/\/radiolitoral.com\/2024\/06\/xabia-epicentro-de-la-comunicacion-deportiva-y-turismo-deportivo\/","url":"https:\/\/radiolitoral.com\/2024\/06\/xabia-epicentro-de-la-comunicacion-deportiva-y-turismo-deportivo\/","name":"X\u00e0bia: Epicentre de la Comunicaci\u00f3 Esportiva i Turisme Esportiu | R\u00e0dio Litoral","isPartOf":{"@id":"https:\/\/radiolitoral.com\/#website"},"primaryImageOfPage":{"@id":"https:\/\/radiolitoral.com\/2024\/06\/xabia-epicentro-de-la-comunicacion-deportiva-y-turismo-deportivo\/#primaryimage"},"image":{"@id":"https:\/\/radiolitoral.com\/2024\/06\/xabia-epicentro-de-la-comunicacion-deportiva-y-turismo-deportivo\/#primaryimage"},"thumbnailUrl":"https:\/\/media.radiolitoral.com\/wp-content\/uploads\/2024\/06\/03112824\/Parador-de-Javea-02-Blick-vom-Garten_X.jpg","datePublished":"2024-06-04T09:16:53+00:00","dateModified":"2024-06-04T09:39:13+00:00","description":"L&#039;esdeveniment promet explorar l&#039;impacte transformador de l&#039;esport a la Marina Alta com a motor de not\u00edcies i atracci\u00f3 tur\u00edstica L&#039;esdeveniment promet explorar l&#039;impacte transformador de l&#039;esport a la Marina Alta com a motor de not\u00edcies i atracci\u00f3 tur\u00edstica","breadcrumb":{"@id":"https:\/\/radiolitoral.com\/2024\/06\/xabia-epicentro-de-la-comunicacion-deportiva-y-turismo-deportivo\/#breadcrumb"},"inLanguage":"ca","potentialAction":[{"@type":"ReadAction","target":["https:\/\/radiolitoral.com\/2024\/06\/xabia-epicentro-de-la-comunicacion-deportiva-y-turismo-deportivo\/"]}]},{"@type":"ImageObject","inLanguage":"ca","@id":"https:\/\/radiolitoral.com\/2024\/06\/xabia-epicentro-de-la-comunicacion-deportiva-y-turismo-deportivo\/#primaryimage","url":"https:\/\/media.radiolitoral.com\/wp-content\/uploads\/2024\/06\/03112824\/Parador-de-Javea-02-Blick-vom-Garten_X.jpg","contentUrl":"https:\/\/media.radiolitoral.com\/wp-content\/uploads\/2024\/06\/03112824\/Parador-de-Javea-02-Blick-vom-Garten_X.jpg","width":1600,"height":1082},{"@type":"BreadcrumbList","@id":"https:\/\/radiolitoral.com\/2024\/06\/xabia-epicentro-de-la-comunicacion-deportiva-y-turismo-deportivo\/#breadcrumb","itemListElement":[{"@type":"ListItem","position":1,"name":"Portada","item":"https:\/\/radiolitoral.com\/"},{"@type":"ListItem","position":2,"name":"X\u00e0bia: Epicentro de la Comunicaci\u00f3n Deportiva y Turismo Deportivo"}]},{"@type":"WebSite","@id":"https:\/\/radiolitoral.com\/#website","url":"https:\/\/radiolitoral.com\/","name":"R\u00e0dio Litoral","description":"La r\u00e0dio local de la Marina Alta","publisher":{"@id":"https:\/\/radiolitoral.com\/#organization"},"alternateName":"Litoral FM","potentialAction":[{"@type":"SearchAction","target":{"@type":"EntryPoint","urlTemplate":"https:\/\/radiolitoral.com\/?s={search_term_string}"},"query-input":{"@type":"PropertyValueSpecification","valueRequired":true,"valueName":"search_term_string"}}],"inLanguage":"ca"},{"@type":"Organization","@id":"https:\/\/radiolitoral.com\/#organization","name":"R\u00e0dio Litoral","url":"https:\/\/radiolitoral.com\/","logo":{"@type":"ImageObject","inLanguage":"ca","@id":"https:\/\/radiolitoral.com\/#\/schema\/logo\/image\/","url":"https:\/\/media.radiolitoral.com\/wp-content\/uploads\/2023\/02\/24143238\/CL-V-RadioLitoral696.png","contentUrl":"https:\/\/media.radiolitoral.com\/wp-content\/uploads\/2023\/02\/24143238\/CL-V-RadioLitoral696.png","width":696,"height":696,"caption":"Radio Litoral"},"image":{"@id":"https:\/\/radiolitoral.com\/#\/schema\/logo\/image\/"},"sameAs":["https:\/\/www.facebook.com\/Laradiolitoral\/"]},{"@type":"Person","@id":"https:\/\/radiolitoral.com\/#\/schema\/person\/7b1480b5caeb5acdd4ec6379caf62b22","name":"Javier Zamora","image":{"@type":"ImageObject","inLanguage":"ca","@id":"https:\/\/secure.gravatar.com\/avatar\/467a11f6918c7d619c4043fc6fa2d3853053107973f05b6e9c04ea6c4e3a7b3f?s=96&d=mm&r=g","url":"https:\/\/secure.gravatar.com\/avatar\/467a11f6918c7d619c4043fc6fa2d3853053107973f05b6e9c04ea6c4e3a7b3f?s=96&d=mm&r=g","contentUrl":"https:\/\/secure.gravatar.com\/avatar\/467a11f6918c7d619c4043fc6fa2d3853053107973f05b6e9c04ea6c4e3a7b3f?s=96&d=mm&r=g","caption":"Javier Zamora"},"url":"https:\/\/radiolitoral.com\/ca\/author\/javier-zamora\/"}]}},"_links":{"self":[{"href":"https:\/\/radiolitoral.com\/ca\/wp-json\/wp\/v2\/posts\/9310","targetHints":{"allow":["GET"]}}],"collection":[{"href":"https:\/\/radiolitoral.com\/ca\/wp-json\/wp\/v2\/posts"}],"about":[{"href":"https:\/\/radiolitoral.com\/ca\/wp-json\/wp\/v2\/types\/post"}],"author":[{"embeddable":true,"href":"https:\/\/radiolitoral.com\/ca\/wp-json\/wp\/v2\/users\/12"}],"replies":[{"embeddable":true,"href":"https:\/\/radiolitoral.com\/ca\/wp-json\/wp\/v2\/comments?post=9310"}],"version-history":[{"count":3,"href":"https:\/\/radiolitoral.com\/ca\/wp-json\/wp\/v2\/posts\/9310\/revisions"}],"predecessor-version":[{"id":9331,"href":"https:\/\/radiolitoral.com\/ca\/wp-json\/wp\/v2\/posts\/9310\/revisions\/9331"}],"wp:featuredmedia":[{"embeddable":true,"href":"https:\/\/radiolitoral.com\/ca\/wp-json\/wp\/v2\/media\/9311"}],"wp:attachment":[{"href":"https:\/\/radiolitoral.com\/ca\/wp-json\/wp\/v2\/media?parent=9310"}],"wp:term":[{"taxonomy":"category","embeddable":true,"href":"https:\/\/radiolitoral.com\/ca\/wp-json\/wp\/v2\/categories?post=9310"},{"taxonomy":"post_tag","embeddable":true,"href":"https:\/\/radiolitoral.com\/ca\/wp-json\/wp\/v2\/tags?post=9310"}],"curies":[{"name":"wp","href":"https:\/\/api.w.org\/{rel}","templated":true}]}}