{"id":9306,"date":"2024-06-03T11:32:21","date_gmt":"2024-06-03T09:32:21","guid":{"rendered":"https:\/\/radiolitoral.com\/?p=9306"},"modified":"2024-06-03T11:39:18","modified_gmt":"2024-06-03T09:39:18","slug":"el-cd-kamikazes-gang-gran-triomfador-de-la-cursa-de-benissa","status":"publish","type":"post","link":"https:\/\/radiolitoral.com\/ca\/2024\/06\/el-cd-kamikazes-gang-gran-triunfador-de-la-cursa-de-benissa\/","title":{"rendered":"El CD Kamikazes Gang gran triomfador de la Cursa de Benissa"},"content":{"rendered":"<div class=\"flex flex-grow flex-col max-w-full\">\n<div class=\"min-h-[20px] text-message flex flex-col items-start whitespace-pre-wrap break-words [.text-message+&amp;]:mt-5 juice:w-full juice:items-end overflow-x-auto gap-2\" dir=\"auto\" data-message-author-role=\"assistant\" data-message-id=\"49c30bd5-b1a4-4407-abc7-ffa4bb87f652\">\n<div class=\"flex w-full flex-col gap-1 juice:empty:hidden juice:first:pt-[3px]\">\n<div class=\"markdown prose w-full break-words dark:prose-invert light\">\n<p>La XXV <strong>Cursa Popular de Benissa<\/strong>, evento que marc\u00f3 el gran cierre del 26\u00ba <strong>Circuito a Peu Marina Alta<\/strong>. M\u00e1s de 1.000 corredores se dieron cita en la localidad para participar en las diversas categor\u00edas, desde las carreras infantiles hasta la emocionante prueba reina que atrajo a 732 participantes.<\/p>\n<p>La carrera principal, con un recorrido de 8,3 kil\u00f3metros, estren\u00f3 un nuevo trazado que ofreci\u00f3 vistas impresionantes de la bah\u00eda de Calpe y el Pe\u00f1\u00f3n d\u00b4Ifach. Los corredores disfrutaron de una ruta que les llev\u00f3 desde la parte norte de la localidad hasta cruzar hacia la zona sur, culminando en una vibrante llegada por la calle Pur\u00edsima hacia Pare Andr\u00e9s.<\/p>\n<p>El ambiente festivo se palpaba en el aire, con atletas y clubes disfrutando m\u00e1s del esp\u00edritu comunitario y festivo del evento que de competir por marcas personales. A pesar de esto, la competencia no dej\u00f3 de ser re\u00f1ida, especialmente entre los hombres, donde <strong>Moha Rida<\/strong>, aunque fue el primero en cruzar la meta, dej\u00f3 el protagonismo de la lucha por el podio a <strong>Juanan Fern\u00e1ndez<\/strong> del <strong>CA Benidorm<\/strong> y <strong>Toni Soler<\/strong>. Fern\u00e1ndez logr\u00f3 adjudicarse el tercer lugar con un tiempo de 28:08, asegurando as\u00ed la segunda posici\u00f3n absoluta del Circuit.<\/p>\n<figure id=\"attachment_9314\" aria-describedby=\"caption-attachment-9314\" style=\"width: 2048px\" class=\"wp-caption alignnone\"><img loading=\"lazy\" decoding=\"async\" class=\"wp-image-9314 size-full\" src=\"https:\/\/media.radiolitoral.com\/wp-content\/uploads\/2024\/06\/03113107\/Corredores-en-la-Cursa-de-Benissa.jpg\" alt=\"\" width=\"2048\" height=\"1365\" srcset=\"https:\/\/media.radiolitoral.com\/wp-content\/uploads\/2024\/06\/03113107\/Corredores-en-la-Cursa-de-Benissa.jpg 2048w, https:\/\/media.radiolitoral.com\/wp-content\/uploads\/2024\/06\/03113107\/Corredores-en-la-Cursa-de-Benissa-300x200.jpg 300w, https:\/\/media.radiolitoral.com\/wp-content\/uploads\/2024\/06\/03113107\/Corredores-en-la-Cursa-de-Benissa-1024x683.jpg 1024w, https:\/\/media.radiolitoral.com\/wp-content\/uploads\/2024\/06\/03113107\/Corredores-en-la-Cursa-de-Benissa-768x512.jpg 768w, https:\/\/media.radiolitoral.com\/wp-content\/uploads\/2024\/06\/03113107\/Corredores-en-la-Cursa-de-Benissa-1536x1024.jpg 1536w, https:\/\/media.radiolitoral.com\/wp-content\/uploads\/2024\/06\/03113107\/Corredores-en-la-Cursa-de-Benissa-18x12.jpg 18w, https:\/\/media.radiolitoral.com\/wp-content\/uploads\/2024\/06\/03113107\/Corredores-en-la-Cursa-de-Benissa-1000x667.jpg 1000w, https:\/\/media.radiolitoral.com\/wp-content\/uploads\/2024\/06\/03113107\/Corredores-en-la-Cursa-de-Benissa-100x67.jpg 100w, https:\/\/media.radiolitoral.com\/wp-content\/uploads\/2024\/06\/03113107\/Corredores-en-la-Cursa-de-Benissa-200x133.jpg 200w\" sizes=\"auto, (max-width: 2048px) 100vw, 2048px\" \/><figcaption id=\"caption-attachment-9314\" class=\"wp-caption-text\">Corredores en la Cursa de Benissa | K. Aracil<\/figcaption><\/figure>\n<p>El local <strong>Adri\u00e1n Ivars<\/strong> del <strong>CD Kamikazes Gang<\/strong> brill\u00f3 especialmente al convertirse en el vencedor absoluto de la prueba, completando el circuito en un impresionante tiempo de <strong>27:25<\/strong>. Le siguieron <strong>Jaime D\u00edaz<\/strong>, independiente, con 27:47 y el ya mencionado Fern\u00e1ndez.<\/p>\n<p>En la categor\u00eda femenina, <strong>Rosa Lara Feliu<\/strong> del <strong>CD Kamikazes Gang<\/strong> se llev\u00f3 la victoria con un tiempo de <strong>30:08<\/strong>, seguida de cerca por <strong>Mar\u00eda Isabel Ferrer<\/strong> del <strong>CE Llebeig X\u00e0bia<\/strong> con 30:41. <strong>Andrea Abad<\/strong> del <strong>CA Publidom<\/strong> complet\u00f3 el podio con un tiempo de 32:03.<\/p>\n<p>El evento no solo sirvi\u00f3 como una fiesta de clausura para el Circuito, sino tambi\u00e9n como un escaparate del esp\u00edritu y pasi\u00f3n por el atletismo en la Comunidad Valenciana, destacando una vez m\u00e1s el compromiso de Benissa con el fomento del deporte y la actividad f\u00edsica.<\/p>\n<\/div>\n<\/div>\n<\/div>\n<\/div>\n<div class=\"mt-1 flex gap-3 empty:hidden juice:-ml-3\">\n<div class=\"items-center justify-start rounded-xl p-1 flex\">\n<div class=\"flex items-center\">\n<div class=\"flex items-center pb-0.5 juice:pb-0\"><\/div>\n<\/div>\n<\/div>\n<\/div>\n","protected":false},"excerpt":{"rendered":"<p>La XXV Cursa Popular de Benissa, evento que marc\u00f3 el gran cierre del 26\u00ba Circuito a Peu Marina Alta. M\u00e1s de 1.000 corredores se dieron cita en la localidad para participar en las diversas categor\u00edas, desde las carreras infantiles hasta la emocionante prueba reina que atrajo a 732 participantes. La carrera principal, con un recorrido [&#8230;]<\/p>\n<p><a class=\"btn btn-secondary understrap-read-more-link\" href=\"https:\/\/radiolitoral.com\/ca\/2024\/06\/el-cd-kamikazes-gang-gran-triunfador-de-la-cursa-de-benissa\/\">Continua llegint&#8230;<span class=\"screen-reader-text\"> from El CD Kamikazes Gang gran triunfador de la Cursa de Benissa<\/span><\/a><\/p>\n","protected":false},"author":12,"featured_media":9307,"comment_status":"open","ping_status":"closed","sticky":false,"template":"","format":"standard","meta":{"_acf_changed":false,"inline_featured_image":false,"footnotes":""},"categories":[5],"tags":[1266,1261,1179,1468,1213,1467,1466,6,1469,1291,1043,1039,1470,925],"class_list":["post-9306","post","type-post","status-publish","format-standard","has-post-thumbnail","hentry","category-deportes","tag-adrian-ivars","tag-andrea-abad","tag-ca-benidorm","tag-cd-kamikazes-gang","tag-ce-llebeig-xabia","tag-circuito-a-peu-marina-alta","tag-cursa-de-benissa","tag-deportes","tag-jaime-diaz","tag-juanan-fernandez","tag-maria-isabel-ferrer","tag-moha-rida","tag-rosa-lara-feliu","tag-toni-soler","cobertura-benissa"],"acf":[],"yoast_head":"<!-- This site is optimized with the Yoast SEO plugin v27.5 - https:\/\/yoast.com\/product\/yoast-seo-wordpress\/ -->\n<title>El CD Kamikazes Gang gran triunfador de la Cursa de Benissa | R\u00e0dio Litoral<\/title>\n<meta name=\"description\" content=\"Sus atletas, Adri\u00e1n Ivars y Rosa Lara fueron los ganadores de las clasificaciones absolutas en mujeres y hombres Sus atletas, Adri\u00e1n Ivars y Rosa Lara fueron los ganadores de las clasificaciones absolutas en mujeres y hombres\" \/>\n<meta name=\"robots\" content=\"index, follow, max-snippet:-1, max-image-preview:large, max-video-preview:-1\" \/>\n<link rel=\"canonical\" href=\"https:\/\/radiolitoral.com\/ca\/2024\/06\/el-cd-kamikazes-gang-gran-triomfador-de-la-cursa-de-benissa\/\" \/>\n<meta property=\"og:locale\" content=\"ca_ES\" \/>\n<meta property=\"og:type\" content=\"article\" \/>\n<meta property=\"og:title\" content=\"El CD Kamikazes Gang gran triunfador de la Cursa de Benissa | R\u00e0dio Litoral\" \/>\n<meta property=\"og:description\" content=\"Sus atletas, Adri\u00e1n Ivars y Rosa Lara fueron los ganadores de las clasificaciones absolutas en mujeres y hombres Sus atletas, Adri\u00e1n Ivars y Rosa Lara fueron los ganadores de las clasificaciones absolutas en mujeres y hombres\" \/>\n<meta property=\"og:url\" content=\"https:\/\/radiolitoral.com\/ca\/2024\/06\/el-cd-kamikazes-gang-gran-triomfador-de-la-cursa-de-benissa\/\" \/>\n<meta property=\"og:site_name\" content=\"R\u00e0dio Litoral\" \/>\n<meta property=\"article:publisher\" content=\"https:\/\/www.facebook.com\/Laradiolitoral\/\" \/>\n<meta property=\"article:published_time\" content=\"2024-06-03T09:32:21+00:00\" \/>\n<meta property=\"article:modified_time\" content=\"2024-06-03T09:39:18+00:00\" \/>\n<meta property=\"og:image\" content=\"https:\/\/radiolitoral.com\/wp-content\/uploads\/2024\/06\/PODI-ABSOLUT-BENISSA-2024.-1.jpg\" \/>\n\t<meta property=\"og:image:width\" content=\"2048\" \/>\n\t<meta property=\"og:image:height\" content=\"1365\" \/>\n\t<meta property=\"og:image:type\" content=\"image\/jpeg\" \/>\n<meta name=\"author\" content=\"Javier Zamora\" \/>\n<meta name=\"twitter:card\" content=\"summary_large_image\" \/>\n<meta name=\"twitter:label1\" content=\"Escrit per\" \/>\n\t<meta name=\"twitter:data1\" content=\"Javier Zamora\" \/>\n\t<meta name=\"twitter:label2\" content=\"Temps estimat de lectura\" \/>\n\t<meta name=\"twitter:data2\" content=\"3 minuts\" \/>\n<script type=\"application\/ld+json\" class=\"yoast-schema-graph\">{\"@context\":\"https:\\\/\\\/schema.org\",\"@graph\":[{\"@type\":\"NewsArticle\",\"@id\":\"https:\\\/\\\/radiolitoral.com\\\/2024\\\/06\\\/el-cd-kamikazes-gang-gran-triunfador-de-la-cursa-de-benissa\\\/#article\",\"isPartOf\":{\"@id\":\"https:\\\/\\\/radiolitoral.com\\\/2024\\\/06\\\/el-cd-kamikazes-gang-gran-triunfador-de-la-cursa-de-benissa\\\/\"},\"author\":{\"name\":\"Javier Zamora\",\"@id\":\"https:\\\/\\\/radiolitoral.com\\\/#\\\/schema\\\/person\\\/7b1480b5caeb5acdd4ec6379caf62b22\"},\"headline\":\"El CD Kamikazes Gang gran triunfador de la Cursa de Benissa\",\"datePublished\":\"2024-06-03T09:32:21+00:00\",\"dateModified\":\"2024-06-03T09:39:18+00:00\",\"mainEntityOfPage\":{\"@id\":\"https:\\\/\\\/radiolitoral.com\\\/2024\\\/06\\\/el-cd-kamikazes-gang-gran-triunfador-de-la-cursa-de-benissa\\\/\"},\"wordCount\":372,\"commentCount\":0,\"publisher\":{\"@id\":\"https:\\\/\\\/radiolitoral.com\\\/#organization\"},\"image\":{\"@id\":\"https:\\\/\\\/radiolitoral.com\\\/2024\\\/06\\\/el-cd-kamikazes-gang-gran-triunfador-de-la-cursa-de-benissa\\\/#primaryimage\"},\"thumbnailUrl\":\"https:\\\/\\\/media.radiolitoral.com\\\/wp-content\\\/uploads\\\/2024\\\/06\\\/01233605\\\/PODI-ABSOLUT-BENISSA-2024.-1.jpg\",\"keywords\":[\"Adri\u00e1n Ivars\",\"Andrea Abad\",\"CA Benidorm\",\"CD Kamikazes Gang\",\"CE Llebeig X\u00e1bia\",\"Circuito a Peu Marina Alta\",\"Cursa de Benissa\",\"deportes\",\"Jaime D\u00edaz\",\"Juanan Fern\u00e1ndez\",\"Mar\u00eda Isabel Ferrer\",\"Moha Rida\",\"Rosa Lara Feliu\",\"Toni Soler\"],\"articleSection\":[\"Deportes\"],\"inLanguage\":\"ca\",\"potentialAction\":[{\"@type\":\"CommentAction\",\"name\":\"Comment\",\"target\":[\"https:\\\/\\\/radiolitoral.com\\\/2024\\\/06\\\/el-cd-kamikazes-gang-gran-triunfador-de-la-cursa-de-benissa\\\/#respond\"]}]},{\"@type\":[\"WebPage\",\"ItemPage\"],\"@id\":\"https:\\\/\\\/radiolitoral.com\\\/2024\\\/06\\\/el-cd-kamikazes-gang-gran-triunfador-de-la-cursa-de-benissa\\\/\",\"url\":\"https:\\\/\\\/radiolitoral.com\\\/2024\\\/06\\\/el-cd-kamikazes-gang-gran-triunfador-de-la-cursa-de-benissa\\\/\",\"name\":\"El CD Kamikazes Gang gran triunfador de la Cursa de Benissa | R\u00e0dio Litoral\",\"isPartOf\":{\"@id\":\"https:\\\/\\\/radiolitoral.com\\\/#website\"},\"primaryImageOfPage\":{\"@id\":\"https:\\\/\\\/radiolitoral.com\\\/2024\\\/06\\\/el-cd-kamikazes-gang-gran-triunfador-de-la-cursa-de-benissa\\\/#primaryimage\"},\"image\":{\"@id\":\"https:\\\/\\\/radiolitoral.com\\\/2024\\\/06\\\/el-cd-kamikazes-gang-gran-triunfador-de-la-cursa-de-benissa\\\/#primaryimage\"},\"thumbnailUrl\":\"https:\\\/\\\/media.radiolitoral.com\\\/wp-content\\\/uploads\\\/2024\\\/06\\\/01233605\\\/PODI-ABSOLUT-BENISSA-2024.-1.jpg\",\"datePublished\":\"2024-06-03T09:32:21+00:00\",\"dateModified\":\"2024-06-03T09:39:18+00:00\",\"description\":\"Sus atletas, Adri\u00e1n Ivars y Rosa Lara fueron los ganadores de las clasificaciones absolutas en mujeres y hombres Sus atletas, Adri\u00e1n Ivars y Rosa Lara fueron los ganadores de las clasificaciones absolutas en mujeres y hombres\",\"breadcrumb\":{\"@id\":\"https:\\\/\\\/radiolitoral.com\\\/2024\\\/06\\\/el-cd-kamikazes-gang-gran-triunfador-de-la-cursa-de-benissa\\\/#breadcrumb\"},\"inLanguage\":\"ca\",\"potentialAction\":[{\"@type\":\"ReadAction\",\"target\":[\"https:\\\/\\\/radiolitoral.com\\\/2024\\\/06\\\/el-cd-kamikazes-gang-gran-triunfador-de-la-cursa-de-benissa\\\/\"]}]},{\"@type\":\"ImageObject\",\"inLanguage\":\"ca\",\"@id\":\"https:\\\/\\\/radiolitoral.com\\\/2024\\\/06\\\/el-cd-kamikazes-gang-gran-triunfador-de-la-cursa-de-benissa\\\/#primaryimage\",\"url\":\"https:\\\/\\\/media.radiolitoral.com\\\/wp-content\\\/uploads\\\/2024\\\/06\\\/01233605\\\/PODI-ABSOLUT-BENISSA-2024.-1.jpg\",\"contentUrl\":\"https:\\\/\\\/media.radiolitoral.com\\\/wp-content\\\/uploads\\\/2024\\\/06\\\/01233605\\\/PODI-ABSOLUT-BENISSA-2024.-1.jpg\",\"width\":2048,\"height\":1365},{\"@type\":\"BreadcrumbList\",\"@id\":\"https:\\\/\\\/radiolitoral.com\\\/2024\\\/06\\\/el-cd-kamikazes-gang-gran-triunfador-de-la-cursa-de-benissa\\\/#breadcrumb\",\"itemListElement\":[{\"@type\":\"ListItem\",\"position\":1,\"name\":\"Portada\",\"item\":\"https:\\\/\\\/radiolitoral.com\\\/\"},{\"@type\":\"ListItem\",\"position\":2,\"name\":\"El CD Kamikazes Gang gran triunfador de la Cursa de Benissa\"}]},{\"@type\":\"WebSite\",\"@id\":\"https:\\\/\\\/radiolitoral.com\\\/#website\",\"url\":\"https:\\\/\\\/radiolitoral.com\\\/\",\"name\":\"Radio Litoral\",\"description\":\"La radio local de la Marina Alta\",\"publisher\":{\"@id\":\"https:\\\/\\\/radiolitoral.com\\\/#organization\"},\"alternateName\":\"Litoral FM\",\"potentialAction\":[{\"@type\":\"SearchAction\",\"target\":{\"@type\":\"EntryPoint\",\"urlTemplate\":\"https:\\\/\\\/radiolitoral.com\\\/?s={search_term_string}\"},\"query-input\":{\"@type\":\"PropertyValueSpecification\",\"valueRequired\":true,\"valueName\":\"search_term_string\"}}],\"inLanguage\":\"ca\"},{\"@type\":\"Organization\",\"@id\":\"https:\\\/\\\/radiolitoral.com\\\/#organization\",\"name\":\"Radio Litoral\",\"url\":\"https:\\\/\\\/radiolitoral.com\\\/\",\"logo\":{\"@type\":\"ImageObject\",\"inLanguage\":\"ca\",\"@id\":\"https:\\\/\\\/radiolitoral.com\\\/#\\\/schema\\\/logo\\\/image\\\/\",\"url\":\"https:\\\/\\\/media.radiolitoral.com\\\/wp-content\\\/uploads\\\/2023\\\/02\\\/24143238\\\/CL-V-RadioLitoral696.png\",\"contentUrl\":\"https:\\\/\\\/media.radiolitoral.com\\\/wp-content\\\/uploads\\\/2023\\\/02\\\/24143238\\\/CL-V-RadioLitoral696.png\",\"width\":696,\"height\":696,\"caption\":\"Radio Litoral\"},\"image\":{\"@id\":\"https:\\\/\\\/radiolitoral.com\\\/#\\\/schema\\\/logo\\\/image\\\/\"},\"sameAs\":[\"https:\\\/\\\/www.facebook.com\\\/Laradiolitoral\\\/\"]},{\"@type\":\"Person\",\"@id\":\"https:\\\/\\\/radiolitoral.com\\\/#\\\/schema\\\/person\\\/7b1480b5caeb5acdd4ec6379caf62b22\",\"name\":\"Javier Zamora\",\"image\":{\"@type\":\"ImageObject\",\"inLanguage\":\"ca\",\"@id\":\"https:\\\/\\\/secure.gravatar.com\\\/avatar\\\/467a11f6918c7d619c4043fc6fa2d3853053107973f05b6e9c04ea6c4e3a7b3f?s=96&d=mm&r=g\",\"url\":\"https:\\\/\\\/secure.gravatar.com\\\/avatar\\\/467a11f6918c7d619c4043fc6fa2d3853053107973f05b6e9c04ea6c4e3a7b3f?s=96&d=mm&r=g\",\"contentUrl\":\"https:\\\/\\\/secure.gravatar.com\\\/avatar\\\/467a11f6918c7d619c4043fc6fa2d3853053107973f05b6e9c04ea6c4e3a7b3f?s=96&d=mm&r=g\",\"caption\":\"Javier Zamora\"},\"url\":\"https:\\\/\\\/radiolitoral.com\\\/ca\\\/author\\\/javier-zamora\\\/\"}]}<\/script>\n<!-- \/ Yoast SEO plugin. -->","yoast_head_json":{"title":"El CD Kamikazes Gang gran triomfador de la Cursa de Benissa | R\u00e0dio Litoral","description":"Els seus atletes, Adri\u00e1n Ivars i Rosa Lara van ser els guanyadors de les classificacions absolutes en dones i homes Els seus atletes, Adri\u00e1n Ivars i Rosa Lara van ser els guanyadors de les classificacions absolutes en dones i homes","robots":{"index":"index","follow":"follow","max-snippet":"max-snippet:-1","max-image-preview":"max-image-preview:large","max-video-preview":"max-video-preview:-1"},"canonical":"https:\/\/radiolitoral.com\/ca\/2024\/06\/el-cd-kamikazes-gang-gran-triomfador-de-la-cursa-de-benissa\/","og_locale":"ca_ES","og_type":"article","og_title":"El CD Kamikazes Gang gran triunfador de la Cursa de Benissa | R\u00e0dio Litoral","og_description":"Sus atletas, Adri\u00e1n Ivars y Rosa Lara fueron los ganadores de las clasificaciones absolutas en mujeres y hombres Sus atletas, Adri\u00e1n Ivars y Rosa Lara fueron los ganadores de las clasificaciones absolutas en mujeres y hombres","og_url":"https:\/\/radiolitoral.com\/ca\/2024\/06\/el-cd-kamikazes-gang-gran-triomfador-de-la-cursa-de-benissa\/","og_site_name":"R\u00e0dio Litoral","article_publisher":"https:\/\/www.facebook.com\/Laradiolitoral\/","article_published_time":"2024-06-03T09:32:21+00:00","article_modified_time":"2024-06-03T09:39:18+00:00","og_image":[{"width":2048,"height":1365,"url":"https:\/\/radiolitoral.com\/wp-content\/uploads\/2024\/06\/PODI-ABSOLUT-BENISSA-2024.-1.jpg","type":"image\/jpeg"}],"author":"Javier Zamora","twitter_card":"summary_large_image","twitter_misc":{"Escrit per":"Javier Zamora","Temps estimat de lectura":"3 minuts"},"schema":{"@context":"https:\/\/schema.org","@graph":[{"@type":"NewsArticle","@id":"https:\/\/radiolitoral.com\/2024\/06\/el-cd-kamikazes-gang-gran-triunfador-de-la-cursa-de-benissa\/#article","isPartOf":{"@id":"https:\/\/radiolitoral.com\/2024\/06\/el-cd-kamikazes-gang-gran-triunfador-de-la-cursa-de-benissa\/"},"author":{"name":"Javier Zamora","@id":"https:\/\/radiolitoral.com\/#\/schema\/person\/7b1480b5caeb5acdd4ec6379caf62b22"},"headline":"El CD Kamikazes Gang gran triunfador de la Cursa de Benissa","datePublished":"2024-06-03T09:32:21+00:00","dateModified":"2024-06-03T09:39:18+00:00","mainEntityOfPage":{"@id":"https:\/\/radiolitoral.com\/2024\/06\/el-cd-kamikazes-gang-gran-triunfador-de-la-cursa-de-benissa\/"},"wordCount":372,"commentCount":0,"publisher":{"@id":"https:\/\/radiolitoral.com\/#organization"},"image":{"@id":"https:\/\/radiolitoral.com\/2024\/06\/el-cd-kamikazes-gang-gran-triunfador-de-la-cursa-de-benissa\/#primaryimage"},"thumbnailUrl":"https:\/\/media.radiolitoral.com\/wp-content\/uploads\/2024\/06\/01233605\/PODI-ABSOLUT-BENISSA-2024.-1.jpg","keywords":["Adri\u00e1n Ivars","Andrea Abad","CA Benidorm","CD Kamikazes Gang","CE Llebeig X\u00e1bia","Circuito a Peu Marina Alta","Cursa de Benissa","deportes","Jaime D\u00edaz","Juanan Fern\u00e1ndez","Mar\u00eda Isabel Ferrer","Moha Rida","Rosa Lara Feliu","Toni Soler"],"articleSection":["Deportes"],"inLanguage":"ca","potentialAction":[{"@type":"CommentAction","name":"Comment","target":["https:\/\/radiolitoral.com\/2024\/06\/el-cd-kamikazes-gang-gran-triunfador-de-la-cursa-de-benissa\/#respond"]}]},{"@type":["WebPage","ItemPage"],"@id":"https:\/\/radiolitoral.com\/2024\/06\/el-cd-kamikazes-gang-gran-triunfador-de-la-cursa-de-benissa\/","url":"https:\/\/radiolitoral.com\/2024\/06\/el-cd-kamikazes-gang-gran-triunfador-de-la-cursa-de-benissa\/","name":"El CD Kamikazes Gang gran triomfador de la Cursa de Benissa | R\u00e0dio Litoral","isPartOf":{"@id":"https:\/\/radiolitoral.com\/#website"},"primaryImageOfPage":{"@id":"https:\/\/radiolitoral.com\/2024\/06\/el-cd-kamikazes-gang-gran-triunfador-de-la-cursa-de-benissa\/#primaryimage"},"image":{"@id":"https:\/\/radiolitoral.com\/2024\/06\/el-cd-kamikazes-gang-gran-triunfador-de-la-cursa-de-benissa\/#primaryimage"},"thumbnailUrl":"https:\/\/media.radiolitoral.com\/wp-content\/uploads\/2024\/06\/01233605\/PODI-ABSOLUT-BENISSA-2024.-1.jpg","datePublished":"2024-06-03T09:32:21+00:00","dateModified":"2024-06-03T09:39:18+00:00","description":"Els seus atletes, Adri\u00e1n Ivars i Rosa Lara van ser els guanyadors de les classificacions absolutes en dones i homes Els seus atletes, Adri\u00e1n Ivars i Rosa Lara van ser els guanyadors de les classificacions absolutes en dones i homes","breadcrumb":{"@id":"https:\/\/radiolitoral.com\/2024\/06\/el-cd-kamikazes-gang-gran-triunfador-de-la-cursa-de-benissa\/#breadcrumb"},"inLanguage":"ca","potentialAction":[{"@type":"ReadAction","target":["https:\/\/radiolitoral.com\/2024\/06\/el-cd-kamikazes-gang-gran-triunfador-de-la-cursa-de-benissa\/"]}]},{"@type":"ImageObject","inLanguage":"ca","@id":"https:\/\/radiolitoral.com\/2024\/06\/el-cd-kamikazes-gang-gran-triunfador-de-la-cursa-de-benissa\/#primaryimage","url":"https:\/\/media.radiolitoral.com\/wp-content\/uploads\/2024\/06\/01233605\/PODI-ABSOLUT-BENISSA-2024.-1.jpg","contentUrl":"https:\/\/media.radiolitoral.com\/wp-content\/uploads\/2024\/06\/01233605\/PODI-ABSOLUT-BENISSA-2024.-1.jpg","width":2048,"height":1365},{"@type":"BreadcrumbList","@id":"https:\/\/radiolitoral.com\/2024\/06\/el-cd-kamikazes-gang-gran-triunfador-de-la-cursa-de-benissa\/#breadcrumb","itemListElement":[{"@type":"ListItem","position":1,"name":"Portada","item":"https:\/\/radiolitoral.com\/"},{"@type":"ListItem","position":2,"name":"El CD Kamikazes Gang gran triunfador de la Cursa de Benissa"}]},{"@type":"WebSite","@id":"https:\/\/radiolitoral.com\/#website","url":"https:\/\/radiolitoral.com\/","name":"R\u00e0dio Litoral","description":"La r\u00e0dio local de la Marina Alta","publisher":{"@id":"https:\/\/radiolitoral.com\/#organization"},"alternateName":"Litoral FM","potentialAction":[{"@type":"SearchAction","target":{"@type":"EntryPoint","urlTemplate":"https:\/\/radiolitoral.com\/?s={search_term_string}"},"query-input":{"@type":"PropertyValueSpecification","valueRequired":true,"valueName":"search_term_string"}}],"inLanguage":"ca"},{"@type":"Organization","@id":"https:\/\/radiolitoral.com\/#organization","name":"R\u00e0dio Litoral","url":"https:\/\/radiolitoral.com\/","logo":{"@type":"ImageObject","inLanguage":"ca","@id":"https:\/\/radiolitoral.com\/#\/schema\/logo\/image\/","url":"https:\/\/media.radiolitoral.com\/wp-content\/uploads\/2023\/02\/24143238\/CL-V-RadioLitoral696.png","contentUrl":"https:\/\/media.radiolitoral.com\/wp-content\/uploads\/2023\/02\/24143238\/CL-V-RadioLitoral696.png","width":696,"height":696,"caption":"Radio Litoral"},"image":{"@id":"https:\/\/radiolitoral.com\/#\/schema\/logo\/image\/"},"sameAs":["https:\/\/www.facebook.com\/Laradiolitoral\/"]},{"@type":"Person","@id":"https:\/\/radiolitoral.com\/#\/schema\/person\/7b1480b5caeb5acdd4ec6379caf62b22","name":"Javier Zamora","image":{"@type":"ImageObject","inLanguage":"ca","@id":"https:\/\/secure.gravatar.com\/avatar\/467a11f6918c7d619c4043fc6fa2d3853053107973f05b6e9c04ea6c4e3a7b3f?s=96&d=mm&r=g","url":"https:\/\/secure.gravatar.com\/avatar\/467a11f6918c7d619c4043fc6fa2d3853053107973f05b6e9c04ea6c4e3a7b3f?s=96&d=mm&r=g","contentUrl":"https:\/\/secure.gravatar.com\/avatar\/467a11f6918c7d619c4043fc6fa2d3853053107973f05b6e9c04ea6c4e3a7b3f?s=96&d=mm&r=g","caption":"Javier Zamora"},"url":"https:\/\/radiolitoral.com\/ca\/author\/javier-zamora\/"}]}},"_links":{"self":[{"href":"https:\/\/radiolitoral.com\/ca\/wp-json\/wp\/v2\/posts\/9306","targetHints":{"allow":["GET"]}}],"collection":[{"href":"https:\/\/radiolitoral.com\/ca\/wp-json\/wp\/v2\/posts"}],"about":[{"href":"https:\/\/radiolitoral.com\/ca\/wp-json\/wp\/v2\/types\/post"}],"author":[{"embeddable":true,"href":"https:\/\/radiolitoral.com\/ca\/wp-json\/wp\/v2\/users\/12"}],"replies":[{"embeddable":true,"href":"https:\/\/radiolitoral.com\/ca\/wp-json\/wp\/v2\/comments?post=9306"}],"version-history":[{"count":6,"href":"https:\/\/radiolitoral.com\/ca\/wp-json\/wp\/v2\/posts\/9306\/revisions"}],"predecessor-version":[{"id":9319,"href":"https:\/\/radiolitoral.com\/ca\/wp-json\/wp\/v2\/posts\/9306\/revisions\/9319"}],"wp:featuredmedia":[{"embeddable":true,"href":"https:\/\/radiolitoral.com\/ca\/wp-json\/wp\/v2\/media\/9307"}],"wp:attachment":[{"href":"https:\/\/radiolitoral.com\/ca\/wp-json\/wp\/v2\/media?parent=9306"}],"wp:term":[{"taxonomy":"category","embeddable":true,"href":"https:\/\/radiolitoral.com\/ca\/wp-json\/wp\/v2\/categories?post=9306"},{"taxonomy":"post_tag","embeddable":true,"href":"https:\/\/radiolitoral.com\/ca\/wp-json\/wp\/v2\/tags?post=9306"}],"curies":[{"name":"wp","href":"https:\/\/api.w.org\/{rel}","templated":true}]}}