{"id":929,"date":"2023-02-16T12:28:02","date_gmt":"2023-02-16T11:28:02","guid":{"rendered":"https:\/\/radiolitoral.com\/?p=929"},"modified":"2023-02-16T12:28:02","modified_gmt":"2023-02-16T11:28:02","slug":"la-muralla-vermella-escenari-de-larrencada-oficial-de-2023-anus-bofill-en-calp","status":"publish","type":"post","link":"https:\/\/radiolitoral.com\/ca\/2023\/02\/la-muralla-roja-escenario-del-arranque-oficial-de-2023-ano-bofill-en-calp\/","title":{"rendered":"La Muralla Roja, escenari de l&#039;arrencada oficial del 2023 Any Bofill a Calp"},"content":{"rendered":"<p>Ahir a la tarda, prenent com a escenari el fotografiat edifici de la <strong>Muralla Vermella<\/strong>, va tenir lloc l&#039;acte d&#039;obertura oficial del<strong> Any Bofill<\/strong> a <strong>Calp<\/strong>. Es va donar a con\u00e8ixer el calendari d&#039;activitats que marcaran la programaci\u00f3 d&#039;aquesta efem\u00e8ride al llarg dels propers mesos, es va recordar la figura i el llegat de l&#039;arquitecte Ricardo Bofill a la ciutat del Penyal i es va visitar una de les obres m\u00e9s emblem\u00e0tiques, la pr\u00f2pia edificaci\u00f3 de la Muralla Roja.<\/p>\n<p>Un convocat\u00f2ria que va comptar amb representants de la <strong>Comissi\u00f3 Commemorativa<\/strong> constitu\u00efda per l&#039;Ajuntament, i de la qual formen part, la Universitat d&#039;Alacant, l&#039;estudi d&#039;arquitectura de Ricardo Bofill, el Col\u00b7legi Oficial d&#039;Arquitectes de la Prov\u00edncia d&#039;Alacant, els presidents de les comunitats de propietaris de la Muralla Roja, Plexus, Amfiteatre i Xanad\u00fa aix\u00ed com els calpins Andr\u00e9s Ortol\u00e1 Tom\u00e1s, Jos\u00e9 Ivars i Jacky V\u00e1zquez.<\/p>\n<p>Entre les accions que ja s&#039;han dut a terme en el marc d&#039;aquest <strong>2023 Any Bofill<\/strong>, s&#039;hi inclou l&#039;edici\u00f3 de calendaris dedicats als edificis d&#039;aquest arquitecte catal\u00e0, s&#039;han convocat els &quot;Premis d&#039;iniciaci\u00f3 a la investigaci\u00f3 Ajuntament de Calp: Any Bofill 2023&quot;, al mar\u00e7 se celebrar\u00e0 el Ral\u00b7li Fotogr\u00e0fic del Foto Club Ifach centrat a la obra de l&#039;arquitecte a Calp, i es crear\u00e0 una exposici\u00f3 de fotografies que es podr\u00e0 visitar a la Casa de Cultura. Tamb\u00e9 hi ha prevista una confer\u00e8ncia, unes visites guiades, concerts i fins i tot jornades gastron\u00f2miques, com va avan\u00e7ar el regidor Juan Manuel del Pino, que \u00e9s a m\u00e9s comissari de l&#039;Any Bofill.<\/p>\n<audio class=\"wp-audio-shortcode\" id=\"audio-929-1\" preload=\"none\" style=\"width: 100%;\" controls=\"controls\"><source type=\"audio\/mpeg\" src=\"https:\/\/media.radiolitoral.com\/wp-content\/uploads\/2023\/02\/24143220\/Juan-Manuel-del-Pino-1.mp3?_=1\" \/><a href=\"https:\/\/media.radiolitoral.com\/wp-content\/uploads\/2023\/02\/24143220\/Juan-Manuel-del-Pino-1.mp3\">https:\/\/media.radiolitoral.com\/wp-content\/uploads\/2023\/02\/24143220\/Juan-Manuel-del-Pino-1.mp3<\/a><\/audio>\n<p>&nbsp;<\/p>\n<p><img loading=\"lazy\" decoding=\"async\" class=\"wp-image-934 alignleft\" src=\"https:\/\/media.radiolitoral.com\/wp-content\/uploads\/2023\/02\/24143220\/Calp.-Ano-Bofill-presentacion-Muralla-Roja-1-300x168.jpg\" alt=\"\" width=\"314\" height=\"176\" srcset=\"https:\/\/media.radiolitoral.com\/wp-content\/uploads\/2023\/02\/24143220\/Calp.-Ano-Bofill-presentacion-Muralla-Roja-1-300x168.jpg 300w, https:\/\/media.radiolitoral.com\/wp-content\/uploads\/2023\/02\/24143220\/Calp.-Ano-Bofill-presentacion-Muralla-Roja-1-1024x574.jpg 1024w, https:\/\/media.radiolitoral.com\/wp-content\/uploads\/2023\/02\/24143220\/Calp.-Ano-Bofill-presentacion-Muralla-Roja-1-768x430.jpg 768w, https:\/\/media.radiolitoral.com\/wp-content\/uploads\/2023\/02\/24143220\/Calp.-Ano-Bofill-presentacion-Muralla-Roja-1-1536x861.jpg 1536w, https:\/\/media.radiolitoral.com\/wp-content\/uploads\/2023\/02\/24143220\/Calp.-Ano-Bofill-presentacion-Muralla-Roja-1-1000x560.jpg 1000w, https:\/\/media.radiolitoral.com\/wp-content\/uploads\/2023\/02\/24143220\/Calp.-Ano-Bofill-presentacion-Muralla-Roja-1-100x56.jpg 100w, https:\/\/media.radiolitoral.com\/wp-content\/uploads\/2023\/02\/24143220\/Calp.-Ano-Bofill-presentacion-Muralla-Roja-1-200x112.jpg 200w, https:\/\/media.radiolitoral.com\/wp-content\/uploads\/2023\/02\/24143220\/Calp.-Ano-Bofill-presentacion-Muralla-Roja-1.jpg 1997w\" sizes=\"auto, (max-width: 314px) 100vw, 314px\" \/><\/p>\n<p><strong>Segell 50 Aniversari Muralla Roja<\/strong><\/p>\n<p>Una cerim\u00f2nia, per a l&#039;arrencada oficial de l&#039;Any Bofill, que es va fer coincidir amb la presentaci\u00f3 del <strong>segell de Correus en commemoraci\u00f3 del 50\u00e8 aniversari de la Muralla Roja<\/strong>, una de les obres arquitect\u00f2niques claus del treball de Bofill a Calp. El segell mostra una imatge de l&#039;emblem\u00e0tic edifici i es distribueix en format \u00abfull bloc\u00bb, en qu\u00e8 el segell es troba dins d&#039;un full de dimensions m\u00e9s grans que el del mateix segell. Cal destacar que dels centenars d&#039;edificis que han sortit de l&#039;Estudi d&#039;Arquitectura Bofill aquest ser\u00e0 el primer que es plasmar\u00e0 en un segell postal.<\/p>\n<p>Leire Diez Castro, directora de Relacions Institucionals Filat\u00e8lia, Estudis i Futur de Correus, va destacar la import\u00e0ncia d&#039;aquest segell i all\u00f2 que amb ell s&#039;aconsegueix difondre i con\u00e8ixer. Una Muralla Roja que viatjar\u00e0 per tot el m\u00f3n.<\/p>\n<audio class=\"wp-audio-shortcode\" id=\"audio-929-2\" preload=\"none\" style=\"width: 100%;\" controls=\"controls\"><source type=\"audio\/mpeg\" src=\"https:\/\/media.radiolitoral.com\/wp-content\/uploads\/2023\/02\/24143220\/Leire-Sello.mp3?_=2\" \/><a href=\"https:\/\/media.radiolitoral.com\/wp-content\/uploads\/2023\/02\/24143220\/Leire-Sello.mp3\">https:\/\/media.radiolitoral.com\/wp-content\/uploads\/2023\/02\/24143220\/Leire-Sello.mp3<\/a><\/audio>","protected":false},"excerpt":{"rendered":"<p>La tarde de ayer, tomando como escenario el fotografiado edificio de la Muralla Roja, tuvo lugar el acto de apertura oficial del A\u00f1o Bofill en Calp. Se dio a conocer el calendario de actividades que marcar\u00e1n la programaci\u00f3n de esta efem\u00e9ride a lo largo de los pr\u00f3ximos meses, se record\u00f3 la figura y el legado [&#8230;]<\/p>\n<p><a class=\"btn btn-secondary understrap-read-more-link\" href=\"https:\/\/radiolitoral.com\/ca\/2023\/02\/la-muralla-roja-escenario-del-arranque-oficial-de-2023-ano-bofill-en-calp\/\">Continua llegint&#8230;<span class=\"screen-reader-text\"> from La Muralla Roja, escenario del arranque oficial de 2023 A\u00f1o Bofill en Calp<\/span><\/a><\/p>\n","protected":false},"author":13,"featured_media":932,"comment_status":"open","ping_status":"closed","sticky":false,"template":"","format":"standard","meta":{"_acf_changed":false,"inline_featured_image":false,"footnotes":""},"categories":[55,46],"tags":[106,107,98,108],"class_list":["post-929","post","type-post","status-publish","format-standard","has-post-thumbnail","hentry","category-cultura","category-sociedad","tag-ano-bofill","tag-arquitectura","tag-homenajes","tag-ricardo-bofill","cobertura-calp"],"acf":[],"yoast_head":"<!-- This site is optimized with the Yoast SEO plugin v27.5 - https:\/\/yoast.com\/product\/yoast-seo-wordpress\/ -->\n<title>La Muralla Roja, escenario del arranque oficial de 2023 A\u00f1o Bofill en Calp | R\u00e0dio Litoral<\/title>\n<meta name=\"description\" content=\"La Comisi\u00f3n Conmemorativa da a conocer el amplio calendario de actos que a lo largo de todo el a\u00f1o difundir\u00e1n la obra de Bofill\" \/>\n<meta name=\"robots\" content=\"index, follow, max-snippet:-1, max-image-preview:large, max-video-preview:-1\" \/>\n<link rel=\"canonical\" href=\"https:\/\/radiolitoral.com\/ca\/2023\/02\/la-muralla-vermella-escenari-de-larrencada-oficial-de-2023-anus-bofill-en-calp\/\" \/>\n<meta property=\"og:locale\" content=\"ca_ES\" \/>\n<meta property=\"og:type\" content=\"article\" \/>\n<meta property=\"og:title\" content=\"La Muralla Roja, escenario del arranque oficial de 2023 A\u00f1o Bofill en Calp | R\u00e0dio Litoral\" \/>\n<meta property=\"og:description\" content=\"La Comisi\u00f3n Conmemorativa da a conocer el amplio calendario de actos que a lo largo de todo el a\u00f1o difundir\u00e1n la obra de Bofill\" \/>\n<meta property=\"og:url\" content=\"https:\/\/radiolitoral.com\/ca\/2023\/02\/la-muralla-vermella-escenari-de-larrencada-oficial-de-2023-anus-bofill-en-calp\/\" \/>\n<meta property=\"og:site_name\" content=\"R\u00e0dio Litoral\" \/>\n<meta property=\"article:publisher\" content=\"https:\/\/www.facebook.com\/Laradiolitoral\/\" \/>\n<meta property=\"article:published_time\" content=\"2023-02-16T11:28:02+00:00\" \/>\n<meta property=\"og:image\" content=\"https:\/\/radiolitoral.com\/wp-content\/uploads\/2023\/02\/Calp.-Ano-Bofill-presentacion-Muralla-Roja-3.jpg\" \/>\n\t<meta property=\"og:image:width\" content=\"2048\" \/>\n\t<meta property=\"og:image:height\" content=\"1536\" \/>\n\t<meta property=\"og:image:type\" content=\"image\/jpeg\" \/>\n<meta name=\"author\" content=\"Redacci\u00f3n\" \/>\n<meta name=\"twitter:card\" content=\"summary_large_image\" \/>\n<meta name=\"twitter:label1\" content=\"Escrit per\" \/>\n\t<meta name=\"twitter:data1\" content=\"Redacci\u00f3n\" \/>\n\t<meta name=\"twitter:label2\" content=\"Temps estimat de lectura\" \/>\n\t<meta name=\"twitter:data2\" content=\"3 minuts\" \/>\n<script type=\"application\/ld+json\" class=\"yoast-schema-graph\">{\"@context\":\"https:\\\/\\\/schema.org\",\"@graph\":[{\"@type\":\"NewsArticle\",\"@id\":\"https:\\\/\\\/radiolitoral.com\\\/2023\\\/02\\\/la-muralla-roja-escenario-del-arranque-oficial-de-2023-ano-bofill-en-calp\\\/#article\",\"isPartOf\":{\"@id\":\"https:\\\/\\\/radiolitoral.com\\\/2023\\\/02\\\/la-muralla-roja-escenario-del-arranque-oficial-de-2023-ano-bofill-en-calp\\\/\"},\"author\":{\"name\":\"Redacci\u00f3n\",\"@id\":\"https:\\\/\\\/radiolitoral.com\\\/#\\\/schema\\\/person\\\/f2b2343c49b5d721857cc1002bfdb151\"},\"headline\":\"La Muralla Roja, escenario del arranque oficial de 2023 A\u00f1o Bofill en Calp\",\"datePublished\":\"2023-02-16T11:28:02+00:00\",\"mainEntityOfPage\":{\"@id\":\"https:\\\/\\\/radiolitoral.com\\\/2023\\\/02\\\/la-muralla-roja-escenario-del-arranque-oficial-de-2023-ano-bofill-en-calp\\\/\"},\"wordCount\":464,\"commentCount\":0,\"publisher\":{\"@id\":\"https:\\\/\\\/radiolitoral.com\\\/#organization\"},\"image\":{\"@id\":\"https:\\\/\\\/radiolitoral.com\\\/2023\\\/02\\\/la-muralla-roja-escenario-del-arranque-oficial-de-2023-ano-bofill-en-calp\\\/#primaryimage\"},\"thumbnailUrl\":\"https:\\\/\\\/media.radiolitoral.com\\\/wp-content\\\/uploads\\\/2023\\\/02\\\/24143220\\\/Calp.-Ano-Bofill-presentacion-Muralla-Roja-3.jpg\",\"keywords\":[\"A\u00f1o Bofill\",\"Arquitectura\",\"Homenajes\",\"Ricardo Bofill\"],\"articleSection\":[\"Cultura\",\"Sociedad\"],\"inLanguage\":\"ca\",\"potentialAction\":[{\"@type\":\"CommentAction\",\"name\":\"Comment\",\"target\":[\"https:\\\/\\\/radiolitoral.com\\\/2023\\\/02\\\/la-muralla-roja-escenario-del-arranque-oficial-de-2023-ano-bofill-en-calp\\\/#respond\"]}]},{\"@type\":[\"WebPage\",\"ItemPage\"],\"@id\":\"https:\\\/\\\/radiolitoral.com\\\/2023\\\/02\\\/la-muralla-roja-escenario-del-arranque-oficial-de-2023-ano-bofill-en-calp\\\/\",\"url\":\"https:\\\/\\\/radiolitoral.com\\\/2023\\\/02\\\/la-muralla-roja-escenario-del-arranque-oficial-de-2023-ano-bofill-en-calp\\\/\",\"name\":\"La Muralla Roja, escenario del arranque oficial de 2023 A\u00f1o Bofill en Calp | R\u00e0dio Litoral\",\"isPartOf\":{\"@id\":\"https:\\\/\\\/radiolitoral.com\\\/#website\"},\"primaryImageOfPage\":{\"@id\":\"https:\\\/\\\/radiolitoral.com\\\/2023\\\/02\\\/la-muralla-roja-escenario-del-arranque-oficial-de-2023-ano-bofill-en-calp\\\/#primaryimage\"},\"image\":{\"@id\":\"https:\\\/\\\/radiolitoral.com\\\/2023\\\/02\\\/la-muralla-roja-escenario-del-arranque-oficial-de-2023-ano-bofill-en-calp\\\/#primaryimage\"},\"thumbnailUrl\":\"https:\\\/\\\/media.radiolitoral.com\\\/wp-content\\\/uploads\\\/2023\\\/02\\\/24143220\\\/Calp.-Ano-Bofill-presentacion-Muralla-Roja-3.jpg\",\"datePublished\":\"2023-02-16T11:28:02+00:00\",\"description\":\"La Comisi\u00f3n Conmemorativa da a conocer el amplio calendario de actos que a lo largo de todo el a\u00f1o difundir\u00e1n la obra de Bofill\",\"breadcrumb\":{\"@id\":\"https:\\\/\\\/radiolitoral.com\\\/2023\\\/02\\\/la-muralla-roja-escenario-del-arranque-oficial-de-2023-ano-bofill-en-calp\\\/#breadcrumb\"},\"inLanguage\":\"ca\",\"potentialAction\":[{\"@type\":\"ReadAction\",\"target\":[\"https:\\\/\\\/radiolitoral.com\\\/2023\\\/02\\\/la-muralla-roja-escenario-del-arranque-oficial-de-2023-ano-bofill-en-calp\\\/\"]}]},{\"@type\":\"ImageObject\",\"inLanguage\":\"ca\",\"@id\":\"https:\\\/\\\/radiolitoral.com\\\/2023\\\/02\\\/la-muralla-roja-escenario-del-arranque-oficial-de-2023-ano-bofill-en-calp\\\/#primaryimage\",\"url\":\"https:\\\/\\\/media.radiolitoral.com\\\/wp-content\\\/uploads\\\/2023\\\/02\\\/24143220\\\/Calp.-Ano-Bofill-presentacion-Muralla-Roja-3.jpg\",\"contentUrl\":\"https:\\\/\\\/media.radiolitoral.com\\\/wp-content\\\/uploads\\\/2023\\\/02\\\/24143220\\\/Calp.-Ano-Bofill-presentacion-Muralla-Roja-3.jpg\",\"width\":2048,\"height\":1536},{\"@type\":\"BreadcrumbList\",\"@id\":\"https:\\\/\\\/radiolitoral.com\\\/2023\\\/02\\\/la-muralla-roja-escenario-del-arranque-oficial-de-2023-ano-bofill-en-calp\\\/#breadcrumb\",\"itemListElement\":[{\"@type\":\"ListItem\",\"position\":1,\"name\":\"Portada\",\"item\":\"https:\\\/\\\/radiolitoral.com\\\/\"},{\"@type\":\"ListItem\",\"position\":2,\"name\":\"La Muralla Roja, escenario del arranque oficial de 2023 A\u00f1o Bofill en Calp\"}]},{\"@type\":\"WebSite\",\"@id\":\"https:\\\/\\\/radiolitoral.com\\\/#website\",\"url\":\"https:\\\/\\\/radiolitoral.com\\\/\",\"name\":\"Radio Litoral\",\"description\":\"La radio local de la Marina Alta\",\"publisher\":{\"@id\":\"https:\\\/\\\/radiolitoral.com\\\/#organization\"},\"alternateName\":\"Litoral FM\",\"potentialAction\":[{\"@type\":\"SearchAction\",\"target\":{\"@type\":\"EntryPoint\",\"urlTemplate\":\"https:\\\/\\\/radiolitoral.com\\\/?s={search_term_string}\"},\"query-input\":{\"@type\":\"PropertyValueSpecification\",\"valueRequired\":true,\"valueName\":\"search_term_string\"}}],\"inLanguage\":\"ca\"},{\"@type\":\"Organization\",\"@id\":\"https:\\\/\\\/radiolitoral.com\\\/#organization\",\"name\":\"Radio Litoral\",\"url\":\"https:\\\/\\\/radiolitoral.com\\\/\",\"logo\":{\"@type\":\"ImageObject\",\"inLanguage\":\"ca\",\"@id\":\"https:\\\/\\\/radiolitoral.com\\\/#\\\/schema\\\/logo\\\/image\\\/\",\"url\":\"https:\\\/\\\/media.radiolitoral.com\\\/wp-content\\\/uploads\\\/2023\\\/02\\\/24143238\\\/CL-V-RadioLitoral696.png\",\"contentUrl\":\"https:\\\/\\\/media.radiolitoral.com\\\/wp-content\\\/uploads\\\/2023\\\/02\\\/24143238\\\/CL-V-RadioLitoral696.png\",\"width\":696,\"height\":696,\"caption\":\"Radio Litoral\"},\"image\":{\"@id\":\"https:\\\/\\\/radiolitoral.com\\\/#\\\/schema\\\/logo\\\/image\\\/\"},\"sameAs\":[\"https:\\\/\\\/www.facebook.com\\\/Laradiolitoral\\\/\"]},{\"@type\":\"Person\",\"@id\":\"https:\\\/\\\/radiolitoral.com\\\/#\\\/schema\\\/person\\\/f2b2343c49b5d721857cc1002bfdb151\",\"name\":\"Redacci\u00f3n\",\"image\":{\"@type\":\"ImageObject\",\"inLanguage\":\"ca\",\"@id\":\"https:\\\/\\\/secure.gravatar.com\\\/avatar\\\/f771d896c203ad8b3382d7905cfcce5a5c9b008b84b3cd9114e9b9f4cb63f789?s=96&d=mm&r=g\",\"url\":\"https:\\\/\\\/secure.gravatar.com\\\/avatar\\\/f771d896c203ad8b3382d7905cfcce5a5c9b008b84b3cd9114e9b9f4cb63f789?s=96&d=mm&r=g\",\"contentUrl\":\"https:\\\/\\\/secure.gravatar.com\\\/avatar\\\/f771d896c203ad8b3382d7905cfcce5a5c9b008b84b3cd9114e9b9f4cb63f789?s=96&d=mm&r=g\",\"caption\":\"Redacci\u00f3n\"},\"url\":\"https:\\\/\\\/radiolitoral.com\\\/ca\\\/author\\\/miriam-pagan\\\/\"}]}<\/script>\n<!-- \/ Yoast SEO plugin. -->","yoast_head_json":{"title":"La Muralla Roja, escenari de l&#039;arrencada oficial del 2023 Any Bofill a Calp | R\u00e0dio Litoral","description":"La Comissi\u00f3 Commemorativa d\u00f3na a con\u00e8ixer l\u00b4ampli calendari d\u00b4actes que al llarg de tot l\u00b4any difondran l\u00b4obra de Bofill","robots":{"index":"index","follow":"follow","max-snippet":"max-snippet:-1","max-image-preview":"max-image-preview:large","max-video-preview":"max-video-preview:-1"},"canonical":"https:\/\/radiolitoral.com\/ca\/2023\/02\/la-muralla-vermella-escenari-de-larrencada-oficial-de-2023-anus-bofill-en-calp\/","og_locale":"ca_ES","og_type":"article","og_title":"La Muralla Roja, escenario del arranque oficial de 2023 A\u00f1o Bofill en Calp | R\u00e0dio Litoral","og_description":"La Comisi\u00f3n Conmemorativa da a conocer el amplio calendario de actos que a lo largo de todo el a\u00f1o difundir\u00e1n la obra de Bofill","og_url":"https:\/\/radiolitoral.com\/ca\/2023\/02\/la-muralla-vermella-escenari-de-larrencada-oficial-de-2023-anus-bofill-en-calp\/","og_site_name":"R\u00e0dio Litoral","article_publisher":"https:\/\/www.facebook.com\/Laradiolitoral\/","article_published_time":"2023-02-16T11:28:02+00:00","og_image":[{"width":2048,"height":1536,"url":"https:\/\/radiolitoral.com\/wp-content\/uploads\/2023\/02\/Calp.-Ano-Bofill-presentacion-Muralla-Roja-3.jpg","type":"image\/jpeg"}],"author":"Redacci\u00f3n","twitter_card":"summary_large_image","twitter_misc":{"Escrit per":"Redacci\u00f3n","Temps estimat de lectura":"3 minuts"},"schema":{"@context":"https:\/\/schema.org","@graph":[{"@type":"NewsArticle","@id":"https:\/\/radiolitoral.com\/2023\/02\/la-muralla-roja-escenario-del-arranque-oficial-de-2023-ano-bofill-en-calp\/#article","isPartOf":{"@id":"https:\/\/radiolitoral.com\/2023\/02\/la-muralla-roja-escenario-del-arranque-oficial-de-2023-ano-bofill-en-calp\/"},"author":{"name":"Redacci\u00f3n","@id":"https:\/\/radiolitoral.com\/#\/schema\/person\/f2b2343c49b5d721857cc1002bfdb151"},"headline":"La Muralla Roja, escenario del arranque oficial de 2023 A\u00f1o Bofill en Calp","datePublished":"2023-02-16T11:28:02+00:00","mainEntityOfPage":{"@id":"https:\/\/radiolitoral.com\/2023\/02\/la-muralla-roja-escenario-del-arranque-oficial-de-2023-ano-bofill-en-calp\/"},"wordCount":464,"commentCount":0,"publisher":{"@id":"https:\/\/radiolitoral.com\/#organization"},"image":{"@id":"https:\/\/radiolitoral.com\/2023\/02\/la-muralla-roja-escenario-del-arranque-oficial-de-2023-ano-bofill-en-calp\/#primaryimage"},"thumbnailUrl":"https:\/\/media.radiolitoral.com\/wp-content\/uploads\/2023\/02\/24143220\/Calp.-Ano-Bofill-presentacion-Muralla-Roja-3.jpg","keywords":["A\u00f1o Bofill","Arquitectura","Homenajes","Ricardo Bofill"],"articleSection":["Cultura","Sociedad"],"inLanguage":"ca","potentialAction":[{"@type":"CommentAction","name":"Comment","target":["https:\/\/radiolitoral.com\/2023\/02\/la-muralla-roja-escenario-del-arranque-oficial-de-2023-ano-bofill-en-calp\/#respond"]}]},{"@type":["WebPage","ItemPage"],"@id":"https:\/\/radiolitoral.com\/2023\/02\/la-muralla-roja-escenario-del-arranque-oficial-de-2023-ano-bofill-en-calp\/","url":"https:\/\/radiolitoral.com\/2023\/02\/la-muralla-roja-escenario-del-arranque-oficial-de-2023-ano-bofill-en-calp\/","name":"La Muralla Roja, escenari de l&#039;arrencada oficial del 2023 Any Bofill a Calp | R\u00e0dio Litoral","isPartOf":{"@id":"https:\/\/radiolitoral.com\/#website"},"primaryImageOfPage":{"@id":"https:\/\/radiolitoral.com\/2023\/02\/la-muralla-roja-escenario-del-arranque-oficial-de-2023-ano-bofill-en-calp\/#primaryimage"},"image":{"@id":"https:\/\/radiolitoral.com\/2023\/02\/la-muralla-roja-escenario-del-arranque-oficial-de-2023-ano-bofill-en-calp\/#primaryimage"},"thumbnailUrl":"https:\/\/media.radiolitoral.com\/wp-content\/uploads\/2023\/02\/24143220\/Calp.-Ano-Bofill-presentacion-Muralla-Roja-3.jpg","datePublished":"2023-02-16T11:28:02+00:00","description":"La Comissi\u00f3 Commemorativa d\u00f3na a con\u00e8ixer l\u00b4ampli calendari d\u00b4actes que al llarg de tot l\u00b4any difondran l\u00b4obra de Bofill","breadcrumb":{"@id":"https:\/\/radiolitoral.com\/2023\/02\/la-muralla-roja-escenario-del-arranque-oficial-de-2023-ano-bofill-en-calp\/#breadcrumb"},"inLanguage":"ca","potentialAction":[{"@type":"ReadAction","target":["https:\/\/radiolitoral.com\/2023\/02\/la-muralla-roja-escenario-del-arranque-oficial-de-2023-ano-bofill-en-calp\/"]}]},{"@type":"ImageObject","inLanguage":"ca","@id":"https:\/\/radiolitoral.com\/2023\/02\/la-muralla-roja-escenario-del-arranque-oficial-de-2023-ano-bofill-en-calp\/#primaryimage","url":"https:\/\/media.radiolitoral.com\/wp-content\/uploads\/2023\/02\/24143220\/Calp.-Ano-Bofill-presentacion-Muralla-Roja-3.jpg","contentUrl":"https:\/\/media.radiolitoral.com\/wp-content\/uploads\/2023\/02\/24143220\/Calp.-Ano-Bofill-presentacion-Muralla-Roja-3.jpg","width":2048,"height":1536},{"@type":"BreadcrumbList","@id":"https:\/\/radiolitoral.com\/2023\/02\/la-muralla-roja-escenario-del-arranque-oficial-de-2023-ano-bofill-en-calp\/#breadcrumb","itemListElement":[{"@type":"ListItem","position":1,"name":"Portada","item":"https:\/\/radiolitoral.com\/"},{"@type":"ListItem","position":2,"name":"La Muralla Roja, escenario del arranque oficial de 2023 A\u00f1o Bofill en Calp"}]},{"@type":"WebSite","@id":"https:\/\/radiolitoral.com\/#website","url":"https:\/\/radiolitoral.com\/","name":"R\u00e0dio Litoral","description":"La r\u00e0dio local de la Marina Alta","publisher":{"@id":"https:\/\/radiolitoral.com\/#organization"},"alternateName":"Litoral FM","potentialAction":[{"@type":"SearchAction","target":{"@type":"EntryPoint","urlTemplate":"https:\/\/radiolitoral.com\/?s={search_term_string}"},"query-input":{"@type":"PropertyValueSpecification","valueRequired":true,"valueName":"search_term_string"}}],"inLanguage":"ca"},{"@type":"Organization","@id":"https:\/\/radiolitoral.com\/#organization","name":"R\u00e0dio Litoral","url":"https:\/\/radiolitoral.com\/","logo":{"@type":"ImageObject","inLanguage":"ca","@id":"https:\/\/radiolitoral.com\/#\/schema\/logo\/image\/","url":"https:\/\/media.radiolitoral.com\/wp-content\/uploads\/2023\/02\/24143238\/CL-V-RadioLitoral696.png","contentUrl":"https:\/\/media.radiolitoral.com\/wp-content\/uploads\/2023\/02\/24143238\/CL-V-RadioLitoral696.png","width":696,"height":696,"caption":"Radio Litoral"},"image":{"@id":"https:\/\/radiolitoral.com\/#\/schema\/logo\/image\/"},"sameAs":["https:\/\/www.facebook.com\/Laradiolitoral\/"]},{"@type":"Person","@id":"https:\/\/radiolitoral.com\/#\/schema\/person\/f2b2343c49b5d721857cc1002bfdb151","name":"Redacci\u00f3","image":{"@type":"ImageObject","inLanguage":"ca","@id":"https:\/\/secure.gravatar.com\/avatar\/f771d896c203ad8b3382d7905cfcce5a5c9b008b84b3cd9114e9b9f4cb63f789?s=96&d=mm&r=g","url":"https:\/\/secure.gravatar.com\/avatar\/f771d896c203ad8b3382d7905cfcce5a5c9b008b84b3cd9114e9b9f4cb63f789?s=96&d=mm&r=g","contentUrl":"https:\/\/secure.gravatar.com\/avatar\/f771d896c203ad8b3382d7905cfcce5a5c9b008b84b3cd9114e9b9f4cb63f789?s=96&d=mm&r=g","caption":"Redacci\u00f3n"},"url":"https:\/\/radiolitoral.com\/ca\/author\/miriam-pagan\/"}]}},"_links":{"self":[{"href":"https:\/\/radiolitoral.com\/ca\/wp-json\/wp\/v2\/posts\/929","targetHints":{"allow":["GET"]}}],"collection":[{"href":"https:\/\/radiolitoral.com\/ca\/wp-json\/wp\/v2\/posts"}],"about":[{"href":"https:\/\/radiolitoral.com\/ca\/wp-json\/wp\/v2\/types\/post"}],"author":[{"embeddable":true,"href":"https:\/\/radiolitoral.com\/ca\/wp-json\/wp\/v2\/users\/13"}],"replies":[{"embeddable":true,"href":"https:\/\/radiolitoral.com\/ca\/wp-json\/wp\/v2\/comments?post=929"}],"version-history":[{"count":5,"href":"https:\/\/radiolitoral.com\/ca\/wp-json\/wp\/v2\/posts\/929\/revisions"}],"predecessor-version":[{"id":938,"href":"https:\/\/radiolitoral.com\/ca\/wp-json\/wp\/v2\/posts\/929\/revisions\/938"}],"wp:featuredmedia":[{"embeddable":true,"href":"https:\/\/radiolitoral.com\/ca\/wp-json\/wp\/v2\/media\/932"}],"wp:attachment":[{"href":"https:\/\/radiolitoral.com\/ca\/wp-json\/wp\/v2\/media?parent=929"}],"wp:term":[{"taxonomy":"category","embeddable":true,"href":"https:\/\/radiolitoral.com\/ca\/wp-json\/wp\/v2\/categories?post=929"},{"taxonomy":"post_tag","embeddable":true,"href":"https:\/\/radiolitoral.com\/ca\/wp-json\/wp\/v2\/tags?post=929"}],"curies":[{"name":"wp","href":"https:\/\/api.w.org\/{rel}","templated":true}]}}