{"id":9288,"date":"2024-05-31T14:29:09","date_gmt":"2024-05-31T12:29:09","guid":{"rendered":"https:\/\/radiolitoral.com\/?p=9288"},"modified":"2024-05-31T14:29:09","modified_gmt":"2024-05-31T12:29:09","slug":"calp-sadhereix-a-la-xarxa-de-platges-sense-fum","status":"publish","type":"post","link":"https:\/\/radiolitoral.com\/ca\/2024\/05\/calp-se-adhiere-a-la-red-de-playas-sin-humo\/","title":{"rendered":"Calp s&#039;adhereix a la Xarxa de Platges sense Fum"},"content":{"rendered":"<p>El <strong>Ajuntament de Calp<\/strong> s&#039;ha unit a la <strong>Xarxa de Platges sense Fum<\/strong> de la Conselleria de Sanitat amb l&#039;objectiu de crear espais lliures de fum a les <strong>platges de l&#039;Arenal-Bol, la Fossa i Cantal Roig<\/strong>, promovent aix\u00ed un entorn m\u00e9s saludable i net.<\/p>\n<p>La iniciativa consistir\u00e0 a habilitar zones espec\u00edfiques en aquestes platges per a \u00fas exclusiu de persones no fumadores i aquelles que, per problemes de salut o per qualsevol altre motiu, prefereixin acudir a aquestes \u00e0rees. En aquestes zones es recomanar\u00e0 als visitants la import\u00e0ncia de seguir h\u00e0bits saludables i respectar els altres. Seran \u00e0rees de f\u00e0cil accessibilitat i estaran separades a una dist\u00e0ncia determinada de la resta de la platja. D&#039;aquesta manera, <strong>Calp<\/strong> inicia un proc\u00e9s per aconseguir una <strong>platja lliure de fum<\/strong>.<\/p>\n<p>Per fomentar aquesta nova mesura, es distribuiran <strong>cendrers reutilitzables<\/strong> als punts d&#039;informaci\u00f3 tur\u00edstica situats a les platges de <strong>Arenal-Bol i la Fossa<\/strong>, aix\u00ed com a l&#039;oficina de turisme de les salines. Amb aix\u00f2, tamb\u00e9 es busca incentivar l&#039;\u00fas responsable i la correcta disposici\u00f3 dels residus.<\/p>\n<p>En aquest sentit, un 15% dels residus recollits a les platges s\u00f3n burilles de cigarretes, les quals no nom\u00e9s contaminen el medi ambient sin\u00f3 que tamb\u00e9 suposen un risc per a la fauna marina. \u00abNi les platges s\u00f3n cendrers ni el mar \u00e9s un escombriaire. Aquest municipi t\u00e9 el comprom\u00eds d&#039;estar lliure d&#039;escombraries\u00bb, ha afirmat el regidor de Medi Ambient i Platges, <strong>Pere Moll<\/strong>.<\/p>\n<p>Per la seva banda, la regidora de Prevenci\u00f3 de la Salut, <strong>Itziar Doval<\/strong>, ha destacat la import\u00e0ncia d\u00b4un entorn lliure de fum no nom\u00e9s per a la preservaci\u00f3 del medi ambient, sin\u00f3 tamb\u00e9 per a la salut dels usuaris de les platges. I ha recordat que s\u00f3n nombroses les malalties que deriven no nom\u00e9s del consum actiu de tabac, sin\u00f3 tamb\u00e9 del consum passiu, ja que la inhalaci\u00f3 de fum genera malalties. &quot;La prohibici\u00f3 de fumar en aquestes platges subratlla el comprom\u00eds del municipi amb la reducci\u00f3 de la contaminaci\u00f3 i la promoci\u00f3 de la salut, i esperem que aquesta mesura sigui recolzada i replicada a altres municipis costaners&quot;, ha afegit.<\/p>","protected":false},"excerpt":{"rendered":"<p>El Ayuntamiento de Calp se ha unido a la Red de Playas sin Humo de la Conselleria de Sanidad con el objetivo de crear espacios libres de humo en las playas del Arenal-Bol, la Fossa y Cantal Roig, promoviendo as\u00ed un entorno m\u00e1s saludable y limpio. La iniciativa consistir\u00e1 en habilitar zonas espec\u00edficas en estas [&#8230;]<\/p>\n<p><a class=\"btn btn-secondary understrap-read-more-link\" href=\"https:\/\/radiolitoral.com\/ca\/2024\/05\/calp-se-adhiere-a-la-red-de-playas-sin-humo\/\">Continua llegint&#8230;<span class=\"screen-reader-text\"> from Calp se adhiere a la Red de Playas sin Humo<\/span><\/a><\/p>\n","protected":false},"author":13,"featured_media":9289,"comment_status":"open","ping_status":"closed","sticky":false,"template":"","format":"standard","meta":{"_acf_changed":false,"inline_featured_image":false,"footnotes":""},"categories":[857],"tags":[122,1158,1457],"class_list":["post-9288","post","type-post","status-publish","format-standard","has-post-thumbnail","hentry","category-playas","tag-calp","tag-playas","tag-playas-sin-humo","cobertura-calp"],"acf":[],"yoast_head":"<!-- This site is optimized with the Yoast SEO plugin v27.5 - https:\/\/yoast.com\/product\/yoast-seo-wordpress\/ -->\n<title>Calp se adhiere a la Red de Playas sin Humo | R\u00e0dio Litoral<\/title>\n<meta name=\"description\" content=\"El objetivo es crear espacios libres de humo en las playas del Arenal-Bol, la Fossa y Cantal Roig El objetivo es crear espacios libres de humo en las playas del Arenal-Bol, la Fossa y Cantal Roig\" \/>\n<meta name=\"robots\" content=\"index, follow, max-snippet:-1, max-image-preview:large, max-video-preview:-1\" \/>\n<link rel=\"canonical\" href=\"https:\/\/radiolitoral.com\/ca\/2024\/05\/calp-sadhereix-a-la-xarxa-de-platges-sense-fum\/\" \/>\n<meta property=\"og:locale\" content=\"ca_ES\" \/>\n<meta property=\"og:type\" content=\"article\" \/>\n<meta property=\"og:title\" content=\"Calp se adhiere a la Red de Playas sin Humo | R\u00e0dio Litoral\" \/>\n<meta property=\"og:description\" content=\"El objetivo es crear espacios libres de humo en las playas del Arenal-Bol, la Fossa y Cantal Roig El objetivo es crear espacios libres de humo en las playas del Arenal-Bol, la Fossa y Cantal Roig\" \/>\n<meta property=\"og:url\" content=\"https:\/\/radiolitoral.com\/ca\/2024\/05\/calp-sadhereix-a-la-xarxa-de-platges-sense-fum\/\" \/>\n<meta property=\"og:site_name\" content=\"R\u00e0dio Litoral\" \/>\n<meta property=\"article:publisher\" content=\"https:\/\/www.facebook.com\/Laradiolitoral\/\" \/>\n<meta property=\"article:published_time\" content=\"2024-05-31T12:29:09+00:00\" \/>\n<meta property=\"og:image\" content=\"https:\/\/media.radiolitoral.com\/wp-content\/uploads\/2024\/05\/31142812\/Playa-del-Cantal-Roig-02-scaled.jpg\" \/>\n\t<meta property=\"og:image:width\" content=\"2560\" \/>\n\t<meta property=\"og:image:height\" content=\"1707\" \/>\n\t<meta property=\"og:image:type\" content=\"image\/jpeg\" \/>\n<meta name=\"author\" content=\"Redacci\u00f3n\" \/>\n<meta name=\"twitter:card\" content=\"summary_large_image\" \/>\n<meta name=\"twitter:label1\" content=\"Escrit per\" \/>\n\t<meta name=\"twitter:data1\" content=\"Redacci\u00f3n\" \/>\n\t<meta name=\"twitter:label2\" content=\"Temps estimat de lectura\" \/>\n\t<meta name=\"twitter:data2\" content=\"2 minuts\" \/>\n<script type=\"application\/ld+json\" class=\"yoast-schema-graph\">{\"@context\":\"https:\\\/\\\/schema.org\",\"@graph\":[{\"@type\":\"NewsArticle\",\"@id\":\"https:\\\/\\\/radiolitoral.com\\\/2024\\\/05\\\/calp-se-adhiere-a-la-red-de-playas-sin-humo\\\/#article\",\"isPartOf\":{\"@id\":\"https:\\\/\\\/radiolitoral.com\\\/2024\\\/05\\\/calp-se-adhiere-a-la-red-de-playas-sin-humo\\\/\"},\"author\":{\"name\":\"Redacci\u00f3n\",\"@id\":\"https:\\\/\\\/radiolitoral.com\\\/#\\\/schema\\\/person\\\/f2b2343c49b5d721857cc1002bfdb151\"},\"headline\":\"Calp se adhiere a la Red de Playas sin Humo\",\"datePublished\":\"2024-05-31T12:29:09+00:00\",\"mainEntityOfPage\":{\"@id\":\"https:\\\/\\\/radiolitoral.com\\\/2024\\\/05\\\/calp-se-adhiere-a-la-red-de-playas-sin-humo\\\/\"},\"wordCount\":388,\"commentCount\":0,\"publisher\":{\"@id\":\"https:\\\/\\\/radiolitoral.com\\\/#organization\"},\"image\":{\"@id\":\"https:\\\/\\\/radiolitoral.com\\\/2024\\\/05\\\/calp-se-adhiere-a-la-red-de-playas-sin-humo\\\/#primaryimage\"},\"thumbnailUrl\":\"https:\\\/\\\/media.radiolitoral.com\\\/wp-content\\\/uploads\\\/2024\\\/05\\\/31142812\\\/Playa-del-Cantal-Roig-02-scaled.jpg\",\"keywords\":[\"Calp\",\"Playas\",\"playas sin humo\"],\"articleSection\":[\"Playas\"],\"inLanguage\":\"ca\",\"potentialAction\":[{\"@type\":\"CommentAction\",\"name\":\"Comment\",\"target\":[\"https:\\\/\\\/radiolitoral.com\\\/2024\\\/05\\\/calp-se-adhiere-a-la-red-de-playas-sin-humo\\\/#respond\"]}]},{\"@type\":[\"WebPage\",\"ItemPage\"],\"@id\":\"https:\\\/\\\/radiolitoral.com\\\/2024\\\/05\\\/calp-se-adhiere-a-la-red-de-playas-sin-humo\\\/\",\"url\":\"https:\\\/\\\/radiolitoral.com\\\/2024\\\/05\\\/calp-se-adhiere-a-la-red-de-playas-sin-humo\\\/\",\"name\":\"Calp se adhiere a la Red de Playas sin Humo | R\u00e0dio Litoral\",\"isPartOf\":{\"@id\":\"https:\\\/\\\/radiolitoral.com\\\/#website\"},\"primaryImageOfPage\":{\"@id\":\"https:\\\/\\\/radiolitoral.com\\\/2024\\\/05\\\/calp-se-adhiere-a-la-red-de-playas-sin-humo\\\/#primaryimage\"},\"image\":{\"@id\":\"https:\\\/\\\/radiolitoral.com\\\/2024\\\/05\\\/calp-se-adhiere-a-la-red-de-playas-sin-humo\\\/#primaryimage\"},\"thumbnailUrl\":\"https:\\\/\\\/media.radiolitoral.com\\\/wp-content\\\/uploads\\\/2024\\\/05\\\/31142812\\\/Playa-del-Cantal-Roig-02-scaled.jpg\",\"datePublished\":\"2024-05-31T12:29:09+00:00\",\"description\":\"El objetivo es crear espacios libres de humo en las playas del Arenal-Bol, la Fossa y Cantal Roig El objetivo es crear espacios libres de humo en las playas del Arenal-Bol, la Fossa y Cantal Roig\",\"breadcrumb\":{\"@id\":\"https:\\\/\\\/radiolitoral.com\\\/2024\\\/05\\\/calp-se-adhiere-a-la-red-de-playas-sin-humo\\\/#breadcrumb\"},\"inLanguage\":\"ca\",\"potentialAction\":[{\"@type\":\"ReadAction\",\"target\":[\"https:\\\/\\\/radiolitoral.com\\\/2024\\\/05\\\/calp-se-adhiere-a-la-red-de-playas-sin-humo\\\/\"]}]},{\"@type\":\"ImageObject\",\"inLanguage\":\"ca\",\"@id\":\"https:\\\/\\\/radiolitoral.com\\\/2024\\\/05\\\/calp-se-adhiere-a-la-red-de-playas-sin-humo\\\/#primaryimage\",\"url\":\"https:\\\/\\\/media.radiolitoral.com\\\/wp-content\\\/uploads\\\/2024\\\/05\\\/31142812\\\/Playa-del-Cantal-Roig-02-scaled.jpg\",\"contentUrl\":\"https:\\\/\\\/media.radiolitoral.com\\\/wp-content\\\/uploads\\\/2024\\\/05\\\/31142812\\\/Playa-del-Cantal-Roig-02-scaled.jpg\",\"width\":2560,\"height\":1707},{\"@type\":\"BreadcrumbList\",\"@id\":\"https:\\\/\\\/radiolitoral.com\\\/2024\\\/05\\\/calp-se-adhiere-a-la-red-de-playas-sin-humo\\\/#breadcrumb\",\"itemListElement\":[{\"@type\":\"ListItem\",\"position\":1,\"name\":\"Portada\",\"item\":\"https:\\\/\\\/radiolitoral.com\\\/\"},{\"@type\":\"ListItem\",\"position\":2,\"name\":\"Calp se adhiere a la Red de Playas sin Humo\"}]},{\"@type\":\"WebSite\",\"@id\":\"https:\\\/\\\/radiolitoral.com\\\/#website\",\"url\":\"https:\\\/\\\/radiolitoral.com\\\/\",\"name\":\"Radio Litoral\",\"description\":\"La radio local de la Marina Alta\",\"publisher\":{\"@id\":\"https:\\\/\\\/radiolitoral.com\\\/#organization\"},\"alternateName\":\"Litoral FM\",\"potentialAction\":[{\"@type\":\"SearchAction\",\"target\":{\"@type\":\"EntryPoint\",\"urlTemplate\":\"https:\\\/\\\/radiolitoral.com\\\/?s={search_term_string}\"},\"query-input\":{\"@type\":\"PropertyValueSpecification\",\"valueRequired\":true,\"valueName\":\"search_term_string\"}}],\"inLanguage\":\"ca\"},{\"@type\":\"Organization\",\"@id\":\"https:\\\/\\\/radiolitoral.com\\\/#organization\",\"name\":\"Radio Litoral\",\"url\":\"https:\\\/\\\/radiolitoral.com\\\/\",\"logo\":{\"@type\":\"ImageObject\",\"inLanguage\":\"ca\",\"@id\":\"https:\\\/\\\/radiolitoral.com\\\/#\\\/schema\\\/logo\\\/image\\\/\",\"url\":\"https:\\\/\\\/media.radiolitoral.com\\\/wp-content\\\/uploads\\\/2023\\\/02\\\/24143238\\\/CL-V-RadioLitoral696.png\",\"contentUrl\":\"https:\\\/\\\/media.radiolitoral.com\\\/wp-content\\\/uploads\\\/2023\\\/02\\\/24143238\\\/CL-V-RadioLitoral696.png\",\"width\":696,\"height\":696,\"caption\":\"Radio Litoral\"},\"image\":{\"@id\":\"https:\\\/\\\/radiolitoral.com\\\/#\\\/schema\\\/logo\\\/image\\\/\"},\"sameAs\":[\"https:\\\/\\\/www.facebook.com\\\/Laradiolitoral\\\/\"]},{\"@type\":\"Person\",\"@id\":\"https:\\\/\\\/radiolitoral.com\\\/#\\\/schema\\\/person\\\/f2b2343c49b5d721857cc1002bfdb151\",\"name\":\"Redacci\u00f3n\",\"image\":{\"@type\":\"ImageObject\",\"inLanguage\":\"ca\",\"@id\":\"https:\\\/\\\/secure.gravatar.com\\\/avatar\\\/f771d896c203ad8b3382d7905cfcce5a5c9b008b84b3cd9114e9b9f4cb63f789?s=96&d=mm&r=g\",\"url\":\"https:\\\/\\\/secure.gravatar.com\\\/avatar\\\/f771d896c203ad8b3382d7905cfcce5a5c9b008b84b3cd9114e9b9f4cb63f789?s=96&d=mm&r=g\",\"contentUrl\":\"https:\\\/\\\/secure.gravatar.com\\\/avatar\\\/f771d896c203ad8b3382d7905cfcce5a5c9b008b84b3cd9114e9b9f4cb63f789?s=96&d=mm&r=g\",\"caption\":\"Redacci\u00f3n\"},\"url\":\"https:\\\/\\\/radiolitoral.com\\\/ca\\\/author\\\/miriam-pagan\\\/\"}]}<\/script>\n<!-- \/ Yoast SEO plugin. -->","yoast_head_json":{"title":"Calp s&#039;adhereix a la Xarxa de Platges sense Fum | R\u00e0dio Litoral","description":"L&#039;objectiu \u00e9s crear espais lliures de fum a les platges de l&#039;Arenal-Bol, la Fossa i el Cantal Roig L&#039;objectiu \u00e9s crear espais lliures de fum a les platges de l&#039;Arenal-Bol, la Fossa i el Cantal Roig","robots":{"index":"index","follow":"follow","max-snippet":"max-snippet:-1","max-image-preview":"max-image-preview:large","max-video-preview":"max-video-preview:-1"},"canonical":"https:\/\/radiolitoral.com\/ca\/2024\/05\/calp-sadhereix-a-la-xarxa-de-platges-sense-fum\/","og_locale":"ca_ES","og_type":"article","og_title":"Calp se adhiere a la Red de Playas sin Humo | R\u00e0dio Litoral","og_description":"El objetivo es crear espacios libres de humo en las playas del Arenal-Bol, la Fossa y Cantal Roig El objetivo es crear espacios libres de humo en las playas del Arenal-Bol, la Fossa y Cantal Roig","og_url":"https:\/\/radiolitoral.com\/ca\/2024\/05\/calp-sadhereix-a-la-xarxa-de-platges-sense-fum\/","og_site_name":"R\u00e0dio Litoral","article_publisher":"https:\/\/www.facebook.com\/Laradiolitoral\/","article_published_time":"2024-05-31T12:29:09+00:00","og_image":[{"width":2560,"height":1707,"url":"https:\/\/media.radiolitoral.com\/wp-content\/uploads\/2024\/05\/31142812\/Playa-del-Cantal-Roig-02-scaled.jpg","type":"image\/jpeg"}],"author":"Redacci\u00f3n","twitter_card":"summary_large_image","twitter_misc":{"Escrit per":"Redacci\u00f3n","Temps estimat de lectura":"2 minuts"},"schema":{"@context":"https:\/\/schema.org","@graph":[{"@type":"NewsArticle","@id":"https:\/\/radiolitoral.com\/2024\/05\/calp-se-adhiere-a-la-red-de-playas-sin-humo\/#article","isPartOf":{"@id":"https:\/\/radiolitoral.com\/2024\/05\/calp-se-adhiere-a-la-red-de-playas-sin-humo\/"},"author":{"name":"Redacci\u00f3n","@id":"https:\/\/radiolitoral.com\/#\/schema\/person\/f2b2343c49b5d721857cc1002bfdb151"},"headline":"Calp se adhiere a la Red de Playas sin Humo","datePublished":"2024-05-31T12:29:09+00:00","mainEntityOfPage":{"@id":"https:\/\/radiolitoral.com\/2024\/05\/calp-se-adhiere-a-la-red-de-playas-sin-humo\/"},"wordCount":388,"commentCount":0,"publisher":{"@id":"https:\/\/radiolitoral.com\/#organization"},"image":{"@id":"https:\/\/radiolitoral.com\/2024\/05\/calp-se-adhiere-a-la-red-de-playas-sin-humo\/#primaryimage"},"thumbnailUrl":"https:\/\/media.radiolitoral.com\/wp-content\/uploads\/2024\/05\/31142812\/Playa-del-Cantal-Roig-02-scaled.jpg","keywords":["Calp","Playas","playas sin humo"],"articleSection":["Playas"],"inLanguage":"ca","potentialAction":[{"@type":"CommentAction","name":"Comment","target":["https:\/\/radiolitoral.com\/2024\/05\/calp-se-adhiere-a-la-red-de-playas-sin-humo\/#respond"]}]},{"@type":["WebPage","ItemPage"],"@id":"https:\/\/radiolitoral.com\/2024\/05\/calp-se-adhiere-a-la-red-de-playas-sin-humo\/","url":"https:\/\/radiolitoral.com\/2024\/05\/calp-se-adhiere-a-la-red-de-playas-sin-humo\/","name":"Calp s&#039;adhereix a la Xarxa de Platges sense Fum | R\u00e0dio Litoral","isPartOf":{"@id":"https:\/\/radiolitoral.com\/#website"},"primaryImageOfPage":{"@id":"https:\/\/radiolitoral.com\/2024\/05\/calp-se-adhiere-a-la-red-de-playas-sin-humo\/#primaryimage"},"image":{"@id":"https:\/\/radiolitoral.com\/2024\/05\/calp-se-adhiere-a-la-red-de-playas-sin-humo\/#primaryimage"},"thumbnailUrl":"https:\/\/media.radiolitoral.com\/wp-content\/uploads\/2024\/05\/31142812\/Playa-del-Cantal-Roig-02-scaled.jpg","datePublished":"2024-05-31T12:29:09+00:00","description":"L&#039;objectiu \u00e9s crear espais lliures de fum a les platges de l&#039;Arenal-Bol, la Fossa i el Cantal Roig L&#039;objectiu \u00e9s crear espais lliures de fum a les platges de l&#039;Arenal-Bol, la Fossa i el Cantal Roig","breadcrumb":{"@id":"https:\/\/radiolitoral.com\/2024\/05\/calp-se-adhiere-a-la-red-de-playas-sin-humo\/#breadcrumb"},"inLanguage":"ca","potentialAction":[{"@type":"ReadAction","target":["https:\/\/radiolitoral.com\/2024\/05\/calp-se-adhiere-a-la-red-de-playas-sin-humo\/"]}]},{"@type":"ImageObject","inLanguage":"ca","@id":"https:\/\/radiolitoral.com\/2024\/05\/calp-se-adhiere-a-la-red-de-playas-sin-humo\/#primaryimage","url":"https:\/\/media.radiolitoral.com\/wp-content\/uploads\/2024\/05\/31142812\/Playa-del-Cantal-Roig-02-scaled.jpg","contentUrl":"https:\/\/media.radiolitoral.com\/wp-content\/uploads\/2024\/05\/31142812\/Playa-del-Cantal-Roig-02-scaled.jpg","width":2560,"height":1707},{"@type":"BreadcrumbList","@id":"https:\/\/radiolitoral.com\/2024\/05\/calp-se-adhiere-a-la-red-de-playas-sin-humo\/#breadcrumb","itemListElement":[{"@type":"ListItem","position":1,"name":"Portada","item":"https:\/\/radiolitoral.com\/"},{"@type":"ListItem","position":2,"name":"Calp se adhiere a la Red de Playas sin Humo"}]},{"@type":"WebSite","@id":"https:\/\/radiolitoral.com\/#website","url":"https:\/\/radiolitoral.com\/","name":"R\u00e0dio Litoral","description":"La r\u00e0dio local de la Marina Alta","publisher":{"@id":"https:\/\/radiolitoral.com\/#organization"},"alternateName":"Litoral FM","potentialAction":[{"@type":"SearchAction","target":{"@type":"EntryPoint","urlTemplate":"https:\/\/radiolitoral.com\/?s={search_term_string}"},"query-input":{"@type":"PropertyValueSpecification","valueRequired":true,"valueName":"search_term_string"}}],"inLanguage":"ca"},{"@type":"Organization","@id":"https:\/\/radiolitoral.com\/#organization","name":"R\u00e0dio Litoral","url":"https:\/\/radiolitoral.com\/","logo":{"@type":"ImageObject","inLanguage":"ca","@id":"https:\/\/radiolitoral.com\/#\/schema\/logo\/image\/","url":"https:\/\/media.radiolitoral.com\/wp-content\/uploads\/2023\/02\/24143238\/CL-V-RadioLitoral696.png","contentUrl":"https:\/\/media.radiolitoral.com\/wp-content\/uploads\/2023\/02\/24143238\/CL-V-RadioLitoral696.png","width":696,"height":696,"caption":"Radio Litoral"},"image":{"@id":"https:\/\/radiolitoral.com\/#\/schema\/logo\/image\/"},"sameAs":["https:\/\/www.facebook.com\/Laradiolitoral\/"]},{"@type":"Person","@id":"https:\/\/radiolitoral.com\/#\/schema\/person\/f2b2343c49b5d721857cc1002bfdb151","name":"Redacci\u00f3","image":{"@type":"ImageObject","inLanguage":"ca","@id":"https:\/\/secure.gravatar.com\/avatar\/f771d896c203ad8b3382d7905cfcce5a5c9b008b84b3cd9114e9b9f4cb63f789?s=96&d=mm&r=g","url":"https:\/\/secure.gravatar.com\/avatar\/f771d896c203ad8b3382d7905cfcce5a5c9b008b84b3cd9114e9b9f4cb63f789?s=96&d=mm&r=g","contentUrl":"https:\/\/secure.gravatar.com\/avatar\/f771d896c203ad8b3382d7905cfcce5a5c9b008b84b3cd9114e9b9f4cb63f789?s=96&d=mm&r=g","caption":"Redacci\u00f3n"},"url":"https:\/\/radiolitoral.com\/ca\/author\/miriam-pagan\/"}]}},"_links":{"self":[{"href":"https:\/\/radiolitoral.com\/ca\/wp-json\/wp\/v2\/posts\/9288","targetHints":{"allow":["GET"]}}],"collection":[{"href":"https:\/\/radiolitoral.com\/ca\/wp-json\/wp\/v2\/posts"}],"about":[{"href":"https:\/\/radiolitoral.com\/ca\/wp-json\/wp\/v2\/types\/post"}],"author":[{"embeddable":true,"href":"https:\/\/radiolitoral.com\/ca\/wp-json\/wp\/v2\/users\/13"}],"replies":[{"embeddable":true,"href":"https:\/\/radiolitoral.com\/ca\/wp-json\/wp\/v2\/comments?post=9288"}],"version-history":[{"count":1,"href":"https:\/\/radiolitoral.com\/ca\/wp-json\/wp\/v2\/posts\/9288\/revisions"}],"predecessor-version":[{"id":9290,"href":"https:\/\/radiolitoral.com\/ca\/wp-json\/wp\/v2\/posts\/9288\/revisions\/9290"}],"wp:featuredmedia":[{"embeddable":true,"href":"https:\/\/radiolitoral.com\/ca\/wp-json\/wp\/v2\/media\/9289"}],"wp:attachment":[{"href":"https:\/\/radiolitoral.com\/ca\/wp-json\/wp\/v2\/media?parent=9288"}],"wp:term":[{"taxonomy":"category","embeddable":true,"href":"https:\/\/radiolitoral.com\/ca\/wp-json\/wp\/v2\/categories?post=9288"},{"taxonomy":"post_tag","embeddable":true,"href":"https:\/\/radiolitoral.com\/ca\/wp-json\/wp\/v2\/tags?post=9288"}],"curies":[{"name":"wp","href":"https:\/\/api.w.org\/{rel}","templated":true}]}}