{"id":9269,"date":"2024-05-31T10:27:02","date_gmt":"2024-05-31T08:27:02","guid":{"rendered":"https:\/\/radiolitoral.com\/?p=9269"},"modified":"2024-05-31T10:27:02","modified_gmt":"2024-05-31T08:27:02","slug":"dos-importants-partits-per-al-futur-del-cd-denia","status":"publish","type":"post","link":"https:\/\/radiolitoral.com\/ca\/2024\/05\/dos-importantes-partidos-para-el-futuro-del-cd-denia\/","title":{"rendered":"Dos importants partits per al futur del CD D\u00e9nia"},"content":{"rendered":"<p>Aquest proper dissabte, el <strong>camp Diego Mena de D\u00e9nia<\/strong> acollir\u00e0 un emocionant doble esdeveniment futbol\u00edstic que promet mantenir els fan\u00e0tics al costat dels seus seients des de la tarda fins al vespre.<\/p>\n<p>L&#039;acci\u00f3 comen\u00e7ar\u00e0 a les 16.30 hores amb un enfrontament clau entre els equips juvenils del <strong>CD D\u00e9nia<\/strong> i el <strong>FC Jove Espa\u00f1ol<\/strong> de Sant Vicent del Raspeig. Aquest partit, corresponent al <strong>partit d&#039;anada del play off<\/strong> d&#039;ascens a <strong>Lliga Nacional<\/strong>, ser\u00e0 dirigit pel col\u00b7legiat Sarro Garc\u00eda. Tots dos conjunts arriben amb l&#039;ambici\u00f3 de fer un pas ferm cap a la categoria superior, en una trobada que es preveu competitiva i plena de talent emergent.<\/p>\n<p>No menys emocionant ser\u00e0 la segona trobada de la tarda, que comen\u00e7ar\u00e0 a les 18.45 hores. Els protagonistes seran el CD D\u00e9nia B i el <strong>CF Castalla<\/strong>, els qui es disputaran la tornada del p<strong>lay off per l&#039;ascens<\/strong> a <strong>Segona FFCV<\/strong>. Aquest partit ser\u00e0 crucial, especialment per a l&#039;equip local, que despr\u00e9s de l&#039;empat a dos gols al partit d&#039;anada celebrat a Castalla, cerca amb \u00e0nsies el triomf que els asseguro l&#039;ascens. L&#039;\u00e0rbitre R\u00edos Cervera ser\u00e0 l&#039;encarregat de dirigir aquest partit decisiu.<\/p>\n<p>&nbsp;<\/p>","protected":false},"excerpt":{"rendered":"<p>Este pr\u00f3ximo s\u00e1bado, el campo Diego Mena de D\u00e9nia acoger\u00e1 un emocionante doble acontecimiento futbol\u00edstico que promete mantener a los forofos al lado de sus asientos desde la tarde hasta el anochecer. La acci\u00f3n empezar\u00e1 a las 16.30 horas con un enfrentamiento clave entre los equipos juveniles del CD D\u00e9nia y el FC Jove Espa\u00f1ol [&#8230;]<\/p>\n<p><a class=\"btn btn-secondary understrap-read-more-link\" href=\"https:\/\/radiolitoral.com\/ca\/2024\/05\/dos-importantes-partidos-para-el-futuro-del-cd-denia\/\">Continua llegint&#8230;<span class=\"screen-reader-text\"> from Dos importantes partidos para el futuro del CD D\u00e9nia<\/span><\/a><\/p>\n","protected":false},"author":12,"featured_media":9272,"comment_status":"open","ping_status":"closed","sticky":false,"template":"","format":"standard","meta":{"_acf_changed":false,"inline_featured_image":false,"footnotes":""},"categories":[5],"tags":[1447,893,1449,6,1448],"class_list":["post-9269","post","type-post","status-publish","format-standard","has-post-thumbnail","hentry","category-deportes","tag-campo-diego-mena-de-denia","tag-cd-denia","tag-cf-castalla","tag-deportes","tag-fc-jove-espanol","cobertura-denia"],"acf":[],"yoast_head":"<!-- This site is optimized with the Yoast SEO plugin v27.5 - https:\/\/yoast.com\/product\/yoast-seo-wordpress\/ -->\n<title>Dos importantes partidos para el futuro del CD D\u00e9nia | R\u00e0dio Litoral<\/title>\n<meta name=\"description\" content=\"En juvenil se juega el play off de ascenso ante el Jove Espa\u00f1ol y el CD D\u00e9nia B juega la vuelta ante el Castalla CFEn juvenil se juega el play off de ascenso ante el Jove Espa\u00f1ol y el CD D\u00e9nia B juega la vuelta ante el Castalla CF\" \/>\n<meta name=\"robots\" content=\"index, follow, max-snippet:-1, max-image-preview:large, max-video-preview:-1\" \/>\n<link rel=\"canonical\" href=\"https:\/\/radiolitoral.com\/ca\/2024\/05\/dos-importants-partits-per-al-futur-del-cd-denia\/\" \/>\n<meta property=\"og:locale\" content=\"ca_ES\" \/>\n<meta property=\"og:type\" content=\"article\" \/>\n<meta property=\"og:title\" content=\"Dos importantes partidos para el futuro del CD D\u00e9nia | R\u00e0dio Litoral\" \/>\n<meta property=\"og:description\" content=\"En juvenil se juega el play off de ascenso ante el Jove Espa\u00f1ol y el CD D\u00e9nia B juega la vuelta ante el Castalla CFEn juvenil se juega el play off de ascenso ante el Jove Espa\u00f1ol y el CD D\u00e9nia B juega la vuelta ante el Castalla CF\" \/>\n<meta property=\"og:url\" content=\"https:\/\/radiolitoral.com\/ca\/2024\/05\/dos-importants-partits-per-al-futur-del-cd-denia\/\" \/>\n<meta property=\"og:site_name\" content=\"R\u00e0dio Litoral\" \/>\n<meta property=\"article:publisher\" content=\"https:\/\/www.facebook.com\/Laradiolitoral\/\" \/>\n<meta property=\"article:published_time\" content=\"2024-05-31T08:27:02+00:00\" \/>\n<meta property=\"og:image\" content=\"https:\/\/media.radiolitoral.com\/wp-content\/uploads\/2024\/05\/31102644\/Once-del-CD-Denia-B-en-Castalla-641x490-1.jpg\" \/>\n\t<meta property=\"og:image:width\" content=\"900\" \/>\n\t<meta property=\"og:image:height\" content=\"688\" \/>\n\t<meta property=\"og:image:type\" content=\"image\/jpeg\" \/>\n<meta name=\"author\" content=\"Javier Zamora\" \/>\n<meta name=\"twitter:card\" content=\"summary_large_image\" \/>\n<meta name=\"twitter:label1\" content=\"Escrit per\" \/>\n\t<meta name=\"twitter:data1\" content=\"Javier Zamora\" \/>\n\t<meta name=\"twitter:label2\" content=\"Temps estimat de lectura\" \/>\n\t<meta name=\"twitter:data2\" content=\"2 minuts\" \/>\n<script type=\"application\/ld+json\" class=\"yoast-schema-graph\">{\"@context\":\"https:\\\/\\\/schema.org\",\"@graph\":[{\"@type\":\"NewsArticle\",\"@id\":\"https:\\\/\\\/radiolitoral.com\\\/2024\\\/05\\\/dos-importantes-partidos-para-el-futuro-del-cd-denia\\\/#article\",\"isPartOf\":{\"@id\":\"https:\\\/\\\/radiolitoral.com\\\/2024\\\/05\\\/dos-importantes-partidos-para-el-futuro-del-cd-denia\\\/\"},\"author\":{\"name\":\"Javier Zamora\",\"@id\":\"https:\\\/\\\/radiolitoral.com\\\/#\\\/schema\\\/person\\\/7b1480b5caeb5acdd4ec6379caf62b22\"},\"headline\":\"Dos importantes partidos para el futuro del CD D\u00e9nia\",\"datePublished\":\"2024-05-31T08:27:02+00:00\",\"mainEntityOfPage\":{\"@id\":\"https:\\\/\\\/radiolitoral.com\\\/2024\\\/05\\\/dos-importantes-partidos-para-el-futuro-del-cd-denia\\\/\"},\"wordCount\":222,\"commentCount\":0,\"publisher\":{\"@id\":\"https:\\\/\\\/radiolitoral.com\\\/#organization\"},\"image\":{\"@id\":\"https:\\\/\\\/radiolitoral.com\\\/2024\\\/05\\\/dos-importantes-partidos-para-el-futuro-del-cd-denia\\\/#primaryimage\"},\"thumbnailUrl\":\"https:\\\/\\\/media.radiolitoral.com\\\/wp-content\\\/uploads\\\/2024\\\/05\\\/31102644\\\/Once-del-CD-Denia-B-en-Castalla-641x490-1.jpg\",\"keywords\":[\"campo Diego Mena de D\u00e9nia\",\"CD D\u00e9nia\",\"CF Castalla\",\"deportes\",\"FC Jove Espa\u00f1ol\"],\"articleSection\":[\"Deportes\"],\"inLanguage\":\"ca\",\"potentialAction\":[{\"@type\":\"CommentAction\",\"name\":\"Comment\",\"target\":[\"https:\\\/\\\/radiolitoral.com\\\/2024\\\/05\\\/dos-importantes-partidos-para-el-futuro-del-cd-denia\\\/#respond\"]}]},{\"@type\":[\"WebPage\",\"ItemPage\"],\"@id\":\"https:\\\/\\\/radiolitoral.com\\\/2024\\\/05\\\/dos-importantes-partidos-para-el-futuro-del-cd-denia\\\/\",\"url\":\"https:\\\/\\\/radiolitoral.com\\\/2024\\\/05\\\/dos-importantes-partidos-para-el-futuro-del-cd-denia\\\/\",\"name\":\"Dos importantes partidos para el futuro del CD D\u00e9nia | R\u00e0dio Litoral\",\"isPartOf\":{\"@id\":\"https:\\\/\\\/radiolitoral.com\\\/#website\"},\"primaryImageOfPage\":{\"@id\":\"https:\\\/\\\/radiolitoral.com\\\/2024\\\/05\\\/dos-importantes-partidos-para-el-futuro-del-cd-denia\\\/#primaryimage\"},\"image\":{\"@id\":\"https:\\\/\\\/radiolitoral.com\\\/2024\\\/05\\\/dos-importantes-partidos-para-el-futuro-del-cd-denia\\\/#primaryimage\"},\"thumbnailUrl\":\"https:\\\/\\\/media.radiolitoral.com\\\/wp-content\\\/uploads\\\/2024\\\/05\\\/31102644\\\/Once-del-CD-Denia-B-en-Castalla-641x490-1.jpg\",\"datePublished\":\"2024-05-31T08:27:02+00:00\",\"description\":\"En juvenil se juega el play off de ascenso ante el Jove Espa\u00f1ol y el CD D\u00e9nia B juega la vuelta ante el Castalla CFEn juvenil se juega el play off de ascenso ante el Jove Espa\u00f1ol y el CD D\u00e9nia B juega la vuelta ante el Castalla CF\",\"breadcrumb\":{\"@id\":\"https:\\\/\\\/radiolitoral.com\\\/2024\\\/05\\\/dos-importantes-partidos-para-el-futuro-del-cd-denia\\\/#breadcrumb\"},\"inLanguage\":\"ca\",\"potentialAction\":[{\"@type\":\"ReadAction\",\"target\":[\"https:\\\/\\\/radiolitoral.com\\\/2024\\\/05\\\/dos-importantes-partidos-para-el-futuro-del-cd-denia\\\/\"]}]},{\"@type\":\"ImageObject\",\"inLanguage\":\"ca\",\"@id\":\"https:\\\/\\\/radiolitoral.com\\\/2024\\\/05\\\/dos-importantes-partidos-para-el-futuro-del-cd-denia\\\/#primaryimage\",\"url\":\"https:\\\/\\\/media.radiolitoral.com\\\/wp-content\\\/uploads\\\/2024\\\/05\\\/31102644\\\/Once-del-CD-Denia-B-en-Castalla-641x490-1.jpg\",\"contentUrl\":\"https:\\\/\\\/media.radiolitoral.com\\\/wp-content\\\/uploads\\\/2024\\\/05\\\/31102644\\\/Once-del-CD-Denia-B-en-Castalla-641x490-1.jpg\",\"width\":900,\"height\":688},{\"@type\":\"BreadcrumbList\",\"@id\":\"https:\\\/\\\/radiolitoral.com\\\/2024\\\/05\\\/dos-importantes-partidos-para-el-futuro-del-cd-denia\\\/#breadcrumb\",\"itemListElement\":[{\"@type\":\"ListItem\",\"position\":1,\"name\":\"Portada\",\"item\":\"https:\\\/\\\/radiolitoral.com\\\/\"},{\"@type\":\"ListItem\",\"position\":2,\"name\":\"Dos importantes partidos para el futuro del CD D\u00e9nia\"}]},{\"@type\":\"WebSite\",\"@id\":\"https:\\\/\\\/radiolitoral.com\\\/#website\",\"url\":\"https:\\\/\\\/radiolitoral.com\\\/\",\"name\":\"Radio Litoral\",\"description\":\"La radio local de la Marina Alta\",\"publisher\":{\"@id\":\"https:\\\/\\\/radiolitoral.com\\\/#organization\"},\"alternateName\":\"Litoral FM\",\"potentialAction\":[{\"@type\":\"SearchAction\",\"target\":{\"@type\":\"EntryPoint\",\"urlTemplate\":\"https:\\\/\\\/radiolitoral.com\\\/?s={search_term_string}\"},\"query-input\":{\"@type\":\"PropertyValueSpecification\",\"valueRequired\":true,\"valueName\":\"search_term_string\"}}],\"inLanguage\":\"ca\"},{\"@type\":\"Organization\",\"@id\":\"https:\\\/\\\/radiolitoral.com\\\/#organization\",\"name\":\"Radio Litoral\",\"url\":\"https:\\\/\\\/radiolitoral.com\\\/\",\"logo\":{\"@type\":\"ImageObject\",\"inLanguage\":\"ca\",\"@id\":\"https:\\\/\\\/radiolitoral.com\\\/#\\\/schema\\\/logo\\\/image\\\/\",\"url\":\"https:\\\/\\\/media.radiolitoral.com\\\/wp-content\\\/uploads\\\/2023\\\/02\\\/24143238\\\/CL-V-RadioLitoral696.png\",\"contentUrl\":\"https:\\\/\\\/media.radiolitoral.com\\\/wp-content\\\/uploads\\\/2023\\\/02\\\/24143238\\\/CL-V-RadioLitoral696.png\",\"width\":696,\"height\":696,\"caption\":\"Radio Litoral\"},\"image\":{\"@id\":\"https:\\\/\\\/radiolitoral.com\\\/#\\\/schema\\\/logo\\\/image\\\/\"},\"sameAs\":[\"https:\\\/\\\/www.facebook.com\\\/Laradiolitoral\\\/\"]},{\"@type\":\"Person\",\"@id\":\"https:\\\/\\\/radiolitoral.com\\\/#\\\/schema\\\/person\\\/7b1480b5caeb5acdd4ec6379caf62b22\",\"name\":\"Javier Zamora\",\"image\":{\"@type\":\"ImageObject\",\"inLanguage\":\"ca\",\"@id\":\"https:\\\/\\\/secure.gravatar.com\\\/avatar\\\/467a11f6918c7d619c4043fc6fa2d3853053107973f05b6e9c04ea6c4e3a7b3f?s=96&d=mm&r=g\",\"url\":\"https:\\\/\\\/secure.gravatar.com\\\/avatar\\\/467a11f6918c7d619c4043fc6fa2d3853053107973f05b6e9c04ea6c4e3a7b3f?s=96&d=mm&r=g\",\"contentUrl\":\"https:\\\/\\\/secure.gravatar.com\\\/avatar\\\/467a11f6918c7d619c4043fc6fa2d3853053107973f05b6e9c04ea6c4e3a7b3f?s=96&d=mm&r=g\",\"caption\":\"Javier Zamora\"},\"url\":\"https:\\\/\\\/radiolitoral.com\\\/ca\\\/author\\\/javier-zamora\\\/\"}]}<\/script>\n<!-- \/ Yoast SEO plugin. -->","yoast_head_json":{"title":"Dos importants partits per al futur del CD D\u00e9nia | R\u00e0dio Litoral","description":"En juvenil es juga el play off d&#039;ascens davant el Jove Espanyol i el CD D\u00e9nia B juga la tornada davant el Castalla CFEn juvenil es juga el play off d&#039;ascens davant el Jove Espanyol i el CD D\u00e9nia B juga la tornada davant el Castalla CF","robots":{"index":"index","follow":"follow","max-snippet":"max-snippet:-1","max-image-preview":"max-image-preview:large","max-video-preview":"max-video-preview:-1"},"canonical":"https:\/\/radiolitoral.com\/ca\/2024\/05\/dos-importants-partits-per-al-futur-del-cd-denia\/","og_locale":"ca_ES","og_type":"article","og_title":"Dos importantes partidos para el futuro del CD D\u00e9nia | R\u00e0dio Litoral","og_description":"En juvenil se juega el play off de ascenso ante el Jove Espa\u00f1ol y el CD D\u00e9nia B juega la vuelta ante el Castalla CFEn juvenil se juega el play off de ascenso ante el Jove Espa\u00f1ol y el CD D\u00e9nia B juega la vuelta ante el Castalla CF","og_url":"https:\/\/radiolitoral.com\/ca\/2024\/05\/dos-importants-partits-per-al-futur-del-cd-denia\/","og_site_name":"R\u00e0dio Litoral","article_publisher":"https:\/\/www.facebook.com\/Laradiolitoral\/","article_published_time":"2024-05-31T08:27:02+00:00","og_image":[{"width":900,"height":688,"url":"https:\/\/media.radiolitoral.com\/wp-content\/uploads\/2024\/05\/31102644\/Once-del-CD-Denia-B-en-Castalla-641x490-1.jpg","type":"image\/jpeg"}],"author":"Javier Zamora","twitter_card":"summary_large_image","twitter_misc":{"Escrit per":"Javier Zamora","Temps estimat de lectura":"2 minuts"},"schema":{"@context":"https:\/\/schema.org","@graph":[{"@type":"NewsArticle","@id":"https:\/\/radiolitoral.com\/2024\/05\/dos-importantes-partidos-para-el-futuro-del-cd-denia\/#article","isPartOf":{"@id":"https:\/\/radiolitoral.com\/2024\/05\/dos-importantes-partidos-para-el-futuro-del-cd-denia\/"},"author":{"name":"Javier Zamora","@id":"https:\/\/radiolitoral.com\/#\/schema\/person\/7b1480b5caeb5acdd4ec6379caf62b22"},"headline":"Dos importantes partidos para el futuro del CD D\u00e9nia","datePublished":"2024-05-31T08:27:02+00:00","mainEntityOfPage":{"@id":"https:\/\/radiolitoral.com\/2024\/05\/dos-importantes-partidos-para-el-futuro-del-cd-denia\/"},"wordCount":222,"commentCount":0,"publisher":{"@id":"https:\/\/radiolitoral.com\/#organization"},"image":{"@id":"https:\/\/radiolitoral.com\/2024\/05\/dos-importantes-partidos-para-el-futuro-del-cd-denia\/#primaryimage"},"thumbnailUrl":"https:\/\/media.radiolitoral.com\/wp-content\/uploads\/2024\/05\/31102644\/Once-del-CD-Denia-B-en-Castalla-641x490-1.jpg","keywords":["campo Diego Mena de D\u00e9nia","CD D\u00e9nia","CF Castalla","deportes","FC Jove Espa\u00f1ol"],"articleSection":["Deportes"],"inLanguage":"ca","potentialAction":[{"@type":"CommentAction","name":"Comment","target":["https:\/\/radiolitoral.com\/2024\/05\/dos-importantes-partidos-para-el-futuro-del-cd-denia\/#respond"]}]},{"@type":["WebPage","ItemPage"],"@id":"https:\/\/radiolitoral.com\/2024\/05\/dos-importantes-partidos-para-el-futuro-del-cd-denia\/","url":"https:\/\/radiolitoral.com\/2024\/05\/dos-importantes-partidos-para-el-futuro-del-cd-denia\/","name":"Dos importants partits per al futur del CD D\u00e9nia | R\u00e0dio Litoral","isPartOf":{"@id":"https:\/\/radiolitoral.com\/#website"},"primaryImageOfPage":{"@id":"https:\/\/radiolitoral.com\/2024\/05\/dos-importantes-partidos-para-el-futuro-del-cd-denia\/#primaryimage"},"image":{"@id":"https:\/\/radiolitoral.com\/2024\/05\/dos-importantes-partidos-para-el-futuro-del-cd-denia\/#primaryimage"},"thumbnailUrl":"https:\/\/media.radiolitoral.com\/wp-content\/uploads\/2024\/05\/31102644\/Once-del-CD-Denia-B-en-Castalla-641x490-1.jpg","datePublished":"2024-05-31T08:27:02+00:00","description":"En juvenil es juga el play off d&#039;ascens davant el Jove Espanyol i el CD D\u00e9nia B juga la tornada davant el Castalla CFEn juvenil es juga el play off d&#039;ascens davant el Jove Espanyol i el CD D\u00e9nia B juga la tornada davant el Castalla CF","breadcrumb":{"@id":"https:\/\/radiolitoral.com\/2024\/05\/dos-importantes-partidos-para-el-futuro-del-cd-denia\/#breadcrumb"},"inLanguage":"ca","potentialAction":[{"@type":"ReadAction","target":["https:\/\/radiolitoral.com\/2024\/05\/dos-importantes-partidos-para-el-futuro-del-cd-denia\/"]}]},{"@type":"ImageObject","inLanguage":"ca","@id":"https:\/\/radiolitoral.com\/2024\/05\/dos-importantes-partidos-para-el-futuro-del-cd-denia\/#primaryimage","url":"https:\/\/media.radiolitoral.com\/wp-content\/uploads\/2024\/05\/31102644\/Once-del-CD-Denia-B-en-Castalla-641x490-1.jpg","contentUrl":"https:\/\/media.radiolitoral.com\/wp-content\/uploads\/2024\/05\/31102644\/Once-del-CD-Denia-B-en-Castalla-641x490-1.jpg","width":900,"height":688},{"@type":"BreadcrumbList","@id":"https:\/\/radiolitoral.com\/2024\/05\/dos-importantes-partidos-para-el-futuro-del-cd-denia\/#breadcrumb","itemListElement":[{"@type":"ListItem","position":1,"name":"Portada","item":"https:\/\/radiolitoral.com\/"},{"@type":"ListItem","position":2,"name":"Dos importantes partidos para el futuro del CD D\u00e9nia"}]},{"@type":"WebSite","@id":"https:\/\/radiolitoral.com\/#website","url":"https:\/\/radiolitoral.com\/","name":"R\u00e0dio Litoral","description":"La r\u00e0dio local de la Marina Alta","publisher":{"@id":"https:\/\/radiolitoral.com\/#organization"},"alternateName":"Litoral FM","potentialAction":[{"@type":"SearchAction","target":{"@type":"EntryPoint","urlTemplate":"https:\/\/radiolitoral.com\/?s={search_term_string}"},"query-input":{"@type":"PropertyValueSpecification","valueRequired":true,"valueName":"search_term_string"}}],"inLanguage":"ca"},{"@type":"Organization","@id":"https:\/\/radiolitoral.com\/#organization","name":"R\u00e0dio Litoral","url":"https:\/\/radiolitoral.com\/","logo":{"@type":"ImageObject","inLanguage":"ca","@id":"https:\/\/radiolitoral.com\/#\/schema\/logo\/image\/","url":"https:\/\/media.radiolitoral.com\/wp-content\/uploads\/2023\/02\/24143238\/CL-V-RadioLitoral696.png","contentUrl":"https:\/\/media.radiolitoral.com\/wp-content\/uploads\/2023\/02\/24143238\/CL-V-RadioLitoral696.png","width":696,"height":696,"caption":"Radio Litoral"},"image":{"@id":"https:\/\/radiolitoral.com\/#\/schema\/logo\/image\/"},"sameAs":["https:\/\/www.facebook.com\/Laradiolitoral\/"]},{"@type":"Person","@id":"https:\/\/radiolitoral.com\/#\/schema\/person\/7b1480b5caeb5acdd4ec6379caf62b22","name":"Javier Zamora","image":{"@type":"ImageObject","inLanguage":"ca","@id":"https:\/\/secure.gravatar.com\/avatar\/467a11f6918c7d619c4043fc6fa2d3853053107973f05b6e9c04ea6c4e3a7b3f?s=96&d=mm&r=g","url":"https:\/\/secure.gravatar.com\/avatar\/467a11f6918c7d619c4043fc6fa2d3853053107973f05b6e9c04ea6c4e3a7b3f?s=96&d=mm&r=g","contentUrl":"https:\/\/secure.gravatar.com\/avatar\/467a11f6918c7d619c4043fc6fa2d3853053107973f05b6e9c04ea6c4e3a7b3f?s=96&d=mm&r=g","caption":"Javier Zamora"},"url":"https:\/\/radiolitoral.com\/ca\/author\/javier-zamora\/"}]}},"_links":{"self":[{"href":"https:\/\/radiolitoral.com\/ca\/wp-json\/wp\/v2\/posts\/9269","targetHints":{"allow":["GET"]}}],"collection":[{"href":"https:\/\/radiolitoral.com\/ca\/wp-json\/wp\/v2\/posts"}],"about":[{"href":"https:\/\/radiolitoral.com\/ca\/wp-json\/wp\/v2\/types\/post"}],"author":[{"embeddable":true,"href":"https:\/\/radiolitoral.com\/ca\/wp-json\/wp\/v2\/users\/12"}],"replies":[{"embeddable":true,"href":"https:\/\/radiolitoral.com\/ca\/wp-json\/wp\/v2\/comments?post=9269"}],"version-history":[{"count":3,"href":"https:\/\/radiolitoral.com\/ca\/wp-json\/wp\/v2\/posts\/9269\/revisions"}],"predecessor-version":[{"id":9274,"href":"https:\/\/radiolitoral.com\/ca\/wp-json\/wp\/v2\/posts\/9269\/revisions\/9274"}],"wp:featuredmedia":[{"embeddable":true,"href":"https:\/\/radiolitoral.com\/ca\/wp-json\/wp\/v2\/media\/9272"}],"wp:attachment":[{"href":"https:\/\/radiolitoral.com\/ca\/wp-json\/wp\/v2\/media?parent=9269"}],"wp:term":[{"taxonomy":"category","embeddable":true,"href":"https:\/\/radiolitoral.com\/ca\/wp-json\/wp\/v2\/categories?post=9269"},{"taxonomy":"post_tag","embeddable":true,"href":"https:\/\/radiolitoral.com\/ca\/wp-json\/wp\/v2\/tags?post=9269"}],"curies":[{"name":"wp","href":"https:\/\/api.w.org\/{rel}","templated":true}]}}