{"id":9253,"date":"2024-05-30T13:18:37","date_gmt":"2024-05-30T11:18:37","guid":{"rendered":"https:\/\/radiolitoral.com\/?p=9253"},"modified":"2024-05-30T13:18:37","modified_gmt":"2024-05-30T11:18:37","slug":"calp-reforca-latencio-turistica-a-lestiu-amb-dos-punts-dinformacio","status":"publish","type":"post","link":"https:\/\/radiolitoral.com\/ca\/2024\/05\/calp-refuerza-la-atencion-turistica-en-verano-con-dos-puntos-de-informacion\/","title":{"rendered":"Calp refor\u00e7a l\u00b4atenci\u00f3 tur\u00edstica al\u00b4estiu amb dos punts d\u00b4informaci\u00f3"},"content":{"rendered":"<p>Amb l&#039;objectiu de <strong>refor\u00e7ar els serveis d&#039;informaci\u00f3 tur\u00edstica<\/strong> i millorar la <strong>atenci\u00f3 al visitant<\/strong>, <strong>Calp<\/strong> instal\u00b7la de nou dos <strong>punts d&#039;informaci\u00f3 tur\u00edstica a les platges<\/strong>. Aquests punts, el servei dels quals s&#039;inicia el proper dissabte, se situaran a la <strong>platja de l&#039;Arenal-Bol<\/strong> ia la <strong>platja de la Fossa<\/strong> i seran atesos per <strong>informadors tur\u00edstics<\/strong> que se sumen a la plantilla del departament.<\/p>\n<p>Els punts d&#039;informaci\u00f3 de les platges s&#039;obriran de dilluns a dissabte de 10 a 14 hores i de 18 a 21 hores. Tots dos punts s&#039;ubiquen als passeigs mar\u00edtims, a peu de platja, per aix\u00f2 sempre han tingut molt bona acollida.<\/p>\n<p>La iniciativa permet <strong>refor\u00e7ar l&#039;assist\u00e8ncia al turista<\/strong>, oferir millor i de manera personalitzada l&#039;oferta complement\u00e0ria i tenir contacte directe amb el visitant. Aquests punts s&#039;uneixen a les oficines ja existents, la <strong>Tourist Info Centre<\/strong>, ubicada a la pla\u00e7a del Mosquit en ple cor del Casc Antic, i la <strong>Tourist Info Penyal<\/strong> ubicada davant de les Salines, que romanen obertes tot l&#039;any i tenen com a principal funci\u00f3 oferir informaci\u00f3 puntual, especialment de localitzaci\u00f3 i donar a con\u00e8ixer l&#039;oferta complement\u00e0ria de <strong>Calp<\/strong>.<\/p>\n<p>La bona acollida que sempre ha tingut aquest servei i sobretot el nombre de consultes que han registrat recomana cada any la instal\u00b7laci\u00f3.<\/p>","protected":false},"excerpt":{"rendered":"<p>Con el objetivo de reforzar los servicios de informaci\u00f3n tur\u00edstica y mejorar la atenci\u00f3n al visitante, Calp instala de nuevo dos puntos de informaci\u00f3n tur\u00edstica en las playas. Estos puntos, cuyo servicio se inicia el pr\u00f3ximo s\u00e1bado, se situar\u00e1n en la playa del Arenal-Bol y en la playa de la Fossa y ser\u00e1n atendidos por [&#8230;]<\/p>\n<p><a class=\"btn btn-secondary understrap-read-more-link\" href=\"https:\/\/radiolitoral.com\/ca\/2024\/05\/calp-refuerza-la-atencion-turistica-en-verano-con-dos-puntos-de-informacion\/\">Continua llegint&#8230;<span class=\"screen-reader-text\"> from Calp refuerza la atenci\u00f3n tur\u00edstica en verano con dos puntos de informaci\u00f3n<\/span><\/a><\/p>\n","protected":false},"author":13,"featured_media":9254,"comment_status":"open","ping_status":"closed","sticky":false,"template":"","format":"standard","meta":{"_acf_changed":false,"inline_featured_image":false,"footnotes":""},"categories":[144],"tags":[122,1424,163,1425],"class_list":["post-9253","post","type-post","status-publish","format-standard","has-post-thumbnail","hentry","category-turismo","tag-calp","tag-tourist-info","tag-turismo","tag-verano","cobertura-calp"],"acf":[],"yoast_head":"<!-- This site is optimized with the Yoast SEO plugin v27.5 - https:\/\/yoast.com\/product\/yoast-seo-wordpress\/ -->\n<title>Calp refuerza la atenci\u00f3n tur\u00edstica en verano con dos puntos de informaci\u00f3n | R\u00e0dio Litoral<\/title>\n<meta name=\"description\" content=\"En las playas de Arenal-Bol y la Fossa En las playas de Arenal-Bol y la Fossa\" \/>\n<meta name=\"robots\" content=\"index, follow, max-snippet:-1, max-image-preview:large, max-video-preview:-1\" \/>\n<link rel=\"canonical\" href=\"https:\/\/radiolitoral.com\/ca\/2024\/05\/calp-reforca-latencio-turistica-a-lestiu-amb-dos-punts-dinformacio\/\" \/>\n<meta property=\"og:locale\" content=\"ca_ES\" \/>\n<meta property=\"og:type\" content=\"article\" \/>\n<meta property=\"og:title\" content=\"Calp refuerza la atenci\u00f3n tur\u00edstica en verano con dos puntos de informaci\u00f3n | R\u00e0dio Litoral\" \/>\n<meta property=\"og:description\" content=\"En las playas de Arenal-Bol y la Fossa En las playas de Arenal-Bol y la Fossa\" \/>\n<meta property=\"og:url\" content=\"https:\/\/radiolitoral.com\/ca\/2024\/05\/calp-reforca-latencio-turistica-a-lestiu-amb-dos-punts-dinformacio\/\" \/>\n<meta property=\"og:site_name\" content=\"R\u00e0dio Litoral\" \/>\n<meta property=\"article:publisher\" content=\"https:\/\/www.facebook.com\/Laradiolitoral\/\" \/>\n<meta property=\"article:published_time\" content=\"2024-05-30T11:18:37+00:00\" \/>\n<meta property=\"og:image\" content=\"https:\/\/media.radiolitoral.com\/wp-content\/uploads\/2024\/05\/30131732\/Tourist-Info.jpg\" \/>\n\t<meta property=\"og:image:width\" content=\"1600\" \/>\n\t<meta property=\"og:image:height\" content=\"1200\" \/>\n\t<meta property=\"og:image:type\" content=\"image\/jpeg\" \/>\n<meta name=\"author\" content=\"Redacci\u00f3n\" \/>\n<meta name=\"twitter:card\" content=\"summary_large_image\" \/>\n<meta name=\"twitter:label1\" content=\"Escrit per\" \/>\n\t<meta name=\"twitter:data1\" content=\"Redacci\u00f3n\" \/>\n\t<meta name=\"twitter:label2\" content=\"Temps estimat de lectura\" \/>\n\t<meta name=\"twitter:data2\" content=\"2 minuts\" \/>\n<script type=\"application\/ld+json\" class=\"yoast-schema-graph\">{\"@context\":\"https:\\\/\\\/schema.org\",\"@graph\":[{\"@type\":\"NewsArticle\",\"@id\":\"https:\\\/\\\/radiolitoral.com\\\/2024\\\/05\\\/calp-refuerza-la-atencion-turistica-en-verano-con-dos-puntos-de-informacion\\\/#article\",\"isPartOf\":{\"@id\":\"https:\\\/\\\/radiolitoral.com\\\/2024\\\/05\\\/calp-refuerza-la-atencion-turistica-en-verano-con-dos-puntos-de-informacion\\\/\"},\"author\":{\"name\":\"Redacci\u00f3n\",\"@id\":\"https:\\\/\\\/radiolitoral.com\\\/#\\\/schema\\\/person\\\/f2b2343c49b5d721857cc1002bfdb151\"},\"headline\":\"Calp refuerza la atenci\u00f3n tur\u00edstica en verano con dos puntos de informaci\u00f3n\",\"datePublished\":\"2024-05-30T11:18:37+00:00\",\"mainEntityOfPage\":{\"@id\":\"https:\\\/\\\/radiolitoral.com\\\/2024\\\/05\\\/calp-refuerza-la-atencion-turistica-en-verano-con-dos-puntos-de-informacion\\\/\"},\"wordCount\":251,\"commentCount\":0,\"publisher\":{\"@id\":\"https:\\\/\\\/radiolitoral.com\\\/#organization\"},\"image\":{\"@id\":\"https:\\\/\\\/radiolitoral.com\\\/2024\\\/05\\\/calp-refuerza-la-atencion-turistica-en-verano-con-dos-puntos-de-informacion\\\/#primaryimage\"},\"thumbnailUrl\":\"https:\\\/\\\/media.radiolitoral.com\\\/wp-content\\\/uploads\\\/2024\\\/05\\\/30131732\\\/Tourist-Info.jpg\",\"keywords\":[\"Calp\",\"tourist info\",\"turismo\",\"verano\"],\"articleSection\":[\"Turismo\"],\"inLanguage\":\"ca\",\"potentialAction\":[{\"@type\":\"CommentAction\",\"name\":\"Comment\",\"target\":[\"https:\\\/\\\/radiolitoral.com\\\/2024\\\/05\\\/calp-refuerza-la-atencion-turistica-en-verano-con-dos-puntos-de-informacion\\\/#respond\"]}]},{\"@type\":[\"WebPage\",\"ItemPage\"],\"@id\":\"https:\\\/\\\/radiolitoral.com\\\/2024\\\/05\\\/calp-refuerza-la-atencion-turistica-en-verano-con-dos-puntos-de-informacion\\\/\",\"url\":\"https:\\\/\\\/radiolitoral.com\\\/2024\\\/05\\\/calp-refuerza-la-atencion-turistica-en-verano-con-dos-puntos-de-informacion\\\/\",\"name\":\"Calp refuerza la atenci\u00f3n tur\u00edstica en verano con dos puntos de informaci\u00f3n | R\u00e0dio Litoral\",\"isPartOf\":{\"@id\":\"https:\\\/\\\/radiolitoral.com\\\/#website\"},\"primaryImageOfPage\":{\"@id\":\"https:\\\/\\\/radiolitoral.com\\\/2024\\\/05\\\/calp-refuerza-la-atencion-turistica-en-verano-con-dos-puntos-de-informacion\\\/#primaryimage\"},\"image\":{\"@id\":\"https:\\\/\\\/radiolitoral.com\\\/2024\\\/05\\\/calp-refuerza-la-atencion-turistica-en-verano-con-dos-puntos-de-informacion\\\/#primaryimage\"},\"thumbnailUrl\":\"https:\\\/\\\/media.radiolitoral.com\\\/wp-content\\\/uploads\\\/2024\\\/05\\\/30131732\\\/Tourist-Info.jpg\",\"datePublished\":\"2024-05-30T11:18:37+00:00\",\"description\":\"En las playas de Arenal-Bol y la Fossa En las playas de Arenal-Bol y la Fossa\",\"breadcrumb\":{\"@id\":\"https:\\\/\\\/radiolitoral.com\\\/2024\\\/05\\\/calp-refuerza-la-atencion-turistica-en-verano-con-dos-puntos-de-informacion\\\/#breadcrumb\"},\"inLanguage\":\"ca\",\"potentialAction\":[{\"@type\":\"ReadAction\",\"target\":[\"https:\\\/\\\/radiolitoral.com\\\/2024\\\/05\\\/calp-refuerza-la-atencion-turistica-en-verano-con-dos-puntos-de-informacion\\\/\"]}]},{\"@type\":\"ImageObject\",\"inLanguage\":\"ca\",\"@id\":\"https:\\\/\\\/radiolitoral.com\\\/2024\\\/05\\\/calp-refuerza-la-atencion-turistica-en-verano-con-dos-puntos-de-informacion\\\/#primaryimage\",\"url\":\"https:\\\/\\\/media.radiolitoral.com\\\/wp-content\\\/uploads\\\/2024\\\/05\\\/30131732\\\/Tourist-Info.jpg\",\"contentUrl\":\"https:\\\/\\\/media.radiolitoral.com\\\/wp-content\\\/uploads\\\/2024\\\/05\\\/30131732\\\/Tourist-Info.jpg\",\"width\":1600,\"height\":1200},{\"@type\":\"BreadcrumbList\",\"@id\":\"https:\\\/\\\/radiolitoral.com\\\/2024\\\/05\\\/calp-refuerza-la-atencion-turistica-en-verano-con-dos-puntos-de-informacion\\\/#breadcrumb\",\"itemListElement\":[{\"@type\":\"ListItem\",\"position\":1,\"name\":\"Portada\",\"item\":\"https:\\\/\\\/radiolitoral.com\\\/\"},{\"@type\":\"ListItem\",\"position\":2,\"name\":\"Calp refuerza la atenci\u00f3n tur\u00edstica en verano con dos puntos de informaci\u00f3n\"}]},{\"@type\":\"WebSite\",\"@id\":\"https:\\\/\\\/radiolitoral.com\\\/#website\",\"url\":\"https:\\\/\\\/radiolitoral.com\\\/\",\"name\":\"Radio Litoral\",\"description\":\"La radio local de la Marina Alta\",\"publisher\":{\"@id\":\"https:\\\/\\\/radiolitoral.com\\\/#organization\"},\"alternateName\":\"Litoral FM\",\"potentialAction\":[{\"@type\":\"SearchAction\",\"target\":{\"@type\":\"EntryPoint\",\"urlTemplate\":\"https:\\\/\\\/radiolitoral.com\\\/?s={search_term_string}\"},\"query-input\":{\"@type\":\"PropertyValueSpecification\",\"valueRequired\":true,\"valueName\":\"search_term_string\"}}],\"inLanguage\":\"ca\"},{\"@type\":\"Organization\",\"@id\":\"https:\\\/\\\/radiolitoral.com\\\/#organization\",\"name\":\"Radio Litoral\",\"url\":\"https:\\\/\\\/radiolitoral.com\\\/\",\"logo\":{\"@type\":\"ImageObject\",\"inLanguage\":\"ca\",\"@id\":\"https:\\\/\\\/radiolitoral.com\\\/#\\\/schema\\\/logo\\\/image\\\/\",\"url\":\"https:\\\/\\\/media.radiolitoral.com\\\/wp-content\\\/uploads\\\/2023\\\/02\\\/24143238\\\/CL-V-RadioLitoral696.png\",\"contentUrl\":\"https:\\\/\\\/media.radiolitoral.com\\\/wp-content\\\/uploads\\\/2023\\\/02\\\/24143238\\\/CL-V-RadioLitoral696.png\",\"width\":696,\"height\":696,\"caption\":\"Radio Litoral\"},\"image\":{\"@id\":\"https:\\\/\\\/radiolitoral.com\\\/#\\\/schema\\\/logo\\\/image\\\/\"},\"sameAs\":[\"https:\\\/\\\/www.facebook.com\\\/Laradiolitoral\\\/\"]},{\"@type\":\"Person\",\"@id\":\"https:\\\/\\\/radiolitoral.com\\\/#\\\/schema\\\/person\\\/f2b2343c49b5d721857cc1002bfdb151\",\"name\":\"Redacci\u00f3n\",\"image\":{\"@type\":\"ImageObject\",\"inLanguage\":\"ca\",\"@id\":\"https:\\\/\\\/secure.gravatar.com\\\/avatar\\\/f771d896c203ad8b3382d7905cfcce5a5c9b008b84b3cd9114e9b9f4cb63f789?s=96&d=mm&r=g\",\"url\":\"https:\\\/\\\/secure.gravatar.com\\\/avatar\\\/f771d896c203ad8b3382d7905cfcce5a5c9b008b84b3cd9114e9b9f4cb63f789?s=96&d=mm&r=g\",\"contentUrl\":\"https:\\\/\\\/secure.gravatar.com\\\/avatar\\\/f771d896c203ad8b3382d7905cfcce5a5c9b008b84b3cd9114e9b9f4cb63f789?s=96&d=mm&r=g\",\"caption\":\"Redacci\u00f3n\"},\"url\":\"https:\\\/\\\/radiolitoral.com\\\/ca\\\/author\\\/miriam-pagan\\\/\"}]}<\/script>\n<!-- \/ Yoast SEO plugin. -->","yoast_head_json":{"title":"Calp refor\u00e7a l\u00b4atenci\u00f3 tur\u00edstica a l\u00b4estiu amb dos punts d\u00b4informaci\u00f3 | R\u00e0dio Litoral","description":"A les platges d&#039;Arenal-Bol i la Fossa A les platges d&#039;Arenal-Bol i la Fossa","robots":{"index":"index","follow":"follow","max-snippet":"max-snippet:-1","max-image-preview":"max-image-preview:large","max-video-preview":"max-video-preview:-1"},"canonical":"https:\/\/radiolitoral.com\/ca\/2024\/05\/calp-reforca-latencio-turistica-a-lestiu-amb-dos-punts-dinformacio\/","og_locale":"ca_ES","og_type":"article","og_title":"Calp refuerza la atenci\u00f3n tur\u00edstica en verano con dos puntos de informaci\u00f3n | R\u00e0dio Litoral","og_description":"En las playas de Arenal-Bol y la Fossa En las playas de Arenal-Bol y la Fossa","og_url":"https:\/\/radiolitoral.com\/ca\/2024\/05\/calp-reforca-latencio-turistica-a-lestiu-amb-dos-punts-dinformacio\/","og_site_name":"R\u00e0dio Litoral","article_publisher":"https:\/\/www.facebook.com\/Laradiolitoral\/","article_published_time":"2024-05-30T11:18:37+00:00","og_image":[{"width":1600,"height":1200,"url":"https:\/\/media.radiolitoral.com\/wp-content\/uploads\/2024\/05\/30131732\/Tourist-Info.jpg","type":"image\/jpeg"}],"author":"Redacci\u00f3n","twitter_card":"summary_large_image","twitter_misc":{"Escrit per":"Redacci\u00f3n","Temps estimat de lectura":"2 minuts"},"schema":{"@context":"https:\/\/schema.org","@graph":[{"@type":"NewsArticle","@id":"https:\/\/radiolitoral.com\/2024\/05\/calp-refuerza-la-atencion-turistica-en-verano-con-dos-puntos-de-informacion\/#article","isPartOf":{"@id":"https:\/\/radiolitoral.com\/2024\/05\/calp-refuerza-la-atencion-turistica-en-verano-con-dos-puntos-de-informacion\/"},"author":{"name":"Redacci\u00f3n","@id":"https:\/\/radiolitoral.com\/#\/schema\/person\/f2b2343c49b5d721857cc1002bfdb151"},"headline":"Calp refuerza la atenci\u00f3n tur\u00edstica en verano con dos puntos de informaci\u00f3n","datePublished":"2024-05-30T11:18:37+00:00","mainEntityOfPage":{"@id":"https:\/\/radiolitoral.com\/2024\/05\/calp-refuerza-la-atencion-turistica-en-verano-con-dos-puntos-de-informacion\/"},"wordCount":251,"commentCount":0,"publisher":{"@id":"https:\/\/radiolitoral.com\/#organization"},"image":{"@id":"https:\/\/radiolitoral.com\/2024\/05\/calp-refuerza-la-atencion-turistica-en-verano-con-dos-puntos-de-informacion\/#primaryimage"},"thumbnailUrl":"https:\/\/media.radiolitoral.com\/wp-content\/uploads\/2024\/05\/30131732\/Tourist-Info.jpg","keywords":["Calp","tourist info","turismo","verano"],"articleSection":["Turismo"],"inLanguage":"ca","potentialAction":[{"@type":"CommentAction","name":"Comment","target":["https:\/\/radiolitoral.com\/2024\/05\/calp-refuerza-la-atencion-turistica-en-verano-con-dos-puntos-de-informacion\/#respond"]}]},{"@type":["WebPage","ItemPage"],"@id":"https:\/\/radiolitoral.com\/2024\/05\/calp-refuerza-la-atencion-turistica-en-verano-con-dos-puntos-de-informacion\/","url":"https:\/\/radiolitoral.com\/2024\/05\/calp-refuerza-la-atencion-turistica-en-verano-con-dos-puntos-de-informacion\/","name":"Calp refor\u00e7a l\u00b4atenci\u00f3 tur\u00edstica a l\u00b4estiu amb dos punts d\u00b4informaci\u00f3 | R\u00e0dio Litoral","isPartOf":{"@id":"https:\/\/radiolitoral.com\/#website"},"primaryImageOfPage":{"@id":"https:\/\/radiolitoral.com\/2024\/05\/calp-refuerza-la-atencion-turistica-en-verano-con-dos-puntos-de-informacion\/#primaryimage"},"image":{"@id":"https:\/\/radiolitoral.com\/2024\/05\/calp-refuerza-la-atencion-turistica-en-verano-con-dos-puntos-de-informacion\/#primaryimage"},"thumbnailUrl":"https:\/\/media.radiolitoral.com\/wp-content\/uploads\/2024\/05\/30131732\/Tourist-Info.jpg","datePublished":"2024-05-30T11:18:37+00:00","description":"A les platges d&#039;Arenal-Bol i la Fossa A les platges d&#039;Arenal-Bol i la Fossa","breadcrumb":{"@id":"https:\/\/radiolitoral.com\/2024\/05\/calp-refuerza-la-atencion-turistica-en-verano-con-dos-puntos-de-informacion\/#breadcrumb"},"inLanguage":"ca","potentialAction":[{"@type":"ReadAction","target":["https:\/\/radiolitoral.com\/2024\/05\/calp-refuerza-la-atencion-turistica-en-verano-con-dos-puntos-de-informacion\/"]}]},{"@type":"ImageObject","inLanguage":"ca","@id":"https:\/\/radiolitoral.com\/2024\/05\/calp-refuerza-la-atencion-turistica-en-verano-con-dos-puntos-de-informacion\/#primaryimage","url":"https:\/\/media.radiolitoral.com\/wp-content\/uploads\/2024\/05\/30131732\/Tourist-Info.jpg","contentUrl":"https:\/\/media.radiolitoral.com\/wp-content\/uploads\/2024\/05\/30131732\/Tourist-Info.jpg","width":1600,"height":1200},{"@type":"BreadcrumbList","@id":"https:\/\/radiolitoral.com\/2024\/05\/calp-refuerza-la-atencion-turistica-en-verano-con-dos-puntos-de-informacion\/#breadcrumb","itemListElement":[{"@type":"ListItem","position":1,"name":"Portada","item":"https:\/\/radiolitoral.com\/"},{"@type":"ListItem","position":2,"name":"Calp refuerza la atenci\u00f3n tur\u00edstica en verano con dos puntos de informaci\u00f3n"}]},{"@type":"WebSite","@id":"https:\/\/radiolitoral.com\/#website","url":"https:\/\/radiolitoral.com\/","name":"R\u00e0dio Litoral","description":"La r\u00e0dio local de la Marina Alta","publisher":{"@id":"https:\/\/radiolitoral.com\/#organization"},"alternateName":"Litoral FM","potentialAction":[{"@type":"SearchAction","target":{"@type":"EntryPoint","urlTemplate":"https:\/\/radiolitoral.com\/?s={search_term_string}"},"query-input":{"@type":"PropertyValueSpecification","valueRequired":true,"valueName":"search_term_string"}}],"inLanguage":"ca"},{"@type":"Organization","@id":"https:\/\/radiolitoral.com\/#organization","name":"R\u00e0dio Litoral","url":"https:\/\/radiolitoral.com\/","logo":{"@type":"ImageObject","inLanguage":"ca","@id":"https:\/\/radiolitoral.com\/#\/schema\/logo\/image\/","url":"https:\/\/media.radiolitoral.com\/wp-content\/uploads\/2023\/02\/24143238\/CL-V-RadioLitoral696.png","contentUrl":"https:\/\/media.radiolitoral.com\/wp-content\/uploads\/2023\/02\/24143238\/CL-V-RadioLitoral696.png","width":696,"height":696,"caption":"Radio Litoral"},"image":{"@id":"https:\/\/radiolitoral.com\/#\/schema\/logo\/image\/"},"sameAs":["https:\/\/www.facebook.com\/Laradiolitoral\/"]},{"@type":"Person","@id":"https:\/\/radiolitoral.com\/#\/schema\/person\/f2b2343c49b5d721857cc1002bfdb151","name":"Redacci\u00f3","image":{"@type":"ImageObject","inLanguage":"ca","@id":"https:\/\/secure.gravatar.com\/avatar\/f771d896c203ad8b3382d7905cfcce5a5c9b008b84b3cd9114e9b9f4cb63f789?s=96&d=mm&r=g","url":"https:\/\/secure.gravatar.com\/avatar\/f771d896c203ad8b3382d7905cfcce5a5c9b008b84b3cd9114e9b9f4cb63f789?s=96&d=mm&r=g","contentUrl":"https:\/\/secure.gravatar.com\/avatar\/f771d896c203ad8b3382d7905cfcce5a5c9b008b84b3cd9114e9b9f4cb63f789?s=96&d=mm&r=g","caption":"Redacci\u00f3n"},"url":"https:\/\/radiolitoral.com\/ca\/author\/miriam-pagan\/"}]}},"_links":{"self":[{"href":"https:\/\/radiolitoral.com\/ca\/wp-json\/wp\/v2\/posts\/9253","targetHints":{"allow":["GET"]}}],"collection":[{"href":"https:\/\/radiolitoral.com\/ca\/wp-json\/wp\/v2\/posts"}],"about":[{"href":"https:\/\/radiolitoral.com\/ca\/wp-json\/wp\/v2\/types\/post"}],"author":[{"embeddable":true,"href":"https:\/\/radiolitoral.com\/ca\/wp-json\/wp\/v2\/users\/13"}],"replies":[{"embeddable":true,"href":"https:\/\/radiolitoral.com\/ca\/wp-json\/wp\/v2\/comments?post=9253"}],"version-history":[{"count":1,"href":"https:\/\/radiolitoral.com\/ca\/wp-json\/wp\/v2\/posts\/9253\/revisions"}],"predecessor-version":[{"id":9255,"href":"https:\/\/radiolitoral.com\/ca\/wp-json\/wp\/v2\/posts\/9253\/revisions\/9255"}],"wp:featuredmedia":[{"embeddable":true,"href":"https:\/\/radiolitoral.com\/ca\/wp-json\/wp\/v2\/media\/9254"}],"wp:attachment":[{"href":"https:\/\/radiolitoral.com\/ca\/wp-json\/wp\/v2\/media?parent=9253"}],"wp:term":[{"taxonomy":"category","embeddable":true,"href":"https:\/\/radiolitoral.com\/ca\/wp-json\/wp\/v2\/categories?post=9253"},{"taxonomy":"post_tag","embeddable":true,"href":"https:\/\/radiolitoral.com\/ca\/wp-json\/wp\/v2\/tags?post=9253"}],"curies":[{"name":"wp","href":"https:\/\/api.w.org\/{rel}","templated":true}]}}