{"id":9246,"date":"2024-05-30T11:28:41","date_gmt":"2024-05-30T09:28:41","guid":{"rendered":"https:\/\/radiolitoral.com\/?p=9246"},"modified":"2024-05-30T13:41:43","modified_gmt":"2024-05-30T11:41:43","slug":"la-cursa-popular-a-benissa-canvia-el-seu-tracat","status":"publish","type":"post","link":"https:\/\/radiolitoral.com\/ca\/2024\/05\/la-cursa-popular-a-benissa-cambia-su-trazado\/","title":{"rendered":"La Cursa Popular a Benissa canvia el tra\u00e7at"},"content":{"rendered":"<p>La <strong>XXV Cursa Popular a Benissa<\/strong> que tindr\u00e0 lloc aquest dissabte, t\u00e9 com a gran novetat en aquesta edici\u00f3, el canvi de recorregut de la prova reina, que comen\u00e7ar\u00e0 a les 19 hores. Els atletes cobriran un recorregut renovat i desafiant de 8.3 quil\u00f2metres. La cursa sortir\u00e0 i culminar\u00e0 a la Pla\u00e7a Jaume I, portant els participants per un trajecte que combina zones urbanes amb vistes espectaculars cap al Penyal d&#039;Ifac i la badia de Calp, prometent ser tant un desafiament f\u00edsic com un delit visual.<\/p>\n<p>Les proves arrencaran a les 16:30 amb les curses infantils, que tindran com a escenari el carrer Pare Andr\u00e9s. Aquests joves atletes comen\u00e7aran una tarda de festivitat i competici\u00f3, on s&#039;espera una gran participaci\u00f3 i entusiasme tant de corredors com d&#039;espectadors.<\/p>\n<p>L&#039;esdeveniment no nom\u00e9s es limita a la competici\u00f3, ja que els participants que hagin completat almenys vuit de les tretze curses del circuit podran recollir un regal especial, un gest d&#039;agra\u00efment per la dedicaci\u00f3 i l&#039;esfor\u00e7 al llarg de l&#039;any. A m\u00e9s, l&#039;organitzaci\u00f3 ha preparat diverses sorpreses, que segur animar\u00e0 l&#039;ambient i far\u00e0 aquest tancament de circuit una veritable festa de l&#039;atletisme.<\/p>\n<p>Els serveis al corredor inclouen dutxes disponibles al <strong>Palau Sant Pere<\/strong>, proporcionant comoditat als atletes despr\u00e9s del seu esfor\u00e7. La inscripci\u00f3 continua oberta fins el divendres 31 de maig al migdia, a trav\u00e9s de la p\u00e0gina web de Somesport.<\/p>\n<p>La festa atl\u00e8tica organitzada conjuntament pel <strong>Club Ginestar Atletisme Benissa<\/strong> i el <strong>Ajuntament de Benissa<\/strong>, promet ser una jornada plena d&#039;emoci\u00f3 i esportivitat, servir\u00e0 com a colof\u00f3 al <strong>Circuit a Peu Marina Alta<\/strong> <strong>2024<\/strong>.<\/p>\n<p>&nbsp;<\/p>\n<p>&nbsp;<\/p>","protected":false},"excerpt":{"rendered":"<p>La XXV Cursa Popular a Benissa que tendr\u00e1 lugar este s\u00e1bado, tiene como gran novedad en esta edici\u00f3n, el cambio de recorrido de su prueba reina, que comenzar\u00e1 a las 19 horas. Los atletas cubrir\u00e1n un renovado y desafiante recorrido de 8.3 kil\u00f3metros. La carrera partir\u00e1 y culminar\u00e1 en la Pla\u00e7a Jaume I, llevando a [&#8230;]<\/p>\n<p><a class=\"btn btn-secondary understrap-read-more-link\" href=\"https:\/\/radiolitoral.com\/ca\/2024\/05\/la-cursa-popular-a-benissa-cambia-su-trazado\/\">Continua llegint&#8230;<span class=\"screen-reader-text\"> from La Cursa Popular a Benissa cambia su trazado<\/span><\/a><\/p>\n","protected":false},"author":12,"featured_media":9247,"comment_status":"open","ping_status":"closed","sticky":false,"template":"","format":"standard","meta":{"_acf_changed":false,"inline_featured_image":false,"footnotes":""},"categories":[5],"tags":[882,922,1423,1421,1420,6,1422,1408],"class_list":["post-9246","post","type-post","status-publish","format-standard","has-post-thumbnail","hentry","category-deportes","tag-ayuntamiento-de-benissa","tag-circuit-a-peu-marina-alta","tag-club-ginestar-atletisme-benissa","tag-colla-de-xirimiters-pere-bigot-de-benissa","tag-cursa-popular-a-benissa","tag-deportes","tag-palau-sant-pere","tag-xxv-cursa-popular-a-benissa","cobertura-benissa"],"acf":[],"yoast_head":"<!-- This site is optimized with the Yoast SEO plugin v27.5 - https:\/\/yoast.com\/product\/yoast-seo-wordpress\/ -->\n<title>La Cursa Popular a Benissa cambia su trazado | R\u00e0dio Litoral<\/title>\n<meta name=\"description\" content=\"La carrera servir\u00e1 para poner punto y final al Circuito a Peu Marina Alta 2024 La carrera servir\u00e1 para poner punto y final al Circuito a Peu Marina Alta 2024\" \/>\n<meta name=\"robots\" content=\"index, follow, max-snippet:-1, max-image-preview:large, max-video-preview:-1\" \/>\n<link rel=\"canonical\" href=\"https:\/\/radiolitoral.com\/ca\/2024\/05\/la-cursa-popular-a-benissa-canvia-el-seu-tracat\/\" \/>\n<meta property=\"og:locale\" content=\"ca_ES\" \/>\n<meta property=\"og:type\" content=\"article\" \/>\n<meta property=\"og:title\" content=\"La Cursa Popular a Benissa cambia su trazado | R\u00e0dio Litoral\" \/>\n<meta property=\"og:description\" content=\"La carrera servir\u00e1 para poner punto y final al Circuito a Peu Marina Alta 2024 La carrera servir\u00e1 para poner punto y final al Circuito a Peu Marina Alta 2024\" \/>\n<meta property=\"og:url\" content=\"https:\/\/radiolitoral.com\/ca\/2024\/05\/la-cursa-popular-a-benissa-canvia-el-seu-tracat\/\" \/>\n<meta property=\"og:site_name\" content=\"R\u00e0dio Litoral\" \/>\n<meta property=\"article:publisher\" content=\"https:\/\/www.facebook.com\/Laradiolitoral\/\" \/>\n<meta property=\"article:published_time\" content=\"2024-05-30T09:28:41+00:00\" \/>\n<meta property=\"article:modified_time\" content=\"2024-05-30T11:41:43+00:00\" \/>\n<meta property=\"og:image\" content=\"https:\/\/media.radiolitoral.com\/wp-content\/uploads\/2024\/05\/30112733\/CURSA-MAJORS.jpg\" \/>\n\t<meta property=\"og:image:width\" content=\"2048\" \/>\n\t<meta property=\"og:image:height\" content=\"1365\" \/>\n\t<meta property=\"og:image:type\" content=\"image\/jpeg\" \/>\n<meta name=\"author\" content=\"Javier Zamora\" \/>\n<meta name=\"twitter:card\" content=\"summary_large_image\" \/>\n<meta name=\"twitter:label1\" content=\"Escrit per\" \/>\n\t<meta name=\"twitter:data1\" content=\"Javier Zamora\" \/>\n\t<meta name=\"twitter:label2\" content=\"Temps estimat de lectura\" \/>\n\t<meta name=\"twitter:data2\" content=\"2 minuts\" \/>\n<script type=\"application\/ld+json\" class=\"yoast-schema-graph\">{\"@context\":\"https:\\\/\\\/schema.org\",\"@graph\":[{\"@type\":\"NewsArticle\",\"@id\":\"https:\\\/\\\/radiolitoral.com\\\/2024\\\/05\\\/la-cursa-popular-a-benissa-cambia-su-trazado\\\/#article\",\"isPartOf\":{\"@id\":\"https:\\\/\\\/radiolitoral.com\\\/2024\\\/05\\\/la-cursa-popular-a-benissa-cambia-su-trazado\\\/\"},\"author\":{\"name\":\"Javier Zamora\",\"@id\":\"https:\\\/\\\/radiolitoral.com\\\/#\\\/schema\\\/person\\\/7b1480b5caeb5acdd4ec6379caf62b22\"},\"headline\":\"La Cursa Popular a Benissa cambia su trazado\",\"datePublished\":\"2024-05-30T09:28:41+00:00\",\"dateModified\":\"2024-05-30T11:41:43+00:00\",\"mainEntityOfPage\":{\"@id\":\"https:\\\/\\\/radiolitoral.com\\\/2024\\\/05\\\/la-cursa-popular-a-benissa-cambia-su-trazado\\\/\"},\"wordCount\":310,\"commentCount\":0,\"publisher\":{\"@id\":\"https:\\\/\\\/radiolitoral.com\\\/#organization\"},\"image\":{\"@id\":\"https:\\\/\\\/radiolitoral.com\\\/2024\\\/05\\\/la-cursa-popular-a-benissa-cambia-su-trazado\\\/#primaryimage\"},\"thumbnailUrl\":\"https:\\\/\\\/media.radiolitoral.com\\\/wp-content\\\/uploads\\\/2024\\\/05\\\/30112733\\\/CURSA-MAJORS.jpg\",\"keywords\":[\"Ayuntamiento de Benissa\",\"Circuit a Peu Marina Alta\",\"Club Ginestar Atletisme Benissa\",\"Colla de Xirimiters Pere Bigot de Benissa\",\"Cursa Popular a Benissa\",\"deportes\",\"Palau Sant Pere\",\"XXV Cursa Popular a Benissa\"],\"articleSection\":[\"Deportes\"],\"inLanguage\":\"ca\",\"potentialAction\":[{\"@type\":\"CommentAction\",\"name\":\"Comment\",\"target\":[\"https:\\\/\\\/radiolitoral.com\\\/2024\\\/05\\\/la-cursa-popular-a-benissa-cambia-su-trazado\\\/#respond\"]}]},{\"@type\":[\"WebPage\",\"ItemPage\"],\"@id\":\"https:\\\/\\\/radiolitoral.com\\\/2024\\\/05\\\/la-cursa-popular-a-benissa-cambia-su-trazado\\\/\",\"url\":\"https:\\\/\\\/radiolitoral.com\\\/2024\\\/05\\\/la-cursa-popular-a-benissa-cambia-su-trazado\\\/\",\"name\":\"La Cursa Popular a Benissa cambia su trazado | R\u00e0dio Litoral\",\"isPartOf\":{\"@id\":\"https:\\\/\\\/radiolitoral.com\\\/#website\"},\"primaryImageOfPage\":{\"@id\":\"https:\\\/\\\/radiolitoral.com\\\/2024\\\/05\\\/la-cursa-popular-a-benissa-cambia-su-trazado\\\/#primaryimage\"},\"image\":{\"@id\":\"https:\\\/\\\/radiolitoral.com\\\/2024\\\/05\\\/la-cursa-popular-a-benissa-cambia-su-trazado\\\/#primaryimage\"},\"thumbnailUrl\":\"https:\\\/\\\/media.radiolitoral.com\\\/wp-content\\\/uploads\\\/2024\\\/05\\\/30112733\\\/CURSA-MAJORS.jpg\",\"datePublished\":\"2024-05-30T09:28:41+00:00\",\"dateModified\":\"2024-05-30T11:41:43+00:00\",\"description\":\"La carrera servir\u00e1 para poner punto y final al Circuito a Peu Marina Alta 2024 La carrera servir\u00e1 para poner punto y final al Circuito a Peu Marina Alta 2024\",\"breadcrumb\":{\"@id\":\"https:\\\/\\\/radiolitoral.com\\\/2024\\\/05\\\/la-cursa-popular-a-benissa-cambia-su-trazado\\\/#breadcrumb\"},\"inLanguage\":\"ca\",\"potentialAction\":[{\"@type\":\"ReadAction\",\"target\":[\"https:\\\/\\\/radiolitoral.com\\\/2024\\\/05\\\/la-cursa-popular-a-benissa-cambia-su-trazado\\\/\"]}]},{\"@type\":\"ImageObject\",\"inLanguage\":\"ca\",\"@id\":\"https:\\\/\\\/radiolitoral.com\\\/2024\\\/05\\\/la-cursa-popular-a-benissa-cambia-su-trazado\\\/#primaryimage\",\"url\":\"https:\\\/\\\/media.radiolitoral.com\\\/wp-content\\\/uploads\\\/2024\\\/05\\\/30112733\\\/CURSA-MAJORS.jpg\",\"contentUrl\":\"https:\\\/\\\/media.radiolitoral.com\\\/wp-content\\\/uploads\\\/2024\\\/05\\\/30112733\\\/CURSA-MAJORS.jpg\",\"width\":2048,\"height\":1365},{\"@type\":\"BreadcrumbList\",\"@id\":\"https:\\\/\\\/radiolitoral.com\\\/2024\\\/05\\\/la-cursa-popular-a-benissa-cambia-su-trazado\\\/#breadcrumb\",\"itemListElement\":[{\"@type\":\"ListItem\",\"position\":1,\"name\":\"Portada\",\"item\":\"https:\\\/\\\/radiolitoral.com\\\/\"},{\"@type\":\"ListItem\",\"position\":2,\"name\":\"La Cursa Popular a Benissa cambia su trazado\"}]},{\"@type\":\"WebSite\",\"@id\":\"https:\\\/\\\/radiolitoral.com\\\/#website\",\"url\":\"https:\\\/\\\/radiolitoral.com\\\/\",\"name\":\"Radio Litoral\",\"description\":\"La radio local de la Marina Alta\",\"publisher\":{\"@id\":\"https:\\\/\\\/radiolitoral.com\\\/#organization\"},\"alternateName\":\"Litoral FM\",\"potentialAction\":[{\"@type\":\"SearchAction\",\"target\":{\"@type\":\"EntryPoint\",\"urlTemplate\":\"https:\\\/\\\/radiolitoral.com\\\/?s={search_term_string}\"},\"query-input\":{\"@type\":\"PropertyValueSpecification\",\"valueRequired\":true,\"valueName\":\"search_term_string\"}}],\"inLanguage\":\"ca\"},{\"@type\":\"Organization\",\"@id\":\"https:\\\/\\\/radiolitoral.com\\\/#organization\",\"name\":\"Radio Litoral\",\"url\":\"https:\\\/\\\/radiolitoral.com\\\/\",\"logo\":{\"@type\":\"ImageObject\",\"inLanguage\":\"ca\",\"@id\":\"https:\\\/\\\/radiolitoral.com\\\/#\\\/schema\\\/logo\\\/image\\\/\",\"url\":\"https:\\\/\\\/media.radiolitoral.com\\\/wp-content\\\/uploads\\\/2023\\\/02\\\/24143238\\\/CL-V-RadioLitoral696.png\",\"contentUrl\":\"https:\\\/\\\/media.radiolitoral.com\\\/wp-content\\\/uploads\\\/2023\\\/02\\\/24143238\\\/CL-V-RadioLitoral696.png\",\"width\":696,\"height\":696,\"caption\":\"Radio Litoral\"},\"image\":{\"@id\":\"https:\\\/\\\/radiolitoral.com\\\/#\\\/schema\\\/logo\\\/image\\\/\"},\"sameAs\":[\"https:\\\/\\\/www.facebook.com\\\/Laradiolitoral\\\/\"]},{\"@type\":\"Person\",\"@id\":\"https:\\\/\\\/radiolitoral.com\\\/#\\\/schema\\\/person\\\/7b1480b5caeb5acdd4ec6379caf62b22\",\"name\":\"Javier Zamora\",\"image\":{\"@type\":\"ImageObject\",\"inLanguage\":\"ca\",\"@id\":\"https:\\\/\\\/secure.gravatar.com\\\/avatar\\\/467a11f6918c7d619c4043fc6fa2d3853053107973f05b6e9c04ea6c4e3a7b3f?s=96&d=mm&r=g\",\"url\":\"https:\\\/\\\/secure.gravatar.com\\\/avatar\\\/467a11f6918c7d619c4043fc6fa2d3853053107973f05b6e9c04ea6c4e3a7b3f?s=96&d=mm&r=g\",\"contentUrl\":\"https:\\\/\\\/secure.gravatar.com\\\/avatar\\\/467a11f6918c7d619c4043fc6fa2d3853053107973f05b6e9c04ea6c4e3a7b3f?s=96&d=mm&r=g\",\"caption\":\"Javier Zamora\"},\"url\":\"https:\\\/\\\/radiolitoral.com\\\/ca\\\/author\\\/javier-zamora\\\/\"}]}<\/script>\n<!-- \/ Yoast SEO plugin. -->","yoast_head_json":{"title":"La Cursa Popular a Benissa canvia el tra\u00e7at | R\u00e0dio Litoral","description":"La cursa servir\u00e0 per posar punt i final al Circuit a Peu Marina Alta 2024 La cursa servir\u00e0 per posar punt i final al Circuit a Peu Marina Alta 2024","robots":{"index":"index","follow":"follow","max-snippet":"max-snippet:-1","max-image-preview":"max-image-preview:large","max-video-preview":"max-video-preview:-1"},"canonical":"https:\/\/radiolitoral.com\/ca\/2024\/05\/la-cursa-popular-a-benissa-canvia-el-seu-tracat\/","og_locale":"ca_ES","og_type":"article","og_title":"La Cursa Popular a Benissa cambia su trazado | R\u00e0dio Litoral","og_description":"La carrera servir\u00e1 para poner punto y final al Circuito a Peu Marina Alta 2024 La carrera servir\u00e1 para poner punto y final al Circuito a Peu Marina Alta 2024","og_url":"https:\/\/radiolitoral.com\/ca\/2024\/05\/la-cursa-popular-a-benissa-canvia-el-seu-tracat\/","og_site_name":"R\u00e0dio Litoral","article_publisher":"https:\/\/www.facebook.com\/Laradiolitoral\/","article_published_time":"2024-05-30T09:28:41+00:00","article_modified_time":"2024-05-30T11:41:43+00:00","og_image":[{"width":2048,"height":1365,"url":"https:\/\/media.radiolitoral.com\/wp-content\/uploads\/2024\/05\/30112733\/CURSA-MAJORS.jpg","type":"image\/jpeg"}],"author":"Javier Zamora","twitter_card":"summary_large_image","twitter_misc":{"Escrit per":"Javier Zamora","Temps estimat de lectura":"2 minuts"},"schema":{"@context":"https:\/\/schema.org","@graph":[{"@type":"NewsArticle","@id":"https:\/\/radiolitoral.com\/2024\/05\/la-cursa-popular-a-benissa-cambia-su-trazado\/#article","isPartOf":{"@id":"https:\/\/radiolitoral.com\/2024\/05\/la-cursa-popular-a-benissa-cambia-su-trazado\/"},"author":{"name":"Javier Zamora","@id":"https:\/\/radiolitoral.com\/#\/schema\/person\/7b1480b5caeb5acdd4ec6379caf62b22"},"headline":"La Cursa Popular a Benissa cambia su trazado","datePublished":"2024-05-30T09:28:41+00:00","dateModified":"2024-05-30T11:41:43+00:00","mainEntityOfPage":{"@id":"https:\/\/radiolitoral.com\/2024\/05\/la-cursa-popular-a-benissa-cambia-su-trazado\/"},"wordCount":310,"commentCount":0,"publisher":{"@id":"https:\/\/radiolitoral.com\/#organization"},"image":{"@id":"https:\/\/radiolitoral.com\/2024\/05\/la-cursa-popular-a-benissa-cambia-su-trazado\/#primaryimage"},"thumbnailUrl":"https:\/\/media.radiolitoral.com\/wp-content\/uploads\/2024\/05\/30112733\/CURSA-MAJORS.jpg","keywords":["Ayuntamiento de Benissa","Circuit a Peu Marina Alta","Club Ginestar Atletisme Benissa","Colla de Xirimiters Pere Bigot de Benissa","Cursa Popular a Benissa","deportes","Palau Sant Pere","XXV Cursa Popular a Benissa"],"articleSection":["Deportes"],"inLanguage":"ca","potentialAction":[{"@type":"CommentAction","name":"Comment","target":["https:\/\/radiolitoral.com\/2024\/05\/la-cursa-popular-a-benissa-cambia-su-trazado\/#respond"]}]},{"@type":["WebPage","ItemPage"],"@id":"https:\/\/radiolitoral.com\/2024\/05\/la-cursa-popular-a-benissa-cambia-su-trazado\/","url":"https:\/\/radiolitoral.com\/2024\/05\/la-cursa-popular-a-benissa-cambia-su-trazado\/","name":"La Cursa Popular a Benissa canvia el tra\u00e7at | R\u00e0dio Litoral","isPartOf":{"@id":"https:\/\/radiolitoral.com\/#website"},"primaryImageOfPage":{"@id":"https:\/\/radiolitoral.com\/2024\/05\/la-cursa-popular-a-benissa-cambia-su-trazado\/#primaryimage"},"image":{"@id":"https:\/\/radiolitoral.com\/2024\/05\/la-cursa-popular-a-benissa-cambia-su-trazado\/#primaryimage"},"thumbnailUrl":"https:\/\/media.radiolitoral.com\/wp-content\/uploads\/2024\/05\/30112733\/CURSA-MAJORS.jpg","datePublished":"2024-05-30T09:28:41+00:00","dateModified":"2024-05-30T11:41:43+00:00","description":"La cursa servir\u00e0 per posar punt i final al Circuit a Peu Marina Alta 2024 La cursa servir\u00e0 per posar punt i final al Circuit a Peu Marina Alta 2024","breadcrumb":{"@id":"https:\/\/radiolitoral.com\/2024\/05\/la-cursa-popular-a-benissa-cambia-su-trazado\/#breadcrumb"},"inLanguage":"ca","potentialAction":[{"@type":"ReadAction","target":["https:\/\/radiolitoral.com\/2024\/05\/la-cursa-popular-a-benissa-cambia-su-trazado\/"]}]},{"@type":"ImageObject","inLanguage":"ca","@id":"https:\/\/radiolitoral.com\/2024\/05\/la-cursa-popular-a-benissa-cambia-su-trazado\/#primaryimage","url":"https:\/\/media.radiolitoral.com\/wp-content\/uploads\/2024\/05\/30112733\/CURSA-MAJORS.jpg","contentUrl":"https:\/\/media.radiolitoral.com\/wp-content\/uploads\/2024\/05\/30112733\/CURSA-MAJORS.jpg","width":2048,"height":1365},{"@type":"BreadcrumbList","@id":"https:\/\/radiolitoral.com\/2024\/05\/la-cursa-popular-a-benissa-cambia-su-trazado\/#breadcrumb","itemListElement":[{"@type":"ListItem","position":1,"name":"Portada","item":"https:\/\/radiolitoral.com\/"},{"@type":"ListItem","position":2,"name":"La Cursa Popular a Benissa cambia su trazado"}]},{"@type":"WebSite","@id":"https:\/\/radiolitoral.com\/#website","url":"https:\/\/radiolitoral.com\/","name":"R\u00e0dio Litoral","description":"La r\u00e0dio local de la Marina Alta","publisher":{"@id":"https:\/\/radiolitoral.com\/#organization"},"alternateName":"Litoral FM","potentialAction":[{"@type":"SearchAction","target":{"@type":"EntryPoint","urlTemplate":"https:\/\/radiolitoral.com\/?s={search_term_string}"},"query-input":{"@type":"PropertyValueSpecification","valueRequired":true,"valueName":"search_term_string"}}],"inLanguage":"ca"},{"@type":"Organization","@id":"https:\/\/radiolitoral.com\/#organization","name":"R\u00e0dio Litoral","url":"https:\/\/radiolitoral.com\/","logo":{"@type":"ImageObject","inLanguage":"ca","@id":"https:\/\/radiolitoral.com\/#\/schema\/logo\/image\/","url":"https:\/\/media.radiolitoral.com\/wp-content\/uploads\/2023\/02\/24143238\/CL-V-RadioLitoral696.png","contentUrl":"https:\/\/media.radiolitoral.com\/wp-content\/uploads\/2023\/02\/24143238\/CL-V-RadioLitoral696.png","width":696,"height":696,"caption":"Radio Litoral"},"image":{"@id":"https:\/\/radiolitoral.com\/#\/schema\/logo\/image\/"},"sameAs":["https:\/\/www.facebook.com\/Laradiolitoral\/"]},{"@type":"Person","@id":"https:\/\/radiolitoral.com\/#\/schema\/person\/7b1480b5caeb5acdd4ec6379caf62b22","name":"Javier Zamora","image":{"@type":"ImageObject","inLanguage":"ca","@id":"https:\/\/secure.gravatar.com\/avatar\/467a11f6918c7d619c4043fc6fa2d3853053107973f05b6e9c04ea6c4e3a7b3f?s=96&d=mm&r=g","url":"https:\/\/secure.gravatar.com\/avatar\/467a11f6918c7d619c4043fc6fa2d3853053107973f05b6e9c04ea6c4e3a7b3f?s=96&d=mm&r=g","contentUrl":"https:\/\/secure.gravatar.com\/avatar\/467a11f6918c7d619c4043fc6fa2d3853053107973f05b6e9c04ea6c4e3a7b3f?s=96&d=mm&r=g","caption":"Javier Zamora"},"url":"https:\/\/radiolitoral.com\/ca\/author\/javier-zamora\/"}]}},"_links":{"self":[{"href":"https:\/\/radiolitoral.com\/ca\/wp-json\/wp\/v2\/posts\/9246","targetHints":{"allow":["GET"]}}],"collection":[{"href":"https:\/\/radiolitoral.com\/ca\/wp-json\/wp\/v2\/posts"}],"about":[{"href":"https:\/\/radiolitoral.com\/ca\/wp-json\/wp\/v2\/types\/post"}],"author":[{"embeddable":true,"href":"https:\/\/radiolitoral.com\/ca\/wp-json\/wp\/v2\/users\/12"}],"replies":[{"embeddable":true,"href":"https:\/\/radiolitoral.com\/ca\/wp-json\/wp\/v2\/comments?post=9246"}],"version-history":[{"count":5,"href":"https:\/\/radiolitoral.com\/ca\/wp-json\/wp\/v2\/posts\/9246\/revisions"}],"predecessor-version":[{"id":9259,"href":"https:\/\/radiolitoral.com\/ca\/wp-json\/wp\/v2\/posts\/9246\/revisions\/9259"}],"wp:featuredmedia":[{"embeddable":true,"href":"https:\/\/radiolitoral.com\/ca\/wp-json\/wp\/v2\/media\/9247"}],"wp:attachment":[{"href":"https:\/\/radiolitoral.com\/ca\/wp-json\/wp\/v2\/media?parent=9246"}],"wp:term":[{"taxonomy":"category","embeddable":true,"href":"https:\/\/radiolitoral.com\/ca\/wp-json\/wp\/v2\/categories?post=9246"},{"taxonomy":"post_tag","embeddable":true,"href":"https:\/\/radiolitoral.com\/ca\/wp-json\/wp\/v2\/tags?post=9246"}],"curies":[{"name":"wp","href":"https:\/\/api.w.org\/{rel}","templated":true}]}}