{"id":9223,"date":"2024-05-29T12:40:04","date_gmt":"2024-05-29T10:40:04","guid":{"rendered":"https:\/\/radiolitoral.com\/?p=9223"},"modified":"2024-05-29T12:40:04","modified_gmt":"2024-05-29T10:40:04","slug":"exit-dual-per-cg-les-marines-a-lautonomic-per-equips","status":"publish","type":"post","link":"https:\/\/radiolitoral.com\/ca\/2024\/05\/exito-dual-para-cg-les-marines-en-el-autonomico-por-equipos\/","title":{"rendered":"\u00c8xit dual per a CG Les Marines a l&#039;Auton\u00f2mic per Equips"},"content":{"rendered":"<div class=\"flex flex-grow flex-col max-w-full\">\n<div class=\"min-h-[20px] text-message flex flex-col items-start whitespace-pre-wrap break-words [.text-message+&amp;]:mt-5 juice:w-full juice:items-end overflow-x-auto gap-2\" dir=\"auto\" data-message-author-role=\"assistant\" data-message-id=\"54bf7f55-6160-4fd2-aed6-24b2a698e5be\">\n<div class=\"flex w-full flex-col gap-1 juice:empty:hidden juice:first:pt-[3px]\">\n<div class=\"markdown prose w-full break-words dark:prose-invert light\">\n<p>El pasado s\u00e1bado 25 de mayo se celebr\u00f3 la <strong>fase auton\u00f3mica del Campeonato de Espa\u00f1a por equipos<\/strong>, marcando un hito memorable para el <strong>CG Les Marines<\/strong> de Calp, gracias a la destacada participaci\u00f3n de sus gimnastas en dos comunidades aut\u00f3nomas distintas.<\/p>\n<p><strong>Triana Ruano<\/strong>, compitiendo en la categor\u00eda benjam\u00edn y cedida al <strong>Club Chamara<\/strong>, realiz\u00f3 un valiente esfuerzo en Gand\u00eda, asegurando la <strong>medalla de plata<\/strong> a pesar de sufrir gastroenteritis. Su determinaci\u00f3n y un excelente ejercicio de manos libres no solo le valieron el reconocimiento personal, sino que tambi\u00e9n contribuyeron a que su equipo se proclamara subcampe\u00f3n auton\u00f3mico, garantizando su lugar en el campeonato nacional de julio. <strong>Lola Rodr\u00edguez<\/strong>, compa\u00f1era de Triana, tambi\u00e9n brill\u00f3 con su ejercicio de cuerda, logrando otra medalla de plata para el equipo.<\/p>\n<p>Paralelamente, <strong>Yeva Taranenko<\/strong> compiti\u00f3 en La Palma, Islas Canarias, cedida al <strong>Club Batistana<\/strong> de Tenerife en la categor\u00eda alev\u00edn. Yeva realiz\u00f3 un impecable ejercicio de mazas que la coron\u00f3 campeona de Canarias, destac\u00e1ndose por un margen de dos puntos sobre la segunda clasificada. Junto con <strong>Adriana Rey<\/strong>, su compa\u00f1era de equipo, consiguieron proclamarse campeonas auton\u00f3micas.<\/p>\n<figure id=\"attachment_9225\" aria-describedby=\"caption-attachment-9225\" style=\"width: 1536px\" class=\"wp-caption alignnone\"><img loading=\"lazy\" decoding=\"async\" class=\"wp-image-9225 size-full\" src=\"https:\/\/media.radiolitoral.com\/wp-content\/uploads\/2024\/05\/29095954\/Gimnastas-del-CG-Les-Marines-con-sus-trofeos-1.jpg\" alt=\"\" width=\"1536\" height=\"1472\" srcset=\"https:\/\/media.radiolitoral.com\/wp-content\/uploads\/2024\/05\/29095954\/Gimnastas-del-CG-Les-Marines-con-sus-trofeos-1.jpg 1536w, https:\/\/media.radiolitoral.com\/wp-content\/uploads\/2024\/05\/29095954\/Gimnastas-del-CG-Les-Marines-con-sus-trofeos-1-300x288.jpg 300w, https:\/\/media.radiolitoral.com\/wp-content\/uploads\/2024\/05\/29095954\/Gimnastas-del-CG-Les-Marines-con-sus-trofeos-1-1024x981.jpg 1024w, https:\/\/media.radiolitoral.com\/wp-content\/uploads\/2024\/05\/29095954\/Gimnastas-del-CG-Les-Marines-con-sus-trofeos-1-768x736.jpg 768w, https:\/\/media.radiolitoral.com\/wp-content\/uploads\/2024\/05\/29095954\/Gimnastas-del-CG-Les-Marines-con-sus-trofeos-1-13x12.jpg 13w, https:\/\/media.radiolitoral.com\/wp-content\/uploads\/2024\/05\/29095954\/Gimnastas-del-CG-Les-Marines-con-sus-trofeos-1-1000x958.jpg 1000w, https:\/\/media.radiolitoral.com\/wp-content\/uploads\/2024\/05\/29095954\/Gimnastas-del-CG-Les-Marines-con-sus-trofeos-1-100x96.jpg 100w, https:\/\/media.radiolitoral.com\/wp-content\/uploads\/2024\/05\/29095954\/Gimnastas-del-CG-Les-Marines-con-sus-trofeos-1-200x192.jpg 200w\" sizes=\"auto, (max-width: 1536px) 100vw, 1536px\" \/><figcaption id=\"caption-attachment-9225\" class=\"wp-caption-text\">Gimnastas del CG Les Marines con sus trofeos | CG Les Marines<\/figcaption><\/figure>\n<p>&nbsp;<\/p>\n<p>Este formidable desempe\u00f1o de Triana y Yeva en competiciones simult\u00e1neas demuestra la versatilidad y el alto nivel del CG Les Marines, que ahora se prepara para representar dignamente en el <strong>Campeonato de Espa\u00f1a Absoluto de equipos<\/strong>. Este logro es tambi\u00e9n un testamento al trabajo incansable de todo el equipo t\u00e9cnico del club, incluyendo a <strong>Saray Pineda, Mariona Hidalgo, Micaela Crimi, Yana Trukhacheva<\/strong> y <strong>Monty Ciborro<\/strong>, quienes contin\u00faan cultivando talento y pasi\u00f3n en cada una de sus gimnastas.<\/p>\n<p>&nbsp;<\/p>\n<\/div>\n<\/div>\n<\/div>\n<\/div>\n<div class=\"mt-1 flex gap-3 empty:hidden juice:-ml-3\">\n<div class=\"items-center justify-start rounded-xl p-1 flex\">\n<div class=\"flex items-center\">\n<div class=\"flex items-center pb-0.5 juice:pb-0\"><\/div>\n<\/div>\n<\/div>\n<\/div>\n","protected":false},"excerpt":{"rendered":"<p>El pasado s\u00e1bado 25 de mayo se celebr\u00f3 la fase auton\u00f3mica del Campeonato de Espa\u00f1a por equipos, marcando un hito memorable para el CG Les Marines de Calp, gracias a la destacada participaci\u00f3n de sus gimnastas en dos comunidades aut\u00f3nomas distintas. Triana Ruano, compitiendo en la categor\u00eda benjam\u00edn y cedida al Club Chamara, realiz\u00f3 un [&#8230;]<\/p>\n<p><a class=\"btn btn-secondary understrap-read-more-link\" href=\"https:\/\/radiolitoral.com\/ca\/2024\/05\/exito-dual-para-cg-les-marines-en-el-autonomico-por-equipos\/\">Continua llegint&#8230;<span class=\"screen-reader-text\"> from \u00c9xito dual para CG Les Marines en el Auton\u00f3mico por Equipos<\/span><\/a><\/p>\n","protected":false},"author":12,"featured_media":9224,"comment_status":"open","ping_status":"closed","sticky":false,"template":"","format":"standard","meta":{"_acf_changed":false,"inline_featured_image":false,"footnotes":""},"categories":[5],"tags":[1414,876,1413,1410,6,1411,1416,1417,1419,1415,879,1418,1412],"class_list":["post-9223","post","type-post","status-publish","format-standard","has-post-thumbnail","hentry","category-deportes","tag-adriana-rey","tag-cg-les-marines","tag-club-batistana","tag-club-chamara","tag-deportes","tag-lola-rodriguez","tag-mariona-hidalgo","tag-micaela-crimi","tag-monty-ciborro","tag-saray-pineda","tag-triana-ruano","tag-yana-trukhacheva","tag-yeva-taranenko","cobertura-calp"],"acf":[],"yoast_head":"<!-- This site is optimized with the Yoast SEO plugin v27.5 - https:\/\/yoast.com\/product\/yoast-seo-wordpress\/ -->\n<title>\u00c9xito dual para CG Les Marines en el Auton\u00f3mico por Equipos | R\u00e0dio Litoral<\/title>\n<meta name=\"description\" content=\"Triano Ruano consigui\u00f3 la medalla de plata en benjam\u00edn y Yeva Taranenko fue campeona alev\u00ednTriano Ruano consigui\u00f3 la medalla de plata en benjam\u00edn y Yeva Taranenko fue campeona alev\u00edn\" \/>\n<meta name=\"robots\" content=\"index, follow, max-snippet:-1, max-image-preview:large, max-video-preview:-1\" \/>\n<link rel=\"canonical\" href=\"https:\/\/radiolitoral.com\/ca\/2024\/05\/exit-dual-per-cg-les-marines-a-lautonomic-per-equips\/\" \/>\n<meta property=\"og:locale\" content=\"ca_ES\" \/>\n<meta property=\"og:type\" content=\"article\" \/>\n<meta property=\"og:title\" content=\"\u00c9xito dual para CG Les Marines en el Auton\u00f3mico por Equipos | R\u00e0dio Litoral\" \/>\n<meta property=\"og:description\" content=\"Triano Ruano consigui\u00f3 la medalla de plata en benjam\u00edn y Yeva Taranenko fue campeona alev\u00ednTriano Ruano consigui\u00f3 la medalla de plata en benjam\u00edn y Yeva Taranenko fue campeona alev\u00edn\" \/>\n<meta property=\"og:url\" content=\"https:\/\/radiolitoral.com\/ca\/2024\/05\/exit-dual-per-cg-les-marines-a-lautonomic-per-equips\/\" \/>\n<meta property=\"og:site_name\" content=\"R\u00e0dio Litoral\" \/>\n<meta property=\"article:publisher\" content=\"https:\/\/www.facebook.com\/Laradiolitoral\/\" \/>\n<meta property=\"article:published_time\" content=\"2024-05-29T10:40:04+00:00\" \/>\n<meta property=\"og:image\" content=\"https:\/\/media.radiolitoral.com\/wp-content\/uploads\/2024\/05\/29095934\/jovenes-gimnastas-del-CG-Les-Marines.jpg\" \/>\n\t<meta property=\"og:image:width\" content=\"1536\" \/>\n\t<meta property=\"og:image:height\" content=\"835\" \/>\n\t<meta property=\"og:image:type\" content=\"image\/jpeg\" \/>\n<meta name=\"author\" content=\"Javier Zamora\" \/>\n<meta name=\"twitter:card\" content=\"summary_large_image\" \/>\n<meta name=\"twitter:label1\" content=\"Escrit per\" \/>\n\t<meta name=\"twitter:data1\" content=\"Javier Zamora\" \/>\n\t<meta name=\"twitter:label2\" content=\"Temps estimat de lectura\" \/>\n\t<meta name=\"twitter:data2\" content=\"2 minuts\" \/>\n<script type=\"application\/ld+json\" class=\"yoast-schema-graph\">{\"@context\":\"https:\\\/\\\/schema.org\",\"@graph\":[{\"@type\":\"NewsArticle\",\"@id\":\"https:\\\/\\\/radiolitoral.com\\\/2024\\\/05\\\/exito-dual-para-cg-les-marines-en-el-autonomico-por-equipos\\\/#article\",\"isPartOf\":{\"@id\":\"https:\\\/\\\/radiolitoral.com\\\/2024\\\/05\\\/exito-dual-para-cg-les-marines-en-el-autonomico-por-equipos\\\/\"},\"author\":{\"name\":\"Javier Zamora\",\"@id\":\"https:\\\/\\\/radiolitoral.com\\\/#\\\/schema\\\/person\\\/7b1480b5caeb5acdd4ec6379caf62b22\"},\"headline\":\"\u00c9xito dual para CG Les Marines en el Auton\u00f3mico por Equipos\",\"datePublished\":\"2024-05-29T10:40:04+00:00\",\"mainEntityOfPage\":{\"@id\":\"https:\\\/\\\/radiolitoral.com\\\/2024\\\/05\\\/exito-dual-para-cg-les-marines-en-el-autonomico-por-equipos\\\/\"},\"wordCount\":316,\"commentCount\":0,\"publisher\":{\"@id\":\"https:\\\/\\\/radiolitoral.com\\\/#organization\"},\"image\":{\"@id\":\"https:\\\/\\\/radiolitoral.com\\\/2024\\\/05\\\/exito-dual-para-cg-les-marines-en-el-autonomico-por-equipos\\\/#primaryimage\"},\"thumbnailUrl\":\"https:\\\/\\\/media.radiolitoral.com\\\/wp-content\\\/uploads\\\/2024\\\/05\\\/29095934\\\/jovenes-gimnastas-del-CG-Les-Marines.jpg\",\"keywords\":[\"Adriana Rey\",\"CG Les Marines\",\"Club Batistana\",\"Club Chamara\",\"deportes\",\"Lola Rodr\u00edguez\",\"Mariona Hidalgo\",\"Micaela Crimi\",\"Monty Ciborro\",\"Saray Pineda\",\"Triana Ruano\",\"Yana Trukhacheva\",\"Yeva Taranenko\"],\"articleSection\":[\"Deportes\"],\"inLanguage\":\"ca\",\"potentialAction\":[{\"@type\":\"CommentAction\",\"name\":\"Comment\",\"target\":[\"https:\\\/\\\/radiolitoral.com\\\/2024\\\/05\\\/exito-dual-para-cg-les-marines-en-el-autonomico-por-equipos\\\/#respond\"]}]},{\"@type\":[\"WebPage\",\"ItemPage\"],\"@id\":\"https:\\\/\\\/radiolitoral.com\\\/2024\\\/05\\\/exito-dual-para-cg-les-marines-en-el-autonomico-por-equipos\\\/\",\"url\":\"https:\\\/\\\/radiolitoral.com\\\/2024\\\/05\\\/exito-dual-para-cg-les-marines-en-el-autonomico-por-equipos\\\/\",\"name\":\"\u00c9xito dual para CG Les Marines en el Auton\u00f3mico por Equipos | R\u00e0dio Litoral\",\"isPartOf\":{\"@id\":\"https:\\\/\\\/radiolitoral.com\\\/#website\"},\"primaryImageOfPage\":{\"@id\":\"https:\\\/\\\/radiolitoral.com\\\/2024\\\/05\\\/exito-dual-para-cg-les-marines-en-el-autonomico-por-equipos\\\/#primaryimage\"},\"image\":{\"@id\":\"https:\\\/\\\/radiolitoral.com\\\/2024\\\/05\\\/exito-dual-para-cg-les-marines-en-el-autonomico-por-equipos\\\/#primaryimage\"},\"thumbnailUrl\":\"https:\\\/\\\/media.radiolitoral.com\\\/wp-content\\\/uploads\\\/2024\\\/05\\\/29095934\\\/jovenes-gimnastas-del-CG-Les-Marines.jpg\",\"datePublished\":\"2024-05-29T10:40:04+00:00\",\"description\":\"Triano Ruano consigui\u00f3 la medalla de plata en benjam\u00edn y Yeva Taranenko fue campeona alev\u00ednTriano Ruano consigui\u00f3 la medalla de plata en benjam\u00edn y Yeva Taranenko fue campeona alev\u00edn\",\"breadcrumb\":{\"@id\":\"https:\\\/\\\/radiolitoral.com\\\/2024\\\/05\\\/exito-dual-para-cg-les-marines-en-el-autonomico-por-equipos\\\/#breadcrumb\"},\"inLanguage\":\"ca\",\"potentialAction\":[{\"@type\":\"ReadAction\",\"target\":[\"https:\\\/\\\/radiolitoral.com\\\/2024\\\/05\\\/exito-dual-para-cg-les-marines-en-el-autonomico-por-equipos\\\/\"]}]},{\"@type\":\"ImageObject\",\"inLanguage\":\"ca\",\"@id\":\"https:\\\/\\\/radiolitoral.com\\\/2024\\\/05\\\/exito-dual-para-cg-les-marines-en-el-autonomico-por-equipos\\\/#primaryimage\",\"url\":\"https:\\\/\\\/media.radiolitoral.com\\\/wp-content\\\/uploads\\\/2024\\\/05\\\/29095934\\\/jovenes-gimnastas-del-CG-Les-Marines.jpg\",\"contentUrl\":\"https:\\\/\\\/media.radiolitoral.com\\\/wp-content\\\/uploads\\\/2024\\\/05\\\/29095934\\\/jovenes-gimnastas-del-CG-Les-Marines.jpg\",\"width\":1536,\"height\":835},{\"@type\":\"BreadcrumbList\",\"@id\":\"https:\\\/\\\/radiolitoral.com\\\/2024\\\/05\\\/exito-dual-para-cg-les-marines-en-el-autonomico-por-equipos\\\/#breadcrumb\",\"itemListElement\":[{\"@type\":\"ListItem\",\"position\":1,\"name\":\"Portada\",\"item\":\"https:\\\/\\\/radiolitoral.com\\\/\"},{\"@type\":\"ListItem\",\"position\":2,\"name\":\"\u00c9xito dual para CG Les Marines en el Auton\u00f3mico por Equipos\"}]},{\"@type\":\"WebSite\",\"@id\":\"https:\\\/\\\/radiolitoral.com\\\/#website\",\"url\":\"https:\\\/\\\/radiolitoral.com\\\/\",\"name\":\"Radio Litoral\",\"description\":\"La radio local de la Marina Alta\",\"publisher\":{\"@id\":\"https:\\\/\\\/radiolitoral.com\\\/#organization\"},\"alternateName\":\"Litoral FM\",\"potentialAction\":[{\"@type\":\"SearchAction\",\"target\":{\"@type\":\"EntryPoint\",\"urlTemplate\":\"https:\\\/\\\/radiolitoral.com\\\/?s={search_term_string}\"},\"query-input\":{\"@type\":\"PropertyValueSpecification\",\"valueRequired\":true,\"valueName\":\"search_term_string\"}}],\"inLanguage\":\"ca\"},{\"@type\":\"Organization\",\"@id\":\"https:\\\/\\\/radiolitoral.com\\\/#organization\",\"name\":\"Radio Litoral\",\"url\":\"https:\\\/\\\/radiolitoral.com\\\/\",\"logo\":{\"@type\":\"ImageObject\",\"inLanguage\":\"ca\",\"@id\":\"https:\\\/\\\/radiolitoral.com\\\/#\\\/schema\\\/logo\\\/image\\\/\",\"url\":\"https:\\\/\\\/media.radiolitoral.com\\\/wp-content\\\/uploads\\\/2023\\\/02\\\/24143238\\\/CL-V-RadioLitoral696.png\",\"contentUrl\":\"https:\\\/\\\/media.radiolitoral.com\\\/wp-content\\\/uploads\\\/2023\\\/02\\\/24143238\\\/CL-V-RadioLitoral696.png\",\"width\":696,\"height\":696,\"caption\":\"Radio Litoral\"},\"image\":{\"@id\":\"https:\\\/\\\/radiolitoral.com\\\/#\\\/schema\\\/logo\\\/image\\\/\"},\"sameAs\":[\"https:\\\/\\\/www.facebook.com\\\/Laradiolitoral\\\/\"]},{\"@type\":\"Person\",\"@id\":\"https:\\\/\\\/radiolitoral.com\\\/#\\\/schema\\\/person\\\/7b1480b5caeb5acdd4ec6379caf62b22\",\"name\":\"Javier Zamora\",\"image\":{\"@type\":\"ImageObject\",\"inLanguage\":\"ca\",\"@id\":\"https:\\\/\\\/secure.gravatar.com\\\/avatar\\\/467a11f6918c7d619c4043fc6fa2d3853053107973f05b6e9c04ea6c4e3a7b3f?s=96&d=mm&r=g\",\"url\":\"https:\\\/\\\/secure.gravatar.com\\\/avatar\\\/467a11f6918c7d619c4043fc6fa2d3853053107973f05b6e9c04ea6c4e3a7b3f?s=96&d=mm&r=g\",\"contentUrl\":\"https:\\\/\\\/secure.gravatar.com\\\/avatar\\\/467a11f6918c7d619c4043fc6fa2d3853053107973f05b6e9c04ea6c4e3a7b3f?s=96&d=mm&r=g\",\"caption\":\"Javier Zamora\"},\"url\":\"https:\\\/\\\/radiolitoral.com\\\/ca\\\/author\\\/javier-zamora\\\/\"}]}<\/script>\n<!-- \/ Yoast SEO plugin. -->","yoast_head_json":{"title":"\u00c8xit dual per a CG Les Marines a l&#039;Auton\u00f2mic per Equips | R\u00e0dio Litoral","description":"Triano Ruano va aconseguir la medalla de plata en benjam\u00ed i Yeva Taranenko va ser campiona alev\u00edTriano Ruano va aconseguir la medalla de plata en benjam\u00ed i Yeva Taranenko va ser campiona alev\u00ed","robots":{"index":"index","follow":"follow","max-snippet":"max-snippet:-1","max-image-preview":"max-image-preview:large","max-video-preview":"max-video-preview:-1"},"canonical":"https:\/\/radiolitoral.com\/ca\/2024\/05\/exit-dual-per-cg-les-marines-a-lautonomic-per-equips\/","og_locale":"ca_ES","og_type":"article","og_title":"\u00c9xito dual para CG Les Marines en el Auton\u00f3mico por Equipos | R\u00e0dio Litoral","og_description":"Triano Ruano consigui\u00f3 la medalla de plata en benjam\u00edn y Yeva Taranenko fue campeona alev\u00ednTriano Ruano consigui\u00f3 la medalla de plata en benjam\u00edn y Yeva Taranenko fue campeona alev\u00edn","og_url":"https:\/\/radiolitoral.com\/ca\/2024\/05\/exit-dual-per-cg-les-marines-a-lautonomic-per-equips\/","og_site_name":"R\u00e0dio Litoral","article_publisher":"https:\/\/www.facebook.com\/Laradiolitoral\/","article_published_time":"2024-05-29T10:40:04+00:00","og_image":[{"width":1536,"height":835,"url":"https:\/\/media.radiolitoral.com\/wp-content\/uploads\/2024\/05\/29095934\/jovenes-gimnastas-del-CG-Les-Marines.jpg","type":"image\/jpeg"}],"author":"Javier Zamora","twitter_card":"summary_large_image","twitter_misc":{"Escrit per":"Javier Zamora","Temps estimat de lectura":"2 minuts"},"schema":{"@context":"https:\/\/schema.org","@graph":[{"@type":"NewsArticle","@id":"https:\/\/radiolitoral.com\/2024\/05\/exito-dual-para-cg-les-marines-en-el-autonomico-por-equipos\/#article","isPartOf":{"@id":"https:\/\/radiolitoral.com\/2024\/05\/exito-dual-para-cg-les-marines-en-el-autonomico-por-equipos\/"},"author":{"name":"Javier Zamora","@id":"https:\/\/radiolitoral.com\/#\/schema\/person\/7b1480b5caeb5acdd4ec6379caf62b22"},"headline":"\u00c9xito dual para CG Les Marines en el Auton\u00f3mico por Equipos","datePublished":"2024-05-29T10:40:04+00:00","mainEntityOfPage":{"@id":"https:\/\/radiolitoral.com\/2024\/05\/exito-dual-para-cg-les-marines-en-el-autonomico-por-equipos\/"},"wordCount":316,"commentCount":0,"publisher":{"@id":"https:\/\/radiolitoral.com\/#organization"},"image":{"@id":"https:\/\/radiolitoral.com\/2024\/05\/exito-dual-para-cg-les-marines-en-el-autonomico-por-equipos\/#primaryimage"},"thumbnailUrl":"https:\/\/media.radiolitoral.com\/wp-content\/uploads\/2024\/05\/29095934\/jovenes-gimnastas-del-CG-Les-Marines.jpg","keywords":["Adriana Rey","CG Les Marines","Club Batistana","Club Chamara","deportes","Lola Rodr\u00edguez","Mariona Hidalgo","Micaela Crimi","Monty Ciborro","Saray Pineda","Triana Ruano","Yana Trukhacheva","Yeva Taranenko"],"articleSection":["Deportes"],"inLanguage":"ca","potentialAction":[{"@type":"CommentAction","name":"Comment","target":["https:\/\/radiolitoral.com\/2024\/05\/exito-dual-para-cg-les-marines-en-el-autonomico-por-equipos\/#respond"]}]},{"@type":["WebPage","ItemPage"],"@id":"https:\/\/radiolitoral.com\/2024\/05\/exito-dual-para-cg-les-marines-en-el-autonomico-por-equipos\/","url":"https:\/\/radiolitoral.com\/2024\/05\/exito-dual-para-cg-les-marines-en-el-autonomico-por-equipos\/","name":"\u00c8xit dual per a CG Les Marines a l&#039;Auton\u00f2mic per Equips | R\u00e0dio Litoral","isPartOf":{"@id":"https:\/\/radiolitoral.com\/#website"},"primaryImageOfPage":{"@id":"https:\/\/radiolitoral.com\/2024\/05\/exito-dual-para-cg-les-marines-en-el-autonomico-por-equipos\/#primaryimage"},"image":{"@id":"https:\/\/radiolitoral.com\/2024\/05\/exito-dual-para-cg-les-marines-en-el-autonomico-por-equipos\/#primaryimage"},"thumbnailUrl":"https:\/\/media.radiolitoral.com\/wp-content\/uploads\/2024\/05\/29095934\/jovenes-gimnastas-del-CG-Les-Marines.jpg","datePublished":"2024-05-29T10:40:04+00:00","description":"Triano Ruano va aconseguir la medalla de plata en benjam\u00ed i Yeva Taranenko va ser campiona alev\u00edTriano Ruano va aconseguir la medalla de plata en benjam\u00ed i Yeva Taranenko va ser campiona alev\u00ed","breadcrumb":{"@id":"https:\/\/radiolitoral.com\/2024\/05\/exito-dual-para-cg-les-marines-en-el-autonomico-por-equipos\/#breadcrumb"},"inLanguage":"ca","potentialAction":[{"@type":"ReadAction","target":["https:\/\/radiolitoral.com\/2024\/05\/exito-dual-para-cg-les-marines-en-el-autonomico-por-equipos\/"]}]},{"@type":"ImageObject","inLanguage":"ca","@id":"https:\/\/radiolitoral.com\/2024\/05\/exito-dual-para-cg-les-marines-en-el-autonomico-por-equipos\/#primaryimage","url":"https:\/\/media.radiolitoral.com\/wp-content\/uploads\/2024\/05\/29095934\/jovenes-gimnastas-del-CG-Les-Marines.jpg","contentUrl":"https:\/\/media.radiolitoral.com\/wp-content\/uploads\/2024\/05\/29095934\/jovenes-gimnastas-del-CG-Les-Marines.jpg","width":1536,"height":835},{"@type":"BreadcrumbList","@id":"https:\/\/radiolitoral.com\/2024\/05\/exito-dual-para-cg-les-marines-en-el-autonomico-por-equipos\/#breadcrumb","itemListElement":[{"@type":"ListItem","position":1,"name":"Portada","item":"https:\/\/radiolitoral.com\/"},{"@type":"ListItem","position":2,"name":"\u00c9xito dual para CG Les Marines en el Auton\u00f3mico por Equipos"}]},{"@type":"WebSite","@id":"https:\/\/radiolitoral.com\/#website","url":"https:\/\/radiolitoral.com\/","name":"R\u00e0dio Litoral","description":"La r\u00e0dio local de la Marina Alta","publisher":{"@id":"https:\/\/radiolitoral.com\/#organization"},"alternateName":"Litoral FM","potentialAction":[{"@type":"SearchAction","target":{"@type":"EntryPoint","urlTemplate":"https:\/\/radiolitoral.com\/?s={search_term_string}"},"query-input":{"@type":"PropertyValueSpecification","valueRequired":true,"valueName":"search_term_string"}}],"inLanguage":"ca"},{"@type":"Organization","@id":"https:\/\/radiolitoral.com\/#organization","name":"R\u00e0dio Litoral","url":"https:\/\/radiolitoral.com\/","logo":{"@type":"ImageObject","inLanguage":"ca","@id":"https:\/\/radiolitoral.com\/#\/schema\/logo\/image\/","url":"https:\/\/media.radiolitoral.com\/wp-content\/uploads\/2023\/02\/24143238\/CL-V-RadioLitoral696.png","contentUrl":"https:\/\/media.radiolitoral.com\/wp-content\/uploads\/2023\/02\/24143238\/CL-V-RadioLitoral696.png","width":696,"height":696,"caption":"Radio Litoral"},"image":{"@id":"https:\/\/radiolitoral.com\/#\/schema\/logo\/image\/"},"sameAs":["https:\/\/www.facebook.com\/Laradiolitoral\/"]},{"@type":"Person","@id":"https:\/\/radiolitoral.com\/#\/schema\/person\/7b1480b5caeb5acdd4ec6379caf62b22","name":"Javier Zamora","image":{"@type":"ImageObject","inLanguage":"ca","@id":"https:\/\/secure.gravatar.com\/avatar\/467a11f6918c7d619c4043fc6fa2d3853053107973f05b6e9c04ea6c4e3a7b3f?s=96&d=mm&r=g","url":"https:\/\/secure.gravatar.com\/avatar\/467a11f6918c7d619c4043fc6fa2d3853053107973f05b6e9c04ea6c4e3a7b3f?s=96&d=mm&r=g","contentUrl":"https:\/\/secure.gravatar.com\/avatar\/467a11f6918c7d619c4043fc6fa2d3853053107973f05b6e9c04ea6c4e3a7b3f?s=96&d=mm&r=g","caption":"Javier Zamora"},"url":"https:\/\/radiolitoral.com\/ca\/author\/javier-zamora\/"}]}},"_links":{"self":[{"href":"https:\/\/radiolitoral.com\/ca\/wp-json\/wp\/v2\/posts\/9223","targetHints":{"allow":["GET"]}}],"collection":[{"href":"https:\/\/radiolitoral.com\/ca\/wp-json\/wp\/v2\/posts"}],"about":[{"href":"https:\/\/radiolitoral.com\/ca\/wp-json\/wp\/v2\/types\/post"}],"author":[{"embeddable":true,"href":"https:\/\/radiolitoral.com\/ca\/wp-json\/wp\/v2\/users\/12"}],"replies":[{"embeddable":true,"href":"https:\/\/radiolitoral.com\/ca\/wp-json\/wp\/v2\/comments?post=9223"}],"version-history":[{"count":2,"href":"https:\/\/radiolitoral.com\/ca\/wp-json\/wp\/v2\/posts\/9223\/revisions"}],"predecessor-version":[{"id":9227,"href":"https:\/\/radiolitoral.com\/ca\/wp-json\/wp\/v2\/posts\/9223\/revisions\/9227"}],"wp:featuredmedia":[{"embeddable":true,"href":"https:\/\/radiolitoral.com\/ca\/wp-json\/wp\/v2\/media\/9224"}],"wp:attachment":[{"href":"https:\/\/radiolitoral.com\/ca\/wp-json\/wp\/v2\/media?parent=9223"}],"wp:term":[{"taxonomy":"category","embeddable":true,"href":"https:\/\/radiolitoral.com\/ca\/wp-json\/wp\/v2\/categories?post=9223"},{"taxonomy":"post_tag","embeddable":true,"href":"https:\/\/radiolitoral.com\/ca\/wp-json\/wp\/v2\/tags?post=9223"}],"curies":[{"name":"wp","href":"https:\/\/api.w.org\/{rel}","templated":true}]}}