{"id":9217,"date":"2024-05-28T14:18:28","date_gmt":"2024-05-28T12:18:28","guid":{"rendered":"https:\/\/radiolitoral.com\/?p=9217"},"modified":"2024-05-28T14:18:28","modified_gmt":"2024-05-28T12:18:28","slug":"ondara-cedera-per-imperatiu-legal-la-placa-de-bous-a-la-generalitat-per-a-un-festeig-tauri","status":"publish","type":"post","link":"https:\/\/radiolitoral.com\/ca\/2024\/05\/ondara-cedera-por-imperativo-legal-la-plaza-de-toros-a-la-generalitat-para-un-festejo-taurino\/","title":{"rendered":"Ondara cedir\u00e0, per imperatiu legal, la pla\u00e7a de bous a la Generalitat per a un festeig taur\u00ed"},"content":{"rendered":"<div class=\"flex flex-grow flex-col max-w-full\">\n<div class=\"min-h-[20px] text-message flex flex-col items-start whitespace-pre-wrap break-words [.text-message+&amp;]:mt-5 juice:w-full juice:items-end overflow-x-auto gap-2\" dir=\"auto\" data-message-author-role=\"assistant\" data-message-id=\"36e6ef0f-cf78-40c0-99ca-bcfa4a19cefa\">\n<div class=\"flex w-full flex-col gap-1 juice:empty:hidden juice:first:pt-[3px]\">\n<div class=\"markdown prose w-full break-words dark:prose-invert light\">\n<p>El <strong>Ayuntamiento de Ondara<\/strong> elevar\u00e1 a aprobaci\u00f3n en el <strong>pleno ordinario<\/strong> de este jueves 30 de mayo, la solicitud formulada por la <strong>Vicepresidencia Primera y Conselleria de Cultura y Deporte de la Generalitat Valenciana<\/strong> para la <strong>cesi\u00f3n de la plaza de toros de Ondara<\/strong> el pr\u00f3ximo <strong>7 de septiembre de 2024<\/strong>. Este evento consistir\u00e1 en una <strong>corrida de toros con picadores<\/strong>, en el marco de la creaci\u00f3n de un circuito de corridas en la <strong>Comunitat Valenciana<\/strong>.<\/p>\n<p>La propuesta, que se someter\u00e1 a pleno para su aprobaci\u00f3n, busca la <strong>cesi\u00f3n de la Plaza de Toros de Ondara<\/strong> para acoger una <strong>corrida de toros con picadores<\/strong>. Esta solicitud ha sido evaluada tras la elaboraci\u00f3n de un informe jur\u00eddico encargado por el <strong>equipo de gobierno del Ayuntamiento de Ondara<\/strong>, que pretend\u00eda explorar la posibilidad de negar la petici\u00f3n sin incurrir en il\u00edcitos legales. El informe concluye que, seg\u00fan la jurisprudencia, la denegaci\u00f3n de la cesi\u00f3n para un evento similar en otro ayuntamiento result\u00f3 en la anulaci\u00f3n de dicha denegaci\u00f3n.<\/p>\n<p>El <strong>alcalde, Jos\u00e9 Ramiro<\/strong>, ha informado que, aunque el gobierno local no es favorable a este tipo de eventos, deben acatar la legislaci\u00f3n vigente. \u00abNo se puede obviar la legislaci\u00f3n y la jurisprudencia sobre este tema\u00bb, ha declarado. El informe jur\u00eddico subraya que, seg\u00fan la jurisprudencia de los tribunales, la solicitud de cesi\u00f3n de la plaza de toros debe ser acogida favorablemente, salvo que existan circunstancias t\u00e9cnicas, de seguridad o de ocupaci\u00f3n previa que lo impidan. Por tanto, la autorizaci\u00f3n de la cesi\u00f3n se considera necesaria por <strong>imperativo legal<\/strong>; sin embargo, la decisi\u00f3n final depender\u00e1 del voto mayoritario en el pleno de la <strong>Corporaci\u00f3n Municipal de Ondara<\/strong> este jueves.<\/p>\n<p>Inicialmente, la fecha solicitada para el evento era el 21 de julio, pero el <strong>Ayuntamiento de Ondara<\/strong> comunic\u00f3 la imposibilidad de ceder la plaza de toros ese d\u00eda debido a los festejos taurinos ya programados para las <strong>fiestas populares de Sant Jaume<\/strong>, que se celebrar\u00e1n del 19 al 28 de julio. En respuesta, el 8 de mayo se recibi\u00f3 una nueva solicitud de la <strong>Vicepresidencia Primera<\/strong> para la cesi\u00f3n de la plaza el <strong>7 de septiembre de 2024.<\/strong><\/p>\n<\/div>\n<\/div>\n<\/div>\n<\/div>\n","protected":false},"excerpt":{"rendered":"<p>El Ayuntamiento de Ondara elevar\u00e1 a aprobaci\u00f3n en el pleno ordinario de este jueves 30 de mayo, la solicitud formulada por la Vicepresidencia Primera y Conselleria de Cultura y Deporte de la Generalitat Valenciana para la cesi\u00f3n de la plaza de toros de Ondara el pr\u00f3ximo 7 de septiembre de 2024. Este evento consistir\u00e1 en [&#8230;]<\/p>\n<p><a class=\"btn btn-secondary understrap-read-more-link\" href=\"https:\/\/radiolitoral.com\/ca\/2024\/05\/ondara-cedera-por-imperativo-legal-la-plaza-de-toros-a-la-generalitat-para-un-festejo-taurino\/\">Continua llegint&#8230;<span class=\"screen-reader-text\"> from Ondara ceder\u00e1, por imperativo legal, la plaza de toros a la Generalitat para un festejo taurino<\/span><\/a><\/p>\n","protected":false},"author":13,"featured_media":9218,"comment_status":"open","ping_status":"closed","sticky":false,"template":"","format":"standard","meta":{"_acf_changed":false,"inline_featured_image":false,"footnotes":""},"categories":[13],"tags":[839,1409,976,1160],"class_list":["post-9217","post","type-post","status-publish","format-standard","has-post-thumbnail","hentry","category-politica","tag-ondara","tag-plaza-toros","tag-politica-municipal","tag-sociedad","cobertura-ondara"],"acf":[],"yoast_head":"<!-- This site is optimized with the Yoast SEO plugin v27.5 - https:\/\/yoast.com\/product\/yoast-seo-wordpress\/ -->\n<title>Ondara ceder\u00e1, por imperativo legal, la plaza de toros a la Generalitat para un festejo taurino | R\u00e0dio Litoral<\/title>\n<meta name=\"description\" content=\"Se trata de una corrida de toros con picadores a celebrar el 7 de septiembre Se trata de una corrida de toros con picadores a celebrar el 7 de septiembre\" \/>\n<meta name=\"robots\" content=\"index, follow, max-snippet:-1, max-image-preview:large, max-video-preview:-1\" \/>\n<link rel=\"canonical\" href=\"https:\/\/radiolitoral.com\/ca\/2024\/05\/ondara-cedera-per-imperatiu-legal-la-placa-de-bous-a-la-generalitat-per-a-un-festeig-tauri\/\" \/>\n<meta property=\"og:locale\" content=\"ca_ES\" \/>\n<meta property=\"og:type\" content=\"article\" \/>\n<meta property=\"og:title\" content=\"Ondara ceder\u00e1, por imperativo legal, la plaza de toros a la Generalitat para un festejo taurino | R\u00e0dio Litoral\" \/>\n<meta property=\"og:description\" content=\"Se trata de una corrida de toros con picadores a celebrar el 7 de septiembre Se trata de una corrida de toros con picadores a celebrar el 7 de septiembre\" \/>\n<meta property=\"og:url\" content=\"https:\/\/radiolitoral.com\/ca\/2024\/05\/ondara-cedera-per-imperatiu-legal-la-placa-de-bous-a-la-generalitat-per-a-un-festeig-tauri\/\" \/>\n<meta property=\"og:site_name\" content=\"R\u00e0dio Litoral\" \/>\n<meta property=\"article:publisher\" content=\"https:\/\/www.facebook.com\/Laradiolitoral\/\" \/>\n<meta property=\"article:published_time\" content=\"2024-05-28T12:18:28+00:00\" \/>\n<meta property=\"og:image\" content=\"https:\/\/media.radiolitoral.com\/wp-content\/uploads\/2024\/05\/28141434\/plaza-toros.jpg\" \/>\n\t<meta property=\"og:image:width\" content=\"1408\" \/>\n\t<meta property=\"og:image:height\" content=\"940\" \/>\n\t<meta property=\"og:image:type\" content=\"image\/jpeg\" \/>\n<meta name=\"author\" content=\"Redacci\u00f3n\" \/>\n<meta name=\"twitter:card\" content=\"summary_large_image\" \/>\n<meta name=\"twitter:label1\" content=\"Escrit per\" \/>\n\t<meta name=\"twitter:data1\" content=\"Redacci\u00f3n\" \/>\n\t<meta name=\"twitter:label2\" content=\"Temps estimat de lectura\" \/>\n\t<meta name=\"twitter:data2\" content=\"2 minuts\" \/>\n<script type=\"application\/ld+json\" class=\"yoast-schema-graph\">{\"@context\":\"https:\\\/\\\/schema.org\",\"@graph\":[{\"@type\":\"NewsArticle\",\"@id\":\"https:\\\/\\\/radiolitoral.com\\\/2024\\\/05\\\/ondara-cedera-por-imperativo-legal-la-plaza-de-toros-a-la-generalitat-para-un-festejo-taurino\\\/#article\",\"isPartOf\":{\"@id\":\"https:\\\/\\\/radiolitoral.com\\\/2024\\\/05\\\/ondara-cedera-por-imperativo-legal-la-plaza-de-toros-a-la-generalitat-para-un-festejo-taurino\\\/\"},\"author\":{\"name\":\"Redacci\u00f3n\",\"@id\":\"https:\\\/\\\/radiolitoral.com\\\/#\\\/schema\\\/person\\\/f2b2343c49b5d721857cc1002bfdb151\"},\"headline\":\"Ondara ceder\u00e1, por imperativo legal, la plaza de toros a la Generalitat para un festejo taurino\",\"datePublished\":\"2024-05-28T12:18:28+00:00\",\"mainEntityOfPage\":{\"@id\":\"https:\\\/\\\/radiolitoral.com\\\/2024\\\/05\\\/ondara-cedera-por-imperativo-legal-la-plaza-de-toros-a-la-generalitat-para-un-festejo-taurino\\\/\"},\"wordCount\":390,\"commentCount\":0,\"publisher\":{\"@id\":\"https:\\\/\\\/radiolitoral.com\\\/#organization\"},\"image\":{\"@id\":\"https:\\\/\\\/radiolitoral.com\\\/2024\\\/05\\\/ondara-cedera-por-imperativo-legal-la-plaza-de-toros-a-la-generalitat-para-un-festejo-taurino\\\/#primaryimage\"},\"thumbnailUrl\":\"https:\\\/\\\/media.radiolitoral.com\\\/wp-content\\\/uploads\\\/2024\\\/05\\\/28141434\\\/plaza-toros.jpg\",\"keywords\":[\"Ondara\",\"plaza toros\",\"pol\u00edtica municipal\",\"sociedad\"],\"articleSection\":[\"Pol\u00edtica\"],\"inLanguage\":\"ca\",\"potentialAction\":[{\"@type\":\"CommentAction\",\"name\":\"Comment\",\"target\":[\"https:\\\/\\\/radiolitoral.com\\\/2024\\\/05\\\/ondara-cedera-por-imperativo-legal-la-plaza-de-toros-a-la-generalitat-para-un-festejo-taurino\\\/#respond\"]}]},{\"@type\":[\"WebPage\",\"ItemPage\"],\"@id\":\"https:\\\/\\\/radiolitoral.com\\\/2024\\\/05\\\/ondara-cedera-por-imperativo-legal-la-plaza-de-toros-a-la-generalitat-para-un-festejo-taurino\\\/\",\"url\":\"https:\\\/\\\/radiolitoral.com\\\/2024\\\/05\\\/ondara-cedera-por-imperativo-legal-la-plaza-de-toros-a-la-generalitat-para-un-festejo-taurino\\\/\",\"name\":\"Ondara ceder\u00e1, por imperativo legal, la plaza de toros a la Generalitat para un festejo taurino | R\u00e0dio Litoral\",\"isPartOf\":{\"@id\":\"https:\\\/\\\/radiolitoral.com\\\/#website\"},\"primaryImageOfPage\":{\"@id\":\"https:\\\/\\\/radiolitoral.com\\\/2024\\\/05\\\/ondara-cedera-por-imperativo-legal-la-plaza-de-toros-a-la-generalitat-para-un-festejo-taurino\\\/#primaryimage\"},\"image\":{\"@id\":\"https:\\\/\\\/radiolitoral.com\\\/2024\\\/05\\\/ondara-cedera-por-imperativo-legal-la-plaza-de-toros-a-la-generalitat-para-un-festejo-taurino\\\/#primaryimage\"},\"thumbnailUrl\":\"https:\\\/\\\/media.radiolitoral.com\\\/wp-content\\\/uploads\\\/2024\\\/05\\\/28141434\\\/plaza-toros.jpg\",\"datePublished\":\"2024-05-28T12:18:28+00:00\",\"description\":\"Se trata de una corrida de toros con picadores a celebrar el 7 de septiembre Se trata de una corrida de toros con picadores a celebrar el 7 de septiembre\",\"breadcrumb\":{\"@id\":\"https:\\\/\\\/radiolitoral.com\\\/2024\\\/05\\\/ondara-cedera-por-imperativo-legal-la-plaza-de-toros-a-la-generalitat-para-un-festejo-taurino\\\/#breadcrumb\"},\"inLanguage\":\"ca\",\"potentialAction\":[{\"@type\":\"ReadAction\",\"target\":[\"https:\\\/\\\/radiolitoral.com\\\/2024\\\/05\\\/ondara-cedera-por-imperativo-legal-la-plaza-de-toros-a-la-generalitat-para-un-festejo-taurino\\\/\"]}]},{\"@type\":\"ImageObject\",\"inLanguage\":\"ca\",\"@id\":\"https:\\\/\\\/radiolitoral.com\\\/2024\\\/05\\\/ondara-cedera-por-imperativo-legal-la-plaza-de-toros-a-la-generalitat-para-un-festejo-taurino\\\/#primaryimage\",\"url\":\"https:\\\/\\\/media.radiolitoral.com\\\/wp-content\\\/uploads\\\/2024\\\/05\\\/28141434\\\/plaza-toros.jpg\",\"contentUrl\":\"https:\\\/\\\/media.radiolitoral.com\\\/wp-content\\\/uploads\\\/2024\\\/05\\\/28141434\\\/plaza-toros.jpg\",\"width\":1408,\"height\":940},{\"@type\":\"BreadcrumbList\",\"@id\":\"https:\\\/\\\/radiolitoral.com\\\/2024\\\/05\\\/ondara-cedera-por-imperativo-legal-la-plaza-de-toros-a-la-generalitat-para-un-festejo-taurino\\\/#breadcrumb\",\"itemListElement\":[{\"@type\":\"ListItem\",\"position\":1,\"name\":\"Portada\",\"item\":\"https:\\\/\\\/radiolitoral.com\\\/\"},{\"@type\":\"ListItem\",\"position\":2,\"name\":\"Ondara ceder\u00e1, por imperativo legal, la plaza de toros a la Generalitat para un festejo taurino\"}]},{\"@type\":\"WebSite\",\"@id\":\"https:\\\/\\\/radiolitoral.com\\\/#website\",\"url\":\"https:\\\/\\\/radiolitoral.com\\\/\",\"name\":\"Radio Litoral\",\"description\":\"La radio local de la Marina Alta\",\"publisher\":{\"@id\":\"https:\\\/\\\/radiolitoral.com\\\/#organization\"},\"alternateName\":\"Litoral FM\",\"potentialAction\":[{\"@type\":\"SearchAction\",\"target\":{\"@type\":\"EntryPoint\",\"urlTemplate\":\"https:\\\/\\\/radiolitoral.com\\\/?s={search_term_string}\"},\"query-input\":{\"@type\":\"PropertyValueSpecification\",\"valueRequired\":true,\"valueName\":\"search_term_string\"}}],\"inLanguage\":\"ca\"},{\"@type\":\"Organization\",\"@id\":\"https:\\\/\\\/radiolitoral.com\\\/#organization\",\"name\":\"Radio Litoral\",\"url\":\"https:\\\/\\\/radiolitoral.com\\\/\",\"logo\":{\"@type\":\"ImageObject\",\"inLanguage\":\"ca\",\"@id\":\"https:\\\/\\\/radiolitoral.com\\\/#\\\/schema\\\/logo\\\/image\\\/\",\"url\":\"https:\\\/\\\/media.radiolitoral.com\\\/wp-content\\\/uploads\\\/2023\\\/02\\\/24143238\\\/CL-V-RadioLitoral696.png\",\"contentUrl\":\"https:\\\/\\\/media.radiolitoral.com\\\/wp-content\\\/uploads\\\/2023\\\/02\\\/24143238\\\/CL-V-RadioLitoral696.png\",\"width\":696,\"height\":696,\"caption\":\"Radio Litoral\"},\"image\":{\"@id\":\"https:\\\/\\\/radiolitoral.com\\\/#\\\/schema\\\/logo\\\/image\\\/\"},\"sameAs\":[\"https:\\\/\\\/www.facebook.com\\\/Laradiolitoral\\\/\"]},{\"@type\":\"Person\",\"@id\":\"https:\\\/\\\/radiolitoral.com\\\/#\\\/schema\\\/person\\\/f2b2343c49b5d721857cc1002bfdb151\",\"name\":\"Redacci\u00f3n\",\"image\":{\"@type\":\"ImageObject\",\"inLanguage\":\"ca\",\"@id\":\"https:\\\/\\\/secure.gravatar.com\\\/avatar\\\/f771d896c203ad8b3382d7905cfcce5a5c9b008b84b3cd9114e9b9f4cb63f789?s=96&d=mm&r=g\",\"url\":\"https:\\\/\\\/secure.gravatar.com\\\/avatar\\\/f771d896c203ad8b3382d7905cfcce5a5c9b008b84b3cd9114e9b9f4cb63f789?s=96&d=mm&r=g\",\"contentUrl\":\"https:\\\/\\\/secure.gravatar.com\\\/avatar\\\/f771d896c203ad8b3382d7905cfcce5a5c9b008b84b3cd9114e9b9f4cb63f789?s=96&d=mm&r=g\",\"caption\":\"Redacci\u00f3n\"},\"url\":\"https:\\\/\\\/radiolitoral.com\\\/ca\\\/author\\\/miriam-pagan\\\/\"}]}<\/script>\n<!-- \/ Yoast SEO plugin. -->","yoast_head_json":{"title":"Ondara cedir\u00e0, per imperatiu legal, la pla\u00e7a de bous a la Generalitat per a un festeig taur\u00ed | R\u00e0dio Litoral","description":"Es tracta d&#039;una correguda de bous amb picadors a celebrar el 7 de setembre Es tracta d&#039;una correguda de bous amb picadors a celebrar el 7 de setembre","robots":{"index":"index","follow":"follow","max-snippet":"max-snippet:-1","max-image-preview":"max-image-preview:large","max-video-preview":"max-video-preview:-1"},"canonical":"https:\/\/radiolitoral.com\/ca\/2024\/05\/ondara-cedera-per-imperatiu-legal-la-placa-de-bous-a-la-generalitat-per-a-un-festeig-tauri\/","og_locale":"ca_ES","og_type":"article","og_title":"Ondara ceder\u00e1, por imperativo legal, la plaza de toros a la Generalitat para un festejo taurino | R\u00e0dio Litoral","og_description":"Se trata de una corrida de toros con picadores a celebrar el 7 de septiembre Se trata de una corrida de toros con picadores a celebrar el 7 de septiembre","og_url":"https:\/\/radiolitoral.com\/ca\/2024\/05\/ondara-cedera-per-imperatiu-legal-la-placa-de-bous-a-la-generalitat-per-a-un-festeig-tauri\/","og_site_name":"R\u00e0dio Litoral","article_publisher":"https:\/\/www.facebook.com\/Laradiolitoral\/","article_published_time":"2024-05-28T12:18:28+00:00","og_image":[{"width":1408,"height":940,"url":"https:\/\/media.radiolitoral.com\/wp-content\/uploads\/2024\/05\/28141434\/plaza-toros.jpg","type":"image\/jpeg"}],"author":"Redacci\u00f3n","twitter_card":"summary_large_image","twitter_misc":{"Escrit per":"Redacci\u00f3n","Temps estimat de lectura":"2 minuts"},"schema":{"@context":"https:\/\/schema.org","@graph":[{"@type":"NewsArticle","@id":"https:\/\/radiolitoral.com\/2024\/05\/ondara-cedera-por-imperativo-legal-la-plaza-de-toros-a-la-generalitat-para-un-festejo-taurino\/#article","isPartOf":{"@id":"https:\/\/radiolitoral.com\/2024\/05\/ondara-cedera-por-imperativo-legal-la-plaza-de-toros-a-la-generalitat-para-un-festejo-taurino\/"},"author":{"name":"Redacci\u00f3n","@id":"https:\/\/radiolitoral.com\/#\/schema\/person\/f2b2343c49b5d721857cc1002bfdb151"},"headline":"Ondara ceder\u00e1, por imperativo legal, la plaza de toros a la Generalitat para un festejo taurino","datePublished":"2024-05-28T12:18:28+00:00","mainEntityOfPage":{"@id":"https:\/\/radiolitoral.com\/2024\/05\/ondara-cedera-por-imperativo-legal-la-plaza-de-toros-a-la-generalitat-para-un-festejo-taurino\/"},"wordCount":390,"commentCount":0,"publisher":{"@id":"https:\/\/radiolitoral.com\/#organization"},"image":{"@id":"https:\/\/radiolitoral.com\/2024\/05\/ondara-cedera-por-imperativo-legal-la-plaza-de-toros-a-la-generalitat-para-un-festejo-taurino\/#primaryimage"},"thumbnailUrl":"https:\/\/media.radiolitoral.com\/wp-content\/uploads\/2024\/05\/28141434\/plaza-toros.jpg","keywords":["Ondara","plaza toros","pol\u00edtica municipal","sociedad"],"articleSection":["Pol\u00edtica"],"inLanguage":"ca","potentialAction":[{"@type":"CommentAction","name":"Comment","target":["https:\/\/radiolitoral.com\/2024\/05\/ondara-cedera-por-imperativo-legal-la-plaza-de-toros-a-la-generalitat-para-un-festejo-taurino\/#respond"]}]},{"@type":["WebPage","ItemPage"],"@id":"https:\/\/radiolitoral.com\/2024\/05\/ondara-cedera-por-imperativo-legal-la-plaza-de-toros-a-la-generalitat-para-un-festejo-taurino\/","url":"https:\/\/radiolitoral.com\/2024\/05\/ondara-cedera-por-imperativo-legal-la-plaza-de-toros-a-la-generalitat-para-un-festejo-taurino\/","name":"Ondara cedir\u00e0, per imperatiu legal, la pla\u00e7a de bous a la Generalitat per a un festeig taur\u00ed | R\u00e0dio Litoral","isPartOf":{"@id":"https:\/\/radiolitoral.com\/#website"},"primaryImageOfPage":{"@id":"https:\/\/radiolitoral.com\/2024\/05\/ondara-cedera-por-imperativo-legal-la-plaza-de-toros-a-la-generalitat-para-un-festejo-taurino\/#primaryimage"},"image":{"@id":"https:\/\/radiolitoral.com\/2024\/05\/ondara-cedera-por-imperativo-legal-la-plaza-de-toros-a-la-generalitat-para-un-festejo-taurino\/#primaryimage"},"thumbnailUrl":"https:\/\/media.radiolitoral.com\/wp-content\/uploads\/2024\/05\/28141434\/plaza-toros.jpg","datePublished":"2024-05-28T12:18:28+00:00","description":"Es tracta d&#039;una correguda de bous amb picadors a celebrar el 7 de setembre Es tracta d&#039;una correguda de bous amb picadors a celebrar el 7 de setembre","breadcrumb":{"@id":"https:\/\/radiolitoral.com\/2024\/05\/ondara-cedera-por-imperativo-legal-la-plaza-de-toros-a-la-generalitat-para-un-festejo-taurino\/#breadcrumb"},"inLanguage":"ca","potentialAction":[{"@type":"ReadAction","target":["https:\/\/radiolitoral.com\/2024\/05\/ondara-cedera-por-imperativo-legal-la-plaza-de-toros-a-la-generalitat-para-un-festejo-taurino\/"]}]},{"@type":"ImageObject","inLanguage":"ca","@id":"https:\/\/radiolitoral.com\/2024\/05\/ondara-cedera-por-imperativo-legal-la-plaza-de-toros-a-la-generalitat-para-un-festejo-taurino\/#primaryimage","url":"https:\/\/media.radiolitoral.com\/wp-content\/uploads\/2024\/05\/28141434\/plaza-toros.jpg","contentUrl":"https:\/\/media.radiolitoral.com\/wp-content\/uploads\/2024\/05\/28141434\/plaza-toros.jpg","width":1408,"height":940},{"@type":"BreadcrumbList","@id":"https:\/\/radiolitoral.com\/2024\/05\/ondara-cedera-por-imperativo-legal-la-plaza-de-toros-a-la-generalitat-para-un-festejo-taurino\/#breadcrumb","itemListElement":[{"@type":"ListItem","position":1,"name":"Portada","item":"https:\/\/radiolitoral.com\/"},{"@type":"ListItem","position":2,"name":"Ondara ceder\u00e1, por imperativo legal, la plaza de toros a la Generalitat para un festejo taurino"}]},{"@type":"WebSite","@id":"https:\/\/radiolitoral.com\/#website","url":"https:\/\/radiolitoral.com\/","name":"R\u00e0dio Litoral","description":"La r\u00e0dio local de la Marina Alta","publisher":{"@id":"https:\/\/radiolitoral.com\/#organization"},"alternateName":"Litoral FM","potentialAction":[{"@type":"SearchAction","target":{"@type":"EntryPoint","urlTemplate":"https:\/\/radiolitoral.com\/?s={search_term_string}"},"query-input":{"@type":"PropertyValueSpecification","valueRequired":true,"valueName":"search_term_string"}}],"inLanguage":"ca"},{"@type":"Organization","@id":"https:\/\/radiolitoral.com\/#organization","name":"R\u00e0dio Litoral","url":"https:\/\/radiolitoral.com\/","logo":{"@type":"ImageObject","inLanguage":"ca","@id":"https:\/\/radiolitoral.com\/#\/schema\/logo\/image\/","url":"https:\/\/media.radiolitoral.com\/wp-content\/uploads\/2023\/02\/24143238\/CL-V-RadioLitoral696.png","contentUrl":"https:\/\/media.radiolitoral.com\/wp-content\/uploads\/2023\/02\/24143238\/CL-V-RadioLitoral696.png","width":696,"height":696,"caption":"Radio Litoral"},"image":{"@id":"https:\/\/radiolitoral.com\/#\/schema\/logo\/image\/"},"sameAs":["https:\/\/www.facebook.com\/Laradiolitoral\/"]},{"@type":"Person","@id":"https:\/\/radiolitoral.com\/#\/schema\/person\/f2b2343c49b5d721857cc1002bfdb151","name":"Redacci\u00f3","image":{"@type":"ImageObject","inLanguage":"ca","@id":"https:\/\/secure.gravatar.com\/avatar\/f771d896c203ad8b3382d7905cfcce5a5c9b008b84b3cd9114e9b9f4cb63f789?s=96&d=mm&r=g","url":"https:\/\/secure.gravatar.com\/avatar\/f771d896c203ad8b3382d7905cfcce5a5c9b008b84b3cd9114e9b9f4cb63f789?s=96&d=mm&r=g","contentUrl":"https:\/\/secure.gravatar.com\/avatar\/f771d896c203ad8b3382d7905cfcce5a5c9b008b84b3cd9114e9b9f4cb63f789?s=96&d=mm&r=g","caption":"Redacci\u00f3n"},"url":"https:\/\/radiolitoral.com\/ca\/author\/miriam-pagan\/"}]}},"_links":{"self":[{"href":"https:\/\/radiolitoral.com\/ca\/wp-json\/wp\/v2\/posts\/9217","targetHints":{"allow":["GET"]}}],"collection":[{"href":"https:\/\/radiolitoral.com\/ca\/wp-json\/wp\/v2\/posts"}],"about":[{"href":"https:\/\/radiolitoral.com\/ca\/wp-json\/wp\/v2\/types\/post"}],"author":[{"embeddable":true,"href":"https:\/\/radiolitoral.com\/ca\/wp-json\/wp\/v2\/users\/13"}],"replies":[{"embeddable":true,"href":"https:\/\/radiolitoral.com\/ca\/wp-json\/wp\/v2\/comments?post=9217"}],"version-history":[{"count":1,"href":"https:\/\/radiolitoral.com\/ca\/wp-json\/wp\/v2\/posts\/9217\/revisions"}],"predecessor-version":[{"id":9219,"href":"https:\/\/radiolitoral.com\/ca\/wp-json\/wp\/v2\/posts\/9217\/revisions\/9219"}],"wp:featuredmedia":[{"embeddable":true,"href":"https:\/\/radiolitoral.com\/ca\/wp-json\/wp\/v2\/media\/9218"}],"wp:attachment":[{"href":"https:\/\/radiolitoral.com\/ca\/wp-json\/wp\/v2\/media?parent=9217"}],"wp:term":[{"taxonomy":"category","embeddable":true,"href":"https:\/\/radiolitoral.com\/ca\/wp-json\/wp\/v2\/categories?post=9217"},{"taxonomy":"post_tag","embeddable":true,"href":"https:\/\/radiolitoral.com\/ca\/wp-json\/wp\/v2\/tags?post=9217"}],"curies":[{"name":"wp","href":"https:\/\/api.w.org\/{rel}","templated":true}]}}