{"id":9203,"date":"2024-05-29T09:44:22","date_gmt":"2024-05-29T07:44:22","guid":{"rendered":"https:\/\/radiolitoral.com\/?p=9203"},"modified":"2024-05-29T09:44:22","modified_gmt":"2024-05-29T07:44:22","slug":"a-ondara-van-tornar-a-brillar-moha-rida-i-ma-isabel-ferrer","status":"publish","type":"post","link":"https:\/\/radiolitoral.com\/ca\/2024\/05\/en-ondara-volvieron-a-brillar-moha-rida-y-ma-isabel-ferrer\/","title":{"rendered":"A Ondara van tornar a brillar Moha Rida i M\u00aa Isabel Ferrer"},"content":{"rendered":"<p>No hi va haver sorpreses, <strong>Moha Rida<\/strong> i <strong>M\u00aa Isabel Ferrer<\/strong> van complir a la perfecci\u00f3 el seu paper de grans favorits al triomf a la <strong>Volta Popular a Ondara<\/strong>. Tots dos atletes que en aquest <strong>Circuit a Peu Marina Alta<\/strong> defensen els colors del <strong>CE Llebeig X\u00e0bia<\/strong>, es van mostrar clarament superiors a la resta. Una vict\u00f2ria que certifica la seva vict\u00f2ria a la present edici\u00f3 del Circuit a Peu Marina Alta.<\/p>\n<p>Moha Rida va entrar a meta despr\u00e9s de cobrir els 9.800 metres en un temps de <strong>32:45<\/strong>. La segona pla\u00e7a va ser per a un altre corredor del CE Llebeig X\u00e0bia, <strong>Jos\u00e9 Manuel Garc\u00eda Barrag\u00e1n<\/strong> que va realitzar una marca de 33:34. El tercer en arribar va ser, <strong>Juanan Fern\u00e1ndez<\/strong>, del <strong>CA Benidorm<\/strong>, el seu registre va ser de 33:37.<\/p>\n<figure id=\"attachment_9205\" aria-describedby=\"caption-attachment-9205\" style=\"width: 2048px\" class=\"wp-caption alignnone\"><img loading=\"lazy\" decoding=\"async\" class=\"wp-image-9205 size-full\" src=\"https:\/\/media.radiolitoral.com\/wp-content\/uploads\/2024\/05\/28110635\/Podio-Femenino-en-Ondara.jpg\" alt=\"\" width=\"2048\" height=\"1365\" srcset=\"https:\/\/media.radiolitoral.com\/wp-content\/uploads\/2024\/05\/28110635\/Podio-Femenino-en-Ondara.jpg 2048w, https:\/\/media.radiolitoral.com\/wp-content\/uploads\/2024\/05\/28110635\/Podio-Femenino-en-Ondara-300x200.jpg 300w, https:\/\/media.radiolitoral.com\/wp-content\/uploads\/2024\/05\/28110635\/Podio-Femenino-en-Ondara-1024x683.jpg 1024w, https:\/\/media.radiolitoral.com\/wp-content\/uploads\/2024\/05\/28110635\/Podio-Femenino-en-Ondara-768x512.jpg 768w, https:\/\/media.radiolitoral.com\/wp-content\/uploads\/2024\/05\/28110635\/Podio-Femenino-en-Ondara-1536x1024.jpg 1536w, https:\/\/media.radiolitoral.com\/wp-content\/uploads\/2024\/05\/28110635\/Podio-Femenino-en-Ondara-18x12.jpg 18w, https:\/\/media.radiolitoral.com\/wp-content\/uploads\/2024\/05\/28110635\/Podio-Femenino-en-Ondara-1000x667.jpg 1000w, https:\/\/media.radiolitoral.com\/wp-content\/uploads\/2024\/05\/28110635\/Podio-Femenino-en-Ondara-100x67.jpg 100w, https:\/\/media.radiolitoral.com\/wp-content\/uploads\/2024\/05\/28110635\/Podio-Femenino-en-Ondara-200x133.jpg 200w\" sizes=\"auto, (max-width: 2048px) 100vw, 2048px\" \/><figcaption id=\"caption-attachment-9205\" class=\"wp-caption-text\">Podi Absolut Femen\u00ed a Ondara | K. Aracil<\/figcaption><\/figure>\n<p>&nbsp;<\/p>\n<p>A la categoria absoluta femenina, M\u00aa Isabel Ferrer va realitzar un temps final de <strong>36:09<\/strong>. La segona classificada va ser, <strong>Andrea Abad<\/strong> del <strong>CA Publidom<\/strong> amb una marca de 37.50. Al tercer lloc va entrar, <strong>Esther Forn\u00e9s<\/strong> del <strong>CA Llits<\/strong> que va realitzar un registre de 38:48.<\/p>\n<p>L&#039;organitzaci\u00f3 per part del <strong>CA Ondara<\/strong> va ser impecable, cuidant en tot moment la seguretat de tots els corredors, que van trobar molta calor amb l&#039;ambientaci\u00f3 musical que van tenir a diversos punts del recorregut.<\/p>\n<p>La propera cita per als atletes, ser\u00e0 dissabte amb la disputa de <strong>XXV Cursa Popular a Benissa<\/strong>, la cursa amb qu\u00e8 es tanca el Circuit a Peu Marina Alta. La cursa ser\u00e0 sobre un tra\u00e7at de 8.300 metres, que ha estat modificat respecte al que es van enfrontar a la passada edici\u00f3.<\/p>","protected":false},"excerpt":{"rendered":"<p>No hubo sorpresas, Moha Rida y M\u00aa Isabel Ferrer cumplieron a la perfecci\u00f3n su papel de grandes favoritos al triunfo en la Volta Popular a Ondara. Ambos atletas que en este Circuit a Peu Marina Alta defienden los colores del CE Llebeig X\u00e0bia, se mostraron claramente superiores al resto. Una victoria que certifica su victoria [&#8230;]<\/p>\n<p><a class=\"btn btn-secondary understrap-read-more-link\" href=\"https:\/\/radiolitoral.com\/ca\/2024\/05\/en-ondara-volvieron-a-brillar-moha-rida-y-ma-isabel-ferrer\/\">Continua llegint&#8230;<span class=\"screen-reader-text\"> from En Ondara volvieron a brillar Moha Rida y M\u00aa Isabel Ferrer<\/span><\/a><\/p>\n","protected":false},"author":12,"featured_media":9204,"comment_status":"open","ping_status":"closed","sticky":false,"template":"","format":"standard","meta":{"_acf_changed":false,"inline_featured_image":false,"footnotes":""},"categories":[5],"tags":[1261,1179,1337,1373,1292,922,6,928,1407,1291,923,1039,1372,1408],"class_list":["post-9203","post","type-post","status-publish","format-standard","has-post-thumbnail","hentry","category-deportes","tag-andrea-abad","tag-ca-benidorm","tag-ca-cametes","tag-ca-ondara","tag-ca-publidom","tag-circuit-a-peu-marina-alta","tag-deportes","tag-esther-fornes","tag-jose-manuel-garcia-barragan","tag-juanan-fernandez","tag-ma-isabel-ferrer","tag-moha-rida","tag-volta-popular-a-ondara","tag-xxv-cursa-popular-a-benissa","cobertura-ondara"],"acf":[],"yoast_head":"<!-- This site is optimized with the Yoast SEO plugin v27.5 - https:\/\/yoast.com\/product\/yoast-seo-wordpress\/ -->\n<title>En Ondara volvieron a brillar Moha Rida y M\u00aa Isabel Ferrer | R\u00e0dio Litoral<\/title>\n<meta name=\"description\" content=\"Los representantes del CE Llebeig X\u00e0bia encabezan las clasificaciones absolutas del Circuit a Peu Marina Alta Los representantes del CE Llebeig X\u00e0bia encabezan las clasificaciones absolutas del Circuit a Peu Marina Alta\" \/>\n<meta name=\"robots\" content=\"index, follow, max-snippet:-1, max-image-preview:large, max-video-preview:-1\" \/>\n<link rel=\"canonical\" href=\"https:\/\/radiolitoral.com\/ca\/2024\/05\/a-ondara-van-tornar-a-brillar-moha-rida-i-ma-isabel-ferrer\/\" \/>\n<meta property=\"og:locale\" content=\"ca_ES\" \/>\n<meta property=\"og:type\" content=\"article\" \/>\n<meta property=\"og:title\" content=\"En Ondara volvieron a brillar Moha Rida y M\u00aa Isabel Ferrer | R\u00e0dio Litoral\" \/>\n<meta property=\"og:description\" content=\"Los representantes del CE Llebeig X\u00e0bia encabezan las clasificaciones absolutas del Circuit a Peu Marina Alta Los representantes del CE Llebeig X\u00e0bia encabezan las clasificaciones absolutas del Circuit a Peu Marina Alta\" \/>\n<meta property=\"og:url\" content=\"https:\/\/radiolitoral.com\/ca\/2024\/05\/a-ondara-van-tornar-a-brillar-moha-rida-i-ma-isabel-ferrer\/\" \/>\n<meta property=\"og:site_name\" content=\"R\u00e0dio Litoral\" \/>\n<meta property=\"article:publisher\" content=\"https:\/\/www.facebook.com\/Laradiolitoral\/\" \/>\n<meta property=\"article:published_time\" content=\"2024-05-29T07:44:22+00:00\" \/>\n<meta property=\"og:image\" content=\"https:\/\/media.radiolitoral.com\/wp-content\/uploads\/2024\/05\/28110608\/Garcia-Barragan-Moha-Rida-y-Juanan-Fernandez-1024x683.jpg\" \/>\n\t<meta property=\"og:image:width\" content=\"1024\" \/>\n\t<meta property=\"og:image:height\" content=\"683\" \/>\n\t<meta property=\"og:image:type\" content=\"image\/jpeg\" \/>\n<meta name=\"author\" content=\"Javier Zamora\" \/>\n<meta name=\"twitter:card\" content=\"summary_large_image\" \/>\n<meta name=\"twitter:label1\" content=\"Escrit per\" \/>\n\t<meta name=\"twitter:data1\" content=\"Javier Zamora\" \/>\n\t<meta name=\"twitter:label2\" content=\"Temps estimat de lectura\" \/>\n\t<meta name=\"twitter:data2\" content=\"2 minuts\" \/>\n<script type=\"application\/ld+json\" class=\"yoast-schema-graph\">{\"@context\":\"https:\\\/\\\/schema.org\",\"@graph\":[{\"@type\":\"NewsArticle\",\"@id\":\"https:\\\/\\\/radiolitoral.com\\\/2024\\\/05\\\/en-ondara-volvieron-a-brillar-moha-rida-y-ma-isabel-ferrer\\\/#article\",\"isPartOf\":{\"@id\":\"https:\\\/\\\/radiolitoral.com\\\/2024\\\/05\\\/en-ondara-volvieron-a-brillar-moha-rida-y-ma-isabel-ferrer\\\/\"},\"author\":{\"name\":\"Javier Zamora\",\"@id\":\"https:\\\/\\\/radiolitoral.com\\\/#\\\/schema\\\/person\\\/7b1480b5caeb5acdd4ec6379caf62b22\"},\"headline\":\"En Ondara volvieron a brillar Moha Rida y M\u00aa Isabel Ferrer\",\"datePublished\":\"2024-05-29T07:44:22+00:00\",\"mainEntityOfPage\":{\"@id\":\"https:\\\/\\\/radiolitoral.com\\\/2024\\\/05\\\/en-ondara-volvieron-a-brillar-moha-rida-y-ma-isabel-ferrer\\\/\"},\"wordCount\":280,\"commentCount\":0,\"publisher\":{\"@id\":\"https:\\\/\\\/radiolitoral.com\\\/#organization\"},\"image\":{\"@id\":\"https:\\\/\\\/radiolitoral.com\\\/2024\\\/05\\\/en-ondara-volvieron-a-brillar-moha-rida-y-ma-isabel-ferrer\\\/#primaryimage\"},\"thumbnailUrl\":\"https:\\\/\\\/media.radiolitoral.com\\\/wp-content\\\/uploads\\\/2024\\\/05\\\/28110608\\\/Garcia-Barragan-Moha-Rida-y-Juanan-Fernandez.jpg\",\"keywords\":[\"Andrea Abad\",\"CA Benidorm\",\"CA Cametes\",\"CA Ondara\",\"CA Publidom\",\"Circuit a Peu Marina Alta\",\"deportes\",\"Esther Forn\u00e9s\",\"Jos\u00e9 Manuel Garc\u00eda Barrag\u00e1n\",\"Juanan Fern\u00e1ndez\",\"M\u00aa Isabel Ferrer\",\"Moha Rida\",\"Volta Popular a Ondara\",\"XXV Cursa Popular a Benissa\"],\"articleSection\":[\"Deportes\"],\"inLanguage\":\"ca\",\"potentialAction\":[{\"@type\":\"CommentAction\",\"name\":\"Comment\",\"target\":[\"https:\\\/\\\/radiolitoral.com\\\/2024\\\/05\\\/en-ondara-volvieron-a-brillar-moha-rida-y-ma-isabel-ferrer\\\/#respond\"]}]},{\"@type\":[\"WebPage\",\"ItemPage\"],\"@id\":\"https:\\\/\\\/radiolitoral.com\\\/2024\\\/05\\\/en-ondara-volvieron-a-brillar-moha-rida-y-ma-isabel-ferrer\\\/\",\"url\":\"https:\\\/\\\/radiolitoral.com\\\/2024\\\/05\\\/en-ondara-volvieron-a-brillar-moha-rida-y-ma-isabel-ferrer\\\/\",\"name\":\"En Ondara volvieron a brillar Moha Rida y M\u00aa Isabel Ferrer | R\u00e0dio Litoral\",\"isPartOf\":{\"@id\":\"https:\\\/\\\/radiolitoral.com\\\/#website\"},\"primaryImageOfPage\":{\"@id\":\"https:\\\/\\\/radiolitoral.com\\\/2024\\\/05\\\/en-ondara-volvieron-a-brillar-moha-rida-y-ma-isabel-ferrer\\\/#primaryimage\"},\"image\":{\"@id\":\"https:\\\/\\\/radiolitoral.com\\\/2024\\\/05\\\/en-ondara-volvieron-a-brillar-moha-rida-y-ma-isabel-ferrer\\\/#primaryimage\"},\"thumbnailUrl\":\"https:\\\/\\\/media.radiolitoral.com\\\/wp-content\\\/uploads\\\/2024\\\/05\\\/28110608\\\/Garcia-Barragan-Moha-Rida-y-Juanan-Fernandez.jpg\",\"datePublished\":\"2024-05-29T07:44:22+00:00\",\"description\":\"Los representantes del CE Llebeig X\u00e0bia encabezan las clasificaciones absolutas del Circuit a Peu Marina Alta Los representantes del CE Llebeig X\u00e0bia encabezan las clasificaciones absolutas del Circuit a Peu Marina Alta\",\"breadcrumb\":{\"@id\":\"https:\\\/\\\/radiolitoral.com\\\/2024\\\/05\\\/en-ondara-volvieron-a-brillar-moha-rida-y-ma-isabel-ferrer\\\/#breadcrumb\"},\"inLanguage\":\"ca\",\"potentialAction\":[{\"@type\":\"ReadAction\",\"target\":[\"https:\\\/\\\/radiolitoral.com\\\/2024\\\/05\\\/en-ondara-volvieron-a-brillar-moha-rida-y-ma-isabel-ferrer\\\/\"]}]},{\"@type\":\"ImageObject\",\"inLanguage\":\"ca\",\"@id\":\"https:\\\/\\\/radiolitoral.com\\\/2024\\\/05\\\/en-ondara-volvieron-a-brillar-moha-rida-y-ma-isabel-ferrer\\\/#primaryimage\",\"url\":\"https:\\\/\\\/media.radiolitoral.com\\\/wp-content\\\/uploads\\\/2024\\\/05\\\/28110608\\\/Garcia-Barragan-Moha-Rida-y-Juanan-Fernandez.jpg\",\"contentUrl\":\"https:\\\/\\\/media.radiolitoral.com\\\/wp-content\\\/uploads\\\/2024\\\/05\\\/28110608\\\/Garcia-Barragan-Moha-Rida-y-Juanan-Fernandez.jpg\",\"width\":2048,\"height\":1365},{\"@type\":\"BreadcrumbList\",\"@id\":\"https:\\\/\\\/radiolitoral.com\\\/2024\\\/05\\\/en-ondara-volvieron-a-brillar-moha-rida-y-ma-isabel-ferrer\\\/#breadcrumb\",\"itemListElement\":[{\"@type\":\"ListItem\",\"position\":1,\"name\":\"Portada\",\"item\":\"https:\\\/\\\/radiolitoral.com\\\/\"},{\"@type\":\"ListItem\",\"position\":2,\"name\":\"En Ondara volvieron a brillar Moha Rida y M\u00aa Isabel Ferrer\"}]},{\"@type\":\"WebSite\",\"@id\":\"https:\\\/\\\/radiolitoral.com\\\/#website\",\"url\":\"https:\\\/\\\/radiolitoral.com\\\/\",\"name\":\"Radio Litoral\",\"description\":\"La radio local de la Marina Alta\",\"publisher\":{\"@id\":\"https:\\\/\\\/radiolitoral.com\\\/#organization\"},\"alternateName\":\"Litoral FM\",\"potentialAction\":[{\"@type\":\"SearchAction\",\"target\":{\"@type\":\"EntryPoint\",\"urlTemplate\":\"https:\\\/\\\/radiolitoral.com\\\/?s={search_term_string}\"},\"query-input\":{\"@type\":\"PropertyValueSpecification\",\"valueRequired\":true,\"valueName\":\"search_term_string\"}}],\"inLanguage\":\"ca\"},{\"@type\":\"Organization\",\"@id\":\"https:\\\/\\\/radiolitoral.com\\\/#organization\",\"name\":\"Radio Litoral\",\"url\":\"https:\\\/\\\/radiolitoral.com\\\/\",\"logo\":{\"@type\":\"ImageObject\",\"inLanguage\":\"ca\",\"@id\":\"https:\\\/\\\/radiolitoral.com\\\/#\\\/schema\\\/logo\\\/image\\\/\",\"url\":\"https:\\\/\\\/media.radiolitoral.com\\\/wp-content\\\/uploads\\\/2023\\\/02\\\/24143238\\\/CL-V-RadioLitoral696.png\",\"contentUrl\":\"https:\\\/\\\/media.radiolitoral.com\\\/wp-content\\\/uploads\\\/2023\\\/02\\\/24143238\\\/CL-V-RadioLitoral696.png\",\"width\":696,\"height\":696,\"caption\":\"Radio Litoral\"},\"image\":{\"@id\":\"https:\\\/\\\/radiolitoral.com\\\/#\\\/schema\\\/logo\\\/image\\\/\"},\"sameAs\":[\"https:\\\/\\\/www.facebook.com\\\/Laradiolitoral\\\/\"]},{\"@type\":\"Person\",\"@id\":\"https:\\\/\\\/radiolitoral.com\\\/#\\\/schema\\\/person\\\/7b1480b5caeb5acdd4ec6379caf62b22\",\"name\":\"Javier Zamora\",\"image\":{\"@type\":\"ImageObject\",\"inLanguage\":\"ca\",\"@id\":\"https:\\\/\\\/secure.gravatar.com\\\/avatar\\\/467a11f6918c7d619c4043fc6fa2d3853053107973f05b6e9c04ea6c4e3a7b3f?s=96&d=mm&r=g\",\"url\":\"https:\\\/\\\/secure.gravatar.com\\\/avatar\\\/467a11f6918c7d619c4043fc6fa2d3853053107973f05b6e9c04ea6c4e3a7b3f?s=96&d=mm&r=g\",\"contentUrl\":\"https:\\\/\\\/secure.gravatar.com\\\/avatar\\\/467a11f6918c7d619c4043fc6fa2d3853053107973f05b6e9c04ea6c4e3a7b3f?s=96&d=mm&r=g\",\"caption\":\"Javier Zamora\"},\"url\":\"https:\\\/\\\/radiolitoral.com\\\/ca\\\/author\\\/javier-zamora\\\/\"}]}<\/script>\n<!-- \/ Yoast SEO plugin. -->","yoast_head_json":{"title":"A Ondara van tornar a brillar Moha Rida i M\u00aa Isabel Ferrer | R\u00e0dio Litoral","description":"Els representants del CE Llebeig X\u00e0bia encap\u00e7alen les classificacions absolutes del Circuit a Peu Marina Alta Els representants del CE Llebeig X\u00e0bia encap\u00e7alen les classificacions absolutes del Circuit a Peu Marina Alta","robots":{"index":"index","follow":"follow","max-snippet":"max-snippet:-1","max-image-preview":"max-image-preview:large","max-video-preview":"max-video-preview:-1"},"canonical":"https:\/\/radiolitoral.com\/ca\/2024\/05\/a-ondara-van-tornar-a-brillar-moha-rida-i-ma-isabel-ferrer\/","og_locale":"ca_ES","og_type":"article","og_title":"En Ondara volvieron a brillar Moha Rida y M\u00aa Isabel Ferrer | R\u00e0dio Litoral","og_description":"Los representantes del CE Llebeig X\u00e0bia encabezan las clasificaciones absolutas del Circuit a Peu Marina Alta Los representantes del CE Llebeig X\u00e0bia encabezan las clasificaciones absolutas del Circuit a Peu Marina Alta","og_url":"https:\/\/radiolitoral.com\/ca\/2024\/05\/a-ondara-van-tornar-a-brillar-moha-rida-i-ma-isabel-ferrer\/","og_site_name":"R\u00e0dio Litoral","article_publisher":"https:\/\/www.facebook.com\/Laradiolitoral\/","article_published_time":"2024-05-29T07:44:22+00:00","og_image":[{"width":1024,"height":683,"url":"https:\/\/media.radiolitoral.com\/wp-content\/uploads\/2024\/05\/28110608\/Garcia-Barragan-Moha-Rida-y-Juanan-Fernandez-1024x683.jpg","type":"image\/jpeg"}],"author":"Javier Zamora","twitter_card":"summary_large_image","twitter_misc":{"Escrit per":"Javier Zamora","Temps estimat de lectura":"2 minuts"},"schema":{"@context":"https:\/\/schema.org","@graph":[{"@type":"NewsArticle","@id":"https:\/\/radiolitoral.com\/2024\/05\/en-ondara-volvieron-a-brillar-moha-rida-y-ma-isabel-ferrer\/#article","isPartOf":{"@id":"https:\/\/radiolitoral.com\/2024\/05\/en-ondara-volvieron-a-brillar-moha-rida-y-ma-isabel-ferrer\/"},"author":{"name":"Javier Zamora","@id":"https:\/\/radiolitoral.com\/#\/schema\/person\/7b1480b5caeb5acdd4ec6379caf62b22"},"headline":"En Ondara volvieron a brillar Moha Rida y M\u00aa Isabel Ferrer","datePublished":"2024-05-29T07:44:22+00:00","mainEntityOfPage":{"@id":"https:\/\/radiolitoral.com\/2024\/05\/en-ondara-volvieron-a-brillar-moha-rida-y-ma-isabel-ferrer\/"},"wordCount":280,"commentCount":0,"publisher":{"@id":"https:\/\/radiolitoral.com\/#organization"},"image":{"@id":"https:\/\/radiolitoral.com\/2024\/05\/en-ondara-volvieron-a-brillar-moha-rida-y-ma-isabel-ferrer\/#primaryimage"},"thumbnailUrl":"https:\/\/media.radiolitoral.com\/wp-content\/uploads\/2024\/05\/28110608\/Garcia-Barragan-Moha-Rida-y-Juanan-Fernandez.jpg","keywords":["Andrea Abad","CA Benidorm","CA Cametes","CA Ondara","CA Publidom","Circuit a Peu Marina Alta","deportes","Esther Forn\u00e9s","Jos\u00e9 Manuel Garc\u00eda Barrag\u00e1n","Juanan Fern\u00e1ndez","M\u00aa Isabel Ferrer","Moha Rida","Volta Popular a Ondara","XXV Cursa Popular a Benissa"],"articleSection":["Deportes"],"inLanguage":"ca","potentialAction":[{"@type":"CommentAction","name":"Comment","target":["https:\/\/radiolitoral.com\/2024\/05\/en-ondara-volvieron-a-brillar-moha-rida-y-ma-isabel-ferrer\/#respond"]}]},{"@type":["WebPage","ItemPage"],"@id":"https:\/\/radiolitoral.com\/2024\/05\/en-ondara-volvieron-a-brillar-moha-rida-y-ma-isabel-ferrer\/","url":"https:\/\/radiolitoral.com\/2024\/05\/en-ondara-volvieron-a-brillar-moha-rida-y-ma-isabel-ferrer\/","name":"A Ondara van tornar a brillar Moha Rida i M\u00aa Isabel Ferrer | R\u00e0dio Litoral","isPartOf":{"@id":"https:\/\/radiolitoral.com\/#website"},"primaryImageOfPage":{"@id":"https:\/\/radiolitoral.com\/2024\/05\/en-ondara-volvieron-a-brillar-moha-rida-y-ma-isabel-ferrer\/#primaryimage"},"image":{"@id":"https:\/\/radiolitoral.com\/2024\/05\/en-ondara-volvieron-a-brillar-moha-rida-y-ma-isabel-ferrer\/#primaryimage"},"thumbnailUrl":"https:\/\/media.radiolitoral.com\/wp-content\/uploads\/2024\/05\/28110608\/Garcia-Barragan-Moha-Rida-y-Juanan-Fernandez.jpg","datePublished":"2024-05-29T07:44:22+00:00","description":"Els representants del CE Llebeig X\u00e0bia encap\u00e7alen les classificacions absolutes del Circuit a Peu Marina Alta Els representants del CE Llebeig X\u00e0bia encap\u00e7alen les classificacions absolutes del Circuit a Peu Marina Alta","breadcrumb":{"@id":"https:\/\/radiolitoral.com\/2024\/05\/en-ondara-volvieron-a-brillar-moha-rida-y-ma-isabel-ferrer\/#breadcrumb"},"inLanguage":"ca","potentialAction":[{"@type":"ReadAction","target":["https:\/\/radiolitoral.com\/2024\/05\/en-ondara-volvieron-a-brillar-moha-rida-y-ma-isabel-ferrer\/"]}]},{"@type":"ImageObject","inLanguage":"ca","@id":"https:\/\/radiolitoral.com\/2024\/05\/en-ondara-volvieron-a-brillar-moha-rida-y-ma-isabel-ferrer\/#primaryimage","url":"https:\/\/media.radiolitoral.com\/wp-content\/uploads\/2024\/05\/28110608\/Garcia-Barragan-Moha-Rida-y-Juanan-Fernandez.jpg","contentUrl":"https:\/\/media.radiolitoral.com\/wp-content\/uploads\/2024\/05\/28110608\/Garcia-Barragan-Moha-Rida-y-Juanan-Fernandez.jpg","width":2048,"height":1365},{"@type":"BreadcrumbList","@id":"https:\/\/radiolitoral.com\/2024\/05\/en-ondara-volvieron-a-brillar-moha-rida-y-ma-isabel-ferrer\/#breadcrumb","itemListElement":[{"@type":"ListItem","position":1,"name":"Portada","item":"https:\/\/radiolitoral.com\/"},{"@type":"ListItem","position":2,"name":"En Ondara volvieron a brillar Moha Rida y M\u00aa Isabel Ferrer"}]},{"@type":"WebSite","@id":"https:\/\/radiolitoral.com\/#website","url":"https:\/\/radiolitoral.com\/","name":"R\u00e0dio Litoral","description":"La r\u00e0dio local de la Marina Alta","publisher":{"@id":"https:\/\/radiolitoral.com\/#organization"},"alternateName":"Litoral FM","potentialAction":[{"@type":"SearchAction","target":{"@type":"EntryPoint","urlTemplate":"https:\/\/radiolitoral.com\/?s={search_term_string}"},"query-input":{"@type":"PropertyValueSpecification","valueRequired":true,"valueName":"search_term_string"}}],"inLanguage":"ca"},{"@type":"Organization","@id":"https:\/\/radiolitoral.com\/#organization","name":"R\u00e0dio Litoral","url":"https:\/\/radiolitoral.com\/","logo":{"@type":"ImageObject","inLanguage":"ca","@id":"https:\/\/radiolitoral.com\/#\/schema\/logo\/image\/","url":"https:\/\/media.radiolitoral.com\/wp-content\/uploads\/2023\/02\/24143238\/CL-V-RadioLitoral696.png","contentUrl":"https:\/\/media.radiolitoral.com\/wp-content\/uploads\/2023\/02\/24143238\/CL-V-RadioLitoral696.png","width":696,"height":696,"caption":"Radio Litoral"},"image":{"@id":"https:\/\/radiolitoral.com\/#\/schema\/logo\/image\/"},"sameAs":["https:\/\/www.facebook.com\/Laradiolitoral\/"]},{"@type":"Person","@id":"https:\/\/radiolitoral.com\/#\/schema\/person\/7b1480b5caeb5acdd4ec6379caf62b22","name":"Javier Zamora","image":{"@type":"ImageObject","inLanguage":"ca","@id":"https:\/\/secure.gravatar.com\/avatar\/467a11f6918c7d619c4043fc6fa2d3853053107973f05b6e9c04ea6c4e3a7b3f?s=96&d=mm&r=g","url":"https:\/\/secure.gravatar.com\/avatar\/467a11f6918c7d619c4043fc6fa2d3853053107973f05b6e9c04ea6c4e3a7b3f?s=96&d=mm&r=g","contentUrl":"https:\/\/secure.gravatar.com\/avatar\/467a11f6918c7d619c4043fc6fa2d3853053107973f05b6e9c04ea6c4e3a7b3f?s=96&d=mm&r=g","caption":"Javier Zamora"},"url":"https:\/\/radiolitoral.com\/ca\/author\/javier-zamora\/"}]}},"_links":{"self":[{"href":"https:\/\/radiolitoral.com\/ca\/wp-json\/wp\/v2\/posts\/9203","targetHints":{"allow":["GET"]}}],"collection":[{"href":"https:\/\/radiolitoral.com\/ca\/wp-json\/wp\/v2\/posts"}],"about":[{"href":"https:\/\/radiolitoral.com\/ca\/wp-json\/wp\/v2\/types\/post"}],"author":[{"embeddable":true,"href":"https:\/\/radiolitoral.com\/ca\/wp-json\/wp\/v2\/users\/12"}],"replies":[{"embeddable":true,"href":"https:\/\/radiolitoral.com\/ca\/wp-json\/wp\/v2\/comments?post=9203"}],"version-history":[{"count":2,"href":"https:\/\/radiolitoral.com\/ca\/wp-json\/wp\/v2\/posts\/9203\/revisions"}],"predecessor-version":[{"id":9207,"href":"https:\/\/radiolitoral.com\/ca\/wp-json\/wp\/v2\/posts\/9203\/revisions\/9207"}],"wp:featuredmedia":[{"embeddable":true,"href":"https:\/\/radiolitoral.com\/ca\/wp-json\/wp\/v2\/media\/9204"}],"wp:attachment":[{"href":"https:\/\/radiolitoral.com\/ca\/wp-json\/wp\/v2\/media?parent=9203"}],"wp:term":[{"taxonomy":"category","embeddable":true,"href":"https:\/\/radiolitoral.com\/ca\/wp-json\/wp\/v2\/categories?post=9203"},{"taxonomy":"post_tag","embeddable":true,"href":"https:\/\/radiolitoral.com\/ca\/wp-json\/wp\/v2\/tags?post=9203"}],"curies":[{"name":"wp","href":"https:\/\/api.w.org\/{rel}","templated":true}]}}