{"id":9175,"date":"2024-05-27T14:33:50","date_gmt":"2024-05-27T12:33:50","guid":{"rendered":"https:\/\/radiolitoral.com\/?p=9175"},"modified":"2024-05-27T14:33:50","modified_gmt":"2024-05-27T12:33:50","slug":"5-representants-de-la-marina-alta-al-comite-provincial-dunion-municipalista","status":"publish","type":"post","link":"https:\/\/radiolitoral.com\/ca\/2024\/05\/5-representantes-de-la-marina-alta-en-el-comite-provincial-de-union-municipalista\/","title":{"rendered":"5 representants de la Marina Alta al Comit\u00e8 Provincial d&#039;Uni\u00f3 Municipalista"},"content":{"rendered":"<p><strong>La Federaci\u00f3 de partits independents Uni\u00f3 Municipalista<\/strong> va celebrar el dissabte 26 de maig a <strong>Mur d&#039;Alcoi<\/strong> la seva primera <strong>reuni\u00f3 provincial d&#039;Alacant<\/strong>. En aquest esdeveniment van participar al voltant d&#039;un centenar de c\u00e0rrecs p\u00fablics de partits i agrupacions d&#039;electors de car\u00e0cter municipalista de tota la prov\u00edncia, entre els quals hi havia els representants de <strong>Gent de D\u00e9nia<\/strong>: Mario Vidal, Pepa Masi\u00e0, JC Parets i RC de Bustamante.<\/p>\n<p>L&#039;objectiu de la reuni\u00f3 va ser acordar la formaci\u00f3 del <strong>comit\u00e8 provincial<\/strong> i dels comit\u00e8s dels partits judicials de la prov\u00edncia, aix\u00ed com establir les l\u00ednies de treball i estrat\u00e8gies per als propers anys, fins a les eleccions locals i auton\u00f2miques de maig de 2027.<\/p>\n<p>Durant la trobada, <strong>Gabriel Tom\u00e0s<\/strong>, regidor a l&#039;Ajuntament de <strong>Mur d&#039;Alcoi<\/strong>, va ser elegit <strong>coordinador provincial a Alacant<\/strong>, a proposta de <strong>FEPAL<\/strong>, la federaci\u00f3 de partits locals de la Comunitat Valenciana. A m\u00e9s, es van incorporar al <strong>comit\u00e8 provincial d&#039;Uni\u00f3 Municipalista a Alacant<\/strong> membres de diferents partits, entre els quals cal destacar, a m\u00e9s dels dianencs Pepa Masi\u00e1 i Juan Carlos Parets, la pres\u00e8ncia de tres representants m\u00e9s de la Marina Alta: <strong>Rebeca Merch\u00e1n<\/strong> i <strong>Juan M. del Pi<\/strong> per <strong>Calp<\/strong>, aix\u00ed com <strong>M\u00aa Carmen Sala<\/strong> per <strong>Els Poblets<\/strong>. Amb la qual cosa la comarca reuneix 5 dels 13 integrants del Comit\u00e8 Provincial.<\/p>\n<p>La reuni\u00f3 va estar presidida pel president nacional de <strong>Uni\u00f3 Municipalista<\/strong> i alcalde de <strong>Nules<\/strong>, <strong>David Garc\u00eda<\/strong>, juntament amb l&#039;alcalde de <strong>Ontinyent<\/strong>, <strong>Jorge Rodr\u00edguez<\/strong>, la vicepresidenta de la Diputaci\u00f3 de Val\u00e8ncia, <strong>Natalia Enguix<\/strong>, i el secretari general de <strong>FEPAL<\/strong>, <strong>Jos\u00e9 Juan Server<\/strong>.<\/p>\n<p>Durant la jornada, es va recordar amb afecte el passat 24 de febrer, dia en qu\u00e8 es van congregar a <strong>Madrid<\/strong> els partits municipalistes d?Espanya, en unes jornades que van comptar amb la participaci\u00f3 de prop de 500 representants de partits municipalistes.<\/p>\n<p>El principal objectiu del recent escollit <strong>comit\u00e8 provincial<\/strong> ser\u00e0 formar equips als comit\u00e8s dels diferents partits judicials de la prov\u00edncia, amb la finalitat de treballar de manera coordinada per enfortir la <strong>Uni\u00f3 Municipalista a Alacant<\/strong>.<\/p>\n<p>Amb aquesta elecci\u00f3, els <strong>partits independents<\/strong> fan un pas decisiu m\u00e9s per assolir l&#039;\u00e8xit de presentar llistes comunes a les properes eleccions municipals i auton\u00f2miques de 2027. \u00c9s un pas m\u00e9s per aconseguir defensar els interessos dels nostres municipis en institucions superiors com el <strong>Congr\u00e9s Nacional<\/strong> i el <strong>Parlament Europeu<\/strong>.<\/p>","protected":false},"excerpt":{"rendered":"<p>La Federaci\u00f3n de partidos independientes Uni\u00f3n Municipalista celebr\u00f3 el s\u00e1bado 26 de mayo en Muro de Alcoy su primera reuni\u00f3n provincial de Alicante. En este evento participaron alrededor de un centenar de cargos p\u00fablicos de partidos y agrupaciones de electores de car\u00e1cter municipalista de toda la provincia, entre los que se contaban los representantes de [&#8230;]<\/p>\n<p><a class=\"btn btn-secondary understrap-read-more-link\" href=\"https:\/\/radiolitoral.com\/ca\/2024\/05\/5-representantes-de-la-marina-alta-en-el-comite-provincial-de-union-municipalista\/\">Continua llegint&#8230;<span class=\"screen-reader-text\"> from 5 representantes de la Marina Alta en el Comit\u00e9 Provincial de Uni\u00f3n Municipalista<\/span><\/a><\/p>\n","protected":false},"author":13,"featured_media":9176,"comment_status":"open","ping_status":"closed","sticky":false,"template":"","format":"standard","meta":{"_acf_changed":false,"inline_featured_image":false,"footnotes":""},"categories":[13],"tags":[123,191,1403,1404,1405,708,376],"class_list":["post-9175","post","type-post","status-publish","format-standard","has-post-thumbnail","hentry","category-politica","tag-calpe","tag-denia","tag-els-poblets","tag-gent-de-denia","tag-partidos-independientes","tag-politica","tag-somos-calpe","cobertura-calp","cobertura-denia"],"acf":[],"yoast_head":"<!-- This site is optimized with the Yoast SEO plugin v27.5 - https:\/\/yoast.com\/product\/yoast-seo-wordpress\/ -->\n<title>5 representantes de la Marina Alta en el Comit\u00e9 Provincial de Uni\u00f3n Municipalista | R\u00e0dio Litoral<\/title>\n<meta name=\"description\" content=\"Son Pepa Masi\u00e1 y Juan Carlos Parets, de Gent de D\u00e9nia; Rebeca Merch\u00e1n y Juan M. del Pino, de Somos Calpe; y M\u00aa Carmen Sala, por Els Poblets Son Pepa Masi\u00e1 y Juan Carlos Parets, de Gent de D\u00e9nia; Rebeca Merch\u00e1n y Juan M. del Pino, de Somos Calpe; y M\u00aa Carmen Sala, por Els Poblets\" \/>\n<meta name=\"robots\" content=\"index, follow, max-snippet:-1, max-image-preview:large, max-video-preview:-1\" \/>\n<link rel=\"canonical\" href=\"https:\/\/radiolitoral.com\/ca\/2024\/05\/5-representants-de-la-marina-alta-al-comite-provincial-dunion-municipalista\/\" \/>\n<meta property=\"og:locale\" content=\"ca_ES\" \/>\n<meta property=\"og:type\" content=\"article\" \/>\n<meta property=\"og:title\" content=\"5 representantes de la Marina Alta en el Comit\u00e9 Provincial de Uni\u00f3n Municipalista | R\u00e0dio Litoral\" \/>\n<meta property=\"og:description\" content=\"Son Pepa Masi\u00e1 y Juan Carlos Parets, de Gent de D\u00e9nia; Rebeca Merch\u00e1n y Juan M. del Pino, de Somos Calpe; y M\u00aa Carmen Sala, por Els Poblets Son Pepa Masi\u00e1 y Juan Carlos Parets, de Gent de D\u00e9nia; Rebeca Merch\u00e1n y Juan M. del Pino, de Somos Calpe; y M\u00aa Carmen Sala, por Els Poblets\" \/>\n<meta property=\"og:url\" content=\"https:\/\/radiolitoral.com\/ca\/2024\/05\/5-representants-de-la-marina-alta-al-comite-provincial-dunion-municipalista\/\" \/>\n<meta property=\"og:site_name\" content=\"R\u00e0dio Litoral\" \/>\n<meta property=\"article:publisher\" content=\"https:\/\/www.facebook.com\/Laradiolitoral\/\" \/>\n<meta property=\"article:published_time\" content=\"2024-05-27T12:33:50+00:00\" \/>\n<meta property=\"og:image\" content=\"https:\/\/media.radiolitoral.com\/wp-content\/uploads\/2024\/05\/27143158\/GD-Comite-Provincial-de-Union-Municipalista.jpg\" \/>\n\t<meta property=\"og:image:width\" content=\"1518\" \/>\n\t<meta property=\"og:image:height\" content=\"960\" \/>\n\t<meta property=\"og:image:type\" content=\"image\/jpeg\" \/>\n<meta name=\"author\" content=\"Redacci\u00f3n\" \/>\n<meta name=\"twitter:card\" content=\"summary_large_image\" \/>\n<meta name=\"twitter:label1\" content=\"Escrit per\" \/>\n\t<meta name=\"twitter:data1\" content=\"Redacci\u00f3n\" \/>\n\t<meta name=\"twitter:label2\" content=\"Temps estimat de lectura\" \/>\n\t<meta name=\"twitter:data2\" content=\"3 minuts\" \/>\n<script type=\"application\/ld+json\" class=\"yoast-schema-graph\">{\"@context\":\"https:\\\/\\\/schema.org\",\"@graph\":[{\"@type\":\"NewsArticle\",\"@id\":\"https:\\\/\\\/radiolitoral.com\\\/2024\\\/05\\\/5-representantes-de-la-marina-alta-en-el-comite-provincial-de-union-municipalista\\\/#article\",\"isPartOf\":{\"@id\":\"https:\\\/\\\/radiolitoral.com\\\/2024\\\/05\\\/5-representantes-de-la-marina-alta-en-el-comite-provincial-de-union-municipalista\\\/\"},\"author\":{\"name\":\"Redacci\u00f3n\",\"@id\":\"https:\\\/\\\/radiolitoral.com\\\/#\\\/schema\\\/person\\\/f2b2343c49b5d721857cc1002bfdb151\"},\"headline\":\"5 representantes de la Marina Alta en el Comit\u00e9 Provincial de Uni\u00f3n Municipalista\",\"datePublished\":\"2024-05-27T12:33:50+00:00\",\"mainEntityOfPage\":{\"@id\":\"https:\\\/\\\/radiolitoral.com\\\/2024\\\/05\\\/5-representantes-de-la-marina-alta-en-el-comite-provincial-de-union-municipalista\\\/\"},\"wordCount\":436,\"commentCount\":0,\"publisher\":{\"@id\":\"https:\\\/\\\/radiolitoral.com\\\/#organization\"},\"image\":{\"@id\":\"https:\\\/\\\/radiolitoral.com\\\/2024\\\/05\\\/5-representantes-de-la-marina-alta-en-el-comite-provincial-de-union-municipalista\\\/#primaryimage\"},\"thumbnailUrl\":\"https:\\\/\\\/media.radiolitoral.com\\\/wp-content\\\/uploads\\\/2024\\\/05\\\/27143158\\\/GD-Comite-Provincial-de-Union-Municipalista.jpg\",\"keywords\":[\"Calpe\",\"D\u00e9nia\",\"Els Poblets\",\"Gent de D\u00e9nia\",\"partidos independientes\",\"pol\u00edtica\",\"Somos Calpe\"],\"articleSection\":[\"Pol\u00edtica\"],\"inLanguage\":\"ca\",\"potentialAction\":[{\"@type\":\"CommentAction\",\"name\":\"Comment\",\"target\":[\"https:\\\/\\\/radiolitoral.com\\\/2024\\\/05\\\/5-representantes-de-la-marina-alta-en-el-comite-provincial-de-union-municipalista\\\/#respond\"]}]},{\"@type\":[\"WebPage\",\"ItemPage\"],\"@id\":\"https:\\\/\\\/radiolitoral.com\\\/2024\\\/05\\\/5-representantes-de-la-marina-alta-en-el-comite-provincial-de-union-municipalista\\\/\",\"url\":\"https:\\\/\\\/radiolitoral.com\\\/2024\\\/05\\\/5-representantes-de-la-marina-alta-en-el-comite-provincial-de-union-municipalista\\\/\",\"name\":\"5 representantes de la Marina Alta en el Comit\u00e9 Provincial de Uni\u00f3n Municipalista | R\u00e0dio Litoral\",\"isPartOf\":{\"@id\":\"https:\\\/\\\/radiolitoral.com\\\/#website\"},\"primaryImageOfPage\":{\"@id\":\"https:\\\/\\\/radiolitoral.com\\\/2024\\\/05\\\/5-representantes-de-la-marina-alta-en-el-comite-provincial-de-union-municipalista\\\/#primaryimage\"},\"image\":{\"@id\":\"https:\\\/\\\/radiolitoral.com\\\/2024\\\/05\\\/5-representantes-de-la-marina-alta-en-el-comite-provincial-de-union-municipalista\\\/#primaryimage\"},\"thumbnailUrl\":\"https:\\\/\\\/media.radiolitoral.com\\\/wp-content\\\/uploads\\\/2024\\\/05\\\/27143158\\\/GD-Comite-Provincial-de-Union-Municipalista.jpg\",\"datePublished\":\"2024-05-27T12:33:50+00:00\",\"description\":\"Son Pepa Masi\u00e1 y Juan Carlos Parets, de Gent de D\u00e9nia; Rebeca Merch\u00e1n y Juan M. del Pino, de Somos Calpe; y M\u00aa Carmen Sala, por Els Poblets Son Pepa Masi\u00e1 y Juan Carlos Parets, de Gent de D\u00e9nia; Rebeca Merch\u00e1n y Juan M. del Pino, de Somos Calpe; y M\u00aa Carmen Sala, por Els Poblets\",\"breadcrumb\":{\"@id\":\"https:\\\/\\\/radiolitoral.com\\\/2024\\\/05\\\/5-representantes-de-la-marina-alta-en-el-comite-provincial-de-union-municipalista\\\/#breadcrumb\"},\"inLanguage\":\"ca\",\"potentialAction\":[{\"@type\":\"ReadAction\",\"target\":[\"https:\\\/\\\/radiolitoral.com\\\/2024\\\/05\\\/5-representantes-de-la-marina-alta-en-el-comite-provincial-de-union-municipalista\\\/\"]}]},{\"@type\":\"ImageObject\",\"inLanguage\":\"ca\",\"@id\":\"https:\\\/\\\/radiolitoral.com\\\/2024\\\/05\\\/5-representantes-de-la-marina-alta-en-el-comite-provincial-de-union-municipalista\\\/#primaryimage\",\"url\":\"https:\\\/\\\/media.radiolitoral.com\\\/wp-content\\\/uploads\\\/2024\\\/05\\\/27143158\\\/GD-Comite-Provincial-de-Union-Municipalista.jpg\",\"contentUrl\":\"https:\\\/\\\/media.radiolitoral.com\\\/wp-content\\\/uploads\\\/2024\\\/05\\\/27143158\\\/GD-Comite-Provincial-de-Union-Municipalista.jpg\",\"width\":1518,\"height\":960},{\"@type\":\"BreadcrumbList\",\"@id\":\"https:\\\/\\\/radiolitoral.com\\\/2024\\\/05\\\/5-representantes-de-la-marina-alta-en-el-comite-provincial-de-union-municipalista\\\/#breadcrumb\",\"itemListElement\":[{\"@type\":\"ListItem\",\"position\":1,\"name\":\"Portada\",\"item\":\"https:\\\/\\\/radiolitoral.com\\\/\"},{\"@type\":\"ListItem\",\"position\":2,\"name\":\"5 representantes de la Marina Alta en el Comit\u00e9 Provincial de Uni\u00f3n Municipalista\"}]},{\"@type\":\"WebSite\",\"@id\":\"https:\\\/\\\/radiolitoral.com\\\/#website\",\"url\":\"https:\\\/\\\/radiolitoral.com\\\/\",\"name\":\"Radio Litoral\",\"description\":\"La radio local de la Marina Alta\",\"publisher\":{\"@id\":\"https:\\\/\\\/radiolitoral.com\\\/#organization\"},\"alternateName\":\"Litoral FM\",\"potentialAction\":[{\"@type\":\"SearchAction\",\"target\":{\"@type\":\"EntryPoint\",\"urlTemplate\":\"https:\\\/\\\/radiolitoral.com\\\/?s={search_term_string}\"},\"query-input\":{\"@type\":\"PropertyValueSpecification\",\"valueRequired\":true,\"valueName\":\"search_term_string\"}}],\"inLanguage\":\"ca\"},{\"@type\":\"Organization\",\"@id\":\"https:\\\/\\\/radiolitoral.com\\\/#organization\",\"name\":\"Radio Litoral\",\"url\":\"https:\\\/\\\/radiolitoral.com\\\/\",\"logo\":{\"@type\":\"ImageObject\",\"inLanguage\":\"ca\",\"@id\":\"https:\\\/\\\/radiolitoral.com\\\/#\\\/schema\\\/logo\\\/image\\\/\",\"url\":\"https:\\\/\\\/media.radiolitoral.com\\\/wp-content\\\/uploads\\\/2023\\\/02\\\/24143238\\\/CL-V-RadioLitoral696.png\",\"contentUrl\":\"https:\\\/\\\/media.radiolitoral.com\\\/wp-content\\\/uploads\\\/2023\\\/02\\\/24143238\\\/CL-V-RadioLitoral696.png\",\"width\":696,\"height\":696,\"caption\":\"Radio Litoral\"},\"image\":{\"@id\":\"https:\\\/\\\/radiolitoral.com\\\/#\\\/schema\\\/logo\\\/image\\\/\"},\"sameAs\":[\"https:\\\/\\\/www.facebook.com\\\/Laradiolitoral\\\/\"]},{\"@type\":\"Person\",\"@id\":\"https:\\\/\\\/radiolitoral.com\\\/#\\\/schema\\\/person\\\/f2b2343c49b5d721857cc1002bfdb151\",\"name\":\"Redacci\u00f3n\",\"image\":{\"@type\":\"ImageObject\",\"inLanguage\":\"ca\",\"@id\":\"https:\\\/\\\/secure.gravatar.com\\\/avatar\\\/f771d896c203ad8b3382d7905cfcce5a5c9b008b84b3cd9114e9b9f4cb63f789?s=96&d=mm&r=g\",\"url\":\"https:\\\/\\\/secure.gravatar.com\\\/avatar\\\/f771d896c203ad8b3382d7905cfcce5a5c9b008b84b3cd9114e9b9f4cb63f789?s=96&d=mm&r=g\",\"contentUrl\":\"https:\\\/\\\/secure.gravatar.com\\\/avatar\\\/f771d896c203ad8b3382d7905cfcce5a5c9b008b84b3cd9114e9b9f4cb63f789?s=96&d=mm&r=g\",\"caption\":\"Redacci\u00f3n\"},\"url\":\"https:\\\/\\\/radiolitoral.com\\\/ca\\\/author\\\/miriam-pagan\\\/\"}]}<\/script>\n<!-- \/ Yoast SEO plugin. -->","yoast_head_json":{"title":"5 representants de la Marina Alta al Comit\u00e8 Provincial d&#039;Uni\u00f3 Municipalista | R\u00e0dio Litoral","description":"S\u00f3n Pepa Masi\u00e1 i Juan Carlos Parets, de Gent de D\u00e9nia; Rebeca Merch\u00e1n i Juan M. del Pino, de Som Calp; i M\u00aa Carmen Sala, pels Poblets Son Pepa Masi\u00e1 i Juan Carlos Parets, de Gent de D\u00e9nia; Rebeca Merch\u00e1n i Juan M. del Pino, de Som Calp; i M\u00aa Carmen Sala, pels Poblets","robots":{"index":"index","follow":"follow","max-snippet":"max-snippet:-1","max-image-preview":"max-image-preview:large","max-video-preview":"max-video-preview:-1"},"canonical":"https:\/\/radiolitoral.com\/ca\/2024\/05\/5-representants-de-la-marina-alta-al-comite-provincial-dunion-municipalista\/","og_locale":"ca_ES","og_type":"article","og_title":"5 representantes de la Marina Alta en el Comit\u00e9 Provincial de Uni\u00f3n Municipalista | R\u00e0dio Litoral","og_description":"Son Pepa Masi\u00e1 y Juan Carlos Parets, de Gent de D\u00e9nia; Rebeca Merch\u00e1n y Juan M. del Pino, de Somos Calpe; y M\u00aa Carmen Sala, por Els Poblets Son Pepa Masi\u00e1 y Juan Carlos Parets, de Gent de D\u00e9nia; Rebeca Merch\u00e1n y Juan M. del Pino, de Somos Calpe; y M\u00aa Carmen Sala, por Els Poblets","og_url":"https:\/\/radiolitoral.com\/ca\/2024\/05\/5-representants-de-la-marina-alta-al-comite-provincial-dunion-municipalista\/","og_site_name":"R\u00e0dio Litoral","article_publisher":"https:\/\/www.facebook.com\/Laradiolitoral\/","article_published_time":"2024-05-27T12:33:50+00:00","og_image":[{"width":1518,"height":960,"url":"https:\/\/media.radiolitoral.com\/wp-content\/uploads\/2024\/05\/27143158\/GD-Comite-Provincial-de-Union-Municipalista.jpg","type":"image\/jpeg"}],"author":"Redacci\u00f3n","twitter_card":"summary_large_image","twitter_misc":{"Escrit per":"Redacci\u00f3n","Temps estimat de lectura":"3 minuts"},"schema":{"@context":"https:\/\/schema.org","@graph":[{"@type":"NewsArticle","@id":"https:\/\/radiolitoral.com\/2024\/05\/5-representantes-de-la-marina-alta-en-el-comite-provincial-de-union-municipalista\/#article","isPartOf":{"@id":"https:\/\/radiolitoral.com\/2024\/05\/5-representantes-de-la-marina-alta-en-el-comite-provincial-de-union-municipalista\/"},"author":{"name":"Redacci\u00f3n","@id":"https:\/\/radiolitoral.com\/#\/schema\/person\/f2b2343c49b5d721857cc1002bfdb151"},"headline":"5 representantes de la Marina Alta en el Comit\u00e9 Provincial de Uni\u00f3n Municipalista","datePublished":"2024-05-27T12:33:50+00:00","mainEntityOfPage":{"@id":"https:\/\/radiolitoral.com\/2024\/05\/5-representantes-de-la-marina-alta-en-el-comite-provincial-de-union-municipalista\/"},"wordCount":436,"commentCount":0,"publisher":{"@id":"https:\/\/radiolitoral.com\/#organization"},"image":{"@id":"https:\/\/radiolitoral.com\/2024\/05\/5-representantes-de-la-marina-alta-en-el-comite-provincial-de-union-municipalista\/#primaryimage"},"thumbnailUrl":"https:\/\/media.radiolitoral.com\/wp-content\/uploads\/2024\/05\/27143158\/GD-Comite-Provincial-de-Union-Municipalista.jpg","keywords":["Calpe","D\u00e9nia","Els Poblets","Gent de D\u00e9nia","partidos independientes","pol\u00edtica","Somos Calpe"],"articleSection":["Pol\u00edtica"],"inLanguage":"ca","potentialAction":[{"@type":"CommentAction","name":"Comment","target":["https:\/\/radiolitoral.com\/2024\/05\/5-representantes-de-la-marina-alta-en-el-comite-provincial-de-union-municipalista\/#respond"]}]},{"@type":["WebPage","ItemPage"],"@id":"https:\/\/radiolitoral.com\/2024\/05\/5-representantes-de-la-marina-alta-en-el-comite-provincial-de-union-municipalista\/","url":"https:\/\/radiolitoral.com\/2024\/05\/5-representantes-de-la-marina-alta-en-el-comite-provincial-de-union-municipalista\/","name":"5 representants de la Marina Alta al Comit\u00e8 Provincial d&#039;Uni\u00f3 Municipalista | R\u00e0dio Litoral","isPartOf":{"@id":"https:\/\/radiolitoral.com\/#website"},"primaryImageOfPage":{"@id":"https:\/\/radiolitoral.com\/2024\/05\/5-representantes-de-la-marina-alta-en-el-comite-provincial-de-union-municipalista\/#primaryimage"},"image":{"@id":"https:\/\/radiolitoral.com\/2024\/05\/5-representantes-de-la-marina-alta-en-el-comite-provincial-de-union-municipalista\/#primaryimage"},"thumbnailUrl":"https:\/\/media.radiolitoral.com\/wp-content\/uploads\/2024\/05\/27143158\/GD-Comite-Provincial-de-Union-Municipalista.jpg","datePublished":"2024-05-27T12:33:50+00:00","description":"S\u00f3n Pepa Masi\u00e1 i Juan Carlos Parets, de Gent de D\u00e9nia; Rebeca Merch\u00e1n i Juan M. del Pino, de Som Calp; i M\u00aa Carmen Sala, pels Poblets Son Pepa Masi\u00e1 i Juan Carlos Parets, de Gent de D\u00e9nia; Rebeca Merch\u00e1n i Juan M. del Pino, de Som Calp; i M\u00aa Carmen Sala, pels Poblets","breadcrumb":{"@id":"https:\/\/radiolitoral.com\/2024\/05\/5-representantes-de-la-marina-alta-en-el-comite-provincial-de-union-municipalista\/#breadcrumb"},"inLanguage":"ca","potentialAction":[{"@type":"ReadAction","target":["https:\/\/radiolitoral.com\/2024\/05\/5-representantes-de-la-marina-alta-en-el-comite-provincial-de-union-municipalista\/"]}]},{"@type":"ImageObject","inLanguage":"ca","@id":"https:\/\/radiolitoral.com\/2024\/05\/5-representantes-de-la-marina-alta-en-el-comite-provincial-de-union-municipalista\/#primaryimage","url":"https:\/\/media.radiolitoral.com\/wp-content\/uploads\/2024\/05\/27143158\/GD-Comite-Provincial-de-Union-Municipalista.jpg","contentUrl":"https:\/\/media.radiolitoral.com\/wp-content\/uploads\/2024\/05\/27143158\/GD-Comite-Provincial-de-Union-Municipalista.jpg","width":1518,"height":960},{"@type":"BreadcrumbList","@id":"https:\/\/radiolitoral.com\/2024\/05\/5-representantes-de-la-marina-alta-en-el-comite-provincial-de-union-municipalista\/#breadcrumb","itemListElement":[{"@type":"ListItem","position":1,"name":"Portada","item":"https:\/\/radiolitoral.com\/"},{"@type":"ListItem","position":2,"name":"5 representantes de la Marina Alta en el Comit\u00e9 Provincial de Uni\u00f3n Municipalista"}]},{"@type":"WebSite","@id":"https:\/\/radiolitoral.com\/#website","url":"https:\/\/radiolitoral.com\/","name":"R\u00e0dio Litoral","description":"La r\u00e0dio local de la Marina Alta","publisher":{"@id":"https:\/\/radiolitoral.com\/#organization"},"alternateName":"Litoral FM","potentialAction":[{"@type":"SearchAction","target":{"@type":"EntryPoint","urlTemplate":"https:\/\/radiolitoral.com\/?s={search_term_string}"},"query-input":{"@type":"PropertyValueSpecification","valueRequired":true,"valueName":"search_term_string"}}],"inLanguage":"ca"},{"@type":"Organization","@id":"https:\/\/radiolitoral.com\/#organization","name":"R\u00e0dio Litoral","url":"https:\/\/radiolitoral.com\/","logo":{"@type":"ImageObject","inLanguage":"ca","@id":"https:\/\/radiolitoral.com\/#\/schema\/logo\/image\/","url":"https:\/\/media.radiolitoral.com\/wp-content\/uploads\/2023\/02\/24143238\/CL-V-RadioLitoral696.png","contentUrl":"https:\/\/media.radiolitoral.com\/wp-content\/uploads\/2023\/02\/24143238\/CL-V-RadioLitoral696.png","width":696,"height":696,"caption":"Radio Litoral"},"image":{"@id":"https:\/\/radiolitoral.com\/#\/schema\/logo\/image\/"},"sameAs":["https:\/\/www.facebook.com\/Laradiolitoral\/"]},{"@type":"Person","@id":"https:\/\/radiolitoral.com\/#\/schema\/person\/f2b2343c49b5d721857cc1002bfdb151","name":"Redacci\u00f3","image":{"@type":"ImageObject","inLanguage":"ca","@id":"https:\/\/secure.gravatar.com\/avatar\/f771d896c203ad8b3382d7905cfcce5a5c9b008b84b3cd9114e9b9f4cb63f789?s=96&d=mm&r=g","url":"https:\/\/secure.gravatar.com\/avatar\/f771d896c203ad8b3382d7905cfcce5a5c9b008b84b3cd9114e9b9f4cb63f789?s=96&d=mm&r=g","contentUrl":"https:\/\/secure.gravatar.com\/avatar\/f771d896c203ad8b3382d7905cfcce5a5c9b008b84b3cd9114e9b9f4cb63f789?s=96&d=mm&r=g","caption":"Redacci\u00f3n"},"url":"https:\/\/radiolitoral.com\/ca\/author\/miriam-pagan\/"}]}},"_links":{"self":[{"href":"https:\/\/radiolitoral.com\/ca\/wp-json\/wp\/v2\/posts\/9175","targetHints":{"allow":["GET"]}}],"collection":[{"href":"https:\/\/radiolitoral.com\/ca\/wp-json\/wp\/v2\/posts"}],"about":[{"href":"https:\/\/radiolitoral.com\/ca\/wp-json\/wp\/v2\/types\/post"}],"author":[{"embeddable":true,"href":"https:\/\/radiolitoral.com\/ca\/wp-json\/wp\/v2\/users\/13"}],"replies":[{"embeddable":true,"href":"https:\/\/radiolitoral.com\/ca\/wp-json\/wp\/v2\/comments?post=9175"}],"version-history":[{"count":1,"href":"https:\/\/radiolitoral.com\/ca\/wp-json\/wp\/v2\/posts\/9175\/revisions"}],"predecessor-version":[{"id":9177,"href":"https:\/\/radiolitoral.com\/ca\/wp-json\/wp\/v2\/posts\/9175\/revisions\/9177"}],"wp:featuredmedia":[{"embeddable":true,"href":"https:\/\/radiolitoral.com\/ca\/wp-json\/wp\/v2\/media\/9176"}],"wp:attachment":[{"href":"https:\/\/radiolitoral.com\/ca\/wp-json\/wp\/v2\/media?parent=9175"}],"wp:term":[{"taxonomy":"category","embeddable":true,"href":"https:\/\/radiolitoral.com\/ca\/wp-json\/wp\/v2\/categories?post=9175"},{"taxonomy":"post_tag","embeddable":true,"href":"https:\/\/radiolitoral.com\/ca\/wp-json\/wp\/v2\/tags?post=9175"}],"curies":[{"name":"wp","href":"https:\/\/api.w.org\/{rel}","templated":true}]}}