{"id":9145,"date":"2024-05-27T10:47:49","date_gmt":"2024-05-27T08:47:49","guid":{"rendered":"https:\/\/radiolitoral.com\/?p=9145"},"modified":"2024-05-27T10:55:46","modified_gmt":"2024-05-27T08:55:46","slug":"el-denia-bc-mes-a-prop-de-lascens-a-tercera-divisio","status":"publish","type":"post","link":"https:\/\/radiolitoral.com\/ca\/2024\/05\/el-denia-bc-mas-cerca-del-ascenso-a-tercera-division\/","title":{"rendered":"El D\u00e9nia BC m\u00e9s a prop de l&#039;ascens a Tercera Divisi\u00f3"},"content":{"rendered":"<p>Aquest cap de setmana, el <strong>D\u00e9nia BC<\/strong> ha marcat una fita significativa en classificar-se per a la <strong>Final Four<\/strong>, assegurant-se un lloc en la lluita pel campionat auton\u00f2mic de Primera Nacional i l&#039;anhelat ascens a la nova T<strong>ercera Divisi\u00f3<\/strong>, antiga <strong>Lliga EBA<\/strong>. Despr\u00e9s de superar el <strong>Burjassot CB<\/strong> als quarts de final <strong>(62-70)<\/strong>, els dianencs enfrontaran el seu proper desafiament a Canals, on es decidir\u00e0 tot.<\/p>\n<p>Tot i ser percebuts com la baula m\u00e9s feble entre els contendents, que inclouen equips de la talla de <strong>Maristes Val\u00e8ncia<\/strong>, <strong>CB Altea <\/strong>i <strong>Jovens Alm\u00e0ssera<\/strong>, el D\u00e9nia BC no s&#039;amilana. Dirigits per <strong>Eduardo Clavero<\/strong>, els dianencs disputaran la segona semifinal contra el CB Altea a les 19:00 hores. Una vict\u00f2ria els obriria la porta a la final de diumenge a les 12.00 hores, mentre que una derrota els relegaria a competir pel tercer lloc a les 10.00 hores del mateix dia.<\/p>\n<p>L&#039;escenari per a la Lliga de Tercera Divisi\u00f3 \u00e9s especialment prometedor aquest any. A causa de les vacants addicionals i els ascensos a la Segona Divisi\u00f3, pr\u00e0cticament tots els equips a la Final Four podrien assegurar-se un lloc a la propera temporada de la Lliga Tercera Divisi\u00f3. Aix\u00f2 representa una oportunitat daurada per al D\u00e9nia BC, que podria tornar a una competici\u00f3 d&#039;\u00e0mbit nacional, on la hist\u00f2ria i l&#039;esfor\u00e7 continuat al planter justifiquen el seu lloc.<\/p>\n<figure id=\"attachment_9147\" aria-describedby=\"caption-attachment-9147\" style=\"width: 1872px\" class=\"wp-caption alignnone\"><img loading=\"lazy\" decoding=\"async\" class=\"wp-image-9147 size-full\" src=\"https:\/\/media.radiolitoral.com\/wp-content\/uploads\/2024\/05\/27104704\/DBC-SENIOR-NACIONAL-CELEBRA-CON-SU-AFICION.jpg\" alt=\"\" width=\"1872\" height=\"1248\" srcset=\"https:\/\/media.radiolitoral.com\/wp-content\/uploads\/2024\/05\/27104704\/DBC-SENIOR-NACIONAL-CELEBRA-CON-SU-AFICION.jpg 1872w, https:\/\/media.radiolitoral.com\/wp-content\/uploads\/2024\/05\/27104704\/DBC-SENIOR-NACIONAL-CELEBRA-CON-SU-AFICION-300x200.jpg 300w, https:\/\/media.radiolitoral.com\/wp-content\/uploads\/2024\/05\/27104704\/DBC-SENIOR-NACIONAL-CELEBRA-CON-SU-AFICION-1024x683.jpg 1024w, https:\/\/media.radiolitoral.com\/wp-content\/uploads\/2024\/05\/27104704\/DBC-SENIOR-NACIONAL-CELEBRA-CON-SU-AFICION-768x512.jpg 768w, https:\/\/media.radiolitoral.com\/wp-content\/uploads\/2024\/05\/27104704\/DBC-SENIOR-NACIONAL-CELEBRA-CON-SU-AFICION-1536x1024.jpg 1536w, https:\/\/media.radiolitoral.com\/wp-content\/uploads\/2024\/05\/27104704\/DBC-SENIOR-NACIONAL-CELEBRA-CON-SU-AFICION-18x12.jpg 18w, https:\/\/media.radiolitoral.com\/wp-content\/uploads\/2024\/05\/27104704\/DBC-SENIOR-NACIONAL-CELEBRA-CON-SU-AFICION-1000x667.jpg 1000w, https:\/\/media.radiolitoral.com\/wp-content\/uploads\/2024\/05\/27104704\/DBC-SENIOR-NACIONAL-CELEBRA-CON-SU-AFICION-100x67.jpg 100w, https:\/\/media.radiolitoral.com\/wp-content\/uploads\/2024\/05\/27104704\/DBC-SENIOR-NACIONAL-CELEBRA-CON-SU-AFICION-200x133.jpg 200w\" sizes=\"auto, (max-width: 1872px) 100vw, 1872px\" \/><figcaption id=\"caption-attachment-9147\" class=\"wp-caption-text\">Aficionats i jugadors del D\u00e9nia BC celebrant la vict\u00f2ria |D\u00e9nia BC<\/figcaption><\/figure>\n<p>&nbsp;<\/p>\n<p>Tot i aix\u00f2, la decisi\u00f3 d&#039;ascendir involucra tamb\u00e9 una an\u00e0lisi acurada del pressupost per part de la directiva del club, liderada per la presidenta <strong>Marisa Cervera<\/strong>. El salt a la Tercera Divisi\u00f3 comporta implicacions financeres notables que han de ser avaluades amb precisi\u00f3 per garantir la sostenibilitat del club al nivell superior.<\/p>\n<p>Aix\u00ed, el D\u00e9nia BC es troba davant d&#039;una emocionant cru\u00eflla que podria definir el seu futur immediat en el panorama del b\u00e0squet nacional. Amb la comunitat i els aficionats recolzant, l&#039;equip es prepara no nom\u00e9s per competir, sin\u00f3 per deixar una marca indeleble a la tornada a les grans lligues del b\u00e0squet espanyol.<\/p>\n<p>&nbsp;<\/p>","protected":false},"excerpt":{"rendered":"<p>Este fin de semana, el D\u00e9nia BC ha marcado un hito significativo al clasificarse para la Final Four, asegur\u00e1ndose un puesto en la lucha por el campeonato auton\u00f3mico de Primera Nacional y el ansiado ascenso a la nueva Tercera Divisi\u00f3n, antigua Liga EBA. Tras superar al Burjassot CB en los cuartos de final (62-70), los [&#8230;]<\/p>\n<p><a class=\"btn btn-secondary understrap-read-more-link\" href=\"https:\/\/radiolitoral.com\/ca\/2024\/05\/el-denia-bc-mas-cerca-del-ascenso-a-tercera-division\/\">Continua llegint&#8230;<span class=\"screen-reader-text\"> from El D\u00e9nia BC m\u00e1s cerca del ascenso a Tercera Divisi\u00f3n<\/span><\/a><\/p>\n","protected":false},"author":12,"featured_media":9146,"comment_status":"open","ping_status":"closed","sticky":false,"template":"","format":"standard","meta":{"_acf_changed":false,"inline_featured_image":false,"footnotes":""},"categories":[5],"tags":[1384,1383,1355,6,965,1385,966,1386,1382],"class_list":["post-9145","post","type-post","status-publish","format-standard","has-post-thumbnail","hentry","category-deportes","tag-cb-alginet","tag-cb-altea","tag-denia-bc","tag-deportes","tag-eduardo-clavero","tag-jovens-almassera","tag-liga-eba","tag-marisa-cervera","tag-maristas-valencia","cobertura-denia"],"acf":[],"yoast_head":"<!-- This site is optimized with the Yoast SEO plugin v27.5 - https:\/\/yoast.com\/product\/yoast-seo-wordpress\/ -->\n<title>El D\u00e9nia BC m\u00e1s cerca del ascenso a Tercera Divisi\u00f3n | R\u00e0dio Litoral<\/title>\n<meta name=\"description\" content=\"Los dianenses jugar\u00e1n la Final Four en Canals tras ganar en cuartos de final al Burjassot CB por 62 a 70 Los dianenses jugar\u00e1n la Final Four en Canals tras ganar en cuartos de final al Burjassot CB por 62 a 70\" \/>\n<meta name=\"robots\" content=\"index, follow, max-snippet:-1, max-image-preview:large, max-video-preview:-1\" \/>\n<link rel=\"canonical\" href=\"https:\/\/radiolitoral.com\/ca\/2024\/05\/el-denia-bc-mes-a-prop-de-lascens-a-tercera-divisio\/\" \/>\n<meta property=\"og:locale\" content=\"ca_ES\" \/>\n<meta property=\"og:type\" content=\"article\" \/>\n<meta property=\"og:title\" content=\"El D\u00e9nia BC m\u00e1s cerca del ascenso a Tercera Divisi\u00f3n | R\u00e0dio Litoral\" \/>\n<meta property=\"og:description\" content=\"Los dianenses jugar\u00e1n la Final Four en Canals tras ganar en cuartos de final al Burjassot CB por 62 a 70 Los dianenses jugar\u00e1n la Final Four en Canals tras ganar en cuartos de final al Burjassot CB por 62 a 70\" \/>\n<meta property=\"og:url\" content=\"https:\/\/radiolitoral.com\/ca\/2024\/05\/el-denia-bc-mes-a-prop-de-lascens-a-tercera-divisio\/\" \/>\n<meta property=\"og:site_name\" content=\"R\u00e0dio Litoral\" \/>\n<meta property=\"article:publisher\" content=\"https:\/\/www.facebook.com\/Laradiolitoral\/\" \/>\n<meta property=\"article:published_time\" content=\"2024-05-27T08:47:49+00:00\" \/>\n<meta property=\"article:modified_time\" content=\"2024-05-27T08:55:46+00:00\" \/>\n<meta property=\"og:image\" content=\"https:\/\/media.radiolitoral.com\/wp-content\/uploads\/2024\/05\/27103708\/DENIA-BASQUET-CLASIFICADO-PARA-FINAL-A-CUATRO-DE-CANALS.jpg\" \/>\n\t<meta property=\"og:image:width\" content=\"1872\" \/>\n\t<meta property=\"og:image:height\" content=\"1248\" \/>\n\t<meta property=\"og:image:type\" content=\"image\/jpeg\" \/>\n<meta name=\"author\" content=\"Javier Zamora\" \/>\n<meta name=\"twitter:card\" content=\"summary_large_image\" \/>\n<meta name=\"twitter:label1\" content=\"Escrit per\" \/>\n\t<meta name=\"twitter:data1\" content=\"Javier Zamora\" \/>\n\t<meta name=\"twitter:label2\" content=\"Temps estimat de lectura\" \/>\n\t<meta name=\"twitter:data2\" content=\"3 minuts\" \/>\n<script type=\"application\/ld+json\" class=\"yoast-schema-graph\">{\"@context\":\"https:\\\/\\\/schema.org\",\"@graph\":[{\"@type\":\"NewsArticle\",\"@id\":\"https:\\\/\\\/radiolitoral.com\\\/2024\\\/05\\\/el-denia-bc-mas-cerca-del-ascenso-a-tercera-division\\\/#article\",\"isPartOf\":{\"@id\":\"https:\\\/\\\/radiolitoral.com\\\/2024\\\/05\\\/el-denia-bc-mas-cerca-del-ascenso-a-tercera-division\\\/\"},\"author\":{\"name\":\"Javier Zamora\",\"@id\":\"https:\\\/\\\/radiolitoral.com\\\/#\\\/schema\\\/person\\\/7b1480b5caeb5acdd4ec6379caf62b22\"},\"headline\":\"El D\u00e9nia BC m\u00e1s cerca del ascenso a Tercera Divisi\u00f3n\",\"datePublished\":\"2024-05-27T08:47:49+00:00\",\"dateModified\":\"2024-05-27T08:55:46+00:00\",\"mainEntityOfPage\":{\"@id\":\"https:\\\/\\\/radiolitoral.com\\\/2024\\\/05\\\/el-denia-bc-mas-cerca-del-ascenso-a-tercera-division\\\/\"},\"wordCount\":400,\"commentCount\":0,\"publisher\":{\"@id\":\"https:\\\/\\\/radiolitoral.com\\\/#organization\"},\"image\":{\"@id\":\"https:\\\/\\\/radiolitoral.com\\\/2024\\\/05\\\/el-denia-bc-mas-cerca-del-ascenso-a-tercera-division\\\/#primaryimage\"},\"thumbnailUrl\":\"https:\\\/\\\/media.radiolitoral.com\\\/wp-content\\\/uploads\\\/2024\\\/05\\\/27103708\\\/DENIA-BASQUET-CLASIFICADO-PARA-FINAL-A-CUATRO-DE-CANALS.jpg\",\"keywords\":[\"CB Alginet\",\"CB Altea\",\"D\u00e9nia BC\",\"deportes\",\"Eduardo Clavero\",\"Jovens Alm\u00e0ssera\",\"Liga EBA\",\"Marisa Cervera\",\"Maristas Valencia\"],\"articleSection\":[\"Deportes\"],\"inLanguage\":\"ca\",\"potentialAction\":[{\"@type\":\"CommentAction\",\"name\":\"Comment\",\"target\":[\"https:\\\/\\\/radiolitoral.com\\\/2024\\\/05\\\/el-denia-bc-mas-cerca-del-ascenso-a-tercera-division\\\/#respond\"]}]},{\"@type\":[\"WebPage\",\"ItemPage\"],\"@id\":\"https:\\\/\\\/radiolitoral.com\\\/2024\\\/05\\\/el-denia-bc-mas-cerca-del-ascenso-a-tercera-division\\\/\",\"url\":\"https:\\\/\\\/radiolitoral.com\\\/2024\\\/05\\\/el-denia-bc-mas-cerca-del-ascenso-a-tercera-division\\\/\",\"name\":\"El D\u00e9nia BC m\u00e1s cerca del ascenso a Tercera Divisi\u00f3n | R\u00e0dio Litoral\",\"isPartOf\":{\"@id\":\"https:\\\/\\\/radiolitoral.com\\\/#website\"},\"primaryImageOfPage\":{\"@id\":\"https:\\\/\\\/radiolitoral.com\\\/2024\\\/05\\\/el-denia-bc-mas-cerca-del-ascenso-a-tercera-division\\\/#primaryimage\"},\"image\":{\"@id\":\"https:\\\/\\\/radiolitoral.com\\\/2024\\\/05\\\/el-denia-bc-mas-cerca-del-ascenso-a-tercera-division\\\/#primaryimage\"},\"thumbnailUrl\":\"https:\\\/\\\/media.radiolitoral.com\\\/wp-content\\\/uploads\\\/2024\\\/05\\\/27103708\\\/DENIA-BASQUET-CLASIFICADO-PARA-FINAL-A-CUATRO-DE-CANALS.jpg\",\"datePublished\":\"2024-05-27T08:47:49+00:00\",\"dateModified\":\"2024-05-27T08:55:46+00:00\",\"description\":\"Los dianenses jugar\u00e1n la Final Four en Canals tras ganar en cuartos de final al Burjassot CB por 62 a 70 Los dianenses jugar\u00e1n la Final Four en Canals tras ganar en cuartos de final al Burjassot CB por 62 a 70\",\"breadcrumb\":{\"@id\":\"https:\\\/\\\/radiolitoral.com\\\/2024\\\/05\\\/el-denia-bc-mas-cerca-del-ascenso-a-tercera-division\\\/#breadcrumb\"},\"inLanguage\":\"ca\",\"potentialAction\":[{\"@type\":\"ReadAction\",\"target\":[\"https:\\\/\\\/radiolitoral.com\\\/2024\\\/05\\\/el-denia-bc-mas-cerca-del-ascenso-a-tercera-division\\\/\"]}]},{\"@type\":\"ImageObject\",\"inLanguage\":\"ca\",\"@id\":\"https:\\\/\\\/radiolitoral.com\\\/2024\\\/05\\\/el-denia-bc-mas-cerca-del-ascenso-a-tercera-division\\\/#primaryimage\",\"url\":\"https:\\\/\\\/media.radiolitoral.com\\\/wp-content\\\/uploads\\\/2024\\\/05\\\/27103708\\\/DENIA-BASQUET-CLASIFICADO-PARA-FINAL-A-CUATRO-DE-CANALS.jpg\",\"contentUrl\":\"https:\\\/\\\/media.radiolitoral.com\\\/wp-content\\\/uploads\\\/2024\\\/05\\\/27103708\\\/DENIA-BASQUET-CLASIFICADO-PARA-FINAL-A-CUATRO-DE-CANALS.jpg\",\"width\":1872,\"height\":1248},{\"@type\":\"BreadcrumbList\",\"@id\":\"https:\\\/\\\/radiolitoral.com\\\/2024\\\/05\\\/el-denia-bc-mas-cerca-del-ascenso-a-tercera-division\\\/#breadcrumb\",\"itemListElement\":[{\"@type\":\"ListItem\",\"position\":1,\"name\":\"Portada\",\"item\":\"https:\\\/\\\/radiolitoral.com\\\/\"},{\"@type\":\"ListItem\",\"position\":2,\"name\":\"El D\u00e9nia BC m\u00e1s cerca del ascenso a Tercera Divisi\u00f3n\"}]},{\"@type\":\"WebSite\",\"@id\":\"https:\\\/\\\/radiolitoral.com\\\/#website\",\"url\":\"https:\\\/\\\/radiolitoral.com\\\/\",\"name\":\"Radio Litoral\",\"description\":\"La radio local de la Marina Alta\",\"publisher\":{\"@id\":\"https:\\\/\\\/radiolitoral.com\\\/#organization\"},\"alternateName\":\"Litoral FM\",\"potentialAction\":[{\"@type\":\"SearchAction\",\"target\":{\"@type\":\"EntryPoint\",\"urlTemplate\":\"https:\\\/\\\/radiolitoral.com\\\/?s={search_term_string}\"},\"query-input\":{\"@type\":\"PropertyValueSpecification\",\"valueRequired\":true,\"valueName\":\"search_term_string\"}}],\"inLanguage\":\"ca\"},{\"@type\":\"Organization\",\"@id\":\"https:\\\/\\\/radiolitoral.com\\\/#organization\",\"name\":\"Radio Litoral\",\"url\":\"https:\\\/\\\/radiolitoral.com\\\/\",\"logo\":{\"@type\":\"ImageObject\",\"inLanguage\":\"ca\",\"@id\":\"https:\\\/\\\/radiolitoral.com\\\/#\\\/schema\\\/logo\\\/image\\\/\",\"url\":\"https:\\\/\\\/media.radiolitoral.com\\\/wp-content\\\/uploads\\\/2023\\\/02\\\/24143238\\\/CL-V-RadioLitoral696.png\",\"contentUrl\":\"https:\\\/\\\/media.radiolitoral.com\\\/wp-content\\\/uploads\\\/2023\\\/02\\\/24143238\\\/CL-V-RadioLitoral696.png\",\"width\":696,\"height\":696,\"caption\":\"Radio Litoral\"},\"image\":{\"@id\":\"https:\\\/\\\/radiolitoral.com\\\/#\\\/schema\\\/logo\\\/image\\\/\"},\"sameAs\":[\"https:\\\/\\\/www.facebook.com\\\/Laradiolitoral\\\/\"]},{\"@type\":\"Person\",\"@id\":\"https:\\\/\\\/radiolitoral.com\\\/#\\\/schema\\\/person\\\/7b1480b5caeb5acdd4ec6379caf62b22\",\"name\":\"Javier Zamora\",\"image\":{\"@type\":\"ImageObject\",\"inLanguage\":\"ca\",\"@id\":\"https:\\\/\\\/secure.gravatar.com\\\/avatar\\\/467a11f6918c7d619c4043fc6fa2d3853053107973f05b6e9c04ea6c4e3a7b3f?s=96&d=mm&r=g\",\"url\":\"https:\\\/\\\/secure.gravatar.com\\\/avatar\\\/467a11f6918c7d619c4043fc6fa2d3853053107973f05b6e9c04ea6c4e3a7b3f?s=96&d=mm&r=g\",\"contentUrl\":\"https:\\\/\\\/secure.gravatar.com\\\/avatar\\\/467a11f6918c7d619c4043fc6fa2d3853053107973f05b6e9c04ea6c4e3a7b3f?s=96&d=mm&r=g\",\"caption\":\"Javier Zamora\"},\"url\":\"https:\\\/\\\/radiolitoral.com\\\/ca\\\/author\\\/javier-zamora\\\/\"}]}<\/script>\n<!-- \/ Yoast SEO plugin. -->","yoast_head_json":{"title":"El D\u00e9nia BC m\u00e9s a prop de l&#039;ascens a la Tercera Divisi\u00f3 | R\u00e0dio Litoral","description":"Els dianencs jugaran la Final Four a Canals despr\u00e9s de guanyar a quarts de final el Burjassot CB per 62 a 70 Els dianencs jugaran la Final Four a Canals despr\u00e9s de guanyar a quarts de final al Burjassot CB per 62 a 70","robots":{"index":"index","follow":"follow","max-snippet":"max-snippet:-1","max-image-preview":"max-image-preview:large","max-video-preview":"max-video-preview:-1"},"canonical":"https:\/\/radiolitoral.com\/ca\/2024\/05\/el-denia-bc-mes-a-prop-de-lascens-a-tercera-divisio\/","og_locale":"ca_ES","og_type":"article","og_title":"El D\u00e9nia BC m\u00e1s cerca del ascenso a Tercera Divisi\u00f3n | R\u00e0dio Litoral","og_description":"Los dianenses jugar\u00e1n la Final Four en Canals tras ganar en cuartos de final al Burjassot CB por 62 a 70 Los dianenses jugar\u00e1n la Final Four en Canals tras ganar en cuartos de final al Burjassot CB por 62 a 70","og_url":"https:\/\/radiolitoral.com\/ca\/2024\/05\/el-denia-bc-mes-a-prop-de-lascens-a-tercera-divisio\/","og_site_name":"R\u00e0dio Litoral","article_publisher":"https:\/\/www.facebook.com\/Laradiolitoral\/","article_published_time":"2024-05-27T08:47:49+00:00","article_modified_time":"2024-05-27T08:55:46+00:00","og_image":[{"width":1872,"height":1248,"url":"https:\/\/media.radiolitoral.com\/wp-content\/uploads\/2024\/05\/27103708\/DENIA-BASQUET-CLASIFICADO-PARA-FINAL-A-CUATRO-DE-CANALS.jpg","type":"image\/jpeg"}],"author":"Javier Zamora","twitter_card":"summary_large_image","twitter_misc":{"Escrit per":"Javier Zamora","Temps estimat de lectura":"3 minuts"},"schema":{"@context":"https:\/\/schema.org","@graph":[{"@type":"NewsArticle","@id":"https:\/\/radiolitoral.com\/2024\/05\/el-denia-bc-mas-cerca-del-ascenso-a-tercera-division\/#article","isPartOf":{"@id":"https:\/\/radiolitoral.com\/2024\/05\/el-denia-bc-mas-cerca-del-ascenso-a-tercera-division\/"},"author":{"name":"Javier Zamora","@id":"https:\/\/radiolitoral.com\/#\/schema\/person\/7b1480b5caeb5acdd4ec6379caf62b22"},"headline":"El D\u00e9nia BC m\u00e1s cerca del ascenso a Tercera Divisi\u00f3n","datePublished":"2024-05-27T08:47:49+00:00","dateModified":"2024-05-27T08:55:46+00:00","mainEntityOfPage":{"@id":"https:\/\/radiolitoral.com\/2024\/05\/el-denia-bc-mas-cerca-del-ascenso-a-tercera-division\/"},"wordCount":400,"commentCount":0,"publisher":{"@id":"https:\/\/radiolitoral.com\/#organization"},"image":{"@id":"https:\/\/radiolitoral.com\/2024\/05\/el-denia-bc-mas-cerca-del-ascenso-a-tercera-division\/#primaryimage"},"thumbnailUrl":"https:\/\/media.radiolitoral.com\/wp-content\/uploads\/2024\/05\/27103708\/DENIA-BASQUET-CLASIFICADO-PARA-FINAL-A-CUATRO-DE-CANALS.jpg","keywords":["CB Alginet","CB Altea","D\u00e9nia BC","deportes","Eduardo Clavero","Jovens Alm\u00e0ssera","Liga EBA","Marisa Cervera","Maristas Valencia"],"articleSection":["Deportes"],"inLanguage":"ca","potentialAction":[{"@type":"CommentAction","name":"Comment","target":["https:\/\/radiolitoral.com\/2024\/05\/el-denia-bc-mas-cerca-del-ascenso-a-tercera-division\/#respond"]}]},{"@type":["WebPage","ItemPage"],"@id":"https:\/\/radiolitoral.com\/2024\/05\/el-denia-bc-mas-cerca-del-ascenso-a-tercera-division\/","url":"https:\/\/radiolitoral.com\/2024\/05\/el-denia-bc-mas-cerca-del-ascenso-a-tercera-division\/","name":"El D\u00e9nia BC m\u00e9s a prop de l&#039;ascens a la Tercera Divisi\u00f3 | R\u00e0dio Litoral","isPartOf":{"@id":"https:\/\/radiolitoral.com\/#website"},"primaryImageOfPage":{"@id":"https:\/\/radiolitoral.com\/2024\/05\/el-denia-bc-mas-cerca-del-ascenso-a-tercera-division\/#primaryimage"},"image":{"@id":"https:\/\/radiolitoral.com\/2024\/05\/el-denia-bc-mas-cerca-del-ascenso-a-tercera-division\/#primaryimage"},"thumbnailUrl":"https:\/\/media.radiolitoral.com\/wp-content\/uploads\/2024\/05\/27103708\/DENIA-BASQUET-CLASIFICADO-PARA-FINAL-A-CUATRO-DE-CANALS.jpg","datePublished":"2024-05-27T08:47:49+00:00","dateModified":"2024-05-27T08:55:46+00:00","description":"Els dianencs jugaran la Final Four a Canals despr\u00e9s de guanyar a quarts de final el Burjassot CB per 62 a 70 Els dianencs jugaran la Final Four a Canals despr\u00e9s de guanyar a quarts de final al Burjassot CB per 62 a 70","breadcrumb":{"@id":"https:\/\/radiolitoral.com\/2024\/05\/el-denia-bc-mas-cerca-del-ascenso-a-tercera-division\/#breadcrumb"},"inLanguage":"ca","potentialAction":[{"@type":"ReadAction","target":["https:\/\/radiolitoral.com\/2024\/05\/el-denia-bc-mas-cerca-del-ascenso-a-tercera-division\/"]}]},{"@type":"ImageObject","inLanguage":"ca","@id":"https:\/\/radiolitoral.com\/2024\/05\/el-denia-bc-mas-cerca-del-ascenso-a-tercera-division\/#primaryimage","url":"https:\/\/media.radiolitoral.com\/wp-content\/uploads\/2024\/05\/27103708\/DENIA-BASQUET-CLASIFICADO-PARA-FINAL-A-CUATRO-DE-CANALS.jpg","contentUrl":"https:\/\/media.radiolitoral.com\/wp-content\/uploads\/2024\/05\/27103708\/DENIA-BASQUET-CLASIFICADO-PARA-FINAL-A-CUATRO-DE-CANALS.jpg","width":1872,"height":1248},{"@type":"BreadcrumbList","@id":"https:\/\/radiolitoral.com\/2024\/05\/el-denia-bc-mas-cerca-del-ascenso-a-tercera-division\/#breadcrumb","itemListElement":[{"@type":"ListItem","position":1,"name":"Portada","item":"https:\/\/radiolitoral.com\/"},{"@type":"ListItem","position":2,"name":"El D\u00e9nia BC m\u00e1s cerca del ascenso a Tercera Divisi\u00f3n"}]},{"@type":"WebSite","@id":"https:\/\/radiolitoral.com\/#website","url":"https:\/\/radiolitoral.com\/","name":"R\u00e0dio Litoral","description":"La r\u00e0dio local de la Marina Alta","publisher":{"@id":"https:\/\/radiolitoral.com\/#organization"},"alternateName":"Litoral FM","potentialAction":[{"@type":"SearchAction","target":{"@type":"EntryPoint","urlTemplate":"https:\/\/radiolitoral.com\/?s={search_term_string}"},"query-input":{"@type":"PropertyValueSpecification","valueRequired":true,"valueName":"search_term_string"}}],"inLanguage":"ca"},{"@type":"Organization","@id":"https:\/\/radiolitoral.com\/#organization","name":"R\u00e0dio Litoral","url":"https:\/\/radiolitoral.com\/","logo":{"@type":"ImageObject","inLanguage":"ca","@id":"https:\/\/radiolitoral.com\/#\/schema\/logo\/image\/","url":"https:\/\/media.radiolitoral.com\/wp-content\/uploads\/2023\/02\/24143238\/CL-V-RadioLitoral696.png","contentUrl":"https:\/\/media.radiolitoral.com\/wp-content\/uploads\/2023\/02\/24143238\/CL-V-RadioLitoral696.png","width":696,"height":696,"caption":"Radio Litoral"},"image":{"@id":"https:\/\/radiolitoral.com\/#\/schema\/logo\/image\/"},"sameAs":["https:\/\/www.facebook.com\/Laradiolitoral\/"]},{"@type":"Person","@id":"https:\/\/radiolitoral.com\/#\/schema\/person\/7b1480b5caeb5acdd4ec6379caf62b22","name":"Javier Zamora","image":{"@type":"ImageObject","inLanguage":"ca","@id":"https:\/\/secure.gravatar.com\/avatar\/467a11f6918c7d619c4043fc6fa2d3853053107973f05b6e9c04ea6c4e3a7b3f?s=96&d=mm&r=g","url":"https:\/\/secure.gravatar.com\/avatar\/467a11f6918c7d619c4043fc6fa2d3853053107973f05b6e9c04ea6c4e3a7b3f?s=96&d=mm&r=g","contentUrl":"https:\/\/secure.gravatar.com\/avatar\/467a11f6918c7d619c4043fc6fa2d3853053107973f05b6e9c04ea6c4e3a7b3f?s=96&d=mm&r=g","caption":"Javier Zamora"},"url":"https:\/\/radiolitoral.com\/ca\/author\/javier-zamora\/"}]}},"_links":{"self":[{"href":"https:\/\/radiolitoral.com\/ca\/wp-json\/wp\/v2\/posts\/9145","targetHints":{"allow":["GET"]}}],"collection":[{"href":"https:\/\/radiolitoral.com\/ca\/wp-json\/wp\/v2\/posts"}],"about":[{"href":"https:\/\/radiolitoral.com\/ca\/wp-json\/wp\/v2\/types\/post"}],"author":[{"embeddable":true,"href":"https:\/\/radiolitoral.com\/ca\/wp-json\/wp\/v2\/users\/12"}],"replies":[{"embeddable":true,"href":"https:\/\/radiolitoral.com\/ca\/wp-json\/wp\/v2\/comments?post=9145"}],"version-history":[{"count":2,"href":"https:\/\/radiolitoral.com\/ca\/wp-json\/wp\/v2\/posts\/9145\/revisions"}],"predecessor-version":[{"id":9151,"href":"https:\/\/radiolitoral.com\/ca\/wp-json\/wp\/v2\/posts\/9145\/revisions\/9151"}],"wp:featuredmedia":[{"embeddable":true,"href":"https:\/\/radiolitoral.com\/ca\/wp-json\/wp\/v2\/media\/9146"}],"wp:attachment":[{"href":"https:\/\/radiolitoral.com\/ca\/wp-json\/wp\/v2\/media?parent=9145"}],"wp:term":[{"taxonomy":"category","embeddable":true,"href":"https:\/\/radiolitoral.com\/ca\/wp-json\/wp\/v2\/categories?post=9145"},{"taxonomy":"post_tag","embeddable":true,"href":"https:\/\/radiolitoral.com\/ca\/wp-json\/wp\/v2\/tags?post=9145"}],"curies":[{"name":"wp","href":"https:\/\/api.w.org\/{rel}","templated":true}]}}