{"id":9040,"date":"2024-05-21T00:17:02","date_gmt":"2024-05-20T22:17:02","guid":{"rendered":"https:\/\/radiolitoral.com\/?p=9040"},"modified":"2024-05-21T00:17:02","modified_gmt":"2024-05-20T22:17:02","slug":"rida-i-ferrer-dominen-la-cursa-de-pedreguer","status":"publish","type":"post","link":"https:\/\/radiolitoral.com\/ca\/2024\/05\/rida-y-ferrer-dominan-la-cursa-de-pedreguer\/","title":{"rendered":"Rida i Ferrer dominen la Cursa de Pedreguer"},"content":{"rendered":"<p>En una jornada d&#039;atletisme espectacular, <strong>Moha Rida<\/strong>, del <strong>CE Llebeig X\u00e0bia<\/strong>, va tornar a demostrar per qu\u00e8 \u00e9s un dels favorits del <strong>Circuit a Peu Marina Alta<\/strong>, en conquerir una vegada m\u00e9s la carrera i millorar el seu propi r\u00e8cord a l&#039;edici\u00f3 anterior. Amb un temps impressionant de <strong>33:20<\/strong>, marcant un ritme de 3:20\/km, Rida es va imposar a la competici\u00f3, seguit de prop per <strong>Jos\u00e9 David Moruno<\/strong>, del <strong>CA Correcamins<\/strong>, qui va finalitzar en 33:40. El podi el va completar <strong>Juanan Fern\u00e1ndez<\/strong> del <strong>CA Benidorm<\/strong>, amb un registre de 33:59, igualant la posici\u00f3 de l&#039;any passat.<\/p>\n<p>A la categoria femenina, <strong>Maria Isabel Ferrer<\/strong> va reafirmar el seu t\u00edtol com la <strong>Reina del Circuit<\/strong> amb una actuaci\u00f3 estel\u00b7lar. Va destrossar la seva marca anterior en parar el cron\u00f2metre a <strong>36:28<\/strong>, amb una mitjana de 3:39\/km. <strong>Andrea Abad<\/strong> del <strong>CA Publidom<\/strong> es va adjudicar el segon lloc amb un temps de 38:22, mentre que <strong>Esther Forn\u00e9s P\u00e9rez<\/strong> del <strong>CA Llits<\/strong> de Pedreguer va tancar el podi amb 39.33.<\/p>\n<figure id=\"attachment_9042\" aria-describedby=\"caption-attachment-9042\" style=\"width: 2048px\" class=\"wp-caption alignnone\"><img loading=\"lazy\" decoding=\"async\" class=\"wp-image-9042 size-full\" src=\"https:\/\/media.radiolitoral.com\/wp-content\/uploads\/2024\/05\/20234817\/IMG_3782.jpg\" alt=\"\" width=\"2048\" height=\"1365\" srcset=\"https:\/\/media.radiolitoral.com\/wp-content\/uploads\/2024\/05\/20234817\/IMG_3782.jpg 2048w, https:\/\/media.radiolitoral.com\/wp-content\/uploads\/2024\/05\/20234817\/IMG_3782-300x200.jpg 300w, https:\/\/media.radiolitoral.com\/wp-content\/uploads\/2024\/05\/20234817\/IMG_3782-1024x683.jpg 1024w, https:\/\/media.radiolitoral.com\/wp-content\/uploads\/2024\/05\/20234817\/IMG_3782-768x512.jpg 768w, https:\/\/media.radiolitoral.com\/wp-content\/uploads\/2024\/05\/20234817\/IMG_3782-1536x1024.jpg 1536w, https:\/\/media.radiolitoral.com\/wp-content\/uploads\/2024\/05\/20234817\/IMG_3782-18x12.jpg 18w, https:\/\/media.radiolitoral.com\/wp-content\/uploads\/2024\/05\/20234817\/IMG_3782-1000x667.jpg 1000w, https:\/\/media.radiolitoral.com\/wp-content\/uploads\/2024\/05\/20234817\/IMG_3782-100x67.jpg 100w, https:\/\/media.radiolitoral.com\/wp-content\/uploads\/2024\/05\/20234817\/IMG_3782-200x133.jpg 200w\" sizes=\"auto, (max-width: 2048px) 100vw, 2048px\" \/><figcaption id=\"caption-attachment-9042\" class=\"wp-caption-text\">M\u00aa Isabel Ferrer a Pedreguer | K. Aracil<\/figcaption><\/figure>\n<p>El Circuit a Peu Marina Alta avan\u00e7a cap a la recta final amb la <strong>XXIV CURSA POPULAR ONDARA<\/strong>, programada per al proper dissabte. Aquesta antepen\u00faltima prova del circuit promet ser tan emocionant com les anteriors, amb inscripcions encara obertes fins divendres 24 de maig al migdia. Els interessats poden inscriure&#039;s a la p\u00e0gina <a href=\"http:\/\/www.somesport.com\/\" target=\"_new\" rel=\"noreferrer noopener\">www.somesport.com<\/a>recordant que no s&#039;acceptaran inscripcions el dia de l&#039;esdeveniment.<\/p>\n<p>El Circuit a Peu Marina Alta continua destacant no nom\u00e9s per l&#039;alt nivell de les competicions, sin\u00f3 tamb\u00e9 per la passi\u00f3 i l&#039;entusiasme que genera entre corredors i espectadors, consolidant-se com una de les cites imprescindibles de l&#039;atletisme regional.<\/p>","protected":false},"excerpt":{"rendered":"<p>En una espectacular jornada de atletismo, Moha Rida, del CE Llebeig X\u00e0bia, volvi\u00f3 a demostrar por qu\u00e9 es uno de los favoritos del Circuit a Peu Marina Alta, al conquistar una vez m\u00e1s la carrera y mejorar su propio r\u00e9cord en la edici\u00f3n anterior. Con un tiempo impresionante de 33:20, marcando un ritmo de 3:20\/km, [&#8230;]<\/p>\n<p><a class=\"btn btn-secondary understrap-read-more-link\" href=\"https:\/\/radiolitoral.com\/ca\/2024\/05\/rida-y-ferrer-dominan-la-cursa-de-pedreguer\/\">Continua llegint&#8230;<span class=\"screen-reader-text\"> from Rida y Ferrer dominan la Cursa de Pedreguer<\/span><\/a><\/p>\n","protected":false},"author":12,"featured_media":9041,"comment_status":"open","ping_status":"closed","sticky":false,"template":"","format":"standard","meta":{"_acf_changed":false,"inline_featured_image":false,"footnotes":""},"categories":[5],"tags":[1261,1179,1337,1358,1292,1213,922,6,1359,1357,1291,1043,1039],"class_list":["post-9040","post","type-post","status-publish","format-standard","has-post-thumbnail","hentry","category-deportes","tag-andrea-abad","tag-ca-benidorm","tag-ca-cametes","tag-ca-correcaminos","tag-ca-publidom","tag-ce-llebeig-xabia","tag-circuit-a-peu-marina-alta","tag-deportes","tag-esther-fornes-perez","tag-jose-david-moruno","tag-juanan-fernandez","tag-maria-isabel-ferrer","tag-moha-rida","cobertura-pedreguer"],"acf":[],"yoast_head":"<!-- This site is optimized with the Yoast SEO plugin v27.5 - https:\/\/yoast.com\/product\/yoast-seo-wordpress\/ -->\n<title>Rida y Ferrer dominan la Cursa de Pedreguer | R\u00e0dio Litoral<\/title>\n<meta name=\"description\" content=\"Los atletas del CE Llebeig X\u00e0bia volvieron a demostrar su enorme potencial dominando de principio a fin Los atletas del CE Llebeig X\u00e0bia volvieron a demostrar su enorme potencial dominando de principio a fin\" \/>\n<meta name=\"robots\" content=\"index, follow, max-snippet:-1, max-image-preview:large, max-video-preview:-1\" \/>\n<link rel=\"canonical\" href=\"https:\/\/radiolitoral.com\/ca\/2024\/05\/rida-i-ferrer-dominen-la-cursa-de-pedreguer\/\" \/>\n<meta property=\"og:locale\" content=\"ca_ES\" \/>\n<meta property=\"og:type\" content=\"article\" \/>\n<meta property=\"og:title\" content=\"Rida y Ferrer dominan la Cursa de Pedreguer | R\u00e0dio Litoral\" \/>\n<meta property=\"og:description\" content=\"Los atletas del CE Llebeig X\u00e0bia volvieron a demostrar su enorme potencial dominando de principio a fin Los atletas del CE Llebeig X\u00e0bia volvieron a demostrar su enorme potencial dominando de principio a fin\" \/>\n<meta property=\"og:url\" content=\"https:\/\/radiolitoral.com\/ca\/2024\/05\/rida-i-ferrer-dominen-la-cursa-de-pedreguer\/\" \/>\n<meta property=\"og:site_name\" content=\"R\u00e0dio Litoral\" \/>\n<meta property=\"article:publisher\" content=\"https:\/\/www.facebook.com\/Laradiolitoral\/\" \/>\n<meta property=\"article:published_time\" content=\"2024-05-20T22:17:02+00:00\" \/>\n<meta property=\"og:image\" content=\"https:\/\/media.radiolitoral.com\/wp-content\/uploads\/2024\/05\/20233844\/PODI-ABSOLUT-MASCULI.jpg\" \/>\n\t<meta property=\"og:image:width\" content=\"2048\" \/>\n\t<meta property=\"og:image:height\" content=\"1365\" \/>\n\t<meta property=\"og:image:type\" content=\"image\/jpeg\" \/>\n<meta name=\"author\" content=\"Javier Zamora\" \/>\n<meta name=\"twitter:card\" content=\"summary_large_image\" \/>\n<meta name=\"twitter:label1\" content=\"Escrit per\" \/>\n\t<meta name=\"twitter:data1\" content=\"Javier Zamora\" \/>\n\t<meta name=\"twitter:label2\" content=\"Temps estimat de lectura\" \/>\n\t<meta name=\"twitter:data2\" content=\"2 minuts\" \/>\n<script type=\"application\/ld+json\" class=\"yoast-schema-graph\">{\"@context\":\"https:\\\/\\\/schema.org\",\"@graph\":[{\"@type\":\"NewsArticle\",\"@id\":\"https:\\\/\\\/radiolitoral.com\\\/2024\\\/05\\\/rida-y-ferrer-dominan-la-cursa-de-pedreguer\\\/#article\",\"isPartOf\":{\"@id\":\"https:\\\/\\\/radiolitoral.com\\\/2024\\\/05\\\/rida-y-ferrer-dominan-la-cursa-de-pedreguer\\\/\"},\"author\":{\"name\":\"Javier Zamora\",\"@id\":\"https:\\\/\\\/radiolitoral.com\\\/#\\\/schema\\\/person\\\/7b1480b5caeb5acdd4ec6379caf62b22\"},\"headline\":\"Rida y Ferrer dominan la Cursa de Pedreguer\",\"datePublished\":\"2024-05-20T22:17:02+00:00\",\"mainEntityOfPage\":{\"@id\":\"https:\\\/\\\/radiolitoral.com\\\/2024\\\/05\\\/rida-y-ferrer-dominan-la-cursa-de-pedreguer\\\/\"},\"wordCount\":308,\"commentCount\":0,\"publisher\":{\"@id\":\"https:\\\/\\\/radiolitoral.com\\\/#organization\"},\"image\":{\"@id\":\"https:\\\/\\\/radiolitoral.com\\\/2024\\\/05\\\/rida-y-ferrer-dominan-la-cursa-de-pedreguer\\\/#primaryimage\"},\"thumbnailUrl\":\"https:\\\/\\\/media.radiolitoral.com\\\/wp-content\\\/uploads\\\/2024\\\/05\\\/20233844\\\/PODI-ABSOLUT-MASCULI.jpg\",\"keywords\":[\"Andrea Abad\",\"CA Benidorm\",\"CA Cametes\",\"CA Correcaminos\",\"CA Publidom\",\"CE Llebeig X\u00e1bia\",\"Circuit a Peu Marina Alta\",\"deportes\",\"Esther Forn\u00e9s P\u00e9rez\",\"Jos\u00e9 David Moruno\",\"Juanan Fern\u00e1ndez\",\"Mar\u00eda Isabel Ferrer\",\"Moha Rida\"],\"articleSection\":[\"Deportes\"],\"inLanguage\":\"ca\",\"potentialAction\":[{\"@type\":\"CommentAction\",\"name\":\"Comment\",\"target\":[\"https:\\\/\\\/radiolitoral.com\\\/2024\\\/05\\\/rida-y-ferrer-dominan-la-cursa-de-pedreguer\\\/#respond\"]}]},{\"@type\":[\"WebPage\",\"ItemPage\"],\"@id\":\"https:\\\/\\\/radiolitoral.com\\\/2024\\\/05\\\/rida-y-ferrer-dominan-la-cursa-de-pedreguer\\\/\",\"url\":\"https:\\\/\\\/radiolitoral.com\\\/2024\\\/05\\\/rida-y-ferrer-dominan-la-cursa-de-pedreguer\\\/\",\"name\":\"Rida y Ferrer dominan la Cursa de Pedreguer | R\u00e0dio Litoral\",\"isPartOf\":{\"@id\":\"https:\\\/\\\/radiolitoral.com\\\/#website\"},\"primaryImageOfPage\":{\"@id\":\"https:\\\/\\\/radiolitoral.com\\\/2024\\\/05\\\/rida-y-ferrer-dominan-la-cursa-de-pedreguer\\\/#primaryimage\"},\"image\":{\"@id\":\"https:\\\/\\\/radiolitoral.com\\\/2024\\\/05\\\/rida-y-ferrer-dominan-la-cursa-de-pedreguer\\\/#primaryimage\"},\"thumbnailUrl\":\"https:\\\/\\\/media.radiolitoral.com\\\/wp-content\\\/uploads\\\/2024\\\/05\\\/20233844\\\/PODI-ABSOLUT-MASCULI.jpg\",\"datePublished\":\"2024-05-20T22:17:02+00:00\",\"description\":\"Los atletas del CE Llebeig X\u00e0bia volvieron a demostrar su enorme potencial dominando de principio a fin Los atletas del CE Llebeig X\u00e0bia volvieron a demostrar su enorme potencial dominando de principio a fin\",\"breadcrumb\":{\"@id\":\"https:\\\/\\\/radiolitoral.com\\\/2024\\\/05\\\/rida-y-ferrer-dominan-la-cursa-de-pedreguer\\\/#breadcrumb\"},\"inLanguage\":\"ca\",\"potentialAction\":[{\"@type\":\"ReadAction\",\"target\":[\"https:\\\/\\\/radiolitoral.com\\\/2024\\\/05\\\/rida-y-ferrer-dominan-la-cursa-de-pedreguer\\\/\"]}]},{\"@type\":\"ImageObject\",\"inLanguage\":\"ca\",\"@id\":\"https:\\\/\\\/radiolitoral.com\\\/2024\\\/05\\\/rida-y-ferrer-dominan-la-cursa-de-pedreguer\\\/#primaryimage\",\"url\":\"https:\\\/\\\/media.radiolitoral.com\\\/wp-content\\\/uploads\\\/2024\\\/05\\\/20233844\\\/PODI-ABSOLUT-MASCULI.jpg\",\"contentUrl\":\"https:\\\/\\\/media.radiolitoral.com\\\/wp-content\\\/uploads\\\/2024\\\/05\\\/20233844\\\/PODI-ABSOLUT-MASCULI.jpg\",\"width\":2048,\"height\":1365},{\"@type\":\"BreadcrumbList\",\"@id\":\"https:\\\/\\\/radiolitoral.com\\\/2024\\\/05\\\/rida-y-ferrer-dominan-la-cursa-de-pedreguer\\\/#breadcrumb\",\"itemListElement\":[{\"@type\":\"ListItem\",\"position\":1,\"name\":\"Portada\",\"item\":\"https:\\\/\\\/radiolitoral.com\\\/\"},{\"@type\":\"ListItem\",\"position\":2,\"name\":\"Rida y Ferrer dominan la Cursa de Pedreguer\"}]},{\"@type\":\"WebSite\",\"@id\":\"https:\\\/\\\/radiolitoral.com\\\/#website\",\"url\":\"https:\\\/\\\/radiolitoral.com\\\/\",\"name\":\"Radio Litoral\",\"description\":\"La radio local de la Marina Alta\",\"publisher\":{\"@id\":\"https:\\\/\\\/radiolitoral.com\\\/#organization\"},\"alternateName\":\"Litoral FM\",\"potentialAction\":[{\"@type\":\"SearchAction\",\"target\":{\"@type\":\"EntryPoint\",\"urlTemplate\":\"https:\\\/\\\/radiolitoral.com\\\/?s={search_term_string}\"},\"query-input\":{\"@type\":\"PropertyValueSpecification\",\"valueRequired\":true,\"valueName\":\"search_term_string\"}}],\"inLanguage\":\"ca\"},{\"@type\":\"Organization\",\"@id\":\"https:\\\/\\\/radiolitoral.com\\\/#organization\",\"name\":\"Radio Litoral\",\"url\":\"https:\\\/\\\/radiolitoral.com\\\/\",\"logo\":{\"@type\":\"ImageObject\",\"inLanguage\":\"ca\",\"@id\":\"https:\\\/\\\/radiolitoral.com\\\/#\\\/schema\\\/logo\\\/image\\\/\",\"url\":\"https:\\\/\\\/media.radiolitoral.com\\\/wp-content\\\/uploads\\\/2023\\\/02\\\/24143238\\\/CL-V-RadioLitoral696.png\",\"contentUrl\":\"https:\\\/\\\/media.radiolitoral.com\\\/wp-content\\\/uploads\\\/2023\\\/02\\\/24143238\\\/CL-V-RadioLitoral696.png\",\"width\":696,\"height\":696,\"caption\":\"Radio Litoral\"},\"image\":{\"@id\":\"https:\\\/\\\/radiolitoral.com\\\/#\\\/schema\\\/logo\\\/image\\\/\"},\"sameAs\":[\"https:\\\/\\\/www.facebook.com\\\/Laradiolitoral\\\/\"]},{\"@type\":\"Person\",\"@id\":\"https:\\\/\\\/radiolitoral.com\\\/#\\\/schema\\\/person\\\/7b1480b5caeb5acdd4ec6379caf62b22\",\"name\":\"Javier Zamora\",\"image\":{\"@type\":\"ImageObject\",\"inLanguage\":\"ca\",\"@id\":\"https:\\\/\\\/secure.gravatar.com\\\/avatar\\\/467a11f6918c7d619c4043fc6fa2d3853053107973f05b6e9c04ea6c4e3a7b3f?s=96&d=mm&r=g\",\"url\":\"https:\\\/\\\/secure.gravatar.com\\\/avatar\\\/467a11f6918c7d619c4043fc6fa2d3853053107973f05b6e9c04ea6c4e3a7b3f?s=96&d=mm&r=g\",\"contentUrl\":\"https:\\\/\\\/secure.gravatar.com\\\/avatar\\\/467a11f6918c7d619c4043fc6fa2d3853053107973f05b6e9c04ea6c4e3a7b3f?s=96&d=mm&r=g\",\"caption\":\"Javier Zamora\"},\"url\":\"https:\\\/\\\/radiolitoral.com\\\/ca\\\/author\\\/javier-zamora\\\/\"}]}<\/script>\n<!-- \/ Yoast SEO plugin. -->","yoast_head_json":{"title":"Rida i Ferrer dominen la Cursa de Pedreguer | R\u00e0dio Litoral","description":"Els atletes del CE Llebeig X\u00e0bia van tornar a demostrar el seu enorme potencial dominant des del principi fins al final Els atletes del CE Llebeig X\u00e0bia van tornar a demostrar el seu enorme potencial dominant del principi al final","robots":{"index":"index","follow":"follow","max-snippet":"max-snippet:-1","max-image-preview":"max-image-preview:large","max-video-preview":"max-video-preview:-1"},"canonical":"https:\/\/radiolitoral.com\/ca\/2024\/05\/rida-i-ferrer-dominen-la-cursa-de-pedreguer\/","og_locale":"ca_ES","og_type":"article","og_title":"Rida y Ferrer dominan la Cursa de Pedreguer | R\u00e0dio Litoral","og_description":"Los atletas del CE Llebeig X\u00e0bia volvieron a demostrar su enorme potencial dominando de principio a fin Los atletas del CE Llebeig X\u00e0bia volvieron a demostrar su enorme potencial dominando de principio a fin","og_url":"https:\/\/radiolitoral.com\/ca\/2024\/05\/rida-i-ferrer-dominen-la-cursa-de-pedreguer\/","og_site_name":"R\u00e0dio Litoral","article_publisher":"https:\/\/www.facebook.com\/Laradiolitoral\/","article_published_time":"2024-05-20T22:17:02+00:00","og_image":[{"width":2048,"height":1365,"url":"https:\/\/media.radiolitoral.com\/wp-content\/uploads\/2024\/05\/20233844\/PODI-ABSOLUT-MASCULI.jpg","type":"image\/jpeg"}],"author":"Javier Zamora","twitter_card":"summary_large_image","twitter_misc":{"Escrit per":"Javier Zamora","Temps estimat de lectura":"2 minuts"},"schema":{"@context":"https:\/\/schema.org","@graph":[{"@type":"NewsArticle","@id":"https:\/\/radiolitoral.com\/2024\/05\/rida-y-ferrer-dominan-la-cursa-de-pedreguer\/#article","isPartOf":{"@id":"https:\/\/radiolitoral.com\/2024\/05\/rida-y-ferrer-dominan-la-cursa-de-pedreguer\/"},"author":{"name":"Javier Zamora","@id":"https:\/\/radiolitoral.com\/#\/schema\/person\/7b1480b5caeb5acdd4ec6379caf62b22"},"headline":"Rida y Ferrer dominan la Cursa de Pedreguer","datePublished":"2024-05-20T22:17:02+00:00","mainEntityOfPage":{"@id":"https:\/\/radiolitoral.com\/2024\/05\/rida-y-ferrer-dominan-la-cursa-de-pedreguer\/"},"wordCount":308,"commentCount":0,"publisher":{"@id":"https:\/\/radiolitoral.com\/#organization"},"image":{"@id":"https:\/\/radiolitoral.com\/2024\/05\/rida-y-ferrer-dominan-la-cursa-de-pedreguer\/#primaryimage"},"thumbnailUrl":"https:\/\/media.radiolitoral.com\/wp-content\/uploads\/2024\/05\/20233844\/PODI-ABSOLUT-MASCULI.jpg","keywords":["Andrea Abad","CA Benidorm","CA Cametes","CA Correcaminos","CA Publidom","CE Llebeig X\u00e1bia","Circuit a Peu Marina Alta","deportes","Esther Forn\u00e9s P\u00e9rez","Jos\u00e9 David Moruno","Juanan Fern\u00e1ndez","Mar\u00eda Isabel Ferrer","Moha Rida"],"articleSection":["Deportes"],"inLanguage":"ca","potentialAction":[{"@type":"CommentAction","name":"Comment","target":["https:\/\/radiolitoral.com\/2024\/05\/rida-y-ferrer-dominan-la-cursa-de-pedreguer\/#respond"]}]},{"@type":["WebPage","ItemPage"],"@id":"https:\/\/radiolitoral.com\/2024\/05\/rida-y-ferrer-dominan-la-cursa-de-pedreguer\/","url":"https:\/\/radiolitoral.com\/2024\/05\/rida-y-ferrer-dominan-la-cursa-de-pedreguer\/","name":"Rida i Ferrer dominen la Cursa de Pedreguer | R\u00e0dio Litoral","isPartOf":{"@id":"https:\/\/radiolitoral.com\/#website"},"primaryImageOfPage":{"@id":"https:\/\/radiolitoral.com\/2024\/05\/rida-y-ferrer-dominan-la-cursa-de-pedreguer\/#primaryimage"},"image":{"@id":"https:\/\/radiolitoral.com\/2024\/05\/rida-y-ferrer-dominan-la-cursa-de-pedreguer\/#primaryimage"},"thumbnailUrl":"https:\/\/media.radiolitoral.com\/wp-content\/uploads\/2024\/05\/20233844\/PODI-ABSOLUT-MASCULI.jpg","datePublished":"2024-05-20T22:17:02+00:00","description":"Els atletes del CE Llebeig X\u00e0bia van tornar a demostrar el seu enorme potencial dominant des del principi fins al final Els atletes del CE Llebeig X\u00e0bia van tornar a demostrar el seu enorme potencial dominant del principi al final","breadcrumb":{"@id":"https:\/\/radiolitoral.com\/2024\/05\/rida-y-ferrer-dominan-la-cursa-de-pedreguer\/#breadcrumb"},"inLanguage":"ca","potentialAction":[{"@type":"ReadAction","target":["https:\/\/radiolitoral.com\/2024\/05\/rida-y-ferrer-dominan-la-cursa-de-pedreguer\/"]}]},{"@type":"ImageObject","inLanguage":"ca","@id":"https:\/\/radiolitoral.com\/2024\/05\/rida-y-ferrer-dominan-la-cursa-de-pedreguer\/#primaryimage","url":"https:\/\/media.radiolitoral.com\/wp-content\/uploads\/2024\/05\/20233844\/PODI-ABSOLUT-MASCULI.jpg","contentUrl":"https:\/\/media.radiolitoral.com\/wp-content\/uploads\/2024\/05\/20233844\/PODI-ABSOLUT-MASCULI.jpg","width":2048,"height":1365},{"@type":"BreadcrumbList","@id":"https:\/\/radiolitoral.com\/2024\/05\/rida-y-ferrer-dominan-la-cursa-de-pedreguer\/#breadcrumb","itemListElement":[{"@type":"ListItem","position":1,"name":"Portada","item":"https:\/\/radiolitoral.com\/"},{"@type":"ListItem","position":2,"name":"Rida y Ferrer dominan la Cursa de Pedreguer"}]},{"@type":"WebSite","@id":"https:\/\/radiolitoral.com\/#website","url":"https:\/\/radiolitoral.com\/","name":"R\u00e0dio Litoral","description":"La r\u00e0dio local de la Marina Alta","publisher":{"@id":"https:\/\/radiolitoral.com\/#organization"},"alternateName":"Litoral FM","potentialAction":[{"@type":"SearchAction","target":{"@type":"EntryPoint","urlTemplate":"https:\/\/radiolitoral.com\/?s={search_term_string}"},"query-input":{"@type":"PropertyValueSpecification","valueRequired":true,"valueName":"search_term_string"}}],"inLanguage":"ca"},{"@type":"Organization","@id":"https:\/\/radiolitoral.com\/#organization","name":"R\u00e0dio Litoral","url":"https:\/\/radiolitoral.com\/","logo":{"@type":"ImageObject","inLanguage":"ca","@id":"https:\/\/radiolitoral.com\/#\/schema\/logo\/image\/","url":"https:\/\/media.radiolitoral.com\/wp-content\/uploads\/2023\/02\/24143238\/CL-V-RadioLitoral696.png","contentUrl":"https:\/\/media.radiolitoral.com\/wp-content\/uploads\/2023\/02\/24143238\/CL-V-RadioLitoral696.png","width":696,"height":696,"caption":"Radio Litoral"},"image":{"@id":"https:\/\/radiolitoral.com\/#\/schema\/logo\/image\/"},"sameAs":["https:\/\/www.facebook.com\/Laradiolitoral\/"]},{"@type":"Person","@id":"https:\/\/radiolitoral.com\/#\/schema\/person\/7b1480b5caeb5acdd4ec6379caf62b22","name":"Javier Zamora","image":{"@type":"ImageObject","inLanguage":"ca","@id":"https:\/\/secure.gravatar.com\/avatar\/467a11f6918c7d619c4043fc6fa2d3853053107973f05b6e9c04ea6c4e3a7b3f?s=96&d=mm&r=g","url":"https:\/\/secure.gravatar.com\/avatar\/467a11f6918c7d619c4043fc6fa2d3853053107973f05b6e9c04ea6c4e3a7b3f?s=96&d=mm&r=g","contentUrl":"https:\/\/secure.gravatar.com\/avatar\/467a11f6918c7d619c4043fc6fa2d3853053107973f05b6e9c04ea6c4e3a7b3f?s=96&d=mm&r=g","caption":"Javier Zamora"},"url":"https:\/\/radiolitoral.com\/ca\/author\/javier-zamora\/"}]}},"_links":{"self":[{"href":"https:\/\/radiolitoral.com\/ca\/wp-json\/wp\/v2\/posts\/9040","targetHints":{"allow":["GET"]}}],"collection":[{"href":"https:\/\/radiolitoral.com\/ca\/wp-json\/wp\/v2\/posts"}],"about":[{"href":"https:\/\/radiolitoral.com\/ca\/wp-json\/wp\/v2\/types\/post"}],"author":[{"embeddable":true,"href":"https:\/\/radiolitoral.com\/ca\/wp-json\/wp\/v2\/users\/12"}],"replies":[{"embeddable":true,"href":"https:\/\/radiolitoral.com\/ca\/wp-json\/wp\/v2\/comments?post=9040"}],"version-history":[{"count":2,"href":"https:\/\/radiolitoral.com\/ca\/wp-json\/wp\/v2\/posts\/9040\/revisions"}],"predecessor-version":[{"id":9044,"href":"https:\/\/radiolitoral.com\/ca\/wp-json\/wp\/v2\/posts\/9040\/revisions\/9044"}],"wp:featuredmedia":[{"embeddable":true,"href":"https:\/\/radiolitoral.com\/ca\/wp-json\/wp\/v2\/media\/9041"}],"wp:attachment":[{"href":"https:\/\/radiolitoral.com\/ca\/wp-json\/wp\/v2\/media?parent=9040"}],"wp:term":[{"taxonomy":"category","embeddable":true,"href":"https:\/\/radiolitoral.com\/ca\/wp-json\/wp\/v2\/categories?post=9040"},{"taxonomy":"post_tag","embeddable":true,"href":"https:\/\/radiolitoral.com\/ca\/wp-json\/wp\/v2\/tags?post=9040"}],"curies":[{"name":"wp","href":"https:\/\/api.w.org\/{rel}","templated":true}]}}