{"id":8973,"date":"2024-05-16T13:18:38","date_gmt":"2024-05-16T11:18:38","guid":{"rendered":"https:\/\/radiolitoral.com\/?p=8973"},"modified":"2024-05-16T13:18:38","modified_gmt":"2024-05-16T11:18:38","slug":"xalo-inverteix-40-000-euros-per-recuperar-i-posar-en-valor-la-bassa-dels-arcs","status":"publish","type":"post","link":"https:\/\/radiolitoral.com\/ca\/2024\/05\/xalo-invierte-40-000-euros-para-recuperar-y-poner-en-valor-la-bassa-dels-arcs\/","title":{"rendered":"Xal\u00f3 inverteix 40.000 euros per recuperar i posar en valor la Bassa dels Arcs"},"content":{"rendered":"<p>Ja han comen\u00e7at els treballs per a la <strong>rehabilitaci\u00f3, restauraci\u00f3, protecci\u00f3 i posada en valor de la Bassa dels Arcs<\/strong> de <strong>Xal\u00f3<\/strong>. Aquesta \u00e9s una actuaci\u00f3 subvencionada per la <strong>Diputaci\u00f3 d&#039;Alacant<\/strong> amb la finalitat de posar en valor el patrimoni local. De fet, aquesta construcci\u00f3 hidr\u00e0ulica est\u00e0 declarada <strong>B\u00e9 de Rellev\u00e0ncia Local<\/strong> i \u00e9s un element destacable de larquitectura local.<\/p>\n<p>Una infraestructura datada <strong>entre finals del s. XVIII i principis del s. XIX<\/strong>. que servia per recollir l&#039;aigua de regadiu destinada a l&#039;abastiment agr\u00edcola d&#039;hortes properes. Encara que tamb\u00e9 t\u00e9 un component emocional, ja que fa molts anys enrere, va ser utilitzada per refrescar-se, refrescar-se de la calor estiuenca o aprendre a nedar.<\/p>\n<p>Ara, completament seca, <strong>crida l&#039;atenci\u00f3 la seva peculiar arquitectura, les arcades, constru\u00efdes en ma\u00e7oneria,<\/strong> amb blocs irregulars units amb argamassa de cal\u00e7.<\/p>\n<p>Les obres suposen una<strong> inversi\u00f3 de gaireb\u00e9 40.000 euros<\/strong> i l&#039;Ajuntament aportar\u00e0 menys de 2.000 euros, la resta ho subvenciona la instituci\u00f3 provincial.<\/p>\n<p>&nbsp;<\/p>","protected":false},"excerpt":{"rendered":"<p>Ya han comenzado los trabajos para la rehabilitaci\u00f3n, restauraci\u00f3n, protecci\u00f3n y puesta en valor de la Bassa dels Arcs de Xal\u00f3. Est\u00e1 es una actuaci\u00f3n subvencionada por la Diputaci\u00f3n de Alicante con el fin de poner en valor el patrimonio local. De hecho, esta construcci\u00f3n hidr\u00e1ulica est\u00e1 declarada Bien de Relevancia Local y es un [&#8230;]<\/p>\n<p><a class=\"btn btn-secondary understrap-read-more-link\" href=\"https:\/\/radiolitoral.com\/ca\/2024\/05\/xalo-invierte-40-000-euros-para-recuperar-y-poner-en-valor-la-bassa-dels-arcs\/\">Continua llegint&#8230;<span class=\"screen-reader-text\"> from Xal\u00f3 invierte 40.000 euros para recuperar y poner en valor la Bassa dels Arcs<\/span><\/a><\/p>\n","protected":false},"author":13,"featured_media":8974,"comment_status":"open","ping_status":"closed","sticky":false,"template":"","format":"standard","meta":{"_acf_changed":false,"inline_featured_image":false,"footnotes":""},"categories":[100,870],"tags":[],"class_list":["post-8973","post","type-post","status-publish","format-standard","has-post-thumbnail","hentry","category-obras","category-patrimonio","cobertura-xalo"],"acf":[],"yoast_head":"<!-- This site is optimized with the Yoast SEO plugin v27.5 - https:\/\/yoast.com\/product\/yoast-seo-wordpress\/ -->\n<title>Xal\u00f3 invierte 40.000 euros para recuperar y poner en valor la Bassa dels Arcs | R\u00e0dio Litoral<\/title>\n<meta name=\"description\" content=\"La actuaci\u00f3n, subvencionada por la Diputaci\u00f3n de Alicante, pretende poner en valor esta infraestructura hidr\u00e1ulica declarada BRL\" \/>\n<meta name=\"robots\" content=\"index, follow, max-snippet:-1, max-image-preview:large, max-video-preview:-1\" \/>\n<link rel=\"canonical\" href=\"https:\/\/radiolitoral.com\/ca\/2024\/05\/xalo-inverteix-40-000-euros-per-recuperar-i-posar-en-valor-la-bassa-dels-arcs\/\" \/>\n<meta property=\"og:locale\" content=\"ca_ES\" \/>\n<meta property=\"og:type\" content=\"article\" \/>\n<meta property=\"og:title\" content=\"Xal\u00f3 invierte 40.000 euros para recuperar y poner en valor la Bassa dels Arcs | R\u00e0dio Litoral\" \/>\n<meta property=\"og:description\" content=\"La actuaci\u00f3n, subvencionada por la Diputaci\u00f3n de Alicante, pretende poner en valor esta infraestructura hidr\u00e1ulica declarada BRL\" \/>\n<meta property=\"og:url\" content=\"https:\/\/radiolitoral.com\/ca\/2024\/05\/xalo-inverteix-40-000-euros-per-recuperar-i-posar-en-valor-la-bassa-dels-arcs\/\" \/>\n<meta property=\"og:site_name\" content=\"R\u00e0dio Litoral\" \/>\n<meta property=\"article:publisher\" content=\"https:\/\/www.facebook.com\/Laradiolitoral\/\" \/>\n<meta property=\"article:published_time\" content=\"2024-05-16T11:18:38+00:00\" \/>\n<meta property=\"og:image\" content=\"https:\/\/media.radiolitoral.com\/wp-content\/uploads\/2024\/05\/16131735\/Bassa-dels-Arcs-Xalo-.jpeg\" \/>\n\t<meta property=\"og:image:width\" content=\"2000\" \/>\n\t<meta property=\"og:image:height\" content=\"1500\" \/>\n\t<meta property=\"og:image:type\" content=\"image\/jpeg\" \/>\n<meta name=\"author\" content=\"Redacci\u00f3n\" \/>\n<meta name=\"twitter:card\" content=\"summary_large_image\" \/>\n<meta name=\"twitter:label1\" content=\"Escrit per\" \/>\n\t<meta name=\"twitter:data1\" content=\"Redacci\u00f3n\" \/>\n\t<meta name=\"twitter:label2\" content=\"Temps estimat de lectura\" \/>\n\t<meta name=\"twitter:data2\" content=\"2 minuts\" \/>\n<script type=\"application\/ld+json\" class=\"yoast-schema-graph\">{\"@context\":\"https:\\\/\\\/schema.org\",\"@graph\":[{\"@type\":\"NewsArticle\",\"@id\":\"https:\\\/\\\/radiolitoral.com\\\/2024\\\/05\\\/xalo-invierte-40-000-euros-para-recuperar-y-poner-en-valor-la-bassa-dels-arcs\\\/#article\",\"isPartOf\":{\"@id\":\"https:\\\/\\\/radiolitoral.com\\\/2024\\\/05\\\/xalo-invierte-40-000-euros-para-recuperar-y-poner-en-valor-la-bassa-dels-arcs\\\/\"},\"author\":{\"name\":\"Redacci\u00f3n\",\"@id\":\"https:\\\/\\\/radiolitoral.com\\\/#\\\/schema\\\/person\\\/f2b2343c49b5d721857cc1002bfdb151\"},\"headline\":\"Xal\u00f3 invierte 40.000 euros para recuperar y poner en valor la Bassa dels Arcs\",\"datePublished\":\"2024-05-16T11:18:38+00:00\",\"mainEntityOfPage\":{\"@id\":\"https:\\\/\\\/radiolitoral.com\\\/2024\\\/05\\\/xalo-invierte-40-000-euros-para-recuperar-y-poner-en-valor-la-bassa-dels-arcs\\\/\"},\"wordCount\":191,\"commentCount\":0,\"publisher\":{\"@id\":\"https:\\\/\\\/radiolitoral.com\\\/#organization\"},\"image\":{\"@id\":\"https:\\\/\\\/radiolitoral.com\\\/2024\\\/05\\\/xalo-invierte-40-000-euros-para-recuperar-y-poner-en-valor-la-bassa-dels-arcs\\\/#primaryimage\"},\"thumbnailUrl\":\"https:\\\/\\\/media.radiolitoral.com\\\/wp-content\\\/uploads\\\/2024\\\/05\\\/16131735\\\/Bassa-dels-Arcs-Xalo-.jpeg\",\"articleSection\":[\"Obras\",\"Patrimonio\"],\"inLanguage\":\"ca\",\"potentialAction\":[{\"@type\":\"CommentAction\",\"name\":\"Comment\",\"target\":[\"https:\\\/\\\/radiolitoral.com\\\/2024\\\/05\\\/xalo-invierte-40-000-euros-para-recuperar-y-poner-en-valor-la-bassa-dels-arcs\\\/#respond\"]}]},{\"@type\":[\"WebPage\",\"ItemPage\"],\"@id\":\"https:\\\/\\\/radiolitoral.com\\\/2024\\\/05\\\/xalo-invierte-40-000-euros-para-recuperar-y-poner-en-valor-la-bassa-dels-arcs\\\/\",\"url\":\"https:\\\/\\\/radiolitoral.com\\\/2024\\\/05\\\/xalo-invierte-40-000-euros-para-recuperar-y-poner-en-valor-la-bassa-dels-arcs\\\/\",\"name\":\"Xal\u00f3 invierte 40.000 euros para recuperar y poner en valor la Bassa dels Arcs | R\u00e0dio Litoral\",\"isPartOf\":{\"@id\":\"https:\\\/\\\/radiolitoral.com\\\/#website\"},\"primaryImageOfPage\":{\"@id\":\"https:\\\/\\\/radiolitoral.com\\\/2024\\\/05\\\/xalo-invierte-40-000-euros-para-recuperar-y-poner-en-valor-la-bassa-dels-arcs\\\/#primaryimage\"},\"image\":{\"@id\":\"https:\\\/\\\/radiolitoral.com\\\/2024\\\/05\\\/xalo-invierte-40-000-euros-para-recuperar-y-poner-en-valor-la-bassa-dels-arcs\\\/#primaryimage\"},\"thumbnailUrl\":\"https:\\\/\\\/media.radiolitoral.com\\\/wp-content\\\/uploads\\\/2024\\\/05\\\/16131735\\\/Bassa-dels-Arcs-Xalo-.jpeg\",\"datePublished\":\"2024-05-16T11:18:38+00:00\",\"description\":\"La actuaci\u00f3n, subvencionada por la Diputaci\u00f3n de Alicante, pretende poner en valor esta infraestructura hidr\u00e1ulica declarada BRL\",\"breadcrumb\":{\"@id\":\"https:\\\/\\\/radiolitoral.com\\\/2024\\\/05\\\/xalo-invierte-40-000-euros-para-recuperar-y-poner-en-valor-la-bassa-dels-arcs\\\/#breadcrumb\"},\"inLanguage\":\"ca\",\"potentialAction\":[{\"@type\":\"ReadAction\",\"target\":[\"https:\\\/\\\/radiolitoral.com\\\/2024\\\/05\\\/xalo-invierte-40-000-euros-para-recuperar-y-poner-en-valor-la-bassa-dels-arcs\\\/\"]}]},{\"@type\":\"ImageObject\",\"inLanguage\":\"ca\",\"@id\":\"https:\\\/\\\/radiolitoral.com\\\/2024\\\/05\\\/xalo-invierte-40-000-euros-para-recuperar-y-poner-en-valor-la-bassa-dels-arcs\\\/#primaryimage\",\"url\":\"https:\\\/\\\/media.radiolitoral.com\\\/wp-content\\\/uploads\\\/2024\\\/05\\\/16131735\\\/Bassa-dels-Arcs-Xalo-.jpeg\",\"contentUrl\":\"https:\\\/\\\/media.radiolitoral.com\\\/wp-content\\\/uploads\\\/2024\\\/05\\\/16131735\\\/Bassa-dels-Arcs-Xalo-.jpeg\",\"width\":2000,\"height\":1500},{\"@type\":\"BreadcrumbList\",\"@id\":\"https:\\\/\\\/radiolitoral.com\\\/2024\\\/05\\\/xalo-invierte-40-000-euros-para-recuperar-y-poner-en-valor-la-bassa-dels-arcs\\\/#breadcrumb\",\"itemListElement\":[{\"@type\":\"ListItem\",\"position\":1,\"name\":\"Portada\",\"item\":\"https:\\\/\\\/radiolitoral.com\\\/\"},{\"@type\":\"ListItem\",\"position\":2,\"name\":\"Xal\u00f3 invierte 40.000 euros para recuperar y poner en valor la Bassa dels Arcs\"}]},{\"@type\":\"WebSite\",\"@id\":\"https:\\\/\\\/radiolitoral.com\\\/#website\",\"url\":\"https:\\\/\\\/radiolitoral.com\\\/\",\"name\":\"Radio Litoral\",\"description\":\"La radio local de la Marina Alta\",\"publisher\":{\"@id\":\"https:\\\/\\\/radiolitoral.com\\\/#organization\"},\"alternateName\":\"Litoral FM\",\"potentialAction\":[{\"@type\":\"SearchAction\",\"target\":{\"@type\":\"EntryPoint\",\"urlTemplate\":\"https:\\\/\\\/radiolitoral.com\\\/?s={search_term_string}\"},\"query-input\":{\"@type\":\"PropertyValueSpecification\",\"valueRequired\":true,\"valueName\":\"search_term_string\"}}],\"inLanguage\":\"ca\"},{\"@type\":\"Organization\",\"@id\":\"https:\\\/\\\/radiolitoral.com\\\/#organization\",\"name\":\"Radio Litoral\",\"url\":\"https:\\\/\\\/radiolitoral.com\\\/\",\"logo\":{\"@type\":\"ImageObject\",\"inLanguage\":\"ca\",\"@id\":\"https:\\\/\\\/radiolitoral.com\\\/#\\\/schema\\\/logo\\\/image\\\/\",\"url\":\"https:\\\/\\\/media.radiolitoral.com\\\/wp-content\\\/uploads\\\/2023\\\/02\\\/24143238\\\/CL-V-RadioLitoral696.png\",\"contentUrl\":\"https:\\\/\\\/media.radiolitoral.com\\\/wp-content\\\/uploads\\\/2023\\\/02\\\/24143238\\\/CL-V-RadioLitoral696.png\",\"width\":696,\"height\":696,\"caption\":\"Radio Litoral\"},\"image\":{\"@id\":\"https:\\\/\\\/radiolitoral.com\\\/#\\\/schema\\\/logo\\\/image\\\/\"},\"sameAs\":[\"https:\\\/\\\/www.facebook.com\\\/Laradiolitoral\\\/\"]},{\"@type\":\"Person\",\"@id\":\"https:\\\/\\\/radiolitoral.com\\\/#\\\/schema\\\/person\\\/f2b2343c49b5d721857cc1002bfdb151\",\"name\":\"Redacci\u00f3n\",\"image\":{\"@type\":\"ImageObject\",\"inLanguage\":\"ca\",\"@id\":\"https:\\\/\\\/secure.gravatar.com\\\/avatar\\\/f771d896c203ad8b3382d7905cfcce5a5c9b008b84b3cd9114e9b9f4cb63f789?s=96&d=mm&r=g\",\"url\":\"https:\\\/\\\/secure.gravatar.com\\\/avatar\\\/f771d896c203ad8b3382d7905cfcce5a5c9b008b84b3cd9114e9b9f4cb63f789?s=96&d=mm&r=g\",\"contentUrl\":\"https:\\\/\\\/secure.gravatar.com\\\/avatar\\\/f771d896c203ad8b3382d7905cfcce5a5c9b008b84b3cd9114e9b9f4cb63f789?s=96&d=mm&r=g\",\"caption\":\"Redacci\u00f3n\"},\"url\":\"https:\\\/\\\/radiolitoral.com\\\/ca\\\/author\\\/miriam-pagan\\\/\"}]}<\/script>\n<!-- \/ Yoast SEO plugin. -->","yoast_head_json":{"title":"Xal\u00f3 inverteix 40.000 euros per recuperar i posar en valor la Bassa dels Arcs | R\u00e0dio Litoral","description":"L&#039;actuaci\u00f3, subvencionada per la Diputaci\u00f3 d&#039;Alacant, vol posar en valor aquesta infraestructura hidr\u00e0ulica declarada BRL","robots":{"index":"index","follow":"follow","max-snippet":"max-snippet:-1","max-image-preview":"max-image-preview:large","max-video-preview":"max-video-preview:-1"},"canonical":"https:\/\/radiolitoral.com\/ca\/2024\/05\/xalo-inverteix-40-000-euros-per-recuperar-i-posar-en-valor-la-bassa-dels-arcs\/","og_locale":"ca_ES","og_type":"article","og_title":"Xal\u00f3 invierte 40.000 euros para recuperar y poner en valor la Bassa dels Arcs | R\u00e0dio Litoral","og_description":"La actuaci\u00f3n, subvencionada por la Diputaci\u00f3n de Alicante, pretende poner en valor esta infraestructura hidr\u00e1ulica declarada BRL","og_url":"https:\/\/radiolitoral.com\/ca\/2024\/05\/xalo-inverteix-40-000-euros-per-recuperar-i-posar-en-valor-la-bassa-dels-arcs\/","og_site_name":"R\u00e0dio Litoral","article_publisher":"https:\/\/www.facebook.com\/Laradiolitoral\/","article_published_time":"2024-05-16T11:18:38+00:00","og_image":[{"width":2000,"height":1500,"url":"https:\/\/media.radiolitoral.com\/wp-content\/uploads\/2024\/05\/16131735\/Bassa-dels-Arcs-Xalo-.jpeg","type":"image\/jpeg"}],"author":"Redacci\u00f3n","twitter_card":"summary_large_image","twitter_misc":{"Escrit per":"Redacci\u00f3n","Temps estimat de lectura":"2 minuts"},"schema":{"@context":"https:\/\/schema.org","@graph":[{"@type":"NewsArticle","@id":"https:\/\/radiolitoral.com\/2024\/05\/xalo-invierte-40-000-euros-para-recuperar-y-poner-en-valor-la-bassa-dels-arcs\/#article","isPartOf":{"@id":"https:\/\/radiolitoral.com\/2024\/05\/xalo-invierte-40-000-euros-para-recuperar-y-poner-en-valor-la-bassa-dels-arcs\/"},"author":{"name":"Redacci\u00f3n","@id":"https:\/\/radiolitoral.com\/#\/schema\/person\/f2b2343c49b5d721857cc1002bfdb151"},"headline":"Xal\u00f3 invierte 40.000 euros para recuperar y poner en valor la Bassa dels Arcs","datePublished":"2024-05-16T11:18:38+00:00","mainEntityOfPage":{"@id":"https:\/\/radiolitoral.com\/2024\/05\/xalo-invierte-40-000-euros-para-recuperar-y-poner-en-valor-la-bassa-dels-arcs\/"},"wordCount":191,"commentCount":0,"publisher":{"@id":"https:\/\/radiolitoral.com\/#organization"},"image":{"@id":"https:\/\/radiolitoral.com\/2024\/05\/xalo-invierte-40-000-euros-para-recuperar-y-poner-en-valor-la-bassa-dels-arcs\/#primaryimage"},"thumbnailUrl":"https:\/\/media.radiolitoral.com\/wp-content\/uploads\/2024\/05\/16131735\/Bassa-dels-Arcs-Xalo-.jpeg","articleSection":["Obras","Patrimonio"],"inLanguage":"ca","potentialAction":[{"@type":"CommentAction","name":"Comment","target":["https:\/\/radiolitoral.com\/2024\/05\/xalo-invierte-40-000-euros-para-recuperar-y-poner-en-valor-la-bassa-dels-arcs\/#respond"]}]},{"@type":["WebPage","ItemPage"],"@id":"https:\/\/radiolitoral.com\/2024\/05\/xalo-invierte-40-000-euros-para-recuperar-y-poner-en-valor-la-bassa-dels-arcs\/","url":"https:\/\/radiolitoral.com\/2024\/05\/xalo-invierte-40-000-euros-para-recuperar-y-poner-en-valor-la-bassa-dels-arcs\/","name":"Xal\u00f3 inverteix 40.000 euros per recuperar i posar en valor la Bassa dels Arcs | R\u00e0dio Litoral","isPartOf":{"@id":"https:\/\/radiolitoral.com\/#website"},"primaryImageOfPage":{"@id":"https:\/\/radiolitoral.com\/2024\/05\/xalo-invierte-40-000-euros-para-recuperar-y-poner-en-valor-la-bassa-dels-arcs\/#primaryimage"},"image":{"@id":"https:\/\/radiolitoral.com\/2024\/05\/xalo-invierte-40-000-euros-para-recuperar-y-poner-en-valor-la-bassa-dels-arcs\/#primaryimage"},"thumbnailUrl":"https:\/\/media.radiolitoral.com\/wp-content\/uploads\/2024\/05\/16131735\/Bassa-dels-Arcs-Xalo-.jpeg","datePublished":"2024-05-16T11:18:38+00:00","description":"L&#039;actuaci\u00f3, subvencionada per la Diputaci\u00f3 d&#039;Alacant, vol posar en valor aquesta infraestructura hidr\u00e0ulica declarada BRL","breadcrumb":{"@id":"https:\/\/radiolitoral.com\/2024\/05\/xalo-invierte-40-000-euros-para-recuperar-y-poner-en-valor-la-bassa-dels-arcs\/#breadcrumb"},"inLanguage":"ca","potentialAction":[{"@type":"ReadAction","target":["https:\/\/radiolitoral.com\/2024\/05\/xalo-invierte-40-000-euros-para-recuperar-y-poner-en-valor-la-bassa-dels-arcs\/"]}]},{"@type":"ImageObject","inLanguage":"ca","@id":"https:\/\/radiolitoral.com\/2024\/05\/xalo-invierte-40-000-euros-para-recuperar-y-poner-en-valor-la-bassa-dels-arcs\/#primaryimage","url":"https:\/\/media.radiolitoral.com\/wp-content\/uploads\/2024\/05\/16131735\/Bassa-dels-Arcs-Xalo-.jpeg","contentUrl":"https:\/\/media.radiolitoral.com\/wp-content\/uploads\/2024\/05\/16131735\/Bassa-dels-Arcs-Xalo-.jpeg","width":2000,"height":1500},{"@type":"BreadcrumbList","@id":"https:\/\/radiolitoral.com\/2024\/05\/xalo-invierte-40-000-euros-para-recuperar-y-poner-en-valor-la-bassa-dels-arcs\/#breadcrumb","itemListElement":[{"@type":"ListItem","position":1,"name":"Portada","item":"https:\/\/radiolitoral.com\/"},{"@type":"ListItem","position":2,"name":"Xal\u00f3 invierte 40.000 euros para recuperar y poner en valor la Bassa dels Arcs"}]},{"@type":"WebSite","@id":"https:\/\/radiolitoral.com\/#website","url":"https:\/\/radiolitoral.com\/","name":"R\u00e0dio Litoral","description":"La r\u00e0dio local de la Marina Alta","publisher":{"@id":"https:\/\/radiolitoral.com\/#organization"},"alternateName":"Litoral FM","potentialAction":[{"@type":"SearchAction","target":{"@type":"EntryPoint","urlTemplate":"https:\/\/radiolitoral.com\/?s={search_term_string}"},"query-input":{"@type":"PropertyValueSpecification","valueRequired":true,"valueName":"search_term_string"}}],"inLanguage":"ca"},{"@type":"Organization","@id":"https:\/\/radiolitoral.com\/#organization","name":"R\u00e0dio Litoral","url":"https:\/\/radiolitoral.com\/","logo":{"@type":"ImageObject","inLanguage":"ca","@id":"https:\/\/radiolitoral.com\/#\/schema\/logo\/image\/","url":"https:\/\/media.radiolitoral.com\/wp-content\/uploads\/2023\/02\/24143238\/CL-V-RadioLitoral696.png","contentUrl":"https:\/\/media.radiolitoral.com\/wp-content\/uploads\/2023\/02\/24143238\/CL-V-RadioLitoral696.png","width":696,"height":696,"caption":"Radio Litoral"},"image":{"@id":"https:\/\/radiolitoral.com\/#\/schema\/logo\/image\/"},"sameAs":["https:\/\/www.facebook.com\/Laradiolitoral\/"]},{"@type":"Person","@id":"https:\/\/radiolitoral.com\/#\/schema\/person\/f2b2343c49b5d721857cc1002bfdb151","name":"Redacci\u00f3","image":{"@type":"ImageObject","inLanguage":"ca","@id":"https:\/\/secure.gravatar.com\/avatar\/f771d896c203ad8b3382d7905cfcce5a5c9b008b84b3cd9114e9b9f4cb63f789?s=96&d=mm&r=g","url":"https:\/\/secure.gravatar.com\/avatar\/f771d896c203ad8b3382d7905cfcce5a5c9b008b84b3cd9114e9b9f4cb63f789?s=96&d=mm&r=g","contentUrl":"https:\/\/secure.gravatar.com\/avatar\/f771d896c203ad8b3382d7905cfcce5a5c9b008b84b3cd9114e9b9f4cb63f789?s=96&d=mm&r=g","caption":"Redacci\u00f3n"},"url":"https:\/\/radiolitoral.com\/ca\/author\/miriam-pagan\/"}]}},"_links":{"self":[{"href":"https:\/\/radiolitoral.com\/ca\/wp-json\/wp\/v2\/posts\/8973","targetHints":{"allow":["GET"]}}],"collection":[{"href":"https:\/\/radiolitoral.com\/ca\/wp-json\/wp\/v2\/posts"}],"about":[{"href":"https:\/\/radiolitoral.com\/ca\/wp-json\/wp\/v2\/types\/post"}],"author":[{"embeddable":true,"href":"https:\/\/radiolitoral.com\/ca\/wp-json\/wp\/v2\/users\/13"}],"replies":[{"embeddable":true,"href":"https:\/\/radiolitoral.com\/ca\/wp-json\/wp\/v2\/comments?post=8973"}],"version-history":[{"count":2,"href":"https:\/\/radiolitoral.com\/ca\/wp-json\/wp\/v2\/posts\/8973\/revisions"}],"predecessor-version":[{"id":8976,"href":"https:\/\/radiolitoral.com\/ca\/wp-json\/wp\/v2\/posts\/8973\/revisions\/8976"}],"wp:featuredmedia":[{"embeddable":true,"href":"https:\/\/radiolitoral.com\/ca\/wp-json\/wp\/v2\/media\/8974"}],"wp:attachment":[{"href":"https:\/\/radiolitoral.com\/ca\/wp-json\/wp\/v2\/media?parent=8973"}],"wp:term":[{"taxonomy":"category","embeddable":true,"href":"https:\/\/radiolitoral.com\/ca\/wp-json\/wp\/v2\/categories?post=8973"},{"taxonomy":"post_tag","embeddable":true,"href":"https:\/\/radiolitoral.com\/ca\/wp-json\/wp\/v2\/tags?post=8973"}],"curies":[{"name":"wp","href":"https:\/\/api.w.org\/{rel}","templated":true}]}}