{"id":8948,"date":"2024-05-16T00:59:04","date_gmt":"2024-05-15T22:59:04","guid":{"rendered":"https:\/\/radiolitoral.com\/?p=8948"},"modified":"2024-05-16T01:03:57","modified_gmt":"2024-05-15T23:03:57","slug":"poble-nou-de-benitatxell-obre-inscripcions-per-a-les-escoles-esportives-destiu","status":"publish","type":"post","link":"https:\/\/radiolitoral.com\/ca\/2024\/05\/poble-nou-de-benitatxell-abre-inscripciones-para-las-escuelas-deportivas-de-verano\/","title":{"rendered":"Poble Nou de Benitatxell obre inscripcions per a les Escoles Esportives d&#039;Estiu"},"content":{"rendered":"<p>El <strong>Ajuntament del Poble Nou de Benitatxell<\/strong>, a trav\u00e9s de la regidoria d&#039;Esports, a c\u00e0rrec de <strong>Javi Cabrera<\/strong>, i en col\u00b7laboraci\u00f3 amb els diferents clubs esportius locals, obre aquest dimecres 15 de maig el per\u00edode per a les inscripcions de les escoles esportives d&#039;estiu. A la seva ja existent \u00e0mplia oferta, amb la <strong>Escola Multiesportiva<\/strong> del <strong>Club Multiesport<\/strong>, el <strong>Campus de Futbol de l&#039;Escola de Futbol Base<\/strong> i la<strong> Escola de Nataci\u00f3<\/strong> de la Piscina Municipal, se suma aquest any una novetat: l&#039;Escola de Ball que ha engegat el Club Multiesport.<\/p>\n<p>Durant els mesos de juliol i agost, les diferents instal\u00b7lacions de la zona esportiva La Font acolliran nombroses activitats per proposar un projecte esportiu, educatiu i de lleure sa per a nenes i nens d&#039;entre 5 i 14 anys (depenent de cada escola) .<\/p>\n<p><strong>Escoles Multiesportiva i de Ball<\/strong><\/p>\n<p>El Club Multiesport Benitatxell ofereix l&#039;Escola Multiesportiva de l&#039;1 de juliol al 30 d&#039;agost (amb un preu de 12 euros el dia solt, 70 euros una setmana, 100 euros la quinzena i 160 euros un mes) i l&#039;Escola de Ball de l&#039;1 al 15 de juliol (70 euros una setmana i 100 euros la quinzena). En ambd\u00f3s casos, l&#039;horari ser\u00e0 de 9:00 a 13:30h, i la Multiesportiva tindr\u00e0 a m\u00e9s servei de guarda de 13:30 a 14:30h.<\/p>\n<p>Les inscripcions es poden fer del 15 de maig al 10 de juny a la Piscina Municipal els dilluns, dimecres i divendres, de 16:00 a 20:00h. Per a m\u00e9s informaci\u00f3 podeu contactar per WhatsApp al 659 87 21 76.<\/p>\n<p><strong>Campus de Futbol<\/strong><\/p>\n<p>Per la seva banda, l&#039;Escola Municipal de Futbol Base proposa el Campus de Futbol de l&#039;1 de juliol al 2 d&#039;agost, amb un preu de 90 euros a la setmana i 80 euros per als nens i nenes ja inscrits a l&#039;escola. L&#039;horari ser\u00e0 de 9.00 a 14.00 h. Les inscripcions es poden fer del 15 de maig al 15 de juny a les oficines del camp de futbol, de dilluns a divendres, de 15:00 a 19:00h.<\/p>\n<figure id=\"attachment_8951\" aria-describedby=\"caption-attachment-8951\" style=\"width: 1000px\" class=\"wp-caption alignnone\"><img loading=\"lazy\" decoding=\"async\" class=\"wp-image-8951 size-full\" src=\"https:\/\/media.radiolitoral.com\/wp-content\/uploads\/2024\/05\/16005801\/01ESCOLES_ESPORTIVES_ESTIU_GENERAL_QRVAL.jpg\" alt=\"\" width=\"1000\" height=\"991\" srcset=\"https:\/\/media.radiolitoral.com\/wp-content\/uploads\/2024\/05\/16005801\/01ESCOLES_ESPORTIVES_ESTIU_GENERAL_QRVAL.jpg 1000w, https:\/\/media.radiolitoral.com\/wp-content\/uploads\/2024\/05\/16005801\/01ESCOLES_ESPORTIVES_ESTIU_GENERAL_QRVAL-300x297.jpg 300w, https:\/\/media.radiolitoral.com\/wp-content\/uploads\/2024\/05\/16005801\/01ESCOLES_ESPORTIVES_ESTIU_GENERAL_QRVAL-150x150.jpg 150w, https:\/\/media.radiolitoral.com\/wp-content\/uploads\/2024\/05\/16005801\/01ESCOLES_ESPORTIVES_ESTIU_GENERAL_QRVAL-768x761.jpg 768w, https:\/\/media.radiolitoral.com\/wp-content\/uploads\/2024\/05\/16005801\/01ESCOLES_ESPORTIVES_ESTIU_GENERAL_QRVAL-12x12.jpg 12w, https:\/\/media.radiolitoral.com\/wp-content\/uploads\/2024\/05\/16005801\/01ESCOLES_ESPORTIVES_ESTIU_GENERAL_QRVAL-100x100.jpg 100w, https:\/\/media.radiolitoral.com\/wp-content\/uploads\/2024\/05\/16005801\/01ESCOLES_ESPORTIVES_ESTIU_GENERAL_QRVAL-200x198.jpg 200w\" sizes=\"auto, (max-width: 1000px) 100vw, 1000px\" \/><figcaption id=\"caption-attachment-8951\" class=\"wp-caption-text\">Cartell de les Escoles Esportives | Ayto Benitachell<\/figcaption><\/figure>\n<p>&nbsp;<\/p>\n<p><strong>Escola de Nataci\u00f3<\/strong><\/p>\n<p>L&#039;Escola de Nataci\u00f3, gestionada pel mateix Ajuntament, ofereix els cursos per a juliol i agost amb un preu mensual de 15 euros per a un dia a la setmana, 30 euros per a dos dies a la setmana i 45 euros per a 3 dies a la setmana. Les classes s\u00f3n els dilluns i dimecres, els dimarts i dijous o els divendres per a dies solts. Les inscripcions s&#039;obren del 3 al 14 de juny a la Piscina Municipal. Per a m\u00e9s informaci\u00f3 podeu contactar amb el tel\u00e8fon 96 649 38 78 o enviar un WhatsApp al 665 14 40 51.<\/p>","protected":false},"excerpt":{"rendered":"<p>El Ayuntamiento de El Poble Nou de Benitatxell, a trav\u00e9s de la concejal\u00eda de Deportes, a cargo de Javi Cabrera, y en colaboraci\u00f3n con los diferentes clubes deportivos locales, abre este mi\u00e9rcoles 15 de mayo el periodo para las inscripciones de las escuelas deportivas de verano. A su ya existente amplia oferta, con la Escuela [&#8230;]<\/p>\n<p><a class=\"btn btn-secondary understrap-read-more-link\" href=\"https:\/\/radiolitoral.com\/ca\/2024\/05\/poble-nou-de-benitatxell-abre-inscripciones-para-las-escuelas-deportivas-de-verano\/\">Continua llegint&#8230;<span class=\"screen-reader-text\"> from Poble Nou de Benitatxell abre inscripciones para las Escuelas Deportivas de Verano<\/span><\/a><\/p>\n","protected":false},"author":12,"featured_media":8949,"comment_status":"open","ping_status":"closed","sticky":false,"template":"","format":"standard","meta":{"_acf_changed":false,"inline_featured_image":false,"footnotes":""},"categories":[5],"tags":[1047,1002,6,1350],"class_list":["post-8948","post","type-post","status-publish","format-standard","has-post-thumbnail","hentry","category-deportes","tag-ayuntamiento-de-el-poble-nou-de-benitatxell","tag-club-multiesport-benitatxell","tag-deportes","tag-javi-cabrera","cobertura-poble-nou-de-benitatxell"],"acf":[],"yoast_head":"<!-- This site is optimized with the Yoast SEO plugin v27.5 - https:\/\/yoast.com\/product\/yoast-seo-wordpress\/ -->\n<title>Poble Nou de Benitatxell abre inscripciones para las Escuelas Deportivas de Verano | R\u00e0dio Litoral<\/title>\n<meta name=\"description\" content=\"Se ofertan Campus de F\u00fatbol Base, Escuela de Nataci\u00f3n, Baile y Escuela Multideportiva\" \/>\n<meta name=\"robots\" content=\"index, follow, max-snippet:-1, max-image-preview:large, max-video-preview:-1\" \/>\n<link rel=\"canonical\" href=\"https:\/\/radiolitoral.com\/ca\/2024\/05\/poble-nou-de-benitatxell-obre-inscripcions-per-a-les-escoles-esportives-destiu\/\" \/>\n<meta property=\"og:locale\" content=\"ca_ES\" \/>\n<meta property=\"og:type\" content=\"article\" \/>\n<meta property=\"og:title\" content=\"Poble Nou de Benitatxell abre inscripciones para las Escuelas Deportivas de Verano | R\u00e0dio Litoral\" \/>\n<meta property=\"og:description\" content=\"Se ofertan Campus de F\u00fatbol Base, Escuela de Nataci\u00f3n, Baile y Escuela Multideportiva\" \/>\n<meta property=\"og:url\" content=\"https:\/\/radiolitoral.com\/ca\/2024\/05\/poble-nou-de-benitatxell-obre-inscripcions-per-a-les-escoles-esportives-destiu\/\" \/>\n<meta property=\"og:site_name\" content=\"R\u00e0dio Litoral\" \/>\n<meta property=\"article:publisher\" content=\"https:\/\/www.facebook.com\/Laradiolitoral\/\" \/>\n<meta property=\"article:published_time\" content=\"2024-05-15T22:59:04+00:00\" \/>\n<meta property=\"article:modified_time\" content=\"2024-05-15T23:03:57+00:00\" \/>\n<meta property=\"og:image\" content=\"https:\/\/media.radiolitoral.com\/wp-content\/uploads\/2024\/05\/16005717\/02ESCOLES_ESPORTIVES_ESTIU_MULTIESPORTVAL.jpg\" \/>\n\t<meta property=\"og:image:width\" content=\"1000\" \/>\n\t<meta property=\"og:image:height\" content=\"1231\" \/>\n\t<meta property=\"og:image:type\" content=\"image\/jpeg\" \/>\n<meta name=\"author\" content=\"Javier Zamora\" \/>\n<meta name=\"twitter:card\" content=\"summary_large_image\" \/>\n<meta name=\"twitter:label1\" content=\"Escrit per\" \/>\n\t<meta name=\"twitter:data1\" content=\"Javier Zamora\" \/>\n\t<meta name=\"twitter:label2\" content=\"Temps estimat de lectura\" \/>\n\t<meta name=\"twitter:data2\" content=\"3 minuts\" \/>\n<script type=\"application\/ld+json\" class=\"yoast-schema-graph\">{\"@context\":\"https:\\\/\\\/schema.org\",\"@graph\":[{\"@type\":\"NewsArticle\",\"@id\":\"https:\\\/\\\/radiolitoral.com\\\/2024\\\/05\\\/poble-nou-de-benitatxell-abre-inscripciones-para-las-escuelas-deportivas-de-verano\\\/#article\",\"isPartOf\":{\"@id\":\"https:\\\/\\\/radiolitoral.com\\\/2024\\\/05\\\/poble-nou-de-benitatxell-abre-inscripciones-para-las-escuelas-deportivas-de-verano\\\/\"},\"author\":{\"name\":\"Javier Zamora\",\"@id\":\"https:\\\/\\\/radiolitoral.com\\\/#\\\/schema\\\/person\\\/7b1480b5caeb5acdd4ec6379caf62b22\"},\"headline\":\"Poble Nou de Benitatxell abre inscripciones para las Escuelas Deportivas de Verano\",\"datePublished\":\"2024-05-15T22:59:04+00:00\",\"dateModified\":\"2024-05-15T23:03:57+00:00\",\"mainEntityOfPage\":{\"@id\":\"https:\\\/\\\/radiolitoral.com\\\/2024\\\/05\\\/poble-nou-de-benitatxell-abre-inscripciones-para-las-escuelas-deportivas-de-verano\\\/\"},\"wordCount\":466,\"commentCount\":0,\"publisher\":{\"@id\":\"https:\\\/\\\/radiolitoral.com\\\/#organization\"},\"image\":{\"@id\":\"https:\\\/\\\/radiolitoral.com\\\/2024\\\/05\\\/poble-nou-de-benitatxell-abre-inscripciones-para-las-escuelas-deportivas-de-verano\\\/#primaryimage\"},\"thumbnailUrl\":\"https:\\\/\\\/media.radiolitoral.com\\\/wp-content\\\/uploads\\\/2024\\\/05\\\/16005717\\\/02ESCOLES_ESPORTIVES_ESTIU_MULTIESPORTVAL.jpg\",\"keywords\":[\"Ayuntamiento de El Poble Nou de Benitatxell\",\"Club Multiesport Benitatxell\",\"deportes\",\"Javi Cabrera\"],\"articleSection\":[\"Deportes\"],\"inLanguage\":\"ca\",\"potentialAction\":[{\"@type\":\"CommentAction\",\"name\":\"Comment\",\"target\":[\"https:\\\/\\\/radiolitoral.com\\\/2024\\\/05\\\/poble-nou-de-benitatxell-abre-inscripciones-para-las-escuelas-deportivas-de-verano\\\/#respond\"]}]},{\"@type\":[\"WebPage\",\"ItemPage\"],\"@id\":\"https:\\\/\\\/radiolitoral.com\\\/2024\\\/05\\\/poble-nou-de-benitatxell-abre-inscripciones-para-las-escuelas-deportivas-de-verano\\\/\",\"url\":\"https:\\\/\\\/radiolitoral.com\\\/2024\\\/05\\\/poble-nou-de-benitatxell-abre-inscripciones-para-las-escuelas-deportivas-de-verano\\\/\",\"name\":\"Poble Nou de Benitatxell abre inscripciones para las Escuelas Deportivas de Verano | R\u00e0dio Litoral\",\"isPartOf\":{\"@id\":\"https:\\\/\\\/radiolitoral.com\\\/#website\"},\"primaryImageOfPage\":{\"@id\":\"https:\\\/\\\/radiolitoral.com\\\/2024\\\/05\\\/poble-nou-de-benitatxell-abre-inscripciones-para-las-escuelas-deportivas-de-verano\\\/#primaryimage\"},\"image\":{\"@id\":\"https:\\\/\\\/radiolitoral.com\\\/2024\\\/05\\\/poble-nou-de-benitatxell-abre-inscripciones-para-las-escuelas-deportivas-de-verano\\\/#primaryimage\"},\"thumbnailUrl\":\"https:\\\/\\\/media.radiolitoral.com\\\/wp-content\\\/uploads\\\/2024\\\/05\\\/16005717\\\/02ESCOLES_ESPORTIVES_ESTIU_MULTIESPORTVAL.jpg\",\"datePublished\":\"2024-05-15T22:59:04+00:00\",\"dateModified\":\"2024-05-15T23:03:57+00:00\",\"description\":\"Se ofertan Campus de F\u00fatbol Base, Escuela de Nataci\u00f3n, Baile y Escuela Multideportiva\",\"breadcrumb\":{\"@id\":\"https:\\\/\\\/radiolitoral.com\\\/2024\\\/05\\\/poble-nou-de-benitatxell-abre-inscripciones-para-las-escuelas-deportivas-de-verano\\\/#breadcrumb\"},\"inLanguage\":\"ca\",\"potentialAction\":[{\"@type\":\"ReadAction\",\"target\":[\"https:\\\/\\\/radiolitoral.com\\\/2024\\\/05\\\/poble-nou-de-benitatxell-abre-inscripciones-para-las-escuelas-deportivas-de-verano\\\/\"]}]},{\"@type\":\"ImageObject\",\"inLanguage\":\"ca\",\"@id\":\"https:\\\/\\\/radiolitoral.com\\\/2024\\\/05\\\/poble-nou-de-benitatxell-abre-inscripciones-para-las-escuelas-deportivas-de-verano\\\/#primaryimage\",\"url\":\"https:\\\/\\\/media.radiolitoral.com\\\/wp-content\\\/uploads\\\/2024\\\/05\\\/16005717\\\/02ESCOLES_ESPORTIVES_ESTIU_MULTIESPORTVAL.jpg\",\"contentUrl\":\"https:\\\/\\\/media.radiolitoral.com\\\/wp-content\\\/uploads\\\/2024\\\/05\\\/16005717\\\/02ESCOLES_ESPORTIVES_ESTIU_MULTIESPORTVAL.jpg\",\"width\":1000,\"height\":1231},{\"@type\":\"BreadcrumbList\",\"@id\":\"https:\\\/\\\/radiolitoral.com\\\/2024\\\/05\\\/poble-nou-de-benitatxell-abre-inscripciones-para-las-escuelas-deportivas-de-verano\\\/#breadcrumb\",\"itemListElement\":[{\"@type\":\"ListItem\",\"position\":1,\"name\":\"Portada\",\"item\":\"https:\\\/\\\/radiolitoral.com\\\/\"},{\"@type\":\"ListItem\",\"position\":2,\"name\":\"Poble Nou de Benitatxell abre inscripciones para las Escuelas Deportivas de Verano\"}]},{\"@type\":\"WebSite\",\"@id\":\"https:\\\/\\\/radiolitoral.com\\\/#website\",\"url\":\"https:\\\/\\\/radiolitoral.com\\\/\",\"name\":\"Radio Litoral\",\"description\":\"La radio local de la Marina Alta\",\"publisher\":{\"@id\":\"https:\\\/\\\/radiolitoral.com\\\/#organization\"},\"alternateName\":\"Litoral FM\",\"potentialAction\":[{\"@type\":\"SearchAction\",\"target\":{\"@type\":\"EntryPoint\",\"urlTemplate\":\"https:\\\/\\\/radiolitoral.com\\\/?s={search_term_string}\"},\"query-input\":{\"@type\":\"PropertyValueSpecification\",\"valueRequired\":true,\"valueName\":\"search_term_string\"}}],\"inLanguage\":\"ca\"},{\"@type\":\"Organization\",\"@id\":\"https:\\\/\\\/radiolitoral.com\\\/#organization\",\"name\":\"Radio Litoral\",\"url\":\"https:\\\/\\\/radiolitoral.com\\\/\",\"logo\":{\"@type\":\"ImageObject\",\"inLanguage\":\"ca\",\"@id\":\"https:\\\/\\\/radiolitoral.com\\\/#\\\/schema\\\/logo\\\/image\\\/\",\"url\":\"https:\\\/\\\/media.radiolitoral.com\\\/wp-content\\\/uploads\\\/2023\\\/02\\\/24143238\\\/CL-V-RadioLitoral696.png\",\"contentUrl\":\"https:\\\/\\\/media.radiolitoral.com\\\/wp-content\\\/uploads\\\/2023\\\/02\\\/24143238\\\/CL-V-RadioLitoral696.png\",\"width\":696,\"height\":696,\"caption\":\"Radio Litoral\"},\"image\":{\"@id\":\"https:\\\/\\\/radiolitoral.com\\\/#\\\/schema\\\/logo\\\/image\\\/\"},\"sameAs\":[\"https:\\\/\\\/www.facebook.com\\\/Laradiolitoral\\\/\"]},{\"@type\":\"Person\",\"@id\":\"https:\\\/\\\/radiolitoral.com\\\/#\\\/schema\\\/person\\\/7b1480b5caeb5acdd4ec6379caf62b22\",\"name\":\"Javier Zamora\",\"image\":{\"@type\":\"ImageObject\",\"inLanguage\":\"ca\",\"@id\":\"https:\\\/\\\/secure.gravatar.com\\\/avatar\\\/467a11f6918c7d619c4043fc6fa2d3853053107973f05b6e9c04ea6c4e3a7b3f?s=96&d=mm&r=g\",\"url\":\"https:\\\/\\\/secure.gravatar.com\\\/avatar\\\/467a11f6918c7d619c4043fc6fa2d3853053107973f05b6e9c04ea6c4e3a7b3f?s=96&d=mm&r=g\",\"contentUrl\":\"https:\\\/\\\/secure.gravatar.com\\\/avatar\\\/467a11f6918c7d619c4043fc6fa2d3853053107973f05b6e9c04ea6c4e3a7b3f?s=96&d=mm&r=g\",\"caption\":\"Javier Zamora\"},\"url\":\"https:\\\/\\\/radiolitoral.com\\\/ca\\\/author\\\/javier-zamora\\\/\"}]}<\/script>\n<!-- \/ Yoast SEO plugin. -->","yoast_head_json":{"title":"Poble Nou de Benitatxell obre inscripcions per a les Escoles Esportives d&#039;Estiu | R\u00e0dio Litoral","description":"S&#039;oferten Campus de Futbol Base, Escola de Nataci\u00f3, Ball i Escola Multiesportiva","robots":{"index":"index","follow":"follow","max-snippet":"max-snippet:-1","max-image-preview":"max-image-preview:large","max-video-preview":"max-video-preview:-1"},"canonical":"https:\/\/radiolitoral.com\/ca\/2024\/05\/poble-nou-de-benitatxell-obre-inscripcions-per-a-les-escoles-esportives-destiu\/","og_locale":"ca_ES","og_type":"article","og_title":"Poble Nou de Benitatxell abre inscripciones para las Escuelas Deportivas de Verano | R\u00e0dio Litoral","og_description":"Se ofertan Campus de F\u00fatbol Base, Escuela de Nataci\u00f3n, Baile y Escuela Multideportiva","og_url":"https:\/\/radiolitoral.com\/ca\/2024\/05\/poble-nou-de-benitatxell-obre-inscripcions-per-a-les-escoles-esportives-destiu\/","og_site_name":"R\u00e0dio Litoral","article_publisher":"https:\/\/www.facebook.com\/Laradiolitoral\/","article_published_time":"2024-05-15T22:59:04+00:00","article_modified_time":"2024-05-15T23:03:57+00:00","og_image":[{"width":1000,"height":1231,"url":"https:\/\/media.radiolitoral.com\/wp-content\/uploads\/2024\/05\/16005717\/02ESCOLES_ESPORTIVES_ESTIU_MULTIESPORTVAL.jpg","type":"image\/jpeg"}],"author":"Javier Zamora","twitter_card":"summary_large_image","twitter_misc":{"Escrit per":"Javier Zamora","Temps estimat de lectura":"3 minuts"},"schema":{"@context":"https:\/\/schema.org","@graph":[{"@type":"NewsArticle","@id":"https:\/\/radiolitoral.com\/2024\/05\/poble-nou-de-benitatxell-abre-inscripciones-para-las-escuelas-deportivas-de-verano\/#article","isPartOf":{"@id":"https:\/\/radiolitoral.com\/2024\/05\/poble-nou-de-benitatxell-abre-inscripciones-para-las-escuelas-deportivas-de-verano\/"},"author":{"name":"Javier Zamora","@id":"https:\/\/radiolitoral.com\/#\/schema\/person\/7b1480b5caeb5acdd4ec6379caf62b22"},"headline":"Poble Nou de Benitatxell abre inscripciones para las Escuelas Deportivas de Verano","datePublished":"2024-05-15T22:59:04+00:00","dateModified":"2024-05-15T23:03:57+00:00","mainEntityOfPage":{"@id":"https:\/\/radiolitoral.com\/2024\/05\/poble-nou-de-benitatxell-abre-inscripciones-para-las-escuelas-deportivas-de-verano\/"},"wordCount":466,"commentCount":0,"publisher":{"@id":"https:\/\/radiolitoral.com\/#organization"},"image":{"@id":"https:\/\/radiolitoral.com\/2024\/05\/poble-nou-de-benitatxell-abre-inscripciones-para-las-escuelas-deportivas-de-verano\/#primaryimage"},"thumbnailUrl":"https:\/\/media.radiolitoral.com\/wp-content\/uploads\/2024\/05\/16005717\/02ESCOLES_ESPORTIVES_ESTIU_MULTIESPORTVAL.jpg","keywords":["Ayuntamiento de El Poble Nou de Benitatxell","Club Multiesport Benitatxell","deportes","Javi Cabrera"],"articleSection":["Deportes"],"inLanguage":"ca","potentialAction":[{"@type":"CommentAction","name":"Comment","target":["https:\/\/radiolitoral.com\/2024\/05\/poble-nou-de-benitatxell-abre-inscripciones-para-las-escuelas-deportivas-de-verano\/#respond"]}]},{"@type":["WebPage","ItemPage"],"@id":"https:\/\/radiolitoral.com\/2024\/05\/poble-nou-de-benitatxell-abre-inscripciones-para-las-escuelas-deportivas-de-verano\/","url":"https:\/\/radiolitoral.com\/2024\/05\/poble-nou-de-benitatxell-abre-inscripciones-para-las-escuelas-deportivas-de-verano\/","name":"Poble Nou de Benitatxell obre inscripcions per a les Escoles Esportives d&#039;Estiu | R\u00e0dio Litoral","isPartOf":{"@id":"https:\/\/radiolitoral.com\/#website"},"primaryImageOfPage":{"@id":"https:\/\/radiolitoral.com\/2024\/05\/poble-nou-de-benitatxell-abre-inscripciones-para-las-escuelas-deportivas-de-verano\/#primaryimage"},"image":{"@id":"https:\/\/radiolitoral.com\/2024\/05\/poble-nou-de-benitatxell-abre-inscripciones-para-las-escuelas-deportivas-de-verano\/#primaryimage"},"thumbnailUrl":"https:\/\/media.radiolitoral.com\/wp-content\/uploads\/2024\/05\/16005717\/02ESCOLES_ESPORTIVES_ESTIU_MULTIESPORTVAL.jpg","datePublished":"2024-05-15T22:59:04+00:00","dateModified":"2024-05-15T23:03:57+00:00","description":"S&#039;oferten Campus de Futbol Base, Escola de Nataci\u00f3, Ball i Escola Multiesportiva","breadcrumb":{"@id":"https:\/\/radiolitoral.com\/2024\/05\/poble-nou-de-benitatxell-abre-inscripciones-para-las-escuelas-deportivas-de-verano\/#breadcrumb"},"inLanguage":"ca","potentialAction":[{"@type":"ReadAction","target":["https:\/\/radiolitoral.com\/2024\/05\/poble-nou-de-benitatxell-abre-inscripciones-para-las-escuelas-deportivas-de-verano\/"]}]},{"@type":"ImageObject","inLanguage":"ca","@id":"https:\/\/radiolitoral.com\/2024\/05\/poble-nou-de-benitatxell-abre-inscripciones-para-las-escuelas-deportivas-de-verano\/#primaryimage","url":"https:\/\/media.radiolitoral.com\/wp-content\/uploads\/2024\/05\/16005717\/02ESCOLES_ESPORTIVES_ESTIU_MULTIESPORTVAL.jpg","contentUrl":"https:\/\/media.radiolitoral.com\/wp-content\/uploads\/2024\/05\/16005717\/02ESCOLES_ESPORTIVES_ESTIU_MULTIESPORTVAL.jpg","width":1000,"height":1231},{"@type":"BreadcrumbList","@id":"https:\/\/radiolitoral.com\/2024\/05\/poble-nou-de-benitatxell-abre-inscripciones-para-las-escuelas-deportivas-de-verano\/#breadcrumb","itemListElement":[{"@type":"ListItem","position":1,"name":"Portada","item":"https:\/\/radiolitoral.com\/"},{"@type":"ListItem","position":2,"name":"Poble Nou de Benitatxell abre inscripciones para las Escuelas Deportivas de Verano"}]},{"@type":"WebSite","@id":"https:\/\/radiolitoral.com\/#website","url":"https:\/\/radiolitoral.com\/","name":"R\u00e0dio Litoral","description":"La r\u00e0dio local de la Marina Alta","publisher":{"@id":"https:\/\/radiolitoral.com\/#organization"},"alternateName":"Litoral FM","potentialAction":[{"@type":"SearchAction","target":{"@type":"EntryPoint","urlTemplate":"https:\/\/radiolitoral.com\/?s={search_term_string}"},"query-input":{"@type":"PropertyValueSpecification","valueRequired":true,"valueName":"search_term_string"}}],"inLanguage":"ca"},{"@type":"Organization","@id":"https:\/\/radiolitoral.com\/#organization","name":"R\u00e0dio Litoral","url":"https:\/\/radiolitoral.com\/","logo":{"@type":"ImageObject","inLanguage":"ca","@id":"https:\/\/radiolitoral.com\/#\/schema\/logo\/image\/","url":"https:\/\/media.radiolitoral.com\/wp-content\/uploads\/2023\/02\/24143238\/CL-V-RadioLitoral696.png","contentUrl":"https:\/\/media.radiolitoral.com\/wp-content\/uploads\/2023\/02\/24143238\/CL-V-RadioLitoral696.png","width":696,"height":696,"caption":"Radio Litoral"},"image":{"@id":"https:\/\/radiolitoral.com\/#\/schema\/logo\/image\/"},"sameAs":["https:\/\/www.facebook.com\/Laradiolitoral\/"]},{"@type":"Person","@id":"https:\/\/radiolitoral.com\/#\/schema\/person\/7b1480b5caeb5acdd4ec6379caf62b22","name":"Javier Zamora","image":{"@type":"ImageObject","inLanguage":"ca","@id":"https:\/\/secure.gravatar.com\/avatar\/467a11f6918c7d619c4043fc6fa2d3853053107973f05b6e9c04ea6c4e3a7b3f?s=96&d=mm&r=g","url":"https:\/\/secure.gravatar.com\/avatar\/467a11f6918c7d619c4043fc6fa2d3853053107973f05b6e9c04ea6c4e3a7b3f?s=96&d=mm&r=g","contentUrl":"https:\/\/secure.gravatar.com\/avatar\/467a11f6918c7d619c4043fc6fa2d3853053107973f05b6e9c04ea6c4e3a7b3f?s=96&d=mm&r=g","caption":"Javier Zamora"},"url":"https:\/\/radiolitoral.com\/ca\/author\/javier-zamora\/"}]}},"_links":{"self":[{"href":"https:\/\/radiolitoral.com\/ca\/wp-json\/wp\/v2\/posts\/8948","targetHints":{"allow":["GET"]}}],"collection":[{"href":"https:\/\/radiolitoral.com\/ca\/wp-json\/wp\/v2\/posts"}],"about":[{"href":"https:\/\/radiolitoral.com\/ca\/wp-json\/wp\/v2\/types\/post"}],"author":[{"embeddable":true,"href":"https:\/\/radiolitoral.com\/ca\/wp-json\/wp\/v2\/users\/12"}],"replies":[{"embeddable":true,"href":"https:\/\/radiolitoral.com\/ca\/wp-json\/wp\/v2\/comments?post=8948"}],"version-history":[{"count":5,"href":"https:\/\/radiolitoral.com\/ca\/wp-json\/wp\/v2\/posts\/8948\/revisions"}],"predecessor-version":[{"id":8956,"href":"https:\/\/radiolitoral.com\/ca\/wp-json\/wp\/v2\/posts\/8948\/revisions\/8956"}],"wp:featuredmedia":[{"embeddable":true,"href":"https:\/\/radiolitoral.com\/ca\/wp-json\/wp\/v2\/media\/8949"}],"wp:attachment":[{"href":"https:\/\/radiolitoral.com\/ca\/wp-json\/wp\/v2\/media?parent=8948"}],"wp:term":[{"taxonomy":"category","embeddable":true,"href":"https:\/\/radiolitoral.com\/ca\/wp-json\/wp\/v2\/categories?post=8948"},{"taxonomy":"post_tag","embeddable":true,"href":"https:\/\/radiolitoral.com\/ca\/wp-json\/wp\/v2\/tags?post=8948"}],"curies":[{"name":"wp","href":"https:\/\/api.w.org\/{rel}","templated":true}]}}