{"id":8887,"date":"2024-05-14T11:16:00","date_gmt":"2024-05-14T09:16:00","guid":{"rendered":"https:\/\/radiolitoral.com\/?p=8887"},"modified":"2024-05-14T11:16:00","modified_gmt":"2024-05-14T09:16:00","slug":"benissa-inaugura-12-noves-rutes-per-fomentar-el-turisme-esportiu","status":"publish","type":"post","link":"https:\/\/radiolitoral.com\/ca\/2024\/05\/benissa-inaugura-12-nuevas-rutas-para-fomentar-el-turismo-deportivo\/","title":{"rendered":"Benissa inaugura 12 noves rutes per fomentar el turisme esportiu"},"content":{"rendered":"<div class=\"flex flex-grow flex-col max-w-full\">\n<div class=\"min-h-[20px] text-message flex flex-col items-start whitespace-pre-wrap break-words [.text-message+&amp;]:mt-5 juice:w-full juice:items-end overflow-x-auto gap-3\" dir=\"auto\" data-message-author-role=\"assistant\" data-message-id=\"595085de-2dcd-45b2-9b95-9579c9b75670\">\n<div class=\"markdown prose w-full break-words dark:prose-invert light\">\n<p>El <strong>Ayuntamiento de Benissa<\/strong> ha puesto en marcha un ambicioso proyecto para la creaci\u00f3n de 12 nuevas <strong>rutas especializadas en deportes al aire libre<\/strong> como parte de la estrategia <strong>#BenissaNaturSport<\/strong>, destinada a potenciar el turismo deportivo y mejorar la competitividad tur\u00edstica del municipio. Este proyecto, que incluye disciplinas como trail running, ciclismo de carretera, BTT y rutas ecuestres, se enmarca dentro del Plan de Sostenibilidad Tur\u00edstica en Destino, financiado por los fondos europeos Next Generation.<\/p>\n<p>El plan, que incluye la se\u00f1alizaci\u00f3n y adecuaci\u00f3n de los recorridos, ha sido dise\u00f1ado en colaboraci\u00f3n con los clubes deportivos locales. Entre las rutas destacadas se encuentran <strong>tres itinerarios ecuestres<\/strong> de diversas dificultades y extensiones, <strong>cuatro rutas de BTT<\/strong> que exploran desde la Font de la Mata hasta la exigente ruta de B\u00e8rnia, adem\u00e1s de dos puertos de monta\u00f1a para ciclistas y <strong>tres desafiantes caminos para trail running<\/strong>.<\/p>\n<figure id=\"attachment_8888\" aria-describedby=\"caption-attachment-8888\" style=\"width: 2268px\" class=\"wp-caption alignnone\"><img loading=\"lazy\" decoding=\"async\" class=\"wp-image-8888 size-full\" src=\"https:\/\/media.radiolitoral.com\/wp-content\/uploads\/2024\/05\/14111428\/Adrian-Cabrera-concejal-de-Deportes-y-Jorge-Ivars-concejal-de-Turismo.jpg\" alt=\"\" width=\"2268\" height=\"1613\" srcset=\"https:\/\/media.radiolitoral.com\/wp-content\/uploads\/2024\/05\/14111428\/Adrian-Cabrera-concejal-de-Deportes-y-Jorge-Ivars-concejal-de-Turismo.jpg 2268w, https:\/\/media.radiolitoral.com\/wp-content\/uploads\/2024\/05\/14111428\/Adrian-Cabrera-concejal-de-Deportes-y-Jorge-Ivars-concejal-de-Turismo-300x213.jpg 300w, https:\/\/media.radiolitoral.com\/wp-content\/uploads\/2024\/05\/14111428\/Adrian-Cabrera-concejal-de-Deportes-y-Jorge-Ivars-concejal-de-Turismo-1024x728.jpg 1024w, https:\/\/media.radiolitoral.com\/wp-content\/uploads\/2024\/05\/14111428\/Adrian-Cabrera-concejal-de-Deportes-y-Jorge-Ivars-concejal-de-Turismo-768x546.jpg 768w, https:\/\/media.radiolitoral.com\/wp-content\/uploads\/2024\/05\/14111428\/Adrian-Cabrera-concejal-de-Deportes-y-Jorge-Ivars-concejal-de-Turismo-1536x1092.jpg 1536w, https:\/\/media.radiolitoral.com\/wp-content\/uploads\/2024\/05\/14111428\/Adrian-Cabrera-concejal-de-Deportes-y-Jorge-Ivars-concejal-de-Turismo-2048x1457.jpg 2048w, https:\/\/media.radiolitoral.com\/wp-content\/uploads\/2024\/05\/14111428\/Adrian-Cabrera-concejal-de-Deportes-y-Jorge-Ivars-concejal-de-Turismo-18x12.jpg 18w, https:\/\/media.radiolitoral.com\/wp-content\/uploads\/2024\/05\/14111428\/Adrian-Cabrera-concejal-de-Deportes-y-Jorge-Ivars-concejal-de-Turismo-1000x711.jpg 1000w, https:\/\/media.radiolitoral.com\/wp-content\/uploads\/2024\/05\/14111428\/Adrian-Cabrera-concejal-de-Deportes-y-Jorge-Ivars-concejal-de-Turismo-100x71.jpg 100w, https:\/\/media.radiolitoral.com\/wp-content\/uploads\/2024\/05\/14111428\/Adrian-Cabrera-concejal-de-Deportes-y-Jorge-Ivars-concejal-de-Turismo-200x142.jpg 200w\" sizes=\"auto, (max-width: 2268px) 100vw, 2268px\" \/><figcaption id=\"caption-attachment-8888\" class=\"wp-caption-text\">Adrian Cabrera, concejal de Deportes, y Jorge Ivars, concejal de Turismo | Ayto. Benissa<\/figcaption><\/figure>\n<p>&nbsp;<\/p>\n<p><strong>Jorge Ivars<\/strong>, concejal de Turismo de Benissa, ha destacado la importancia de este proyecto para el entorno rural de la zona: \u201cCon estas acciones no solo mejoramos la infraestructura local, sino que ofrecemos a vecinos y visitantes nuevas formas de disfrutar de nuestro entorno natural\u201d. <strong>Adri\u00e1n Cabrera<\/strong>, concejal de Deportes, ha agradecido la colaboraci\u00f3n de los clubes deportivos en el dise\u00f1o de las rutas, que prometen ser un nuevo atractivo en Benissa.<\/p>\n<p>La se\u00f1alizaci\u00f3n incluir\u00e1 postes y estacas de pl\u00e1stico reciclado, reafirmando el compromiso del municipio con la sostenibilidad. Con una inversi\u00f3n de <strong>53.801,65 euros<\/strong>, incluido el IVA, financiada completamente por los fondos Next Generation de la UE, Benissa se prepara para ser un destino de referencia para los aficionados al deporte y la naturaleza.<\/p>\n<\/div>\n<\/div>\n<\/div>\n","protected":false},"excerpt":{"rendered":"<p>El Ayuntamiento de Benissa ha puesto en marcha un ambicioso proyecto para la creaci\u00f3n de 12 nuevas rutas especializadas en deportes al aire libre como parte de la estrategia #BenissaNaturSport, destinada a potenciar el turismo deportivo y mejorar la competitividad tur\u00edstica del municipio. Este proyecto, que incluye disciplinas como trail running, ciclismo de carretera, BTT [&#8230;]<\/p>\n<p><a class=\"btn btn-secondary understrap-read-more-link\" href=\"https:\/\/radiolitoral.com\/ca\/2024\/05\/benissa-inaugura-12-nuevas-rutas-para-fomentar-el-turismo-deportivo\/\">Continua llegint&#8230;<span class=\"screen-reader-text\"> from Benissa inaugura 12 nuevas rutas para fomentar el turismo deportivo<\/span><\/a><\/p>\n","protected":false},"author":12,"featured_media":8889,"comment_status":"open","ping_status":"closed","sticky":false,"template":"","format":"standard","meta":{"_acf_changed":false,"inline_featured_image":false,"footnotes":""},"categories":[5],"tags":[886,882,1342],"class_list":["post-8887","post","type-post","status-publish","format-standard","has-post-thumbnail","hentry","category-deportes","tag-adrian-cabrera","tag-ayuntamiento-de-benissa","tag-jorge-ivars","cobertura-benissa"],"acf":[],"yoast_head":"<!-- This site is optimized with the Yoast SEO plugin v27.5 - https:\/\/yoast.com\/product\/yoast-seo-wordpress\/ -->\n<title>Benissa inaugura 12 nuevas rutas para fomentar el turismo deportivo | R\u00e0dio Litoral<\/title>\n<meta name=\"description\" content=\"Entre las rutas se encuentran 3 itinerarios ecuestres 4 rutas de BTT y 3 caminos de Trail running Entre las rutas se encuentran 3 itinerarios ecuestres 4 rutas de BTT y 3 caminos de Trail running\" \/>\n<meta name=\"robots\" content=\"index, follow, max-snippet:-1, max-image-preview:large, max-video-preview:-1\" \/>\n<link rel=\"canonical\" href=\"https:\/\/radiolitoral.com\/ca\/2024\/05\/benissa-inaugura-12-noves-rutes-per-fomentar-el-turisme-esportiu\/\" \/>\n<meta property=\"og:locale\" content=\"ca_ES\" \/>\n<meta property=\"og:type\" content=\"article\" \/>\n<meta property=\"og:title\" content=\"Benissa inaugura 12 nuevas rutas para fomentar el turismo deportivo | R\u00e0dio Litoral\" \/>\n<meta property=\"og:description\" content=\"Entre las rutas se encuentran 3 itinerarios ecuestres 4 rutas de BTT y 3 caminos de Trail running Entre las rutas se encuentran 3 itinerarios ecuestres 4 rutas de BTT y 3 caminos de Trail running\" \/>\n<meta property=\"og:url\" content=\"https:\/\/radiolitoral.com\/ca\/2024\/05\/benissa-inaugura-12-noves-rutes-per-fomentar-el-turisme-esportiu\/\" \/>\n<meta property=\"og:site_name\" content=\"R\u00e0dio Litoral\" \/>\n<meta property=\"article:publisher\" content=\"https:\/\/www.facebook.com\/Laradiolitoral\/\" \/>\n<meta property=\"article:published_time\" content=\"2024-05-14T09:16:00+00:00\" \/>\n<meta property=\"og:image\" content=\"https:\/\/media.radiolitoral.com\/wp-content\/uploads\/2024\/05\/14111531\/Una-de-las-rutas-senalizadas-en-Benissa.jpg\" \/>\n\t<meta property=\"og:image:width\" content=\"2040\" \/>\n\t<meta property=\"og:image:height\" content=\"1530\" \/>\n\t<meta property=\"og:image:type\" content=\"image\/jpeg\" \/>\n<meta name=\"author\" content=\"Javier Zamora\" \/>\n<meta name=\"twitter:card\" content=\"summary_large_image\" \/>\n<meta name=\"twitter:label1\" content=\"Escrit per\" \/>\n\t<meta name=\"twitter:data1\" content=\"Javier Zamora\" \/>\n\t<meta name=\"twitter:label2\" content=\"Temps estimat de lectura\" \/>\n\t<meta name=\"twitter:data2\" content=\"2 minuts\" \/>\n<script type=\"application\/ld+json\" class=\"yoast-schema-graph\">{\"@context\":\"https:\\\/\\\/schema.org\",\"@graph\":[{\"@type\":\"NewsArticle\",\"@id\":\"https:\\\/\\\/radiolitoral.com\\\/2024\\\/05\\\/benissa-inaugura-12-nuevas-rutas-para-fomentar-el-turismo-deportivo\\\/#article\",\"isPartOf\":{\"@id\":\"https:\\\/\\\/radiolitoral.com\\\/2024\\\/05\\\/benissa-inaugura-12-nuevas-rutas-para-fomentar-el-turismo-deportivo\\\/\"},\"author\":{\"name\":\"Javier Zamora\",\"@id\":\"https:\\\/\\\/radiolitoral.com\\\/#\\\/schema\\\/person\\\/7b1480b5caeb5acdd4ec6379caf62b22\"},\"headline\":\"Benissa inaugura 12 nuevas rutas para fomentar el turismo deportivo\",\"datePublished\":\"2024-05-14T09:16:00+00:00\",\"mainEntityOfPage\":{\"@id\":\"https:\\\/\\\/radiolitoral.com\\\/2024\\\/05\\\/benissa-inaugura-12-nuevas-rutas-para-fomentar-el-turismo-deportivo\\\/\"},\"wordCount\":314,\"commentCount\":0,\"publisher\":{\"@id\":\"https:\\\/\\\/radiolitoral.com\\\/#organization\"},\"image\":{\"@id\":\"https:\\\/\\\/radiolitoral.com\\\/2024\\\/05\\\/benissa-inaugura-12-nuevas-rutas-para-fomentar-el-turismo-deportivo\\\/#primaryimage\"},\"thumbnailUrl\":\"https:\\\/\\\/media.radiolitoral.com\\\/wp-content\\\/uploads\\\/2024\\\/05\\\/14111531\\\/Una-de-las-rutas-senalizadas-en-Benissa.jpg\",\"keywords\":[\"Adri\u00e1n Cabrera\",\"Ayuntamiento de Benissa\",\"Jorge Ivars\"],\"articleSection\":[\"Deportes\"],\"inLanguage\":\"ca\",\"potentialAction\":[{\"@type\":\"CommentAction\",\"name\":\"Comment\",\"target\":[\"https:\\\/\\\/radiolitoral.com\\\/2024\\\/05\\\/benissa-inaugura-12-nuevas-rutas-para-fomentar-el-turismo-deportivo\\\/#respond\"]}]},{\"@type\":[\"WebPage\",\"ItemPage\"],\"@id\":\"https:\\\/\\\/radiolitoral.com\\\/2024\\\/05\\\/benissa-inaugura-12-nuevas-rutas-para-fomentar-el-turismo-deportivo\\\/\",\"url\":\"https:\\\/\\\/radiolitoral.com\\\/2024\\\/05\\\/benissa-inaugura-12-nuevas-rutas-para-fomentar-el-turismo-deportivo\\\/\",\"name\":\"Benissa inaugura 12 nuevas rutas para fomentar el turismo deportivo | R\u00e0dio Litoral\",\"isPartOf\":{\"@id\":\"https:\\\/\\\/radiolitoral.com\\\/#website\"},\"primaryImageOfPage\":{\"@id\":\"https:\\\/\\\/radiolitoral.com\\\/2024\\\/05\\\/benissa-inaugura-12-nuevas-rutas-para-fomentar-el-turismo-deportivo\\\/#primaryimage\"},\"image\":{\"@id\":\"https:\\\/\\\/radiolitoral.com\\\/2024\\\/05\\\/benissa-inaugura-12-nuevas-rutas-para-fomentar-el-turismo-deportivo\\\/#primaryimage\"},\"thumbnailUrl\":\"https:\\\/\\\/media.radiolitoral.com\\\/wp-content\\\/uploads\\\/2024\\\/05\\\/14111531\\\/Una-de-las-rutas-senalizadas-en-Benissa.jpg\",\"datePublished\":\"2024-05-14T09:16:00+00:00\",\"description\":\"Entre las rutas se encuentran 3 itinerarios ecuestres 4 rutas de BTT y 3 caminos de Trail running Entre las rutas se encuentran 3 itinerarios ecuestres 4 rutas de BTT y 3 caminos de Trail running\",\"breadcrumb\":{\"@id\":\"https:\\\/\\\/radiolitoral.com\\\/2024\\\/05\\\/benissa-inaugura-12-nuevas-rutas-para-fomentar-el-turismo-deportivo\\\/#breadcrumb\"},\"inLanguage\":\"ca\",\"potentialAction\":[{\"@type\":\"ReadAction\",\"target\":[\"https:\\\/\\\/radiolitoral.com\\\/2024\\\/05\\\/benissa-inaugura-12-nuevas-rutas-para-fomentar-el-turismo-deportivo\\\/\"]}]},{\"@type\":\"ImageObject\",\"inLanguage\":\"ca\",\"@id\":\"https:\\\/\\\/radiolitoral.com\\\/2024\\\/05\\\/benissa-inaugura-12-nuevas-rutas-para-fomentar-el-turismo-deportivo\\\/#primaryimage\",\"url\":\"https:\\\/\\\/media.radiolitoral.com\\\/wp-content\\\/uploads\\\/2024\\\/05\\\/14111531\\\/Una-de-las-rutas-senalizadas-en-Benissa.jpg\",\"contentUrl\":\"https:\\\/\\\/media.radiolitoral.com\\\/wp-content\\\/uploads\\\/2024\\\/05\\\/14111531\\\/Una-de-las-rutas-senalizadas-en-Benissa.jpg\",\"width\":2040,\"height\":1530},{\"@type\":\"BreadcrumbList\",\"@id\":\"https:\\\/\\\/radiolitoral.com\\\/2024\\\/05\\\/benissa-inaugura-12-nuevas-rutas-para-fomentar-el-turismo-deportivo\\\/#breadcrumb\",\"itemListElement\":[{\"@type\":\"ListItem\",\"position\":1,\"name\":\"Portada\",\"item\":\"https:\\\/\\\/radiolitoral.com\\\/\"},{\"@type\":\"ListItem\",\"position\":2,\"name\":\"Benissa inaugura 12 nuevas rutas para fomentar el turismo deportivo\"}]},{\"@type\":\"WebSite\",\"@id\":\"https:\\\/\\\/radiolitoral.com\\\/#website\",\"url\":\"https:\\\/\\\/radiolitoral.com\\\/\",\"name\":\"Radio Litoral\",\"description\":\"La radio local de la Marina Alta\",\"publisher\":{\"@id\":\"https:\\\/\\\/radiolitoral.com\\\/#organization\"},\"alternateName\":\"Litoral FM\",\"potentialAction\":[{\"@type\":\"SearchAction\",\"target\":{\"@type\":\"EntryPoint\",\"urlTemplate\":\"https:\\\/\\\/radiolitoral.com\\\/?s={search_term_string}\"},\"query-input\":{\"@type\":\"PropertyValueSpecification\",\"valueRequired\":true,\"valueName\":\"search_term_string\"}}],\"inLanguage\":\"ca\"},{\"@type\":\"Organization\",\"@id\":\"https:\\\/\\\/radiolitoral.com\\\/#organization\",\"name\":\"Radio Litoral\",\"url\":\"https:\\\/\\\/radiolitoral.com\\\/\",\"logo\":{\"@type\":\"ImageObject\",\"inLanguage\":\"ca\",\"@id\":\"https:\\\/\\\/radiolitoral.com\\\/#\\\/schema\\\/logo\\\/image\\\/\",\"url\":\"https:\\\/\\\/media.radiolitoral.com\\\/wp-content\\\/uploads\\\/2023\\\/02\\\/24143238\\\/CL-V-RadioLitoral696.png\",\"contentUrl\":\"https:\\\/\\\/media.radiolitoral.com\\\/wp-content\\\/uploads\\\/2023\\\/02\\\/24143238\\\/CL-V-RadioLitoral696.png\",\"width\":696,\"height\":696,\"caption\":\"Radio Litoral\"},\"image\":{\"@id\":\"https:\\\/\\\/radiolitoral.com\\\/#\\\/schema\\\/logo\\\/image\\\/\"},\"sameAs\":[\"https:\\\/\\\/www.facebook.com\\\/Laradiolitoral\\\/\"]},{\"@type\":\"Person\",\"@id\":\"https:\\\/\\\/radiolitoral.com\\\/#\\\/schema\\\/person\\\/7b1480b5caeb5acdd4ec6379caf62b22\",\"name\":\"Javier Zamora\",\"image\":{\"@type\":\"ImageObject\",\"inLanguage\":\"ca\",\"@id\":\"https:\\\/\\\/secure.gravatar.com\\\/avatar\\\/467a11f6918c7d619c4043fc6fa2d3853053107973f05b6e9c04ea6c4e3a7b3f?s=96&d=mm&r=g\",\"url\":\"https:\\\/\\\/secure.gravatar.com\\\/avatar\\\/467a11f6918c7d619c4043fc6fa2d3853053107973f05b6e9c04ea6c4e3a7b3f?s=96&d=mm&r=g\",\"contentUrl\":\"https:\\\/\\\/secure.gravatar.com\\\/avatar\\\/467a11f6918c7d619c4043fc6fa2d3853053107973f05b6e9c04ea6c4e3a7b3f?s=96&d=mm&r=g\",\"caption\":\"Javier Zamora\"},\"url\":\"https:\\\/\\\/radiolitoral.com\\\/ca\\\/author\\\/javier-zamora\\\/\"}]}<\/script>\n<!-- \/ Yoast SEO plugin. -->","yoast_head_json":{"title":"Benissa inaugura 12 rutes noves per fomentar el turisme esportiu | R\u00e0dio Litoral","description":"Entre les rutes es troben 3 itineraris eq\u00fcestres 4 rutes de BTT i 3 camins de Trail running Entre les rutes es troben 3 itineraris eq\u00fcestres 4 rutes de BTT i 3 camins de Trail running","robots":{"index":"index","follow":"follow","max-snippet":"max-snippet:-1","max-image-preview":"max-image-preview:large","max-video-preview":"max-video-preview:-1"},"canonical":"https:\/\/radiolitoral.com\/ca\/2024\/05\/benissa-inaugura-12-noves-rutes-per-fomentar-el-turisme-esportiu\/","og_locale":"ca_ES","og_type":"article","og_title":"Benissa inaugura 12 nuevas rutas para fomentar el turismo deportivo | R\u00e0dio Litoral","og_description":"Entre las rutas se encuentran 3 itinerarios ecuestres 4 rutas de BTT y 3 caminos de Trail running Entre las rutas se encuentran 3 itinerarios ecuestres 4 rutas de BTT y 3 caminos de Trail running","og_url":"https:\/\/radiolitoral.com\/ca\/2024\/05\/benissa-inaugura-12-noves-rutes-per-fomentar-el-turisme-esportiu\/","og_site_name":"R\u00e0dio Litoral","article_publisher":"https:\/\/www.facebook.com\/Laradiolitoral\/","article_published_time":"2024-05-14T09:16:00+00:00","og_image":[{"width":2040,"height":1530,"url":"https:\/\/media.radiolitoral.com\/wp-content\/uploads\/2024\/05\/14111531\/Una-de-las-rutas-senalizadas-en-Benissa.jpg","type":"image\/jpeg"}],"author":"Javier Zamora","twitter_card":"summary_large_image","twitter_misc":{"Escrit per":"Javier Zamora","Temps estimat de lectura":"2 minuts"},"schema":{"@context":"https:\/\/schema.org","@graph":[{"@type":"NewsArticle","@id":"https:\/\/radiolitoral.com\/2024\/05\/benissa-inaugura-12-nuevas-rutas-para-fomentar-el-turismo-deportivo\/#article","isPartOf":{"@id":"https:\/\/radiolitoral.com\/2024\/05\/benissa-inaugura-12-nuevas-rutas-para-fomentar-el-turismo-deportivo\/"},"author":{"name":"Javier Zamora","@id":"https:\/\/radiolitoral.com\/#\/schema\/person\/7b1480b5caeb5acdd4ec6379caf62b22"},"headline":"Benissa inaugura 12 nuevas rutas para fomentar el turismo deportivo","datePublished":"2024-05-14T09:16:00+00:00","mainEntityOfPage":{"@id":"https:\/\/radiolitoral.com\/2024\/05\/benissa-inaugura-12-nuevas-rutas-para-fomentar-el-turismo-deportivo\/"},"wordCount":314,"commentCount":0,"publisher":{"@id":"https:\/\/radiolitoral.com\/#organization"},"image":{"@id":"https:\/\/radiolitoral.com\/2024\/05\/benissa-inaugura-12-nuevas-rutas-para-fomentar-el-turismo-deportivo\/#primaryimage"},"thumbnailUrl":"https:\/\/media.radiolitoral.com\/wp-content\/uploads\/2024\/05\/14111531\/Una-de-las-rutas-senalizadas-en-Benissa.jpg","keywords":["Adri\u00e1n Cabrera","Ayuntamiento de Benissa","Jorge Ivars"],"articleSection":["Deportes"],"inLanguage":"ca","potentialAction":[{"@type":"CommentAction","name":"Comment","target":["https:\/\/radiolitoral.com\/2024\/05\/benissa-inaugura-12-nuevas-rutas-para-fomentar-el-turismo-deportivo\/#respond"]}]},{"@type":["WebPage","ItemPage"],"@id":"https:\/\/radiolitoral.com\/2024\/05\/benissa-inaugura-12-nuevas-rutas-para-fomentar-el-turismo-deportivo\/","url":"https:\/\/radiolitoral.com\/2024\/05\/benissa-inaugura-12-nuevas-rutas-para-fomentar-el-turismo-deportivo\/","name":"Benissa inaugura 12 rutes noves per fomentar el turisme esportiu | R\u00e0dio Litoral","isPartOf":{"@id":"https:\/\/radiolitoral.com\/#website"},"primaryImageOfPage":{"@id":"https:\/\/radiolitoral.com\/2024\/05\/benissa-inaugura-12-nuevas-rutas-para-fomentar-el-turismo-deportivo\/#primaryimage"},"image":{"@id":"https:\/\/radiolitoral.com\/2024\/05\/benissa-inaugura-12-nuevas-rutas-para-fomentar-el-turismo-deportivo\/#primaryimage"},"thumbnailUrl":"https:\/\/media.radiolitoral.com\/wp-content\/uploads\/2024\/05\/14111531\/Una-de-las-rutas-senalizadas-en-Benissa.jpg","datePublished":"2024-05-14T09:16:00+00:00","description":"Entre les rutes es troben 3 itineraris eq\u00fcestres 4 rutes de BTT i 3 camins de Trail running Entre les rutes es troben 3 itineraris eq\u00fcestres 4 rutes de BTT i 3 camins de Trail running","breadcrumb":{"@id":"https:\/\/radiolitoral.com\/2024\/05\/benissa-inaugura-12-nuevas-rutas-para-fomentar-el-turismo-deportivo\/#breadcrumb"},"inLanguage":"ca","potentialAction":[{"@type":"ReadAction","target":["https:\/\/radiolitoral.com\/2024\/05\/benissa-inaugura-12-nuevas-rutas-para-fomentar-el-turismo-deportivo\/"]}]},{"@type":"ImageObject","inLanguage":"ca","@id":"https:\/\/radiolitoral.com\/2024\/05\/benissa-inaugura-12-nuevas-rutas-para-fomentar-el-turismo-deportivo\/#primaryimage","url":"https:\/\/media.radiolitoral.com\/wp-content\/uploads\/2024\/05\/14111531\/Una-de-las-rutas-senalizadas-en-Benissa.jpg","contentUrl":"https:\/\/media.radiolitoral.com\/wp-content\/uploads\/2024\/05\/14111531\/Una-de-las-rutas-senalizadas-en-Benissa.jpg","width":2040,"height":1530},{"@type":"BreadcrumbList","@id":"https:\/\/radiolitoral.com\/2024\/05\/benissa-inaugura-12-nuevas-rutas-para-fomentar-el-turismo-deportivo\/#breadcrumb","itemListElement":[{"@type":"ListItem","position":1,"name":"Portada","item":"https:\/\/radiolitoral.com\/"},{"@type":"ListItem","position":2,"name":"Benissa inaugura 12 nuevas rutas para fomentar el turismo deportivo"}]},{"@type":"WebSite","@id":"https:\/\/radiolitoral.com\/#website","url":"https:\/\/radiolitoral.com\/","name":"R\u00e0dio Litoral","description":"La r\u00e0dio local de la Marina Alta","publisher":{"@id":"https:\/\/radiolitoral.com\/#organization"},"alternateName":"Litoral FM","potentialAction":[{"@type":"SearchAction","target":{"@type":"EntryPoint","urlTemplate":"https:\/\/radiolitoral.com\/?s={search_term_string}"},"query-input":{"@type":"PropertyValueSpecification","valueRequired":true,"valueName":"search_term_string"}}],"inLanguage":"ca"},{"@type":"Organization","@id":"https:\/\/radiolitoral.com\/#organization","name":"R\u00e0dio Litoral","url":"https:\/\/radiolitoral.com\/","logo":{"@type":"ImageObject","inLanguage":"ca","@id":"https:\/\/radiolitoral.com\/#\/schema\/logo\/image\/","url":"https:\/\/media.radiolitoral.com\/wp-content\/uploads\/2023\/02\/24143238\/CL-V-RadioLitoral696.png","contentUrl":"https:\/\/media.radiolitoral.com\/wp-content\/uploads\/2023\/02\/24143238\/CL-V-RadioLitoral696.png","width":696,"height":696,"caption":"Radio Litoral"},"image":{"@id":"https:\/\/radiolitoral.com\/#\/schema\/logo\/image\/"},"sameAs":["https:\/\/www.facebook.com\/Laradiolitoral\/"]},{"@type":"Person","@id":"https:\/\/radiolitoral.com\/#\/schema\/person\/7b1480b5caeb5acdd4ec6379caf62b22","name":"Javier Zamora","image":{"@type":"ImageObject","inLanguage":"ca","@id":"https:\/\/secure.gravatar.com\/avatar\/467a11f6918c7d619c4043fc6fa2d3853053107973f05b6e9c04ea6c4e3a7b3f?s=96&d=mm&r=g","url":"https:\/\/secure.gravatar.com\/avatar\/467a11f6918c7d619c4043fc6fa2d3853053107973f05b6e9c04ea6c4e3a7b3f?s=96&d=mm&r=g","contentUrl":"https:\/\/secure.gravatar.com\/avatar\/467a11f6918c7d619c4043fc6fa2d3853053107973f05b6e9c04ea6c4e3a7b3f?s=96&d=mm&r=g","caption":"Javier Zamora"},"url":"https:\/\/radiolitoral.com\/ca\/author\/javier-zamora\/"}]}},"_links":{"self":[{"href":"https:\/\/radiolitoral.com\/ca\/wp-json\/wp\/v2\/posts\/8887","targetHints":{"allow":["GET"]}}],"collection":[{"href":"https:\/\/radiolitoral.com\/ca\/wp-json\/wp\/v2\/posts"}],"about":[{"href":"https:\/\/radiolitoral.com\/ca\/wp-json\/wp\/v2\/types\/post"}],"author":[{"embeddable":true,"href":"https:\/\/radiolitoral.com\/ca\/wp-json\/wp\/v2\/users\/12"}],"replies":[{"embeddable":true,"href":"https:\/\/radiolitoral.com\/ca\/wp-json\/wp\/v2\/comments?post=8887"}],"version-history":[{"count":2,"href":"https:\/\/radiolitoral.com\/ca\/wp-json\/wp\/v2\/posts\/8887\/revisions"}],"predecessor-version":[{"id":8891,"href":"https:\/\/radiolitoral.com\/ca\/wp-json\/wp\/v2\/posts\/8887\/revisions\/8891"}],"wp:featuredmedia":[{"embeddable":true,"href":"https:\/\/radiolitoral.com\/ca\/wp-json\/wp\/v2\/media\/8889"}],"wp:attachment":[{"href":"https:\/\/radiolitoral.com\/ca\/wp-json\/wp\/v2\/media?parent=8887"}],"wp:term":[{"taxonomy":"category","embeddable":true,"href":"https:\/\/radiolitoral.com\/ca\/wp-json\/wp\/v2\/categories?post=8887"},{"taxonomy":"post_tag","embeddable":true,"href":"https:\/\/radiolitoral.com\/ca\/wp-json\/wp\/v2\/tags?post=8887"}],"curies":[{"name":"wp","href":"https:\/\/api.w.org\/{rel}","templated":true}]}}