{"id":8863,"date":"2024-05-13T13:09:48","date_gmt":"2024-05-13T11:09:48","guid":{"rendered":"https:\/\/radiolitoral.com\/?p=8863"},"modified":"2024-05-13T13:09:48","modified_gmt":"2024-05-13T11:09:48","slug":"trobada-del-projecte-europeu-her-voice-a-la-uned-denia","status":"publish","type":"post","link":"https:\/\/radiolitoral.com\/ca\/2024\/05\/encuentro-del-proyecto-europeo-her-voice-en-la-uned-denia\/","title":{"rendered":"Trobada del Projecte Europeu &#039;Her Voice&#039; a la UNED D\u00e9nia"},"content":{"rendered":"<p><strong>UNED D\u00e9nia<\/strong> ser\u00e0 l&#039;escenari del proper <strong>trobada del projecte europeu &#039;Her Voice&#039;<\/strong>, que t\u00e9 com a objectiu principal que les <strong>dones assumeixin rols de lideratge en igualtat i recursos sostenibles<\/strong>. Aquest important esdeveniment es dur\u00e0 a terme el <strong>dimarts 14 i dimecres 15 de maig<\/strong>, i reunir\u00e0 representants de <strong>vuit pa\u00efsos europeus<\/strong>: Romania, Fran\u00e7a, Pol\u00f2nia, It\u00e0lia, Eslov\u00e8nia, Let\u00f2nia, Ucra\u00efna i Espanya.<\/p>\n<p>La <strong>C\u00e0tedra d&#039;Igualtat de l&#039;Agenda 2030 de la UNED D\u00e9nia<\/strong> lidera aquesta iniciativa, que compta amb la col\u00b7laboraci\u00f3 de set entitats de diferents pa\u00efsos europeus. L&#039;objectiu \u00e9s <strong>augmentar la participaci\u00f3 de les dones en l&#039;adopci\u00f3 de pol\u00edtiques locals<\/strong> que promoguin la <strong>igualtat de g\u00e8nere<\/strong> i la <strong>sostenibilitat<\/strong>. Per assolir aquesta meta, s&#039;estan analitzant diversos <strong>programes educatius<\/strong>, <strong>tutories<\/strong>, <strong>oportunitats de capacitaci\u00f3<\/strong> i la <strong>creaci\u00f3 de xarxes de suport<\/strong> per a dones interessades en aquests sectors.<\/p>\n<h3>Activitats i Debats<\/h3>\n<p>Durant la trobada, les delegacions seran rebudes pel <strong>Ajuntament de D\u00e9nia i X\u00e0bia<\/strong>. A m\u00e9s d&#039;intercanviar experi\u00e8ncies i coneixements sobre la <strong>dona i la sostenibilitat<\/strong>, els participants visitaran projectes sostenibles locals, com <strong>Cellers Les Freses<\/strong>.<\/p>\n<p>Dimarts a la tarda, se celebrar\u00e0 una taula de debat al <strong>sal\u00f3 d&#039;actes de la UNED D\u00e9nia<\/strong>, i dimecres al mat\u00ed a X\u00e0bia, es presentar\u00e0 el projecte &#039;<strong>Her Voice&#039;<\/strong>, destacant la conviv\u00e8ncia i bones pr\u00e0ctiques de les dones a Europa.<\/p>\n<p>Aquest esdeveniment compta amb la <strong>implicaci\u00f3 de les poblacions adscrites a la UNED D\u00e9nia<\/strong>, incloent <strong>X\u00e0bia i Benidorm<\/strong>, aix\u00ed com els pobles de la <strong>Marina Alta<\/strong> i les ciutats de <strong>Benidorm, Altea i Alf\u00e0s del Pi de la Marina Baixa<\/strong>. Les jornades conclouran amb un sopar al <strong>Reial Club N\u00e0utic de D\u00e9nia<\/strong>.<\/p>\n<h3>Import\u00e0ncia del Projecte<\/h3>\n<p>El projecte &#039;Her Voice&#039; \u00e9s crucial per incrementar la participaci\u00f3 femenina a la <strong>creaci\u00f3 de pol\u00edtiques locals verdes i sostenibles<\/strong>, alineant-se amb la <strong>estrat\u00e8gia europea per a la igualtat de g\u00e8nere<\/strong> i la <strong>Agenda 2030<\/strong>. Tamb\u00e9 contribueix a iniciatives clau com la <strong>Nova Bauhaus Europea<\/strong> i el <strong>Pacte Verd Europeu<\/strong>.<\/p>","protected":false},"excerpt":{"rendered":"<p>UNED D\u00e9nia ser\u00e1 el escenario del pr\u00f3ximo encuentro del proyecto europeo &#8216;Her Voice&#8217;, que tiene como objetivo principal que las mujeres asuman roles de liderazgo en igualdad y recursos sostenibles. Este importante evento se llevar\u00e1 a cabo el martes 14 y mi\u00e9rcoles 15 de mayo, y reunir\u00e1 a representantes de ocho pa\u00edses europeos: Ruman\u00eda, Francia, [&#8230;]<\/p>\n<p><a class=\"btn btn-secondary understrap-read-more-link\" href=\"https:\/\/radiolitoral.com\/ca\/2024\/05\/encuentro-del-proyecto-europeo-her-voice-en-la-uned-denia\/\">Continua llegint&#8230;<span class=\"screen-reader-text\"> from Encuentro del Proyecto Europeo &#8216;Her Voice&#8217; en la UNED D\u00e9nia<\/span><\/a><\/p>\n","protected":false},"author":13,"featured_media":8864,"comment_status":"open","ping_status":"closed","sticky":false,"template":"","format":"standard","meta":{"_acf_changed":false,"inline_featured_image":false,"footnotes":""},"categories":[130],"tags":[191,850,1341,1340,798],"class_list":["post-8863","post","type-post","status-publish","format-standard","has-post-thumbnail","hentry","category-educacion","tag-denia","tag-formacion","tag-her-voice","tag-liderazgo-femenino","tag-uned","cobertura-denia"],"acf":[],"yoast_head":"<!-- This site is optimized with the Yoast SEO plugin v27.5 - https:\/\/yoast.com\/product\/yoast-seo-wordpress\/ -->\n<title>Encuentro del Proyecto Europeo &#039;Her Voice&#039; en la UNED D\u00e9nia | R\u00e0dio Litoral<\/title>\n<meta name=\"description\" content=\"El programa se desarrollar\u00e1 el martes,14, y el mi\u00e9rcoles, 15, con la intenci\u00f3n es promover el liderazgo femenino y la sostenibilidad El programa se desarrollar\u00e1 el martes,14, y el mi\u00e9rcoles, 15, con la intenci\u00f3n es promover el liderazgo femenino y la sostenibilidad\" \/>\n<meta name=\"robots\" content=\"index, follow, max-snippet:-1, max-image-preview:large, max-video-preview:-1\" \/>\n<link rel=\"canonical\" href=\"https:\/\/radiolitoral.com\/ca\/2024\/05\/trobada-del-projecte-europeu-her-voice-a-la-uned-denia\/\" \/>\n<meta property=\"og:locale\" content=\"ca_ES\" \/>\n<meta property=\"og:type\" content=\"article\" \/>\n<meta property=\"og:title\" content=\"Encuentro del Proyecto Europeo &#039;Her Voice&#039; en la UNED D\u00e9nia | R\u00e0dio Litoral\" \/>\n<meta property=\"og:description\" content=\"El programa se desarrollar\u00e1 el martes,14, y el mi\u00e9rcoles, 15, con la intenci\u00f3n es promover el liderazgo femenino y la sostenibilidad El programa se desarrollar\u00e1 el martes,14, y el mi\u00e9rcoles, 15, con la intenci\u00f3n es promover el liderazgo femenino y la sostenibilidad\" \/>\n<meta property=\"og:url\" content=\"https:\/\/radiolitoral.com\/ca\/2024\/05\/trobada-del-projecte-europeu-her-voice-a-la-uned-denia\/\" \/>\n<meta property=\"og:site_name\" content=\"R\u00e0dio Litoral\" \/>\n<meta property=\"article:publisher\" content=\"https:\/\/www.facebook.com\/Laradiolitoral\/\" \/>\n<meta property=\"article:published_time\" content=\"2024-05-13T11:09:48+00:00\" \/>\n<meta property=\"og:image\" content=\"https:\/\/media.radiolitoral.com\/wp-content\/uploads\/2024\/05\/13130628\/WhatsApp-Image-2023-12-18-at-14.59.24-1.jpeg\" \/>\n\t<meta property=\"og:image:width\" content=\"2000\" \/>\n\t<meta property=\"og:image:height\" content=\"1500\" \/>\n\t<meta property=\"og:image:type\" content=\"image\/jpeg\" \/>\n<meta name=\"author\" content=\"Redacci\u00f3n\" \/>\n<meta name=\"twitter:card\" content=\"summary_large_image\" \/>\n<meta name=\"twitter:label1\" content=\"Escrit per\" \/>\n\t<meta name=\"twitter:data1\" content=\"Redacci\u00f3n\" \/>\n\t<meta name=\"twitter:label2\" content=\"Temps estimat de lectura\" \/>\n\t<meta name=\"twitter:data2\" content=\"2 minuts\" \/>\n<script type=\"application\/ld+json\" class=\"yoast-schema-graph\">{\"@context\":\"https:\\\/\\\/schema.org\",\"@graph\":[{\"@type\":\"NewsArticle\",\"@id\":\"https:\\\/\\\/radiolitoral.com\\\/2024\\\/05\\\/encuentro-del-proyecto-europeo-her-voice-en-la-uned-denia\\\/#article\",\"isPartOf\":{\"@id\":\"https:\\\/\\\/radiolitoral.com\\\/2024\\\/05\\\/encuentro-del-proyecto-europeo-her-voice-en-la-uned-denia\\\/\"},\"author\":{\"name\":\"Redacci\u00f3n\",\"@id\":\"https:\\\/\\\/radiolitoral.com\\\/#\\\/schema\\\/person\\\/f2b2343c49b5d721857cc1002bfdb151\"},\"headline\":\"Encuentro del Proyecto Europeo &#8216;Her Voice&#8217; en la UNED D\u00e9nia\",\"datePublished\":\"2024-05-13T11:09:48+00:00\",\"mainEntityOfPage\":{\"@id\":\"https:\\\/\\\/radiolitoral.com\\\/2024\\\/05\\\/encuentro-del-proyecto-europeo-her-voice-en-la-uned-denia\\\/\"},\"wordCount\":377,\"commentCount\":0,\"publisher\":{\"@id\":\"https:\\\/\\\/radiolitoral.com\\\/#organization\"},\"image\":{\"@id\":\"https:\\\/\\\/radiolitoral.com\\\/2024\\\/05\\\/encuentro-del-proyecto-europeo-her-voice-en-la-uned-denia\\\/#primaryimage\"},\"thumbnailUrl\":\"https:\\\/\\\/media.radiolitoral.com\\\/wp-content\\\/uploads\\\/2024\\\/05\\\/13130628\\\/WhatsApp-Image-2023-12-18-at-14.59.24-1.jpeg\",\"keywords\":[\"D\u00e9nia\",\"Formaci\u00f3n\",\"Her Voice\",\"liderazgo femenino\",\"UNED\"],\"articleSection\":[\"Educaci\u00f3n\"],\"inLanguage\":\"ca\",\"potentialAction\":[{\"@type\":\"CommentAction\",\"name\":\"Comment\",\"target\":[\"https:\\\/\\\/radiolitoral.com\\\/2024\\\/05\\\/encuentro-del-proyecto-europeo-her-voice-en-la-uned-denia\\\/#respond\"]}]},{\"@type\":[\"WebPage\",\"ItemPage\"],\"@id\":\"https:\\\/\\\/radiolitoral.com\\\/2024\\\/05\\\/encuentro-del-proyecto-europeo-her-voice-en-la-uned-denia\\\/\",\"url\":\"https:\\\/\\\/radiolitoral.com\\\/2024\\\/05\\\/encuentro-del-proyecto-europeo-her-voice-en-la-uned-denia\\\/\",\"name\":\"Encuentro del Proyecto Europeo 'Her Voice' en la UNED D\u00e9nia | R\u00e0dio Litoral\",\"isPartOf\":{\"@id\":\"https:\\\/\\\/radiolitoral.com\\\/#website\"},\"primaryImageOfPage\":{\"@id\":\"https:\\\/\\\/radiolitoral.com\\\/2024\\\/05\\\/encuentro-del-proyecto-europeo-her-voice-en-la-uned-denia\\\/#primaryimage\"},\"image\":{\"@id\":\"https:\\\/\\\/radiolitoral.com\\\/2024\\\/05\\\/encuentro-del-proyecto-europeo-her-voice-en-la-uned-denia\\\/#primaryimage\"},\"thumbnailUrl\":\"https:\\\/\\\/media.radiolitoral.com\\\/wp-content\\\/uploads\\\/2024\\\/05\\\/13130628\\\/WhatsApp-Image-2023-12-18-at-14.59.24-1.jpeg\",\"datePublished\":\"2024-05-13T11:09:48+00:00\",\"description\":\"El programa se desarrollar\u00e1 el martes,14, y el mi\u00e9rcoles, 15, con la intenci\u00f3n es promover el liderazgo femenino y la sostenibilidad El programa se desarrollar\u00e1 el martes,14, y el mi\u00e9rcoles, 15, con la intenci\u00f3n es promover el liderazgo femenino y la sostenibilidad\",\"breadcrumb\":{\"@id\":\"https:\\\/\\\/radiolitoral.com\\\/2024\\\/05\\\/encuentro-del-proyecto-europeo-her-voice-en-la-uned-denia\\\/#breadcrumb\"},\"inLanguage\":\"ca\",\"potentialAction\":[{\"@type\":\"ReadAction\",\"target\":[\"https:\\\/\\\/radiolitoral.com\\\/2024\\\/05\\\/encuentro-del-proyecto-europeo-her-voice-en-la-uned-denia\\\/\"]}]},{\"@type\":\"ImageObject\",\"inLanguage\":\"ca\",\"@id\":\"https:\\\/\\\/radiolitoral.com\\\/2024\\\/05\\\/encuentro-del-proyecto-europeo-her-voice-en-la-uned-denia\\\/#primaryimage\",\"url\":\"https:\\\/\\\/media.radiolitoral.com\\\/wp-content\\\/uploads\\\/2024\\\/05\\\/13130628\\\/WhatsApp-Image-2023-12-18-at-14.59.24-1.jpeg\",\"contentUrl\":\"https:\\\/\\\/media.radiolitoral.com\\\/wp-content\\\/uploads\\\/2024\\\/05\\\/13130628\\\/WhatsApp-Image-2023-12-18-at-14.59.24-1.jpeg\",\"width\":2000,\"height\":1500},{\"@type\":\"BreadcrumbList\",\"@id\":\"https:\\\/\\\/radiolitoral.com\\\/2024\\\/05\\\/encuentro-del-proyecto-europeo-her-voice-en-la-uned-denia\\\/#breadcrumb\",\"itemListElement\":[{\"@type\":\"ListItem\",\"position\":1,\"name\":\"Portada\",\"item\":\"https:\\\/\\\/radiolitoral.com\\\/\"},{\"@type\":\"ListItem\",\"position\":2,\"name\":\"Encuentro del Proyecto Europeo &#8216;Her Voice&#8217; en la UNED D\u00e9nia\"}]},{\"@type\":\"WebSite\",\"@id\":\"https:\\\/\\\/radiolitoral.com\\\/#website\",\"url\":\"https:\\\/\\\/radiolitoral.com\\\/\",\"name\":\"Radio Litoral\",\"description\":\"La radio local de la Marina Alta\",\"publisher\":{\"@id\":\"https:\\\/\\\/radiolitoral.com\\\/#organization\"},\"alternateName\":\"Litoral FM\",\"potentialAction\":[{\"@type\":\"SearchAction\",\"target\":{\"@type\":\"EntryPoint\",\"urlTemplate\":\"https:\\\/\\\/radiolitoral.com\\\/?s={search_term_string}\"},\"query-input\":{\"@type\":\"PropertyValueSpecification\",\"valueRequired\":true,\"valueName\":\"search_term_string\"}}],\"inLanguage\":\"ca\"},{\"@type\":\"Organization\",\"@id\":\"https:\\\/\\\/radiolitoral.com\\\/#organization\",\"name\":\"Radio Litoral\",\"url\":\"https:\\\/\\\/radiolitoral.com\\\/\",\"logo\":{\"@type\":\"ImageObject\",\"inLanguage\":\"ca\",\"@id\":\"https:\\\/\\\/radiolitoral.com\\\/#\\\/schema\\\/logo\\\/image\\\/\",\"url\":\"https:\\\/\\\/media.radiolitoral.com\\\/wp-content\\\/uploads\\\/2023\\\/02\\\/24143238\\\/CL-V-RadioLitoral696.png\",\"contentUrl\":\"https:\\\/\\\/media.radiolitoral.com\\\/wp-content\\\/uploads\\\/2023\\\/02\\\/24143238\\\/CL-V-RadioLitoral696.png\",\"width\":696,\"height\":696,\"caption\":\"Radio Litoral\"},\"image\":{\"@id\":\"https:\\\/\\\/radiolitoral.com\\\/#\\\/schema\\\/logo\\\/image\\\/\"},\"sameAs\":[\"https:\\\/\\\/www.facebook.com\\\/Laradiolitoral\\\/\"]},{\"@type\":\"Person\",\"@id\":\"https:\\\/\\\/radiolitoral.com\\\/#\\\/schema\\\/person\\\/f2b2343c49b5d721857cc1002bfdb151\",\"name\":\"Redacci\u00f3n\",\"image\":{\"@type\":\"ImageObject\",\"inLanguage\":\"ca\",\"@id\":\"https:\\\/\\\/secure.gravatar.com\\\/avatar\\\/f771d896c203ad8b3382d7905cfcce5a5c9b008b84b3cd9114e9b9f4cb63f789?s=96&d=mm&r=g\",\"url\":\"https:\\\/\\\/secure.gravatar.com\\\/avatar\\\/f771d896c203ad8b3382d7905cfcce5a5c9b008b84b3cd9114e9b9f4cb63f789?s=96&d=mm&r=g\",\"contentUrl\":\"https:\\\/\\\/secure.gravatar.com\\\/avatar\\\/f771d896c203ad8b3382d7905cfcce5a5c9b008b84b3cd9114e9b9f4cb63f789?s=96&d=mm&r=g\",\"caption\":\"Redacci\u00f3n\"},\"url\":\"https:\\\/\\\/radiolitoral.com\\\/ca\\\/author\\\/miriam-pagan\\\/\"}]}<\/script>\n<!-- \/ Yoast SEO plugin. -->","yoast_head_json":{"title":"Trobada del Projecte Europeu &#039;Her Voice&#039; a la UNED D\u00e9nia | R\u00e0dio Litoral","description":"El programa es desenvolupar\u00e0 dimarts,14, i dimecres, 15, amb la intenci\u00f3 \u00e9s promoure el lideratge femen\u00ed i la sostenibilitat El programa es desenvolupar\u00e0 dimarts,14, i dimecres, 15, amb la intenci\u00f3 \u00e9s promoure el lideratge femen\u00ed i la sostenibilitat","robots":{"index":"index","follow":"follow","max-snippet":"max-snippet:-1","max-image-preview":"max-image-preview:large","max-video-preview":"max-video-preview:-1"},"canonical":"https:\/\/radiolitoral.com\/ca\/2024\/05\/trobada-del-projecte-europeu-her-voice-a-la-uned-denia\/","og_locale":"ca_ES","og_type":"article","og_title":"Encuentro del Proyecto Europeo 'Her Voice' en la UNED D\u00e9nia | R\u00e0dio Litoral","og_description":"El programa se desarrollar\u00e1 el martes,14, y el mi\u00e9rcoles, 15, con la intenci\u00f3n es promover el liderazgo femenino y la sostenibilidad El programa se desarrollar\u00e1 el martes,14, y el mi\u00e9rcoles, 15, con la intenci\u00f3n es promover el liderazgo femenino y la sostenibilidad","og_url":"https:\/\/radiolitoral.com\/ca\/2024\/05\/trobada-del-projecte-europeu-her-voice-a-la-uned-denia\/","og_site_name":"R\u00e0dio Litoral","article_publisher":"https:\/\/www.facebook.com\/Laradiolitoral\/","article_published_time":"2024-05-13T11:09:48+00:00","og_image":[{"width":2000,"height":1500,"url":"https:\/\/media.radiolitoral.com\/wp-content\/uploads\/2024\/05\/13130628\/WhatsApp-Image-2023-12-18-at-14.59.24-1.jpeg","type":"image\/jpeg"}],"author":"Redacci\u00f3n","twitter_card":"summary_large_image","twitter_misc":{"Escrit per":"Redacci\u00f3n","Temps estimat de lectura":"2 minuts"},"schema":{"@context":"https:\/\/schema.org","@graph":[{"@type":"NewsArticle","@id":"https:\/\/radiolitoral.com\/2024\/05\/encuentro-del-proyecto-europeo-her-voice-en-la-uned-denia\/#article","isPartOf":{"@id":"https:\/\/radiolitoral.com\/2024\/05\/encuentro-del-proyecto-europeo-her-voice-en-la-uned-denia\/"},"author":{"name":"Redacci\u00f3n","@id":"https:\/\/radiolitoral.com\/#\/schema\/person\/f2b2343c49b5d721857cc1002bfdb151"},"headline":"Encuentro del Proyecto Europeo &#8216;Her Voice&#8217; en la UNED D\u00e9nia","datePublished":"2024-05-13T11:09:48+00:00","mainEntityOfPage":{"@id":"https:\/\/radiolitoral.com\/2024\/05\/encuentro-del-proyecto-europeo-her-voice-en-la-uned-denia\/"},"wordCount":377,"commentCount":0,"publisher":{"@id":"https:\/\/radiolitoral.com\/#organization"},"image":{"@id":"https:\/\/radiolitoral.com\/2024\/05\/encuentro-del-proyecto-europeo-her-voice-en-la-uned-denia\/#primaryimage"},"thumbnailUrl":"https:\/\/media.radiolitoral.com\/wp-content\/uploads\/2024\/05\/13130628\/WhatsApp-Image-2023-12-18-at-14.59.24-1.jpeg","keywords":["D\u00e9nia","Formaci\u00f3n","Her Voice","liderazgo femenino","UNED"],"articleSection":["Educaci\u00f3n"],"inLanguage":"ca","potentialAction":[{"@type":"CommentAction","name":"Comment","target":["https:\/\/radiolitoral.com\/2024\/05\/encuentro-del-proyecto-europeo-her-voice-en-la-uned-denia\/#respond"]}]},{"@type":["WebPage","ItemPage"],"@id":"https:\/\/radiolitoral.com\/2024\/05\/encuentro-del-proyecto-europeo-her-voice-en-la-uned-denia\/","url":"https:\/\/radiolitoral.com\/2024\/05\/encuentro-del-proyecto-europeo-her-voice-en-la-uned-denia\/","name":"Trobada del Projecte Europeu &#039;Her Voice&#039; a la UNED D\u00e9nia | R\u00e0dio Litoral","isPartOf":{"@id":"https:\/\/radiolitoral.com\/#website"},"primaryImageOfPage":{"@id":"https:\/\/radiolitoral.com\/2024\/05\/encuentro-del-proyecto-europeo-her-voice-en-la-uned-denia\/#primaryimage"},"image":{"@id":"https:\/\/radiolitoral.com\/2024\/05\/encuentro-del-proyecto-europeo-her-voice-en-la-uned-denia\/#primaryimage"},"thumbnailUrl":"https:\/\/media.radiolitoral.com\/wp-content\/uploads\/2024\/05\/13130628\/WhatsApp-Image-2023-12-18-at-14.59.24-1.jpeg","datePublished":"2024-05-13T11:09:48+00:00","description":"El programa es desenvolupar\u00e0 dimarts,14, i dimecres, 15, amb la intenci\u00f3 \u00e9s promoure el lideratge femen\u00ed i la sostenibilitat El programa es desenvolupar\u00e0 dimarts,14, i dimecres, 15, amb la intenci\u00f3 \u00e9s promoure el lideratge femen\u00ed i la sostenibilitat","breadcrumb":{"@id":"https:\/\/radiolitoral.com\/2024\/05\/encuentro-del-proyecto-europeo-her-voice-en-la-uned-denia\/#breadcrumb"},"inLanguage":"ca","potentialAction":[{"@type":"ReadAction","target":["https:\/\/radiolitoral.com\/2024\/05\/encuentro-del-proyecto-europeo-her-voice-en-la-uned-denia\/"]}]},{"@type":"ImageObject","inLanguage":"ca","@id":"https:\/\/radiolitoral.com\/2024\/05\/encuentro-del-proyecto-europeo-her-voice-en-la-uned-denia\/#primaryimage","url":"https:\/\/media.radiolitoral.com\/wp-content\/uploads\/2024\/05\/13130628\/WhatsApp-Image-2023-12-18-at-14.59.24-1.jpeg","contentUrl":"https:\/\/media.radiolitoral.com\/wp-content\/uploads\/2024\/05\/13130628\/WhatsApp-Image-2023-12-18-at-14.59.24-1.jpeg","width":2000,"height":1500},{"@type":"BreadcrumbList","@id":"https:\/\/radiolitoral.com\/2024\/05\/encuentro-del-proyecto-europeo-her-voice-en-la-uned-denia\/#breadcrumb","itemListElement":[{"@type":"ListItem","position":1,"name":"Portada","item":"https:\/\/radiolitoral.com\/"},{"@type":"ListItem","position":2,"name":"Encuentro del Proyecto Europeo &#8216;Her Voice&#8217; en la UNED D\u00e9nia"}]},{"@type":"WebSite","@id":"https:\/\/radiolitoral.com\/#website","url":"https:\/\/radiolitoral.com\/","name":"R\u00e0dio Litoral","description":"La r\u00e0dio local de la Marina Alta","publisher":{"@id":"https:\/\/radiolitoral.com\/#organization"},"alternateName":"Litoral FM","potentialAction":[{"@type":"SearchAction","target":{"@type":"EntryPoint","urlTemplate":"https:\/\/radiolitoral.com\/?s={search_term_string}"},"query-input":{"@type":"PropertyValueSpecification","valueRequired":true,"valueName":"search_term_string"}}],"inLanguage":"ca"},{"@type":"Organization","@id":"https:\/\/radiolitoral.com\/#organization","name":"R\u00e0dio Litoral","url":"https:\/\/radiolitoral.com\/","logo":{"@type":"ImageObject","inLanguage":"ca","@id":"https:\/\/radiolitoral.com\/#\/schema\/logo\/image\/","url":"https:\/\/media.radiolitoral.com\/wp-content\/uploads\/2023\/02\/24143238\/CL-V-RadioLitoral696.png","contentUrl":"https:\/\/media.radiolitoral.com\/wp-content\/uploads\/2023\/02\/24143238\/CL-V-RadioLitoral696.png","width":696,"height":696,"caption":"Radio Litoral"},"image":{"@id":"https:\/\/radiolitoral.com\/#\/schema\/logo\/image\/"},"sameAs":["https:\/\/www.facebook.com\/Laradiolitoral\/"]},{"@type":"Person","@id":"https:\/\/radiolitoral.com\/#\/schema\/person\/f2b2343c49b5d721857cc1002bfdb151","name":"Redacci\u00f3","image":{"@type":"ImageObject","inLanguage":"ca","@id":"https:\/\/secure.gravatar.com\/avatar\/f771d896c203ad8b3382d7905cfcce5a5c9b008b84b3cd9114e9b9f4cb63f789?s=96&d=mm&r=g","url":"https:\/\/secure.gravatar.com\/avatar\/f771d896c203ad8b3382d7905cfcce5a5c9b008b84b3cd9114e9b9f4cb63f789?s=96&d=mm&r=g","contentUrl":"https:\/\/secure.gravatar.com\/avatar\/f771d896c203ad8b3382d7905cfcce5a5c9b008b84b3cd9114e9b9f4cb63f789?s=96&d=mm&r=g","caption":"Redacci\u00f3n"},"url":"https:\/\/radiolitoral.com\/ca\/author\/miriam-pagan\/"}]}},"_links":{"self":[{"href":"https:\/\/radiolitoral.com\/ca\/wp-json\/wp\/v2\/posts\/8863","targetHints":{"allow":["GET"]}}],"collection":[{"href":"https:\/\/radiolitoral.com\/ca\/wp-json\/wp\/v2\/posts"}],"about":[{"href":"https:\/\/radiolitoral.com\/ca\/wp-json\/wp\/v2\/types\/post"}],"author":[{"embeddable":true,"href":"https:\/\/radiolitoral.com\/ca\/wp-json\/wp\/v2\/users\/13"}],"replies":[{"embeddable":true,"href":"https:\/\/radiolitoral.com\/ca\/wp-json\/wp\/v2\/comments?post=8863"}],"version-history":[{"count":1,"href":"https:\/\/radiolitoral.com\/ca\/wp-json\/wp\/v2\/posts\/8863\/revisions"}],"predecessor-version":[{"id":8865,"href":"https:\/\/radiolitoral.com\/ca\/wp-json\/wp\/v2\/posts\/8863\/revisions\/8865"}],"wp:featuredmedia":[{"embeddable":true,"href":"https:\/\/radiolitoral.com\/ca\/wp-json\/wp\/v2\/media\/8864"}],"wp:attachment":[{"href":"https:\/\/radiolitoral.com\/ca\/wp-json\/wp\/v2\/media?parent=8863"}],"wp:term":[{"taxonomy":"category","embeddable":true,"href":"https:\/\/radiolitoral.com\/ca\/wp-json\/wp\/v2\/categories?post=8863"},{"taxonomy":"post_tag","embeddable":true,"href":"https:\/\/radiolitoral.com\/ca\/wp-json\/wp\/v2\/tags?post=8863"}],"curies":[{"name":"wp","href":"https:\/\/api.w.org\/{rel}","templated":true}]}}