{"id":8838,"date":"2024-05-13T10:05:15","date_gmt":"2024-05-13T08:05:15","guid":{"rendered":"https:\/\/radiolitoral.com\/?p=8838"},"modified":"2024-05-13T10:05:15","modified_gmt":"2024-05-13T08:05:15","slug":"el-cd-denia-roman-i-el-cd-javea-baixa","status":"publish","type":"post","link":"https:\/\/radiolitoral.com\/ca\/2024\/05\/el-cd-denia-permanece-y-el-cd-javea-desciende\/","title":{"rendered":"El CD D\u00e9nia roman i el CD X\u00e0bia baixa"},"content":{"rendered":"<p>La pen\u00faltima jornada de la <strong>Lliga Comunitat<\/strong> ens va deixar la perman\u00e8ncia del <strong>CD D\u00e9nia<\/strong> despr\u00e9s de guanyar al <strong>H\u00e8rcules B<\/strong> per <strong>2 a 0<\/strong>, amb gols de Panucci i Renzo a la primera meitat. Al costat oposat el <strong>CD X\u00e0bia<\/strong>, que baixa a Primera FFCV despr\u00e9s de perdre davant la <strong>UD Tavernes (2-3)<\/strong>.<\/p>\n<p>Els denians tenien l&#039;obligaci\u00f3 de guanyar i els jugadors ho van tenir molt clar. Des de l&#039;arrencada del matx van ser intensos i van aconseguir portar la maneta del joc. Abans de fer la mitja hora ja guanyaven 2 a 0 i aix\u00f2 va suposar molta tranquil\u00b7litat per a la resta dels minuts.<\/p>\n<p><strong>Emotiu comiat a Carlos Ribes<\/strong><\/p>\n<p>El capit\u00e0 del CD D\u00e9nia, Carlos Ribes, va rebre un calor\u00f3s i emotiu homenatge en el seu darrer partit com a jugador en actiu davant la seva afici\u00f3. Encara li queda el que jugar\u00e0 a Santa Pola diumenge que ve. Ribes va saltar al terreny de joc i tant els seus companys com l&#039;H\u00e8rcules li va fer un passad\u00eds. El capit\u00e0 va estar acompanyat per la dona, el fill i la filla. Va rebre des del centre del camp l&#039;afecte dels aficionats no en va \u00e9s un dels jugadors que m\u00e9s temporades ha estat defensant la samarreta deniera. Sent al seu torn, dels futbolistes que m\u00e9s partits ha disputat a les categories del futbol valenci\u00e0.<\/p>\n<p><strong>Decepci\u00f3 a X\u00e0bia<\/strong><\/p>\n<p>L&#039;afici\u00f3 del CD X\u00e0bia va viure una de les tardes m\u00e9s tristos de les darreres temporades. El p\u00fablic va respondre a la trucada del club i va omplir la grada del camp municipal. El xoc va comen\u00e7ar molt b\u00e9 per als locals, en nom\u00e9s 11 minuts, Cabo va marcar 2 gols que donaven vida a l&#039;equip que entrena Julio Ivorra.<\/p>\n<figure id=\"attachment_8840\" aria-describedby=\"caption-attachment-8840\" style=\"width: 2048px\" class=\"wp-caption alignnone\"><img loading=\"lazy\" decoding=\"async\" class=\"wp-image-8840 size-full\" src=\"https:\/\/media.radiolitoral.com\/wp-content\/uploads\/2024\/05\/13100428\/441165126_3720094831538680_3744670823721287202_n.jpg\" alt=\"\" width=\"2048\" height=\"1536\" srcset=\"https:\/\/media.radiolitoral.com\/wp-content\/uploads\/2024\/05\/13100428\/441165126_3720094831538680_3744670823721287202_n.jpg 2048w, https:\/\/media.radiolitoral.com\/wp-content\/uploads\/2024\/05\/13100428\/441165126_3720094831538680_3744670823721287202_n-300x225.jpg 300w, https:\/\/media.radiolitoral.com\/wp-content\/uploads\/2024\/05\/13100428\/441165126_3720094831538680_3744670823721287202_n-1024x768.jpg 1024w, https:\/\/media.radiolitoral.com\/wp-content\/uploads\/2024\/05\/13100428\/441165126_3720094831538680_3744670823721287202_n-768x576.jpg 768w, https:\/\/media.radiolitoral.com\/wp-content\/uploads\/2024\/05\/13100428\/441165126_3720094831538680_3744670823721287202_n-1536x1152.jpg 1536w, https:\/\/media.radiolitoral.com\/wp-content\/uploads\/2024\/05\/13100428\/441165126_3720094831538680_3744670823721287202_n-16x12.jpg 16w, https:\/\/media.radiolitoral.com\/wp-content\/uploads\/2024\/05\/13100428\/441165126_3720094831538680_3744670823721287202_n-1000x750.jpg 1000w, https:\/\/media.radiolitoral.com\/wp-content\/uploads\/2024\/05\/13100428\/441165126_3720094831538680_3744670823721287202_n-100x75.jpg 100w, https:\/\/media.radiolitoral.com\/wp-content\/uploads\/2024\/05\/13100428\/441165126_3720094831538680_3744670823721287202_n-200x150.jpg 200w\" sizes=\"auto, (max-width: 2048px) 100vw, 2048px\" \/><figcaption id=\"caption-attachment-8840\" class=\"wp-caption-text\">Onze del CD X\u00e0bia amb els alevins | Forn\u00e8s<\/figcaption><\/figure>\n<p>El m\u00e9s dur va arribar a la segona meitat, quan amb prou feines s&#039;emportava 1 minut de joc, els visitants van escur\u00e7ar la difer\u00e8ncia. Els locals van acusar el gran esfor\u00e7 f\u00edsic realitzat ia poc a poc van baixar el ritme. El CD X\u00e0bia va anar a menys i la UD Tavernes a m\u00e9s. Els vallers van aconseguir capgirar el marcador per emportar-se un triomf que va deixar enfonsada tota l&#039;afici\u00f3, directius, cos t\u00e8cnic i plantilla del CD X\u00e0bia.<\/p>","protected":false},"excerpt":{"rendered":"<p>La pen\u00faltima jornada de la Lliga Comunitat nos dej\u00f3 la permanencia del CD D\u00e9nia tras ganar al H\u00e9rcules B por 2 a 0, con goles de Panucci y Renzo en la primera mitad. En el lado opuesto el CD J\u00e1vea, que desciende a Primera FFCV despu\u00e9s de perder ante la UD Tavernes (2-3). Los dianenses [&#8230;]<\/p>\n<p><a class=\"btn btn-secondary understrap-read-more-link\" href=\"https:\/\/radiolitoral.com\/ca\/2024\/05\/el-cd-denia-permanece-y-el-cd-javea-desciende\/\">Continua llegint&#8230;<span class=\"screen-reader-text\"> from El CD D\u00e9nia permanece y el CD J\u00e1vea desciende<\/span><\/a><\/p>\n","protected":false},"author":12,"featured_media":8839,"comment_status":"open","ping_status":"closed","sticky":false,"template":"","format":"standard","meta":{"_acf_changed":false,"inline_featured_image":false,"footnotes":""},"categories":[5],"tags":[1335,893,1332,6,1333,1334],"class_list":["post-8838","post","type-post","status-publish","format-standard","has-post-thumbnail","hentry","category-deportes","tag-carlos-ribes","tag-cd-denia","tag-cd-javea","tag-deportes","tag-hercules-b","tag-ud-tavernes","cobertura-denia"],"acf":[],"yoast_head":"<!-- This site is optimized with the Yoast SEO plugin v27.5 - https:\/\/yoast.com\/product\/yoast-seo-wordpress\/ -->\n<title>El CD D\u00e9nia permanece y el CD J\u00e1vea desciende | R\u00e0dio Litoral<\/title>\n<meta name=\"description\" content=\"Los dianenses vencieron 2 a 0 al H\u00e9rcules y los xabieros cayeron ante la UD Tavernes (2-3) Los dianenses vencieron 2 a 0 al H\u00e9rcules y los xabieros cayeron ante la UD Tavernes (2-3)\" \/>\n<meta name=\"robots\" content=\"index, follow, max-snippet:-1, max-image-preview:large, max-video-preview:-1\" \/>\n<link rel=\"canonical\" href=\"https:\/\/radiolitoral.com\/ca\/2024\/05\/el-cd-denia-roman-i-el-cd-javea-baixa\/\" \/>\n<meta property=\"og:locale\" content=\"ca_ES\" \/>\n<meta property=\"og:type\" content=\"article\" \/>\n<meta property=\"og:title\" content=\"El CD D\u00e9nia permanece y el CD J\u00e1vea desciende | R\u00e0dio Litoral\" \/>\n<meta property=\"og:description\" content=\"Los dianenses vencieron 2 a 0 al H\u00e9rcules y los xabieros cayeron ante la UD Tavernes (2-3) Los dianenses vencieron 2 a 0 al H\u00e9rcules y los xabieros cayeron ante la UD Tavernes (2-3)\" \/>\n<meta property=\"og:url\" content=\"https:\/\/radiolitoral.com\/ca\/2024\/05\/el-cd-denia-roman-i-el-cd-javea-baixa\/\" \/>\n<meta property=\"og:site_name\" content=\"R\u00e0dio Litoral\" \/>\n<meta property=\"article:publisher\" content=\"https:\/\/www.facebook.com\/Laradiolitoral\/\" \/>\n<meta property=\"article:published_time\" content=\"2024-05-13T08:05:15+00:00\" \/>\n<meta property=\"og:image\" content=\"https:\/\/media.radiolitoral.com\/wp-content\/uploads\/2024\/05\/13100105\/DSC_0634-scaled.jpg\" \/>\n\t<meta property=\"og:image:width\" content=\"2560\" \/>\n\t<meta property=\"og:image:height\" content=\"1707\" \/>\n\t<meta property=\"og:image:type\" content=\"image\/jpeg\" \/>\n<meta name=\"author\" content=\"Javier Zamora\" \/>\n<meta name=\"twitter:card\" content=\"summary_large_image\" \/>\n<meta name=\"twitter:label1\" content=\"Escrit per\" \/>\n\t<meta name=\"twitter:data1\" content=\"Javier Zamora\" \/>\n\t<meta name=\"twitter:label2\" content=\"Temps estimat de lectura\" \/>\n\t<meta name=\"twitter:data2\" content=\"3 minuts\" \/>\n<script type=\"application\/ld+json\" class=\"yoast-schema-graph\">{\"@context\":\"https:\\\/\\\/schema.org\",\"@graph\":[{\"@type\":\"NewsArticle\",\"@id\":\"https:\\\/\\\/radiolitoral.com\\\/2024\\\/05\\\/el-cd-denia-permanece-y-el-cd-javea-desciende\\\/#article\",\"isPartOf\":{\"@id\":\"https:\\\/\\\/radiolitoral.com\\\/2024\\\/05\\\/el-cd-denia-permanece-y-el-cd-javea-desciende\\\/\"},\"author\":{\"name\":\"Javier Zamora\",\"@id\":\"https:\\\/\\\/radiolitoral.com\\\/#\\\/schema\\\/person\\\/7b1480b5caeb5acdd4ec6379caf62b22\"},\"headline\":\"El CD D\u00e9nia permanece y el CD J\u00e1vea desciende\",\"datePublished\":\"2024-05-13T08:05:15+00:00\",\"mainEntityOfPage\":{\"@id\":\"https:\\\/\\\/radiolitoral.com\\\/2024\\\/05\\\/el-cd-denia-permanece-y-el-cd-javea-desciende\\\/\"},\"wordCount\":407,\"commentCount\":0,\"publisher\":{\"@id\":\"https:\\\/\\\/radiolitoral.com\\\/#organization\"},\"image\":{\"@id\":\"https:\\\/\\\/radiolitoral.com\\\/2024\\\/05\\\/el-cd-denia-permanece-y-el-cd-javea-desciende\\\/#primaryimage\"},\"thumbnailUrl\":\"https:\\\/\\\/media.radiolitoral.com\\\/wp-content\\\/uploads\\\/2024\\\/05\\\/13100105\\\/DSC_0634-scaled.jpg\",\"keywords\":[\"Carlos Ribes\",\"CD D\u00e9nia\",\"CD J\u00e1vea\",\"deportes\",\"H\u00e9rcules B\",\"UD Tavernes\"],\"articleSection\":[\"Deportes\"],\"inLanguage\":\"ca\",\"potentialAction\":[{\"@type\":\"CommentAction\",\"name\":\"Comment\",\"target\":[\"https:\\\/\\\/radiolitoral.com\\\/2024\\\/05\\\/el-cd-denia-permanece-y-el-cd-javea-desciende\\\/#respond\"]}]},{\"@type\":[\"WebPage\",\"ItemPage\"],\"@id\":\"https:\\\/\\\/radiolitoral.com\\\/2024\\\/05\\\/el-cd-denia-permanece-y-el-cd-javea-desciende\\\/\",\"url\":\"https:\\\/\\\/radiolitoral.com\\\/2024\\\/05\\\/el-cd-denia-permanece-y-el-cd-javea-desciende\\\/\",\"name\":\"El CD D\u00e9nia permanece y el CD J\u00e1vea desciende | R\u00e0dio Litoral\",\"isPartOf\":{\"@id\":\"https:\\\/\\\/radiolitoral.com\\\/#website\"},\"primaryImageOfPage\":{\"@id\":\"https:\\\/\\\/radiolitoral.com\\\/2024\\\/05\\\/el-cd-denia-permanece-y-el-cd-javea-desciende\\\/#primaryimage\"},\"image\":{\"@id\":\"https:\\\/\\\/radiolitoral.com\\\/2024\\\/05\\\/el-cd-denia-permanece-y-el-cd-javea-desciende\\\/#primaryimage\"},\"thumbnailUrl\":\"https:\\\/\\\/media.radiolitoral.com\\\/wp-content\\\/uploads\\\/2024\\\/05\\\/13100105\\\/DSC_0634-scaled.jpg\",\"datePublished\":\"2024-05-13T08:05:15+00:00\",\"description\":\"Los dianenses vencieron 2 a 0 al H\u00e9rcules y los xabieros cayeron ante la UD Tavernes (2-3) Los dianenses vencieron 2 a 0 al H\u00e9rcules y los xabieros cayeron ante la UD Tavernes (2-3)\",\"breadcrumb\":{\"@id\":\"https:\\\/\\\/radiolitoral.com\\\/2024\\\/05\\\/el-cd-denia-permanece-y-el-cd-javea-desciende\\\/#breadcrumb\"},\"inLanguage\":\"ca\",\"potentialAction\":[{\"@type\":\"ReadAction\",\"target\":[\"https:\\\/\\\/radiolitoral.com\\\/2024\\\/05\\\/el-cd-denia-permanece-y-el-cd-javea-desciende\\\/\"]}]},{\"@type\":\"ImageObject\",\"inLanguage\":\"ca\",\"@id\":\"https:\\\/\\\/radiolitoral.com\\\/2024\\\/05\\\/el-cd-denia-permanece-y-el-cd-javea-desciende\\\/#primaryimage\",\"url\":\"https:\\\/\\\/media.radiolitoral.com\\\/wp-content\\\/uploads\\\/2024\\\/05\\\/13100105\\\/DSC_0634-scaled.jpg\",\"contentUrl\":\"https:\\\/\\\/media.radiolitoral.com\\\/wp-content\\\/uploads\\\/2024\\\/05\\\/13100105\\\/DSC_0634-scaled.jpg\",\"width\":2560,\"height\":1707},{\"@type\":\"BreadcrumbList\",\"@id\":\"https:\\\/\\\/radiolitoral.com\\\/2024\\\/05\\\/el-cd-denia-permanece-y-el-cd-javea-desciende\\\/#breadcrumb\",\"itemListElement\":[{\"@type\":\"ListItem\",\"position\":1,\"name\":\"Portada\",\"item\":\"https:\\\/\\\/radiolitoral.com\\\/\"},{\"@type\":\"ListItem\",\"position\":2,\"name\":\"El CD D\u00e9nia permanece y el CD J\u00e1vea desciende\"}]},{\"@type\":\"WebSite\",\"@id\":\"https:\\\/\\\/radiolitoral.com\\\/#website\",\"url\":\"https:\\\/\\\/radiolitoral.com\\\/\",\"name\":\"Radio Litoral\",\"description\":\"La radio local de la Marina Alta\",\"publisher\":{\"@id\":\"https:\\\/\\\/radiolitoral.com\\\/#organization\"},\"alternateName\":\"Litoral FM\",\"potentialAction\":[{\"@type\":\"SearchAction\",\"target\":{\"@type\":\"EntryPoint\",\"urlTemplate\":\"https:\\\/\\\/radiolitoral.com\\\/?s={search_term_string}\"},\"query-input\":{\"@type\":\"PropertyValueSpecification\",\"valueRequired\":true,\"valueName\":\"search_term_string\"}}],\"inLanguage\":\"ca\"},{\"@type\":\"Organization\",\"@id\":\"https:\\\/\\\/radiolitoral.com\\\/#organization\",\"name\":\"Radio Litoral\",\"url\":\"https:\\\/\\\/radiolitoral.com\\\/\",\"logo\":{\"@type\":\"ImageObject\",\"inLanguage\":\"ca\",\"@id\":\"https:\\\/\\\/radiolitoral.com\\\/#\\\/schema\\\/logo\\\/image\\\/\",\"url\":\"https:\\\/\\\/media.radiolitoral.com\\\/wp-content\\\/uploads\\\/2023\\\/02\\\/24143238\\\/CL-V-RadioLitoral696.png\",\"contentUrl\":\"https:\\\/\\\/media.radiolitoral.com\\\/wp-content\\\/uploads\\\/2023\\\/02\\\/24143238\\\/CL-V-RadioLitoral696.png\",\"width\":696,\"height\":696,\"caption\":\"Radio Litoral\"},\"image\":{\"@id\":\"https:\\\/\\\/radiolitoral.com\\\/#\\\/schema\\\/logo\\\/image\\\/\"},\"sameAs\":[\"https:\\\/\\\/www.facebook.com\\\/Laradiolitoral\\\/\"]},{\"@type\":\"Person\",\"@id\":\"https:\\\/\\\/radiolitoral.com\\\/#\\\/schema\\\/person\\\/7b1480b5caeb5acdd4ec6379caf62b22\",\"name\":\"Javier Zamora\",\"image\":{\"@type\":\"ImageObject\",\"inLanguage\":\"ca\",\"@id\":\"https:\\\/\\\/secure.gravatar.com\\\/avatar\\\/467a11f6918c7d619c4043fc6fa2d3853053107973f05b6e9c04ea6c4e3a7b3f?s=96&d=mm&r=g\",\"url\":\"https:\\\/\\\/secure.gravatar.com\\\/avatar\\\/467a11f6918c7d619c4043fc6fa2d3853053107973f05b6e9c04ea6c4e3a7b3f?s=96&d=mm&r=g\",\"contentUrl\":\"https:\\\/\\\/secure.gravatar.com\\\/avatar\\\/467a11f6918c7d619c4043fc6fa2d3853053107973f05b6e9c04ea6c4e3a7b3f?s=96&d=mm&r=g\",\"caption\":\"Javier Zamora\"},\"url\":\"https:\\\/\\\/radiolitoral.com\\\/ca\\\/author\\\/javier-zamora\\\/\"}]}<\/script>\n<!-- \/ Yoast SEO plugin. -->","yoast_head_json":{"title":"El CD D\u00e9nia continua i el CD X\u00e0bia baixa | R\u00e0dio Litoral","description":"Els dianencs van v\u00e8ncer 2 a 0 a l&#039;H\u00e8rcules i els xabieros van caure davant la UD Tavernes (2-3) Els dianencs van v\u00e8ncer 2 a 0 a l&#039;H\u00e8rcules i els xabieros van caure davant la UD Tavernes (2-3)","robots":{"index":"index","follow":"follow","max-snippet":"max-snippet:-1","max-image-preview":"max-image-preview:large","max-video-preview":"max-video-preview:-1"},"canonical":"https:\/\/radiolitoral.com\/ca\/2024\/05\/el-cd-denia-roman-i-el-cd-javea-baixa\/","og_locale":"ca_ES","og_type":"article","og_title":"El CD D\u00e9nia permanece y el CD J\u00e1vea desciende | R\u00e0dio Litoral","og_description":"Los dianenses vencieron 2 a 0 al H\u00e9rcules y los xabieros cayeron ante la UD Tavernes (2-3) Los dianenses vencieron 2 a 0 al H\u00e9rcules y los xabieros cayeron ante la UD Tavernes (2-3)","og_url":"https:\/\/radiolitoral.com\/ca\/2024\/05\/el-cd-denia-roman-i-el-cd-javea-baixa\/","og_site_name":"R\u00e0dio Litoral","article_publisher":"https:\/\/www.facebook.com\/Laradiolitoral\/","article_published_time":"2024-05-13T08:05:15+00:00","og_image":[{"width":2560,"height":1707,"url":"https:\/\/media.radiolitoral.com\/wp-content\/uploads\/2024\/05\/13100105\/DSC_0634-scaled.jpg","type":"image\/jpeg"}],"author":"Javier Zamora","twitter_card":"summary_large_image","twitter_misc":{"Escrit per":"Javier Zamora","Temps estimat de lectura":"3 minuts"},"schema":{"@context":"https:\/\/schema.org","@graph":[{"@type":"NewsArticle","@id":"https:\/\/radiolitoral.com\/2024\/05\/el-cd-denia-permanece-y-el-cd-javea-desciende\/#article","isPartOf":{"@id":"https:\/\/radiolitoral.com\/2024\/05\/el-cd-denia-permanece-y-el-cd-javea-desciende\/"},"author":{"name":"Javier Zamora","@id":"https:\/\/radiolitoral.com\/#\/schema\/person\/7b1480b5caeb5acdd4ec6379caf62b22"},"headline":"El CD D\u00e9nia permanece y el CD J\u00e1vea desciende","datePublished":"2024-05-13T08:05:15+00:00","mainEntityOfPage":{"@id":"https:\/\/radiolitoral.com\/2024\/05\/el-cd-denia-permanece-y-el-cd-javea-desciende\/"},"wordCount":407,"commentCount":0,"publisher":{"@id":"https:\/\/radiolitoral.com\/#organization"},"image":{"@id":"https:\/\/radiolitoral.com\/2024\/05\/el-cd-denia-permanece-y-el-cd-javea-desciende\/#primaryimage"},"thumbnailUrl":"https:\/\/media.radiolitoral.com\/wp-content\/uploads\/2024\/05\/13100105\/DSC_0634-scaled.jpg","keywords":["Carlos Ribes","CD D\u00e9nia","CD J\u00e1vea","deportes","H\u00e9rcules B","UD Tavernes"],"articleSection":["Deportes"],"inLanguage":"ca","potentialAction":[{"@type":"CommentAction","name":"Comment","target":["https:\/\/radiolitoral.com\/2024\/05\/el-cd-denia-permanece-y-el-cd-javea-desciende\/#respond"]}]},{"@type":["WebPage","ItemPage"],"@id":"https:\/\/radiolitoral.com\/2024\/05\/el-cd-denia-permanece-y-el-cd-javea-desciende\/","url":"https:\/\/radiolitoral.com\/2024\/05\/el-cd-denia-permanece-y-el-cd-javea-desciende\/","name":"El CD D\u00e9nia continua i el CD X\u00e0bia baixa | R\u00e0dio Litoral","isPartOf":{"@id":"https:\/\/radiolitoral.com\/#website"},"primaryImageOfPage":{"@id":"https:\/\/radiolitoral.com\/2024\/05\/el-cd-denia-permanece-y-el-cd-javea-desciende\/#primaryimage"},"image":{"@id":"https:\/\/radiolitoral.com\/2024\/05\/el-cd-denia-permanece-y-el-cd-javea-desciende\/#primaryimage"},"thumbnailUrl":"https:\/\/media.radiolitoral.com\/wp-content\/uploads\/2024\/05\/13100105\/DSC_0634-scaled.jpg","datePublished":"2024-05-13T08:05:15+00:00","description":"Els dianencs van v\u00e8ncer 2 a 0 a l&#039;H\u00e8rcules i els xabieros van caure davant la UD Tavernes (2-3) Els dianencs van v\u00e8ncer 2 a 0 a l&#039;H\u00e8rcules i els xabieros van caure davant la UD Tavernes (2-3)","breadcrumb":{"@id":"https:\/\/radiolitoral.com\/2024\/05\/el-cd-denia-permanece-y-el-cd-javea-desciende\/#breadcrumb"},"inLanguage":"ca","potentialAction":[{"@type":"ReadAction","target":["https:\/\/radiolitoral.com\/2024\/05\/el-cd-denia-permanece-y-el-cd-javea-desciende\/"]}]},{"@type":"ImageObject","inLanguage":"ca","@id":"https:\/\/radiolitoral.com\/2024\/05\/el-cd-denia-permanece-y-el-cd-javea-desciende\/#primaryimage","url":"https:\/\/media.radiolitoral.com\/wp-content\/uploads\/2024\/05\/13100105\/DSC_0634-scaled.jpg","contentUrl":"https:\/\/media.radiolitoral.com\/wp-content\/uploads\/2024\/05\/13100105\/DSC_0634-scaled.jpg","width":2560,"height":1707},{"@type":"BreadcrumbList","@id":"https:\/\/radiolitoral.com\/2024\/05\/el-cd-denia-permanece-y-el-cd-javea-desciende\/#breadcrumb","itemListElement":[{"@type":"ListItem","position":1,"name":"Portada","item":"https:\/\/radiolitoral.com\/"},{"@type":"ListItem","position":2,"name":"El CD D\u00e9nia permanece y el CD J\u00e1vea desciende"}]},{"@type":"WebSite","@id":"https:\/\/radiolitoral.com\/#website","url":"https:\/\/radiolitoral.com\/","name":"R\u00e0dio Litoral","description":"La r\u00e0dio local de la Marina Alta","publisher":{"@id":"https:\/\/radiolitoral.com\/#organization"},"alternateName":"Litoral FM","potentialAction":[{"@type":"SearchAction","target":{"@type":"EntryPoint","urlTemplate":"https:\/\/radiolitoral.com\/?s={search_term_string}"},"query-input":{"@type":"PropertyValueSpecification","valueRequired":true,"valueName":"search_term_string"}}],"inLanguage":"ca"},{"@type":"Organization","@id":"https:\/\/radiolitoral.com\/#organization","name":"R\u00e0dio Litoral","url":"https:\/\/radiolitoral.com\/","logo":{"@type":"ImageObject","inLanguage":"ca","@id":"https:\/\/radiolitoral.com\/#\/schema\/logo\/image\/","url":"https:\/\/media.radiolitoral.com\/wp-content\/uploads\/2023\/02\/24143238\/CL-V-RadioLitoral696.png","contentUrl":"https:\/\/media.radiolitoral.com\/wp-content\/uploads\/2023\/02\/24143238\/CL-V-RadioLitoral696.png","width":696,"height":696,"caption":"Radio Litoral"},"image":{"@id":"https:\/\/radiolitoral.com\/#\/schema\/logo\/image\/"},"sameAs":["https:\/\/www.facebook.com\/Laradiolitoral\/"]},{"@type":"Person","@id":"https:\/\/radiolitoral.com\/#\/schema\/person\/7b1480b5caeb5acdd4ec6379caf62b22","name":"Javier Zamora","image":{"@type":"ImageObject","inLanguage":"ca","@id":"https:\/\/secure.gravatar.com\/avatar\/467a11f6918c7d619c4043fc6fa2d3853053107973f05b6e9c04ea6c4e3a7b3f?s=96&d=mm&r=g","url":"https:\/\/secure.gravatar.com\/avatar\/467a11f6918c7d619c4043fc6fa2d3853053107973f05b6e9c04ea6c4e3a7b3f?s=96&d=mm&r=g","contentUrl":"https:\/\/secure.gravatar.com\/avatar\/467a11f6918c7d619c4043fc6fa2d3853053107973f05b6e9c04ea6c4e3a7b3f?s=96&d=mm&r=g","caption":"Javier Zamora"},"url":"https:\/\/radiolitoral.com\/ca\/author\/javier-zamora\/"}]}},"_links":{"self":[{"href":"https:\/\/radiolitoral.com\/ca\/wp-json\/wp\/v2\/posts\/8838","targetHints":{"allow":["GET"]}}],"collection":[{"href":"https:\/\/radiolitoral.com\/ca\/wp-json\/wp\/v2\/posts"}],"about":[{"href":"https:\/\/radiolitoral.com\/ca\/wp-json\/wp\/v2\/types\/post"}],"author":[{"embeddable":true,"href":"https:\/\/radiolitoral.com\/ca\/wp-json\/wp\/v2\/users\/12"}],"replies":[{"embeddable":true,"href":"https:\/\/radiolitoral.com\/ca\/wp-json\/wp\/v2\/comments?post=8838"}],"version-history":[{"count":1,"href":"https:\/\/radiolitoral.com\/ca\/wp-json\/wp\/v2\/posts\/8838\/revisions"}],"predecessor-version":[{"id":8841,"href":"https:\/\/radiolitoral.com\/ca\/wp-json\/wp\/v2\/posts\/8838\/revisions\/8841"}],"wp:featuredmedia":[{"embeddable":true,"href":"https:\/\/radiolitoral.com\/ca\/wp-json\/wp\/v2\/media\/8839"}],"wp:attachment":[{"href":"https:\/\/radiolitoral.com\/ca\/wp-json\/wp\/v2\/media?parent=8838"}],"wp:term":[{"taxonomy":"category","embeddable":true,"href":"https:\/\/radiolitoral.com\/ca\/wp-json\/wp\/v2\/categories?post=8838"},{"taxonomy":"post_tag","embeddable":true,"href":"https:\/\/radiolitoral.com\/ca\/wp-json\/wp\/v2\/tags?post=8838"}],"curies":[{"name":"wp","href":"https:\/\/api.w.org\/{rel}","templated":true}]}}