{"id":8807,"date":"2024-05-10T10:01:48","date_gmt":"2024-05-10T08:01:48","guid":{"rendered":"https:\/\/radiolitoral.com\/?p=8807"},"modified":"2024-05-10T10:01:48","modified_gmt":"2024-05-10T08:01:48","slug":"obres-de-renovacio-del-paviment-al-pavello-diumenge-crespo","status":"publish","type":"post","link":"https:\/\/radiolitoral.com\/ca\/2024\/05\/obras-de-renovacion-del-pavimento-en-el-pabellon-domingo-crespo\/","title":{"rendered":"Obres de renovaci\u00f3 del paviment al Pavell\u00f3 Domingo Crespo"},"content":{"rendered":"<div class=\"flex-1 overflow-hidden\">\n<div class=\"react-scroll-to-bottom--css-anhhr-79elbk h-full\">\n<div class=\"react-scroll-to-bottom--css-anhhr-1n7m0yu\">\n<div>\n<div class=\"flex flex-col text-sm pb-9\">\n<div class=\"w-full text-token-text-primary\" dir=\"auto\" data-testid=\"conversation-turn-341\" data-scroll-anchor=\"true\">\n<div class=\"py-2 px-3 text-base md:px-4 m-auto md:px-5 lg:px-1 xl:px-5\">\n<div class=\"mx-auto flex flex-1 gap-3 text-base juice:gap-4 juice:md:gap-6 md:max-w-3xl lg:max-w-[40rem] xl:max-w-[48rem]\">\n<div class=\"relative flex w-full min-w-0 flex-col agent-turn\">\n<div class=\"flex-col gap-1 md:gap-3\">\n<div class=\"flex flex-grow flex-col max-w-full\">\n<div class=\"min-h-[20px] text-message flex flex-col items-start whitespace-pre-wrap break-words [.text-message+&amp;]:mt-5 overflow-x-auto gap-3\" dir=\"auto\" data-message-author-role=\"assistant\" data-message-id=\"1f7192f9-a838-4af5-b734-0829aa30d29d\">\n<div class=\"markdown prose w-full break-words dark:prose-invert light\">\n<p>Esta semana han comenzado las tan esperadas obras de renovaci\u00f3n del pavimento del <strong>Pabell\u00f3n Domingo Crespo<\/strong>, adjudicadas recientemente a la empresa <strong>Soluciones Deportivas Ibaizabal<\/strong> por un importe de <strong>161.536\u20ac<\/strong> y con un plazo de ejecuci\u00f3n de <strong>dos meses<\/strong>.<\/p>\n<p>El Pabell\u00f3n Domingo Crespo, principal instalaci\u00f3n deportiva cubierta del municipio, dispone de una tarima de madera que, tras m\u00e1s de 20 a\u00f1os de uso y m\u00faltiples reparaciones puntuales, presenta un estado deficiente. Esta situaci\u00f3n compromet\u00eda el desarrollo de actividades deportivas oficiales, haciendo imprescindible la renovaci\u00f3n del pavimento para garantizar la realizaci\u00f3n de competiciones en el futuro.<\/p>\n<h3>Detalles de la Renovaci\u00f3n<\/h3>\n<p>Las obras contemplan la instalaci\u00f3n de un nuevo pavimento en un \u00e1rea de 1247 m\u00b2. Los trabajos incluyen la retirada del pavimento existente y la colocaci\u00f3n de un nuevo suelo formado por tablas de madera maciza de haya selecci\u00f3n <strong>PREMIUM<\/strong>, secada en prensa, de 22 mm de espesor, clavadas sobre madera laminada de 30 mm de altura. Este nuevo pavimento cumple con la norma EN 14904:A3 y cuenta con certificaci\u00f3n <strong>FIBA 2023<\/strong> actualizada. Adem\u00e1s, el pavimento deportivo ser\u00e1 rematado perimetralmente con una c\u00e1mara ventilada de 5 cm de espesor de ranura, cerrada con chapa perforada de acero inoxidable enrasada con el pavimento.<\/p>\n<h3>Impacto en la Comunidad Deportiva<\/h3>\n<p>Las obras se han iniciado una vez finalizada la temporada deportiva, aprovechando un periodo de menor actividad por parte de los clubes deportivos. Esta renovaci\u00f3n no solo beneficiar\u00e1 a los equipos locales, sino que permitir\u00e1 tambi\u00e9n la pr\u00e1ctica de otras modalidades deportivas, ampliando as\u00ed las posibilidades de uso del pabell\u00f3n.<\/p>\n<figure id=\"attachment_8809\" aria-describedby=\"caption-attachment-8809\" style=\"width: 1536px\" class=\"wp-caption alignnone\"><img loading=\"lazy\" decoding=\"async\" class=\"wp-image-8809 size-full\" src=\"https:\/\/media.radiolitoral.com\/wp-content\/uploads\/2024\/05\/10095945\/obras-en-el-pabellon-Domingo-Crespo.jpg\" alt=\"\" width=\"1536\" height=\"1024\" srcset=\"https:\/\/media.radiolitoral.com\/wp-content\/uploads\/2024\/05\/10095945\/obras-en-el-pabellon-Domingo-Crespo.jpg 1536w, https:\/\/media.radiolitoral.com\/wp-content\/uploads\/2024\/05\/10095945\/obras-en-el-pabellon-Domingo-Crespo-300x200.jpg 300w, https:\/\/media.radiolitoral.com\/wp-content\/uploads\/2024\/05\/10095945\/obras-en-el-pabellon-Domingo-Crespo-1024x683.jpg 1024w, https:\/\/media.radiolitoral.com\/wp-content\/uploads\/2024\/05\/10095945\/obras-en-el-pabellon-Domingo-Crespo-768x512.jpg 768w, https:\/\/media.radiolitoral.com\/wp-content\/uploads\/2024\/05\/10095945\/obras-en-el-pabellon-Domingo-Crespo-18x12.jpg 18w, https:\/\/media.radiolitoral.com\/wp-content\/uploads\/2024\/05\/10095945\/obras-en-el-pabellon-Domingo-Crespo-1000x667.jpg 1000w, https:\/\/media.radiolitoral.com\/wp-content\/uploads\/2024\/05\/10095945\/obras-en-el-pabellon-Domingo-Crespo-100x67.jpg 100w, https:\/\/media.radiolitoral.com\/wp-content\/uploads\/2024\/05\/10095945\/obras-en-el-pabellon-Domingo-Crespo-200x133.jpg 200w\" sizes=\"auto, (max-width: 1536px) 100vw, 1536px\" \/><figcaption id=\"caption-attachment-8809\" class=\"wp-caption-text\">obras en el pabell\u00f3n Domingo Crespo | Ayto Calpe<\/figcaption><\/figure>\n<\/div>\n<\/div>\n<h3><\/h3>\n<div class=\"min-h-[20px] text-message flex flex-col items-start whitespace-pre-wrap break-words [.text-message+&amp;]:mt-5 overflow-x-auto gap-3\" dir=\"auto\" data-message-author-role=\"assistant\" data-message-id=\"1f7192f9-a838-4af5-b734-0829aa30d29d\">\n<div class=\"markdown prose w-full break-words dark:prose-invert light\">\n<h3>Historia y Relevancia del Pabell\u00f3n Domingo Crespo<\/h3>\n<p>Construido en 1983, el Pabell\u00f3n Domingo Crespo es uno de los recintos deportivos m\u00e1s importantes del municipio. A lo largo de sus a\u00f1os de historia, ha acogido torneos deportivos de alto nivel, como campeonatos de baloncesto de primera categor\u00eda nacional, y ha sido sede de prestigiosos campus deportivos, como los de <strong>Pau Gasol<\/strong> y <strong>Juan Carlos Navarro<\/strong>. Adem\u00e1s, ha servido de escenario para eventos sociales significativos, como la elecci\u00f3n de la reina de las fiestas y el festival de folklore.<\/p>\n<p>Con esta renovaci\u00f3n, el Pabell\u00f3n Domingo Crespo se prepara para seguir siendo un referente deportivo y social en el municipio, garantizando instalaciones de calidad para todos los usuarios y eventos futuros.<\/p>\n<\/div>\n<\/div>\n<\/div>\n<div class=\"mt-1 flex gap-3 empty:hidden juice:-ml-3\">\n<div class=\"-ml-1 mt-0 h-7 items-center justify-center gap-[2px] self-end text-gray-400 lg:justify-start lg:self-center visible flex\"><\/div>\n<\/div>\n<div class=\"pr-2 lg:pr-0\"><\/div>\n<\/div>\n<div class=\"absolute\">\n<div class=\"flex w-full gap-2 items-center justify-center\"><\/div>\n<\/div>\n<\/div>\n<\/div>\n<\/div>\n<\/div>\n<\/div>\n<\/div>\n<\/div>\n<\/div>\n<\/div>\n<div class=\"w-full md:pt-0 dark:border-white\/20 md:border-transparent md:dark:border-transparent md:w-[calc(100%-.5rem)] juice:w-full\">\n<div class=\"px-3 text-base md:px-4 m-auto md:px-5 lg:px-1 xl:px-5\">\n<div class=\"mx-auto flex flex-1 gap-3 text-base juice:gap-4 juice:md:gap-6 md:max-w-3xl lg:max-w-[40rem] xl:max-w-[48rem]\">\n<form class=\"w-full\">\n<div class=\"relative flex h-full max-w-full flex-1 flex-col\">\n<div class=\"absolute bottom-full left-0 right-0\"><\/div>\n<div class=\"flex w-full items-center\"><\/div>\n<\/div>\n<\/form>\n<\/div>\n<\/div>\n<\/div>\n","protected":false},"excerpt":{"rendered":"<p>Esta semana han comenzado las tan esperadas obras de renovaci\u00f3n del pavimento del Pabell\u00f3n Domingo Crespo, adjudicadas recientemente a la empresa Soluciones Deportivas Ibaizabal por un importe de 161.536\u20ac y con un plazo de ejecuci\u00f3n de dos meses. El Pabell\u00f3n Domingo Crespo, principal instalaci\u00f3n deportiva cubierta del municipio, dispone de una tarima de madera que, [&#8230;]<\/p>\n<p><a class=\"btn btn-secondary understrap-read-more-link\" href=\"https:\/\/radiolitoral.com\/ca\/2024\/05\/obras-de-renovacion-del-pavimento-en-el-pabellon-domingo-crespo\/\">Continua llegint&#8230;<span class=\"screen-reader-text\"> from Obras de renovaci\u00f3n del pavimento en el Pabell\u00f3n Domingo Crespo<\/span><\/a><\/p>\n","protected":false},"author":12,"featured_media":8808,"comment_status":"open","ping_status":"closed","sticky":false,"template":"","format":"standard","meta":{"_acf_changed":false,"inline_featured_image":false,"footnotes":""},"categories":[5],"tags":[1331,1328,1330,1329],"class_list":["post-8807","post","type-post","status-publish","format-standard","has-post-thumbnail","hentry","category-deportes","tag-juan-carlos-navarro","tag-pabellon-domingo-crespo","tag-pau-gasol","tag-soluciones-deportivas-ibaizabal","cobertura-calp"],"acf":[],"yoast_head":"<!-- This site is optimized with the Yoast SEO plugin v27.5 - https:\/\/yoast.com\/product\/yoast-seo-wordpress\/ -->\n<title>Obras de renovaci\u00f3n del pavimento en el Pabell\u00f3n Domingo Crespo | R\u00e0dio Litoral<\/title>\n<meta name=\"description\" content=\"Con esta obra que tiene prevista una duraci\u00f3n de dos meses Calpe da un paso hacia el futuro Con esta obra que tiene prevista una duraci\u00f3n de dos meses Calpe da un paso hacia el futuro\" \/>\n<meta name=\"robots\" content=\"index, follow, max-snippet:-1, max-image-preview:large, max-video-preview:-1\" \/>\n<link rel=\"canonical\" href=\"https:\/\/radiolitoral.com\/ca\/2024\/05\/obres-de-renovacio-del-paviment-al-pavello-diumenge-crespo\/\" \/>\n<meta property=\"og:locale\" content=\"ca_ES\" \/>\n<meta property=\"og:type\" content=\"article\" \/>\n<meta property=\"og:title\" content=\"Obras de renovaci\u00f3n del pavimento en el Pabell\u00f3n Domingo Crespo | R\u00e0dio Litoral\" \/>\n<meta property=\"og:description\" content=\"Con esta obra que tiene prevista una duraci\u00f3n de dos meses Calpe da un paso hacia el futuro Con esta obra que tiene prevista una duraci\u00f3n de dos meses Calpe da un paso hacia el futuro\" \/>\n<meta property=\"og:url\" content=\"https:\/\/radiolitoral.com\/ca\/2024\/05\/obres-de-renovacio-del-paviment-al-pavello-diumenge-crespo\/\" \/>\n<meta property=\"og:site_name\" content=\"R\u00e0dio Litoral\" \/>\n<meta property=\"article:publisher\" content=\"https:\/\/www.facebook.com\/Laradiolitoral\/\" \/>\n<meta property=\"article:published_time\" content=\"2024-05-10T08:01:48+00:00\" \/>\n<meta property=\"og:image\" content=\"https:\/\/media.radiolitoral.com\/wp-content\/uploads\/2024\/05\/10095726\/Cambio-de-pavimento-en-el-pabellon-de-Calpe.jpg\" \/>\n\t<meta property=\"og:image:width\" content=\"2048\" \/>\n\t<meta property=\"og:image:height\" content=\"1365\" \/>\n\t<meta property=\"og:image:type\" content=\"image\/jpeg\" \/>\n<meta name=\"author\" content=\"Javier Zamora\" \/>\n<meta name=\"twitter:card\" content=\"summary_large_image\" \/>\n<meta name=\"twitter:label1\" content=\"Escrit per\" \/>\n\t<meta name=\"twitter:data1\" content=\"Javier Zamora\" \/>\n\t<meta name=\"twitter:label2\" content=\"Temps estimat de lectura\" \/>\n\t<meta name=\"twitter:data2\" content=\"3 minuts\" \/>\n<script type=\"application\/ld+json\" class=\"yoast-schema-graph\">{\"@context\":\"https:\\\/\\\/schema.org\",\"@graph\":[{\"@type\":\"NewsArticle\",\"@id\":\"https:\\\/\\\/radiolitoral.com\\\/2024\\\/05\\\/obras-de-renovacion-del-pavimento-en-el-pabellon-domingo-crespo\\\/#article\",\"isPartOf\":{\"@id\":\"https:\\\/\\\/radiolitoral.com\\\/2024\\\/05\\\/obras-de-renovacion-del-pavimento-en-el-pabellon-domingo-crespo\\\/\"},\"author\":{\"name\":\"Javier Zamora\",\"@id\":\"https:\\\/\\\/radiolitoral.com\\\/#\\\/schema\\\/person\\\/7b1480b5caeb5acdd4ec6379caf62b22\"},\"headline\":\"Obras de renovaci\u00f3n del pavimento en el Pabell\u00f3n Domingo Crespo\",\"datePublished\":\"2024-05-10T08:01:48+00:00\",\"mainEntityOfPage\":{\"@id\":\"https:\\\/\\\/radiolitoral.com\\\/2024\\\/05\\\/obras-de-renovacion-del-pavimento-en-el-pabellon-domingo-crespo\\\/\"},\"wordCount\":425,\"commentCount\":0,\"publisher\":{\"@id\":\"https:\\\/\\\/radiolitoral.com\\\/#organization\"},\"image\":{\"@id\":\"https:\\\/\\\/radiolitoral.com\\\/2024\\\/05\\\/obras-de-renovacion-del-pavimento-en-el-pabellon-domingo-crespo\\\/#primaryimage\"},\"thumbnailUrl\":\"https:\\\/\\\/media.radiolitoral.com\\\/wp-content\\\/uploads\\\/2024\\\/05\\\/10095726\\\/Cambio-de-pavimento-en-el-pabellon-de-Calpe.jpg\",\"keywords\":[\"Juan Carlos Navarro\",\"Pabell\u00f3n Domingo Crespo\",\"Pau Gasol\",\"Soluciones Deportivas Ibaizabal\"],\"articleSection\":[\"Deportes\"],\"inLanguage\":\"ca\",\"potentialAction\":[{\"@type\":\"CommentAction\",\"name\":\"Comment\",\"target\":[\"https:\\\/\\\/radiolitoral.com\\\/2024\\\/05\\\/obras-de-renovacion-del-pavimento-en-el-pabellon-domingo-crespo\\\/#respond\"]}]},{\"@type\":[\"WebPage\",\"ItemPage\"],\"@id\":\"https:\\\/\\\/radiolitoral.com\\\/2024\\\/05\\\/obras-de-renovacion-del-pavimento-en-el-pabellon-domingo-crespo\\\/\",\"url\":\"https:\\\/\\\/radiolitoral.com\\\/2024\\\/05\\\/obras-de-renovacion-del-pavimento-en-el-pabellon-domingo-crespo\\\/\",\"name\":\"Obras de renovaci\u00f3n del pavimento en el Pabell\u00f3n Domingo Crespo | R\u00e0dio Litoral\",\"isPartOf\":{\"@id\":\"https:\\\/\\\/radiolitoral.com\\\/#website\"},\"primaryImageOfPage\":{\"@id\":\"https:\\\/\\\/radiolitoral.com\\\/2024\\\/05\\\/obras-de-renovacion-del-pavimento-en-el-pabellon-domingo-crespo\\\/#primaryimage\"},\"image\":{\"@id\":\"https:\\\/\\\/radiolitoral.com\\\/2024\\\/05\\\/obras-de-renovacion-del-pavimento-en-el-pabellon-domingo-crespo\\\/#primaryimage\"},\"thumbnailUrl\":\"https:\\\/\\\/media.radiolitoral.com\\\/wp-content\\\/uploads\\\/2024\\\/05\\\/10095726\\\/Cambio-de-pavimento-en-el-pabellon-de-Calpe.jpg\",\"datePublished\":\"2024-05-10T08:01:48+00:00\",\"description\":\"Con esta obra que tiene prevista una duraci\u00f3n de dos meses Calpe da un paso hacia el futuro Con esta obra que tiene prevista una duraci\u00f3n de dos meses Calpe da un paso hacia el futuro\",\"breadcrumb\":{\"@id\":\"https:\\\/\\\/radiolitoral.com\\\/2024\\\/05\\\/obras-de-renovacion-del-pavimento-en-el-pabellon-domingo-crespo\\\/#breadcrumb\"},\"inLanguage\":\"ca\",\"potentialAction\":[{\"@type\":\"ReadAction\",\"target\":[\"https:\\\/\\\/radiolitoral.com\\\/2024\\\/05\\\/obras-de-renovacion-del-pavimento-en-el-pabellon-domingo-crespo\\\/\"]}]},{\"@type\":\"ImageObject\",\"inLanguage\":\"ca\",\"@id\":\"https:\\\/\\\/radiolitoral.com\\\/2024\\\/05\\\/obras-de-renovacion-del-pavimento-en-el-pabellon-domingo-crespo\\\/#primaryimage\",\"url\":\"https:\\\/\\\/media.radiolitoral.com\\\/wp-content\\\/uploads\\\/2024\\\/05\\\/10095726\\\/Cambio-de-pavimento-en-el-pabellon-de-Calpe.jpg\",\"contentUrl\":\"https:\\\/\\\/media.radiolitoral.com\\\/wp-content\\\/uploads\\\/2024\\\/05\\\/10095726\\\/Cambio-de-pavimento-en-el-pabellon-de-Calpe.jpg\",\"width\":2048,\"height\":1365},{\"@type\":\"BreadcrumbList\",\"@id\":\"https:\\\/\\\/radiolitoral.com\\\/2024\\\/05\\\/obras-de-renovacion-del-pavimento-en-el-pabellon-domingo-crespo\\\/#breadcrumb\",\"itemListElement\":[{\"@type\":\"ListItem\",\"position\":1,\"name\":\"Portada\",\"item\":\"https:\\\/\\\/radiolitoral.com\\\/\"},{\"@type\":\"ListItem\",\"position\":2,\"name\":\"Obras de renovaci\u00f3n del pavimento en el Pabell\u00f3n Domingo Crespo\"}]},{\"@type\":\"WebSite\",\"@id\":\"https:\\\/\\\/radiolitoral.com\\\/#website\",\"url\":\"https:\\\/\\\/radiolitoral.com\\\/\",\"name\":\"Radio Litoral\",\"description\":\"La radio local de la Marina Alta\",\"publisher\":{\"@id\":\"https:\\\/\\\/radiolitoral.com\\\/#organization\"},\"alternateName\":\"Litoral FM\",\"potentialAction\":[{\"@type\":\"SearchAction\",\"target\":{\"@type\":\"EntryPoint\",\"urlTemplate\":\"https:\\\/\\\/radiolitoral.com\\\/?s={search_term_string}\"},\"query-input\":{\"@type\":\"PropertyValueSpecification\",\"valueRequired\":true,\"valueName\":\"search_term_string\"}}],\"inLanguage\":\"ca\"},{\"@type\":\"Organization\",\"@id\":\"https:\\\/\\\/radiolitoral.com\\\/#organization\",\"name\":\"Radio Litoral\",\"url\":\"https:\\\/\\\/radiolitoral.com\\\/\",\"logo\":{\"@type\":\"ImageObject\",\"inLanguage\":\"ca\",\"@id\":\"https:\\\/\\\/radiolitoral.com\\\/#\\\/schema\\\/logo\\\/image\\\/\",\"url\":\"https:\\\/\\\/media.radiolitoral.com\\\/wp-content\\\/uploads\\\/2023\\\/02\\\/24143238\\\/CL-V-RadioLitoral696.png\",\"contentUrl\":\"https:\\\/\\\/media.radiolitoral.com\\\/wp-content\\\/uploads\\\/2023\\\/02\\\/24143238\\\/CL-V-RadioLitoral696.png\",\"width\":696,\"height\":696,\"caption\":\"Radio Litoral\"},\"image\":{\"@id\":\"https:\\\/\\\/radiolitoral.com\\\/#\\\/schema\\\/logo\\\/image\\\/\"},\"sameAs\":[\"https:\\\/\\\/www.facebook.com\\\/Laradiolitoral\\\/\"]},{\"@type\":\"Person\",\"@id\":\"https:\\\/\\\/radiolitoral.com\\\/#\\\/schema\\\/person\\\/7b1480b5caeb5acdd4ec6379caf62b22\",\"name\":\"Javier Zamora\",\"image\":{\"@type\":\"ImageObject\",\"inLanguage\":\"ca\",\"@id\":\"https:\\\/\\\/secure.gravatar.com\\\/avatar\\\/467a11f6918c7d619c4043fc6fa2d3853053107973f05b6e9c04ea6c4e3a7b3f?s=96&d=mm&r=g\",\"url\":\"https:\\\/\\\/secure.gravatar.com\\\/avatar\\\/467a11f6918c7d619c4043fc6fa2d3853053107973f05b6e9c04ea6c4e3a7b3f?s=96&d=mm&r=g\",\"contentUrl\":\"https:\\\/\\\/secure.gravatar.com\\\/avatar\\\/467a11f6918c7d619c4043fc6fa2d3853053107973f05b6e9c04ea6c4e3a7b3f?s=96&d=mm&r=g\",\"caption\":\"Javier Zamora\"},\"url\":\"https:\\\/\\\/radiolitoral.com\\\/ca\\\/author\\\/javier-zamora\\\/\"}]}<\/script>\n<!-- \/ Yoast SEO plugin. -->","yoast_head_json":{"title":"Obres de renovaci\u00f3 del paviment al Pavell\u00f3 Domingo Crespo | R\u00e0dio Litoral","description":"Amb aquesta obra que t\u00e9 prevista una durada de dos mesos Calpe fa un pas cap al futur Amb aquesta obra que t\u00e9 prevista una durada de dos mesos Calpe fa un pas cap al futur","robots":{"index":"index","follow":"follow","max-snippet":"max-snippet:-1","max-image-preview":"max-image-preview:large","max-video-preview":"max-video-preview:-1"},"canonical":"https:\/\/radiolitoral.com\/ca\/2024\/05\/obres-de-renovacio-del-paviment-al-pavello-diumenge-crespo\/","og_locale":"ca_ES","og_type":"article","og_title":"Obras de renovaci\u00f3n del pavimento en el Pabell\u00f3n Domingo Crespo | R\u00e0dio Litoral","og_description":"Con esta obra que tiene prevista una duraci\u00f3n de dos meses Calpe da un paso hacia el futuro Con esta obra que tiene prevista una duraci\u00f3n de dos meses Calpe da un paso hacia el futuro","og_url":"https:\/\/radiolitoral.com\/ca\/2024\/05\/obres-de-renovacio-del-paviment-al-pavello-diumenge-crespo\/","og_site_name":"R\u00e0dio Litoral","article_publisher":"https:\/\/www.facebook.com\/Laradiolitoral\/","article_published_time":"2024-05-10T08:01:48+00:00","og_image":[{"width":2048,"height":1365,"url":"https:\/\/media.radiolitoral.com\/wp-content\/uploads\/2024\/05\/10095726\/Cambio-de-pavimento-en-el-pabellon-de-Calpe.jpg","type":"image\/jpeg"}],"author":"Javier Zamora","twitter_card":"summary_large_image","twitter_misc":{"Escrit per":"Javier Zamora","Temps estimat de lectura":"3 minuts"},"schema":{"@context":"https:\/\/schema.org","@graph":[{"@type":"NewsArticle","@id":"https:\/\/radiolitoral.com\/2024\/05\/obras-de-renovacion-del-pavimento-en-el-pabellon-domingo-crespo\/#article","isPartOf":{"@id":"https:\/\/radiolitoral.com\/2024\/05\/obras-de-renovacion-del-pavimento-en-el-pabellon-domingo-crespo\/"},"author":{"name":"Javier Zamora","@id":"https:\/\/radiolitoral.com\/#\/schema\/person\/7b1480b5caeb5acdd4ec6379caf62b22"},"headline":"Obras de renovaci\u00f3n del pavimento en el Pabell\u00f3n Domingo Crespo","datePublished":"2024-05-10T08:01:48+00:00","mainEntityOfPage":{"@id":"https:\/\/radiolitoral.com\/2024\/05\/obras-de-renovacion-del-pavimento-en-el-pabellon-domingo-crespo\/"},"wordCount":425,"commentCount":0,"publisher":{"@id":"https:\/\/radiolitoral.com\/#organization"},"image":{"@id":"https:\/\/radiolitoral.com\/2024\/05\/obras-de-renovacion-del-pavimento-en-el-pabellon-domingo-crespo\/#primaryimage"},"thumbnailUrl":"https:\/\/media.radiolitoral.com\/wp-content\/uploads\/2024\/05\/10095726\/Cambio-de-pavimento-en-el-pabellon-de-Calpe.jpg","keywords":["Juan Carlos Navarro","Pabell\u00f3n Domingo Crespo","Pau Gasol","Soluciones Deportivas Ibaizabal"],"articleSection":["Deportes"],"inLanguage":"ca","potentialAction":[{"@type":"CommentAction","name":"Comment","target":["https:\/\/radiolitoral.com\/2024\/05\/obras-de-renovacion-del-pavimento-en-el-pabellon-domingo-crespo\/#respond"]}]},{"@type":["WebPage","ItemPage"],"@id":"https:\/\/radiolitoral.com\/2024\/05\/obras-de-renovacion-del-pavimento-en-el-pabellon-domingo-crespo\/","url":"https:\/\/radiolitoral.com\/2024\/05\/obras-de-renovacion-del-pavimento-en-el-pabellon-domingo-crespo\/","name":"Obres de renovaci\u00f3 del paviment al Pavell\u00f3 Domingo Crespo | R\u00e0dio Litoral","isPartOf":{"@id":"https:\/\/radiolitoral.com\/#website"},"primaryImageOfPage":{"@id":"https:\/\/radiolitoral.com\/2024\/05\/obras-de-renovacion-del-pavimento-en-el-pabellon-domingo-crespo\/#primaryimage"},"image":{"@id":"https:\/\/radiolitoral.com\/2024\/05\/obras-de-renovacion-del-pavimento-en-el-pabellon-domingo-crespo\/#primaryimage"},"thumbnailUrl":"https:\/\/media.radiolitoral.com\/wp-content\/uploads\/2024\/05\/10095726\/Cambio-de-pavimento-en-el-pabellon-de-Calpe.jpg","datePublished":"2024-05-10T08:01:48+00:00","description":"Amb aquesta obra que t\u00e9 prevista una durada de dos mesos Calpe fa un pas cap al futur Amb aquesta obra que t\u00e9 prevista una durada de dos mesos Calpe fa un pas cap al futur","breadcrumb":{"@id":"https:\/\/radiolitoral.com\/2024\/05\/obras-de-renovacion-del-pavimento-en-el-pabellon-domingo-crespo\/#breadcrumb"},"inLanguage":"ca","potentialAction":[{"@type":"ReadAction","target":["https:\/\/radiolitoral.com\/2024\/05\/obras-de-renovacion-del-pavimento-en-el-pabellon-domingo-crespo\/"]}]},{"@type":"ImageObject","inLanguage":"ca","@id":"https:\/\/radiolitoral.com\/2024\/05\/obras-de-renovacion-del-pavimento-en-el-pabellon-domingo-crespo\/#primaryimage","url":"https:\/\/media.radiolitoral.com\/wp-content\/uploads\/2024\/05\/10095726\/Cambio-de-pavimento-en-el-pabellon-de-Calpe.jpg","contentUrl":"https:\/\/media.radiolitoral.com\/wp-content\/uploads\/2024\/05\/10095726\/Cambio-de-pavimento-en-el-pabellon-de-Calpe.jpg","width":2048,"height":1365},{"@type":"BreadcrumbList","@id":"https:\/\/radiolitoral.com\/2024\/05\/obras-de-renovacion-del-pavimento-en-el-pabellon-domingo-crespo\/#breadcrumb","itemListElement":[{"@type":"ListItem","position":1,"name":"Portada","item":"https:\/\/radiolitoral.com\/"},{"@type":"ListItem","position":2,"name":"Obras de renovaci\u00f3n del pavimento en el Pabell\u00f3n Domingo Crespo"}]},{"@type":"WebSite","@id":"https:\/\/radiolitoral.com\/#website","url":"https:\/\/radiolitoral.com\/","name":"R\u00e0dio Litoral","description":"La r\u00e0dio local de la Marina Alta","publisher":{"@id":"https:\/\/radiolitoral.com\/#organization"},"alternateName":"Litoral FM","potentialAction":[{"@type":"SearchAction","target":{"@type":"EntryPoint","urlTemplate":"https:\/\/radiolitoral.com\/?s={search_term_string}"},"query-input":{"@type":"PropertyValueSpecification","valueRequired":true,"valueName":"search_term_string"}}],"inLanguage":"ca"},{"@type":"Organization","@id":"https:\/\/radiolitoral.com\/#organization","name":"R\u00e0dio Litoral","url":"https:\/\/radiolitoral.com\/","logo":{"@type":"ImageObject","inLanguage":"ca","@id":"https:\/\/radiolitoral.com\/#\/schema\/logo\/image\/","url":"https:\/\/media.radiolitoral.com\/wp-content\/uploads\/2023\/02\/24143238\/CL-V-RadioLitoral696.png","contentUrl":"https:\/\/media.radiolitoral.com\/wp-content\/uploads\/2023\/02\/24143238\/CL-V-RadioLitoral696.png","width":696,"height":696,"caption":"Radio Litoral"},"image":{"@id":"https:\/\/radiolitoral.com\/#\/schema\/logo\/image\/"},"sameAs":["https:\/\/www.facebook.com\/Laradiolitoral\/"]},{"@type":"Person","@id":"https:\/\/radiolitoral.com\/#\/schema\/person\/7b1480b5caeb5acdd4ec6379caf62b22","name":"Javier Zamora","image":{"@type":"ImageObject","inLanguage":"ca","@id":"https:\/\/secure.gravatar.com\/avatar\/467a11f6918c7d619c4043fc6fa2d3853053107973f05b6e9c04ea6c4e3a7b3f?s=96&d=mm&r=g","url":"https:\/\/secure.gravatar.com\/avatar\/467a11f6918c7d619c4043fc6fa2d3853053107973f05b6e9c04ea6c4e3a7b3f?s=96&d=mm&r=g","contentUrl":"https:\/\/secure.gravatar.com\/avatar\/467a11f6918c7d619c4043fc6fa2d3853053107973f05b6e9c04ea6c4e3a7b3f?s=96&d=mm&r=g","caption":"Javier Zamora"},"url":"https:\/\/radiolitoral.com\/ca\/author\/javier-zamora\/"}]}},"_links":{"self":[{"href":"https:\/\/radiolitoral.com\/ca\/wp-json\/wp\/v2\/posts\/8807","targetHints":{"allow":["GET"]}}],"collection":[{"href":"https:\/\/radiolitoral.com\/ca\/wp-json\/wp\/v2\/posts"}],"about":[{"href":"https:\/\/radiolitoral.com\/ca\/wp-json\/wp\/v2\/types\/post"}],"author":[{"embeddable":true,"href":"https:\/\/radiolitoral.com\/ca\/wp-json\/wp\/v2\/users\/12"}],"replies":[{"embeddable":true,"href":"https:\/\/radiolitoral.com\/ca\/wp-json\/wp\/v2\/comments?post=8807"}],"version-history":[{"count":2,"href":"https:\/\/radiolitoral.com\/ca\/wp-json\/wp\/v2\/posts\/8807\/revisions"}],"predecessor-version":[{"id":8811,"href":"https:\/\/radiolitoral.com\/ca\/wp-json\/wp\/v2\/posts\/8807\/revisions\/8811"}],"wp:featuredmedia":[{"embeddable":true,"href":"https:\/\/radiolitoral.com\/ca\/wp-json\/wp\/v2\/media\/8808"}],"wp:attachment":[{"href":"https:\/\/radiolitoral.com\/ca\/wp-json\/wp\/v2\/media?parent=8807"}],"wp:term":[{"taxonomy":"category","embeddable":true,"href":"https:\/\/radiolitoral.com\/ca\/wp-json\/wp\/v2\/categories?post=8807"},{"taxonomy":"post_tag","embeddable":true,"href":"https:\/\/radiolitoral.com\/ca\/wp-json\/wp\/v2\/tags?post=8807"}],"curies":[{"name":"wp","href":"https:\/\/api.w.org\/{rel}","templated":true}]}}