{"id":8779,"date":"2024-05-09T10:03:14","date_gmt":"2024-05-09T08:03:14","guid":{"rendered":"https:\/\/radiolitoral.com\/?p=8779"},"modified":"2024-05-09T10:03:14","modified_gmt":"2024-05-09T08:03:14","slug":"juan-benavente-presento-un-projecte-ambicios-per-al-cd-denia","status":"publish","type":"post","link":"https:\/\/radiolitoral.com\/ca\/2024\/05\/juan-benavente-presento-un-proyecto-ambicioso-para-el-cd-denia\/","title":{"rendered":"Juan Benavente va presentar un projecte ambici\u00f3s per al CD D\u00e9nia"},"content":{"rendered":"<div class=\"flex-1 overflow-hidden\">\n<div class=\"react-scroll-to-bottom--css-wsris-79elbk h-full\">\n<div class=\"react-scroll-to-bottom--css-wsris-1n7m0yu\">\n<div>\n<div class=\"flex flex-col text-sm pb-9\">\n<div class=\"w-full text-token-text-primary\" dir=\"auto\" data-testid=\"conversation-turn-331\" data-scroll-anchor=\"true\">\n<div class=\"py-2 px-3 text-base md:px-4 m-auto md:px-5 lg:px-1 xl:px-5\">\n<div class=\"mx-auto flex flex-1 gap-3 text-base juice:gap-4 juice:md:gap-6 md:max-w-3xl lg:max-w-[40rem] xl:max-w-[48rem]\">\n<div class=\"relative flex w-full min-w-0 flex-col agent-turn\">\n<div class=\"flex-col gap-1 md:gap-3\">\n<div class=\"flex flex-grow flex-col max-w-full\">\n<div class=\"min-h-[20px] text-message flex flex-col items-start whitespace-pre-wrap break-words [.text-message+&amp;]:mt-5 overflow-x-auto gap-3\" dir=\"auto\" data-message-author-role=\"assistant\" data-message-id=\"714bef00-c721-4312-afef-2d41aa80e14d\">\n<div class=\"markdown prose w-full break-words dark:prose-invert light\">\n<p>El actual presidente del <strong>CD D\u00e9nia<\/strong>, <strong>Juan Benavente<\/strong>, ha presentado su ambicioso proyecto de futuro para el club en un acto que, aunque cont\u00f3 con la asistencia de pocos seguidores, dej\u00f3 clara su intenci\u00f3n de continuar liderando la entidad. Con su mandato llegando a su fin esta temporada, Benavente confirm\u00f3 que en julio se celebrar\u00e1 una asamblea en la que presentar\u00e1 su candidatura para un nuevo mandato. Si es reelegido por los socios, pondr\u00e1 en marcha su nuevo proyecto.<\/p>\n<figure id=\"attachment_8782\" aria-describedby=\"caption-attachment-8782\" style=\"width: 2560px\" class=\"wp-caption alignnone\"><img loading=\"lazy\" decoding=\"async\" class=\"wp-image-8782 size-full\" src=\"https:\/\/media.radiolitoral.com\/wp-content\/uploads\/2024\/05\/09100016\/DSC_0613-scaled.jpg\" alt=\"\" width=\"2560\" height=\"1623\" srcset=\"https:\/\/media.radiolitoral.com\/wp-content\/uploads\/2024\/05\/09100016\/DSC_0613-scaled.jpg 2560w, https:\/\/media.radiolitoral.com\/wp-content\/uploads\/2024\/05\/09100016\/DSC_0613-300x190.jpg 300w, https:\/\/media.radiolitoral.com\/wp-content\/uploads\/2024\/05\/09100016\/DSC_0613-1024x649.jpg 1024w, https:\/\/media.radiolitoral.com\/wp-content\/uploads\/2024\/05\/09100016\/DSC_0613-768x487.jpg 768w, https:\/\/media.radiolitoral.com\/wp-content\/uploads\/2024\/05\/09100016\/DSC_0613-1536x974.jpg 1536w, https:\/\/media.radiolitoral.com\/wp-content\/uploads\/2024\/05\/09100016\/DSC_0613-2048x1298.jpg 2048w, https:\/\/media.radiolitoral.com\/wp-content\/uploads\/2024\/05\/09100016\/DSC_0613-18x12.jpg 18w, https:\/\/media.radiolitoral.com\/wp-content\/uploads\/2024\/05\/09100016\/DSC_0613-1000x634.jpg 1000w, https:\/\/media.radiolitoral.com\/wp-content\/uploads\/2024\/05\/09100016\/DSC_0613-100x63.jpg 100w, https:\/\/media.radiolitoral.com\/wp-content\/uploads\/2024\/05\/09100016\/DSC_0613-200x127.jpg 200w\" sizes=\"auto, (max-width: 2560px) 100vw, 2560px\" \/><figcaption id=\"caption-attachment-8782\" class=\"wp-caption-text\">Pay\u00e1 con Benavente | J. Zamora<\/figcaption><\/figure>\n<h4>Objetivos del Proyecto<\/h4>\n<p><strong>\u00c1lvaro Pay\u00e1<\/strong>, con amplia experiencia en el f\u00fatbol profesional, fue el encargado de desglosar los detalles del proyecto. Uno de los principales objetivos es aumentar la masa social del club, que actualmente cuenta con apenas 50 socios. Tambi\u00e9n se anunci\u00f3 una remodelaci\u00f3n de la plantilla para la pr\u00f3xima temporada, enfoc\u00e1ndose en un cambio generacional que incluya a j\u00f3venes provenientes del filial y de los equipos juveniles.<\/p>\n<p>En el \u00e1mbito social y econ\u00f3mico, el proyecto busca obtener patrocinios y aportaciones privadas que mejoren las finanzas del club. Adem\u00e1s, se plantea la amortizaci\u00f3n de la deuda existente en los pr\u00f3ximos a\u00f1os. Otro objetivo es encontrar una figura de embajador que promocione el nombre del CD D\u00e9nia tanto a nivel nacional como internacional. Tambi\u00e9n se quiere potenciar la comunicaci\u00f3n digital del club para mantener informados a los socios y seguidores. Para la temporada 2026, se prev\u00e9 transformar el club en una <strong>Sociedad An\u00f3nima Deportiva<\/strong> (SAD).<\/p>\n<h4>Academia de Futbolistas: La Joya de la Corona<\/h4>\n<p>El punto m\u00e1s destacado del proyecto es la creaci\u00f3n de una <strong>Academia de Futbolistas<\/strong>. El primer paso ya se ha dado con la organizaci\u00f3n de dos campus para este verano. El objetivo es formar dos equipos que abarquen desde la categor\u00eda Benjam\u00edn hasta senior para la pr\u00f3xima campa\u00f1a. La Academia pretende ser un centro de referencia en la comarca, priorizando el desarrollo integral del jugador con una visi\u00f3n de juego unificada en todas las categor\u00edas.<\/p>\n<figure id=\"attachment_8781\" aria-describedby=\"caption-attachment-8781\" style=\"width: 2560px\" class=\"wp-caption alignnone\"><img loading=\"lazy\" decoding=\"async\" class=\"wp-image-8781 size-full\" src=\"https:\/\/media.radiolitoral.com\/wp-content\/uploads\/2024\/05\/09095850\/Lledo-explicando-proyecto-Academia-scaled.jpg\" alt=\"\" width=\"2560\" height=\"1707\" srcset=\"https:\/\/media.radiolitoral.com\/wp-content\/uploads\/2024\/05\/09095850\/Lledo-explicando-proyecto-Academia-scaled.jpg 2560w, https:\/\/media.radiolitoral.com\/wp-content\/uploads\/2024\/05\/09095850\/Lledo-explicando-proyecto-Academia-300x200.jpg 300w, https:\/\/media.radiolitoral.com\/wp-content\/uploads\/2024\/05\/09095850\/Lledo-explicando-proyecto-Academia-1024x683.jpg 1024w, https:\/\/media.radiolitoral.com\/wp-content\/uploads\/2024\/05\/09095850\/Lledo-explicando-proyecto-Academia-768x512.jpg 768w, https:\/\/media.radiolitoral.com\/wp-content\/uploads\/2024\/05\/09095850\/Lledo-explicando-proyecto-Academia-1536x1024.jpg 1536w, https:\/\/media.radiolitoral.com\/wp-content\/uploads\/2024\/05\/09095850\/Lledo-explicando-proyecto-Academia-2048x1365.jpg 2048w, https:\/\/media.radiolitoral.com\/wp-content\/uploads\/2024\/05\/09095850\/Lledo-explicando-proyecto-Academia-18x12.jpg 18w, https:\/\/media.radiolitoral.com\/wp-content\/uploads\/2024\/05\/09095850\/Lledo-explicando-proyecto-Academia-1000x667.jpg 1000w, https:\/\/media.radiolitoral.com\/wp-content\/uploads\/2024\/05\/09095850\/Lledo-explicando-proyecto-Academia-100x67.jpg 100w, https:\/\/media.radiolitoral.com\/wp-content\/uploads\/2024\/05\/09095850\/Lledo-explicando-proyecto-Academia-200x133.jpg 200w\" sizes=\"auto, (max-width: 2560px) 100vw, 2560px\" \/><figcaption id=\"caption-attachment-8781\" class=\"wp-caption-text\">Toni Lled\u00f3 explicando el proyecto Academia | J.Zamora<\/figcaption><\/figure>\n<h4>Desaf\u00edos a Superar<\/h4>\n<p>Este ambicioso proyecto enfrenta un gran desaf\u00edo: la falta de instalaciones deportivas en el municipio. Tanto el <strong>campo El Rodat<\/strong> como el <strong>Diego Mena<\/strong> ya est\u00e1n saturados con los equipos actuales del CD D\u00e9nia y la EMFB D\u00e9nia. La implementaci\u00f3n del proyecto requerir\u00e1 una soluci\u00f3n a esta problem\u00e1tica para poder desarrollarse plenamente.<\/p>\n<p>Juan Benavente y su equipo tienen un plan ambicioso que busca transformar y revitalizar el CD D\u00e9nia, enfrent\u00e1ndose a retos significativos en el camino hacia el \u00e9xito. La pr\u00f3xima asamblea ser\u00e1 crucial para determinar el futuro del club y la posibilidad de llevar a cabo este proyecto.<\/p>\n<\/div>\n<\/div>\n<\/div>\n<div class=\"mt-1 flex gap-3 empty:hidden juice:-ml-3\">\n<div class=\"-ml-1 mt-0 h-7 items-center justify-center gap-[2px] self-end text-gray-400 lg:justify-start lg:self-center visible flex\"><\/div>\n<\/div>\n<div class=\"pr-2 lg:pr-0\"><\/div>\n<\/div>\n<div class=\"absolute\">\n<div class=\"flex w-full gap-2 items-center justify-center\"><\/div>\n<\/div>\n<\/div>\n<\/div>\n<\/div>\n<\/div>\n<\/div>\n<\/div>\n<\/div>\n<\/div>\n<\/div>\n<div class=\"w-full md:pt-0 dark:border-white\/20 md:border-transparent md:dark:border-transparent md:w-[calc(100%-.5rem)] juice:w-full\">\n<div class=\"px-3 text-base md:px-4 m-auto md:px-5 lg:px-1 xl:px-5\">\n<div class=\"mx-auto flex flex-1 gap-3 text-base juice:gap-4 juice:md:gap-6 md:max-w-3xl lg:max-w-[40rem] xl:max-w-[48rem]\">\n<form class=\"w-full\">\n<div class=\"relative flex h-full max-w-full flex-1 flex-col\">\n<div class=\"absolute bottom-full left-0 right-0\"><\/div>\n<div class=\"flex w-full items-center\"><\/div>\n<\/div>\n<\/form>\n<\/div>\n<\/div>\n<\/div>\n","protected":false},"excerpt":{"rendered":"<p>El actual presidente del CD D\u00e9nia, Juan Benavente, ha presentado su ambicioso proyecto de futuro para el club en un acto que, aunque cont\u00f3 con la asistencia de pocos seguidores, dej\u00f3 clara su intenci\u00f3n de continuar liderando la entidad. Con su mandato llegando a su fin esta temporada, Benavente confirm\u00f3 que en julio se celebrar\u00e1 [&#8230;]<\/p>\n<p><a class=\"btn btn-secondary understrap-read-more-link\" href=\"https:\/\/radiolitoral.com\/ca\/2024\/05\/juan-benavente-presento-un-proyecto-ambicioso-para-el-cd-denia\/\">Continua llegint&#8230;<span class=\"screen-reader-text\"> from Juan Benavente present\u00f3 un proyecto ambicioso para el CD D\u00e9nia<\/span><\/a><\/p>\n","protected":false},"author":12,"featured_media":8780,"comment_status":"open","ping_status":"closed","sticky":false,"template":"","format":"standard","meta":{"_acf_changed":false,"inline_featured_image":false,"footnotes":""},"categories":[5],"tags":[1325,1327,1326,893,6,1324],"class_list":["post-8779","post","type-post","status-publish","format-standard","has-post-thumbnail","hentry","category-deportes","tag-alvaro-paya","tag-campo-diego-mena","tag-campo-el-rodat","tag-cd-denia","tag-deportes","tag-juan-benavente","cobertura-denia"],"acf":[],"yoast_head":"<!-- This site is optimized with the Yoast SEO plugin v27.5 - https:\/\/yoast.com\/product\/yoast-seo-wordpress\/ -->\n<title>Juan Benavente present\u00f3 un proyecto ambicioso para el CD D\u00e9nia | R\u00e0dio Litoral<\/title>\n<meta name=\"description\" content=\"Los objetivos para el futuro pasan por amortizar la deuda, recuperar masa social y convertir el club en el 2026 en SAD Los objetivos para el futuro pasan por amortizar la deuda, recuperar masa social y convertir el club en el 2026 en SAD\" \/>\n<meta name=\"robots\" content=\"index, follow, max-snippet:-1, max-image-preview:large, max-video-preview:-1\" \/>\n<link rel=\"canonical\" href=\"https:\/\/radiolitoral.com\/ca\/2024\/05\/juan-benavente-presento-un-projecte-ambicios-per-al-cd-denia\/\" \/>\n<meta property=\"og:locale\" content=\"ca_ES\" \/>\n<meta property=\"og:type\" content=\"article\" \/>\n<meta property=\"og:title\" content=\"Juan Benavente present\u00f3 un proyecto ambicioso para el CD D\u00e9nia | R\u00e0dio Litoral\" \/>\n<meta property=\"og:description\" content=\"Los objetivos para el futuro pasan por amortizar la deuda, recuperar masa social y convertir el club en el 2026 en SAD Los objetivos para el futuro pasan por amortizar la deuda, recuperar masa social y convertir el club en el 2026 en SAD\" \/>\n<meta property=\"og:url\" content=\"https:\/\/radiolitoral.com\/ca\/2024\/05\/juan-benavente-presento-un-projecte-ambicios-per-al-cd-denia\/\" \/>\n<meta property=\"og:site_name\" content=\"R\u00e0dio Litoral\" \/>\n<meta property=\"article:publisher\" content=\"https:\/\/www.facebook.com\/Laradiolitoral\/\" \/>\n<meta property=\"article:published_time\" content=\"2024-05-09T08:03:14+00:00\" \/>\n<meta property=\"og:image\" content=\"https:\/\/media.radiolitoral.com\/wp-content\/uploads\/2024\/05\/09095748\/Lledo-con-Benavente-y-Alvaro-Paya.jpg\" \/>\n\t<meta property=\"og:image:width\" content=\"1600\" \/>\n\t<meta property=\"og:image:height\" content=\"1197\" \/>\n\t<meta property=\"og:image:type\" content=\"image\/jpeg\" \/>\n<meta name=\"author\" content=\"Javier Zamora\" \/>\n<meta name=\"twitter:card\" content=\"summary_large_image\" \/>\n<meta name=\"twitter:label1\" content=\"Escrit per\" \/>\n\t<meta name=\"twitter:data1\" content=\"Javier Zamora\" \/>\n\t<meta name=\"twitter:label2\" content=\"Temps estimat de lectura\" \/>\n\t<meta name=\"twitter:data2\" content=\"3 minuts\" \/>\n<script type=\"application\/ld+json\" class=\"yoast-schema-graph\">{\"@context\":\"https:\\\/\\\/schema.org\",\"@graph\":[{\"@type\":\"NewsArticle\",\"@id\":\"https:\\\/\\\/radiolitoral.com\\\/2024\\\/05\\\/juan-benavente-presento-un-proyecto-ambicioso-para-el-cd-denia\\\/#article\",\"isPartOf\":{\"@id\":\"https:\\\/\\\/radiolitoral.com\\\/2024\\\/05\\\/juan-benavente-presento-un-proyecto-ambicioso-para-el-cd-denia\\\/\"},\"author\":{\"name\":\"Javier Zamora\",\"@id\":\"https:\\\/\\\/radiolitoral.com\\\/#\\\/schema\\\/person\\\/7b1480b5caeb5acdd4ec6379caf62b22\"},\"headline\":\"Juan Benavente present\u00f3 un proyecto ambicioso para el CD D\u00e9nia\",\"datePublished\":\"2024-05-09T08:03:14+00:00\",\"mainEntityOfPage\":{\"@id\":\"https:\\\/\\\/radiolitoral.com\\\/2024\\\/05\\\/juan-benavente-presento-un-proyecto-ambicioso-para-el-cd-denia\\\/\"},\"wordCount\":492,\"commentCount\":0,\"publisher\":{\"@id\":\"https:\\\/\\\/radiolitoral.com\\\/#organization\"},\"image\":{\"@id\":\"https:\\\/\\\/radiolitoral.com\\\/2024\\\/05\\\/juan-benavente-presento-un-proyecto-ambicioso-para-el-cd-denia\\\/#primaryimage\"},\"thumbnailUrl\":\"https:\\\/\\\/media.radiolitoral.com\\\/wp-content\\\/uploads\\\/2024\\\/05\\\/09095748\\\/Lledo-con-Benavente-y-Alvaro-Paya.jpg\",\"keywords\":[\"\u00c1lvaro Pay\u00e1\",\"campo Diego Mena\",\"campo El Rodat\",\"CD D\u00e9nia\",\"deportes\",\"Juan Benavente\"],\"articleSection\":[\"Deportes\"],\"inLanguage\":\"ca\",\"potentialAction\":[{\"@type\":\"CommentAction\",\"name\":\"Comment\",\"target\":[\"https:\\\/\\\/radiolitoral.com\\\/2024\\\/05\\\/juan-benavente-presento-un-proyecto-ambicioso-para-el-cd-denia\\\/#respond\"]}]},{\"@type\":[\"WebPage\",\"ItemPage\"],\"@id\":\"https:\\\/\\\/radiolitoral.com\\\/2024\\\/05\\\/juan-benavente-presento-un-proyecto-ambicioso-para-el-cd-denia\\\/\",\"url\":\"https:\\\/\\\/radiolitoral.com\\\/2024\\\/05\\\/juan-benavente-presento-un-proyecto-ambicioso-para-el-cd-denia\\\/\",\"name\":\"Juan Benavente present\u00f3 un proyecto ambicioso para el CD D\u00e9nia | R\u00e0dio Litoral\",\"isPartOf\":{\"@id\":\"https:\\\/\\\/radiolitoral.com\\\/#website\"},\"primaryImageOfPage\":{\"@id\":\"https:\\\/\\\/radiolitoral.com\\\/2024\\\/05\\\/juan-benavente-presento-un-proyecto-ambicioso-para-el-cd-denia\\\/#primaryimage\"},\"image\":{\"@id\":\"https:\\\/\\\/radiolitoral.com\\\/2024\\\/05\\\/juan-benavente-presento-un-proyecto-ambicioso-para-el-cd-denia\\\/#primaryimage\"},\"thumbnailUrl\":\"https:\\\/\\\/media.radiolitoral.com\\\/wp-content\\\/uploads\\\/2024\\\/05\\\/09095748\\\/Lledo-con-Benavente-y-Alvaro-Paya.jpg\",\"datePublished\":\"2024-05-09T08:03:14+00:00\",\"description\":\"Los objetivos para el futuro pasan por amortizar la deuda, recuperar masa social y convertir el club en el 2026 en SAD Los objetivos para el futuro pasan por amortizar la deuda, recuperar masa social y convertir el club en el 2026 en SAD\",\"breadcrumb\":{\"@id\":\"https:\\\/\\\/radiolitoral.com\\\/2024\\\/05\\\/juan-benavente-presento-un-proyecto-ambicioso-para-el-cd-denia\\\/#breadcrumb\"},\"inLanguage\":\"ca\",\"potentialAction\":[{\"@type\":\"ReadAction\",\"target\":[\"https:\\\/\\\/radiolitoral.com\\\/2024\\\/05\\\/juan-benavente-presento-un-proyecto-ambicioso-para-el-cd-denia\\\/\"]}]},{\"@type\":\"ImageObject\",\"inLanguage\":\"ca\",\"@id\":\"https:\\\/\\\/radiolitoral.com\\\/2024\\\/05\\\/juan-benavente-presento-un-proyecto-ambicioso-para-el-cd-denia\\\/#primaryimage\",\"url\":\"https:\\\/\\\/media.radiolitoral.com\\\/wp-content\\\/uploads\\\/2024\\\/05\\\/09095748\\\/Lledo-con-Benavente-y-Alvaro-Paya.jpg\",\"contentUrl\":\"https:\\\/\\\/media.radiolitoral.com\\\/wp-content\\\/uploads\\\/2024\\\/05\\\/09095748\\\/Lledo-con-Benavente-y-Alvaro-Paya.jpg\",\"width\":1600,\"height\":1197},{\"@type\":\"BreadcrumbList\",\"@id\":\"https:\\\/\\\/radiolitoral.com\\\/2024\\\/05\\\/juan-benavente-presento-un-proyecto-ambicioso-para-el-cd-denia\\\/#breadcrumb\",\"itemListElement\":[{\"@type\":\"ListItem\",\"position\":1,\"name\":\"Portada\",\"item\":\"https:\\\/\\\/radiolitoral.com\\\/\"},{\"@type\":\"ListItem\",\"position\":2,\"name\":\"Juan Benavente present\u00f3 un proyecto ambicioso para el CD D\u00e9nia\"}]},{\"@type\":\"WebSite\",\"@id\":\"https:\\\/\\\/radiolitoral.com\\\/#website\",\"url\":\"https:\\\/\\\/radiolitoral.com\\\/\",\"name\":\"Radio Litoral\",\"description\":\"La radio local de la Marina Alta\",\"publisher\":{\"@id\":\"https:\\\/\\\/radiolitoral.com\\\/#organization\"},\"alternateName\":\"Litoral FM\",\"potentialAction\":[{\"@type\":\"SearchAction\",\"target\":{\"@type\":\"EntryPoint\",\"urlTemplate\":\"https:\\\/\\\/radiolitoral.com\\\/?s={search_term_string}\"},\"query-input\":{\"@type\":\"PropertyValueSpecification\",\"valueRequired\":true,\"valueName\":\"search_term_string\"}}],\"inLanguage\":\"ca\"},{\"@type\":\"Organization\",\"@id\":\"https:\\\/\\\/radiolitoral.com\\\/#organization\",\"name\":\"Radio Litoral\",\"url\":\"https:\\\/\\\/radiolitoral.com\\\/\",\"logo\":{\"@type\":\"ImageObject\",\"inLanguage\":\"ca\",\"@id\":\"https:\\\/\\\/radiolitoral.com\\\/#\\\/schema\\\/logo\\\/image\\\/\",\"url\":\"https:\\\/\\\/media.radiolitoral.com\\\/wp-content\\\/uploads\\\/2023\\\/02\\\/24143238\\\/CL-V-RadioLitoral696.png\",\"contentUrl\":\"https:\\\/\\\/media.radiolitoral.com\\\/wp-content\\\/uploads\\\/2023\\\/02\\\/24143238\\\/CL-V-RadioLitoral696.png\",\"width\":696,\"height\":696,\"caption\":\"Radio Litoral\"},\"image\":{\"@id\":\"https:\\\/\\\/radiolitoral.com\\\/#\\\/schema\\\/logo\\\/image\\\/\"},\"sameAs\":[\"https:\\\/\\\/www.facebook.com\\\/Laradiolitoral\\\/\"]},{\"@type\":\"Person\",\"@id\":\"https:\\\/\\\/radiolitoral.com\\\/#\\\/schema\\\/person\\\/7b1480b5caeb5acdd4ec6379caf62b22\",\"name\":\"Javier Zamora\",\"image\":{\"@type\":\"ImageObject\",\"inLanguage\":\"ca\",\"@id\":\"https:\\\/\\\/secure.gravatar.com\\\/avatar\\\/467a11f6918c7d619c4043fc6fa2d3853053107973f05b6e9c04ea6c4e3a7b3f?s=96&d=mm&r=g\",\"url\":\"https:\\\/\\\/secure.gravatar.com\\\/avatar\\\/467a11f6918c7d619c4043fc6fa2d3853053107973f05b6e9c04ea6c4e3a7b3f?s=96&d=mm&r=g\",\"contentUrl\":\"https:\\\/\\\/secure.gravatar.com\\\/avatar\\\/467a11f6918c7d619c4043fc6fa2d3853053107973f05b6e9c04ea6c4e3a7b3f?s=96&d=mm&r=g\",\"caption\":\"Javier Zamora\"},\"url\":\"https:\\\/\\\/radiolitoral.com\\\/ca\\\/author\\\/javier-zamora\\\/\"}]}<\/script>\n<!-- \/ Yoast SEO plugin. -->","yoast_head_json":{"title":"Juan Benavente va presentar un projecte ambici\u00f3s per al CD D\u00e9nia | R\u00e0dio Litoral","description":"Els objectius per al futur passen per amortitzar el deute, recuperar massa social i convertir el club el 2026 en SAD Els objectius per al futur passen per amortitzar el deute, recuperar massa social i convertir el club el 2026 en SAD","robots":{"index":"index","follow":"follow","max-snippet":"max-snippet:-1","max-image-preview":"max-image-preview:large","max-video-preview":"max-video-preview:-1"},"canonical":"https:\/\/radiolitoral.com\/ca\/2024\/05\/juan-benavente-presento-un-projecte-ambicios-per-al-cd-denia\/","og_locale":"ca_ES","og_type":"article","og_title":"Juan Benavente present\u00f3 un proyecto ambicioso para el CD D\u00e9nia | R\u00e0dio Litoral","og_description":"Los objetivos para el futuro pasan por amortizar la deuda, recuperar masa social y convertir el club en el 2026 en SAD Los objetivos para el futuro pasan por amortizar la deuda, recuperar masa social y convertir el club en el 2026 en SAD","og_url":"https:\/\/radiolitoral.com\/ca\/2024\/05\/juan-benavente-presento-un-projecte-ambicios-per-al-cd-denia\/","og_site_name":"R\u00e0dio Litoral","article_publisher":"https:\/\/www.facebook.com\/Laradiolitoral\/","article_published_time":"2024-05-09T08:03:14+00:00","og_image":[{"width":1600,"height":1197,"url":"https:\/\/media.radiolitoral.com\/wp-content\/uploads\/2024\/05\/09095748\/Lledo-con-Benavente-y-Alvaro-Paya.jpg","type":"image\/jpeg"}],"author":"Javier Zamora","twitter_card":"summary_large_image","twitter_misc":{"Escrit per":"Javier Zamora","Temps estimat de lectura":"3 minuts"},"schema":{"@context":"https:\/\/schema.org","@graph":[{"@type":"NewsArticle","@id":"https:\/\/radiolitoral.com\/2024\/05\/juan-benavente-presento-un-proyecto-ambicioso-para-el-cd-denia\/#article","isPartOf":{"@id":"https:\/\/radiolitoral.com\/2024\/05\/juan-benavente-presento-un-proyecto-ambicioso-para-el-cd-denia\/"},"author":{"name":"Javier Zamora","@id":"https:\/\/radiolitoral.com\/#\/schema\/person\/7b1480b5caeb5acdd4ec6379caf62b22"},"headline":"Juan Benavente present\u00f3 un proyecto ambicioso para el CD D\u00e9nia","datePublished":"2024-05-09T08:03:14+00:00","mainEntityOfPage":{"@id":"https:\/\/radiolitoral.com\/2024\/05\/juan-benavente-presento-un-proyecto-ambicioso-para-el-cd-denia\/"},"wordCount":492,"commentCount":0,"publisher":{"@id":"https:\/\/radiolitoral.com\/#organization"},"image":{"@id":"https:\/\/radiolitoral.com\/2024\/05\/juan-benavente-presento-un-proyecto-ambicioso-para-el-cd-denia\/#primaryimage"},"thumbnailUrl":"https:\/\/media.radiolitoral.com\/wp-content\/uploads\/2024\/05\/09095748\/Lledo-con-Benavente-y-Alvaro-Paya.jpg","keywords":["\u00c1lvaro Pay\u00e1","campo Diego Mena","campo El Rodat","CD D\u00e9nia","deportes","Juan Benavente"],"articleSection":["Deportes"],"inLanguage":"ca","potentialAction":[{"@type":"CommentAction","name":"Comment","target":["https:\/\/radiolitoral.com\/2024\/05\/juan-benavente-presento-un-proyecto-ambicioso-para-el-cd-denia\/#respond"]}]},{"@type":["WebPage","ItemPage"],"@id":"https:\/\/radiolitoral.com\/2024\/05\/juan-benavente-presento-un-proyecto-ambicioso-para-el-cd-denia\/","url":"https:\/\/radiolitoral.com\/2024\/05\/juan-benavente-presento-un-proyecto-ambicioso-para-el-cd-denia\/","name":"Juan Benavente va presentar un projecte ambici\u00f3s per al CD D\u00e9nia | R\u00e0dio Litoral","isPartOf":{"@id":"https:\/\/radiolitoral.com\/#website"},"primaryImageOfPage":{"@id":"https:\/\/radiolitoral.com\/2024\/05\/juan-benavente-presento-un-proyecto-ambicioso-para-el-cd-denia\/#primaryimage"},"image":{"@id":"https:\/\/radiolitoral.com\/2024\/05\/juan-benavente-presento-un-proyecto-ambicioso-para-el-cd-denia\/#primaryimage"},"thumbnailUrl":"https:\/\/media.radiolitoral.com\/wp-content\/uploads\/2024\/05\/09095748\/Lledo-con-Benavente-y-Alvaro-Paya.jpg","datePublished":"2024-05-09T08:03:14+00:00","description":"Els objectius per al futur passen per amortitzar el deute, recuperar massa social i convertir el club el 2026 en SAD Els objectius per al futur passen per amortitzar el deute, recuperar massa social i convertir el club el 2026 en SAD","breadcrumb":{"@id":"https:\/\/radiolitoral.com\/2024\/05\/juan-benavente-presento-un-proyecto-ambicioso-para-el-cd-denia\/#breadcrumb"},"inLanguage":"ca","potentialAction":[{"@type":"ReadAction","target":["https:\/\/radiolitoral.com\/2024\/05\/juan-benavente-presento-un-proyecto-ambicioso-para-el-cd-denia\/"]}]},{"@type":"ImageObject","inLanguage":"ca","@id":"https:\/\/radiolitoral.com\/2024\/05\/juan-benavente-presento-un-proyecto-ambicioso-para-el-cd-denia\/#primaryimage","url":"https:\/\/media.radiolitoral.com\/wp-content\/uploads\/2024\/05\/09095748\/Lledo-con-Benavente-y-Alvaro-Paya.jpg","contentUrl":"https:\/\/media.radiolitoral.com\/wp-content\/uploads\/2024\/05\/09095748\/Lledo-con-Benavente-y-Alvaro-Paya.jpg","width":1600,"height":1197},{"@type":"BreadcrumbList","@id":"https:\/\/radiolitoral.com\/2024\/05\/juan-benavente-presento-un-proyecto-ambicioso-para-el-cd-denia\/#breadcrumb","itemListElement":[{"@type":"ListItem","position":1,"name":"Portada","item":"https:\/\/radiolitoral.com\/"},{"@type":"ListItem","position":2,"name":"Juan Benavente present\u00f3 un proyecto ambicioso para el CD D\u00e9nia"}]},{"@type":"WebSite","@id":"https:\/\/radiolitoral.com\/#website","url":"https:\/\/radiolitoral.com\/","name":"R\u00e0dio Litoral","description":"La r\u00e0dio local de la Marina Alta","publisher":{"@id":"https:\/\/radiolitoral.com\/#organization"},"alternateName":"Litoral FM","potentialAction":[{"@type":"SearchAction","target":{"@type":"EntryPoint","urlTemplate":"https:\/\/radiolitoral.com\/?s={search_term_string}"},"query-input":{"@type":"PropertyValueSpecification","valueRequired":true,"valueName":"search_term_string"}}],"inLanguage":"ca"},{"@type":"Organization","@id":"https:\/\/radiolitoral.com\/#organization","name":"R\u00e0dio Litoral","url":"https:\/\/radiolitoral.com\/","logo":{"@type":"ImageObject","inLanguage":"ca","@id":"https:\/\/radiolitoral.com\/#\/schema\/logo\/image\/","url":"https:\/\/media.radiolitoral.com\/wp-content\/uploads\/2023\/02\/24143238\/CL-V-RadioLitoral696.png","contentUrl":"https:\/\/media.radiolitoral.com\/wp-content\/uploads\/2023\/02\/24143238\/CL-V-RadioLitoral696.png","width":696,"height":696,"caption":"Radio Litoral"},"image":{"@id":"https:\/\/radiolitoral.com\/#\/schema\/logo\/image\/"},"sameAs":["https:\/\/www.facebook.com\/Laradiolitoral\/"]},{"@type":"Person","@id":"https:\/\/radiolitoral.com\/#\/schema\/person\/7b1480b5caeb5acdd4ec6379caf62b22","name":"Javier Zamora","image":{"@type":"ImageObject","inLanguage":"ca","@id":"https:\/\/secure.gravatar.com\/avatar\/467a11f6918c7d619c4043fc6fa2d3853053107973f05b6e9c04ea6c4e3a7b3f?s=96&d=mm&r=g","url":"https:\/\/secure.gravatar.com\/avatar\/467a11f6918c7d619c4043fc6fa2d3853053107973f05b6e9c04ea6c4e3a7b3f?s=96&d=mm&r=g","contentUrl":"https:\/\/secure.gravatar.com\/avatar\/467a11f6918c7d619c4043fc6fa2d3853053107973f05b6e9c04ea6c4e3a7b3f?s=96&d=mm&r=g","caption":"Javier Zamora"},"url":"https:\/\/radiolitoral.com\/ca\/author\/javier-zamora\/"}]}},"_links":{"self":[{"href":"https:\/\/radiolitoral.com\/ca\/wp-json\/wp\/v2\/posts\/8779","targetHints":{"allow":["GET"]}}],"collection":[{"href":"https:\/\/radiolitoral.com\/ca\/wp-json\/wp\/v2\/posts"}],"about":[{"href":"https:\/\/radiolitoral.com\/ca\/wp-json\/wp\/v2\/types\/post"}],"author":[{"embeddable":true,"href":"https:\/\/radiolitoral.com\/ca\/wp-json\/wp\/v2\/users\/12"}],"replies":[{"embeddable":true,"href":"https:\/\/radiolitoral.com\/ca\/wp-json\/wp\/v2\/comments?post=8779"}],"version-history":[{"count":1,"href":"https:\/\/radiolitoral.com\/ca\/wp-json\/wp\/v2\/posts\/8779\/revisions"}],"predecessor-version":[{"id":8783,"href":"https:\/\/radiolitoral.com\/ca\/wp-json\/wp\/v2\/posts\/8779\/revisions\/8783"}],"wp:featuredmedia":[{"embeddable":true,"href":"https:\/\/radiolitoral.com\/ca\/wp-json\/wp\/v2\/media\/8780"}],"wp:attachment":[{"href":"https:\/\/radiolitoral.com\/ca\/wp-json\/wp\/v2\/media?parent=8779"}],"wp:term":[{"taxonomy":"category","embeddable":true,"href":"https:\/\/radiolitoral.com\/ca\/wp-json\/wp\/v2\/categories?post=8779"},{"taxonomy":"post_tag","embeddable":true,"href":"https:\/\/radiolitoral.com\/ca\/wp-json\/wp\/v2\/tags?post=8779"}],"curies":[{"name":"wp","href":"https:\/\/api.w.org\/{rel}","templated":true}]}}