{"id":875,"date":"2023-02-14T11:24:00","date_gmt":"2023-02-14T10:24:00","guid":{"rendered":"https:\/\/radiolitoral.com\/?p=875"},"modified":"2023-02-14T11:24:00","modified_gmt":"2023-02-14T10:24:00","slug":"a-la-preso-un-home-que-estafo-a-una-veina-de-tellada-amb-el-conegut-estafa-de-lamor","status":"publish","type":"post","link":"https:\/\/radiolitoral.com\/ca\/2023\/02\/en-prision-un-hombre-que-estafo-a-una-vecina-de-teulada-con-el-conocido-timo-del-amor\/","title":{"rendered":"A la pres\u00f3 un home que va estafar una ve\u00efna de Teulada amb el conegut \u00abestafa de l&#039;amor\u00bb"},"content":{"rendered":"<p>Aquest 14 de febrer, dia de Sant Valent\u00ed, parlem d&#039;amor, per\u00f2 d&#039;un amor engany\u00f3s i entabanador, que amagava una <strong>estafa<\/strong>. I \u00e9s que agents de la <strong>Gu\u00e0rdia Civil d&#039;Alacant<\/strong> han detingut en el marc de l&#039;operaci\u00f3 \u00abRom\u00e0ntics\u00bb un home de 39 anys i la seva companya sentimental, de la mateixa edat, residents a Guardamar del Segura, per estafar m\u00e9s de 57.000 euros una dona de <strong>Teulada<\/strong> mitjan\u00e7ant el ciberdelicte conegut com a \u00abroman\u00e7 scam\u00bb o \u00abestafa de l&#039;amor\u00bb.<\/p>\n<p>Aquest home va entaular una relaci\u00f3 sentimental virtual, amb un perfil fals que va durar 14 mesos. Es va presentar com un policia nacional fill d&#039;una fam\u00edlia adinerada d&#039;Elx, els negocis del qual estaven passant per un mal moment. Durant la relaci\u00f3 virtual, l&#039;estafador va anar demanant a la v\u00edctima diners amb la promesa de tornar-s&#039;ho, cosa que mai va passar.<\/p>\n<p>El detingut i la seva companya van passar a disposici\u00f3 judicial a D\u00e9nia i l&#039;home ja ha ingressat a la pres\u00f3, segons confirmen fonts de la Gu\u00e0rdia Civil.<\/p>","protected":false},"excerpt":{"rendered":"<p>En este 14 de febrero, d\u00eda de San Valent\u00edn, hablamos de amor, pero de un amor enga\u00f1oso y embaucador, que escond\u00eda una estafa. Y es que agentes de la Guardia Civil de Alicante han detenido en el marco de la operaci\u00f3n \u00abRom\u00e1nticos\u00bb a un hombre de 39 a\u00f1os y a su compa\u00f1era sentimental, de la [&#8230;]<\/p>\n<p><a class=\"btn btn-secondary understrap-read-more-link\" href=\"https:\/\/radiolitoral.com\/ca\/2023\/02\/en-prision-un-hombre-que-estafo-a-una-vecina-de-teulada-con-el-conocido-timo-del-amor\/\">Continua llegint&#8230;<span class=\"screen-reader-text\"> from En prisi\u00f3n un hombre que estaf\u00f3 a una vecina de Teulada con el conocido \u00abtimo del amor\u00bb<\/span><\/a><\/p>\n","protected":false},"author":21,"featured_media":876,"comment_status":"open","ping_status":"closed","sticky":false,"template":"","format":"standard","meta":{"_acf_changed":false,"inline_featured_image":false,"footnotes":""},"categories":[8],"tags":[24,10,94,11],"class_list":["post-875","post","type-post","status-publish","format-standard","has-post-thumbnail","hentry","category-sucesos","tag-delitos","tag-detenciones","tag-estafas","tag-guardia-civil","cobertura-teulada-moraira"],"acf":[],"yoast_head":"<!-- This site is optimized with the Yoast SEO plugin v27.5 - https:\/\/yoast.com\/product\/yoast-seo-wordpress\/ -->\n<title>En prisi\u00f3n un hombre que estaf\u00f3 a una vecina de Teulada con el conocido &quot;timo del amor&quot; | R\u00e0dio Litoral<\/title>\n<meta name=\"description\" content=\"El detenido utiliz\u00f3 un perfil falso de una aplicaci\u00f3n de citas para embaucar a su victima, a la que le iba pidiendo dinero que nunca devolvi\u00f3\" \/>\n<meta name=\"robots\" content=\"index, follow, max-snippet:-1, max-image-preview:large, max-video-preview:-1\" \/>\n<link rel=\"canonical\" href=\"https:\/\/radiolitoral.com\/ca\/2023\/02\/a-la-preso-un-home-que-estafo-a-una-veina-de-tellada-amb-el-conegut-estafa-de-lamor\/\" \/>\n<meta property=\"og:locale\" content=\"ca_ES\" \/>\n<meta property=\"og:type\" content=\"article\" \/>\n<meta property=\"og:title\" content=\"En prisi\u00f3n un hombre que estaf\u00f3 a una vecina de Teulada con el conocido &quot;timo del amor&quot; | R\u00e0dio Litoral\" \/>\n<meta property=\"og:description\" content=\"El detenido utiliz\u00f3 un perfil falso de una aplicaci\u00f3n de citas para embaucar a su victima, a la que le iba pidiendo dinero que nunca devolvi\u00f3\" \/>\n<meta property=\"og:url\" content=\"https:\/\/radiolitoral.com\/ca\/2023\/02\/a-la-preso-un-home-que-estafo-a-una-veina-de-tellada-amb-el-conegut-estafa-de-lamor\/\" \/>\n<meta property=\"og:site_name\" content=\"R\u00e0dio Litoral\" \/>\n<meta property=\"article:publisher\" content=\"https:\/\/www.facebook.com\/Laradiolitoral\/\" \/>\n<meta property=\"article:published_time\" content=\"2023-02-14T10:24:00+00:00\" \/>\n<meta property=\"og:image\" content=\"https:\/\/radiolitoral.com\/wp-content\/uploads\/2023\/02\/Teulada.-detencion-op-romanticos-01.jpg\" \/>\n\t<meta property=\"og:image:width\" content=\"1920\" \/>\n\t<meta property=\"og:image:height\" content=\"1080\" \/>\n\t<meta property=\"og:image:type\" content=\"image\/jpeg\" \/>\n<meta name=\"author\" content=\"Mel Pescuezo\" \/>\n<meta name=\"twitter:card\" content=\"summary_large_image\" \/>\n<meta name=\"twitter:label1\" content=\"Escrit per\" \/>\n\t<meta name=\"twitter:data1\" content=\"Mel Pescuezo\" \/>\n\t<meta name=\"twitter:label2\" content=\"Temps estimat de lectura\" \/>\n\t<meta name=\"twitter:data2\" content=\"1 minut\" \/>\n<script type=\"application\/ld+json\" class=\"yoast-schema-graph\">{\"@context\":\"https:\\\/\\\/schema.org\",\"@graph\":[{\"@type\":\"NewsArticle\",\"@id\":\"https:\\\/\\\/radiolitoral.com\\\/2023\\\/02\\\/en-prision-un-hombre-que-estafo-a-una-vecina-de-teulada-con-el-conocido-timo-del-amor\\\/#article\",\"isPartOf\":{\"@id\":\"https:\\\/\\\/radiolitoral.com\\\/2023\\\/02\\\/en-prision-un-hombre-que-estafo-a-una-vecina-de-teulada-con-el-conocido-timo-del-amor\\\/\"},\"author\":{\"name\":\"Mel Pescuezo\",\"@id\":\"https:\\\/\\\/radiolitoral.com\\\/#\\\/schema\\\/person\\\/aad4f72efa404f85b68e832d24cac059\"},\"headline\":\"En prisi\u00f3n un hombre que estaf\u00f3 a una vecina de Teulada con el conocido \u00abtimo del amor\u00bb\",\"datePublished\":\"2023-02-14T10:24:00+00:00\",\"mainEntityOfPage\":{\"@id\":\"https:\\\/\\\/radiolitoral.com\\\/2023\\\/02\\\/en-prision-un-hombre-que-estafo-a-una-vecina-de-teulada-con-el-conocido-timo-del-amor\\\/\"},\"wordCount\":201,\"commentCount\":0,\"publisher\":{\"@id\":\"https:\\\/\\\/radiolitoral.com\\\/#organization\"},\"image\":{\"@id\":\"https:\\\/\\\/radiolitoral.com\\\/2023\\\/02\\\/en-prision-un-hombre-que-estafo-a-una-vecina-de-teulada-con-el-conocido-timo-del-amor\\\/#primaryimage\"},\"thumbnailUrl\":\"https:\\\/\\\/media.radiolitoral.com\\\/wp-content\\\/uploads\\\/2023\\\/02\\\/24143223\\\/Teulada.-detencion-op-romanticos-01.jpg\",\"keywords\":[\"Delitos\",\"Detenciones\",\"Estafas\",\"Guardia Civil\"],\"articleSection\":[\"Sucesos\"],\"inLanguage\":\"ca\",\"potentialAction\":[{\"@type\":\"CommentAction\",\"name\":\"Comment\",\"target\":[\"https:\\\/\\\/radiolitoral.com\\\/2023\\\/02\\\/en-prision-un-hombre-que-estafo-a-una-vecina-de-teulada-con-el-conocido-timo-del-amor\\\/#respond\"]}]},{\"@type\":[\"WebPage\",\"ItemPage\"],\"@id\":\"https:\\\/\\\/radiolitoral.com\\\/2023\\\/02\\\/en-prision-un-hombre-que-estafo-a-una-vecina-de-teulada-con-el-conocido-timo-del-amor\\\/\",\"url\":\"https:\\\/\\\/radiolitoral.com\\\/2023\\\/02\\\/en-prision-un-hombre-que-estafo-a-una-vecina-de-teulada-con-el-conocido-timo-del-amor\\\/\",\"name\":\"En prisi\u00f3n un hombre que estaf\u00f3 a una vecina de Teulada con el conocido \\\"timo del amor\\\" | R\u00e0dio Litoral\",\"isPartOf\":{\"@id\":\"https:\\\/\\\/radiolitoral.com\\\/#website\"},\"primaryImageOfPage\":{\"@id\":\"https:\\\/\\\/radiolitoral.com\\\/2023\\\/02\\\/en-prision-un-hombre-que-estafo-a-una-vecina-de-teulada-con-el-conocido-timo-del-amor\\\/#primaryimage\"},\"image\":{\"@id\":\"https:\\\/\\\/radiolitoral.com\\\/2023\\\/02\\\/en-prision-un-hombre-que-estafo-a-una-vecina-de-teulada-con-el-conocido-timo-del-amor\\\/#primaryimage\"},\"thumbnailUrl\":\"https:\\\/\\\/media.radiolitoral.com\\\/wp-content\\\/uploads\\\/2023\\\/02\\\/24143223\\\/Teulada.-detencion-op-romanticos-01.jpg\",\"datePublished\":\"2023-02-14T10:24:00+00:00\",\"description\":\"El detenido utiliz\u00f3 un perfil falso de una aplicaci\u00f3n de citas para embaucar a su victima, a la que le iba pidiendo dinero que nunca devolvi\u00f3\",\"breadcrumb\":{\"@id\":\"https:\\\/\\\/radiolitoral.com\\\/2023\\\/02\\\/en-prision-un-hombre-que-estafo-a-una-vecina-de-teulada-con-el-conocido-timo-del-amor\\\/#breadcrumb\"},\"inLanguage\":\"ca\",\"potentialAction\":[{\"@type\":\"ReadAction\",\"target\":[\"https:\\\/\\\/radiolitoral.com\\\/2023\\\/02\\\/en-prision-un-hombre-que-estafo-a-una-vecina-de-teulada-con-el-conocido-timo-del-amor\\\/\"]}]},{\"@type\":\"ImageObject\",\"inLanguage\":\"ca\",\"@id\":\"https:\\\/\\\/radiolitoral.com\\\/2023\\\/02\\\/en-prision-un-hombre-que-estafo-a-una-vecina-de-teulada-con-el-conocido-timo-del-amor\\\/#primaryimage\",\"url\":\"https:\\\/\\\/media.radiolitoral.com\\\/wp-content\\\/uploads\\\/2023\\\/02\\\/24143223\\\/Teulada.-detencion-op-romanticos-01.jpg\",\"contentUrl\":\"https:\\\/\\\/media.radiolitoral.com\\\/wp-content\\\/uploads\\\/2023\\\/02\\\/24143223\\\/Teulada.-detencion-op-romanticos-01.jpg\",\"width\":1920,\"height\":1080},{\"@type\":\"BreadcrumbList\",\"@id\":\"https:\\\/\\\/radiolitoral.com\\\/2023\\\/02\\\/en-prision-un-hombre-que-estafo-a-una-vecina-de-teulada-con-el-conocido-timo-del-amor\\\/#breadcrumb\",\"itemListElement\":[{\"@type\":\"ListItem\",\"position\":1,\"name\":\"Portada\",\"item\":\"https:\\\/\\\/radiolitoral.com\\\/\"},{\"@type\":\"ListItem\",\"position\":2,\"name\":\"En prisi\u00f3n un hombre que estaf\u00f3 a una vecina de Teulada con el conocido \u00abtimo del amor\u00bb\"}]},{\"@type\":\"WebSite\",\"@id\":\"https:\\\/\\\/radiolitoral.com\\\/#website\",\"url\":\"https:\\\/\\\/radiolitoral.com\\\/\",\"name\":\"Radio Litoral\",\"description\":\"La radio local de la Marina Alta\",\"publisher\":{\"@id\":\"https:\\\/\\\/radiolitoral.com\\\/#organization\"},\"alternateName\":\"Litoral FM\",\"potentialAction\":[{\"@type\":\"SearchAction\",\"target\":{\"@type\":\"EntryPoint\",\"urlTemplate\":\"https:\\\/\\\/radiolitoral.com\\\/?s={search_term_string}\"},\"query-input\":{\"@type\":\"PropertyValueSpecification\",\"valueRequired\":true,\"valueName\":\"search_term_string\"}}],\"inLanguage\":\"ca\"},{\"@type\":\"Organization\",\"@id\":\"https:\\\/\\\/radiolitoral.com\\\/#organization\",\"name\":\"Radio Litoral\",\"url\":\"https:\\\/\\\/radiolitoral.com\\\/\",\"logo\":{\"@type\":\"ImageObject\",\"inLanguage\":\"ca\",\"@id\":\"https:\\\/\\\/radiolitoral.com\\\/#\\\/schema\\\/logo\\\/image\\\/\",\"url\":\"https:\\\/\\\/media.radiolitoral.com\\\/wp-content\\\/uploads\\\/2023\\\/02\\\/24143238\\\/CL-V-RadioLitoral696.png\",\"contentUrl\":\"https:\\\/\\\/media.radiolitoral.com\\\/wp-content\\\/uploads\\\/2023\\\/02\\\/24143238\\\/CL-V-RadioLitoral696.png\",\"width\":696,\"height\":696,\"caption\":\"Radio Litoral\"},\"image\":{\"@id\":\"https:\\\/\\\/radiolitoral.com\\\/#\\\/schema\\\/logo\\\/image\\\/\"},\"sameAs\":[\"https:\\\/\\\/www.facebook.com\\\/Laradiolitoral\\\/\"]},{\"@type\":\"Person\",\"@id\":\"https:\\\/\\\/radiolitoral.com\\\/#\\\/schema\\\/person\\\/aad4f72efa404f85b68e832d24cac059\",\"name\":\"Mel Pescuezo\",\"image\":{\"@type\":\"ImageObject\",\"inLanguage\":\"ca\",\"@id\":\"https:\\\/\\\/secure.gravatar.com\\\/avatar\\\/993975ae489c70cb0dd9bfa9413a082f0bd276582dac13661af7b33f161e7eea?s=96&d=mm&r=g\",\"url\":\"https:\\\/\\\/secure.gravatar.com\\\/avatar\\\/993975ae489c70cb0dd9bfa9413a082f0bd276582dac13661af7b33f161e7eea?s=96&d=mm&r=g\",\"contentUrl\":\"https:\\\/\\\/secure.gravatar.com\\\/avatar\\\/993975ae489c70cb0dd9bfa9413a082f0bd276582dac13661af7b33f161e7eea?s=96&d=mm&r=g\",\"caption\":\"Mel Pescuezo\"},\"url\":\"https:\\\/\\\/radiolitoral.com\\\/ca\\\/author\\\/serviciospararadios\\\/\"}]}<\/script>\n<!-- \/ Yoast SEO plugin. -->","yoast_head_json":{"title":"A la pres\u00f3 un home que va estafar una ve\u00efna de Teulada amb el conegut &quot;estafa de l&#039;amor&quot; | R\u00e0dio Litoral","description":"El detingut va utilitzar un perfil fals d&#039;una aplicaci\u00f3 de cites per embaucar la seva v\u00edctima, a qui li anava demanant diners que mai no va tornar","robots":{"index":"index","follow":"follow","max-snippet":"max-snippet:-1","max-image-preview":"max-image-preview:large","max-video-preview":"max-video-preview:-1"},"canonical":"https:\/\/radiolitoral.com\/ca\/2023\/02\/a-la-preso-un-home-que-estafo-a-una-veina-de-tellada-amb-el-conegut-estafa-de-lamor\/","og_locale":"ca_ES","og_type":"article","og_title":"En prisi\u00f3n un hombre que estaf\u00f3 a una vecina de Teulada con el conocido \"timo del amor\" | R\u00e0dio Litoral","og_description":"El detenido utiliz\u00f3 un perfil falso de una aplicaci\u00f3n de citas para embaucar a su victima, a la que le iba pidiendo dinero que nunca devolvi\u00f3","og_url":"https:\/\/radiolitoral.com\/ca\/2023\/02\/a-la-preso-un-home-que-estafo-a-una-veina-de-tellada-amb-el-conegut-estafa-de-lamor\/","og_site_name":"R\u00e0dio Litoral","article_publisher":"https:\/\/www.facebook.com\/Laradiolitoral\/","article_published_time":"2023-02-14T10:24:00+00:00","og_image":[{"width":1920,"height":1080,"url":"https:\/\/radiolitoral.com\/wp-content\/uploads\/2023\/02\/Teulada.-detencion-op-romanticos-01.jpg","type":"image\/jpeg"}],"author":"Mel Pescuezo","twitter_card":"summary_large_image","twitter_misc":{"Escrit per":"Mel Pescuezo","Temps estimat de lectura":"1 minut"},"schema":{"@context":"https:\/\/schema.org","@graph":[{"@type":"NewsArticle","@id":"https:\/\/radiolitoral.com\/2023\/02\/en-prision-un-hombre-que-estafo-a-una-vecina-de-teulada-con-el-conocido-timo-del-amor\/#article","isPartOf":{"@id":"https:\/\/radiolitoral.com\/2023\/02\/en-prision-un-hombre-que-estafo-a-una-vecina-de-teulada-con-el-conocido-timo-del-amor\/"},"author":{"name":"Mel Pescuezo","@id":"https:\/\/radiolitoral.com\/#\/schema\/person\/aad4f72efa404f85b68e832d24cac059"},"headline":"En prisi\u00f3n un hombre que estaf\u00f3 a una vecina de Teulada con el conocido \u00abtimo del amor\u00bb","datePublished":"2023-02-14T10:24:00+00:00","mainEntityOfPage":{"@id":"https:\/\/radiolitoral.com\/2023\/02\/en-prision-un-hombre-que-estafo-a-una-vecina-de-teulada-con-el-conocido-timo-del-amor\/"},"wordCount":201,"commentCount":0,"publisher":{"@id":"https:\/\/radiolitoral.com\/#organization"},"image":{"@id":"https:\/\/radiolitoral.com\/2023\/02\/en-prision-un-hombre-que-estafo-a-una-vecina-de-teulada-con-el-conocido-timo-del-amor\/#primaryimage"},"thumbnailUrl":"https:\/\/media.radiolitoral.com\/wp-content\/uploads\/2023\/02\/24143223\/Teulada.-detencion-op-romanticos-01.jpg","keywords":["Delitos","Detenciones","Estafas","Guardia Civil"],"articleSection":["Sucesos"],"inLanguage":"ca","potentialAction":[{"@type":"CommentAction","name":"Comment","target":["https:\/\/radiolitoral.com\/2023\/02\/en-prision-un-hombre-que-estafo-a-una-vecina-de-teulada-con-el-conocido-timo-del-amor\/#respond"]}]},{"@type":["WebPage","ItemPage"],"@id":"https:\/\/radiolitoral.com\/2023\/02\/en-prision-un-hombre-que-estafo-a-una-vecina-de-teulada-con-el-conocido-timo-del-amor\/","url":"https:\/\/radiolitoral.com\/2023\/02\/en-prision-un-hombre-que-estafo-a-una-vecina-de-teulada-con-el-conocido-timo-del-amor\/","name":"A la pres\u00f3 un home que va estafar una ve\u00efna de Teulada amb el conegut &quot;estafa de l&#039;amor&quot; | R\u00e0dio Litoral","isPartOf":{"@id":"https:\/\/radiolitoral.com\/#website"},"primaryImageOfPage":{"@id":"https:\/\/radiolitoral.com\/2023\/02\/en-prision-un-hombre-que-estafo-a-una-vecina-de-teulada-con-el-conocido-timo-del-amor\/#primaryimage"},"image":{"@id":"https:\/\/radiolitoral.com\/2023\/02\/en-prision-un-hombre-que-estafo-a-una-vecina-de-teulada-con-el-conocido-timo-del-amor\/#primaryimage"},"thumbnailUrl":"https:\/\/media.radiolitoral.com\/wp-content\/uploads\/2023\/02\/24143223\/Teulada.-detencion-op-romanticos-01.jpg","datePublished":"2023-02-14T10:24:00+00:00","description":"El detingut va utilitzar un perfil fals d&#039;una aplicaci\u00f3 de cites per embaucar la seva v\u00edctima, a qui li anava demanant diners que mai no va tornar","breadcrumb":{"@id":"https:\/\/radiolitoral.com\/2023\/02\/en-prision-un-hombre-que-estafo-a-una-vecina-de-teulada-con-el-conocido-timo-del-amor\/#breadcrumb"},"inLanguage":"ca","potentialAction":[{"@type":"ReadAction","target":["https:\/\/radiolitoral.com\/2023\/02\/en-prision-un-hombre-que-estafo-a-una-vecina-de-teulada-con-el-conocido-timo-del-amor\/"]}]},{"@type":"ImageObject","inLanguage":"ca","@id":"https:\/\/radiolitoral.com\/2023\/02\/en-prision-un-hombre-que-estafo-a-una-vecina-de-teulada-con-el-conocido-timo-del-amor\/#primaryimage","url":"https:\/\/media.radiolitoral.com\/wp-content\/uploads\/2023\/02\/24143223\/Teulada.-detencion-op-romanticos-01.jpg","contentUrl":"https:\/\/media.radiolitoral.com\/wp-content\/uploads\/2023\/02\/24143223\/Teulada.-detencion-op-romanticos-01.jpg","width":1920,"height":1080},{"@type":"BreadcrumbList","@id":"https:\/\/radiolitoral.com\/2023\/02\/en-prision-un-hombre-que-estafo-a-una-vecina-de-teulada-con-el-conocido-timo-del-amor\/#breadcrumb","itemListElement":[{"@type":"ListItem","position":1,"name":"Portada","item":"https:\/\/radiolitoral.com\/"},{"@type":"ListItem","position":2,"name":"En prisi\u00f3n un hombre que estaf\u00f3 a una vecina de Teulada con el conocido \u00abtimo del amor\u00bb"}]},{"@type":"WebSite","@id":"https:\/\/radiolitoral.com\/#website","url":"https:\/\/radiolitoral.com\/","name":"R\u00e0dio Litoral","description":"La r\u00e0dio local de la Marina Alta","publisher":{"@id":"https:\/\/radiolitoral.com\/#organization"},"alternateName":"Litoral FM","potentialAction":[{"@type":"SearchAction","target":{"@type":"EntryPoint","urlTemplate":"https:\/\/radiolitoral.com\/?s={search_term_string}"},"query-input":{"@type":"PropertyValueSpecification","valueRequired":true,"valueName":"search_term_string"}}],"inLanguage":"ca"},{"@type":"Organization","@id":"https:\/\/radiolitoral.com\/#organization","name":"R\u00e0dio Litoral","url":"https:\/\/radiolitoral.com\/","logo":{"@type":"ImageObject","inLanguage":"ca","@id":"https:\/\/radiolitoral.com\/#\/schema\/logo\/image\/","url":"https:\/\/media.radiolitoral.com\/wp-content\/uploads\/2023\/02\/24143238\/CL-V-RadioLitoral696.png","contentUrl":"https:\/\/media.radiolitoral.com\/wp-content\/uploads\/2023\/02\/24143238\/CL-V-RadioLitoral696.png","width":696,"height":696,"caption":"Radio Litoral"},"image":{"@id":"https:\/\/radiolitoral.com\/#\/schema\/logo\/image\/"},"sameAs":["https:\/\/www.facebook.com\/Laradiolitoral\/"]},{"@type":"Person","@id":"https:\/\/radiolitoral.com\/#\/schema\/person\/aad4f72efa404f85b68e832d24cac059","name":"Mel Pescuezo","image":{"@type":"ImageObject","inLanguage":"ca","@id":"https:\/\/secure.gravatar.com\/avatar\/993975ae489c70cb0dd9bfa9413a082f0bd276582dac13661af7b33f161e7eea?s=96&d=mm&r=g","url":"https:\/\/secure.gravatar.com\/avatar\/993975ae489c70cb0dd9bfa9413a082f0bd276582dac13661af7b33f161e7eea?s=96&d=mm&r=g","contentUrl":"https:\/\/secure.gravatar.com\/avatar\/993975ae489c70cb0dd9bfa9413a082f0bd276582dac13661af7b33f161e7eea?s=96&d=mm&r=g","caption":"Mel Pescuezo"},"url":"https:\/\/radiolitoral.com\/ca\/author\/serviciospararadios\/"}]}},"_links":{"self":[{"href":"https:\/\/radiolitoral.com\/ca\/wp-json\/wp\/v2\/posts\/875","targetHints":{"allow":["GET"]}}],"collection":[{"href":"https:\/\/radiolitoral.com\/ca\/wp-json\/wp\/v2\/posts"}],"about":[{"href":"https:\/\/radiolitoral.com\/ca\/wp-json\/wp\/v2\/types\/post"}],"author":[{"embeddable":true,"href":"https:\/\/radiolitoral.com\/ca\/wp-json\/wp\/v2\/users\/21"}],"replies":[{"embeddable":true,"href":"https:\/\/radiolitoral.com\/ca\/wp-json\/wp\/v2\/comments?post=875"}],"version-history":[{"count":2,"href":"https:\/\/radiolitoral.com\/ca\/wp-json\/wp\/v2\/posts\/875\/revisions"}],"predecessor-version":[{"id":878,"href":"https:\/\/radiolitoral.com\/ca\/wp-json\/wp\/v2\/posts\/875\/revisions\/878"}],"wp:featuredmedia":[{"embeddable":true,"href":"https:\/\/radiolitoral.com\/ca\/wp-json\/wp\/v2\/media\/876"}],"wp:attachment":[{"href":"https:\/\/radiolitoral.com\/ca\/wp-json\/wp\/v2\/media?parent=875"}],"wp:term":[{"taxonomy":"category","embeddable":true,"href":"https:\/\/radiolitoral.com\/ca\/wp-json\/wp\/v2\/categories?post=875"},{"taxonomy":"post_tag","embeddable":true,"href":"https:\/\/radiolitoral.com\/ca\/wp-json\/wp\/v2\/tags?post=875"}],"curies":[{"name":"wp","href":"https:\/\/api.w.org\/{rel}","templated":true}]}}