{"id":8749,"date":"2024-05-08T08:35:32","date_gmt":"2024-05-08T06:35:32","guid":{"rendered":"https:\/\/radiolitoral.com\/?p=8749"},"modified":"2024-05-08T08:35:32","modified_gmt":"2024-05-08T06:35:32","slug":"16-banderes-blaves-per-a-les-platges-i-6-mes-per-a-ports-i-clubs-nautics-a-la-marina-alta","status":"publish","type":"post","link":"https:\/\/radiolitoral.com\/ca\/2024\/05\/16-banderas-azules-para-las-playas-y-6-mas-para-puertos-y-clubes-nauticos-en-la-marina-alta\/","title":{"rendered":"16 banderes blaves per a les platges i 6 m\u00e9s per a ports i clubs n\u00e0utics a la Marina Alta"},"content":{"rendered":"<p><strong>D\u00e9nia recupera la bandera blava per a la platja de les Deveses, mentre Teulada-Moraira perd la de l&#039;Ampolla, i X\u00e0bia segueix sense la de l&#039;Arenal<\/strong>. Aquest \u00e9s el resum del lliurament d\u201faquests distintius per a aquest 2024 per part de l\u201fAssociaci\u00f3 d\u201fEducaci\u00f3 Ambiental i del Consumidor, Adeac.<\/p>\n<p>Per municipis, la <strong>capital de la Marina Alta<\/strong> aconsegueix <strong>vuit banderes<\/strong>. Recupera, despr\u00e9s de la finalitzaci\u00f3 de les obres de regeneraci\u00f3, la de Les Deveses, mantenint les altres que ja tenia: Les Bovetes, Les Marines, Marineta Cassiana, Molins i Punta del Raset. A m\u00e9s de les del Reial Club N\u00e0utic i port esportiu i tur\u00edstic Marina D\u00e9nia.<\/p>\n<p><strong>Calp<\/strong> reedita els seus <strong>quatre banderes blaves;<\/strong> tres per a les platges de Cantal Roig, La Fossa i Arenal-Bol; i la del seu Reial Club N\u00e0utic.<\/p>\n<p><strong>X\u00e0bia<\/strong> aconsegueix <strong>tres<\/strong>, ja que, per segon any consecutiu, no t\u00e9 la de l&#039;Arenal, perqu\u00e8 \u00abdespr\u00e9s de l&#039;arranjament de l&#039;emissari, i aquesta no \u00e9s l&#039;obra definitiva\u00bb, el jurat de Bandera Blava 2024 ha decidit esperar convocat\u00f2ries seg\u00fcents. S\u00ed onejaran a les platges de la Granadella i la Grava; i al Club N\u00e0utic.<\/p>\n<p>Tamb\u00e9 tres distintius s&#039;hissaran als pals al litoral de <strong>Teulada-Moraira<\/strong>; ja que perd la de la platja de l&#039;Ampolla. Mant\u00e9 les del Portet i les Platgetes; i el seu Club N\u00e0utic. Per cert, Adeac en realitza una <strong>menci\u00f3 especial al vostre servei de socorrisme.<\/strong><\/p>\n<p><strong>Benissa<\/strong> <strong>revalida<\/strong> les que ja tenia d&#039;altres edicions anteriors, per a les cales Baladrar i Fustera, i Club N\u00e0utic Les Bassetes.<\/p>\n<p>I <strong>El Poble Nou de Benitatxell<\/strong> mant\u00e9 el distintiu de la Cala del Moraig.<\/p>\n<p>La bandera blava \u00e9s un <strong>distintiu internacional i un sistema de certificaci\u00f3 de qualitat ambiental<\/strong> que s&#039;atorga anualment, per l&#039;Associaci\u00f3 d&#039;Educaci\u00f3 Ambiental i Consumidor, Adeac, secci\u00f3 espanyola de la Federaci\u00f3 Europea d&#039;Educaci\u00f3 Ambiental.<\/p>\n<p>Els criteris per obtenir bandera blava es basen en la <strong>qualitat de les aig\u00fces de bany<\/strong><strong>; <\/strong><strong>informaci\u00f3 i educaci\u00f3 ambiental;<\/strong> <strong>gesti\u00f3 ambiental i seguretat<\/strong> i, finalment, <strong>serveis i instal\u00b7lacions<\/strong>.<\/p>\n<p>&nbsp;<\/p>\n<p>&nbsp;<\/p>","protected":false},"excerpt":{"rendered":"<p>D\u00e9nia recupera la bandera azul para la playa de Les Deveses, mientras Teulada-Moraira pierde la de l&#8217;Ampolla, y X\u00e0bia sigue sin la del Arenal. Este es el resumen de la entrega de estos distintivos para este 2024 por parte de la Asociaci\u00f3n de Educaci\u00f3n Ambiental y del Consumidor, Adeac. Por municipios, la capital de la [&#8230;]<\/p>\n<p><a class=\"btn btn-secondary understrap-read-more-link\" href=\"https:\/\/radiolitoral.com\/ca\/2024\/05\/16-banderas-azules-para-las-playas-y-6-mas-para-puertos-y-clubes-nauticos-en-la-marina-alta\/\">Continua llegint&#8230;<span class=\"screen-reader-text\"> from 16 banderas azules para las playas y 6 m\u00e1s para puertos y clubes n\u00e1uticos en la Marina Alta<\/span><\/a><\/p>\n","protected":false},"author":13,"featured_media":8750,"comment_status":"open","ping_status":"closed","sticky":false,"template":"","format":"standard","meta":{"_acf_changed":false,"inline_featured_image":false,"footnotes":""},"categories":[857],"tags":[665,1320,314,1158,1319],"class_list":["post-8749","post","type-post","status-publish","format-standard","has-post-thumbnail","hentry","category-playas","tag-banderas-azules","tag-clubes-nauticos","tag-marina-alta","tag-playas","tag-puertos","cobertura-marina-alta"],"acf":[],"yoast_head":"<!-- This site is optimized with the Yoast SEO plugin v27.5 - https:\/\/yoast.com\/product\/yoast-seo-wordpress\/ -->\n<title>16 banderas azules para las playas y 6 m\u00e1s para puertos y clubes n\u00e1uticos en la Marina Alta | R\u00e0dio Litoral<\/title>\n<meta name=\"description\" content=\"Teulada pierde el distintivo de la playa de l&#039;Ampolla, pero su servicio de socorrismo recibe una menci\u00f3n especial de la ADEAC Teulada pierde el distintivo de la playa de l&#039;Ampolla, pero su servicio de socorrismo recibe una menci\u00f3n especial de la ADEAC\" \/>\n<meta name=\"robots\" content=\"index, follow, max-snippet:-1, max-image-preview:large, max-video-preview:-1\" \/>\n<link rel=\"canonical\" href=\"https:\/\/radiolitoral.com\/ca\/2024\/05\/16-banderes-blaves-per-a-les-platges-i-6-mes-per-a-ports-i-clubs-nautics-a-la-marina-alta\/\" \/>\n<meta property=\"og:locale\" content=\"ca_ES\" \/>\n<meta property=\"og:type\" content=\"article\" \/>\n<meta property=\"og:title\" content=\"16 banderas azules para las playas y 6 m\u00e1s para puertos y clubes n\u00e1uticos en la Marina Alta | R\u00e0dio Litoral\" \/>\n<meta property=\"og:description\" content=\"Teulada pierde el distintivo de la playa de l&#039;Ampolla, pero su servicio de socorrismo recibe una menci\u00f3n especial de la ADEAC Teulada pierde el distintivo de la playa de l&#039;Ampolla, pero su servicio de socorrismo recibe una menci\u00f3n especial de la ADEAC\" \/>\n<meta property=\"og:url\" content=\"https:\/\/radiolitoral.com\/ca\/2024\/05\/16-banderes-blaves-per-a-les-platges-i-6-mes-per-a-ports-i-clubs-nautics-a-la-marina-alta\/\" \/>\n<meta property=\"og:site_name\" content=\"R\u00e0dio Litoral\" \/>\n<meta property=\"article:publisher\" content=\"https:\/\/www.facebook.com\/Laradiolitoral\/\" \/>\n<meta property=\"article:published_time\" content=\"2024-05-08T06:35:32+00:00\" \/>\n<meta property=\"og:image\" content=\"https:\/\/media.radiolitoral.com\/wp-content\/uploads\/2024\/05\/08082322\/Estado-playas-Denia-puente-mayo-2024-2-scaled.jpg\" \/>\n\t<meta property=\"og:image:width\" content=\"2560\" \/>\n\t<meta property=\"og:image:height\" content=\"1709\" \/>\n\t<meta property=\"og:image:type\" content=\"image\/jpeg\" \/>\n<meta name=\"author\" content=\"Redacci\u00f3n\" \/>\n<meta name=\"twitter:card\" content=\"summary_large_image\" \/>\n<meta name=\"twitter:label1\" content=\"Escrit per\" \/>\n\t<meta name=\"twitter:data1\" content=\"Redacci\u00f3n\" \/>\n\t<meta name=\"twitter:label2\" content=\"Temps estimat de lectura\" \/>\n\t<meta name=\"twitter:data2\" content=\"2 minuts\" \/>\n<script type=\"application\/ld+json\" class=\"yoast-schema-graph\">{\"@context\":\"https:\\\/\\\/schema.org\",\"@graph\":[{\"@type\":\"NewsArticle\",\"@id\":\"https:\\\/\\\/radiolitoral.com\\\/2024\\\/05\\\/16-banderas-azules-para-las-playas-y-6-mas-para-puertos-y-clubes-nauticos-en-la-marina-alta\\\/#article\",\"isPartOf\":{\"@id\":\"https:\\\/\\\/radiolitoral.com\\\/2024\\\/05\\\/16-banderas-azules-para-las-playas-y-6-mas-para-puertos-y-clubes-nauticos-en-la-marina-alta\\\/\"},\"author\":{\"name\":\"Redacci\u00f3n\",\"@id\":\"https:\\\/\\\/radiolitoral.com\\\/#\\\/schema\\\/person\\\/f2b2343c49b5d721857cc1002bfdb151\"},\"headline\":\"16 banderas azules para las playas y 6 m\u00e1s para puertos y clubes n\u00e1uticos en la Marina Alta\",\"datePublished\":\"2024-05-08T06:35:32+00:00\",\"mainEntityOfPage\":{\"@id\":\"https:\\\/\\\/radiolitoral.com\\\/2024\\\/05\\\/16-banderas-azules-para-las-playas-y-6-mas-para-puertos-y-clubes-nauticos-en-la-marina-alta\\\/\"},\"wordCount\":385,\"commentCount\":0,\"publisher\":{\"@id\":\"https:\\\/\\\/radiolitoral.com\\\/#organization\"},\"image\":{\"@id\":\"https:\\\/\\\/radiolitoral.com\\\/2024\\\/05\\\/16-banderas-azules-para-las-playas-y-6-mas-para-puertos-y-clubes-nauticos-en-la-marina-alta\\\/#primaryimage\"},\"thumbnailUrl\":\"https:\\\/\\\/media.radiolitoral.com\\\/wp-content\\\/uploads\\\/2024\\\/05\\\/08082322\\\/Estado-playas-Denia-puente-mayo-2024-2-scaled.jpg\",\"keywords\":[\"Banderas Azules\",\"clubes n\u00e1uticos\",\"Marina Alta\",\"Playas\",\"puertos\"],\"articleSection\":[\"Playas\"],\"inLanguage\":\"ca\",\"potentialAction\":[{\"@type\":\"CommentAction\",\"name\":\"Comment\",\"target\":[\"https:\\\/\\\/radiolitoral.com\\\/2024\\\/05\\\/16-banderas-azules-para-las-playas-y-6-mas-para-puertos-y-clubes-nauticos-en-la-marina-alta\\\/#respond\"]}]},{\"@type\":[\"WebPage\",\"ItemPage\"],\"@id\":\"https:\\\/\\\/radiolitoral.com\\\/2024\\\/05\\\/16-banderas-azules-para-las-playas-y-6-mas-para-puertos-y-clubes-nauticos-en-la-marina-alta\\\/\",\"url\":\"https:\\\/\\\/radiolitoral.com\\\/2024\\\/05\\\/16-banderas-azules-para-las-playas-y-6-mas-para-puertos-y-clubes-nauticos-en-la-marina-alta\\\/\",\"name\":\"16 banderas azules para las playas y 6 m\u00e1s para puertos y clubes n\u00e1uticos en la Marina Alta | R\u00e0dio Litoral\",\"isPartOf\":{\"@id\":\"https:\\\/\\\/radiolitoral.com\\\/#website\"},\"primaryImageOfPage\":{\"@id\":\"https:\\\/\\\/radiolitoral.com\\\/2024\\\/05\\\/16-banderas-azules-para-las-playas-y-6-mas-para-puertos-y-clubes-nauticos-en-la-marina-alta\\\/#primaryimage\"},\"image\":{\"@id\":\"https:\\\/\\\/radiolitoral.com\\\/2024\\\/05\\\/16-banderas-azules-para-las-playas-y-6-mas-para-puertos-y-clubes-nauticos-en-la-marina-alta\\\/#primaryimage\"},\"thumbnailUrl\":\"https:\\\/\\\/media.radiolitoral.com\\\/wp-content\\\/uploads\\\/2024\\\/05\\\/08082322\\\/Estado-playas-Denia-puente-mayo-2024-2-scaled.jpg\",\"datePublished\":\"2024-05-08T06:35:32+00:00\",\"description\":\"Teulada pierde el distintivo de la playa de l'Ampolla, pero su servicio de socorrismo recibe una menci\u00f3n especial de la ADEAC Teulada pierde el distintivo de la playa de l'Ampolla, pero su servicio de socorrismo recibe una menci\u00f3n especial de la ADEAC\",\"breadcrumb\":{\"@id\":\"https:\\\/\\\/radiolitoral.com\\\/2024\\\/05\\\/16-banderas-azules-para-las-playas-y-6-mas-para-puertos-y-clubes-nauticos-en-la-marina-alta\\\/#breadcrumb\"},\"inLanguage\":\"ca\",\"potentialAction\":[{\"@type\":\"ReadAction\",\"target\":[\"https:\\\/\\\/radiolitoral.com\\\/2024\\\/05\\\/16-banderas-azules-para-las-playas-y-6-mas-para-puertos-y-clubes-nauticos-en-la-marina-alta\\\/\"]}]},{\"@type\":\"ImageObject\",\"inLanguage\":\"ca\",\"@id\":\"https:\\\/\\\/radiolitoral.com\\\/2024\\\/05\\\/16-banderas-azules-para-las-playas-y-6-mas-para-puertos-y-clubes-nauticos-en-la-marina-alta\\\/#primaryimage\",\"url\":\"https:\\\/\\\/media.radiolitoral.com\\\/wp-content\\\/uploads\\\/2024\\\/05\\\/08082322\\\/Estado-playas-Denia-puente-mayo-2024-2-scaled.jpg\",\"contentUrl\":\"https:\\\/\\\/media.radiolitoral.com\\\/wp-content\\\/uploads\\\/2024\\\/05\\\/08082322\\\/Estado-playas-Denia-puente-mayo-2024-2-scaled.jpg\",\"width\":2560,\"height\":1709},{\"@type\":\"BreadcrumbList\",\"@id\":\"https:\\\/\\\/radiolitoral.com\\\/2024\\\/05\\\/16-banderas-azules-para-las-playas-y-6-mas-para-puertos-y-clubes-nauticos-en-la-marina-alta\\\/#breadcrumb\",\"itemListElement\":[{\"@type\":\"ListItem\",\"position\":1,\"name\":\"Portada\",\"item\":\"https:\\\/\\\/radiolitoral.com\\\/\"},{\"@type\":\"ListItem\",\"position\":2,\"name\":\"16 banderas azules para las playas y 6 m\u00e1s para puertos y clubes n\u00e1uticos en la Marina Alta\"}]},{\"@type\":\"WebSite\",\"@id\":\"https:\\\/\\\/radiolitoral.com\\\/#website\",\"url\":\"https:\\\/\\\/radiolitoral.com\\\/\",\"name\":\"Radio Litoral\",\"description\":\"La radio local de la Marina Alta\",\"publisher\":{\"@id\":\"https:\\\/\\\/radiolitoral.com\\\/#organization\"},\"alternateName\":\"Litoral FM\",\"potentialAction\":[{\"@type\":\"SearchAction\",\"target\":{\"@type\":\"EntryPoint\",\"urlTemplate\":\"https:\\\/\\\/radiolitoral.com\\\/?s={search_term_string}\"},\"query-input\":{\"@type\":\"PropertyValueSpecification\",\"valueRequired\":true,\"valueName\":\"search_term_string\"}}],\"inLanguage\":\"ca\"},{\"@type\":\"Organization\",\"@id\":\"https:\\\/\\\/radiolitoral.com\\\/#organization\",\"name\":\"Radio Litoral\",\"url\":\"https:\\\/\\\/radiolitoral.com\\\/\",\"logo\":{\"@type\":\"ImageObject\",\"inLanguage\":\"ca\",\"@id\":\"https:\\\/\\\/radiolitoral.com\\\/#\\\/schema\\\/logo\\\/image\\\/\",\"url\":\"https:\\\/\\\/media.radiolitoral.com\\\/wp-content\\\/uploads\\\/2023\\\/02\\\/24143238\\\/CL-V-RadioLitoral696.png\",\"contentUrl\":\"https:\\\/\\\/media.radiolitoral.com\\\/wp-content\\\/uploads\\\/2023\\\/02\\\/24143238\\\/CL-V-RadioLitoral696.png\",\"width\":696,\"height\":696,\"caption\":\"Radio Litoral\"},\"image\":{\"@id\":\"https:\\\/\\\/radiolitoral.com\\\/#\\\/schema\\\/logo\\\/image\\\/\"},\"sameAs\":[\"https:\\\/\\\/www.facebook.com\\\/Laradiolitoral\\\/\"]},{\"@type\":\"Person\",\"@id\":\"https:\\\/\\\/radiolitoral.com\\\/#\\\/schema\\\/person\\\/f2b2343c49b5d721857cc1002bfdb151\",\"name\":\"Redacci\u00f3n\",\"image\":{\"@type\":\"ImageObject\",\"inLanguage\":\"ca\",\"@id\":\"https:\\\/\\\/secure.gravatar.com\\\/avatar\\\/f771d896c203ad8b3382d7905cfcce5a5c9b008b84b3cd9114e9b9f4cb63f789?s=96&d=mm&r=g\",\"url\":\"https:\\\/\\\/secure.gravatar.com\\\/avatar\\\/f771d896c203ad8b3382d7905cfcce5a5c9b008b84b3cd9114e9b9f4cb63f789?s=96&d=mm&r=g\",\"contentUrl\":\"https:\\\/\\\/secure.gravatar.com\\\/avatar\\\/f771d896c203ad8b3382d7905cfcce5a5c9b008b84b3cd9114e9b9f4cb63f789?s=96&d=mm&r=g\",\"caption\":\"Redacci\u00f3n\"},\"url\":\"https:\\\/\\\/radiolitoral.com\\\/ca\\\/author\\\/miriam-pagan\\\/\"}]}<\/script>\n<!-- \/ Yoast SEO plugin. -->","yoast_head_json":{"title":"16 banderes blaves per a les platges i 6 m\u00e9s per a ports i clubs n\u00e0utics a la Marina Alta | R\u00e0dio Litoral","description":"Teulada perd el distintiu de la platja de l&#039;Ampolla, per\u00f2 el seu servei de socorrisme rep una menci\u00f3 especial de l&#039;ADEAC Teulada perd el distintiu de la platja de l&#039;Ampolla, per\u00f2 el servei de socorrisme rep una menci\u00f3 especial de l&#039;ADEAC","robots":{"index":"index","follow":"follow","max-snippet":"max-snippet:-1","max-image-preview":"max-image-preview:large","max-video-preview":"max-video-preview:-1"},"canonical":"https:\/\/radiolitoral.com\/ca\/2024\/05\/16-banderes-blaves-per-a-les-platges-i-6-mes-per-a-ports-i-clubs-nautics-a-la-marina-alta\/","og_locale":"ca_ES","og_type":"article","og_title":"16 banderas azules para las playas y 6 m\u00e1s para puertos y clubes n\u00e1uticos en la Marina Alta | R\u00e0dio Litoral","og_description":"Teulada pierde el distintivo de la playa de l'Ampolla, pero su servicio de socorrismo recibe una menci\u00f3n especial de la ADEAC Teulada pierde el distintivo de la playa de l'Ampolla, pero su servicio de socorrismo recibe una menci\u00f3n especial de la ADEAC","og_url":"https:\/\/radiolitoral.com\/ca\/2024\/05\/16-banderes-blaves-per-a-les-platges-i-6-mes-per-a-ports-i-clubs-nautics-a-la-marina-alta\/","og_site_name":"R\u00e0dio Litoral","article_publisher":"https:\/\/www.facebook.com\/Laradiolitoral\/","article_published_time":"2024-05-08T06:35:32+00:00","og_image":[{"width":2560,"height":1709,"url":"https:\/\/media.radiolitoral.com\/wp-content\/uploads\/2024\/05\/08082322\/Estado-playas-Denia-puente-mayo-2024-2-scaled.jpg","type":"image\/jpeg"}],"author":"Redacci\u00f3n","twitter_card":"summary_large_image","twitter_misc":{"Escrit per":"Redacci\u00f3n","Temps estimat de lectura":"2 minuts"},"schema":{"@context":"https:\/\/schema.org","@graph":[{"@type":"NewsArticle","@id":"https:\/\/radiolitoral.com\/2024\/05\/16-banderas-azules-para-las-playas-y-6-mas-para-puertos-y-clubes-nauticos-en-la-marina-alta\/#article","isPartOf":{"@id":"https:\/\/radiolitoral.com\/2024\/05\/16-banderas-azules-para-las-playas-y-6-mas-para-puertos-y-clubes-nauticos-en-la-marina-alta\/"},"author":{"name":"Redacci\u00f3n","@id":"https:\/\/radiolitoral.com\/#\/schema\/person\/f2b2343c49b5d721857cc1002bfdb151"},"headline":"16 banderas azules para las playas y 6 m\u00e1s para puertos y clubes n\u00e1uticos en la Marina Alta","datePublished":"2024-05-08T06:35:32+00:00","mainEntityOfPage":{"@id":"https:\/\/radiolitoral.com\/2024\/05\/16-banderas-azules-para-las-playas-y-6-mas-para-puertos-y-clubes-nauticos-en-la-marina-alta\/"},"wordCount":385,"commentCount":0,"publisher":{"@id":"https:\/\/radiolitoral.com\/#organization"},"image":{"@id":"https:\/\/radiolitoral.com\/2024\/05\/16-banderas-azules-para-las-playas-y-6-mas-para-puertos-y-clubes-nauticos-en-la-marina-alta\/#primaryimage"},"thumbnailUrl":"https:\/\/media.radiolitoral.com\/wp-content\/uploads\/2024\/05\/08082322\/Estado-playas-Denia-puente-mayo-2024-2-scaled.jpg","keywords":["Banderas Azules","clubes n\u00e1uticos","Marina Alta","Playas","puertos"],"articleSection":["Playas"],"inLanguage":"ca","potentialAction":[{"@type":"CommentAction","name":"Comment","target":["https:\/\/radiolitoral.com\/2024\/05\/16-banderas-azules-para-las-playas-y-6-mas-para-puertos-y-clubes-nauticos-en-la-marina-alta\/#respond"]}]},{"@type":["WebPage","ItemPage"],"@id":"https:\/\/radiolitoral.com\/2024\/05\/16-banderas-azules-para-las-playas-y-6-mas-para-puertos-y-clubes-nauticos-en-la-marina-alta\/","url":"https:\/\/radiolitoral.com\/2024\/05\/16-banderas-azules-para-las-playas-y-6-mas-para-puertos-y-clubes-nauticos-en-la-marina-alta\/","name":"16 banderes blaves per a les platges i 6 m\u00e9s per a ports i clubs n\u00e0utics a la Marina Alta | R\u00e0dio Litoral","isPartOf":{"@id":"https:\/\/radiolitoral.com\/#website"},"primaryImageOfPage":{"@id":"https:\/\/radiolitoral.com\/2024\/05\/16-banderas-azules-para-las-playas-y-6-mas-para-puertos-y-clubes-nauticos-en-la-marina-alta\/#primaryimage"},"image":{"@id":"https:\/\/radiolitoral.com\/2024\/05\/16-banderas-azules-para-las-playas-y-6-mas-para-puertos-y-clubes-nauticos-en-la-marina-alta\/#primaryimage"},"thumbnailUrl":"https:\/\/media.radiolitoral.com\/wp-content\/uploads\/2024\/05\/08082322\/Estado-playas-Denia-puente-mayo-2024-2-scaled.jpg","datePublished":"2024-05-08T06:35:32+00:00","description":"Teulada perd el distintiu de la platja de l&#039;Ampolla, per\u00f2 el seu servei de socorrisme rep una menci\u00f3 especial de l&#039;ADEAC Teulada perd el distintiu de la platja de l&#039;Ampolla, per\u00f2 el servei de socorrisme rep una menci\u00f3 especial de l&#039;ADEAC","breadcrumb":{"@id":"https:\/\/radiolitoral.com\/2024\/05\/16-banderas-azules-para-las-playas-y-6-mas-para-puertos-y-clubes-nauticos-en-la-marina-alta\/#breadcrumb"},"inLanguage":"ca","potentialAction":[{"@type":"ReadAction","target":["https:\/\/radiolitoral.com\/2024\/05\/16-banderas-azules-para-las-playas-y-6-mas-para-puertos-y-clubes-nauticos-en-la-marina-alta\/"]}]},{"@type":"ImageObject","inLanguage":"ca","@id":"https:\/\/radiolitoral.com\/2024\/05\/16-banderas-azules-para-las-playas-y-6-mas-para-puertos-y-clubes-nauticos-en-la-marina-alta\/#primaryimage","url":"https:\/\/media.radiolitoral.com\/wp-content\/uploads\/2024\/05\/08082322\/Estado-playas-Denia-puente-mayo-2024-2-scaled.jpg","contentUrl":"https:\/\/media.radiolitoral.com\/wp-content\/uploads\/2024\/05\/08082322\/Estado-playas-Denia-puente-mayo-2024-2-scaled.jpg","width":2560,"height":1709},{"@type":"BreadcrumbList","@id":"https:\/\/radiolitoral.com\/2024\/05\/16-banderas-azules-para-las-playas-y-6-mas-para-puertos-y-clubes-nauticos-en-la-marina-alta\/#breadcrumb","itemListElement":[{"@type":"ListItem","position":1,"name":"Portada","item":"https:\/\/radiolitoral.com\/"},{"@type":"ListItem","position":2,"name":"16 banderas azules para las playas y 6 m\u00e1s para puertos y clubes n\u00e1uticos en la Marina Alta"}]},{"@type":"WebSite","@id":"https:\/\/radiolitoral.com\/#website","url":"https:\/\/radiolitoral.com\/","name":"R\u00e0dio Litoral","description":"La r\u00e0dio local de la Marina Alta","publisher":{"@id":"https:\/\/radiolitoral.com\/#organization"},"alternateName":"Litoral FM","potentialAction":[{"@type":"SearchAction","target":{"@type":"EntryPoint","urlTemplate":"https:\/\/radiolitoral.com\/?s={search_term_string}"},"query-input":{"@type":"PropertyValueSpecification","valueRequired":true,"valueName":"search_term_string"}}],"inLanguage":"ca"},{"@type":"Organization","@id":"https:\/\/radiolitoral.com\/#organization","name":"R\u00e0dio Litoral","url":"https:\/\/radiolitoral.com\/","logo":{"@type":"ImageObject","inLanguage":"ca","@id":"https:\/\/radiolitoral.com\/#\/schema\/logo\/image\/","url":"https:\/\/media.radiolitoral.com\/wp-content\/uploads\/2023\/02\/24143238\/CL-V-RadioLitoral696.png","contentUrl":"https:\/\/media.radiolitoral.com\/wp-content\/uploads\/2023\/02\/24143238\/CL-V-RadioLitoral696.png","width":696,"height":696,"caption":"Radio Litoral"},"image":{"@id":"https:\/\/radiolitoral.com\/#\/schema\/logo\/image\/"},"sameAs":["https:\/\/www.facebook.com\/Laradiolitoral\/"]},{"@type":"Person","@id":"https:\/\/radiolitoral.com\/#\/schema\/person\/f2b2343c49b5d721857cc1002bfdb151","name":"Redacci\u00f3","image":{"@type":"ImageObject","inLanguage":"ca","@id":"https:\/\/secure.gravatar.com\/avatar\/f771d896c203ad8b3382d7905cfcce5a5c9b008b84b3cd9114e9b9f4cb63f789?s=96&d=mm&r=g","url":"https:\/\/secure.gravatar.com\/avatar\/f771d896c203ad8b3382d7905cfcce5a5c9b008b84b3cd9114e9b9f4cb63f789?s=96&d=mm&r=g","contentUrl":"https:\/\/secure.gravatar.com\/avatar\/f771d896c203ad8b3382d7905cfcce5a5c9b008b84b3cd9114e9b9f4cb63f789?s=96&d=mm&r=g","caption":"Redacci\u00f3n"},"url":"https:\/\/radiolitoral.com\/ca\/author\/miriam-pagan\/"}]}},"_links":{"self":[{"href":"https:\/\/radiolitoral.com\/ca\/wp-json\/wp\/v2\/posts\/8749","targetHints":{"allow":["GET"]}}],"collection":[{"href":"https:\/\/radiolitoral.com\/ca\/wp-json\/wp\/v2\/posts"}],"about":[{"href":"https:\/\/radiolitoral.com\/ca\/wp-json\/wp\/v2\/types\/post"}],"author":[{"embeddable":true,"href":"https:\/\/radiolitoral.com\/ca\/wp-json\/wp\/v2\/users\/13"}],"replies":[{"embeddable":true,"href":"https:\/\/radiolitoral.com\/ca\/wp-json\/wp\/v2\/comments?post=8749"}],"version-history":[{"count":1,"href":"https:\/\/radiolitoral.com\/ca\/wp-json\/wp\/v2\/posts\/8749\/revisions"}],"predecessor-version":[{"id":8751,"href":"https:\/\/radiolitoral.com\/ca\/wp-json\/wp\/v2\/posts\/8749\/revisions\/8751"}],"wp:featuredmedia":[{"embeddable":true,"href":"https:\/\/radiolitoral.com\/ca\/wp-json\/wp\/v2\/media\/8750"}],"wp:attachment":[{"href":"https:\/\/radiolitoral.com\/ca\/wp-json\/wp\/v2\/media?parent=8749"}],"wp:term":[{"taxonomy":"category","embeddable":true,"href":"https:\/\/radiolitoral.com\/ca\/wp-json\/wp\/v2\/categories?post=8749"},{"taxonomy":"post_tag","embeddable":true,"href":"https:\/\/radiolitoral.com\/ca\/wp-json\/wp\/v2\/tags?post=8749"}],"curies":[{"name":"wp","href":"https:\/\/api.w.org\/{rel}","templated":true}]}}