{"id":8742,"date":"2024-05-07T18:49:15","date_gmt":"2024-05-07T16:49:15","guid":{"rendered":"https:\/\/radiolitoral.com\/?p=8742"},"modified":"2024-05-07T18:49:15","modified_gmt":"2024-05-07T16:49:15","slug":"el-personal-del-dsd-es-concentra-en-demanda-de-millores-laborals-i-salarials","status":"publish","type":"post","link":"https:\/\/radiolitoral.com\/ca\/2024\/05\/el-personal-del-dsd-se-concentra-en-demanda-de-mejoras-laborales-y-salariales\/","title":{"rendered":"El personal del DSD es concentra en demanda de millores laborals i salarials"},"content":{"rendered":"<p>El malestar dels<strong> treballadors al Departament de Salut de D\u00e9nia -DSD-\u00a0<\/strong> s&#039;ha tornat a posar de manifest a la darrera de les concentracions reivindicatives convocada pels sindicats \u2013<strong>CCOO, UGT i<\/strong> <strong>la Intersindical de la Salut<\/strong>- celebrada avui a diferents centres sanitaris d&#039;atenci\u00f3 prim\u00e0ria de la Marina Alta, i tamb\u00e9 a l&#039;Hospital comarcal.<\/p>\n<p>La desitjada reversi\u00f3 feta efectiva el mes de febrer passat no ha donat soluci\u00f3 a les <strong>demandes laborals i salarials<\/strong> sol\u00b7licitades pel personal del DSD. Com ha denunciat <strong>Patricia Pelegr\u00ed, delegada sindical d&#039;UGT<\/strong>, no s&#039;han complert els compromisos que va adquirir la Conselleria de Sanitat.<\/p>\n<p>Amb aquestes mobilitzacions que es v\u00e9nen repetint des del passat mes d&#039;abril, els treballadors reclamen la jornada laboral de 35 hores setmanals, traspassar el personal laboral a estatutari, dietes del SAMU pendents, pagament de la productivitat, o l&#039;equiparaci\u00f3 de les retribucions al cas dels administratius.<\/p>\n<p>Escoltem Patricia Pelegr\u00ed:<\/p>\n<audio class=\"wp-audio-shortcode\" id=\"audio-8742-1\" preload=\"none\" style=\"width: 100%;\" controls=\"controls\"><source type=\"audio\/mpeg\" src=\"https:\/\/media.radiolitoral.com\/wp-content\/uploads\/2024\/05\/07184258\/Patricia-Pelegri-UGT.mp3?_=1\" \/><a href=\"https:\/\/media.radiolitoral.com\/wp-content\/uploads\/2024\/05\/07184258\/Patricia-Pelegri-UGT.mp3\">https:\/\/media.radiolitoral.com\/wp-content\/uploads\/2024\/05\/07184258\/Patricia-Pelegri-UGT.mp3<\/a><\/audio>","protected":false},"excerpt":{"rendered":"<p>El malestar de los trabajadores en el Departamento de Salud de D\u00e9nia -DSD-\u00a0 se ha vuelto a poner de manifiesto en la \u00faltima de las concentraciones reivindicativas convocada por los sindicatos &#8211;CC.OO, UGT y la Intersindical de la Salud&#8211; celebrada hoy en distintos centros sanitarios de atenci\u00f3n primaria de la Marina Alta, y tambi\u00e9n en [&#8230;]<\/p>\n<p><a class=\"btn btn-secondary understrap-read-more-link\" href=\"https:\/\/radiolitoral.com\/ca\/2024\/05\/el-personal-del-dsd-se-concentra-en-demanda-de-mejoras-laborales-y-salariales\/\">Continua llegint&#8230;<span class=\"screen-reader-text\"> from El personal del DSD se concentra en demanda de mejoras laborales y salariales<\/span><\/a><\/p>\n","protected":false},"author":13,"featured_media":8744,"comment_status":"open","ping_status":"closed","sticky":false,"template":"","format":"standard","meta":{"_acf_changed":false,"inline_featured_image":false,"footnotes":""},"categories":[853,380],"tags":[],"class_list":["post-8742","post","type-post","status-publish","format-standard","has-post-thumbnail","hentry","category-movilizaciones","category-sanidad","cobertura-marina-alta"],"acf":[],"yoast_head":"<!-- This site is optimized with the Yoast SEO plugin v27.5 - https:\/\/yoast.com\/product\/yoast-seo-wordpress\/ -->\n<title>El personal del DSD se concentra en demanda de mejoras laborales y salariales | R\u00e0dio Litoral<\/title>\n<meta name=\"description\" content=\"Los trabajadores denuncian que la Conselleria no ha cumplido con sus compromisos tras la reversi\u00f3n sanitaria\" \/>\n<meta name=\"robots\" content=\"index, follow, max-snippet:-1, max-image-preview:large, max-video-preview:-1\" \/>\n<link rel=\"canonical\" href=\"https:\/\/radiolitoral.com\/ca\/2024\/05\/el-personal-del-dsd-es-concentra-en-demanda-de-millores-laborals-i-salarials\/\" \/>\n<meta property=\"og:locale\" content=\"ca_ES\" \/>\n<meta property=\"og:type\" content=\"article\" \/>\n<meta property=\"og:title\" content=\"El personal del DSD se concentra en demanda de mejoras laborales y salariales | R\u00e0dio Litoral\" \/>\n<meta property=\"og:description\" content=\"Los trabajadores denuncian que la Conselleria no ha cumplido con sus compromisos tras la reversi\u00f3n sanitaria\" \/>\n<meta property=\"og:url\" content=\"https:\/\/radiolitoral.com\/ca\/2024\/05\/el-personal-del-dsd-es-concentra-en-demanda-de-millores-laborals-i-salarials\/\" \/>\n<meta property=\"og:site_name\" content=\"R\u00e0dio Litoral\" \/>\n<meta property=\"article:publisher\" content=\"https:\/\/www.facebook.com\/Laradiolitoral\/\" \/>\n<meta property=\"article:published_time\" content=\"2024-05-07T16:49:15+00:00\" \/>\n<meta property=\"og:image\" content=\"https:\/\/media.radiolitoral.com\/wp-content\/uploads\/2024\/05\/07184709\/Concentracion-Hospital-Denia-2.jpg\" \/>\n\t<meta property=\"og:image:width\" content=\"2048\" \/>\n\t<meta property=\"og:image:height\" content=\"1518\" \/>\n\t<meta property=\"og:image:type\" content=\"image\/jpeg\" \/>\n<meta name=\"author\" content=\"Redacci\u00f3n\" \/>\n<meta name=\"twitter:card\" content=\"summary_large_image\" \/>\n<meta name=\"twitter:label1\" content=\"Escrit per\" \/>\n\t<meta name=\"twitter:data1\" content=\"Redacci\u00f3n\" \/>\n\t<meta name=\"twitter:label2\" content=\"Temps estimat de lectura\" \/>\n\t<meta name=\"twitter:data2\" content=\"2 minuts\" \/>\n<script type=\"application\/ld+json\" class=\"yoast-schema-graph\">{\"@context\":\"https:\\\/\\\/schema.org\",\"@graph\":[{\"@type\":\"NewsArticle\",\"@id\":\"https:\\\/\\\/radiolitoral.com\\\/2024\\\/05\\\/el-personal-del-dsd-se-concentra-en-demanda-de-mejoras-laborales-y-salariales\\\/#article\",\"isPartOf\":{\"@id\":\"https:\\\/\\\/radiolitoral.com\\\/2024\\\/05\\\/el-personal-del-dsd-se-concentra-en-demanda-de-mejoras-laborales-y-salariales\\\/\"},\"author\":{\"name\":\"Redacci\u00f3n\",\"@id\":\"https:\\\/\\\/radiolitoral.com\\\/#\\\/schema\\\/person\\\/f2b2343c49b5d721857cc1002bfdb151\"},\"headline\":\"El personal del DSD se concentra en demanda de mejoras laborales y salariales\",\"datePublished\":\"2024-05-07T16:49:15+00:00\",\"mainEntityOfPage\":{\"@id\":\"https:\\\/\\\/radiolitoral.com\\\/2024\\\/05\\\/el-personal-del-dsd-se-concentra-en-demanda-de-mejoras-laborales-y-salariales\\\/\"},\"wordCount\":187,\"commentCount\":0,\"publisher\":{\"@id\":\"https:\\\/\\\/radiolitoral.com\\\/#organization\"},\"image\":{\"@id\":\"https:\\\/\\\/radiolitoral.com\\\/2024\\\/05\\\/el-personal-del-dsd-se-concentra-en-demanda-de-mejoras-laborales-y-salariales\\\/#primaryimage\"},\"thumbnailUrl\":\"https:\\\/\\\/media.radiolitoral.com\\\/wp-content\\\/uploads\\\/2024\\\/05\\\/07184709\\\/Concentracion-Hospital-Denia-2.jpg\",\"articleSection\":[\"Movilizaciones\",\"Sanidad\"],\"inLanguage\":\"ca\",\"potentialAction\":[{\"@type\":\"CommentAction\",\"name\":\"Comment\",\"target\":[\"https:\\\/\\\/radiolitoral.com\\\/2024\\\/05\\\/el-personal-del-dsd-se-concentra-en-demanda-de-mejoras-laborales-y-salariales\\\/#respond\"]}]},{\"@type\":[\"WebPage\",\"ItemPage\"],\"@id\":\"https:\\\/\\\/radiolitoral.com\\\/2024\\\/05\\\/el-personal-del-dsd-se-concentra-en-demanda-de-mejoras-laborales-y-salariales\\\/\",\"url\":\"https:\\\/\\\/radiolitoral.com\\\/2024\\\/05\\\/el-personal-del-dsd-se-concentra-en-demanda-de-mejoras-laborales-y-salariales\\\/\",\"name\":\"El personal del DSD se concentra en demanda de mejoras laborales y salariales | R\u00e0dio Litoral\",\"isPartOf\":{\"@id\":\"https:\\\/\\\/radiolitoral.com\\\/#website\"},\"primaryImageOfPage\":{\"@id\":\"https:\\\/\\\/radiolitoral.com\\\/2024\\\/05\\\/el-personal-del-dsd-se-concentra-en-demanda-de-mejoras-laborales-y-salariales\\\/#primaryimage\"},\"image\":{\"@id\":\"https:\\\/\\\/radiolitoral.com\\\/2024\\\/05\\\/el-personal-del-dsd-se-concentra-en-demanda-de-mejoras-laborales-y-salariales\\\/#primaryimage\"},\"thumbnailUrl\":\"https:\\\/\\\/media.radiolitoral.com\\\/wp-content\\\/uploads\\\/2024\\\/05\\\/07184709\\\/Concentracion-Hospital-Denia-2.jpg\",\"datePublished\":\"2024-05-07T16:49:15+00:00\",\"description\":\"Los trabajadores denuncian que la Conselleria no ha cumplido con sus compromisos tras la reversi\u00f3n sanitaria\",\"breadcrumb\":{\"@id\":\"https:\\\/\\\/radiolitoral.com\\\/2024\\\/05\\\/el-personal-del-dsd-se-concentra-en-demanda-de-mejoras-laborales-y-salariales\\\/#breadcrumb\"},\"inLanguage\":\"ca\",\"potentialAction\":[{\"@type\":\"ReadAction\",\"target\":[\"https:\\\/\\\/radiolitoral.com\\\/2024\\\/05\\\/el-personal-del-dsd-se-concentra-en-demanda-de-mejoras-laborales-y-salariales\\\/\"]}]},{\"@type\":\"ImageObject\",\"inLanguage\":\"ca\",\"@id\":\"https:\\\/\\\/radiolitoral.com\\\/2024\\\/05\\\/el-personal-del-dsd-se-concentra-en-demanda-de-mejoras-laborales-y-salariales\\\/#primaryimage\",\"url\":\"https:\\\/\\\/media.radiolitoral.com\\\/wp-content\\\/uploads\\\/2024\\\/05\\\/07184709\\\/Concentracion-Hospital-Denia-2.jpg\",\"contentUrl\":\"https:\\\/\\\/media.radiolitoral.com\\\/wp-content\\\/uploads\\\/2024\\\/05\\\/07184709\\\/Concentracion-Hospital-Denia-2.jpg\",\"width\":2048,\"height\":1518},{\"@type\":\"BreadcrumbList\",\"@id\":\"https:\\\/\\\/radiolitoral.com\\\/2024\\\/05\\\/el-personal-del-dsd-se-concentra-en-demanda-de-mejoras-laborales-y-salariales\\\/#breadcrumb\",\"itemListElement\":[{\"@type\":\"ListItem\",\"position\":1,\"name\":\"Portada\",\"item\":\"https:\\\/\\\/radiolitoral.com\\\/\"},{\"@type\":\"ListItem\",\"position\":2,\"name\":\"El personal del DSD se concentra en demanda de mejoras laborales y salariales\"}]},{\"@type\":\"WebSite\",\"@id\":\"https:\\\/\\\/radiolitoral.com\\\/#website\",\"url\":\"https:\\\/\\\/radiolitoral.com\\\/\",\"name\":\"Radio Litoral\",\"description\":\"La radio local de la Marina Alta\",\"publisher\":{\"@id\":\"https:\\\/\\\/radiolitoral.com\\\/#organization\"},\"alternateName\":\"Litoral FM\",\"potentialAction\":[{\"@type\":\"SearchAction\",\"target\":{\"@type\":\"EntryPoint\",\"urlTemplate\":\"https:\\\/\\\/radiolitoral.com\\\/?s={search_term_string}\"},\"query-input\":{\"@type\":\"PropertyValueSpecification\",\"valueRequired\":true,\"valueName\":\"search_term_string\"}}],\"inLanguage\":\"ca\"},{\"@type\":\"Organization\",\"@id\":\"https:\\\/\\\/radiolitoral.com\\\/#organization\",\"name\":\"Radio Litoral\",\"url\":\"https:\\\/\\\/radiolitoral.com\\\/\",\"logo\":{\"@type\":\"ImageObject\",\"inLanguage\":\"ca\",\"@id\":\"https:\\\/\\\/radiolitoral.com\\\/#\\\/schema\\\/logo\\\/image\\\/\",\"url\":\"https:\\\/\\\/media.radiolitoral.com\\\/wp-content\\\/uploads\\\/2023\\\/02\\\/24143238\\\/CL-V-RadioLitoral696.png\",\"contentUrl\":\"https:\\\/\\\/media.radiolitoral.com\\\/wp-content\\\/uploads\\\/2023\\\/02\\\/24143238\\\/CL-V-RadioLitoral696.png\",\"width\":696,\"height\":696,\"caption\":\"Radio Litoral\"},\"image\":{\"@id\":\"https:\\\/\\\/radiolitoral.com\\\/#\\\/schema\\\/logo\\\/image\\\/\"},\"sameAs\":[\"https:\\\/\\\/www.facebook.com\\\/Laradiolitoral\\\/\"]},{\"@type\":\"Person\",\"@id\":\"https:\\\/\\\/radiolitoral.com\\\/#\\\/schema\\\/person\\\/f2b2343c49b5d721857cc1002bfdb151\",\"name\":\"Redacci\u00f3n\",\"image\":{\"@type\":\"ImageObject\",\"inLanguage\":\"ca\",\"@id\":\"https:\\\/\\\/secure.gravatar.com\\\/avatar\\\/f771d896c203ad8b3382d7905cfcce5a5c9b008b84b3cd9114e9b9f4cb63f789?s=96&d=mm&r=g\",\"url\":\"https:\\\/\\\/secure.gravatar.com\\\/avatar\\\/f771d896c203ad8b3382d7905cfcce5a5c9b008b84b3cd9114e9b9f4cb63f789?s=96&d=mm&r=g\",\"contentUrl\":\"https:\\\/\\\/secure.gravatar.com\\\/avatar\\\/f771d896c203ad8b3382d7905cfcce5a5c9b008b84b3cd9114e9b9f4cb63f789?s=96&d=mm&r=g\",\"caption\":\"Redacci\u00f3n\"},\"url\":\"https:\\\/\\\/radiolitoral.com\\\/ca\\\/author\\\/miriam-pagan\\\/\"}]}<\/script>\n<!-- \/ Yoast SEO plugin. -->","yoast_head_json":{"title":"El personal del DSD es concentra en la demanda de millores laborals i salarials | R\u00e0dio Litoral","description":"Els treballadors denuncien que la Conselleria no ha complert els seus compromisos despr\u00e9s de la reversi\u00f3 sanit\u00e0ria","robots":{"index":"index","follow":"follow","max-snippet":"max-snippet:-1","max-image-preview":"max-image-preview:large","max-video-preview":"max-video-preview:-1"},"canonical":"https:\/\/radiolitoral.com\/ca\/2024\/05\/el-personal-del-dsd-es-concentra-en-demanda-de-millores-laborals-i-salarials\/","og_locale":"ca_ES","og_type":"article","og_title":"El personal del DSD se concentra en demanda de mejoras laborales y salariales | R\u00e0dio Litoral","og_description":"Los trabajadores denuncian que la Conselleria no ha cumplido con sus compromisos tras la reversi\u00f3n sanitaria","og_url":"https:\/\/radiolitoral.com\/ca\/2024\/05\/el-personal-del-dsd-es-concentra-en-demanda-de-millores-laborals-i-salarials\/","og_site_name":"R\u00e0dio Litoral","article_publisher":"https:\/\/www.facebook.com\/Laradiolitoral\/","article_published_time":"2024-05-07T16:49:15+00:00","og_image":[{"width":2048,"height":1518,"url":"https:\/\/media.radiolitoral.com\/wp-content\/uploads\/2024\/05\/07184709\/Concentracion-Hospital-Denia-2.jpg","type":"image\/jpeg"}],"author":"Redacci\u00f3n","twitter_card":"summary_large_image","twitter_misc":{"Escrit per":"Redacci\u00f3n","Temps estimat de lectura":"2 minuts"},"schema":{"@context":"https:\/\/schema.org","@graph":[{"@type":"NewsArticle","@id":"https:\/\/radiolitoral.com\/2024\/05\/el-personal-del-dsd-se-concentra-en-demanda-de-mejoras-laborales-y-salariales\/#article","isPartOf":{"@id":"https:\/\/radiolitoral.com\/2024\/05\/el-personal-del-dsd-se-concentra-en-demanda-de-mejoras-laborales-y-salariales\/"},"author":{"name":"Redacci\u00f3n","@id":"https:\/\/radiolitoral.com\/#\/schema\/person\/f2b2343c49b5d721857cc1002bfdb151"},"headline":"El personal del DSD se concentra en demanda de mejoras laborales y salariales","datePublished":"2024-05-07T16:49:15+00:00","mainEntityOfPage":{"@id":"https:\/\/radiolitoral.com\/2024\/05\/el-personal-del-dsd-se-concentra-en-demanda-de-mejoras-laborales-y-salariales\/"},"wordCount":187,"commentCount":0,"publisher":{"@id":"https:\/\/radiolitoral.com\/#organization"},"image":{"@id":"https:\/\/radiolitoral.com\/2024\/05\/el-personal-del-dsd-se-concentra-en-demanda-de-mejoras-laborales-y-salariales\/#primaryimage"},"thumbnailUrl":"https:\/\/media.radiolitoral.com\/wp-content\/uploads\/2024\/05\/07184709\/Concentracion-Hospital-Denia-2.jpg","articleSection":["Movilizaciones","Sanidad"],"inLanguage":"ca","potentialAction":[{"@type":"CommentAction","name":"Comment","target":["https:\/\/radiolitoral.com\/2024\/05\/el-personal-del-dsd-se-concentra-en-demanda-de-mejoras-laborales-y-salariales\/#respond"]}]},{"@type":["WebPage","ItemPage"],"@id":"https:\/\/radiolitoral.com\/2024\/05\/el-personal-del-dsd-se-concentra-en-demanda-de-mejoras-laborales-y-salariales\/","url":"https:\/\/radiolitoral.com\/2024\/05\/el-personal-del-dsd-se-concentra-en-demanda-de-mejoras-laborales-y-salariales\/","name":"El personal del DSD es concentra en la demanda de millores laborals i salarials | R\u00e0dio Litoral","isPartOf":{"@id":"https:\/\/radiolitoral.com\/#website"},"primaryImageOfPage":{"@id":"https:\/\/radiolitoral.com\/2024\/05\/el-personal-del-dsd-se-concentra-en-demanda-de-mejoras-laborales-y-salariales\/#primaryimage"},"image":{"@id":"https:\/\/radiolitoral.com\/2024\/05\/el-personal-del-dsd-se-concentra-en-demanda-de-mejoras-laborales-y-salariales\/#primaryimage"},"thumbnailUrl":"https:\/\/media.radiolitoral.com\/wp-content\/uploads\/2024\/05\/07184709\/Concentracion-Hospital-Denia-2.jpg","datePublished":"2024-05-07T16:49:15+00:00","description":"Els treballadors denuncien que la Conselleria no ha complert els seus compromisos despr\u00e9s de la reversi\u00f3 sanit\u00e0ria","breadcrumb":{"@id":"https:\/\/radiolitoral.com\/2024\/05\/el-personal-del-dsd-se-concentra-en-demanda-de-mejoras-laborales-y-salariales\/#breadcrumb"},"inLanguage":"ca","potentialAction":[{"@type":"ReadAction","target":["https:\/\/radiolitoral.com\/2024\/05\/el-personal-del-dsd-se-concentra-en-demanda-de-mejoras-laborales-y-salariales\/"]}]},{"@type":"ImageObject","inLanguage":"ca","@id":"https:\/\/radiolitoral.com\/2024\/05\/el-personal-del-dsd-se-concentra-en-demanda-de-mejoras-laborales-y-salariales\/#primaryimage","url":"https:\/\/media.radiolitoral.com\/wp-content\/uploads\/2024\/05\/07184709\/Concentracion-Hospital-Denia-2.jpg","contentUrl":"https:\/\/media.radiolitoral.com\/wp-content\/uploads\/2024\/05\/07184709\/Concentracion-Hospital-Denia-2.jpg","width":2048,"height":1518},{"@type":"BreadcrumbList","@id":"https:\/\/radiolitoral.com\/2024\/05\/el-personal-del-dsd-se-concentra-en-demanda-de-mejoras-laborales-y-salariales\/#breadcrumb","itemListElement":[{"@type":"ListItem","position":1,"name":"Portada","item":"https:\/\/radiolitoral.com\/"},{"@type":"ListItem","position":2,"name":"El personal del DSD se concentra en demanda de mejoras laborales y salariales"}]},{"@type":"WebSite","@id":"https:\/\/radiolitoral.com\/#website","url":"https:\/\/radiolitoral.com\/","name":"R\u00e0dio Litoral","description":"La r\u00e0dio local de la Marina Alta","publisher":{"@id":"https:\/\/radiolitoral.com\/#organization"},"alternateName":"Litoral FM","potentialAction":[{"@type":"SearchAction","target":{"@type":"EntryPoint","urlTemplate":"https:\/\/radiolitoral.com\/?s={search_term_string}"},"query-input":{"@type":"PropertyValueSpecification","valueRequired":true,"valueName":"search_term_string"}}],"inLanguage":"ca"},{"@type":"Organization","@id":"https:\/\/radiolitoral.com\/#organization","name":"R\u00e0dio Litoral","url":"https:\/\/radiolitoral.com\/","logo":{"@type":"ImageObject","inLanguage":"ca","@id":"https:\/\/radiolitoral.com\/#\/schema\/logo\/image\/","url":"https:\/\/media.radiolitoral.com\/wp-content\/uploads\/2023\/02\/24143238\/CL-V-RadioLitoral696.png","contentUrl":"https:\/\/media.radiolitoral.com\/wp-content\/uploads\/2023\/02\/24143238\/CL-V-RadioLitoral696.png","width":696,"height":696,"caption":"Radio Litoral"},"image":{"@id":"https:\/\/radiolitoral.com\/#\/schema\/logo\/image\/"},"sameAs":["https:\/\/www.facebook.com\/Laradiolitoral\/"]},{"@type":"Person","@id":"https:\/\/radiolitoral.com\/#\/schema\/person\/f2b2343c49b5d721857cc1002bfdb151","name":"Redacci\u00f3","image":{"@type":"ImageObject","inLanguage":"ca","@id":"https:\/\/secure.gravatar.com\/avatar\/f771d896c203ad8b3382d7905cfcce5a5c9b008b84b3cd9114e9b9f4cb63f789?s=96&d=mm&r=g","url":"https:\/\/secure.gravatar.com\/avatar\/f771d896c203ad8b3382d7905cfcce5a5c9b008b84b3cd9114e9b9f4cb63f789?s=96&d=mm&r=g","contentUrl":"https:\/\/secure.gravatar.com\/avatar\/f771d896c203ad8b3382d7905cfcce5a5c9b008b84b3cd9114e9b9f4cb63f789?s=96&d=mm&r=g","caption":"Redacci\u00f3n"},"url":"https:\/\/radiolitoral.com\/ca\/author\/miriam-pagan\/"}]}},"_links":{"self":[{"href":"https:\/\/radiolitoral.com\/ca\/wp-json\/wp\/v2\/posts\/8742","targetHints":{"allow":["GET"]}}],"collection":[{"href":"https:\/\/radiolitoral.com\/ca\/wp-json\/wp\/v2\/posts"}],"about":[{"href":"https:\/\/radiolitoral.com\/ca\/wp-json\/wp\/v2\/types\/post"}],"author":[{"embeddable":true,"href":"https:\/\/radiolitoral.com\/ca\/wp-json\/wp\/v2\/users\/13"}],"replies":[{"embeddable":true,"href":"https:\/\/radiolitoral.com\/ca\/wp-json\/wp\/v2\/comments?post=8742"}],"version-history":[{"count":2,"href":"https:\/\/radiolitoral.com\/ca\/wp-json\/wp\/v2\/posts\/8742\/revisions"}],"predecessor-version":[{"id":8747,"href":"https:\/\/radiolitoral.com\/ca\/wp-json\/wp\/v2\/posts\/8742\/revisions\/8747"}],"wp:featuredmedia":[{"embeddable":true,"href":"https:\/\/radiolitoral.com\/ca\/wp-json\/wp\/v2\/media\/8744"}],"wp:attachment":[{"href":"https:\/\/radiolitoral.com\/ca\/wp-json\/wp\/v2\/media?parent=8742"}],"wp:term":[{"taxonomy":"category","embeddable":true,"href":"https:\/\/radiolitoral.com\/ca\/wp-json\/wp\/v2\/categories?post=8742"},{"taxonomy":"post_tag","embeddable":true,"href":"https:\/\/radiolitoral.com\/ca\/wp-json\/wp\/v2\/tags?post=8742"}],"curies":[{"name":"wp","href":"https:\/\/api.w.org\/{rel}","templated":true}]}}